{"id":306,"count":338,"description":"Actualit\u00e9s, enqu\u00eates, interviews, histoires, curiosit\u00e9s, images, photos et vid\u00e9os de la politique du Swiss Federalism.","link":"https:\/\/swissfederalism.ch\/fr\/category\/les-magazines\/politique\/","name":"Politique","slug":"politique","taxonomy":"category","parent":209,"meta":[],"_links":{"self":[{"href":"https:\/\/swissfederalism.ch\/fr\/wp-json\/wp\/v2\/categories\/306","targetHints":{"allow":["GET"]}}],"collection":[{"href":"https:\/\/swissfederalism.ch\/fr\/wp-json\/wp\/v2\/categories"}],"about":[{"href":"https:\/\/swissfederalism.ch\/fr\/wp-json\/wp\/v2\/taxonomies\/category"}],"up":[{"embeddable":true,"href":"https:\/\/swissfederalism.ch\/fr\/wp-json\/wp\/v2\/categories\/209"}],"wp:post_type":[{"href":"https:\/\/swissfederalism.ch\/fr\/wp-json\/wp\/v2\/posts?categories=306"}],"curies":[{"name":"wp","href":"https:\/\/api.w.org\/{rel}","templated":true}]}}