{"id":294,"count":569,"description":"Actualit\u00e9s, enqu\u00eates, analyses approfondies, interviews, histoires, curiosit\u00e9s, images, photographies et vid\u00e9os de la Conf\u00e9d\u00e9ration suisse ou de la Suisse.","link":"https:\/\/swissfederalism.ch\/fr\/category\/suisse\/","name":"Suisse","slug":"suisse","taxonomy":"category","parent":0,"meta":[],"_links":{"self":[{"href":"https:\/\/swissfederalism.ch\/fr\/wp-json\/wp\/v2\/categories\/294","targetHints":{"allow":["GET"]}}],"collection":[{"href":"https:\/\/swissfederalism.ch\/fr\/wp-json\/wp\/v2\/categories"}],"about":[{"href":"https:\/\/swissfederalism.ch\/fr\/wp-json\/wp\/v2\/taxonomies\/category"}],"wp:post_type":[{"href":"https:\/\/swissfederalism.ch\/fr\/wp-json\/wp\/v2\/posts?categories=294"}],"curies":[{"name":"wp","href":"https:\/\/api.w.org\/{rel}","templated":true}]}}