{"id":95388,"date":"2021-04-23T11:58:51","date_gmt":"2021-04-23T11:58:51","guid":{"rendered":"https:\/\/swissfederalism.ch\/argovia-ginevra-e-ticino-nel-test-estero-sul-voto-per-posta\/"},"modified":"2021-05-26T13:25:34","modified_gmt":"2021-05-26T13:25:34","slug":"aargau-geneva-and-ticino-in-the-foreign-test-on-voting-by-mail","status":"publish","type":"post","link":"https:\/\/swissfederalism.ch\/en\/aargau-geneva-and-ticino-in-the-foreign-test-on-voting-by-mail\/","title":{"rendered":"Aargau, Geneva and Ticino in the foreign test on voting by mail"},"content":{"rendered":"<h1>Aargau, Geneva and Ticino in the foreign test on voting by mail<\/h1>\n<h3><em>For the June 13 ballot, the 1,600 residents of Australia, Brazil and Thailand will receive half of their ballots from their homeland and half from their diplomatic missions<\/em><\/h3>\n<p>For the popular vote on June 13, 2021, the Swiss Confederation and three cantons will conduct a survey on the delivery of voting materials and voting abroad.<br \/>\nThe survey will cover Swiss citizens living in Australia, Brazil and Thailand and exercising their right to vote in the three cantons concerned.<br \/>\nHalf of the voters affected by the survey will receive their voting material by post as usual; the other half will receive it on a trial basis through the Swiss representation in their country of residence, as is the case in Italy for example.<\/p>\n<p><a href=\"https:\/\/swissfederalism.ch\/en\/the-presidency-helvetic-confederation-from-1848-to-present-day\/\"><strong>The Presidency of the Swiss Confederation from 1848 to today<\/strong><\/a><br \/>\n<a href=\"https:\/\/swissfederalism.ch\/en\/swiss-monuments-hidden-treasure-to-be-exploited\/\"><strong>Swiss monuments? A &#8220;hidden&#8221; treasure to be enhanced&#8230;<\/strong><\/a><br \/>\n<a href=\"https:\/\/swissfederalism.ch\/en\/athenian-democracy-revive-between-glarus-appenzell\/\"><strong>Athenian democracy? Revive between Glarus and Appenzell&#8230;<\/strong><\/a><\/p>\n<figure id=\"attachment_85293\" aria-describedby=\"caption-attachment-85293\" style=\"width: 980px\" class=\"wp-caption aligncenter\"><img decoding=\"async\" class=\"wp-image-86170 size-full\" src=\"https:\/\/swissfederalism.ch\/wp-content\/uploads\/2020\/11\/651ed065b38cb41afba43c70cbbeccd3_f1740.jpg\" alt=\"Il popolo e i Cantoni svizzeri hanno il pieno controllo del loro Paese\" width=\"980\" height=\"551\" srcset=\"https:\/\/swissfederalism.ch\/wp-content\/uploads\/2020\/11\/651ed065b38cb41afba43c70cbbeccd3_f1740.jpg 980w, https:\/\/swissfederalism.ch\/wp-content\/uploads\/2020\/11\/651ed065b38cb41afba43c70cbbeccd3_f1740-300x169.jpg 300w, https:\/\/swissfederalism.ch\/wp-content\/uploads\/2020\/11\/651ed065b38cb41afba43c70cbbeccd3_f1740-768x432.jpg 768w\" sizes=\"(max-width: 980px) 100vw, 980px\" \/><figcaption id=\"caption-attachment-85293\" class=\"wp-caption-text\">The Swiss people and cantons have full control of their country<\/figcaption><\/figure>\n<h4>Acceptance of &#8220;Postulate 20.4348 Silberschmidt&#8221;<\/h4>\n<p>On March 19, 2021, the National Council accepted the &#8220;Postulate 20.4348 Silberschmidt&#8221;, which calls on the Federal Council to examine in a pilot project whether it would be possible to simplify the dispatch and delivery of voting materials to the Swiss abroad.<br \/>\nAt present, due to delays in international postal traffic, it is not always and everywhere certain that those entitled to vote abroad will receive their voting material in time to vote.<br \/>\nIn fulfillment of the postulate, on the occasion of the popular vote on June 13, 2021, the Federal Chancellery will carry out in collaboration with the Consular Directorate of the Federal Department of Foreign Affairs (FDFA) therefore a digital survey among about 1600 Swiss living in Australia, Brazil and Thailand, whose voting commune is located in the cantons of Aargau, Ticino and Geneva and who are registered in the corresponding electoral catalogs.<br \/>\nThese eligible voters will be asked when they received their voting materials and when they voted.<br \/>\nThe cantons will also note when these votes cast abroad were received in the voting commune.<br \/>\nNo indication of voting behavior will, of course, be gleaned from the survey results.<\/p>\n<figure id=\"attachment_85268\" aria-describedby=\"caption-attachment-85268\" style=\"width: 300px\" class=\"wp-caption alignnone\"><img decoding=\"async\" class=\"size-medium wp-image-85268\" src=\"https:\/\/swissfederalism.ch\/wp-content\/uploads\/2020\/11\/Flag_of_Canton_of_Aargau-300x300.png\" alt=\"Bandiera del Cantone Argovia\" width=\"300\" height=\"300\" srcset=\"https:\/\/swissfederalism.ch\/wp-content\/uploads\/2020\/11\/Flag_of_Canton_of_Aargau-300x300.png 300w, https:\/\/swissfederalism.ch\/wp-content\/uploads\/2020\/11\/Flag_of_Canton_of_Aargau-150x150.png 150w, https:\/\/swissfederalism.ch\/wp-content\/uploads\/2020\/11\/Flag_of_Canton_of_Aargau.png 472w\" sizes=\"(max-width: 300px) 100vw, 300px\" \/><figcaption id=\"caption-attachment-85268\" class=\"wp-caption-text\">Flag of Canton Aargau<\/figcaption><\/figure>\n<figure id=\"attachment_85318\" aria-describedby=\"caption-attachment-85318\" style=\"width: 300px\" class=\"wp-caption aligncenter\"><img decoding=\"async\" class=\"size-medium wp-image-85318\" src=\"https:\/\/swissfederalism.ch\/wp-content\/uploads\/2020\/11\/Flag_of_Canton_of_Geneva-300x300.png\" alt=\"Bandiera del Cantone Ginevra\" width=\"300\" height=\"300\" srcset=\"https:\/\/swissfederalism.ch\/wp-content\/uploads\/2020\/11\/Flag_of_Canton_of_Geneva-300x300.png 300w, https:\/\/swissfederalism.ch\/wp-content\/uploads\/2020\/11\/Flag_of_Canton_of_Geneva-150x150.png 150w, https:\/\/swissfederalism.ch\/wp-content\/uploads\/2020\/11\/Flag_of_Canton_of_Geneva.png 470w\" sizes=\"(max-width: 300px) 100vw, 300px\" \/><figcaption id=\"caption-attachment-85318\" class=\"wp-caption-text\">Flag of Canton Geneva<\/figcaption><\/figure>\n<figure id=\"attachment_85326\" aria-describedby=\"caption-attachment-85326\" style=\"width: 300px\" class=\"wp-caption alignright\"><img decoding=\"async\" class=\"size-medium wp-image-85326\" src=\"https:\/\/swissfederalism.ch\/wp-content\/uploads\/2020\/11\/Flag_of_Canton_of_Tessin-300x300.png\" alt=\"Bandiera del Cantone Ticino\" width=\"300\" height=\"300\" srcset=\"https:\/\/swissfederalism.ch\/wp-content\/uploads\/2020\/11\/Flag_of_Canton_of_Tessin-300x300.png 300w, https:\/\/swissfederalism.ch\/wp-content\/uploads\/2020\/11\/Flag_of_Canton_of_Tessin-150x150.png 150w, https:\/\/swissfederalism.ch\/wp-content\/uploads\/2020\/11\/Flag_of_Canton_of_Tessin.png 470w\" sizes=\"(max-width: 300px) 100vw, 300px\" \/><figcaption id=\"caption-attachment-85326\" class=\"wp-caption-text\">Flag of Canton Ticino<\/figcaption><\/figure>\n<p>&nbsp;<\/p>\n<p>&nbsp;<\/p>\n<p>&nbsp;<\/p>\n<p>&nbsp;<\/p>\n<p>&nbsp;<\/p>\n<p>&nbsp;<\/p>\n<p>&nbsp;<\/p>\n<p>&nbsp;<\/p>\n<p>&nbsp;<\/p>\n<h4>Significant changes in the current envelope logistics<\/h4>\n<p>For the survey, the current logistics for sending envelopes will be changed.<br \/>\nHalf of the voters affected by the survey will receive their voting material by post as before, i.e. by being sent abroad by Swiss Post and delivered by local postal services.<br \/>\nThe other half will receive the voting material on an experimental basis via the Swiss representations in their country of residence, i.e. by sending it to the relevant diplomatic representation by diplomatic courier and subsequent delivery by local post.<br \/>\nA comparison of the two methods of dispatch will provide information on the effectiveness and costs of the alternative dispatch.<br \/>\nAs hitherto, eligible voters will mail the voting envelope directly to their voting municipality.<br \/>\nThe process followed in this pilot project can be carried out on the basis of existing legal bases.<br \/>\nThe costs of the pilot project will be borne by the Confederation.<\/p>\n<p><a href=\"https:\/\/swissfederalism.ch\/en\/switzerland-the-fantastic-four-direct-democracy\/\"><strong>Switzerland and the &#8220;fantastic four&#8221; of direct democracy<\/strong><\/a><br \/>\n<a href=\"https:\/\/swissfederalism.ch\/en\/competitivenes-spirit-federalism\/\"><strong>The ethics of competitiveness and the spirit of federalism<\/strong><\/a><br \/>\n<a href=\"https:\/\/swissfederalism.ch\/en\/waldstaette-forest-cantons-swiss\/\"><strong>Waldst\u00e4tte and the &#8220;forest&#8221; cantons at the dawn of Swiss&#8230;<\/strong><\/a><\/p>\n<p><iframe title=\"The Swiss Confederation - a brief guide 2021 (English)\" width=\"840\" height=\"630\" src=\"https:\/\/www.youtube.com\/embed\/RMSvWSd32oM?feature=oembed&#038;width=840&#038;height=1000&#038;discover=1\" frameborder=\"0\" allow=\"accelerometer; autoplay; clipboard-write; encrypted-media; gyroscope; picture-in-picture\" allowfullscreen><\/iframe><\/p>\n<p><iframe title=\"Der Bund kurz erkl\u00e4rt 2021 (Deutsch)\" width=\"840\" height=\"630\" src=\"https:\/\/www.youtube.com\/embed\/sjwRmZZBbso?feature=oembed&#038;width=840&#038;height=1000&#038;discover=1\" frameborder=\"0\" allow=\"accelerometer; autoplay; clipboard-write; encrypted-media; gyroscope; picture-in-picture\" allowfullscreen><\/iframe><\/p>\n<p><iframe title=\"La Conf\u00e9d\u00e9ration en bref 2021 (Fran\u00e7ais)\" width=\"840\" height=\"630\" src=\"https:\/\/www.youtube.com\/embed\/6HOB754lwx4?feature=oembed&#038;width=840&#038;height=1000&#038;discover=1\" frameborder=\"0\" allow=\"accelerometer; autoplay; clipboard-write; encrypted-media; gyroscope; picture-in-picture\" allowfullscreen><\/iframe><\/p>\n<p><iframe title=\"La Confederazione in breve 2021 (Italiano)\" width=\"840\" height=\"630\" src=\"https:\/\/www.youtube.com\/embed\/XQ8_wBkvQm0?feature=oembed&#038;width=840&#038;height=1000&#038;discover=1\" frameborder=\"0\" allow=\"accelerometer; autoplay; clipboard-write; encrypted-media; gyroscope; picture-in-picture\" allowfullscreen><\/iframe><\/p>\n<p><img decoding=\"async\" class=\"wp-image-88717 size-large\" src=\"https:\/\/swissfederalism.ch\/wp-content\/uploads\/2021\/03\/Referendum-e-iniziative-al-vaglio-in-Svizzera-1024x683.jpeg\" alt=\"Referendum e iniziative al vaglio in Svizzera\" width=\"840\" height=\"560\" srcset=\"https:\/\/swissfederalism.ch\/wp-content\/uploads\/2021\/03\/Referendum-e-iniziative-al-vaglio-in-Svizzera-1024x683.jpeg 1024w, https:\/\/swissfederalism.ch\/wp-content\/uploads\/2021\/03\/Referendum-e-iniziative-al-vaglio-in-Svizzera-300x200.jpeg 300w, https:\/\/swissfederalism.ch\/wp-content\/uploads\/2021\/03\/Referendum-e-iniziative-al-vaglio-in-Svizzera-768x512.jpeg 768w, https:\/\/swissfederalism.ch\/wp-content\/uploads\/2021\/03\/Referendum-e-iniziative-al-vaglio-in-Svizzera-1536x1024.jpeg 1536w, https:\/\/swissfederalism.ch\/wp-content\/uploads\/2021\/03\/Referendum-e-iniziative-al-vaglio-in-Svizzera.jpeg 1920w\" sizes=\"(max-width: 840px) 100vw, 840px\" \/><\/p>\n<p>Referendums and initiatives under consideration in Switzerland<\/p>\n","protected":false},"excerpt":{"rendered":"<p>For the June 13 round, the 1,600 residents of Australia, Brazil and Thailand will receive half ballots from the motherland and half from diplomatic staffs<\/p>\n","protected":false},"author":2,"featured_media":88733,"comment_status":"open","ping_status":"closed","sticky":false,"template":"","format":"standard","meta":{"footnotes":""},"categories":[390,375,340,260,210,305,257],"tags":[452,398,263,784,261,666],"class_list":["post-95388","post","type-post","status-publish","format-standard","has-post-thumbnail","hentry","category-canton-aargau","category-canton-geneva","category-canton-ticino","category-highlights","category-magazine","category-politics","category-switzerland","tag-aargau-en","tag-federalism","tag-future","tag-geneva","tag-opportunities","tag-security"],"_links":{"self":[{"href":"https:\/\/swissfederalism.ch\/en\/wp-json\/wp\/v2\/posts\/95388","targetHints":{"allow":["GET"]}}],"collection":[{"href":"https:\/\/swissfederalism.ch\/en\/wp-json\/wp\/v2\/posts"}],"about":[{"href":"https:\/\/swissfederalism.ch\/en\/wp-json\/wp\/v2\/types\/post"}],"author":[{"embeddable":true,"href":"https:\/\/swissfederalism.ch\/en\/wp-json\/wp\/v2\/users\/2"}],"replies":[{"embeddable":true,"href":"https:\/\/swissfederalism.ch\/en\/wp-json\/wp\/v2\/comments?post=95388"}],"version-history":[{"count":3,"href":"https:\/\/swissfederalism.ch\/en\/wp-json\/wp\/v2\/posts\/95388\/revisions"}],"predecessor-version":[{"id":100062,"href":"https:\/\/swissfederalism.ch\/en\/wp-json\/wp\/v2\/posts\/95388\/revisions\/100062"}],"wp:featuredmedia":[{"embeddable":true,"href":"https:\/\/swissfederalism.ch\/en\/wp-json\/wp\/v2\/media\/88733"}],"wp:attachment":[{"href":"https:\/\/swissfederalism.ch\/en\/wp-json\/wp\/v2\/media?parent=95388"}],"wp:term":[{"taxonomy":"category","embeddable":true,"href":"https:\/\/swissfederalism.ch\/en\/wp-json\/wp\/v2\/categories?post=95388"},{"taxonomy":"post_tag","embeddable":true,"href":"https:\/\/swissfederalism.ch\/en\/wp-json\/wp\/v2\/tags?post=95388"}],"curies":[{"name":"wp","href":"https:\/\/api.w.org\/{rel}","templated":true}]}}