{"id":92458,"date":"2021-03-20T18:03:25","date_gmt":"2021-03-20T18:03:25","guid":{"rendered":"https:\/\/swissfederalism.ch\/due-nuovi-ufficiali-superiori-per-lesercito-della-svizzera\/"},"modified":"2021-05-25T15:13:05","modified_gmt":"2021-05-25T15:13:05","slug":"two-new-senior-officers-for-swiss-army","status":"publish","type":"post","link":"https:\/\/swissfederalism.ch\/en\/two-new-senior-officers-for-swiss-army\/","title":{"rendered":"Two new senior officers for Swiss Army"},"content":{"rendered":"<h1>Two new senior officers for Swiss Army<\/h1>\n<h3>The Federal Council has appointed Brigadiers Hugo Roux and Peter Soller to the leadership positions at the Military Academy and Counter Aircraft Training 33<\/h3>\n<p>At its meeting on March 12, 2021, the Federal Council decided on the following senior officer appointments effective July 1, 2021.<\/p>\n<figure id=\"attachment_90462\" aria-describedby=\"caption-attachment-90462\" style=\"width: 235px\" class=\"wp-caption alignleft\"><img decoding=\"async\" class=\"size-medium wp-image-90462\" src=\"https:\/\/swissfederalism.ch\/wp-content\/uploads\/2021\/03\/Il-brigadiere-Hugo-Roux-235x300.jpg\" alt=\"Il brigadiere Hugo Roux dell'esercito svizzero\" width=\"235\" height=\"300\" srcset=\"https:\/\/swissfederalism.ch\/wp-content\/uploads\/2021\/03\/Il-brigadiere-Hugo-Roux-235x300.jpg 235w, https:\/\/swissfederalism.ch\/wp-content\/uploads\/2021\/03\/Il-brigadiere-Hugo-Roux-802x1024.jpg 802w, https:\/\/swissfederalism.ch\/wp-content\/uploads\/2021\/03\/Il-brigadiere-Hugo-Roux-768x981.jpg 768w, https:\/\/swissfederalism.ch\/wp-content\/uploads\/2021\/03\/Il-brigadiere-Hugo-Roux-1202x1536.jpg 1202w, https:\/\/swissfederalism.ch\/wp-content\/uploads\/2021\/03\/Il-brigadiere-Hugo-Roux-1603x2048.jpg 1603w, https:\/\/swissfederalism.ch\/wp-content\/uploads\/2021\/03\/Il-brigadiere-Hugo-Roux-scaled.jpg 2004w\" sizes=\"(max-width: 235px) 100vw, 235px\" \/><figcaption id=\"caption-attachment-90462\" class=\"wp-caption-text\">Brigadier Hugo Roux of the Swiss Army<\/figcaption><\/figure>\n<p>Brigadier Hugo Roux, currently commander of the Anti-Aircraft Defense Training Formation 33, will become commander of the Military Academy as of July 1, 2021.<br \/>\nDuring his studies at the University of Fribourg to obtain his law degree (lic. jur.), 51-year-old Hugo Roux taught law at the vocational school in Murten.<br \/>\nIn 1996 Brigadier Hugo Roux joined the instructor corps and since then has been employed in various functions in the armed forces. From 2002 to 2003, he fulfilled an advanced training at the U.S. Air Force Command and Staff College in Maxwell.<br \/>\nOn January 1, 2017, he was appointed by the Federal Council as acting commander of Anti-Aircraft Defense Training Formation 33, and on July 1, 2017, he was confirmed as commander of Anti-Aircraft Defense Training Formation 33, with concurrent promotion to the rank of brigadier.<\/p>\n<p><a href=\"https:\/\/swissfederalism.ch\/en\/athenian-democracy-revive-between-glarus-appenzell\/\"><strong>Athenian democracy? Revive between Glarus and Appenzell&#8230;.\u00a0<\/strong><\/a><br \/>\n<a href=\"https:\/\/swissfederalism.ch\/en\/switzerland-the-fantastic-four-direct-democracy\/\"><strong>Switzerland and the &#8220;fantastic four&#8221; of direct democracy<\/strong><\/a><br \/>\n<a href=\"https:\/\/swissfederalism.ch\/en\/competitivenes-spirit-federalism\/\"><strong>The ethics of competitiveness and the spirit of federalism<\/strong><\/a><br \/>\n<a href=\"https:\/\/swissfederalism.ch\/en\/waldstaette-forest-cantons-swiss\/\"><strong>Waldst\u00e4tte and the &#8220;forest&#8221; cantons at the dawn of Swiss&#8230;<\/strong><\/a><\/p>\n<figure id=\"attachment_88623\" aria-describedby=\"caption-attachment-88623\" style=\"width: 840px\" class=\"wp-caption aligncenter\"><img decoding=\"async\" class=\"wp-image-88623 size-large\" src=\"https:\/\/swissfederalism.ch\/wp-content\/uploads\/2021\/03\/Le-attivita-di-protezione-dellesercito-svizzero-al-World-Economic-Forum-di-Davos-Grigioni-Foto-VBS-DDPS-15-1024x683.jpeg\" alt=\"Le attivit\u00e0 di protezione dell'esercito svizzero al World Economic Forum di Davos (Grigioni) (Foto (VBS-DDPS)\" width=\"840\" height=\"560\" srcset=\"https:\/\/swissfederalism.ch\/wp-content\/uploads\/2021\/03\/Le-attivita-di-protezione-dellesercito-svizzero-al-World-Economic-Forum-di-Davos-Grigioni-Foto-VBS-DDPS-15-1024x683.jpeg 1024w, https:\/\/swissfederalism.ch\/wp-content\/uploads\/2021\/03\/Le-attivita-di-protezione-dellesercito-svizzero-al-World-Economic-Forum-di-Davos-Grigioni-Foto-VBS-DDPS-15-300x200.jpeg 300w, https:\/\/swissfederalism.ch\/wp-content\/uploads\/2021\/03\/Le-attivita-di-protezione-dellesercito-svizzero-al-World-Economic-Forum-di-Davos-Grigioni-Foto-VBS-DDPS-15-768x512.jpeg 768w, https:\/\/swissfederalism.ch\/wp-content\/uploads\/2021\/03\/Le-attivita-di-protezione-dellesercito-svizzero-al-World-Economic-Forum-di-Davos-Grigioni-Foto-VBS-DDPS-15-1536x1024.jpeg 1536w, https:\/\/swissfederalism.ch\/wp-content\/uploads\/2021\/03\/Le-attivita-di-protezione-dellesercito-svizzero-al-World-Economic-Forum-di-Davos-Grigioni-Foto-VBS-DDPS-15.jpeg 1920w\" sizes=\"(max-width: 840px) 100vw, 840px\" \/><figcaption id=\"caption-attachment-88623\" class=\"wp-caption-text\">Protection activities of the Swiss Armed Forces at the World Economic Forum in Davos (Grisons) (Photo (VBS-DDPS)<\/figcaption><\/figure>\n<figure id=\"attachment_90470\" aria-describedby=\"caption-attachment-90470\" style=\"width: 217px\" class=\"wp-caption alignright\"><img decoding=\"async\" class=\"size-medium wp-image-90470\" src=\"https:\/\/swissfederalism.ch\/wp-content\/uploads\/2021\/03\/Il-brigadiere-Peter-Soller-217x300.jpg\" alt=\"Il brigadiere Peter Soller dell'esercito svizzero\" width=\"217\" height=\"300\" srcset=\"https:\/\/swissfederalism.ch\/wp-content\/uploads\/2021\/03\/Il-brigadiere-Peter-Soller-217x300.jpg 217w, https:\/\/swissfederalism.ch\/wp-content\/uploads\/2021\/03\/Il-brigadiere-Peter-Soller-739x1024.jpg 739w, https:\/\/swissfederalism.ch\/wp-content\/uploads\/2021\/03\/Il-brigadiere-Peter-Soller-768x1064.jpg 768w, https:\/\/swissfederalism.ch\/wp-content\/uploads\/2021\/03\/Il-brigadiere-Peter-Soller-1109x1536.jpg 1109w, https:\/\/swissfederalism.ch\/wp-content\/uploads\/2021\/03\/Il-brigadiere-Peter-Soller-1479x2048.jpg 1479w, https:\/\/swissfederalism.ch\/wp-content\/uploads\/2021\/03\/Il-brigadiere-Peter-Soller-scaled.jpg 1849w\" sizes=\"(max-width: 217px) 100vw, 217px\" \/><figcaption id=\"caption-attachment-90470\" class=\"wp-caption-text\">Brigadier Peter Soller of the Swiss Army<\/figcaption><\/figure>\n<p>Brigadier Peter Soller, currently commander of the Air Force Education and Training Brigade, will become commander of the Anti-Aircraft Defense Training Formation 33 as of July 1, 2021.<br \/>\nThe 54-year-old Peter Soller joined the Air Force Supervisory Squadron as a professional military pilot in 1989 and has since been employed in various functions in the armed forces.<br \/>\nIn 1997 he successfully completed his studies (lic. oec. publ.) at the Faculty of Economics of the University of Zurich. From 2000 to 2001 he completed an advanced training course at the Air Command and Staff College in Montgomery, Alabama, USA.<br \/>\nIn 2009 Peter Soller also successfully completed a Master of Advanced Studies in Security Policy and Crisis Management at the Swiss Federal Institute of Technology in Zurich. On 1 June 2010 he was appointed by the Federal Council as Chief of Staff of the Armed Forces Command, with simultaneous promotion to the rank of Brigadier.<\/p>\n<p>&nbsp;<\/p>\n<figure id=\"attachment_90466\" aria-describedby=\"caption-attachment-90466\" style=\"width: 235px\" class=\"wp-caption alignleft\"><img decoding=\"async\" class=\"size-medium wp-image-90466\" src=\"https:\/\/swissfederalism.ch\/wp-content\/uploads\/2021\/03\/Il-brigadiere-Peter-Candidus-Stocker--235x300.jpg\" alt=\"Il brigadiere Peter Stocker dell'esercito svizzero\" width=\"235\" height=\"300\" srcset=\"https:\/\/swissfederalism.ch\/wp-content\/uploads\/2021\/03\/Il-brigadiere-Peter-Candidus-Stocker--235x300.jpg 235w, https:\/\/swissfederalism.ch\/wp-content\/uploads\/2021\/03\/Il-brigadiere-Peter-Candidus-Stocker--802x1024.jpg 802w, https:\/\/swissfederalism.ch\/wp-content\/uploads\/2021\/03\/Il-brigadiere-Peter-Candidus-Stocker--768x981.jpg 768w, https:\/\/swissfederalism.ch\/wp-content\/uploads\/2021\/03\/Il-brigadiere-Peter-Candidus-Stocker--1202x1536.jpg 1202w, https:\/\/swissfederalism.ch\/wp-content\/uploads\/2021\/03\/Il-brigadiere-Peter-Candidus-Stocker--1603x2048.jpg 1603w, https:\/\/swissfederalism.ch\/wp-content\/uploads\/2021\/03\/Il-brigadiere-Peter-Candidus-Stocker--scaled.jpg 2004w\" sizes=\"(max-width: 235px) 100vw, 235px\" \/><figcaption id=\"caption-attachment-90466\" class=\"wp-caption-text\">Brigadier Peter Stocker of the Swiss Army<\/figcaption><\/figure>\n<p>On January 1, 2014, he was appointed commander of Air Force Training Formation 31, and on January 1, 2018, Brigadier Soller was confirmed as commander of the Air Force Education and Training Brigade.<\/p>\n<p><a href=\"https:\/\/swissfederalism.ch\/en\/the-presidency-helvetic-confederation-from-1848-to-present-day\/\"><strong>The Presidency of the Swiss Confederation from 1848 to the present day<\/strong><\/a><br \/>\n<a href=\"https:\/\/swissfederalism.ch\/en\/swiss-monuments-hidden-treasure-to-be-exploited\/\"><strong>Swiss monuments? A &#8220;hidden&#8221; treasure to be enhanced&#8230;<\/strong><\/a><br \/>\n<a href=\"https:\/\/swissfederalism.ch\/en\/schwyz-glarus-lost-semicantons-swiss-history\/\"><strong>Schwyz and Glarus, lost half-cantons of Swiss history<\/strong><\/a><br \/>\n<a href=\"https:\/\/swissfederalism.ch\/en\/the-swiss-districts-still-children-of-a-minor-federalism\/\"><strong>Swiss Districts? Still children of a minor federalism<\/strong><\/a><\/p>\n<p>The succession for the commander of the Air Force Training and Instruction Brigade will be regulated at a later date.<br \/>\nBrigadier Peter Candidus Stocker, commander of the military academy, will leave the instructor corps on 30 June 2021 having reached the normal retirement age. The Federal Council thanks him for his service.<\/p>\n<figure id=\"attachment_88611\" aria-describedby=\"caption-attachment-88611\" style=\"width: 840px\" class=\"wp-caption aligncenter\"><img decoding=\"async\" class=\"wp-image-88611 size-large\" src=\"https:\/\/swissfederalism.ch\/wp-content\/uploads\/2021\/03\/Le-attivita-di-protezione-dellesercito-svizzero-al-World-Economic-Forum-di-Davos-Grigioni-Foto-VBS-DDPS-12-1024x683.jpeg\" alt=\"Le attivit\u00e0 di protezione dell'esercito svizzero al World Economic Forum di Davos (Grigioni) (Foto (VBS-DDPS)\" width=\"840\" height=\"560\" srcset=\"https:\/\/swissfederalism.ch\/wp-content\/uploads\/2021\/03\/Le-attivita-di-protezione-dellesercito-svizzero-al-World-Economic-Forum-di-Davos-Grigioni-Foto-VBS-DDPS-12-1024x683.jpeg 1024w, https:\/\/swissfederalism.ch\/wp-content\/uploads\/2021\/03\/Le-attivita-di-protezione-dellesercito-svizzero-al-World-Economic-Forum-di-Davos-Grigioni-Foto-VBS-DDPS-12-300x200.jpeg 300w, https:\/\/swissfederalism.ch\/wp-content\/uploads\/2021\/03\/Le-attivita-di-protezione-dellesercito-svizzero-al-World-Economic-Forum-di-Davos-Grigioni-Foto-VBS-DDPS-12-768x512.jpeg 768w, https:\/\/swissfederalism.ch\/wp-content\/uploads\/2021\/03\/Le-attivita-di-protezione-dellesercito-svizzero-al-World-Economic-Forum-di-Davos-Grigioni-Foto-VBS-DDPS-12-1536x1024.jpeg 1536w, https:\/\/swissfederalism.ch\/wp-content\/uploads\/2021\/03\/Le-attivita-di-protezione-dellesercito-svizzero-al-World-Economic-Forum-di-Davos-Grigioni-Foto-VBS-DDPS-12.jpeg 1920w\" sizes=\"(max-width: 840px) 100vw, 840px\" \/><figcaption id=\"caption-attachment-88611\" class=\"wp-caption-text\">Protection activities of the Swiss Armed Forces at the World Economic Forum in Davos (Grisons) (Photo (VBS-DDPS)<\/figcaption><\/figure>\n<p><iframe title=\"Hommage an General Henri Guisan, den modernen Schweizer Helden\" width=\"840\" height=\"630\" src=\"https:\/\/www.youtube.com\/embed\/FOiC-lX1U7I?feature=oembed&#038;width=840&#038;height=1000&#038;discover=1\" frameborder=\"0\" allow=\"accelerometer; autoplay; clipboard-write; encrypted-media; gyroscope; picture-in-picture\" allowfullscreen><\/iframe><\/p>\n<p><iframe title=\"Hommage au g\u00e9n\u00e9ral Henri Guisan, h\u00e9ros suisse moderne\" width=\"840\" height=\"630\" src=\"https:\/\/www.youtube.com\/embed\/zjTna5ejKPU?feature=oembed&#038;width=840&#038;height=1000&#038;discover=1\" frameborder=\"0\" allow=\"accelerometer; autoplay; clipboard-write; encrypted-media; gyroscope; picture-in-picture\" allowfullscreen><\/iframe><\/p>\n<p><iframe title=\"Omaggio al generale Henri Guisan, moderno eroe della Svizzera\" width=\"840\" height=\"630\" src=\"https:\/\/www.youtube.com\/embed\/7sFt3UBrn8M?feature=oembed&#038;width=840&#038;height=1000&#038;discover=1\" frameborder=\"0\" allow=\"accelerometer; autoplay; clipboard-write; encrypted-media; gyroscope; picture-in-picture\" allowfullscreen><\/iframe><\/p>\n","protected":false},"excerpt":{"rendered":"<p>The Federal Council appointed Brigadiers Hugo Roux and Peter Soller to lead the Military Academy and Anti-Aircraft Training Formation 33<\/p>\n","protected":false},"author":2,"featured_media":88580,"comment_status":"open","ping_status":"closed","sticky":false,"template":"","format":"standard","meta":{"footnotes":""},"categories":[302,210,305,257],"tags":[],"class_list":["post-92458","post","type-post","status-publish","format-standard","has-post-thumbnail","hentry","category-history","category-magazine","category-politics","category-switzerland"],"_links":{"self":[{"href":"https:\/\/swissfederalism.ch\/en\/wp-json\/wp\/v2\/posts\/92458","targetHints":{"allow":["GET"]}}],"collection":[{"href":"https:\/\/swissfederalism.ch\/en\/wp-json\/wp\/v2\/posts"}],"about":[{"href":"https:\/\/swissfederalism.ch\/en\/wp-json\/wp\/v2\/types\/post"}],"author":[{"embeddable":true,"href":"https:\/\/swissfederalism.ch\/en\/wp-json\/wp\/v2\/users\/2"}],"replies":[{"embeddable":true,"href":"https:\/\/swissfederalism.ch\/en\/wp-json\/wp\/v2\/comments?post=92458"}],"version-history":[{"count":4,"href":"https:\/\/swissfederalism.ch\/en\/wp-json\/wp\/v2\/posts\/92458\/revisions"}],"predecessor-version":[{"id":99208,"href":"https:\/\/swissfederalism.ch\/en\/wp-json\/wp\/v2\/posts\/92458\/revisions\/99208"}],"wp:featuredmedia":[{"embeddable":true,"href":"https:\/\/swissfederalism.ch\/en\/wp-json\/wp\/v2\/media\/88580"}],"wp:attachment":[{"href":"https:\/\/swissfederalism.ch\/en\/wp-json\/wp\/v2\/media?parent=92458"}],"wp:term":[{"taxonomy":"category","embeddable":true,"href":"https:\/\/swissfederalism.ch\/en\/wp-json\/wp\/v2\/categories?post=92458"},{"taxonomy":"post_tag","embeddable":true,"href":"https:\/\/swissfederalism.ch\/en\/wp-json\/wp\/v2\/tags?post=92458"}],"curies":[{"name":"wp","href":"https:\/\/api.w.org\/{rel}","templated":true}]}}