{"id":236278,"date":"2026-01-03T20:02:03","date_gmt":"2026-01-03T20:02:03","guid":{"rendered":"https:\/\/swissfederalism.ch\/babbo-natale-fiat-500\/"},"modified":"2026-01-06T07:51:37","modified_gmt":"2026-01-06T07:51:37","slug":"babbo-natale-fiat-500","status":"publish","type":"post","link":"https:\/\/swissfederalism.ch\/en\/babbo-natale-fiat-500\/","title":{"rendered":"Quando Babbo Natale vol\u00f2 con la Fiat 500 &#8211; When Santa Claus flew with the Fiat 500"},"content":{"rendered":"<h1 data-start=\"245\" data-end=\"283\"><span class=\"font-377884 font-329340\">Quando Babbo Natale vol\u00f2 con la Fiat 500\u00a0<\/span><\/h1>\n<figure id=\"attachment_236265\" aria-describedby=\"caption-attachment-236265\" style=\"width: 840px\" class=\"wp-caption aligncenter\"><img decoding=\"async\" class=\"wp-image-236265 size-large\" src=\"https:\/\/swissfederalism.ch\/wp-content\/uploads\/2026\/01\/Santas-Magical-Fiat-500-Image-by-Grok-1024x576.jpg\" alt=\"Santa\u2019s Magical Fiat 500 Image by Grok\" width=\"840\" height=\"473\" srcset=\"https:\/\/swissfederalism.ch\/wp-content\/uploads\/2026\/01\/Santas-Magical-Fiat-500-Image-by-Grok-1024x576.jpg 1024w, https:\/\/swissfederalism.ch\/wp-content\/uploads\/2026\/01\/Santas-Magical-Fiat-500-Image-by-Grok-300x169.jpg 300w, https:\/\/swissfederalism.ch\/wp-content\/uploads\/2026\/01\/Santas-Magical-Fiat-500-Image-by-Grok-768x432.jpg 768w, https:\/\/swissfederalism.ch\/wp-content\/uploads\/2026\/01\/Santas-Magical-Fiat-500-Image-by-Grok-350x197.jpg 350w, https:\/\/swissfederalism.ch\/wp-content\/uploads\/2026\/01\/Santas-Magical-Fiat-500-Image-by-Grok.jpg 1280w\" sizes=\"(max-width: 840px) 100vw, 840px\" \/><figcaption id=\"caption-attachment-236265\" class=\"wp-caption-text\"><\/span> <span class=\"font-377884 font-329340\">Santa\u2019s Magical Fiat 500 Image by Grok<\/span><\/figcaption><\/figure>\n<p data-start=\"285\" data-end=\"660\"><span class=\"font-377884 font-329340\">Era la vigilia della notte di Natale, e Babbo Natale era disperato. La sua slitta, quella fedele compagna di avventure, non poteva volare perch\u00e9 le renne che la trainavano erano impegnate a preparare una piccola renna per il parto! Babbo Natale era disperato, piangeva disperato, non sapendo cosa fare.<em>&#8220;Oh no, come far\u00f2 a consegnare tutti i regali in tempo?&#8221;<\/em> si lamentava.<\/span><\/p>\n<p data-start=\"662\" data-end=\"874\"><span class=\"font-377884 font-329340\">I giorni passarono, e Babbo Natale non trovava una soluzione. La pressione aumentava, e i bambini aspettavano con ansia i loro regali. Ma Babbo Natale non si arrendeva. Continuava a cercare, a pensare, a pregare.<\/span><\/p>\n<p data-start=\"876\" data-end=\"985\"><span class=\"font-377884 font-329340\">Un giorno, mentre si sedeva a leggere le lettere dei bambini, prese una lettera che lo tocc\u00f2 particolarmente:<\/span><\/p>\n<blockquote data-start=\"987\" data-end=\"1350\">\n<p data-start=\"989\" data-end=\"1350\"><span class=\"font-377884 font-329340\"><em>Caro Babbo Natale,<\/em><em>Io sono Leo, un bambino di 8 anni. Per me non chiedo nulla, ma ti prego, porta un computer al mio fratellino pi\u00f9 grande, Matteo. Questo anno \u00e8 a letto con una brutta malattia e non si pu\u00f2 muovere. Il nostro vecchio computer non funziona pi\u00f9 e la mia famiglia non si pu\u00f2 permettere di comprarlo. Ti prego, ascolta la mia pregiera, aiutami.<\/em><\/span><\/p>\n<\/blockquote>\n<p data-start=\"1352\" data-end=\"1634\"><span class=\"font-377884 font-329340\">Babbo Natale sent\u00ec il cuore stringersi e decise di trovare una soluzione. Un bambino curioso, che stava guardando la scena dalla finestra, si avvicin\u00f2 a lui e gli disse:&#8221;<em>Nonno, perch\u00e9 non prendi una macchina? Non vola, ma con un po&#8217; di magia e tanta fede, e il cielo ti aiuter\u00e0.&#8221;<\/em><\/span><\/p>\n<p data-start=\"1636\" data-end=\"1868\"><span class=\"font-377884 font-329340\">Babbo Natale si asciug\u00f2 le lacrime e pens\u00f2: &#8220;<em>Una macchina? E perch\u00e9 no?&#8221;<\/em>Il bambino gli sugger\u00ec di prendere una Fiat 500 elettrica, che aveva visto in una pubblicit\u00e0 in TV.&#8221;<em>\u00c8 silenziosa, veloce e non inquina!<\/em>&#8221; disse il bambino.<\/span><\/p>\n<p data-start=\"1870\" data-end=\"2052\"><span class=\"font-377884 font-329340\">Babbo Natale fu colpito dall&#8217;idea e decise di provare. Con un tocco di magia, la Fiat 500 elettrica si mise in moto e cominci\u00f2 a volare, trainando la slitta con i regali dei bambini.<\/span><\/p>\n<p data-start=\"2054\" data-end=\"2202\"><span class=\"font-377884 font-329340\">Tutti gli abitanti del mondo videro la Fiat 500 volare in cielo, increduli.&#8221;<em>\u00c8 un miracolo!<\/em>&#8221; esclamavano. &#8220;<em>Babbo Natale ha trovato una soluzione!<\/em>&#8220;<\/span><\/p>\n<p data-start=\"2204\" data-end=\"2422\"><span class=\"font-377884 font-329340\">La notizia si diffuse come un lampo, e presto tutti i bambini del mondo stavano guardando il cielo, vedendo la macchina 500 che trainava la vecchia slitta piena di regali. I bambini aspettavano i loro regali con ansia.<\/span><\/p>\n<p data-start=\"2424\" data-end=\"2679\"><span class=\"font-377884 font-329340\">Leo, il bambino che aveva scritto la lettera, si mise a piangere di gioia quando vide Babbo Natale arrivare con il computer nuovo per Matteo.&#8221;<em>Grazie Babbo Natale! \u00c8 il miglior regalo di Natale che potessi desiderare, far\u00f2 felice mio fratello!<\/em>&#8221; esclam\u00f2.<\/span><\/p>\n<p data-start=\"2681\" data-end=\"2798\"><span class=\"font-377884 font-329340\">Matteo, il bambino malato, come vide il computer, ringrazi\u00f2 di cuore.&#8221;<em>Almeno le mie giornate non sono pi\u00f9 lunghe.<\/em>&#8220;<\/span><\/p>\n<p data-start=\"2800\" data-end=\"2958\"><span class=\"font-377884 font-329340\">E cos\u00ec, con la Fiat 500 elettrica, Babbo Natale pot\u00e8 finalmente consegnare i regali a tutti i bambini del mondo, con tanta magia e felicit\u00e0.<\/span><\/p>\n<p data-start=\"2960\" data-end=\"3246\"><span class=\"font-377884 font-329340\">Ma, essendo che le renne dovevano partorire, Babbo Natale decise di rimandare la festa al 5 gennaio, il giorno prima della Befana. E cos\u00ec, i bambini poterono godere di due giorni di festa consecutivi, con Babbo Natale e la Befana che si alternavano a portare regali e gioia.<\/span><\/p>\n<h1 style=\"text-align: center;\" data-start=\"2960\" data-end=\"3246\"><span class=\"font-377884 font-329340\">When Santa Claus flew with the Fiat 500<\/span><\/h1>\n<p data-start=\"110\" data-end=\"451\"><span class=\"font-377884 font-329340\">It was Christmas Eve, and Santa Claus was desperate. His sleigh, that faithful companion on countless adventures, couldn\u2019t fly because the reindeer pulling it were busy preparing a little reindeer for birth! Santa was distraught, crying in despair, not knowing what to do.\u201cOh no, how will I deliver all the presents on time?\u201d he lamented.<\/span><\/p>\n<p data-start=\"453\" data-end=\"645\"><span class=\"font-377884 font-329340\">Days passed, and Santa still couldn\u2019t find a solution. The pressure was mounting, and children eagerly awaited their gifts. But Santa did not give up. He kept searching, thinking, and praying.<\/span><\/p>\n<p data-start=\"647\" data-end=\"752\"><span class=\"font-377884 font-329340\">One day, while sitting down to read the children\u2019s letters, he came across one that touched him deeply:<\/span><\/p>\n<p data-start=\"754\" data-end=\"1084\"><span class=\"font-377884 font-329340\"><em data-start=\"754\" data-end=\"1082\">Dear Santa Claus,<br data-start=\"772\" data-end=\"775\" \/>I\u2019m Leo, an 8-year-old boy. I\u2019m not asking for anything for myself, but please, bring a computer to my older brother, Matteo. This year he\u2019s stuck in bed with a serious illness and can\u2019t move. Our old computer doesn\u2019t work anymore, and my family can\u2019t afford to buy one. Please, hear my prayer and help me.<\/em><\/span><\/p>\n<p data-start=\"1086\" data-end=\"1353\"><span class=\"font-377884 font-329340\">Santa felt his heart tighten and decided he had to find a solution. A curious child, watching the scene from the window, approached him and said:\u201cGrandpa, why don\u2019t you use a car? It doesn\u2019t fly, but with a little magic and lots of faith, the sky will help you.\u201d<\/span><\/p>\n<p data-start=\"1355\" data-end=\"1556\"><span class=\"font-377884 font-329340\">Santa wiped away his tears and thought, \u201cA car? Why not?\u201d The child suggested he use an electric Fiat 500, which he had seen in a TV commercial.\u201cIt\u2019s quiet, fast, and doesn\u2019t pollute!\u201d said the boy.<\/span><\/p>\n<p data-start=\"1558\" data-end=\"1740\"><span class=\"font-377884 font-329340\">Santa was struck by the idea and decided to try it. With a touch of magic, the electric Fiat 500 started moving and began to fly, pulling the sleigh loaded with the children\u2019s gifts.<\/span><\/p>\n<p data-start=\"1742\" data-end=\"1889\"><span class=\"font-377884 font-329340\">People all over the world saw the Fiat 500 soaring through the sky, amazed.\u201cIt\u2019s a miracle!\u201d they exclaimed. \u201cSanta Claus has found a solution!\u201d<\/span><\/p>\n<p data-start=\"1891\" data-end=\"2077\"><span class=\"font-377884 font-329340\">The news spread like wildfire, and soon children everywhere were looking up at the sky, seeing the Fiat 500 towing the old sleigh full of presents. They waited anxiously for their gifts.<\/span><\/p>\n<p data-start=\"2079\" data-end=\"2329\"><span class=\"font-377884 font-329340\">Leo, the boy who had written the letter, burst into tears of joy when he saw Santa arrive with a brand-new computer for Matteo.\u201cThank you, Santa! This is the best Christmas present I could ever wish for. I\u2019ll make my brother so happy!\u201d he shouted.<\/span><\/p>\n<p data-start=\"2331\" data-end=\"2442\"><span class=\"font-377884 font-329340\">Matteo, the sick boy, gratefully received the computer.\u201cAt least my days won\u2019t be so long anymore,\u201d he said.<\/span><\/p>\n<p data-start=\"2444\" data-end=\"2587\"><span class=\"font-377884 font-329340\">And so, with the electric Fiat 500, Santa was finally able to deliver presents to children all over the world, spreading magic and happiness.<\/span><\/p>\n<p data-start=\"2589\" data-end=\"2854\"><span class=\"font-377884 font-329340\">But since the reindeer still had to give birth, Santa decided to postpone the celebration to January 5th, the day before the Befana. And so, children got to enjoy two days of festivities in a row, with Santa Claus and the Befana taking turns bringing gifts and joy.<\/span><\/p>\n<p data-start=\"2589\" data-end=\"2854\"><span class=\"font-762333\"><strong data-start=\"73\" data-end=\"82\">Note:<\/strong> The Befana is a character from Italian folklore, often depicted as an old witch who delivers gifts to children on the night of January 5th, the eve of the Epiphany. In Italy, the Epiphany (La Befana) celebrates the visit of the Three Wise Men to the baby Jesus, marking the end of the Christmas season. Children traditionally receive candy or small gifts from the Befana, while naughty children might get coal.<\/span><\/p>\n<p><span class=\"font-377884 font-329340\"><strong><a href=\"https:\/\/swissfederalism.ch\/en\/magic-racket-christmas-miracle\/\">La racchetta magica e il miracolo di natale &#8211; The Magic Racket and the Christmas Miracle<\/a><\/strong><\/span><\/p>\n<p><a href=\"https:\/\/k16trade.ch\/raw-coffee\/\"><img decoding=\"async\" class=\"aligncenter wp-image-230949 size-medium\" src=\"https:\/\/swissfederalism.ch\/wp-content\/uploads\/2020\/11\/FullLogo_Transparent_NoBuffer-300x145.png\" alt=\"K16 TRADE &amp; CONSULTING SWITZERLAND\" width=\"300\" height=\"145\" srcset=\"https:\/\/swissfederalism.ch\/wp-content\/uploads\/2020\/11\/FullLogo_Transparent_NoBuffer-300x145.png 300w, https:\/\/swissfederalism.ch\/wp-content\/uploads\/2020\/11\/FullLogo_Transparent_NoBuffer-1024x495.png 1024w, https:\/\/swissfederalism.ch\/wp-content\/uploads\/2020\/11\/FullLogo_Transparent_NoBuffer-768x371.png 768w, https:\/\/swissfederalism.ch\/wp-content\/uploads\/2020\/11\/FullLogo_Transparent_NoBuffer-350x169.png 350w, https:\/\/swissfederalism.ch\/wp-content\/uploads\/2020\/11\/FullLogo_Transparent_NoBuffer.png 1280w\" sizes=\"(max-width: 300px) 100vw, 300px\" \/><\/a><\/p>\n<p>&nbsp;<\/p>\n","protected":false},"excerpt":{"rendered":"<p>When the reindeer can\u2019t fly, Santa Claus finds a modern solution: an electric Fiat 500. An exciting and fun Christmas story for everyone.<\/p>\n","protected":false},"author":16,"featured_media":236266,"comment_status":"open","ping_status":"closed","sticky":false,"template":"","format":"standard","meta":{"footnotes":""},"categories":[390,2103,210,257,2463],"tags":[2283,1850,2471,2468],"class_list":["post-236278","post","type-post","status-publish","format-standard","has-post-thumbnail","hentry","category-canton-aargau","category-italian-culture","category-magazine","category-switzerland","category-zairas-corner","tag-italian-language","tag-italians-abroad","tag-literary-work","tag-zaira-sellerio-en"],"_links":{"self":[{"href":"https:\/\/swissfederalism.ch\/en\/wp-json\/wp\/v2\/posts\/236278","targetHints":{"allow":["GET"]}}],"collection":[{"href":"https:\/\/swissfederalism.ch\/en\/wp-json\/wp\/v2\/posts"}],"about":[{"href":"https:\/\/swissfederalism.ch\/en\/wp-json\/wp\/v2\/types\/post"}],"author":[{"embeddable":true,"href":"https:\/\/swissfederalism.ch\/en\/wp-json\/wp\/v2\/users\/16"}],"replies":[{"embeddable":true,"href":"https:\/\/swissfederalism.ch\/en\/wp-json\/wp\/v2\/comments?post=236278"}],"version-history":[{"count":2,"href":"https:\/\/swissfederalism.ch\/en\/wp-json\/wp\/v2\/posts\/236278\/revisions"}],"predecessor-version":[{"id":236280,"href":"https:\/\/swissfederalism.ch\/en\/wp-json\/wp\/v2\/posts\/236278\/revisions\/236280"}],"wp:featuredmedia":[{"embeddable":true,"href":"https:\/\/swissfederalism.ch\/en\/wp-json\/wp\/v2\/media\/236266"}],"wp:attachment":[{"href":"https:\/\/swissfederalism.ch\/en\/wp-json\/wp\/v2\/media?parent=236278"}],"wp:term":[{"taxonomy":"category","embeddable":true,"href":"https:\/\/swissfederalism.ch\/en\/wp-json\/wp\/v2\/categories?post=236278"},{"taxonomy":"post_tag","embeddable":true,"href":"https:\/\/swissfederalism.ch\/en\/wp-json\/wp\/v2\/tags?post=236278"}],"curies":[{"name":"wp","href":"https:\/\/api.w.org\/{rel}","templated":true}]}}