{"id":231608,"date":"2024-04-10T18:47:44","date_gmt":"2024-04-10T18:47:44","guid":{"rendered":"https:\/\/swissfederalism.ch\/passi-svizzeri-riapertura\/"},"modified":"2024-05-18T09:48:25","modified_gmt":"2024-05-18T09:48:25","slug":"reopening-swiss-passes","status":"publish","type":"post","link":"https:\/\/swissfederalism.ch\/en\/reopening-swiss-passes\/","title":{"rendered":"Upcoming reopening of the Swiss Passes"},"content":{"rendered":"<h1><span class=\"font-377884\">Upcoming reopening of the Swiss Passes<\/span><\/h1>\n<h3><span class=\"font-377884\"><em>As spring arrives, the Swiss Passes are once again preparing to welcome mountain and adventure lovers.<\/em> <em>From the majestic peaks of the Alps to the picturesque valleys, the passes offer breathtaking views and a crucial route through the heart of the Alps.<\/em><\/span><\/h3>\n<figure id=\"attachment_231541\" aria-describedby=\"caption-attachment-231541\" style=\"width: 840px\" class=\"wp-caption aligncenter\"><a href=\"https:\/\/swissfederalism.ch\/wp-content\/uploads\/2024\/04\/Klausenpass-Image-by-xuuxuu-from-Pixabay-1024x512.jpg\"><img decoding=\"async\" class=\"size-large wp-image-231541\" src=\"https:\/\/swissfederalism.ch\/wp-content\/uploads\/2024\/04\/Klausenpass-Image-by-xuuxuu-from-Pixabay-1024x512.jpg\" alt=\"Klausenpass Image by xuuxuu from Pixabay\" width=\"840\" height=\"420\" srcset=\"https:\/\/swissfederalism.ch\/wp-content\/uploads\/2024\/04\/Klausenpass-Image-by-xuuxuu-from-Pixabay-1024x512.jpg 1024w, https:\/\/swissfederalism.ch\/wp-content\/uploads\/2024\/04\/Klausenpass-Image-by-xuuxuu-from-Pixabay-300x150.jpg 300w, https:\/\/swissfederalism.ch\/wp-content\/uploads\/2024\/04\/Klausenpass-Image-by-xuuxuu-from-Pixabay-768x384.jpg 768w, https:\/\/swissfederalism.ch\/wp-content\/uploads\/2024\/04\/Klausenpass-Image-by-xuuxuu-from-Pixabay-1536x768.jpg 1536w, https:\/\/swissfederalism.ch\/wp-content\/uploads\/2024\/04\/Klausenpass-Image-by-xuuxuu-from-Pixabay-350x175.jpg 350w, https:\/\/swissfederalism.ch\/wp-content\/uploads\/2024\/04\/Klausenpass-Image-by-xuuxuu-from-Pixabay.jpg 1920w\" sizes=\"(max-width: 840px) 100vw, 840px\" \/><\/a><figcaption id=\"caption-attachment-231541\" class=\"wp-caption-text\"><span class=\"font-377884\">Klausenpass Image by xuuxuu from Pixabay<\/span><\/figcaption><\/figure>\n<p><span class=\"font-377884\">As the passes open, travelers will have the opportunity to explore the natural and historical wonders these routes offer. From ancient paths used by traders in the Middle Ages to modern roads connecting regions, Swiss passes are a bridge between past and present.<\/span><\/p>\n<p><span class=\"font-377884\">As the passes open to traffic and visitors, it is important to be mindful of road conditions and restrictions specific to each pass. Tourists can enjoy scenic restaurants, charging stations along the way and, of course, the thrill of crossing the Alps.<\/span><\/p>\n<p><span class=\"font-377884\">Below are the summer reopening dates of some of the Swiss passes:<\/span><\/p>\n<p>&nbsp;<\/p>\n<div class=\"flex flex-grow flex-col max-w-full\">\n<div class=\"min-h-[20px] text-message flex flex-col items-start gap-3 whitespace-pre-wrap break-words [.text-message+&amp;]:mt-5 overflow-x-auto\" dir=\"auto\" data-message-author-role=\"assistant\" data-message-id=\"81beb01c-d9f7-4102-a16c-bc5afc2b6cb6\">\n<div class=\"markdown prose w-full break-words dark:prose-invert light\">\n<h2><span class=\"font-377884\">Albula Pass<\/span><\/h2>\n<h3><span class=\"font-377884\"><em>Berg\u00fcn (GR) &#8211; La-Punt (GR), 22.7 km Altitude<strong>:<\/strong> 2312 m<\/em><\/span><\/h3>\n<p><span class=\"font-377884\">In ancient times, there was a modest transit path along the Albula, also used by the Romans for trade. In 1695 the first tunnel was created, providing direct access to the Berg\u00fcn Valley. The road was widened in 1864-1866 for postal stagecoaches. The opening of the Albula Railway in 1903 significantly reduced the importance of the pass.<\/span><\/p>\n<p><span class=\"font-377884\"><strong><mark>The Albula Pass is scheduled to open on May 24.<\/mark><\/strong><\/span><\/p>\n<p><span class=\"font-377884\">Recent updates indicate that the road has some critical issues along some sections, being narrow and damaged. It is therefore not recommended to cross this pass with caravans or campers.<\/span><\/p>\n<p><span class=\"font-377884\">For those who need to cross this region, it is recommended to consider alternatives such as the Julier Pass or the Vereina shuttle train service (or the Fl\u00fcela Pass during its opening period). It is important to note that the Albula shuttle train service is not currently in operation.<\/span><\/p>\n<p><span class=\"font-377884\">Transit is prohibited for heavy vehicles with trailers, maximum permitted weight 11 tons and a maximum height of 3.3 meters. Note that no charging stations are available along the road.<\/span><\/p>\n<p><span class=\"font-377884\">The Albula Pass remains closed during the winter months from December to May.<\/span><\/p>\n<\/div>\n<h2><span class=\"font-377884\">Bernina Pass<\/span><\/h2>\n<h3><span class=\"font-377884\"><em>Pontresina (GR) &#8211; Poschiavo (GR), 38.5 km Altitude<strong>:<\/strong> 2328 m<\/em><\/span><\/h3>\n<p><span class=\"font-377884\">The Bernina Pass, with a history dating back thousands of years and supported by Neolithic finds, was an important route between the Upper Engadine and Puschlav to the Veltlin. Although it never achieved the same importance as other Alpine passes, such as Spluga, it became significant when the Three Cantons conquered Valtellina in 1512. The French postal service between Lyon and Venice used it around 1550. The road has remained open year-round since 1965 and is also home to the famous Bernina Railway.<\/span><\/p>\n<p><span class=\"font-377884\"><strong><mark>The Bernina Pass remains open year-round albeit with some restrictions<\/mark><\/strong><\/span><\/p>\n<p><span class=\"font-377884\">The Bernina Pass is open for all vehicles, but it is important to note <em><strong>that snow chains are mandatory<\/strong><\/em> as the road is currently snow-covered. The road is wide and easy to access while remaining subject to certain restrictions.<\/span><\/p>\n<p><span class=\"font-377884\">In terms of restrictions, <em><strong>transit with trailers is prohibited for heavy vehicles from November 16 to April 14<\/strong><\/em>. However, trailer transit is allowed when there is no snow on the roadway by presenting an official permit during this period.<\/span><\/p>\n<p><span class=\"font-377884\">As for electric vehicles, a charging station is available along the road, although it is to be considered a slow charging station.<\/span><\/p>\n<p><span class=\"font-377884\"><strong><a href=\"https:\/\/swissfederalism.ch\/en\/best-tourism-villages-2022\/\">Andermatt and Murten among world&#8217;s best tourist villages<\/a><\/strong><\/span><\/p>\n<figure id=\"attachment_231545\" aria-describedby=\"caption-attachment-231545\" style=\"width: 725px\" class=\"wp-caption aligncenter\"><a href=\"https:\/\/swissfederalism.ch\/wp-content\/uploads\/2024\/04\/Fluelapass-Image-by-moerschy-from-Pixabay-725x1024.jpg\"><img decoding=\"async\" class=\"size-large wp-image-231545\" src=\"https:\/\/swissfederalism.ch\/wp-content\/uploads\/2024\/04\/Fluelapass-Image-by-moerschy-from-Pixabay-725x1024.jpg\" alt=\"Fl\u00fcelapass Image by moerschy from Pixabay\" width=\"725\" height=\"1024\" srcset=\"https:\/\/swissfederalism.ch\/wp-content\/uploads\/2024\/04\/Fluelapass-Image-by-moerschy-from-Pixabay-725x1024.jpg 725w, https:\/\/swissfederalism.ch\/wp-content\/uploads\/2024\/04\/Fluelapass-Image-by-moerschy-from-Pixabay-213x300.jpg 213w, https:\/\/swissfederalism.ch\/wp-content\/uploads\/2024\/04\/Fluelapass-Image-by-moerschy-from-Pixabay-768x1084.jpg 768w, https:\/\/swissfederalism.ch\/wp-content\/uploads\/2024\/04\/Fluelapass-Image-by-moerschy-from-Pixabay-1088x1536.jpg 1088w, https:\/\/swissfederalism.ch\/wp-content\/uploads\/2024\/04\/Fluelapass-Image-by-moerschy-from-Pixabay-350x494.jpg 350w, https:\/\/swissfederalism.ch\/wp-content\/uploads\/2024\/04\/Fluelapass-Image-by-moerschy-from-Pixabay.jpg 1360w\" sizes=\"(max-width: 725px) 100vw, 725px\" \/><\/a><figcaption id=\"caption-attachment-231545\" class=\"wp-caption-text\"><span class=\"font-377884\">Fl\u00fcelapass Image by moerschy from Pixabay<\/span><\/figcaption><\/figure>\n<h2><span class=\"font-377884\">Fl\u00fcela Pass<\/span><\/h2>\n<h3><span class=\"font-377884\"><em>Davos (GR) &#8211; Susch (GR), 27.9 km Altitude<strong>:<\/strong> 2383 m<\/em><\/span><\/h3>\n<p><span class=\"font-377884\">The Fl\u00fcela Pass is an Alpine pass in the canton of Graub\u00fcnden, whose road was built in 1867 and is the shortest road route between the Rhine Valley and the Lower Engadine. The discovery of archaeological finds on the pass testifies to the ancient use of this route. The region became important in the 13th century with the settlement of the Walser families who, with their agriculture, traded their products across the pass, transporting goods as far as Tyrol and bringing back salt. With the opening of the <strong>Vereina<\/strong> rail tunnel in 1999, maintenance of the pass road in winter was discontinued. More info about the rail connections can be found here <a href=\"https:\/\/www.rhb.ch\/de\/autoverlad-vereina\"><strong>Autoverlad Vereina<\/strong><\/a><\/span><\/p>\n<p><span class=\"font-377884\">Currently closed for all vehicles and <strong><mark>scheduled to reopen on May 1, 2024<\/mark><\/strong>.<\/span><\/p>\n<p><span class=\"font-377884\">The winter closure of the Fl\u00fcela Pass is in effect, as usual, from January to May.<\/span><\/p>\n<p><span class=\"font-377884\">The Fl\u00fcela Pass is also accessible for heavier vehicles, again subject to current restrictions.<\/span><\/p>\n<p><span class=\"font-377884\">No charging stations are currently available along the road for electric vehicles.<\/span><\/p>\n<h2><span class=\"font-377884\">Livigno&#8217;s Forcola Pass<\/span><\/h2>\n<h3><span class=\"font-377884\"><em>Livigno (Italy) &#8211; La Motta (GR), 19.3 km Altitude<strong>:<\/strong> 2315 m<\/em><\/span><\/h3>\n<p><span class=\"font-377884\">The Livigno valley, initially isolated and settled late, became important in the 15th century for trade routes to Milan. Napoleon made it a free zone in 1805 to prevent depopulation. The Foscagno Pass became accessible in winter in the 1950s, while the Munt La Schera tunnel, opened in the 1960s, provided safe access.<\/span><\/p>\n<p><span class=\"font-377884\">Currently, the Forcola di Livigno remains closed for all vehicles, <mark>with<\/mark> a<strong><mark> planned reopening on June 3, 2024<\/mark><\/strong>.<\/span><\/p>\n<p><span class=\"font-377884\">Travel on this road with caravans or campers is not recommended. Heavy vehicles with trailers are also prohibited,<\/span><\/p>\n<p><span class=\"font-377884\">For those wishing to reach the Swiss National Park region from the Poschiavo Valley, via the Forcola di Livigno, it is important to keep in mind that the <em>Munt La Schera tunnel<\/em> is chargeable.<\/span><\/p>\n<p><span class=\"font-377884\">No charging stations are currently available along the road for electric vehicles.<\/span><\/p>\n<\/div>\n<\/div>\n<h2><span class=\"font-377884\">Great St. Bernard Pass<\/span><\/h2>\n<h3><span class=\"font-377884\"><em>Martigny (VS) &#8211; Aosta (Italy), 77 km Altitude: 2469 m<\/em><\/span><\/h3>\n<p><span class=\"font-377884\">The Great St. Bernard Pass, at an imposing 2,469 meters high, is one of the best-known and most impressive mountain passes in Switzerland, linking the town of Martigny in the canton of Valais with Aosta in Italy, and offers breathtaking scenery on both sides.<\/span><\/p>\n<p><span class=\"font-377884\">The Great St. Bernard Pass is one of the oldest mountain passes in the Alps: since ancient times it has been used as an important communication route, both by the Romans and by medieval travelers and pilgrims. In the 19th century, major infrastructure developments, such as a carriage road in 1839 and a tunnel in 1964, were made, making the pass accessible year-round. Although its importance as a transit route has declined with the opening of more tunnels, the Great St. Bernard Pass remains a historical icon and a point of tourist interest.<\/span><\/p>\n<p><span class=\"font-377884\">The pass remains closed during the winter for all vehicles from October to June. At this time, no specific date is yet given about the summer reopening of the pass.<\/span><\/p>\n<p><span class=\"font-377884\">The Great St. Bernard requires caution when driving, especially in adverse weather conditions.<\/span><\/p>\n<p><span class=\"font-377884\">A fast charging station has recently been installed along the road for electric vehicles.<\/span><\/p>\n<p><span class=\"font-377884\">The Great St. Bernard Tunnel, opened on March 19, 1964, and 5798 m long was the first road tunnel opened to traffic through the barrier of the Alps and connects the Aosta Valley, Italy with the canton of Valais. <strong><mark>The Tunnel is open year-round<\/mark> <\/strong>and charges a fee. More info can be found at: <a href=\"https:\/\/letunnel.com\/\"><strong>Le Tunnel du Grand-Saint-Bernard<\/strong><\/a><\/span><\/p>\n<p>&nbsp;<\/p>\n<figure id=\"attachment_231557\" aria-describedby=\"caption-attachment-231557\" style=\"width: 840px\" class=\"wp-caption aligncenter\"><a href=\"https:\/\/swissfederalism.ch\/wp-content\/uploads\/2024\/04\/Grimselpass-Image-by-Erich-Westendarp-from-Pixabay-1024x684.jpg\"><img decoding=\"async\" class=\"size-large wp-image-231557\" src=\"https:\/\/swissfederalism.ch\/wp-content\/uploads\/2024\/04\/Grimselpass-Image-by-Erich-Westendarp-from-Pixabay-1024x684.jpg\" alt=\"Grimselpass Image by Erich Westendarp from Pixabay\" width=\"840\" height=\"561\" srcset=\"https:\/\/swissfederalism.ch\/wp-content\/uploads\/2024\/04\/Grimselpass-Image-by-Erich-Westendarp-from-Pixabay-1024x684.jpg 1024w, https:\/\/swissfederalism.ch\/wp-content\/uploads\/2024\/04\/Grimselpass-Image-by-Erich-Westendarp-from-Pixabay-300x200.jpg 300w, https:\/\/swissfederalism.ch\/wp-content\/uploads\/2024\/04\/Grimselpass-Image-by-Erich-Westendarp-from-Pixabay-768x513.jpg 768w, https:\/\/swissfederalism.ch\/wp-content\/uploads\/2024\/04\/Grimselpass-Image-by-Erich-Westendarp-from-Pixabay-1536x1026.jpg 1536w, https:\/\/swissfederalism.ch\/wp-content\/uploads\/2024\/04\/Grimselpass-Image-by-Erich-Westendarp-from-Pixabay-350x234.jpg 350w, https:\/\/swissfederalism.ch\/wp-content\/uploads\/2024\/04\/Grimselpass-Image-by-Erich-Westendarp-from-Pixabay.jpg 1920w\" sizes=\"(max-width: 840px) 100vw, 840px\" \/><\/a><figcaption id=\"caption-attachment-231557\" class=\"wp-caption-text\"><span class=\"font-377884\">Grimselpass Image by Erich Westendarp from Pixabay<\/span><\/figcaption><\/figure>\n<h2><span class=\"font-377884\">Grimsel Pass<\/span><\/h2>\n<h3><span class=\"font-377884\"><em>Innertkirchen (BE) &#8211; Gletsch (VS), 32.5 km Altitude: 2164 m<\/em><\/span><\/h3>\n<p><span class=\"font-377884\">The Grimsel Pass, is one of the most important Alpine passes in Switzerland and is part of the separation of the Rhine basin and the Rhone basin. The pass road traverses a wild and barren mountain landscape characterized by granite rocks flanked by dams and hydroelectric power plants.<\/span><\/p>\n<p><span class=\"font-377884\">The pass is closed during the winter between the months of November and June for all vehicles <em>except the Bernese section to Kunzent\u00e4nneln<\/em>. At the moment, no exact date is yet given about the summer reopening of the pass.<\/span><\/p>\n<p><span class=\"font-377884\">There is no charging station for electric vehicles on this road.<\/span><\/p>\n<p>&nbsp;<\/p>\n<div class=\"flex flex-grow flex-col max-w-full\">\n<div class=\"min-h-[20px] text-message flex flex-col items-start gap-3 whitespace-pre-wrap break-words [.text-message+&amp;]:mt-5 overflow-x-auto\" dir=\"auto\" data-message-author-role=\"assistant\" data-message-id=\"903bd1b8-9e1c-486c-af4b-5d458d836077\">\n<div class=\"markdown prose w-full break-words dark:prose-invert light\">\n<h2><span class=\"font-377884\">Julier Pass or Julier Pass also known as the Julier Pass<\/span><\/h2>\n<h3><span class=\"font-377884\"><em>Savognin (GR) &#8211; Silvaplana (GR), 42 km Altitude: 2284 m<\/em><\/span><\/h3>\n<p><span class=\"font-377884\">The Pass is one of the most widely used passes, providing stable communication between the towns of Sankt Moritz and Thusis. The history of the pass can be traced back to Roman times, but the present modern route dates back to the road built between 1820 and 1826.<\/span><\/p>\n<p><span class=\"font-377884\">The border between the Rhine and Danube catchment areas is located on the pass.<\/span><\/p>\n<p><span class=\"font-377884\"><strong><mark>The Julier Pass remains open year-round,<\/mark><\/strong><mark> <\/mark>contributing to transportation and tourism in the region and offering an alternative to the adjacent Albula Pass.<\/span><\/p>\n<p><span class=\"font-377884\">During winter, trailers are banned from 16.11 to 14.04 for heavy vehicles, but may be allowed if there is no snow on the roadway with an official permit.<\/span><\/p>\n<p><span class=\"font-377884\">There is a slow charging station for electric vehicles on this road.<\/span><\/p>\n<h2><span class=\"font-377884\">Klausen Pass<\/span><\/h2>\n<h3><span class=\"font-377884\"><em>Altdorf (UR) &#8211; Linthal (GL), 46 km Altitude: 1948 m<\/em><\/span><\/h3>\n<p><span class=\"font-377884\">The Klausen Pass, was not part of the network of trade routes through the Alps either during Roman times or in the Middle Ages and there was only a narrow path used almost exclusively for transporting livestock to the alpine pastures. Only after the opening of the Gotthard railroad did it become an attractive route for which a road was built in the late 1800s. From 1900, with the first stagecoach, it became a tourist route, and in 1922 postal bus service began.<\/span><\/p>\n<p><span class=\"font-377884\">During the winter months, the Klausen Pass remains closed from November to May. <strong><mark>It is scheduled to reopen for summer on May 24, 2024.<\/mark><\/strong><\/span><\/p>\n<p><span class=\"font-377884\">Travel over this pass with caravans or campers is not recommended.<\/span><\/p>\n<p><span class=\"font-377884\">Towing prohibited for vehicles up to 2.3 m wide except for vehicles not exceeding 1.9 m wide and 4.5 m long.<\/span><\/p>\n<p><span class=\"font-377884\">There is a slow charging station for electric vehicles on this road.<\/span><\/p>\n<p><span class=\"font-377884\">During the summer months, the Klausen Pass Bus Line with the number 408 operates from June to October.<\/span><\/p>\n<p><span class=\"font-377884\">More than a century ago, the first stagecoach crossed the Klausen Pass, with the journey taking a day and a half. Today, thanks to modern transportation, the regular bus route from Altdorf across the Pass to Linthal takes approximately two hours. It is important to note that tickets for public transportation, such as the Halbtax and GA, are valid on the Klausen Pass Line.<\/span><\/p>\n<\/div>\n<h2><span class=\"font-377884\">Lukmanier Pass<\/span><\/h2>\n<h3><span class=\"font-377884\"><em>Disentis\/Must\u00e9r (GR) &#8211; Olivone (TI), 48 km Altitude: 1914 m<\/em><\/span><\/h3>\n<p><span class=\"font-377884\">The Lukmanier Pass, used since early medieval times as a route between the Po Valley and the Rhine Valley, as well as a religious route between shrines and monasteries, became one of the busiest passages in Europe. Guarded by the ancient abbey of Disentis (or Must\u00e9r in Romansh), originally affiliated with the rule of St. Columba, the pass saw the creation of hospices, forts and churches along its route.<\/span><\/p>\n<p><span class=\"font-377884\">From the 13th century, the pass gradually lost importance in favor of the Gotthard Pass. The construction of the road across the pass dates back to 1876.<\/span><\/p>\n<p><span class=\"font-377884\"><strong><mark>The Lukmanier Pass<\/mark><\/strong> has<mark> been <\/mark><strong><mark>open year-round<\/mark><\/strong><mark> since 2000 <\/mark>although it may be temporarily inaccessible at night or during the day in case of adverse weather conditions<\/span><\/p>\n<p><span class=\"font-377884\">Some restrictions are in place in case of snow, with trailers prohibited except 4&#215;4 vehicles.<\/span><\/p>\n<p><span class=\"font-377884\">There are no charging stations for electric vehicles on this route.<\/span><\/p>\n<div class=\"mt-1 flex gap-3 empty:hidden\">\n<h2><span class=\"font-377884\">Maloja Pass<\/span><\/h2>\n<h3><span class=\"font-377884\"><em>Chiavenna (I) &#8211; Silvaplana (GR), 32 km Altitude: 1815 m<\/em><\/span><\/h3>\n<p><span class=\"font-377884\">The Maloja Pass was already of major importance in Roman times as an access route to the Julier Pass and to the Engadine, later connecting to the Tyrol. Over the years, various improvements were made, and in 1957 it underwent significant modernization. However, with the construction of the San Bernardino road tunnels in 1967 and the Gotthard in 1980, the Maloja Pass lost its importance as a freight transit route.<\/span><\/p>\n<p><span class=\"font-377884\"><strong><mark>The pass remains open for all vehicles year-round.<\/mark><\/strong><\/span><\/p>\n<p><span class=\"font-377884\">Traffic is allowed for semi-trailers from 15.04 to 15.11.<\/span><\/p>\n<p><span class=\"font-377884\">There are no charging stations for electric vehicles on this route.<\/span><\/p>\n<h2><span class=\"font-377884\">Nufenen Pass<\/span><\/h2>\n<h3><span class=\"font-377884\"><em>Ulrichen (VS) &#8211; Airolo (TI), 38 km Altitude: 2478 m<\/em><\/span><\/h3>\n<p><span class=\"font-377884\">The Nufenen Pass is the second highest Alpine pass in Switzerland after Umbrail. Construction of the pass road took place between 1965 and 1969, when it was opened to motorized traffic. This route has been extremely important for traffic between Ticino and Valais, mentioned in numerous historical publications since the 12th century. Nearby are Lake Gries and the Corno Gries Hut, the Corno Pass with its eponymous pond, and the westernmost point in Canton Ticino. The Nufenen Pass area is also home to the headwaters of the Ticino and \u00c4gene rivers.<\/span><\/p>\n<p><span class=\"font-377884\">During the winter months, the Pass remains closed from November to June. <strong>On the Ticino side, the road also remains open during the winter months up to the All&#8217;acqua location.<\/strong> At the moment there is no exact date given about the summer reopening of the pass.<\/span><\/p>\n<p><span class=\"font-377884\">There are no charging stations for electric vehicles along the route.<\/span><\/p>\n<\/div>\n<figure id=\"attachment_231561\" aria-describedby=\"caption-attachment-231561\" style=\"width: 840px\" class=\"wp-caption aligncenter\"><a href=\"https:\/\/swissfederalism.ch\/wp-content\/uploads\/2024\/04\/Oberalppass-Image-by-Monika-from-Pixabay-1024x681.jpg\"><img decoding=\"async\" class=\"size-large wp-image-231561\" src=\"https:\/\/swissfederalism.ch\/wp-content\/uploads\/2024\/04\/Oberalppass-Image-by-Monika-from-Pixabay-1024x681.jpg\" alt=\"Oberalppass Image by Monika from Pixabay\" width=\"840\" height=\"559\" srcset=\"https:\/\/swissfederalism.ch\/wp-content\/uploads\/2024\/04\/Oberalppass-Image-by-Monika-from-Pixabay-1024x681.jpg 1024w, https:\/\/swissfederalism.ch\/wp-content\/uploads\/2024\/04\/Oberalppass-Image-by-Monika-from-Pixabay-300x199.jpg 300w, https:\/\/swissfederalism.ch\/wp-content\/uploads\/2024\/04\/Oberalppass-Image-by-Monika-from-Pixabay-768x510.jpg 768w, https:\/\/swissfederalism.ch\/wp-content\/uploads\/2024\/04\/Oberalppass-Image-by-Monika-from-Pixabay-1536x1021.jpg 1536w, https:\/\/swissfederalism.ch\/wp-content\/uploads\/2024\/04\/Oberalppass-Image-by-Monika-from-Pixabay-350x233.jpg 350w, https:\/\/swissfederalism.ch\/wp-content\/uploads\/2024\/04\/Oberalppass-Image-by-Monika-from-Pixabay.jpg 1920w\" sizes=\"(max-width: 840px) 100vw, 840px\" \/><\/a><figcaption id=\"caption-attachment-231561\" class=\"wp-caption-text\"><span class=\"font-377884\">Oberalppass Image by Monika from Pixabay<\/span><\/figcaption><\/figure>\n<h2><span class=\"font-377884\">Oberalp Pass<\/span><\/h2>\n<h3><span class=\"font-377884\"><em>Andermatt (UR) &#8211; Sedrun (GR), 23.6 km Altitude 2044 m<\/em><\/span><\/h3>\n<p><span class=\"font-377884\">In the past, the Oberalp Pass was not of great importance, and the carriage road was built between 1852 and 1863. The five-horse stagecoach made tourism flourish and in 1921 in turn was replaced by the postal bus. In 1926, the Furka-Oberalp Railway (now the Matterhorn-Gotthard Railway) cog railway was opened with steam trains replaced in 1942, by electric trains. The road (summer) and the railway (year-round) are of great importance for tourism in the Urseren Valley and Surselva.<\/span><\/p>\n<p><span class=\"font-377884\">The pass is closed for all vehicles during the winter months from December to April. <strong><mark>It is scheduled to reopen on April 26, 2024.<\/mark><\/strong><\/span><\/p>\n<p><span class=\"font-377884\">Not recommended to travel the pass with caravans or campers.<\/span><\/p>\n<p><span class=\"font-377884\">There are no charging stations for electric vehicles along the route.<\/span><\/p>\n<h2><span class=\"font-377884\">San Bernardino Pass<\/span><\/h2>\n<h3><span class=\"font-377884\"><em>Hinterrhein (GR) &#8211; San Bernardino (GR), 17 km Altitude: 2065 m<\/em><\/span><\/h3>\n<p><span class=\"font-377884\">The San Bernardino Pass is a mountain pass in the canton of Graub\u00fcnden, connecting the Rheinwald valleys to the north and the Misox valleys to the south. At the top of the pass, the European watershed and the language boundary between German and Italian pass.<\/span><\/p>\n<p><span class=\"font-377884\">The pass was given its name in the 15th century, when a chapel dedicated to St. Bernardine of Siena was built, replacing the earlier Mons avium or Vogelberg.<\/span><\/p>\n<p><span class=\"font-377884\">The history of the pass dates back to Roman times, which used the easy and topographically simple passage. In the 15th century, as transit traffic developed, the route was widened, and the road across the Viamala was built after 1473. At the beginning of the 19th century, one of the first modern Alpine roads was built over this pass, desired by the Canton of Graub\u00fcnden and also financed by the Kingdom of Sardinia, which allowed traffic from Piedmont and the port of Genoa to reach the Rhine Valley without passing through roads controlled by Austria.<\/span><\/p>\n<p><span class=\"font-377884\">With the opening of the San Bernardino Tunnel (A13) in 1967, Misox is again connected year-round to the rest of Canton Graub\u00fcnden.<\/span><\/p>\n<p><span class=\"font-377884\">During the winter months from November to May, the pass remains closed to all vehicles. <strong><mark>It is scheduled to reopen on May 24, 2024.<\/mark><\/strong><\/span><\/p>\n<p><span class=\"font-377884\">There are no charging stations for electric vehicles on this route.<\/span><\/p>\n<figure id=\"attachment_231549\" aria-describedby=\"caption-attachment-231549\" style=\"width: 840px\" class=\"wp-caption aligncenter\"><a href=\"https:\/\/swissfederalism.ch\/wp-content\/uploads\/2024\/04\/Gotthardpass-Image-by-Beatrice-Schmuki-from-Pixabay-1024x683.jpg\"><img decoding=\"async\" class=\"size-large wp-image-231549\" src=\"https:\/\/swissfederalism.ch\/wp-content\/uploads\/2024\/04\/Gotthardpass-Image-by-Beatrice-Schmuki-from-Pixabay-1024x683.jpg\" alt=\"Gotthardpass Image by Beatrice Schmuki from Pixabay\" width=\"840\" height=\"560\" srcset=\"https:\/\/swissfederalism.ch\/wp-content\/uploads\/2024\/04\/Gotthardpass-Image-by-Beatrice-Schmuki-from-Pixabay-1024x683.jpg 1024w, https:\/\/swissfederalism.ch\/wp-content\/uploads\/2024\/04\/Gotthardpass-Image-by-Beatrice-Schmuki-from-Pixabay-300x200.jpg 300w, https:\/\/swissfederalism.ch\/wp-content\/uploads\/2024\/04\/Gotthardpass-Image-by-Beatrice-Schmuki-from-Pixabay-768x512.jpg 768w, https:\/\/swissfederalism.ch\/wp-content\/uploads\/2024\/04\/Gotthardpass-Image-by-Beatrice-Schmuki-from-Pixabay-1536x1024.jpg 1536w, https:\/\/swissfederalism.ch\/wp-content\/uploads\/2024\/04\/Gotthardpass-Image-by-Beatrice-Schmuki-from-Pixabay-350x233.jpg 350w, https:\/\/swissfederalism.ch\/wp-content\/uploads\/2024\/04\/Gotthardpass-Image-by-Beatrice-Schmuki-from-Pixabay.jpg 1920w\" sizes=\"(max-width: 840px) 100vw, 840px\" \/><\/a><figcaption id=\"caption-attachment-231549\" class=\"wp-caption-text\"><span class=\"font-377884\">Gotthardpass Image by Beatrice Schmuki from Pixabay<\/span><\/figcaption><\/figure>\n<h2><span class=\"font-377884\">Gotthard Pass<\/span><\/h2>\n<h3><span class=\"font-377884\"><em>Andermatt (UR) &#8211; Airolo (TI), 26.1 km Altitude: 2108 m<\/em><\/span><\/h3>\n<p><span class=\"font-377884\">The Gotthard Pass, mentioned in the 13th century in the Annales Stradenses, was a crucial point for travelers heading to Rome or the Holy Land as well as for trade and communication between different cultural and linguistic regions. In 1595, a stone bridge was built in the Sch\u00f6llenen Gorge. It was not until 1708, under the direction of Pietro Morettini, that a tunnel was built to facilitate access to the bridge. In the 19th century, with the construction of a carriage road and new bridges, travel became easier. The construction of the railway and the Gotthard rail tunnel significantly reduced travel time in the latter half of the 19th century.<\/span><\/p>\n<p><span class=\"font-377884\">The Gotthard Pass is closed in winter from November to May to all vehicles. <strong><mark>Summer reopening is scheduled for the end of May 2024.<\/mark><\/strong><\/span><\/p>\n<p><span class=\"font-377884\">Semi-trailers and trucks (with the exception of military vehicles) are prohibited on this road.<\/span><\/p>\n<p><span class=\"font-377884\">There are currently no charging stations along the road for electric vehicles.<\/span><\/p>\n<h2><span class=\"font-377884\">Sanetsch Pass<\/span><\/h2>\n<h3><span class=\"font-377884\"><em>Sion (VS) &#8211; Sanetsch Lake (VS), 33.5 km Altitude: 2252 m<\/em><\/span><\/h3>\n<p><span class=\"font-377884\">The Sanetsch Pass is a scenic and seldom-visited pass that starts among the vineyards of the Rhone Valley, passes through a forest and a series of hairpin bends leading to pastures and the summit at 2252 m above sea level, near the Tsanfleuron glacier. The tour ends at Sanetsch Lake, from which it is possible to descend to Gsteig via a gondola. The pass is home to an artificial lake created for hydroelectric purposes and a rock climbing area.<\/span><\/p>\n<p><span class=\"font-377884\">During the winter months the pass remains closed from October to June. There is currently no exact date given about the summer reopening of the pass.<\/span><\/p>\n<p><span class=\"font-377884\">There are no charging stations for electric vehicles on this route.<\/span><\/p>\n<h2><span class=\"font-377884\">Simplon Pass<\/span><\/h2>\n<h3><span class=\"font-377884\"><em>Brig (VS) &#8211; Iselle (Italy), 45 km Altitude: 2005 m<\/em><\/span><\/h3>\n<p><span class=\"font-377884\">The pass is considered the border point between the Pennine Alps to the west and the Lepontine Alps to the east. Until the early Middle Ages, little is known about the use of the Simplon pass. Political and economic transformations in the late 12th century made the Pass a major transit route between important European economic areas. After 1320, trade flows shifted to the Gotthard and Graub\u00fcnden passes so the Simplon lost its importance. In 1800, Napoleon built a road that opened in 1805. In 1906 with the opening of the Simplon tunnel, at that time the longest rail tunnel in the world, the pass suffered a significant decline. From 1957 improvements were made to the road through the construction of numerous bridges and viaducts that made the pass pass passable even in winter, which was followed by an increase in heavy traffic. The Simplon is a popular destination for walking and hiking.<\/span><\/p>\n<p><span class=\"font-377884\">The <strong><mark>Simplon pass is open year-round<\/mark><\/strong><mark>,<\/mark> and in the event of a temporary closure of the pass, a Simplon shuttle train service is available to transport vehicles on special wagons between Brig and Iselle.<\/span><\/p>\n<p><span class=\"font-377884\">During the winter months, winter tires and\/or snow chains are mandatory.<\/span><\/p>\n<p><span class=\"font-377884\">Transit over this pass with trailers and caravans is prohibited.<\/span><\/p>\n<p><span class=\"font-377884\">A slow charging station for electric vehicles is available on the road.<\/span><\/p>\n<h2><span class=\"font-377884\">Passo dello Spluga<\/span><\/h2>\n<h3><span class=\"font-377884\"><em>Spl\u00fcgen (GR) \u2014 Chiavenna (Italia), 39 km Altitudine: 2113 m<\/em><\/span><\/h3>\n<p><span class=\"font-377884\">Il Passo dello Spluga, connette l&#8217;alta valle Spluga con la valle del Reno superiore (Rheinwald). Oltre alla sua importanza storica e logistica, il passo ha anche rilevanza geologica, poich\u00e9 separa la falda Tamb\u00f2 a ovest dalla falda Suretta a est.<\/span><\/p>\n<p><span class=\"font-377884\">Il Passo dello Spluga divide le Alpi Lepontine dalle Alpi Retiche e, secondo la tradizionale bipartizione delle Alpi in uso negli altri Paesi della catena alpina, ripresa dalla classificazione SOIUSA, divide le Alpi Occidentali dalle Alpi Orientali.<\/span><\/p>\n<p><span class=\"font-377884\">Il suo percorso \u00e8 caratterizzato da 72 tornanti tra Chiavenna e Spl\u00fcgen. Alcuni ritrovamenti di insediamenti preistorici dell&#8217;et\u00e0 della pietra fanno supporre un uso del passo ben antecedente a quello che i Romani.<\/span><\/p>\n<p><span class=\"font-377884\">Il traffico di transito rappresentava una parte vitale dell&#8217;economia locale. Tra il 1818 e il 1823, fu realizzata una strada carrozzabile e postale che increment\u00f2 notevolmente il traffico di merci e persone internazionale attraverso lo Spluga, raggiungendo il suo picco nella met\u00e0 del XIX secolo. Tuttavia, l&#8217;avvento delle ferrovie alpine cominci\u00f2 a ridurre il traffico di transito sullo Spluga, e l&#8217;apertura della ferrovia del Gottardo nel 1882 praticamente interruppe il flusso di transito nei Grigioni, provocando una vasta emigrazione.<\/span><\/p>\n<p><span class=\"font-377884\">Il passo dello Spluga rimane normalmente chiuso nei mesi invernali tra Novembre e Marzo. <strong><mark>La riapertura estiva \u00e8 prevista 2 maggio 2024.<\/mark><\/strong><\/span><\/p>\n<p><span class=\"font-377884\">There is no charging station for electric vehicles on this road.<\/span><\/p>\n<figure id=\"attachment_231553\" aria-describedby=\"caption-attachment-231553\" style=\"width: 840px\" class=\"wp-caption aligncenter\"><a href=\"https:\/\/swissfederalism.ch\/wp-content\/uploads\/2024\/04\/Sustenpass-Image-by-xuuxuu-from-Pixabay-1024x768.jpg\"><img decoding=\"async\" class=\"size-large wp-image-231553\" src=\"https:\/\/swissfederalism.ch\/wp-content\/uploads\/2024\/04\/Sustenpass-Image-by-xuuxuu-from-Pixabay-1024x768.jpg\" alt=\"Sustenpass Image by xuuxuu from Pixabay\" width=\"840\" height=\"630\" srcset=\"https:\/\/swissfederalism.ch\/wp-content\/uploads\/2024\/04\/Sustenpass-Image-by-xuuxuu-from-Pixabay-1024x768.jpg 1024w, https:\/\/swissfederalism.ch\/wp-content\/uploads\/2024\/04\/Sustenpass-Image-by-xuuxuu-from-Pixabay-300x225.jpg 300w, https:\/\/swissfederalism.ch\/wp-content\/uploads\/2024\/04\/Sustenpass-Image-by-xuuxuu-from-Pixabay-768x576.jpg 768w, https:\/\/swissfederalism.ch\/wp-content\/uploads\/2024\/04\/Sustenpass-Image-by-xuuxuu-from-Pixabay-1536x1152.jpg 1536w, https:\/\/swissfederalism.ch\/wp-content\/uploads\/2024\/04\/Sustenpass-Image-by-xuuxuu-from-Pixabay-350x263.jpg 350w, https:\/\/swissfederalism.ch\/wp-content\/uploads\/2024\/04\/Sustenpass-Image-by-xuuxuu-from-Pixabay.jpg 1920w\" sizes=\"(max-width: 840px) 100vw, 840px\" \/><\/a><figcaption id=\"caption-attachment-231553\" class=\"wp-caption-text\"><span class=\"font-377884\">Sustenpass Image by xuuxuu from Pixabay<\/span><\/figcaption><\/figure>\n<h2><span class=\"font-377884\">Susten Pass<\/span><\/h2>\n<h3><span class=\"font-377884\"><em>Innertkirchen (BE) &#8211; Wassen (UR), 46 km Altitude: 2234 m<\/em><\/span><\/h3>\n<p><span class=\"font-377884\">The Susten Pass has a history dating back to antiquity, with archaeological evidence of prehistoric settlements indicating its importance as early as that time. This pass is never as important as other trade routes. The Swiss recognized its strategic importance in the early 1800s after Napoleon blocked the trade route through the Simplon Pass. Bernese and Urans joined forces to quickly turn the old Susten mule trail into a carriage road. In 1938, the federal and cantonal authorities of Bern and Uri decided to build a modern road over the pass, both for transportation reasons and for national defense needs in preparation for World War II. On September 7, 1946, the road was opened, and today the Susten Pass is one of the most popular passes in Switzerland.<\/span><\/p>\n<p><span class=\"font-377884\">The Susten Pass normally remains closed during the winter months between November and June.\u00a0<strong><mark>It is scheduled to reopen in summer June 14, 2024.<\/mark><\/strong><\/span><\/p>\n<p><span class=\"font-377884\">There are currently no charging stations along the road for electric vehicles.<\/span><\/p>\n<h2><span class=\"font-377884\">Umbrail Pass or Giogo di Santa Maria<\/span><\/h2>\n<h3><span class=\"font-377884\"><em>Santa Maria (GR) &#8211; Bormio (I), 32 km Altitude: 2501 m<\/em><\/span><\/h3>\n<p><span class=\"font-377884\">The Umbrail Pass is located in the western Rhaetian Alps and connects the canton of Grisons with the upper Veltlin. It is the highest carriageable pass in Switzerland, opened in 1901.<\/span><\/p>\n<p><span class=\"font-377884\">The passage across the Umbrail between Santa Maria and Bormio existed as early as the Middle Ages and served as an important transit path in Bormio&#8217;s trade with the north and was of particular interest to Venice, as it was a direct extension of the Venetian routes across the Gavia and Mortirolo to the north. The importance of the Umbrail Pass ended with the onset of the modern age, and today this fully paved pass is an ideal destination for cyclists and motorcyclists, thanks to the attractive environment and landscape and the low vehicular traffic. The pass offers stunning panoramic views of the surrounding countryside and is a popular destination for tourists and nature lovers.<\/span><\/p>\n<p><span class=\"font-377884\">The Umbrail Pass is subject to winter closure from November to May. <strong><mark>Summer reopening is scheduled to begin June 2024.<\/mark><\/strong><\/span><\/p>\n<p><span class=\"font-377884\">Traveling over this pass with caravans or campers is not recommended. Towing for heavy vehicles is also prohibited.<\/span><\/p>\n<p><span class=\"font-377884\">There are currently no charging stations along the road for electric vehicles.<\/span><\/p>\n<div class=\"flex-col gap-1 md:gap-3\">\n<div class=\"flex flex-grow flex-col max-w-full\">\n<div class=\"min-h-[20px] text-message flex flex-col items-start whitespace-pre-wrap break-words [.text-message+&amp;]:mt-5 juice:w-full juice:items-end overflow-x-auto gap-2\" dir=\"auto\" data-message-author-role=\"assistant\" data-message-id=\"7fa8a2ff-5411-4128-98d0-dddd0dedcfa1\">\n<div class=\"flex w-full flex-col gap-1 juice:empty:hidden juice:first:pt-[3px]\">\n<div class=\"markdown prose w-full break-words dark:prose-invert light\">\n<p style=\"text-align: center;\"><strong><span class=\"font-377884\"><mark>Reopenings may be subject to change due to weather conditions.<\/mark><\/span><\/strong><\/p>\n<\/div>\n<\/div>\n<\/div>\n<\/div>\n<\/div>\n<figure id=\"attachment_230942\" aria-describedby=\"caption-attachment-230942\" style=\"width: 840px\" class=\"wp-caption aligncenter\"><a href=\"https:\/\/k16trade.ch\/\"><img decoding=\"async\" class=\"wp-image-230942 size-large\" src=\"https:\/\/swissfederalism.ch\/wp-content\/uploads\/2024\/02\/BANNER-1024x576.png\" alt=\"BANNER K16\" width=\"840\" height=\"473\" srcset=\"https:\/\/swissfederalism.ch\/wp-content\/uploads\/2024\/02\/BANNER-1024x576.png 1024w, https:\/\/swissfederalism.ch\/wp-content\/uploads\/2024\/02\/BANNER-300x169.png 300w, https:\/\/swissfederalism.ch\/wp-content\/uploads\/2024\/02\/BANNER-768x432.png 768w, https:\/\/swissfederalism.ch\/wp-content\/uploads\/2024\/02\/BANNER-1536x864.png 1536w, https:\/\/swissfederalism.ch\/wp-content\/uploads\/2024\/02\/BANNER-2048x1152.png 2048w, https:\/\/swissfederalism.ch\/wp-content\/uploads\/2024\/02\/BANNER-350x197.png 350w, https:\/\/swissfederalism.ch\/wp-content\/uploads\/2024\/02\/BANNER.png 2560w\" sizes=\"(max-width: 840px) 100vw, 840px\" \/><\/a><figcaption id=\"caption-attachment-230942\" class=\"wp-caption-text\">BANNER K16<\/figcaption><\/figure>\n<\/div>\n<\/div>\n","protected":false},"excerpt":{"rendered":"<p>As spring arrives, the Swiss Passes are once again preparing to welcome mountain and adventure lovers. From the majestic peaks of the Alps to the picturesque valleys, the passes offer breathtaking views and a crucial route through the heart of the Alps.<\/p>\n","protected":false},"author":9,"featured_media":231562,"comment_status":"open","ping_status":"closed","sticky":false,"template":"","format":"standard","meta":{"footnotes":""},"categories":[260,210,257,2323],"tags":[1709,1553,884,2366,887,268],"class_list":["post-231608","post","type-post","status-publish","format-standard","has-post-thumbnail","hentry","category-highlights","category-magazine","category-switzerland","category-tourism","tag-mountain-areas-en-2","tag-mountain-areas-en","tag-nature","tag-roads","tag-switzerland-en","tag-tourism"],"_links":{"self":[{"href":"https:\/\/swissfederalism.ch\/en\/wp-json\/wp\/v2\/posts\/231608","targetHints":{"allow":["GET"]}}],"collection":[{"href":"https:\/\/swissfederalism.ch\/en\/wp-json\/wp\/v2\/posts"}],"about":[{"href":"https:\/\/swissfederalism.ch\/en\/wp-json\/wp\/v2\/types\/post"}],"author":[{"embeddable":true,"href":"https:\/\/swissfederalism.ch\/en\/wp-json\/wp\/v2\/users\/9"}],"replies":[{"embeddable":true,"href":"https:\/\/swissfederalism.ch\/en\/wp-json\/wp\/v2\/comments?post=231608"}],"version-history":[{"count":5,"href":"https:\/\/swissfederalism.ch\/en\/wp-json\/wp\/v2\/posts\/231608\/revisions"}],"predecessor-version":[{"id":231955,"href":"https:\/\/swissfederalism.ch\/en\/wp-json\/wp\/v2\/posts\/231608\/revisions\/231955"}],"wp:featuredmedia":[{"embeddable":true,"href":"https:\/\/swissfederalism.ch\/en\/wp-json\/wp\/v2\/media\/231562"}],"wp:attachment":[{"href":"https:\/\/swissfederalism.ch\/en\/wp-json\/wp\/v2\/media?parent=231608"}],"wp:term":[{"taxonomy":"category","embeddable":true,"href":"https:\/\/swissfederalism.ch\/en\/wp-json\/wp\/v2\/categories?post=231608"},{"taxonomy":"post_tag","embeddable":true,"href":"https:\/\/swissfederalism.ch\/en\/wp-json\/wp\/v2\/tags?post=231608"}],"curies":[{"name":"wp","href":"https:\/\/api.w.org\/{rel}","templated":true}]}}