{"id":227139,"date":"2023-02-08T13:28:19","date_gmt":"2023-02-08T13:28:19","guid":{"rendered":"https:\/\/swissfederalism.ch\/storia-tradizioni-carnevale\/"},"modified":"2023-02-09T09:46:48","modified_gmt":"2023-02-09T09:46:48","slug":"history-traditions-swiss-carnival","status":"publish","type":"post","link":"https:\/\/swissfederalism.ch\/en\/history-traditions-swiss-carnival\/","title":{"rendered":"History and traditions of the Swiss Carnival"},"content":{"rendered":"<h1 class=\"sc-iveFHk gOIRzb title\"><span class=\"font-377884\">History and traditions of the Swiss Carnival<\/span><\/h1>\n<h3><span class=\"font-377884\"><em>Carnival is celebrated in many different ways: carnival parades, music, masks and dressing up play an important role.<\/em><\/span><\/h3>\n<figure id=\"attachment_227107\" aria-describedby=\"caption-attachment-227107\" style=\"width: 840px\" class=\"wp-caption aligncenter\"><a href=\"https:\/\/swissfederalism.ch\/en\/fasnachtsumzug-luzern-bild-von-werner-sidler-auf-pixabay-2\/\" rel=\"attachment wp-att-227107\"><img decoding=\"async\" class=\"size-large wp-image-227107\" src=\"https:\/\/swissfederalism.ch\/wp-content\/uploads\/2023\/02\/Fasnachtsumzug-Luzern-Bild-von-Werner-Sidler-auf-Pixabay-1024x577.jpg\" alt=\"Fasnachtsumzug Luzern Bild von Werner Sidler auf Pixabay\" width=\"840\" height=\"473\" srcset=\"https:\/\/swissfederalism.ch\/wp-content\/uploads\/2023\/02\/Fasnachtsumzug-Luzern-Bild-von-Werner-Sidler-auf-Pixabay-1024x577.jpg 1024w, https:\/\/swissfederalism.ch\/wp-content\/uploads\/2023\/02\/Fasnachtsumzug-Luzern-Bild-von-Werner-Sidler-auf-Pixabay-300x169.jpg 300w, https:\/\/swissfederalism.ch\/wp-content\/uploads\/2023\/02\/Fasnachtsumzug-Luzern-Bild-von-Werner-Sidler-auf-Pixabay-768x432.jpg 768w, https:\/\/swissfederalism.ch\/wp-content\/uploads\/2023\/02\/Fasnachtsumzug-Luzern-Bild-von-Werner-Sidler-auf-Pixabay-1536x865.jpg 1536w, https:\/\/swissfederalism.ch\/wp-content\/uploads\/2023\/02\/Fasnachtsumzug-Luzern-Bild-von-Werner-Sidler-auf-Pixabay-350x197.jpg 350w, https:\/\/swissfederalism.ch\/wp-content\/uploads\/2023\/02\/Fasnachtsumzug-Luzern-Bild-von-Werner-Sidler-auf-Pixabay.jpg 1920w\" sizes=\"(max-width: 840px) 100vw, 840px\" \/><\/a><figcaption id=\"caption-attachment-227107\" class=\"wp-caption-text\"><span class=\"font-377884\">Fasnachtsumzug Luzern Bild von Werner Sidler auf Pixabay<\/span><\/figcaption><\/figure>\n<p><span class=\"font-377884\">The term &#8216;carnival&#8217; derives from the Latin &#8216;carnem levare&#8217; (i.e. to remove meat) and refers to the eve of Lent, the forty-day period of fasting before Easter, which begins on Ash Wednesday. The period of fasting recalls the 40 days of fasting and penance spent by Jesus in the desert.<\/span><\/p>\n<p><span class=\"font-377884\">During the Middle Ages, everyone in Christian Europe had to observe the obligation to fast and carnival was used to exhaust the last winter supplies, feast, dance and make music.<\/span><\/p>\n<p><span class=\"font-377884\">In many places in Catholic areas, carnival opens at 11.11 a.m. on 11 November. This date always has something to do with fasting, in fact, a period of fasting before Christmas used to be observed starting on St Martin&#8217;s Day. Because of the Bible&#8217;s ten commandments, moreover, the number eleven symbolised excess, overstepping boundaries and buffoonery. Real carnival parades and celebrations take place everywhere in February or March regardless of whether the carnival opens on St Martin&#8217;s Day or just before Ash Wednesday.<\/span><\/p>\n<p><span class=\"font-377884\">In Switzerland, carnival is one of the most popular festivities that takes place in practically every municipality and originates from a mixture of Christian rituals, traditional customs and pagan celebrations, even centuries old. Participants, wearing scary masks to ward off evil spirits and imaginative disguises, temporarily assume a new identity as they parade through the streets to the sound of music.<\/span><\/p>\n<p><span class=\"font-377884\">Of particular note are the carnivals of the City of <strong>Lucerne<\/strong> and <strong>Basel<\/strong> (the latter being part of the UNESCO intangible cultural heritage). In some cantons, Carnival is based on the pre-Christian custom of driving out winter and evil spirits to welcome the rebirth of spring.<\/span><\/p>\n<p><span class=\"font-377884\"><strong><a href=\"https:\/\/swissfederalism.ch\/en\/the-alpine-season-as-candidate-for-the-intangible-cultural-heritage-of-unesco\/\">The alpine season as candidate for the intangible cultural heritage of UNESCO<\/a><\/strong><\/span><\/p>\n<p><span class=\"font-377884\"><a href=\"https:\/\/swissfederalism.ch\/en\/night-st-lawrence-between-traditions-legends\/\"><strong>The night of St. Lawrence between traditions and legends<\/strong><\/a><\/span><\/p>\n<h2><span class=\"font-377884\">Schmutziger Donnerstag or Fat Thursday<\/span><\/h2>\n<p><span class=\"font-377884\">Fat Thursday falls on the Thursday before Ash Wednesday and marks the beginning of the carnival season. &#8216;Schmutz&#8217; (also &#8216;Schmotz&#8217;) is an Alemannic dialect term for fat and in the past, in order to survive Lent (from Ash Wednesday), people used to eat as much fat as possible on Fat Thursday.<\/span><\/p>\n<h2><span class=\"font-377884\">Fasnachtsdienstag or Fat Tuesday<\/span><\/h2>\n<p><span class=\"font-377884\">Also called Faschingsdienstag, or Karnevalsdienstag, in German-speaking countries, it is known as Fat Tuesday and marks the last day of carnival, before the beginning of Lent. In some regions where it is celebrated, it is the climax of carnival festivities.<\/span><\/p>\n<h2><span class=\"font-377884\">The most famous and characteristic Swiss Carnivals<\/span><\/h2>\n<h3><span class=\"font-377884\">Basel Carnival<\/span><\/h3>\n<p><span class=\"font-377884\">In the 16th century, Basel also adhered to the Protestant Reformation by abolishing the fasting period before Easter and with it the carnival; however, the authorities failed to impose themselves, so that this city is among the few Swiss Protestant cities where a traditional carnival is still celebrated today.<\/span><\/p>\n<p><span class=\"font-377884\">According to some local historians, the throwing of confetti is a typical Basel tradition that has since spread to the rest of the world. Originally, sweets called confetti were given or thrown to the crowd during the parade, but this practice was banned in the 19th century and replaced with small scraps of paper. In the Basel German dialect, confetti is called <em>R\u00e4ppli<\/em>.<\/span><\/p>\n<p>&nbsp;<\/p>\n<figure id=\"attachment_227091\" aria-describedby=\"caption-attachment-227091\" style=\"width: 1024px\" class=\"wp-caption aligncenter\"><a href=\"https:\/\/swissfederalism.ch\/en\/morgestraich-photo-by-theusursus-cc-by-sa-4-0-via-wikimedia-commons-2\/\" rel=\"attachment wp-att-227091\"><img decoding=\"async\" class=\"size-full wp-image-227091\" src=\"https:\/\/swissfederalism.ch\/wp-content\/uploads\/2023\/02\/Morgestraich-Photo-by-Theusursus-CC-BY-SA-4.0-via-Wikimedia-Commons.jpg\" alt=\"Morgestraich Photo by Theusursus, CC BY-SA 4.0 via Wikimedia Commons\" width=\"1024\" height=\"768\" srcset=\"https:\/\/swissfederalism.ch\/wp-content\/uploads\/2023\/02\/Morgestraich-Photo-by-Theusursus-CC-BY-SA-4.0-via-Wikimedia-Commons.jpg 1024w, https:\/\/swissfederalism.ch\/wp-content\/uploads\/2023\/02\/Morgestraich-Photo-by-Theusursus-CC-BY-SA-4.0-via-Wikimedia-Commons-300x225.jpg 300w, https:\/\/swissfederalism.ch\/wp-content\/uploads\/2023\/02\/Morgestraich-Photo-by-Theusursus-CC-BY-SA-4.0-via-Wikimedia-Commons-768x576.jpg 768w, https:\/\/swissfederalism.ch\/wp-content\/uploads\/2023\/02\/Morgestraich-Photo-by-Theusursus-CC-BY-SA-4.0-via-Wikimedia-Commons-350x263.jpg 350w\" sizes=\"(max-width: 1024px) 100vw, 1024px\" \/><\/a><figcaption id=\"caption-attachment-227091\" class=\"wp-caption-text\"><span class=\"font-377884\">Morgestraich &#8211; Carnival Basel Photo by Theusursus, CC BY-SA 4.0 via Wikimedia Commons<\/span><\/figcaption><\/figure>\n<p><span class=\"font-377884\">This Carnival has a history spanning centuries and was included in the <strong>UNESCO intangible cultural heritage<\/strong> in 2017 and is the largest in Switzerland. Starting at 4 a.m. on the Monday after Ash Wednesday, when the bells of St Martin&#8217;s Church ring out, all the lights in the town centre are switched off and the music and festivities begin at the command <em><strong>&#8220;Morgestraich, vorw\u00e4rts marsch!&#8221;<\/strong><\/em> and the traditional melody of the Morgenstreich march is sung. In the completely darkened city, lanterns with representations of past carnival themes and accompanying drums shine. Many restaurants and bars in the old town also open their doors and remain open for the next 72 hours.<\/span><\/p>\n<p><span class=\"font-377884\">One of the oldest ensembles are the <strong>Cliques<\/strong>, which march through the old town playing the piccolo and basler drums: these consist of a Vortrab (vanguard), the Pfeifer (pipers), the Tambourmajor (drum major) and the Tambouren (drummers).<\/span><\/p>\n<p><span class=\"font-377884\">The <strong>Gugge<\/strong> (brass bands) play the Guggenmusik during Carnival by marching and playing and performing in the Guggekoncerts.<\/span><\/p>\n<p><span class=\"font-377884\">The <strong>Schnitzelbank<\/strong> singers are jesters who sing satirical verses in Swiss German about current events in Basel and around the world. The singers regularly perform in restaurants and bars on Monday and Wednesday evenings and in clique-cellars (local assembly halls) on Tuesdays.<\/span><\/p>\n<p><span class=\"font-377884\">On Monday and Wednesday afternoons, two large &#8216;<strong>Cort\u00e8ge<\/strong>&#8216; processions with masks, costumes and the traditional Guggenmusik take place, while Tuesday afternoon is dedicated to children, dressed in themed costumes and armed with confetti and candy. In the evening, it is time for music in the city&#8217;s main squares. Flour soup, onion cake and a caraway bretzel called &#8216;Fastenw\u00e4he&#8217; accompany the three days of celebrations.<\/span><\/p>\n<p><span class=\"font-377884\">The city&#8217;s typical masks are the &#8216;<strong>Waggis<\/strong>&#8216;, a character with a big nose and colourful clothes, and the &#8216;<strong>Alti Tante<\/strong>&#8216; (old aunt), an elegant Basel lady.<\/span><\/p>\n<p><span class=\"font-377884\">These three days of festivities are called &#8216;<strong>drey scheenschte D\u00e4\u00e4gi<\/strong>&#8216; or the three most beautiful days of the year by the citizens of Basel.<\/span><\/p>\n<h3><span class=\"font-377884\">St. Gallen Carnival<\/span><\/h3>\n<p><span class=\"font-377884\">This carnival is famous for the &#8216;<strong>F\u00f6b\u00fc-Verschuss<\/strong>&#8216;, where each year a new &#8216;honorary citizen&#8217;, i.e. the person who has done the craziest thing in the past year, is chosen in front of the statue of Vadiano. The choice is made by the Schnitzelb\u00e4nkler (satirical storytellers), the Gugger and the carnival associations, and the name of the winner is announced with a cannon shot from which coloured confetti is fired.<\/span><\/p>\n<h3><span class=\"font-377884\">Lucerne Carnival<\/span><\/h3>\n<p><span class=\"font-377884\">This carnival is considered to be the biggest annual event in the city. It traditionally opens on Fat Thursday with the <strong>Fritschi<\/strong> arriving aboard a boat on Lake Lucerne at 5 a.m. to announce the opening of the carnival with a thunderous roar known as the &#8216;big bang&#8217;, which marks the start of the six-day celebration. The Fritschi, an old man accompanied by his wife and son, seems to take his origins from a symbolic figure from the past, a straw puppet called <em>Fridolin<\/em>.<\/span><\/p>\n<div class=\"textImage__richtext jsText\" data-qa=\"text-image-richtext\">\n<p><iframe title=\"Luzerner Fasnacht 2016: Urknall und F\u00f6tzelir\u00e4ge\" width=\"840\" height=\"473\" src=\"https:\/\/www.youtube.com\/embed\/P2PMiN_CMNU?feature=oembed&#038;width=840&#038;height=1000&#038;discover=1\" frameborder=\"0\" allow=\"accelerometer; autoplay; clipboard-write; encrypted-media; gyroscope; picture-in-picture; web-share\" allowfullscreen><\/iframe><\/p>\n<p><span class=\"font-377884\">In addition to the traditional throwing of oranges at the <em>Fritschibrunnen<\/em>, a long procession passes through the town.<\/span><\/p>\n<p><span class=\"font-377884\">The origin of this carnival is linked to the ritual to drive out winter. Masked music groups known as &#8216;Guggenmuusige&#8217; give hilarious and noisy performances to make thousands of visitors dance and sing while mocking them. Highlights are the three big city parades: the Fritschiumzug on Shrove Thursday, the Weyumzug on Fat Monday and the Monstercorso on FatTuesday.<\/span><\/p>\n<h3><span class=\"font-377884\">Solothurn Carnival<\/span><\/h3>\n<p><span class=\"font-377884\">Solothurn in conjunction with St Hilary&#8217;s Day, 13 January, changes its name to Honolulu because a joker once claimed that the city on the River Aare was exactly the other side of the globe from Hawaii. This theory is still maintained to this day.<\/span><\/p>\n<p><iframe title=\"Chesslete 2019\" width=\"840\" height=\"473\" src=\"https:\/\/www.youtube.com\/embed\/ObYFMBi-vrw?feature=oembed&#038;width=840&#038;height=1000&#038;discover=1\" frameborder=\"0\" allow=\"accelerometer; autoplay; clipboard-write; encrypted-media; gyroscope; picture-in-picture; web-share\" allowfullscreen><\/iframe><\/p>\n<p><span class=\"font-377884\">The mayor is dismissed and the street of the Town Hall is renamed &#8216;<em>Donkey Street<\/em>&#8216;. The festivities last over a month and get into full swing at 5 o&#8217;clock on Shrove Thursday with the &#8216;<strong>Chesslete<\/strong>&#8216;, the noisy procession of torches and deafening instruments that crosses the old town, waking those who sleep.<\/span><\/p>\n<p><span class=\"font-377884\">On the following evenings, especially on Saturdays, masked balls are held, while on Sundays and Tuesday afternoons, processions are held through the streets. A large brass band (Gugge) plays festive music on Tuesday evenings until the official closing, which takes place after the <strong>B\u00f6\u00f6gg<\/strong>, or straw man, is burnt on Ash Wednesday evening.<\/span><\/p>\n<h3><span class=\"font-377884\">Bellinzona Carnival<\/span><\/h3>\n<p><span class=\"font-377884\">The Bellinzona Carnival, better known as <strong>Rabadan<\/strong>, is one of the main events in Ticino and lasts six days.<\/span><\/p>\n<p><iframe title=\"155\u00b0 Rabadan 2018\" width=\"840\" height=\"473\" src=\"https:\/\/www.youtube.com\/embed\/SDrVdVmtWd8?feature=oembed&#038;width=840&#038;height=1000&#038;discover=1\" frameborder=\"0\" allow=\"accelerometer; autoplay; clipboard-write; encrypted-media; gyroscope; picture-in-picture; web-share\" allowfullscreen><\/iframe><\/p>\n<p><span class=\"font-377884\">Carnival begins with the handing over of the keys of the city to King Rabadan, a Piedmontese term meaning &#8220;noise&#8221; that was apparently coined at the time of the Crusades to indicate the evening banquets after the daytime fast of Ramadan. The city is transformed into an open-air party, with Guggenmusik concerts in the old town offering music and entertainment until 5am and tug-of-war tournaments. Various stands offer risotto and luganighe. On Sunday, Bellinzona hosts the customary &#8216;<em>Grande Corteo Mascherato<\/em>&#8216;, a parade with music, floats and masked groups.<\/span><\/p>\n<h3><span class=\"font-377884\">L\u00f6tschental Carnival (Valais)<\/span><\/h3>\n<p><span class=\"font-377884\">The <strong>Tsch\u00e4gg\u00e4tt\u00e4<\/strong> (a term that can be translated as &#8216;witch&#8217;) are typical carnival figures from the L\u00f6tschental (Valais).<\/span><\/p>\n<p><span class=\"font-377884\">The so-called Tsch\u00e4gg\u00e4tt\u00e4 make their appearance between &#8216;Maria Lichtmess&#8217; (the Catholic Candlemas feast) and &#8216;Gigiszischtag&#8217; (FatTuesday).<\/span><\/p>\n<figure id=\"attachment_227103\" aria-describedby=\"caption-attachment-227103\" style=\"width: 1024px\" class=\"wp-caption aligncenter\"><a href=\"https:\/\/swissfederalism.ch\/en\/tschaggata-photo-by-david-yela-cc-by-sa-4-0-via-wikimedia-commons-2\/\" rel=\"attachment wp-att-227103\"><img decoding=\"async\" class=\"size-full wp-image-227103\" src=\"https:\/\/swissfederalism.ch\/wp-content\/uploads\/2023\/02\/Tschaggata-Photo-by-David-Yela-CC-BY-SA-4.0-via-Wikimedia-Commons.jpg\" alt=\"Tsch\u00e4gg\u00e4t\u00e4 Photo by David Yela, CC BY-SA 4.0 via Wikimedia Commons\" width=\"1024\" height=\"819\" srcset=\"https:\/\/swissfederalism.ch\/wp-content\/uploads\/2023\/02\/Tschaggata-Photo-by-David-Yela-CC-BY-SA-4.0-via-Wikimedia-Commons.jpg 1024w, https:\/\/swissfederalism.ch\/wp-content\/uploads\/2023\/02\/Tschaggata-Photo-by-David-Yela-CC-BY-SA-4.0-via-Wikimedia-Commons-300x240.jpg 300w, https:\/\/swissfederalism.ch\/wp-content\/uploads\/2023\/02\/Tschaggata-Photo-by-David-Yela-CC-BY-SA-4.0-via-Wikimedia-Commons-768x614.jpg 768w, https:\/\/swissfederalism.ch\/wp-content\/uploads\/2023\/02\/Tschaggata-Photo-by-David-Yela-CC-BY-SA-4.0-via-Wikimedia-Commons-350x280.jpg 350w\" sizes=\"(max-width: 1024px) 100vw, 1024px\" \/><\/a><figcaption id=\"caption-attachment-227103\" class=\"wp-caption-text\"><span class=\"font-377884\">Tsch\u00e4gg\u00e4t\u00e4 Photo by David Yela, CC BY-SA 4.0 via Wikimedia Commons<\/span><\/figcaption><\/figure>\n<p><span class=\"font-377884\">It used to be that only single men wore these masks made of pine wood, goat or sheep skins and old-fashioned inverted clothing and cowbells called &#8216;Tsch\u00e4gg\u00e4tta&#8217;. Today, however, married men also take part and local tourist boards promote this tradition to attract visitors from outside. Anyone who encounters them is chased and &#8216;haunted&#8217; by these figures, who rub their gloves soaked in snow or soot onto the faces of the unfortunate (mainly women and children).<\/span><\/p>\n<p><span class=\"font-377884\">The ancient tradition brings with it a multitude of myths and stories. During the procession, one can admire these figures with their handmade masks, each with its own story to tell.<\/span><\/p>\n<p><span class=\"font-377884\">The ancient masks can also be admired in the L\u00f6tschental Museum.<\/span><\/p>\n<\/div>\n","protected":false},"excerpt":{"rendered":"<p>Carnival is celebrated in many different ways: carnival parades, music, masks and dressing up play an important role.<\/p>\n","protected":false},"author":9,"featured_media":227096,"comment_status":"open","ping_status":"closed","sticky":false,"template":"","format":"standard","meta":{"footnotes":""},"categories":[258,1344,317,260,210,257,2323],"tags":[539,887,268,1468,1708],"class_list":["post-227139","post","type-post","status-publish","format-standard","has-post-thumbnail","hentry","category-culture","category-curiosity","category-events","category-highlights","category-magazine","category-switzerland","category-tourism","tag-culture-en","tag-switzerland-en","tag-tourism","tag-traditions","tag-unesco-intangible-cultural-heritage"],"_links":{"self":[{"href":"https:\/\/swissfederalism.ch\/en\/wp-json\/wp\/v2\/posts\/227139","targetHints":{"allow":["GET"]}}],"collection":[{"href":"https:\/\/swissfederalism.ch\/en\/wp-json\/wp\/v2\/posts"}],"about":[{"href":"https:\/\/swissfederalism.ch\/en\/wp-json\/wp\/v2\/types\/post"}],"author":[{"embeddable":true,"href":"https:\/\/swissfederalism.ch\/en\/wp-json\/wp\/v2\/users\/9"}],"replies":[{"embeddable":true,"href":"https:\/\/swissfederalism.ch\/en\/wp-json\/wp\/v2\/comments?post=227139"}],"version-history":[{"count":2,"href":"https:\/\/swissfederalism.ch\/en\/wp-json\/wp\/v2\/posts\/227139\/revisions"}],"predecessor-version":[{"id":227141,"href":"https:\/\/swissfederalism.ch\/en\/wp-json\/wp\/v2\/posts\/227139\/revisions\/227141"}],"wp:featuredmedia":[{"embeddable":true,"href":"https:\/\/swissfederalism.ch\/en\/wp-json\/wp\/v2\/media\/227096"}],"wp:attachment":[{"href":"https:\/\/swissfederalism.ch\/en\/wp-json\/wp\/v2\/media?parent=227139"}],"wp:term":[{"taxonomy":"category","embeddable":true,"href":"https:\/\/swissfederalism.ch\/en\/wp-json\/wp\/v2\/categories?post=227139"},{"taxonomy":"post_tag","embeddable":true,"href":"https:\/\/swissfederalism.ch\/en\/wp-json\/wp\/v2\/tags?post=227139"}],"curies":[{"name":"wp","href":"https:\/\/api.w.org\/{rel}","templated":true}]}}