{"id":225865,"date":"2022-12-10T10:23:40","date_gmt":"2022-12-10T10:23:40","guid":{"rendered":"https:\/\/swissfederalism.ch\/consiglio-federale-svizzero-si-rinnova\/"},"modified":"2022-12-10T10:44:30","modified_gmt":"2022-12-10T10:44:30","slug":"swiss-federal-council-gets-a-makeover","status":"publish","type":"post","link":"https:\/\/swissfederalism.ch\/en\/swiss-federal-council-gets-a-makeover\/","title":{"rendered":"The Swiss Federal Council gets a makeover"},"content":{"rendered":"<hgroup class=\"c-article_hGroup \">\n<h1 class=\"c-article_title\"><span class=\"font-377884\">The Swiss Federal Council gets a makeover<\/span><\/h1>\n<h3 class=\"c-article_subTitle\"><span class=\"font-377884\">On December 7, 2022, the Federal Assembly elected Albert R\u00f6sti and Elisabeth Baume-Schneider to the Federal Council.<\/span><\/h3>\n<\/hgroup>\n<p><span class=\"font-377884\">The year 2022 will close with several changes in the Federal Council: the resignation of <strong>Ueli Maurer<\/strong> (SVP\/UDC), head of the Department of Finance who will be replaced by <strong>Albert R\u00f6sti<\/strong> (SVP), and the resignation of <strong>Simonetta Sommaruga<\/strong> (SP), head of the Department of Environment, Transport, Energy and Communications who will be replaced by<strong> \u00c9lisabeth Baume-Schneider<\/strong> (SP) will also lead to a reshuffling of roles.<\/span><\/p>\n<figure id=\"attachment_225831\" aria-describedby=\"caption-attachment-225831\" style=\"width: 840px\" class=\"wp-caption aligncenter\"><a href=\"https:\/\/swissfederalism.ch\/en\/il-consiglio-federale-2023-bk-tweet-br-wahlen-gruppenfoto-2\/\" rel=\"attachment wp-att-225831\"><img decoding=\"async\" class=\"size-large wp-image-225831\" src=\"https:\/\/swissfederalism.ch\/wp-content\/uploads\/2022\/12\/Il-Consiglio-federale-2023.-BK-Tweet-BR-Wahlen-Gruppenfoto-1024x576.jpg\" alt=\"Il Consiglio federale 2023. (BK) -Tweet-BR-Wahlen-Gruppenfoto\" width=\"840\" height=\"473\" srcset=\"https:\/\/swissfederalism.ch\/wp-content\/uploads\/2022\/12\/Il-Consiglio-federale-2023.-BK-Tweet-BR-Wahlen-Gruppenfoto-1024x576.jpg 1024w, https:\/\/swissfederalism.ch\/wp-content\/uploads\/2022\/12\/Il-Consiglio-federale-2023.-BK-Tweet-BR-Wahlen-Gruppenfoto-300x169.jpg 300w, https:\/\/swissfederalism.ch\/wp-content\/uploads\/2022\/12\/Il-Consiglio-federale-2023.-BK-Tweet-BR-Wahlen-Gruppenfoto-768x432.jpg 768w, https:\/\/swissfederalism.ch\/wp-content\/uploads\/2022\/12\/Il-Consiglio-federale-2023.-BK-Tweet-BR-Wahlen-Gruppenfoto-1536x864.jpg 1536w, https:\/\/swissfederalism.ch\/wp-content\/uploads\/2022\/12\/Il-Consiglio-federale-2023.-BK-Tweet-BR-Wahlen-Gruppenfoto-350x197.jpg 350w, https:\/\/swissfederalism.ch\/wp-content\/uploads\/2022\/12\/Il-Consiglio-federale-2023.-BK-Tweet-BR-Wahlen-Gruppenfoto.jpg 1600w\" sizes=\"(max-width: 840px) 100vw, 840px\" \/><\/a><figcaption id=\"caption-attachment-225831\" class=\"wp-caption-text\"><\/span> <span class=\"font-377884\">The Federal Council 2023. (BK) -Tweet-BR-Wahlen-Gruppenfoto<\/span><\/figcaption><\/figure>\n<p><span class=\"font-377884\">In Switzerland, the Federal Council is elected by the Federal Assembly (Parliament), with the chambers meeting. The election generally takes place every four years in December, during the session following the full renewal of the National Council.<\/span><\/p>\n<h2><span class=\"font-377884\">Federal councillors and their roles<\/span><\/h2>\n<p><span class=\"font-377884\"><strong>Albert R\u00f6sti<\/strong> (SVP\/UDC), will be in charge of the Federal Department of Environment, Transport, Energy and Communication (DETEC) hitherto entrusted to Simonetta Sommaruga.<\/span><\/p>\n<p><span class=\"font-377884\"><strong>\u00c9lisabeth Baume-Schneider<\/strong> (SP) will be in charge of the Federal Department of Justice and Police (FDJP) hitherto entrusted to Karin Keller-Sutter.<\/span><\/p>\n<p><span class=\"font-377884\"><strong>Karin Keller-Sutter<\/strong> (FDP\/PLR) will be in charge of the Federal Department of Finance (FDF) hitherto entrusted to Ueli Maurer.<\/span><\/p>\n<p><span class=\"font-377884\"><strong>Alain Berset<\/strong> (SP) remains in charge of the Federal Department of the Interior (FDHA).<\/span><\/p>\n<p><span class=\"font-377884\"><strong>Guy Parmelin<\/strong> (SVP\/UDC) remains at the Federal Department of Economic Affairs, Education and Research (EAER).<\/span><\/p>\n<p><span class=\"font-377884\"><strong>Ignazio Cassis<\/strong> (FDP\/PLR) remains in charge of the Federal Department of Foreign Affairs (FDFA).<\/span><\/p>\n<p><span class=\"font-377884\"><strong>Viola Amherd<\/strong> (AdC\/DM) remains in charge of the Federal Department of Defense, Population Protection and Sports (DDPS).<\/span><\/p>\n<p><span class=\"font-377884\">The new departmental allocation will be effective <strong>as of Jan. 1, 2023<\/strong>, when the newly elected officials officially take office.<\/span><\/p>\n<p><span class=\"font-377884\"><strong><a href=\"https:\/\/swissfederalism.ch\/en\/the-presidency-of-the-helvetic-confederation-from-1848-to-the-present-day\/\">The Presidency of the Helvetic Confederation from 1848 to the present day<\/a><\/strong><\/span><\/p>\n<p><span class=\"font-377884\"><a href=\"https:\/\/swissfederalism.ch\/en\/motorway-vignette-2023\/\"><strong>Swiss motorway vignette 2023 is yellow<\/strong><\/a><\/span><\/p>\n<h2><span class=\"font-377884\">President of the Confederation 2023<\/span><\/h2>\n<p><span class=\"font-377884\">Federal Councilor <strong>Alain Berset<\/strong> (PS) was elected president of the Confederation for 2023 with 140 votes out of 181 valid ballots thus succeeding Ignazio Cassis.<\/span><\/p>\n<p><span class=\"font-377884\">This vote is repeated every year on the second Wednesday of the winter session of the federal chambers by highlighting a minister&#8217;s approval among parliamentarians based on the votes received.<\/span><\/p>\n<p><span class=\"font-377884\">In his speech, delivered in the four national languages, Berset stressed that the tasks will be very challenging, in a difficult environment full of uncertainties and then recalled that next year will be the 175th anniversary of the Federal Constitution of 1848.<\/span><\/p>\n<p><span class=\"font-377884\">Berset, had already taken office in 2018 and is the third Fribourger to assume the presidency of the Confederation after Joseph Deiss (in 2004) and Jean-Marie Musy (in 1925 and 1930).<\/span><\/p>\n<p><span class=\"font-377884\"><strong>Viola Amherd<\/strong> will instead serve as vice-president of the Confederation.<\/span><\/p>\n<figure id=\"attachment_225850\" aria-describedby=\"caption-attachment-225850\" style=\"width: 410px\" class=\"wp-caption aligncenter\"><a href=\"https:\/\/swissfederalism.ch\/en\/presidenti-della-confederazione-dal-1848-2-3\/\" rel=\"attachment wp-att-225850\"><img decoding=\"async\" class=\"wp-image-225850 size-full\" src=\"https:\/\/swissfederalism.ch\/wp-content\/uploads\/2022\/12\/Presidenti-della-Confederazione-dal-1848-1-scaled.jpg\" alt=\"Presidenti della Confederazione dal 1848\" width=\"410\" height=\"2560\" srcset=\"https:\/\/swissfederalism.ch\/wp-content\/uploads\/2022\/12\/Presidenti-della-Confederazione-dal-1848-1-scaled.jpg 410w, https:\/\/swissfederalism.ch\/wp-content\/uploads\/2022\/12\/Presidenti-della-Confederazione-dal-1848-1-48x300.jpg 48w, https:\/\/swissfederalism.ch\/wp-content\/uploads\/2022\/12\/Presidenti-della-Confederazione-dal-1848-1-164x1024.jpg 164w, https:\/\/swissfederalism.ch\/wp-content\/uploads\/2022\/12\/Presidenti-della-Confederazione-dal-1848-1-246x1536.jpg 246w, https:\/\/swissfederalism.ch\/wp-content\/uploads\/2022\/12\/Presidenti-della-Confederazione-dal-1848-1-328x2048.jpg 328w\" sizes=\"(max-width: 410px) 100vw, 410px\" \/><\/a><figcaption id=\"caption-attachment-225850\" class=\"wp-caption-text\"><\/span> <span class=\"font-377884\">Presidents of the Confederation since 1848<\/span><\/figcaption><\/figure>\n<h2><span class=\"font-377884\">New Federal Councillors<\/span><\/h2>\n<h3><span class=\"font-377884\">Albert R\u00f6sti (SVP\/UDC)<\/span><\/h3>\n<p><span class=\"font-377884\">Albert R\u00f6sti born in 1967 grew up in Kandersteg (BE). After attending high school in Thun, he studied agronomy at the Swiss Federal Institute of Technology in Zurich, where he received his doctorate in 1997. In 2001 and 2002, he studied at the University of Rochester in the United States, where he earned a Master of Business Administration (MBA).Professionally, he has been active as a lecturer in agriculture, secretary general of the Canton of Bern&#8217;s Directorate of Public Economy and director of the Swiss Milk Producers Cooperative, among other things. Since 2013, he has headed the firm &#8220;B\u00fcro Dr. R\u00f6sti,&#8221; which offers advice on economics and politics. Albert R\u00f6sti has also served several terms on boards of directors and has been active in various associations. He is married and has two adult children.Albert R\u00f6sti began his political career in 2008 in the executive of Uetendorf (BE), where he has served as mayor since 2014. In 2011 he was elected to the National Council. From 2016 to 2020 he was president of the Swiss SVP.<\/span><\/p>\n<h3><span class=\"font-377884\">Elisabeth Baume-Schneider (SP)<\/span><\/h3>\n<p><span class=\"font-377884\">Elisabeth Baume-Schneider born in 1963 grew up in Les Bois (JU). After high school she studied social sciences, economics and political science at the University of Neuch\u00e2tel.<\/span><\/p>\n<p><span class=\"font-377884\">She has been active in social work and directed the Haute \u00e9cole de travail social et de la sant\u00e9 (HETSL) in Lausanne. Elisabeth Baume-Schneider has been committed to various associations and foundations. She is married and has two adult children.<\/span><\/p>\n<p><span class=\"font-377884\">Elisabeth Baume-Schneider has served in various capacities for the Jura Canton SP. From 1995 to 2002 she was a member of the cantonal parliament, which she chaired in 2000. Elected to the cantonal government in 2003, she took over as head of the Department of Education, Culture and Sports until 2015. In 2006, 2008 and 2012 she was president of the State Council. Since the end of 2019, she has represented the canton of Jura in the Council of States.<\/span><\/p>\n<p>&nbsp;<\/p>\n<div class=\"mod mod-text\">\n<p>&nbsp;<\/p>\n<article class=\"clearfix\">\u00a0<\/article>\n<\/div>\n<p>&nbsp;<\/p>\n<p>&nbsp;<\/p>\n","protected":false},"excerpt":{"rendered":"<p>On December 7, 2022, the Federal Assembly elected Albert R\u00f6sti and Elisabeth Baume-Schneider to the Federal Council.<\/p>\n","protected":false},"author":9,"featured_media":225832,"comment_status":"open","ping_status":"closed","sticky":false,"template":"","format":"standard","meta":{"footnotes":""},"categories":[260,210,305,257],"tags":[416,922,2309,263,265,887],"class_list":["post-225865","post","type-post","status-publish","format-standard","has-post-thumbnail","hentry","category-highlights","category-magazine","category-politics","category-switzerland","tag-bern","tag-elections","tag-federal-council","tag-future","tag-politics","tag-switzerland-en"],"_links":{"self":[{"href":"https:\/\/swissfederalism.ch\/en\/wp-json\/wp\/v2\/posts\/225865","targetHints":{"allow":["GET"]}}],"collection":[{"href":"https:\/\/swissfederalism.ch\/en\/wp-json\/wp\/v2\/posts"}],"about":[{"href":"https:\/\/swissfederalism.ch\/en\/wp-json\/wp\/v2\/types\/post"}],"author":[{"embeddable":true,"href":"https:\/\/swissfederalism.ch\/en\/wp-json\/wp\/v2\/users\/9"}],"replies":[{"embeddable":true,"href":"https:\/\/swissfederalism.ch\/en\/wp-json\/wp\/v2\/comments?post=225865"}],"version-history":[{"count":2,"href":"https:\/\/swissfederalism.ch\/en\/wp-json\/wp\/v2\/posts\/225865\/revisions"}],"predecessor-version":[{"id":225867,"href":"https:\/\/swissfederalism.ch\/en\/wp-json\/wp\/v2\/posts\/225865\/revisions\/225867"}],"wp:featuredmedia":[{"embeddable":true,"href":"https:\/\/swissfederalism.ch\/en\/wp-json\/wp\/v2\/media\/225832"}],"wp:attachment":[{"href":"https:\/\/swissfederalism.ch\/en\/wp-json\/wp\/v2\/media?parent=225865"}],"wp:term":[{"taxonomy":"category","embeddable":true,"href":"https:\/\/swissfederalism.ch\/en\/wp-json\/wp\/v2\/categories?post=225865"},{"taxonomy":"post_tag","embeddable":true,"href":"https:\/\/swissfederalism.ch\/en\/wp-json\/wp\/v2\/tags?post=225865"}],"curies":[{"name":"wp","href":"https:\/\/api.w.org\/{rel}","templated":true}]}}