{"id":106357,"date":"2021-06-15T14:32:40","date_gmt":"2021-06-15T14:32:40","guid":{"rendered":"https:\/\/swissfederalism.ch\/svizzera-e-grigioni-per-la-promozione-di-italiano-e-romancio\/"},"modified":"2021-06-20T17:57:29","modified_gmt":"2021-06-20T17:57:29","slug":"switzerland-and-graubunden-for-the-promotion-of-italian-and-romansh","status":"publish","type":"post","link":"https:\/\/swissfederalism.ch\/en\/switzerland-and-graubunden-for-the-promotion-of-italian-and-romansh\/","title":{"rendered":"Switzerland and Graub\u00fcnden for the promotion of Italian and Romansh"},"content":{"rendered":"<h1>Switzerland and Graub\u00fcnden for the promotion of Italian and Romansh<\/h1>\n<h3><em>Unprecedented service contract between the federal government and the government of Chur for the preservation and protection of minority languages in the period 2021-2024<\/em><\/h3>\n<p>The Federal Office of Culture has signed with the Canton of Graub\u00fcnden the performance contract for the preservation and promotion of the Romansh and Italian languages and cultures in the period 2021-2024.<br \/>\nFrom now on, the FOC will also be involved outside the Canton of Graub\u00fcnden and will publish the call for tenders for a new promotion programme in June. This is a further step in the promotion of the country&#8217;s minority languages.<\/p>\n<p><strong><a title=\"Evviva la prima \u201cSettimana Romancia\u201d nella storia svizzera!\" href=\"https:\/\/swissfederalism.ch\/en\/hurray-for-the-first-romancia-week-in-swiss-history\/\" target=\"_blank\" rel=\"noopener\">Hurray for the first &#8220;Romancia Week&#8221; in Swiss history!<\/a><\/strong><\/p>\n<figure id=\"attachment_98193\" aria-describedby=\"caption-attachment-98193\" style=\"width: 840px\" class=\"wp-caption aligncenter\"><img decoding=\"async\" class=\"wp-image-98193 size-large\" src=\"https:\/\/swissfederalism.ch\/wp-content\/uploads\/2021\/05\/Alcune-pagine-del-fumetto-italiano-Le-Guardie-del-Papa-1024x683.jpeg\" alt=\"Alcune pagine del fumetto italiano &quot;Le Guardie del Papa&quot;\" width=\"840\" height=\"560\" srcset=\"https:\/\/swissfederalism.ch\/wp-content\/uploads\/2021\/05\/Alcune-pagine-del-fumetto-italiano-Le-Guardie-del-Papa-1024x683.jpeg 1024w, https:\/\/swissfederalism.ch\/wp-content\/uploads\/2021\/05\/Alcune-pagine-del-fumetto-italiano-Le-Guardie-del-Papa-300x200.jpeg 300w, https:\/\/swissfederalism.ch\/wp-content\/uploads\/2021\/05\/Alcune-pagine-del-fumetto-italiano-Le-Guardie-del-Papa-768x512.jpeg 768w, https:\/\/swissfederalism.ch\/wp-content\/uploads\/2021\/05\/Alcune-pagine-del-fumetto-italiano-Le-Guardie-del-Papa-1536x1024.jpeg 1536w, https:\/\/swissfederalism.ch\/wp-content\/uploads\/2021\/05\/Alcune-pagine-del-fumetto-italiano-Le-Guardie-del-Papa.jpeg 1920w\" sizes=\"(max-width: 840px) 100vw, 840px\" \/><figcaption id=\"caption-attachment-98193\" class=\"wp-caption-text\">Some pages from the Italian comic strip &#8220;The Pope&#8217;s Guards&#8221;<\/figcaption><\/figure>\n<h4>Towards greater collaboration and new priorities<\/h4>\n<p>The new service contract between the canton of Graub\u00fcnden and the FOC aims at closer cooperation between the federal government and the canton in measures to safeguard and promote the Romansh and Italian languages.<br \/>\nIt also stipulates that resources be focused on certain priority areas.<br \/>\nThe Canton of Graub\u00fcnden has already defined the first measures, for example in the areas of education and administration.<\/p>\n<p><strong><a title=\"I Distretti svizzeri? Ancora figli di un federalismo minore\" href=\"https:\/\/swissfederalism.ch\/en\/the-swiss-districts-still-children-of-a-minor-federalism\/\" target=\"_blank\" rel=\"noopener\">The Swiss Districts? Still children of a minor federalism<\/a><\/strong><\/p>\n<figure id=\"attachment_87681\" aria-describedby=\"caption-attachment-87681\" style=\"width: 840px\" class=\"wp-caption aligncenter\"><img decoding=\"async\" class=\"wp-image-87681 size-large\" src=\"https:\/\/swissfederalism.ch\/wp-content\/uploads\/2021\/02\/Un-avviso-in-idioma-romancio-in-centro-a-Zuoz-1024x683.jpeg\" alt=\"Un avviso scolastico in idioma romancio in centro a Zuoz\" width=\"840\" height=\"560\" srcset=\"https:\/\/swissfederalism.ch\/wp-content\/uploads\/2021\/02\/Un-avviso-in-idioma-romancio-in-centro-a-Zuoz-1024x683.jpeg 1024w, https:\/\/swissfederalism.ch\/wp-content\/uploads\/2021\/02\/Un-avviso-in-idioma-romancio-in-centro-a-Zuoz-300x200.jpeg 300w, https:\/\/swissfederalism.ch\/wp-content\/uploads\/2021\/02\/Un-avviso-in-idioma-romancio-in-centro-a-Zuoz-768x512.jpeg 768w, https:\/\/swissfederalism.ch\/wp-content\/uploads\/2021\/02\/Un-avviso-in-idioma-romancio-in-centro-a-Zuoz-1536x1024.jpeg 1536w, https:\/\/swissfederalism.ch\/wp-content\/uploads\/2021\/02\/Un-avviso-in-idioma-romancio-in-centro-a-Zuoz.jpeg 1920w\" sizes=\"(max-width: 840px) 100vw, 840px\" \/><figcaption id=\"caption-attachment-87681\" class=\"wp-caption-text\">A school notice in Romansh language in the center of Zuoz<\/figcaption><\/figure>\n<h4>22 million investment in the project by Bern<\/h4>\n<p>As part of its message on culture, the Confederation will contribute around CHF 22 million over the next few years to the preservation and promotion of the two minority languages in the canton of Graub\u00fcnden.<br \/>\nIn addition, the aim is to support Romansh children and young people in learning and experiencing their language and culture outside their traditional territory, both in the canton of Graub\u00fcnden and in other parts of Switzerland.<br \/>\nIn June, the FOC will be launching a call for tenders for a promotion programme to support projects in the Romansh &#8220;diaspora&#8221;.<br \/>\nFor the period 2021-2024, CHF 400,000 will be made available annually, as indicated in the preliminary information on the call.<\/p>\n<p><strong><a title=\"Prime \u201cGiornate grigionitaliane\u201d nell\u2019estate in Valposchiavo\" href=\"https:\/\/swissfederalism.ch\/en\/first-giornate-grigionitaliane-in-the-summer-in-valposchiavo\/\" target=\"_blank\" rel=\"noopener\">First &#8220;Graub\u00fcnden days&#8221; in the summer in Valposchiavo<\/a><\/strong><\/p>\n<p>&nbsp;<\/p>\n<figure id=\"attachment_85901\" aria-describedby=\"caption-attachment-85901\" style=\"width: 840px\" class=\"wp-caption aligncenter\"><img decoding=\"async\" class=\"wp-image-85901 size-large\" src=\"https:\/\/swissfederalism.ch\/wp-content\/uploads\/2021\/01\/Switzerland_Linguistic_EN-1024x686.png\" alt=\"In Svizzera si parlano quattro lingue: tedesco, francese, italiano e romancio\" width=\"840\" height=\"563\" srcset=\"https:\/\/swissfederalism.ch\/wp-content\/uploads\/2021\/01\/Switzerland_Linguistic_EN-1024x686.png 1024w, https:\/\/swissfederalism.ch\/wp-content\/uploads\/2021\/01\/Switzerland_Linguistic_EN-300x201.png 300w, https:\/\/swissfederalism.ch\/wp-content\/uploads\/2021\/01\/Switzerland_Linguistic_EN-768x515.png 768w, https:\/\/swissfederalism.ch\/wp-content\/uploads\/2021\/01\/Switzerland_Linguistic_EN-1536x1029.png 1536w, https:\/\/swissfederalism.ch\/wp-content\/uploads\/2021\/01\/Switzerland_Linguistic_EN-2048x1372.png 2048w, https:\/\/swissfederalism.ch\/wp-content\/uploads\/2021\/01\/Switzerland_Linguistic_EN.png 2067w\" sizes=\"(max-width: 840px) 100vw, 840px\" \/><figcaption id=\"caption-attachment-85901\" class=\"wp-caption-text\">Four languages are spoken in Switzerland: German, French, Italian and Romansh<\/figcaption><\/figure>\n<h4>Strengthening Graub\u00fcnden&#8217;s digital presence at the top<\/h4>\n<p>The first round of projects will serve to identify what kind of promotion is needed and can be implemented effectively.<br \/>\nThe project contributions are aimed, for example, at educational offers, but also at strengthening the digital presence of Romansh, with the aim of improving and simplifying access to the language.<br \/>\nThe language promotion of the Confederation is primarily based on the Language Act of 5 October 2007 (LLing; SR 441.1) and the Language Ordinance of 4 June 2010 (OLing; SR 441.11).<\/p>\n<p><strong><a title=\"WEF: aiuto federale al Cantone dei Grigioni dal 2022 al 2024\" href=\"https:\/\/swissfederalism.ch\/en\/wef-federal-aid-to-the-canton-of-graubunden-from-2022-to-2024\/\" target=\"_blank\" rel=\"noopener\">WEF: Federal aid to the Canton of Graub\u00fcnden from 2022 to 2024<\/a><\/strong><\/p>\n<figure id=\"attachment_87685\" aria-describedby=\"caption-attachment-87685\" style=\"width: 840px\" class=\"wp-caption aligncenter\"><img decoding=\"async\" class=\"wp-image-87685 size-large\" src=\"https:\/\/swissfederalism.ch\/wp-content\/uploads\/2021\/02\/Un-cartello-ferroviario-con-il-testo-in-romancio-in-alto-1024x683.jpeg\" alt=\"Un cartello ferroviario con il testo in romancio in alto\" width=\"840\" height=\"560\" srcset=\"https:\/\/swissfederalism.ch\/wp-content\/uploads\/2021\/02\/Un-cartello-ferroviario-con-il-testo-in-romancio-in-alto-1024x683.jpeg 1024w, https:\/\/swissfederalism.ch\/wp-content\/uploads\/2021\/02\/Un-cartello-ferroviario-con-il-testo-in-romancio-in-alto-300x200.jpeg 300w, https:\/\/swissfederalism.ch\/wp-content\/uploads\/2021\/02\/Un-cartello-ferroviario-con-il-testo-in-romancio-in-alto-768x512.jpeg 768w, https:\/\/swissfederalism.ch\/wp-content\/uploads\/2021\/02\/Un-cartello-ferroviario-con-il-testo-in-romancio-in-alto-1536x1024.jpeg 1536w, https:\/\/swissfederalism.ch\/wp-content\/uploads\/2021\/02\/Un-cartello-ferroviario-con-il-testo-in-romancio-in-alto.jpeg 1920w\" sizes=\"(max-width: 840px) 100vw, 840px\" \/><figcaption id=\"caption-attachment-87685\" class=\"wp-caption-text\">A railway sign with Romansh text at the top<\/figcaption><\/figure>\n<h4>Quadrilinguism as an indispensable constitutional value<\/h4>\n<p>These two legislative instruments implement the constitutional mandate to promote the national languages and their aim is to strengthen Switzerland&#8217;s quadrilinguism, to consolidate the country&#8217;s internal cohesion, to promote individual and institutional multilingualism and, finally, to preserve and promote Romansh and Italian.<\/p>\n<p><strong><a title=\"Il fumetto \u201cLe Guardie del Papa\u201d ora disponibile in italiano\" href=\"https:\/\/swissfederalism.ch\/en\/the-comic-book-le-guardie-del-papa-now-available-in-italian\/\" target=\"_blank\" rel=\"noopener\">The comic book &#8220;The Pope&#8217;s Guards&#8221; now available in Italian<\/a><\/strong><\/p>\n<p><iframe title=\"Die pr\u00e4chtige Parade der Rekruten der Schweizer Armee an der Expo\" width=\"840\" height=\"630\" src=\"https:\/\/www.youtube.com\/embed\/aqZEgzUw9sc?feature=oembed&#038;width=840&#038;height=1000&#038;discover=1\" frameborder=\"0\" allow=\"accelerometer; autoplay; clipboard-write; encrypted-media; gyroscope; picture-in-picture\" allowfullscreen><\/iframe><\/p>\n<p><iframe title=\"Le splendide d\u00e9fil\u00e9 des recrues de l&#039;arm\u00e9e suisse \u00e0 l&#039;Expo\" width=\"840\" height=\"630\" src=\"https:\/\/www.youtube.com\/embed\/tzApS1iDP8E?feature=oembed&#038;width=840&#038;height=1000&#038;discover=1\" frameborder=\"0\" allow=\"accelerometer; autoplay; clipboard-write; encrypted-media; gyroscope; picture-in-picture\" allowfullscreen><\/iframe><\/p>\n<p><iframe title=\"La splendida parata delle reclute dell\u2019esercito svizzero all\u2019Expo\" width=\"840\" height=\"630\" src=\"https:\/\/www.youtube.com\/embed\/nrHUUPOjW3U?feature=oembed&#038;width=840&#038;height=1000&#038;discover=1\" frameborder=\"0\" allow=\"accelerometer; autoplay; clipboard-write; encrypted-media; gyroscope; picture-in-picture\" allowfullscreen><\/iframe><\/p>\n<figure id=\"attachment_87689\" aria-describedby=\"caption-attachment-87689\" style=\"width: 840px\" class=\"wp-caption aligncenter\"><img decoding=\"async\" class=\"wp-image-87689 size-large\" src=\"https:\/\/swissfederalism.ch\/wp-content\/uploads\/2021\/02\/Un-cartello-stradale-con-il-testo-in-romancio-in-basso-1024x683.jpeg\" alt=\"Un cartello stradale con il testo in romancio in basso\" width=\"840\" height=\"560\" srcset=\"https:\/\/swissfederalism.ch\/wp-content\/uploads\/2021\/02\/Un-cartello-stradale-con-il-testo-in-romancio-in-basso-1024x683.jpeg 1024w, https:\/\/swissfederalism.ch\/wp-content\/uploads\/2021\/02\/Un-cartello-stradale-con-il-testo-in-romancio-in-basso-300x200.jpeg 300w, https:\/\/swissfederalism.ch\/wp-content\/uploads\/2021\/02\/Un-cartello-stradale-con-il-testo-in-romancio-in-basso-768x512.jpeg 768w, https:\/\/swissfederalism.ch\/wp-content\/uploads\/2021\/02\/Un-cartello-stradale-con-il-testo-in-romancio-in-basso-1536x1024.jpeg 1536w, https:\/\/swissfederalism.ch\/wp-content\/uploads\/2021\/02\/Un-cartello-stradale-con-il-testo-in-romancio-in-basso.jpeg 1920w\" sizes=\"(max-width: 840px) 100vw, 840px\" \/><figcaption id=\"caption-attachment-87689\" class=\"wp-caption-text\">A road sign with Romansh text at the bottom<\/figcaption><\/figure>\n","protected":false},"excerpt":{"rendered":"<p>Unprecedented performance contract between the federal government and the government of Chur for the preservation and protection of minority languages in the period 2021-2024<\/p>\n","protected":false},"author":2,"featured_media":105326,"comment_status":"open","ping_status":"closed","sticky":false,"template":"","format":"standard","meta":{"footnotes":""},"categories":[320,258,260,210,305,257],"tags":[868,669,742,539,430],"class_list":["post-106357","post","type-post","status-publish","format-standard","has-post-thumbnail","hentry","category-canton-of-the-grisons","category-culture","category-highlights","category-magazine","category-politics","category-switzerland","tag-bureaucracy","tag-communication","tag-culture-2","tag-culture-en","tag-grisons"],"_links":{"self":[{"href":"https:\/\/swissfederalism.ch\/en\/wp-json\/wp\/v2\/posts\/106357","targetHints":{"allow":["GET"]}}],"collection":[{"href":"https:\/\/swissfederalism.ch\/en\/wp-json\/wp\/v2\/posts"}],"about":[{"href":"https:\/\/swissfederalism.ch\/en\/wp-json\/wp\/v2\/types\/post"}],"author":[{"embeddable":true,"href":"https:\/\/swissfederalism.ch\/en\/wp-json\/wp\/v2\/users\/2"}],"replies":[{"embeddable":true,"href":"https:\/\/swissfederalism.ch\/en\/wp-json\/wp\/v2\/comments?post=106357"}],"version-history":[{"count":3,"href":"https:\/\/swissfederalism.ch\/en\/wp-json\/wp\/v2\/posts\/106357\/revisions"}],"predecessor-version":[{"id":106360,"href":"https:\/\/swissfederalism.ch\/en\/wp-json\/wp\/v2\/posts\/106357\/revisions\/106360"}],"wp:featuredmedia":[{"embeddable":true,"href":"https:\/\/swissfederalism.ch\/en\/wp-json\/wp\/v2\/media\/105326"}],"wp:attachment":[{"href":"https:\/\/swissfederalism.ch\/en\/wp-json\/wp\/v2\/media?parent=106357"}],"wp:term":[{"taxonomy":"category","embeddable":true,"href":"https:\/\/swissfederalism.ch\/en\/wp-json\/wp\/v2\/categories?post=106357"},{"taxonomy":"post_tag","embeddable":true,"href":"https:\/\/swissfederalism.ch\/en\/wp-json\/wp\/v2\/tags?post=106357"}],"curies":[{"name":"wp","href":"https:\/\/api.w.org\/{rel}","templated":true}]}}