{"id":106337,"date":"2021-06-12T13:50:28","date_gmt":"2021-06-12T13:50:28","guid":{"rendered":"https:\/\/swissfederalism.ch\/incontri-bilaterali-della-svizzera-con-gli-usa-e-la-russia\/"},"modified":"2021-06-20T17:14:28","modified_gmt":"2021-06-20T17:14:28","slug":"switzerlands-bilateral-meetings-with-the-usa-and-russia","status":"publish","type":"post","link":"https:\/\/swissfederalism.ch\/en\/switzerlands-bilateral-meetings-with-the-usa-and-russia\/","title":{"rendered":"Switzerland&#8217;s bilateral meetings with the USA and Russia"},"content":{"rendered":"<h1>Switzerland&#8217;s bilateral meetings with the USA and Russia<\/h1>\n<h3><em>In Geneva a delegation led by Guy Parmelin, President of the Swiss Confederation, will see Joseph R. Biden Jr. and Vladimir Putin between Tuesday 15 and Wednesday 16<\/em><\/h3>\n<p>On Wednesday, June 16, 2021, the high-level meeting between U.S. President Joseph R. Biden Jr. and Russian President Vladimir Putin will take place in Geneva at the Villa La Grange.<br \/>\nAs part of this summit, Switzerland will meet with both the United States and Russia. These meetings will focus on bilateral issues.<br \/>\nThe meeting with the United States will take place on Tuesday, June 15. The U.S. delegation, which will be led by President Joseph R. Biden Jr. will also include Secretary of State Antony Blinken and National Security Advisor Jake Sullivan.<br \/>\nThe Swiss delegation, led by President Guy Parmelin, will include Federal Councillor Ignazio Cassis, head of the Federal Department of Foreign Affairs (FDFA), and Secretaries of State Marie-Gabrielle Ineichen-Fleisch (SECO) and Livia Leu (FDFA).<\/p>\n<p><strong><a title=\"\u201cPi\u00f9 scienza nella diplomazia, pi\u00f9 diplomazia nella scienza\u201d\" href=\"https:\/\/swissfederalism.ch\/en\/more-science-in-diplomacy-more-diplomacy-in-science\/\" target=\"_blank\" rel=\"noopener\">&#8220;More science in diplomacy, more diplomacy in science\u00a0<\/a><br \/>\n<\/strong><strong><a title=\"La Svizzera avr\u00e0 un ambasciatore ad hoc per la\u2026 scienza\" href=\"https:\/\/swissfederalism.ch\/en\/switzerland-will-have-an-ad-hoc-ambassador-for-the-science\/\" target=\"_blank\" rel=\"noopener\">Switzerland will have an ad hoc ambassador for&#8230; science<\/a><br \/>\n<a title=\"L\u2019accordo istituzionale tra la Svizzera e l\u2019UE non ci sar\u00e0\" href=\"https:\/\/swissfederalism.ch\/en\/the-institutional-agreement-between-switzerland-and-the-eu-will-not-happen\/\" target=\"_blank\" rel=\"noopener\">The institutional agreement between Switzerland and the EU will not happen<\/a><br \/>\n<\/strong><\/p>\n<figure id=\"attachment_105086\" aria-describedby=\"caption-attachment-105086\" style=\"width: 300px\" class=\"wp-caption alignnone\"><img decoding=\"async\" class=\"size-medium wp-image-105086\" src=\"https:\/\/swissfederalism.ch\/wp-content\/uploads\/2021\/06\/Bandiera-degli-Stati-Uniti-dAmerica-300x158.jpg\" alt=\"Bandiera degli Stati Uniti d'America\" width=\"300\" height=\"158\" srcset=\"https:\/\/swissfederalism.ch\/wp-content\/uploads\/2021\/06\/Bandiera-degli-Stati-Uniti-dAmerica-300x158.jpg 300w, https:\/\/swissfederalism.ch\/wp-content\/uploads\/2021\/06\/Bandiera-degli-Stati-Uniti-dAmerica-1024x539.jpg 1024w, https:\/\/swissfederalism.ch\/wp-content\/uploads\/2021\/06\/Bandiera-degli-Stati-Uniti-dAmerica-768x404.jpg 768w, https:\/\/swissfederalism.ch\/wp-content\/uploads\/2021\/06\/Bandiera-degli-Stati-Uniti-dAmerica.jpg 1280w\" sizes=\"(max-width: 300px) 100vw, 300px\" \/><figcaption id=\"caption-attachment-105086\" class=\"wp-caption-text\">Flag of the United States of America<\/figcaption><\/figure>\n<figure id=\"attachment_91547\" aria-describedby=\"caption-attachment-91547\" style=\"width: 300px\" class=\"wp-caption alignnone\"><img decoding=\"async\" class=\"size-medium wp-image-91547\" src=\"https:\/\/swissfederalism.ch\/wp-content\/uploads\/2021\/03\/Russia-300x200.jpg\" alt=\"Bandiera della Federazione Russa\" width=\"300\" height=\"200\" srcset=\"https:\/\/swissfederalism.ch\/wp-content\/uploads\/2021\/03\/Russia-300x200.jpg 300w, https:\/\/swissfederalism.ch\/wp-content\/uploads\/2021\/03\/Russia-768x513.jpg 768w, https:\/\/swissfederalism.ch\/wp-content\/uploads\/2021\/03\/Russia.jpg 1000w\" sizes=\"(max-width: 300px) 100vw, 300px\" \/><figcaption id=\"caption-attachment-91547\" class=\"wp-caption-text\">Flag of the Russian Federation<\/figcaption><\/figure>\n<h4>One million US citizens have Swiss ancestry<\/h4>\n<p>At the center of the talks with the United States will be the lasting strengthening of economic relations and close cooperation in the field of education and research. Switzerland&#8217;s good offices will also be discussed.<br \/>\nThe United States and Switzerland have historically had close relations, with approximately one million US citizens of Swiss origin.<br \/>\nAt the same time, the relationship is dynamic and the emphasis is on education, research and innovation. The USA is Switzerland&#8217;s second most important trading partner after the European Union.<br \/>\nFor its part, Switzerland is the sixth most important foreign direct investor and ranks in the top three for investment in research and development in the USA.<br \/>\nAnother important element in the relationship between the two countries is Switzerland&#8217;s mandate as a protective power for the USA.<br \/>\nSwitzerland has represented the interests of the United States in Iran since 1980.<\/p>\n<p><strong><a title=\"Pi\u00f9 federalismo vuole dire Prodotto Interno Lordo pi\u00f9 alto\" href=\"https:\/\/swissfederalism.ch\/en\/more-federalism-means-higher-gross-domestic-product\/\" target=\"_blank\" rel=\"noopener\">More federalism means higher Gross Domestic Product<br \/>\n<\/a><\/strong><strong><a title=\"Spannaus: \u201cBiden e i suoi hanno capito la lezione di Trump\u201d\" href=\"https:\/\/swissfederalism.ch\/en\/spannaus-biden-and-his-people-have-learned-the-lessons-of-trump\/\" target=\"_blank\" rel=\"noopener\">Spannaus: &#8220;Biden and his people have learned the lessons of Trump&#8221;<\/a><\/strong><\/p>\n<figure id=\"attachment_105102\" aria-describedby=\"caption-attachment-105102\" style=\"width: 840px\" class=\"wp-caption aligncenter\"><img decoding=\"async\" class=\"wp-image-105102 size-large\" src=\"https:\/\/swissfederalism.ch\/wp-content\/uploads\/2021\/06\/Joe-Biden-presidente-degli-Stati-Uniti-dAmerica-nel-2020-1024x683.jpeg\" alt=\"Joe Biden, presidente degli Stati Uniti d'America, nel 2020\" width=\"840\" height=\"560\" srcset=\"https:\/\/swissfederalism.ch\/wp-content\/uploads\/2021\/06\/Joe-Biden-presidente-degli-Stati-Uniti-dAmerica-nel-2020-1024x683.jpeg 1024w, https:\/\/swissfederalism.ch\/wp-content\/uploads\/2021\/06\/Joe-Biden-presidente-degli-Stati-Uniti-dAmerica-nel-2020-300x200.jpeg 300w, https:\/\/swissfederalism.ch\/wp-content\/uploads\/2021\/06\/Joe-Biden-presidente-degli-Stati-Uniti-dAmerica-nel-2020-768x512.jpeg 768w, https:\/\/swissfederalism.ch\/wp-content\/uploads\/2021\/06\/Joe-Biden-presidente-degli-Stati-Uniti-dAmerica-nel-2020-1536x1024.jpeg 1536w, https:\/\/swissfederalism.ch\/wp-content\/uploads\/2021\/06\/Joe-Biden-presidente-degli-Stati-Uniti-dAmerica-nel-2020.jpeg 1920w\" sizes=\"(max-width: 840px) 100vw, 840px\" \/><figcaption id=\"caption-attachment-105102\" class=\"wp-caption-text\">Joe Biden, president of the United States of America, in 2020<\/figcaption><\/figure>\n<figure id=\"attachment_105090\" aria-describedby=\"caption-attachment-105090\" style=\"width: 300px\" class=\"wp-caption aligncenter\"><img decoding=\"async\" class=\"size-medium wp-image-105090\" src=\"https:\/\/swissfederalism.ch\/wp-content\/uploads\/2021\/06\/Il-logotipo-del-meeting-fra-USA-e-Russia-del-16-giugno-2021-300x200.jpeg\" alt=\"Il logotipo del meeting fra USA e Russia del 16 giugno 2021 a Ginevra\" width=\"300\" height=\"200\" srcset=\"https:\/\/swissfederalism.ch\/wp-content\/uploads\/2021\/06\/Il-logotipo-del-meeting-fra-USA-e-Russia-del-16-giugno-2021-300x200.jpeg 300w, https:\/\/swissfederalism.ch\/wp-content\/uploads\/2021\/06\/Il-logotipo-del-meeting-fra-USA-e-Russia-del-16-giugno-2021-1024x683.jpeg 1024w, https:\/\/swissfederalism.ch\/wp-content\/uploads\/2021\/06\/Il-logotipo-del-meeting-fra-USA-e-Russia-del-16-giugno-2021-768x512.jpeg 768w, https:\/\/swissfederalism.ch\/wp-content\/uploads\/2021\/06\/Il-logotipo-del-meeting-fra-USA-e-Russia-del-16-giugno-2021-1536x1024.jpeg 1536w, https:\/\/swissfederalism.ch\/wp-content\/uploads\/2021\/06\/Il-logotipo-del-meeting-fra-USA-e-Russia-del-16-giugno-2021.jpeg 1920w\" sizes=\"(max-width: 300px) 100vw, 300px\" \/><figcaption id=\"caption-attachment-105090\" class=\"wp-caption-text\">The logo of the meeting between the U.S. and Russia on June 16, 2021 in Geneva<\/figcaption><\/figure>\n<figure id=\"attachment_105122\" aria-describedby=\"caption-attachment-105122\" style=\"width: 840px\" class=\"wp-caption aligncenter\"><img decoding=\"async\" class=\"wp-image-105122 size-large\" src=\"https:\/\/swissfederalism.ch\/wp-content\/uploads\/2021\/06\/Vladimir-Putin-presidente-della-Federazione-Russa-nel-2017-1024x683.jpeg\" alt=\"Vladimir Putin, presidente della Federazione Russa, nel 2017\" width=\"840\" height=\"560\" srcset=\"https:\/\/swissfederalism.ch\/wp-content\/uploads\/2021\/06\/Vladimir-Putin-presidente-della-Federazione-Russa-nel-2017-1024x683.jpeg 1024w, https:\/\/swissfederalism.ch\/wp-content\/uploads\/2021\/06\/Vladimir-Putin-presidente-della-Federazione-Russa-nel-2017-300x200.jpeg 300w, https:\/\/swissfederalism.ch\/wp-content\/uploads\/2021\/06\/Vladimir-Putin-presidente-della-Federazione-Russa-nel-2017-768x512.jpeg 768w, https:\/\/swissfederalism.ch\/wp-content\/uploads\/2021\/06\/Vladimir-Putin-presidente-della-Federazione-Russa-nel-2017-1536x1024.jpeg 1536w, https:\/\/swissfederalism.ch\/wp-content\/uploads\/2021\/06\/Vladimir-Putin-presidente-della-Federazione-Russa-nel-2017.jpeg 1920w\" sizes=\"(max-width: 840px) 100vw, 840px\" \/><figcaption id=\"caption-attachment-105122\" class=\"wp-caption-text\">Vladimir Putin, president of the Russian Federation, in 2017<\/figcaption><\/figure>\n<h4>Protecting power of the Russian Federation and Georgia<\/h4>\n<p>Bilateral talks with Russia will take place on Wednesday, June 16. The Russian delegation, headed by President Vladimir Putin, will also include Foreign Minister Sergei Lavrov. The Swiss delegation will be identical to that for the meeting with the United States.<br \/>\nRussia, like the United States, belongs to the priority countries for Swiss foreign policy. Bilateral relations are good and intense in many areas.<br \/>\nThe declared objective of the Foreign Policy Strategy is to maintain a critical and constructive dialogue with Russia in order to further strengthen relations.<br \/>\nOf particular importance are contacts through Switzerland&#8217;s protective power mandate for Russia and Georgia.<br \/>\nGreat potential also exists with regard to economic exchanges.<br \/>\nSecurity issues in Europe and the desire to strengthen the multilateral level (Council of Europe and OSCE) will also be addressed during the talks.<\/p>\n<p><strong><a title=\"C\u2019\u00e8 un memorandum d\u2019intesa doganale fra Russia e Svizzera\" href=\"https:\/\/swissfederalism.ch\/en\/there-is-a-customs-memorandum-of-understanding-between-russia-and-switzerland\/\" target=\"_blank\" rel=\"noopener\">There is a customs memorandum of understanding between Russia and Switzerland<br \/>\n<\/a><\/strong><strong><a title=\"Quell\u2019isolata bandiera russa su una remota cima delle Alpi\" href=\"https:\/\/swissfederalism.ch\/en\/isolated-russian-flag-on-a-remote-peak-of-the-alps\/\" target=\"_blank\" rel=\"noopener\">That isolated Russian flag on a remote peak of the Alps<\/a><\/strong><\/p>\n<figure id=\"attachment_105110\" aria-describedby=\"caption-attachment-105110\" style=\"width: 840px\" class=\"wp-caption aligncenter\"><img decoding=\"async\" class=\"wp-image-105110 size-large\" src=\"https:\/\/swissfederalism.ch\/wp-content\/uploads\/2021\/06\/Ronald-Reagan-e-Mikhail-Gorbaciov-in-occasione-del-summit-fra-USA-e-URSS-del-1985-2-1024x683.jpeg\" alt=\"Ronald Reagan e Mikhail Gorbaciov in occasione del summit fra USA e URSS del 1985 a Ginevra\" width=\"840\" height=\"560\" srcset=\"https:\/\/swissfederalism.ch\/wp-content\/uploads\/2021\/06\/Ronald-Reagan-e-Mikhail-Gorbaciov-in-occasione-del-summit-fra-USA-e-URSS-del-1985-2-1024x683.jpeg 1024w, https:\/\/swissfederalism.ch\/wp-content\/uploads\/2021\/06\/Ronald-Reagan-e-Mikhail-Gorbaciov-in-occasione-del-summit-fra-USA-e-URSS-del-1985-2-300x200.jpeg 300w, https:\/\/swissfederalism.ch\/wp-content\/uploads\/2021\/06\/Ronald-Reagan-e-Mikhail-Gorbaciov-in-occasione-del-summit-fra-USA-e-URSS-del-1985-2-768x512.jpeg 768w, https:\/\/swissfederalism.ch\/wp-content\/uploads\/2021\/06\/Ronald-Reagan-e-Mikhail-Gorbaciov-in-occasione-del-summit-fra-USA-e-URSS-del-1985-2-1536x1024.jpeg 1536w, https:\/\/swissfederalism.ch\/wp-content\/uploads\/2021\/06\/Ronald-Reagan-e-Mikhail-Gorbaciov-in-occasione-del-summit-fra-USA-e-URSS-del-1985-2.jpeg 1920w\" sizes=\"(max-width: 840px) 100vw, 840px\" \/><figcaption id=\"caption-attachment-105110\" class=\"wp-caption-text\">Ronald Reagan and Mikhail Gorbachev on the occasion of the 1985 summit between USA and USSR in Geneva<\/figcaption><\/figure>\n<h4>Great media interest and enormous trust in Bern<\/h4>\n<p>The fact that the summit between the United States and Russia is being held in Geneva is a clear demonstration of the trust that these two countries place in Switzerland, which has maintained good relations and an open and transparent dialogue with both countries for years.<br \/>\nSwitzerland is convinced that in order to find solutions to inter-state and global challenges, it is useful and necessary for the major powers to maintain a constructive dialogue. For this reason, Switzerland is making its good offices available to the two countries.<br \/>\nThe interest in this summit is great, more than 1000 media representatives are expected in Geneva. The Confederation and the cantons are taking important security measures.<br \/>\nThe Federal Office of Police (fedpol) has already prepared detailed risk assessments.<br \/>\nOn this basis, security measures will be defined and implemented under the direction of the Geneva cantonal police and in coordination with fedpol, the security officers of the foreign delegations and with the support of police officers from other cantons and the army.<\/p>\n<p><strong><a title=\"Nuovo partenariato strategico tra la Svizzera e l\u2019Austria\" href=\"https:\/\/swissfederalism.ch\/en\/new-strategic-partnership-between-switzerland-and-austria\/\" target=\"_blank\" rel=\"noopener\">New strategic partnership between Switzerland and Austria<br \/>\n<\/a><\/strong><strong><a title=\"Piazza svizzera pi\u00f9 attrattiva in futuro per le fondazioni?\" href=\"https:\/\/swissfederalism.ch\/en\/swiss-market-more-attractive-for-foundations-in-the-future\/\" target=\"_blank\" rel=\"noopener\">Swiss market more attractive for foundations in the future?<\/a><br \/>\n<a title=\"Verso misure per una piazza economica svizzera competitiva\" href=\"https:\/\/swissfederalism.ch\/en\/towards-measures-for-a-competitive-swiss-economy\/\" target=\"_blank\" rel=\"noopener\">Towards measures for a competitive Swiss economy<\/a><\/strong><\/p>\n<figure id=\"attachment_105098\" aria-describedby=\"caption-attachment-105098\" style=\"width: 840px\" class=\"wp-caption aligncenter\"><img decoding=\"async\" class=\"wp-image-105098 size-large\" src=\"https:\/\/swissfederalism.ch\/wp-content\/uploads\/2021\/06\/Il-parco-di-Villa-La-Grange-a-Ginevra-1024x683.jpeg\" alt=\"Il parco di Villa La Grange a Ginevra\" width=\"840\" height=\"560\" srcset=\"https:\/\/swissfederalism.ch\/wp-content\/uploads\/2021\/06\/Il-parco-di-Villa-La-Grange-a-Ginevra-1024x683.jpeg 1024w, https:\/\/swissfederalism.ch\/wp-content\/uploads\/2021\/06\/Il-parco-di-Villa-La-Grange-a-Ginevra-300x200.jpeg 300w, https:\/\/swissfederalism.ch\/wp-content\/uploads\/2021\/06\/Il-parco-di-Villa-La-Grange-a-Ginevra-768x512.jpeg 768w, https:\/\/swissfederalism.ch\/wp-content\/uploads\/2021\/06\/Il-parco-di-Villa-La-Grange-a-Ginevra-1536x1024.jpeg 1536w, https:\/\/swissfederalism.ch\/wp-content\/uploads\/2021\/06\/Il-parco-di-Villa-La-Grange-a-Ginevra.jpeg 1920w\" sizes=\"(max-width: 840px) 100vw, 840px\" \/><figcaption id=\"caption-attachment-105098\" class=\"wp-caption-text\">The park of Villa La Grange in Geneva<\/figcaption><\/figure>\n<h4>One thousand military personnel mobilized in support of the Cantonal Police<\/h4>\n<p>Several measures have also been taken to ensure the security of the airspace during the summit.<br \/>\nIn particular, the surveillance of the airspace by the air force will be intensified and there will be restrictions on civil air traffic.<br \/>\nIn addition to the security measures taken by the cantonal authorities, the army will also provide equipment and up to 1,000 soldiers in support service.<br \/>\nThese measures, which were approved by the Federal Council at its meeting on 11 June 2021, are intended to support and relieve the local authorities.<\/p>\n<p><strong><a title=\"Estremismo nell\u2019esercito: soltanto 39 i \u201ccasi\u201d in Svizzera\" href=\"https:\/\/swissfederalism.ch\/en\/extremism-in-the-army-only-39-cases-in-switzerland\/\" target=\"_blank\" rel=\"noopener\">Extremism in the army: only 39 &#8220;cases&#8221; in Switzerland <\/a><\/strong><br \/>\n<strong><a title=\"L\u2019ebraismo e il musulmanesimo entrano nell\u2019Esercito Svizzero\" href=\"https:\/\/swissfederalism.ch\/en\/judaism-and-muslimism-enter-the-swiss-army\/\" target=\"_blank\" rel=\"noopener\">Judaism and Muslimism enter the Swiss Army<br \/>\n<\/a><\/strong><strong><a title=\"Due nuovi ufficiali superiori per l\u2019esercito della Svizzera\" href=\"https:\/\/swissfederalism.ch\/en\/two-new-senior-officers-for-swiss-army\/\" target=\"_blank\" rel=\"noopener\">Two new senior officers for Swiss Army<\/a><\/strong><\/p>\n<p><iframe title=\"FLIR operations: the flying eye of the Swiss Air Force\" width=\"840\" height=\"473\" src=\"https:\/\/www.youtube.com\/embed\/LMqtKrsYurQ?feature=oembed&#038;width=840&#038;height=1000&#038;discover=1\" frameborder=\"0\" allow=\"accelerometer; autoplay; clipboard-write; encrypted-media; gyroscope; picture-in-picture\" allowfullscreen><\/iframe><\/p>\n<p><iframe title=\"FLIR-Eins\u00e4tze: das fliegende Auge der Schweizer Luftwaffe\" width=\"840\" height=\"473\" src=\"https:\/\/www.youtube.com\/embed\/9ix7Ub9owBc?feature=oembed&#038;width=840&#038;height=1000&#038;discover=1\" frameborder=\"0\" allow=\"accelerometer; autoplay; clipboard-write; encrypted-media; gyroscope; picture-in-picture\" allowfullscreen><\/iframe><\/p>\n<p><iframe title=\"Op\u00e9rations FLIR : l&#039;\u0153il volant des Forces A\u00e9riennes Suisses\" width=\"840\" height=\"473\" src=\"https:\/\/www.youtube.com\/embed\/PkJmRiswqho?feature=oembed&#038;width=840&#038;height=1000&#038;discover=1\" frameborder=\"0\" allow=\"accelerometer; autoplay; clipboard-write; encrypted-media; gyroscope; picture-in-picture\" allowfullscreen><\/iframe><\/p>\n<p><iframe title=\"Operazioni FLIR: l&#039;occhio volante delle Forze Aeree Svizzere\" width=\"840\" height=\"473\" src=\"https:\/\/www.youtube.com\/embed\/2lf1u3iq0qk?feature=oembed&#038;width=840&#038;height=1000&#038;discover=1\" frameborder=\"0\" allow=\"accelerometer; autoplay; clipboard-write; encrypted-media; gyroscope; picture-in-picture\" allowfullscreen><\/iframe><\/p>\n<figure id=\"attachment_105114\" aria-describedby=\"caption-attachment-105114\" style=\"width: 840px\" class=\"wp-caption aligncenter\"><img decoding=\"async\" class=\"wp-image-105114 size-large\" src=\"https:\/\/swissfederalism.ch\/wp-content\/uploads\/2021\/06\/Ronald-Reagan-e-Mikhail-Gorbaciov-in-occasione-del-summit-fra-USA-e-URSS-del-1985-alla-Maison-de-Saussure-1024x683.jpeg\" alt=\"Ronald Reagan e Mikhail Gorbaciov in occasione del summit fra USA e URSS del 1985 alla Maison de Saussure\" width=\"840\" height=\"560\" srcset=\"https:\/\/swissfederalism.ch\/wp-content\/uploads\/2021\/06\/Ronald-Reagan-e-Mikhail-Gorbaciov-in-occasione-del-summit-fra-USA-e-URSS-del-1985-alla-Maison-de-Saussure-1024x683.jpeg 1024w, https:\/\/swissfederalism.ch\/wp-content\/uploads\/2021\/06\/Ronald-Reagan-e-Mikhail-Gorbaciov-in-occasione-del-summit-fra-USA-e-URSS-del-1985-alla-Maison-de-Saussure-300x200.jpeg 300w, https:\/\/swissfederalism.ch\/wp-content\/uploads\/2021\/06\/Ronald-Reagan-e-Mikhail-Gorbaciov-in-occasione-del-summit-fra-USA-e-URSS-del-1985-alla-Maison-de-Saussure-768x512.jpeg 768w, https:\/\/swissfederalism.ch\/wp-content\/uploads\/2021\/06\/Ronald-Reagan-e-Mikhail-Gorbaciov-in-occasione-del-summit-fra-USA-e-URSS-del-1985-alla-Maison-de-Saussure-1536x1024.jpeg 1536w, https:\/\/swissfederalism.ch\/wp-content\/uploads\/2021\/06\/Ronald-Reagan-e-Mikhail-Gorbaciov-in-occasione-del-summit-fra-USA-e-URSS-del-1985-alla-Maison-de-Saussure.jpeg 1920w\" sizes=\"(max-width: 840px) 100vw, 840px\" \/><figcaption id=\"caption-attachment-105114\" class=\"wp-caption-text\">Ronald Reagan and Mikhail Gorbachev during the 1985 summit between USA and USSR at Maison de Saussure<\/figcaption><\/figure>\n","protected":false},"excerpt":{"rendered":"<p>In Geneva, a delegation led by Guy Parmelin, president of the Confederation, will see Joseph R. Biden Jr. between Tuesday 15 and Wednesday 16 Vladimir Putin<\/p>\n","protected":false},"author":3,"featured_media":105107,"comment_status":"open","ping_status":"closed","sticky":false,"template":"","format":"standard","meta":{"footnotes":""},"categories":[988,260,210,305,735,257,1030],"tags":[784,265,739,666,654],"class_list":["post-106337","post","type-post","status-publish","format-standard","has-post-thumbnail","hentry","category-geopolitics","category-highlights","category-magazine","category-politics","category-russia-en","category-switzerland","category-usa-en","tag-geneva","tag-politics","tag-russia-en","tag-security","tag-usa-en"],"_links":{"self":[{"href":"https:\/\/swissfederalism.ch\/en\/wp-json\/wp\/v2\/posts\/106337","targetHints":{"allow":["GET"]}}],"collection":[{"href":"https:\/\/swissfederalism.ch\/en\/wp-json\/wp\/v2\/posts"}],"about":[{"href":"https:\/\/swissfederalism.ch\/en\/wp-json\/wp\/v2\/types\/post"}],"author":[{"embeddable":true,"href":"https:\/\/swissfederalism.ch\/en\/wp-json\/wp\/v2\/users\/3"}],"replies":[{"embeddable":true,"href":"https:\/\/swissfederalism.ch\/en\/wp-json\/wp\/v2\/comments?post=106337"}],"version-history":[{"count":2,"href":"https:\/\/swissfederalism.ch\/en\/wp-json\/wp\/v2\/posts\/106337\/revisions"}],"predecessor-version":[{"id":106339,"href":"https:\/\/swissfederalism.ch\/en\/wp-json\/wp\/v2\/posts\/106337\/revisions\/106339"}],"wp:featuredmedia":[{"embeddable":true,"href":"https:\/\/swissfederalism.ch\/en\/wp-json\/wp\/v2\/media\/105107"}],"wp:attachment":[{"href":"https:\/\/swissfederalism.ch\/en\/wp-json\/wp\/v2\/media?parent=106337"}],"wp:term":[{"taxonomy":"category","embeddable":true,"href":"https:\/\/swissfederalism.ch\/en\/wp-json\/wp\/v2\/categories?post=106337"},{"taxonomy":"post_tag","embeddable":true,"href":"https:\/\/swissfederalism.ch\/en\/wp-json\/wp\/v2\/tags?post=106337"}],"curies":[{"name":"wp","href":"https:\/\/api.w.org\/{rel}","templated":true}]}}