{"id":104948,"date":"2021-06-07T15:58:37","date_gmt":"2021-06-07T15:58:37","guid":{"rendered":"https:\/\/swissfederalism.ch\/garanzia-federale-per-cinque-costituzioni-cantonali-rivedute\/"},"modified":"2021-06-09T09:39:32","modified_gmt":"2021-06-09T09:39:32","slug":"federal-guarantee-for-five-revised-cantonal-constitutions","status":"publish","type":"post","link":"https:\/\/swissfederalism.ch\/en\/federal-guarantee-for-five-revised-cantonal-constitutions\/","title":{"rendered":"Federal guarantee for five revised cantonal constitutions"},"content":{"rendered":"<h1>Federal guarantee for five revised cantonal constitutions<\/h1>\n<h3><em>The Swiss government asks the two branches of parliament to give their approval to the changes to the basic charters of Uri, Schaffhausen, Aargau, Ticino and Geneva<\/em><\/h3>\n<p>The Federal Council has proposed to the Swiss Parliament that the revised constitutions of the cantons of Uri, Schaffhausen, Aargau, Ticino and Geneva be given the federal guarantee.<br \/>\nAs can be seen from the Federal Council message adopted on June 4, 2021, all constitutional amendments are in accordance with the federal law of Switzerland.<br \/>\nInternational law that is binding on Switzerland is also considered federal law. The competence to grant this guarantee lies with the Federal Assembly (Article 172, paragraph 2, of the Federal Constitution).<\/p>\n<p><strong><a href=\"https:\/\/swissfederalism.ch\/wp-content\/uploads\/2021\/06\/66954.pdf\">Bundesbeschluss Entwurf \u00fcber die Gew\u00e4hrleistung der ge\u00e4nderten Verfassungen der Kantone Uri, Schaffhausen, Aargau, Tessin und Genf<\/a><\/strong><br \/>\n<strong><a href=\"https:\/\/swissfederalism.ch\/wp-content\/uploads\/2021\/06\/67004.pdf\">Botschaft zur Gew\u00e4hrleistung der ge\u00e4nderten Verfassungen der Kantone Uri, Schaffhausen, Aargau, Tessin und Genf<\/a><\/strong><br \/>\n<strong><a href=\"https:\/\/swissfederalism.ch\/wp-content\/uploads\/2021\/06\/66956.pdf\">Arr\u00eat\u00e9 f\u00e9d\u00e9ral Projet concernant la garantie des constitutions r\u00e9vis\u00e9es des cantons d\u2019Uri, de Schaffhouse, d\u2019Argovie, du Tessin et de Gen\u00e8ve<\/a><\/strong><br \/>\n<strong><a href=\"https:\/\/swissfederalism.ch\/wp-content\/uploads\/2021\/06\/67005.pdf\">Message concernant la garantie des constitutions r\u00e9vis\u00e9es des cantons d\u2019Uri, de Schaffhouse, d\u2019Argovie, du Tessin et de Gen\u00e8ve<\/a><br \/>\n<a href=\"https:\/\/swissfederalism.ch\/wp-content\/uploads\/2021\/06\/66958.pdf\">Decreto federale Disegno che accorda la garanzia federale alle Costituzioni rivedute dei Cantoni di Uri, Sciaffusa, Argovia, Ticino e Ginevra<\/a><br \/>\n<a href=\"https:\/\/swissfederalism.ch\/wp-content\/uploads\/2021\/06\/66957.pdf\">Messaggio concernente il conferimento della garanzia federale alle Costituzioni rivedute dei Cantoni di Uri, Sciaffusa, Argovia, Ticino e Ginevra<\/a><br \/>\n<\/strong><\/p>\n<figure id=\"attachment_94543\" aria-describedby=\"caption-attachment-94543\" style=\"width: 840px\" class=\"wp-caption aligncenter\"><img decoding=\"async\" class=\"wp-image-94543 size-large\" src=\"https:\/\/swissfederalism.ch\/wp-content\/uploads\/2021\/04\/Il-celeberrimo-Palazzo-Federale-di-Berna-1024x683.jpeg\" alt=\"Il celeberrimo Palazzo Federale di Berna\" width=\"840\" height=\"560\" srcset=\"https:\/\/swissfederalism.ch\/wp-content\/uploads\/2021\/04\/Il-celeberrimo-Palazzo-Federale-di-Berna-1024x683.jpeg 1024w, https:\/\/swissfederalism.ch\/wp-content\/uploads\/2021\/04\/Il-celeberrimo-Palazzo-Federale-di-Berna-300x200.jpeg 300w, https:\/\/swissfederalism.ch\/wp-content\/uploads\/2021\/04\/Il-celeberrimo-Palazzo-Federale-di-Berna-768x512.jpeg 768w, https:\/\/swissfederalism.ch\/wp-content\/uploads\/2021\/04\/Il-celeberrimo-Palazzo-Federale-di-Berna-1536x1024.jpeg 1536w, https:\/\/swissfederalism.ch\/wp-content\/uploads\/2021\/04\/Il-celeberrimo-Palazzo-Federale-di-Berna.jpeg 1920w\" sizes=\"(max-width: 840px) 100vw, 840px\" \/><figcaption id=\"caption-attachment-94543\" class=\"wp-caption-text\">The famous Federal Palace in Bern<\/figcaption><\/figure>\n<h4>Amendments in detail voted by the legislative powers of the cantons<\/h4>\n<p>The constitutional amendments relate to the following:<br \/>\nCanton of Uri: the right of necessity clause;<br \/>\nCanton Schaffhausen: the disclosure of political financing;<br \/>\nCanton Aargau: the competencies of school authorities;<br \/>\nimplementation of the law on cash games;<br \/>\nCanton of Ticino: the principle of subsidiarity;<br \/>\nCanton of Geneva: the Presidency of the State Council and the Presidential Department; tax competition and the implementation of federal tax reforms; the institution for home care, aid and assistance; the implementation of Article 29 of the Convention on the Rights of Persons with Disabilities.<\/p>\n<figure id=\"attachment_90422\" aria-describedby=\"caption-attachment-90422\" style=\"width: 840px\" class=\"wp-caption aligncenter\"><img decoding=\"async\" class=\"wp-image-90422 size-large\" src=\"https:\/\/swissfederalism.ch\/wp-content\/uploads\/2021\/03\/KM05-00205-00-c-greg-2000-df-COMPUTED_THUMBNAIL-1024x683.png\" alt=\"La ripartizione della Svizzera in Regioni e Cantoni\" width=\"840\" height=\"560\" srcset=\"https:\/\/swissfederalism.ch\/wp-content\/uploads\/2021\/03\/KM05-00205-00-c-greg-2000-df-COMPUTED_THUMBNAIL-1024x683.png 1024w, https:\/\/swissfederalism.ch\/wp-content\/uploads\/2021\/03\/KM05-00205-00-c-greg-2000-df-COMPUTED_THUMBNAIL-300x200.png 300w, https:\/\/swissfederalism.ch\/wp-content\/uploads\/2021\/03\/KM05-00205-00-c-greg-2000-df-COMPUTED_THUMBNAIL-768x512.png 768w, https:\/\/swissfederalism.ch\/wp-content\/uploads\/2021\/03\/KM05-00205-00-c-greg-2000-df-COMPUTED_THUMBNAIL-1536x1024.png 1536w, https:\/\/swissfederalism.ch\/wp-content\/uploads\/2021\/03\/KM05-00205-00-c-greg-2000-df-COMPUTED_THUMBNAIL.png 1920w\" sizes=\"(max-width: 840px) 100vw, 840px\" \/><figcaption id=\"caption-attachment-90422\" class=\"wp-caption-text\">The division of Switzerland into regions and cantons<\/figcaption><\/figure>\n","protected":false},"excerpt":{"rendered":"<p>The Swiss government asks the two branches of parliament to approve the changes to the basic maps of Uri, Schaffhausen, Aargau, Ticino and Geneva<\/p>\n","protected":false},"author":2,"featured_media":104730,"comment_status":"open","ping_status":"closed","sticky":false,"template":"","format":"standard","meta":{"footnotes":""},"categories":[390,375,351,340,339,210,305],"tags":[452,498,539,784,1017,887,776,529],"class_list":["post-104948","post","type-post","status-publish","format-standard","has-post-thumbnail","hentry","category-canton-aargau","category-canton-geneva","category-canton-schaffhausen","category-canton-ticino","category-canton-uri","category-magazine","category-politics","tag-aargau-en","tag-cantons","tag-culture-en","tag-geneva","tag-sciaffusa-en","tag-switzerland-en","tag-ticino-en","tag-uri-en"],"_links":{"self":[{"href":"https:\/\/swissfederalism.ch\/en\/wp-json\/wp\/v2\/posts\/104948","targetHints":{"allow":["GET"]}}],"collection":[{"href":"https:\/\/swissfederalism.ch\/en\/wp-json\/wp\/v2\/posts"}],"about":[{"href":"https:\/\/swissfederalism.ch\/en\/wp-json\/wp\/v2\/types\/post"}],"author":[{"embeddable":true,"href":"https:\/\/swissfederalism.ch\/en\/wp-json\/wp\/v2\/users\/2"}],"replies":[{"embeddable":true,"href":"https:\/\/swissfederalism.ch\/en\/wp-json\/wp\/v2\/comments?post=104948"}],"version-history":[{"count":2,"href":"https:\/\/swissfederalism.ch\/en\/wp-json\/wp\/v2\/posts\/104948\/revisions"}],"predecessor-version":[{"id":104950,"href":"https:\/\/swissfederalism.ch\/en\/wp-json\/wp\/v2\/posts\/104948\/revisions\/104950"}],"wp:featuredmedia":[{"embeddable":true,"href":"https:\/\/swissfederalism.ch\/en\/wp-json\/wp\/v2\/media\/104730"}],"wp:attachment":[{"href":"https:\/\/swissfederalism.ch\/en\/wp-json\/wp\/v2\/media?parent=104948"}],"wp:term":[{"taxonomy":"category","embeddable":true,"href":"https:\/\/swissfederalism.ch\/en\/wp-json\/wp\/v2\/categories?post=104948"},{"taxonomy":"post_tag","embeddable":true,"href":"https:\/\/swissfederalism.ch\/en\/wp-json\/wp\/v2\/tags?post=104948"}],"curies":[{"name":"wp","href":"https:\/\/api.w.org\/{rel}","templated":true}]}}