{"id":98738,"date":"2021-05-14T17:25:54","date_gmt":"2021-05-14T17:25:54","guid":{"rendered":"https:\/\/swissfederalism.ch\/maggiore-flessibilita-lavorativa-per-il-personale-federale\/"},"modified":"2022-02-22T17:08:07","modified_gmt":"2022-02-22T17:08:07","slug":"erhoehte-arbeitsflexibilitaet-fuer-bundesbedienstete","status":"publish","type":"post","link":"https:\/\/swissfederalism.ch\/de\/erhoehte-arbeitsflexibilitaet-fuer-bundesbedienstete\/","title":{"rendered":"Erh\u00f6hte Arbeitsflexibilit\u00e4t f\u00fcr Bundesbedienstete"},"content":{"rendered":"<h1>Erh\u00f6hte Arbeitsflexibilit\u00e4t f\u00fcr Bundesbedienstete<\/h1>\n<h3><em>Arbeitnehmern wird mehr Autonomie bei der Bestimmung ihres Arbeitsortes und ihrer Arbeitszeiten einger\u00e4umt sowie erweiterte Garantien f\u00fcr die \u00fcber 55-J\u00e4hrigen<\/em><\/h3>\n<p>Mit einer Revision des Bundespersonalgesetzes f\u00fchrt die Schweizer Regierung neue Bestimmungen zu flexiblen Arbeitsformen in die Personalgesetzgebung ein.<br \/>\nDamit setzt sie ein wesentliches Element der im letzten Jahr definierten Ziele um. Den Mitarbeitern soll mehr Flexibilit\u00e4t bei der Wahl des Arbeitsplatzes und der Arbeitszeiten gew\u00e4hrt werden.<\/p>\n<p><strong><a href=\"https:\/\/swissfederalism.ch\/wp-content\/uploads\/2021\/05\/Anderung-der-Bundespersonalverordnung-BPV.pdf\">\u00c4nderung der Bundespersonalverordnung (BPV)<\/a><\/strong><br \/>\n<strong><a href=\"https:\/\/swissfederalism.ch\/wp-content\/uploads\/2021\/05\/Anderung-der-Verordnung-des-EFD-zur-Bundespersonalverordnung-VBPV.pdf\">\u00c4nderung der Verordnung des EFD zur Bundespersonalverordnung (VBPV)<\/a><\/strong><\/p>\n<p>Der Bundesrat hat an seiner Sitzung vom 12. Mai in einer ersten Phase eine Revision der Bundespersonalverordnung (BPV) verabschiedet, die am 1. Juli 2021 in Kraft treten wird.<br \/>\nUm den zuk\u00fcnftigen Herausforderungen gerecht zu werden, muss die Bundesverwaltung als wettbewerbsf\u00e4higer Arbeitgeber in der Lage sein, kompetente und motivierte Mitarbeiter zu rekrutieren und zu binden. Das erfordert moderne Arbeitsbedingungen.<br \/>\nDie Pandemie hat den bereits begonnenen Trend zu flexibleren Arbeitsformen und einer besseren Work-Life-Balance deutlich beschleunigt.<\/p>\n<p><a href=\"https:\/\/swissfederalism.ch\/de\/die-schweiz-steht-an-der-seite-der-internationalen-arbeitsorganisation\/\"><strong>Die Schweiz ist bei der Internationalen Arbeitsorganisation<\/strong><\/a><\/p>\n<figure id=\"attachment_88450\" aria-describedby=\"caption-attachment-88450\" style=\"width: 840px\" class=\"wp-caption aligncenter\"><img decoding=\"async\" class=\"wp-image-88453 size-large\" src=\"https:\/\/swissfederalism.ch\/wp-content\/uploads\/2021\/03\/Molti-studenti-svizzeri-sono-anche-lavoratori-1024x683.jpeg\" alt=\"Molti studenti svizzeri sono anche lavoratori\" width=\"840\" height=\"560\" srcset=\"https:\/\/swissfederalism.ch\/wp-content\/uploads\/2021\/03\/Molti-studenti-svizzeri-sono-anche-lavoratori-1024x683.jpeg 1024w, https:\/\/swissfederalism.ch\/wp-content\/uploads\/2021\/03\/Molti-studenti-svizzeri-sono-anche-lavoratori-300x200.jpeg 300w, https:\/\/swissfederalism.ch\/wp-content\/uploads\/2021\/03\/Molti-studenti-svizzeri-sono-anche-lavoratori-768x512.jpeg 768w, https:\/\/swissfederalism.ch\/wp-content\/uploads\/2021\/03\/Molti-studenti-svizzeri-sono-anche-lavoratori-1536x1024.jpeg 1536w, https:\/\/swissfederalism.ch\/wp-content\/uploads\/2021\/03\/Molti-studenti-svizzeri-sono-anche-lavoratori.jpeg 1920w\" sizes=\"(max-width: 840px) 100vw, 840px\" \/><figcaption id=\"caption-attachment-88450\" class=\"wp-caption-text\">Viele Schweizer Studenten sind auch Arbeiter<\/figcaption><\/figure>\n<h4>Mensch, Technik und Infrastruktur stehen im Mittelpunkt<\/h4>\n<p>Der Bundesrat hat am 11. Dezember 2020 die Ziele zur Entwicklung flexibler Arbeitsformen verabschiedet und verfolgt damit einen ganzheitlichen Ansatz, der die drei Dimensionen &#8222;Individuum&#8220;, &#8222;Technik&#8220; und &#8222;Infrastruktur&#8220; in diesem Kulturwandel optimal zusammenf\u00fchrt.<br \/>\nIn einem ersten Schritt hat der Bundesrat die erw\u00e4hnte Revision der Bundespersonalverordnung (BPV) genehmigt, die am 1. Juli in Kraft treten wird.<br \/>\nGleichzeitig hat das Eidgen\u00f6ssische Finanzdepartement die Verordnung des EFD zur Bundespersonalverordnung (BPV) angepasst.<\/p>\n<p><a href=\"https:\/\/swissfederalism.ch\/de\/coronavirus-verlaengerung-der-massnahmen-zur-reduzierten-arbeit\/\"><strong>Coronavirus: Verl\u00e4ngerung von Kurzarbeitsma\u00dfnahmen<\/strong><\/a><\/p>\n<figure id=\"attachment_85563\" aria-describedby=\"caption-attachment-85563\" style=\"width: 840px\" class=\"wp-caption aligncenter\"><img decoding=\"async\" class=\"wp-image-86373 size-large\" src=\"https:\/\/swissfederalism.ch\/wp-content\/uploads\/2021\/01\/business-1219868_1920-1024x701.jpg\" alt=\"Lavoratori altamente qualificati in citt\u00e0\" width=\"840\" height=\"575\" srcset=\"https:\/\/swissfederalism.ch\/wp-content\/uploads\/2021\/01\/business-1219868_1920-1024x701.jpg 1024w, https:\/\/swissfederalism.ch\/wp-content\/uploads\/2021\/01\/business-1219868_1920-300x205.jpg 300w, https:\/\/swissfederalism.ch\/wp-content\/uploads\/2021\/01\/business-1219868_1920-768x526.jpg 768w, https:\/\/swissfederalism.ch\/wp-content\/uploads\/2021\/01\/business-1219868_1920-1536x1052.jpg 1536w, https:\/\/swissfederalism.ch\/wp-content\/uploads\/2021\/01\/business-1219868_1920.jpg 1920w\" sizes=\"(max-width: 840px) 100vw, 840px\" \/><figcaption id=\"caption-attachment-85563\" class=\"wp-caption-text\">Hochqualifizierte Arbeitskr\u00e4fte in der Stadt<\/figcaption><\/figure>\n<h4>Hin zu einem etwas &#8222;flexibleren&#8220; Arbeitsplatz- und Arbeitszeitmodell<\/h4>\n<p>Ihre Vorgesetzten f\u00f6rdern flexible Arbeitsformen, insbesondere in Bezug auf den Arbeitsplatz und die Arbeitszeiten.<br \/>\nSie ber\u00fccksichtigen die pers\u00f6nlichen Bed\u00fcrfnisse der Mitarbeiter und geben ihnen die M\u00f6glichkeit, diese Bed\u00fcrfnisse zu erf\u00fcllen, sofern die Aufgabenerf\u00fcllung dies zul\u00e4sst und diese Bed\u00fcrfnisse mit den Interessen des Unternehmens in Einklang gebracht werden k\u00f6nnen.<\/p>\n<p><strong><a href=\"https:\/\/swissfederalism.ch\/wp-content\/uploads\/2021\/05\/Revision-de-lordonnance-sur-le-personnel-de-la-Confederation-OPers.pdf\">R\u00e9vision de l&#8217;ordonnance sur le personnel de la Conf\u00e9d\u00e9ration (OPers)<\/a><\/strong><br \/>\n<strong><a href=\"https:\/\/swissfederalism.ch\/wp-content\/uploads\/2021\/05\/Revision-de-lordonnance-du-DFF-concernant-lordonnance-sur-le-personnel-de-la-Confederation-O-OPers.pdf\">R\u00e9vision de l&#8217;ordonnance du DFF concernant l&#8217;ordonnance sur le personnel de la Conf\u00e9d\u00e9ration (O-OPers)<\/a><\/strong><\/p>\n<p>Auch innerhalb der Bundesverwaltung laufen weitere Projekte, die sich mit den Ver\u00e4nderungen in der Arbeitswelt besch\u00e4ftigen.<br \/>\nObwohl der Schwerpunkt auf den Aufgaben liegt, gibt es kein Recht auf freie Wahl des Arbeitsortes.<br \/>\nMitarbeiter entscheiden gemeinsam mit ihren Vorgesetzten, wo sie arbeiten.<\/p>\n<p><a href=\"https:\/\/swissfederalism.ch\/de\/eine-app-zur-entbuerokratisierung-arbeit-schweizer-bauern\/\"><strong>App soll die Arbeit der Schweizer Bauern unb\u00fcrokratischer machen<\/strong><\/a><\/p>\n<figure id=\"attachment_85564\" aria-describedby=\"caption-attachment-85564\" style=\"width: 840px\" class=\"wp-caption aligncenter\"><img decoding=\"async\" class=\"wp-image-86376 size-large\" src=\"https:\/\/swissfederalism.ch\/wp-content\/uploads\/2021\/01\/workplace-1245776_1920-1024x683.jpg\" alt=\"Lavoratori altamente qualificati in ufficio\" width=\"840\" height=\"560\" srcset=\"https:\/\/swissfederalism.ch\/wp-content\/uploads\/2021\/01\/workplace-1245776_1920-1024x683.jpg 1024w, https:\/\/swissfederalism.ch\/wp-content\/uploads\/2021\/01\/workplace-1245776_1920-300x200.jpg 300w, https:\/\/swissfederalism.ch\/wp-content\/uploads\/2021\/01\/workplace-1245776_1920-768x512.jpg 768w, https:\/\/swissfederalism.ch\/wp-content\/uploads\/2021\/01\/workplace-1245776_1920-1536x1024.jpg 1536w, https:\/\/swissfederalism.ch\/wp-content\/uploads\/2021\/01\/workplace-1245776_1920.jpg 1920w\" sizes=\"(max-width: 840px) 100vw, 840px\" \/><figcaption id=\"caption-attachment-85564\" class=\"wp-caption-text\">Hochqualifizierte B\u00fcrokr\u00e4fte<\/figcaption><\/figure>\n<h4>Co-Working-Spaces oder Hub-Arbeitspl\u00e4tze<\/h4>\n<p>Das Bundespersonalrecht sieht erstmals ausdr\u00fccklich die M\u00f6glichkeit vor, in den R\u00e4umen des Arbeitgebers oder zu Hause zu arbeiten, aber auch in gemeinsam genutzten (&#8222;Co-Working&#8220;) R\u00e4umen, &#8222;Hub&#8220;-Arbeitspl\u00e4tzen oder R\u00e4umen, die an die Bed\u00fcrfnisse des Teams angepasst werden k\u00f6nnen.<br \/>\nEin Rechtsanspruch auf freie Wahl des Arbeitsplatzes besteht jedoch nicht.<br \/>\nUm die Arbeitszeitmodelle noch flexibler zu gestalten, k\u00f6nnen auch die Mitarbeiter der Entgeltgruppen 18-23 vom Vertrauensarbeitszeitmodell profitieren (bisher nur f\u00fcr die Entgeltgruppen 24-29).<\/p>\n<p><strong><a href=\"https:\/\/swissfederalism.ch\/wp-content\/uploads\/2021\/05\/Ordinanza-sul-personale-federale-OPers.pdf\">Ordinanza sul personale federale (OPers)<\/a><\/strong><br \/>\n<strong><a href=\"https:\/\/swissfederalism.ch\/wp-content\/uploads\/2021\/05\/Ordinanza-del-DFF-concernente-lordinanza-sul-personale-federale-O-OPers.pdf\">Ordinanza del DFF concernente l&#8217;ordinanza sul personale federale (O-OPers)<\/a><\/strong><\/p>\n<p>Im Zusammenhang mit mobiler Arbeit (d.h. Arbeit, die au\u00dferhalb des Betriebsgel\u00e4ndes des Arbeitgebers ausgef\u00fchrt wird) regelt die Neufassung weitere wichtige Bereiche wie den Gesundheitsschutz, die Bereitstellung von technischer Infrastruktur und Ausr\u00fcstung f\u00fcr die Arbeitnehmer sowie die Erstattung von Aufwendungen im Zusammenhang mit der Arbeit au\u00dferhalb des Betriebsgel\u00e4ndes.<br \/>\nDer Bundesrat hat zudem beschlossen, den Vaterschaftsurlaub ab dem 1. Januar 2022 von 10 auf 20 Tage zu verl\u00e4ngern.<br \/>\nAm gleichen Tag tritt auch die Novelle \u00fcber die Gehaltsgarantie im Falle einer niedrigeren Arbeitsbewertung oder Einstufung in eine niedrigere Gehaltskategorie in Kraft.<\/p>\n<p><a href=\"https:\/\/swissfederalism.ch\/de\/verbindliche-mindestloehne-fuer-entsandte-arbeitnehmer-aus-der-eu\/\"><strong>Verbindliche Mindestl\u00f6hne f\u00fcr entsandte Arbeitnehmer aus der EU<\/strong><\/a><\/p>\n<figure id=\"attachment_85251\" aria-describedby=\"caption-attachment-85251\" style=\"width: 300px\" class=\"wp-caption aligncenter\"><img decoding=\"async\" class=\"size-medium wp-image-86133\" src=\"https:\/\/swissfederalism.ch\/wp-content\/uploads\/2020\/11\/Flag_of_Switzerland-300x300.png\" alt=\"Bandiera della Confederazione Svizzera\" width=\"300\" height=\"300\" srcset=\"https:\/\/swissfederalism.ch\/wp-content\/uploads\/2020\/11\/Flag_of_Switzerland-300x300.png 300w, https:\/\/swissfederalism.ch\/wp-content\/uploads\/2020\/11\/Flag_of_Switzerland-150x150.png 150w, https:\/\/swissfederalism.ch\/wp-content\/uploads\/2020\/11\/Flag_of_Switzerland.png 512w\" sizes=\"(max-width: 300px) 100vw, 300px\" \/><figcaption id=\"caption-attachment-85251\" class=\"wp-caption-text\">Flagge der Schweizerischen Eidgenossenschaft<\/figcaption><\/figure>\n<h4>Unbefristete Dauer von Arbeitsverh\u00e4ltnissen f\u00fcr &#8222;\u00e4ltere&#8220; Mitarbeiter<\/h4>\n<p>Nach geltendem Recht erhalten Mitarbeiter, die das 55. Lebensjahr bereits vollendet haben und deren Funktion in einer niedrigeren Gehaltsgruppe eingestuft ist oder die in einer Funktion eingesetzt werden, die in einer niedrigeren Gehaltsgruppe eingestuft ist, eine Gehaltsgarantie auf unbestimmte Zeit.<br \/>\nDiese Garantie ist auf maximal 5 Jahre reduziert.<\/p>\n<p><a href=\"https:\/\/swissfederalism.ch\/de\/schweiz-freihafen-hochqualifizierte-arbeitskraefte\/\"><strong>Schweiz &#8222;Freihafen&#8220; f\u00fcr hochqualifizierte Arbeitskr\u00e4fte<\/strong><\/a><\/p>\n<p><iframe title=\"The Swiss Confederation - a brief guide 2021 (English)\" width=\"840\" height=\"630\" src=\"https:\/\/www.youtube.com\/embed\/RMSvWSd32oM?feature=oembed&#038;width=840&#038;height=1000&#038;discover=1\" frameborder=\"0\" allow=\"accelerometer; autoplay; clipboard-write; encrypted-media; gyroscope; picture-in-picture\" allowfullscreen><\/iframe><\/p>\n<p><iframe title=\"Der Bund kurz erkl\u00e4rt 2021 (Deutsch)\" width=\"840\" height=\"630\" src=\"https:\/\/www.youtube.com\/embed\/sjwRmZZBbso?feature=oembed&#038;width=840&#038;height=1000&#038;discover=1\" frameborder=\"0\" allow=\"accelerometer; autoplay; clipboard-write; encrypted-media; gyroscope; picture-in-picture\" allowfullscreen><\/iframe><\/p>\n<p><iframe title=\"La Conf\u00e9d\u00e9ration en bref 2021 (Fran\u00e7ais)\" width=\"840\" height=\"630\" src=\"https:\/\/www.youtube.com\/embed\/6HOB754lwx4?feature=oembed&#038;width=840&#038;height=1000&#038;discover=1\" frameborder=\"0\" allow=\"accelerometer; autoplay; clipboard-write; encrypted-media; gyroscope; picture-in-picture\" allowfullscreen><\/iframe><\/p>\n<p><iframe title=\"La Confederazione in breve 2021 (Italiano)\" width=\"840\" height=\"630\" src=\"https:\/\/www.youtube.com\/embed\/XQ8_wBkvQm0?feature=oembed&#038;width=840&#038;height=1000&#038;discover=1\" frameborder=\"0\" allow=\"accelerometer; autoplay; clipboard-write; encrypted-media; gyroscope; picture-in-picture\" allowfullscreen><\/iframe><\/p>\n<figure id=\"attachment_85559\" aria-describedby=\"caption-attachment-85559\" style=\"width: 840px\" class=\"wp-caption aligncenter\"><img decoding=\"async\" class=\"wp-image-86364 size-large\" src=\"https:\/\/swissfederalism.ch\/wp-content\/uploads\/2021\/01\/women-1209678_1920-1024x683.jpg\" alt=\"Donne al lavoro in ufficio al computer\" width=\"840\" height=\"560\" srcset=\"https:\/\/swissfederalism.ch\/wp-content\/uploads\/2021\/01\/women-1209678_1920-1024x683.jpg 1024w, https:\/\/swissfederalism.ch\/wp-content\/uploads\/2021\/01\/women-1209678_1920-300x200.jpg 300w, https:\/\/swissfederalism.ch\/wp-content\/uploads\/2021\/01\/women-1209678_1920-768x512.jpg 768w, https:\/\/swissfederalism.ch\/wp-content\/uploads\/2021\/01\/women-1209678_1920-1536x1024.jpg 1536w, https:\/\/swissfederalism.ch\/wp-content\/uploads\/2021\/01\/women-1209678_1920.jpg 1920w\" sizes=\"(max-width: 840px) 100vw, 840px\" \/><figcaption id=\"caption-attachment-85559\" class=\"wp-caption-text\">Frauen bei der Arbeit im B\u00fcro am Computer<\/figcaption><\/figure>\n","protected":false},"excerpt":{"rendered":"<p>Den Arbeitnehmern wird mehr Autonomie bei der Bestimmung des Arbeitsortes und des Arbeitszeitmodells garantiert, ebenso wie erweiterte Garantien f\u00fcr die \u00fcber 55-J\u00e4hrigen.<\/p>\n","protected":false},"author":2,"featured_media":93456,"comment_status":"open","ping_status":"closed","sticky":false,"template":"","format":"standard","meta":{"footnotes":""},"categories":[307,295,311,211],"tags":[823,870,895,889,454,946],"class_list":["post-98738","post","type-post","status-publish","format-standard","has-post-thumbnail","hentry","category-politik","category-schweiz","category-wirtschaft","category-zeitschrift","tag-arbeit","tag-burocrazia-de","tag-pensionen","tag-schweiz-3","tag-tech-de","tag-uhrzeit"],"_links":{"self":[{"href":"https:\/\/swissfederalism.ch\/de\/wp-json\/wp\/v2\/posts\/98738","targetHints":{"allow":["GET"]}}],"collection":[{"href":"https:\/\/swissfederalism.ch\/de\/wp-json\/wp\/v2\/posts"}],"about":[{"href":"https:\/\/swissfederalism.ch\/de\/wp-json\/wp\/v2\/types\/post"}],"author":[{"embeddable":true,"href":"https:\/\/swissfederalism.ch\/de\/wp-json\/wp\/v2\/users\/2"}],"replies":[{"embeddable":true,"href":"https:\/\/swissfederalism.ch\/de\/wp-json\/wp\/v2\/comments?post=98738"}],"version-history":[{"count":5,"href":"https:\/\/swissfederalism.ch\/de\/wp-json\/wp\/v2\/posts\/98738\/revisions"}],"predecessor-version":[{"id":130420,"href":"https:\/\/swissfederalism.ch\/de\/wp-json\/wp\/v2\/posts\/98738\/revisions\/130420"}],"wp:featuredmedia":[{"embeddable":true,"href":"https:\/\/swissfederalism.ch\/de\/wp-json\/wp\/v2\/media\/93456"}],"wp:attachment":[{"href":"https:\/\/swissfederalism.ch\/de\/wp-json\/wp\/v2\/media?parent=98738"}],"wp:term":[{"taxonomy":"category","embeddable":true,"href":"https:\/\/swissfederalism.ch\/de\/wp-json\/wp\/v2\/categories?post=98738"},{"taxonomy":"post_tag","embeddable":true,"href":"https:\/\/swissfederalism.ch\/de\/wp-json\/wp\/v2\/tags?post=98738"}],"curies":[{"name":"wp","href":"https:\/\/api.w.org\/{rel}","templated":true}]}}