{"id":98474,"date":"2021-05-19T14:44:50","date_gmt":"2021-05-19T14:44:50","guid":{"rendered":"https:\/\/swissfederalism.ch\/il-nuovo-diritto-di-successione-in-vigore-l1-gennaio-2023\/"},"modified":"2021-06-20T19:41:20","modified_gmt":"2021-06-20T19:41:20","slug":"das-neue-erbrecht-in-kraft-am-1-januar-2023","status":"publish","type":"post","link":"https:\/\/swissfederalism.ch\/de\/das-neue-erbrecht-in-kraft-am-1-januar-2023\/","title":{"rendered":"Das neue Erbrecht in Kraft am 1. Januar 2023"},"content":{"rendered":"<h1>Das neue Erbrecht in Kraft am 1. Januar 2023<\/h1>\n<h3><em>K\u00fcnftig k\u00f6nnen Schweizer Erben \u00fcber einen gr\u00f6\u00dferen Teil ihres Verm\u00f6gens frei verf\u00fcgen, wobei das Verm\u00f6gen der Kinder von drei Vierteln auf die H\u00e4lfte reduziert wird<\/em><\/h3>\n<p>Der Bundesrat hat an seiner Sitzung vom 19. Mai 2021 beschlossen, das revidierte Erbrecht auf den 1. Januar 2023 in Kraft zu setzen.<br \/>\nNach der Neuregelung des Erbrechts k\u00f6nnen Erben k\u00fcnftig \u00fcber einen gr\u00f6\u00dferen Teil ihres Nachlasses frei verf\u00fcgen.<br \/>\nDas neue Erbrecht ist flexibler als das bisherige Recht. K\u00fcnftig k\u00f6nnen Erben \u00fcber einen gr\u00f6\u00dferen Teil ihres Nachlasses frei verf\u00fcgen.<\/p>\n<figure id=\"attachment_89814\" aria-describedby=\"caption-attachment-89814\" style=\"width: 840px\" class=\"wp-caption aligncenter\"><img decoding=\"async\" class=\"wp-image-89814 size-large\" src=\"https:\/\/swissfederalism.ch\/wp-content\/uploads\/2021\/03\/Un-bambino-e-una-bambina-sul-divano-1024x683.jpeg\" alt=\"Un bambino e una bambina sul divano\" width=\"840\" height=\"560\" srcset=\"https:\/\/swissfederalism.ch\/wp-content\/uploads\/2021\/03\/Un-bambino-e-una-bambina-sul-divano-1024x683.jpeg 1024w, https:\/\/swissfederalism.ch\/wp-content\/uploads\/2021\/03\/Un-bambino-e-una-bambina-sul-divano-300x200.jpeg 300w, https:\/\/swissfederalism.ch\/wp-content\/uploads\/2021\/03\/Un-bambino-e-una-bambina-sul-divano-768x512.jpeg 768w, https:\/\/swissfederalism.ch\/wp-content\/uploads\/2021\/03\/Un-bambino-e-una-bambina-sul-divano-1536x1024.jpeg 1536w, https:\/\/swissfederalism.ch\/wp-content\/uploads\/2021\/03\/Un-bambino-e-una-bambina-sul-divano.jpeg 1920w\" sizes=\"(max-width: 840px) 100vw, 840px\" \/><figcaption id=\"caption-attachment-89814\" class=\"wp-caption-text\">Ein Junge und ein M\u00e4dchen auf der Couch<\/figcaption><\/figure>\n<h4>Der Pflichtteil der Eltern wurde vollst\u00e4ndig abgeschafft.<\/h4>\n<p>Kinder haben derzeit einen Anspruch auf drei Viertel des gesetzlichen Erbteils als Pflichtteil. In Zukunft wird es nur noch die H\u00e4lfte sein. Der elterliche Pflichtteil wurde in der Revision vollst\u00e4ndig abgeschafft.<br \/>\nDie Rechte von Ehegatten und eingetragenen Lebenspartnern bleiben jedoch unver\u00e4ndert. Wer k\u00fcnftig \u00fcber sein Erbe nach eigenem Gutd\u00fcnken verf\u00fcgen will, wird durch den Pflichtteil weniger stark eingeschr\u00e4nkt.<br \/>\nSie k\u00f6nnen freier \u00fcber ihr Verm\u00f6gen verf\u00fcgen und damit z.B. einen faktischen Partner mehr beg\u00fcnstigen. Der Bundesrat hat beschlossen, die Revision auf den 1. Januar 2023 in Kraft zu setzen.<\/p>\n<figure id=\"attachment_98446\" aria-describedby=\"caption-attachment-98446\" style=\"width: 840px\" class=\"wp-caption aligncenter\"><img decoding=\"async\" class=\"wp-image-98446 size-large\" src=\"https:\/\/swissfederalism.ch\/wp-content\/uploads\/2021\/05\/Linsegna-di-uno-studio-notarile-lungo-una-strada-1024x683.jpeg\" alt=\"L'insegna di uno studio notarile lungo una strada\" width=\"840\" height=\"560\" srcset=\"https:\/\/swissfederalism.ch\/wp-content\/uploads\/2021\/05\/Linsegna-di-uno-studio-notarile-lungo-una-strada-1024x683.jpeg 1024w, https:\/\/swissfederalism.ch\/wp-content\/uploads\/2021\/05\/Linsegna-di-uno-studio-notarile-lungo-una-strada-300x200.jpeg 300w, https:\/\/swissfederalism.ch\/wp-content\/uploads\/2021\/05\/Linsegna-di-uno-studio-notarile-lungo-una-strada-768x512.jpeg 768w, https:\/\/swissfederalism.ch\/wp-content\/uploads\/2021\/05\/Linsegna-di-uno-studio-notarile-lungo-una-strada-1536x1024.jpeg 1536w, https:\/\/swissfederalism.ch\/wp-content\/uploads\/2021\/05\/Linsegna-di-uno-studio-notarile-lungo-una-strada.jpeg 1920w\" sizes=\"(max-width: 840px) 100vw, 840px\" \/><figcaption id=\"caption-attachment-98446\" class=\"wp-caption-text\">Das Zeichen eines Notariats entlang einer Stra\u00dfe<\/figcaption><\/figure>\n<h4>Die Unternehmensnachfolge soll weiter erleichtert werden<\/h4>\n<p>Durch die Verringerung der Zahl der berechtigten Anspr\u00fcche l\u00e4sst sich auch die Nachfolge von Familienunternehmen leichter regeln, was sich positiv auf die Stabilit\u00e4t der Unternehmen auswirkt und Arbeitspl\u00e4tze sichert.<br \/>\nUm weitere Hindernisse bei der Unternehmens\u00fcbergabe zu beseitigen, will der Bundesrat mit zus\u00e4tzlichen erbrechtlichen Ma\u00dfnahmen die Unternehmensnachfolge erleichtern.<br \/>\nDazu hat sie im April 2019 einen separaten Entwurf in die Vernehmlassung geschickt und wird die entsprechende Botschaft voraussichtlich noch in diesem Jahr dem Parlament vorlegen.<\/p>\n<p><iframe title=\"Steuerstandort Schweiz (La Piazza Fiscale Svizzera in lingua tedesca)\" width=\"840\" height=\"630\" src=\"https:\/\/www.youtube.com\/embed\/En5qBzWvYl4?feature=oembed&#038;width=840&#038;height=1000&#038;discover=1\" frameborder=\"0\" allow=\"accelerometer; autoplay; clipboard-write; encrypted-media; gyroscope; picture-in-picture\" allowfullscreen><\/iframe><\/p>\n<p><iframe title=\"La Place Fiscale Suisse (La Piazza Fiscale Svizzera in lingua francese)\" width=\"840\" height=\"630\" src=\"https:\/\/www.youtube.com\/embed\/5ERjG6Ce4dQ?feature=oembed&#038;width=840&#038;height=1000&#038;discover=1\" frameborder=\"0\" allow=\"accelerometer; autoplay; clipboard-write; encrypted-media; gyroscope; picture-in-picture\" allowfullscreen><\/iframe><\/p>\n<figure id=\"attachment_98438\" aria-describedby=\"caption-attachment-98438\" style=\"width: 840px\" class=\"wp-caption aligncenter\"><img decoding=\"async\" class=\"wp-image-98438 size-large\" src=\"https:\/\/swissfederalism.ch\/wp-content\/uploads\/2021\/05\/In-Svizzera-la-stesura-di-un-testamento-inizia-dalle-ultime-volonta-1024x683.jpeg\" alt=\"In Svizzera la stesura di un testamento inizia dalle ultime volont\u00e0\" width=\"840\" height=\"560\" srcset=\"https:\/\/swissfederalism.ch\/wp-content\/uploads\/2021\/05\/In-Svizzera-la-stesura-di-un-testamento-inizia-dalle-ultime-volonta-1024x683.jpeg 1024w, https:\/\/swissfederalism.ch\/wp-content\/uploads\/2021\/05\/In-Svizzera-la-stesura-di-un-testamento-inizia-dalle-ultime-volonta-300x200.jpeg 300w, https:\/\/swissfederalism.ch\/wp-content\/uploads\/2021\/05\/In-Svizzera-la-stesura-di-un-testamento-inizia-dalle-ultime-volonta-768x512.jpeg 768w, https:\/\/swissfederalism.ch\/wp-content\/uploads\/2021\/05\/In-Svizzera-la-stesura-di-un-testamento-inizia-dalle-ultime-volonta-1536x1024.jpeg 1536w, https:\/\/swissfederalism.ch\/wp-content\/uploads\/2021\/05\/In-Svizzera-la-stesura-di-un-testamento-inizia-dalle-ultime-volonta.jpeg 1920w\" sizes=\"(max-width: 840px) 100vw, 840px\" \/><figcaption id=\"caption-attachment-98438\" class=\"wp-caption-text\">In der Schweiz beginnt die Testamentserrichtung mit dem letzten Willen<\/figcaption><\/figure>\n","protected":false},"excerpt":{"rendered":"<p>K\u00fcnftig k\u00f6nnen Schweizer Erben \u00fcber einen gr\u00f6sseren Teil des Nachlasses frei verf\u00fcgen, wobei f\u00fcr die Kinder eine Reduktion von drei Vierteln auf die H\u00e4lfte vorgesehen ist.<\/p>\n","protected":false},"author":3,"featured_media":98458,"comment_status":"open","ping_status":"closed","sticky":false,"template":"","format":"standard","meta":{"footnotes":""},"categories":[295,311,211],"tags":[870,583,671,889,413,414],"class_list":["post-98474","post","type-post","status-publish","format-standard","has-post-thumbnail","hentry","category-schweiz","category-wirtschaft","category-zeitschrift","tag-burocrazia-de","tag-einkommen","tag-kommunikation","tag-schweiz-3","tag-steuerkonkurrenz","tag-steuern"],"_links":{"self":[{"href":"https:\/\/swissfederalism.ch\/de\/wp-json\/wp\/v2\/posts\/98474","targetHints":{"allow":["GET"]}}],"collection":[{"href":"https:\/\/swissfederalism.ch\/de\/wp-json\/wp\/v2\/posts"}],"about":[{"href":"https:\/\/swissfederalism.ch\/de\/wp-json\/wp\/v2\/types\/post"}],"author":[{"embeddable":true,"href":"https:\/\/swissfederalism.ch\/de\/wp-json\/wp\/v2\/users\/3"}],"replies":[{"embeddable":true,"href":"https:\/\/swissfederalism.ch\/de\/wp-json\/wp\/v2\/comments?post=98474"}],"version-history":[{"count":4,"href":"https:\/\/swissfederalism.ch\/de\/wp-json\/wp\/v2\/posts\/98474\/revisions"}],"predecessor-version":[{"id":106403,"href":"https:\/\/swissfederalism.ch\/de\/wp-json\/wp\/v2\/posts\/98474\/revisions\/106403"}],"wp:featuredmedia":[{"embeddable":true,"href":"https:\/\/swissfederalism.ch\/de\/wp-json\/wp\/v2\/media\/98458"}],"wp:attachment":[{"href":"https:\/\/swissfederalism.ch\/de\/wp-json\/wp\/v2\/media?parent=98474"}],"wp:term":[{"taxonomy":"category","embeddable":true,"href":"https:\/\/swissfederalism.ch\/de\/wp-json\/wp\/v2\/categories?post=98474"},{"taxonomy":"post_tag","embeddable":true,"href":"https:\/\/swissfederalism.ch\/de\/wp-json\/wp\/v2\/tags?post=98474"}],"curies":[{"name":"wp","href":"https:\/\/api.w.org\/{rel}","templated":true}]}}