{"id":97333,"date":"2021-04-20T12:15:06","date_gmt":"2021-04-20T12:15:06","guid":{"rendered":"https:\/\/swissfederalism.ch\/statistica-delle-citta-svizzere-2021-e-le-dinamiche-urbane\/"},"modified":"2021-06-14T18:56:55","modified_gmt":"2021-06-14T18:56:55","slug":"schweizer-staedtestatistik-2021-und-urbane-dynamik","status":"publish","type":"post","link":"https:\/\/swissfederalism.ch\/de\/schweizer-staedtestatistik-2021-und-urbane-dynamik\/","title":{"rendered":"&#8222;Schweizer St\u00e4dtestatistik 2021&#8220; und urbane Dynamik"},"content":{"rendered":"<h1>&#8222;Schweizer St\u00e4dtestatistik 2021&#8220; und urbane Dynamik<\/h1>\n<h3><em>In den letzten zwanzig Jahren haben sich drei Viertel der Schweizer Bev\u00f6lkerung f\u00fcr ein Leben in der Stadt entschieden, wie das j\u00fcngste Jahrbuch des Bundesamts und der Gemeinden erkl\u00e4rt<\/em><\/h3>\n<p>Drei Viertel der Bev\u00f6lkerung der Schweiz leben in st\u00e4dtischen Gebieten. Sie tun dies in rund 2 Millionen Wohnungen, verteilt auf knapp 540.000 st\u00e4dtische Geb\u00e4ude.<br \/>\nFast drei Viertel der Wohnungen werden von Mietern bewohnt, von denen die meisten in Drei-Zimmer-Wohnungen leben. Das sind die Ergebnisse der &#8222;Schweizerischen St\u00e4dtestatistik 2021&#8220;, die sich mit dem Thema &#8222;Leben in der Stadt&#8220; besch\u00e4ftigt.<\/p>\n<p><strong><a href=\"https:\/\/swissfederalism.ch\/de\/insolvenzen-und-zwangsvollstreckungen-schweizweit-ruecklaeufig\/\">Insolvenzen und Zwangsvollstreckungen schweizweit r\u00fcckl\u00e4ufig<\/a> \u00a0 \u00a0 \u00a0 \u00a0 \u00a0 \u00a0<\/strong><br \/>\n<a href=\"https:\/\/swissfederalism.ch\/de\/wie-viel-verbraucht-die-schweiz-87-millionen-tonnen-pro-jahr\/\"><strong>Wie viel verbraucht die Schweiz? 87 Millionen Tonnen pro Jahr<\/strong><\/a><br \/>\n<a href=\"https:\/\/swissfederalism.ch\/de\/digitale-geodaten-von-swisstopo-zur-kostenlosen-nutzung-verfuegbar\/\"><strong>Digitale Geodaten von swisstopo kostenlos zur Nutzung verf\u00fcgbar<\/strong><\/a><\/p>\n<p>Der Schweizerische St\u00e4dteverband gibt das Jahrbuch in Zusammenarbeit mit dem Bundesamt f\u00fcr Statistik (BFS) heraus.<br \/>\nNach einer Stadtflucht in den 1980er und 1990er Jahren haben die Schweizer St\u00e4dte in den letzten zwanzig Jahren eine Renaissance erlebt: Heute leben drei Viertel der Schweizer Bev\u00f6lkerung in urbanen Gebieten.<br \/>\nDrei Viertel der Bev\u00f6lkerung der Schweiz leben heute in st\u00e4dtischen Gebieten. 19 % der Einwohner der 171 untersuchten St\u00e4dte sind 19 Jahre oder j\u00fcnger, 63 % sind 20 bis 64 Jahre alt und 18 % geh\u00f6ren der Altersgruppe 65+ an.<\/p>\n<figure id=\"attachment_90666\" aria-describedby=\"caption-attachment-90666\" style=\"width: 840px\" class=\"wp-caption aligncenter\"><img decoding=\"async\" class=\"wp-image-90666 size-large\" src=\"https:\/\/swissfederalism.ch\/wp-content\/uploads\/2021\/03\/Le-campagne-di-Ginevra-vicino-al-lago-Lemano-1024x683.jpeg\" alt=\"Le campagne di Ginevra vicino al lago Lemano\" width=\"840\" height=\"560\" srcset=\"https:\/\/swissfederalism.ch\/wp-content\/uploads\/2021\/03\/Le-campagne-di-Ginevra-vicino-al-lago-Lemano-1024x683.jpeg 1024w, https:\/\/swissfederalism.ch\/wp-content\/uploads\/2021\/03\/Le-campagne-di-Ginevra-vicino-al-lago-Lemano-300x200.jpeg 300w, https:\/\/swissfederalism.ch\/wp-content\/uploads\/2021\/03\/Le-campagne-di-Ginevra-vicino-al-lago-Lemano-768x512.jpeg 768w, https:\/\/swissfederalism.ch\/wp-content\/uploads\/2021\/03\/Le-campagne-di-Ginevra-vicino-al-lago-Lemano-1536x1024.jpeg 1536w, https:\/\/swissfederalism.ch\/wp-content\/uploads\/2021\/03\/Le-campagne-di-Ginevra-vicino-al-lago-Lemano.jpeg 1920w\" sizes=\"(max-width: 840px) 100vw, 840px\" \/><figcaption id=\"caption-attachment-90666\" class=\"wp-caption-text\">Die Genfer Landschaft in der N\u00e4he des Genfer Sees<\/figcaption><\/figure>\n<h4>Wenig demografische Unterschiede zum Land<\/h4>\n<p>Die Altersstruktur unterscheidet sich nur geringf\u00fcgig vom Rest der Schweiz.<br \/>\nSiebenundvierzig Prozent der Stadtbev\u00f6lkerung sind ledig (im Vergleich zu 42% in der \u00fcbrigen Schweiz) und 31% der Stadtbewohner kommen aus dem Ausland, w\u00e4hrend Ausl\u00e4nder au\u00dferhalb der St\u00e4dte nur 20% der Bev\u00f6lkerung ausmachen.<br \/>\nOb ein solcher &#8222;Bev\u00f6lkerungsmix&#8220; m\u00f6glich ist und bleibt, h\u00e4ngt sehr stark von der Ausgestaltung des Wohnungsmarktes ab.<\/p>\n<p><a href=\"https:\/\/swissfederalism.ch\/de\/athenische-demokratie-leb-in-glarus-appenzell-weiter\/\"><strong>Die athenische Demokratie? Wiedersehen zwischen Glarus und Appenzell&#8230;\u00a0<\/strong><\/a><br \/>\n<a href=\"https:\/\/swissfederalism.ch\/de\/schweiz-die-fantastischen-vier-direkten-demokratie\/\"><strong>Die Schweiz und die &#8222;fantastischen Vier&#8220; der direkten Demokratie<\/strong><\/a><\/p>\n<p>Im Jahr 2018 standen insgesamt 2,2 Millionen Wohnungen in 539 767 st\u00e4dtischen Wohngeb\u00e4uden in den 171 untersuchten Schweizer St\u00e4dten zur Verf\u00fcgung.<br \/>\nDavon waren 46,8 Prozent Einfamilienh\u00e4user, w\u00e4hrend 35,6 Prozent Mehrfamilienh\u00e4user waren. Betrachtet man die Verteilung nach Gr\u00f6\u00dfenklassen der Gemeinden, so zeigt sich, dass der Anteil der Einfamilienh\u00e4user mit abnehmender Gemeindegr\u00f6\u00dfe zunimmt.<br \/>\nBei den Mehrfamilienh\u00e4usern verh\u00e4lt es sich umgekehrt: W\u00e4hrend die zehn gr\u00f6\u00dften St\u00e4dte einen durchschnittlichen Anteil von \u00fcber 43 Prozent aufweisen, sind es in den \u00fcbrigen 161 St\u00e4dten weniger als 33 Prozent.<\/p>\n<figure id=\"attachment_85222\" aria-describedby=\"caption-attachment-85222\" style=\"width: 840px\" class=\"wp-caption aligncenter\"><img decoding=\"async\" class=\"wp-image-85222 size-large\" src=\"https:\/\/swissfederalism.ch\/wp-content\/uploads\/2020\/11\/Basel_-_Roche-Turm_mit_Stadtansicht_bei_Abenddammerung-1024x664.jpg\" alt=\"La torre Roche di Basilea, patria della farmaceutica\" width=\"840\" height=\"545\" srcset=\"https:\/\/swissfederalism.ch\/wp-content\/uploads\/2020\/11\/Basel_-_Roche-Turm_mit_Stadtansicht_bei_Abenddammerung-1024x664.jpg 1024w, https:\/\/swissfederalism.ch\/wp-content\/uploads\/2020\/11\/Basel_-_Roche-Turm_mit_Stadtansicht_bei_Abenddammerung-300x195.jpg 300w, https:\/\/swissfederalism.ch\/wp-content\/uploads\/2020\/11\/Basel_-_Roche-Turm_mit_Stadtansicht_bei_Abenddammerung-768x498.jpg 768w, https:\/\/swissfederalism.ch\/wp-content\/uploads\/2020\/11\/Basel_-_Roche-Turm_mit_Stadtansicht_bei_Abenddammerung-1536x996.jpg 1536w, https:\/\/swissfederalism.ch\/wp-content\/uploads\/2020\/11\/Basel_-_Roche-Turm_mit_Stadtansicht_bei_Abenddammerung-2048x1328.jpg 2048w, https:\/\/swissfederalism.ch\/wp-content\/uploads\/2020\/11\/Basel_-_Roche-Turm_mit_Stadtansicht_bei_Abenddammerung-scaled.jpg 2560w\" sizes=\"(max-width: 840px) 100vw, 840px\" \/><figcaption id=\"caption-attachment-85222\" class=\"wp-caption-text\">Roche-Turm in Basel, Heimat der Pharmaindustrie<\/figcaption><\/figure>\n<h4>Unter 20.000 Einwohnern dominieren Drei-Zimmer-Wohnungen<\/h4>\n<p>Was die Wohnungsgr\u00f6\u00dfe betrifft, so sind Drei-Zimmer-Wohnungen in den meisten kommunalen Gr\u00f6\u00dfenklassen die h\u00e4ufigste Gr\u00f6\u00dfe.<br \/>\nIn St\u00e4dten mit weniger als 20.000 Einwohnern sind die Vier-Zimmer-Wohnungen dagegen leicht in der \u00dcberzahl. Gro\u00dfe Wohnungen mit f\u00fcnf oder mehr Zimmern sind in Gro\u00dfst\u00e4dten seltener, ihr Anteil betr\u00e4gt dort 9,8 Prozent, w\u00e4hrend er in den anderen Gr\u00f6\u00dfenklassen bei 19 Prozent liegt.<br \/>\nNeunundsechzig Prozent der Bewohner von Mietwohnungen in St\u00e4dten leben in einer Wohnung mit drei oder vier Zimmern. Im Gegensatz dazu hat die Mehrheit der in Schweizer St\u00e4dten lebenden Eigent\u00fcmer (86,5 Prozent) eine Wohnung mit vier oder mehr Zimmern.<\/p>\n<figure id=\"attachment_85221\" aria-describedby=\"caption-attachment-85221\" style=\"width: 840px\" class=\"wp-caption aligncenter\"><img decoding=\"async\" class=\"wp-image-85221 size-large\" src=\"https:\/\/swissfederalism.ch\/wp-content\/uploads\/2020\/11\/Zuerich_Fraumuenster_St_Peter-1024x683.jpg\" alt=\"Il M\u00fcnsterbr\u00fccke a Zurigo, patria della finanza\" width=\"840\" height=\"560\" srcset=\"https:\/\/swissfederalism.ch\/wp-content\/uploads\/2020\/11\/Zuerich_Fraumuenster_St_Peter-1024x683.jpg 1024w, https:\/\/swissfederalism.ch\/wp-content\/uploads\/2020\/11\/Zuerich_Fraumuenster_St_Peter-300x200.jpg 300w, https:\/\/swissfederalism.ch\/wp-content\/uploads\/2020\/11\/Zuerich_Fraumuenster_St_Peter-768x512.jpg 768w, https:\/\/swissfederalism.ch\/wp-content\/uploads\/2020\/11\/Zuerich_Fraumuenster_St_Peter-1536x1024.jpg 1536w, https:\/\/swissfederalism.ch\/wp-content\/uploads\/2020\/11\/Zuerich_Fraumuenster_St_Peter-2048x1366.jpg 2048w, https:\/\/swissfederalism.ch\/wp-content\/uploads\/2020\/11\/Zuerich_Fraumuenster_St_Peter-scaled.jpg 2560w\" sizes=\"(max-width: 840px) 100vw, 840px\" \/><figcaption id=\"caption-attachment-85221\" class=\"wp-caption-text\">Die M\u00fcnsterbr\u00fccke in Z\u00fcrich, Heimat der Finanzen<\/figcaption><\/figure>\n<h4>Je gr\u00f6\u00dfer die Stadt, desto mehr Mieter gibt es<\/h4>\n<p>Zwischen 2015 und 2017 (kumulierte Daten) wurden 74 Prozent der bewohnten Wohnungen in Schweizer St\u00e4dten von Mietern und Mitgliedern von Wohnungsgenossenschaften bewohnt, w\u00e4hrend 25 Prozent von Eigent\u00fcmern bewohnt wurden.<\/p>\n<p><a href=\"https:\/\/swissfederalism.ch\/de\/praesidium-der-helvetischen-eidgenossenschaft-von-1848-bis-heute\/\"><strong>Die Pr\u00e4sidentschaft der Schweizerischen Eidgenossenschaft von 1848 bis zum heutigen Tag<\/strong><\/a><br \/>\n<a href=\"https:\/\/swissfederalism.ch\/de\/schweizer-denkmaeler-ein-verborgener-schatz-zu-heben-gilt\/\"><strong>Schweizer Denkm\u00e4ler? Ein &#8222;verborgener&#8220; Schatz, den es zu heben gilt&#8230;<\/strong><\/a><\/p>\n<p>In Brig-Glis, M\u00f6hlin, Spiez und Uzwil sind mehr als die H\u00e4lfte der bewohnten Wohnungen in privatem Besitz. In Genf, Lausanne, Z\u00fcrich und Carouge hingegen sind mehr als 90 % der Wohnungen gemietet oder im Besitz von Genossenschaften.<\/p>\n<figure id=\"attachment_86588\" aria-describedby=\"caption-attachment-86588\" style=\"width: 840px\" class=\"wp-caption aligncenter\"><img decoding=\"async\" class=\"wp-image-86588 size-large\" src=\"https:\/\/swissfederalism.ch\/wp-content\/uploads\/2021\/01\/Il-Castello-di-Chillon-sul-lago-Lemano-vicino-Losanna-1024x683.jpeg\" alt=\"Il Castello di Chillon sul lago Lemano vicino Losanna\" width=\"840\" height=\"560\" srcset=\"https:\/\/swissfederalism.ch\/wp-content\/uploads\/2021\/01\/Il-Castello-di-Chillon-sul-lago-Lemano-vicino-Losanna-1024x683.jpeg 1024w, https:\/\/swissfederalism.ch\/wp-content\/uploads\/2021\/01\/Il-Castello-di-Chillon-sul-lago-Lemano-vicino-Losanna-300x200.jpeg 300w, https:\/\/swissfederalism.ch\/wp-content\/uploads\/2021\/01\/Il-Castello-di-Chillon-sul-lago-Lemano-vicino-Losanna-768x512.jpeg 768w, https:\/\/swissfederalism.ch\/wp-content\/uploads\/2021\/01\/Il-Castello-di-Chillon-sul-lago-Lemano-vicino-Losanna-1536x1024.jpeg 1536w, https:\/\/swissfederalism.ch\/wp-content\/uploads\/2021\/01\/Il-Castello-di-Chillon-sul-lago-Lemano-vicino-Losanna.jpeg 1920w\" sizes=\"(max-width: 840px) 100vw, 840px\" \/><figcaption id=\"caption-attachment-86588\" class=\"wp-caption-text\">Schloss Chillon am Genfer See bei Lausanne<\/figcaption><\/figure>\n<h4>Hebelwirkung auf die Bereitstellung von fairem Wohnraum<\/h4>\n<p>Die St\u00e4dte investieren zunehmend in den \u00f6ffentlichen Wohnungsbau, um sozial und wirtschaftlich Benachteiligte unterzubringen.<br \/>\nW\u00e4hrend der Anteil der Sozialwohnungen am Wohnungsbestand in der Schweiz 1,3 Prozent betr\u00e4gt, liegen die Gro\u00dfst\u00e4dte mit 11,4 Prozent deutlich \u00fcber dem Schweizer Durchschnitt.<\/p>\n<p><a href=\"https:\/\/swissfederalism.ch\/de\/schwyz-glarus-verlorene-halbkantone-schweizer-geschichte\/\"><strong>Schwyz und Glarus, verlorene Halbkantone der Schweizer Geschichte<\/strong><\/a><br \/>\n<a href=\"https:\/\/swissfederalism.ch\/de\/die-schweizer-bezirke-noch-kinder-eines-kleinen-foederalismus\/\"><strong>Schweizer Stadtteile? Noch Kinder eines kleinen F\u00f6deralismus<\/strong><\/a><\/p>\n<p>In der Stadt Z\u00fcrich sind 22,4 Prozent aller Dreizimmerwohnungen und 24,4 Prozent aller Vierzimmerwohnungen Sozialwohnungen.<br \/>\nAber auch einige kleinere St\u00e4dte wie Urdorf und Birsfelden haben mit jeweils rund 15 Prozent einen beachtlichen Anteil an solchen Wohnungen.<\/p>\n<figure id=\"attachment_87095\" aria-describedby=\"caption-attachment-87095\" style=\"width: 840px\" class=\"wp-caption aligncenter\"><img decoding=\"async\" class=\"wp-image-87095 size-large\" src=\"https:\/\/swissfederalism.ch\/wp-content\/uploads\/2021\/02\/Le-luci-natalizie-illiminano-il-centro-di-Zurigo-1024x683.jpeg\" alt=\"Le luci natalizie illiminano il centro di Zurigo\" width=\"840\" height=\"560\" srcset=\"https:\/\/swissfederalism.ch\/wp-content\/uploads\/2021\/02\/Le-luci-natalizie-illiminano-il-centro-di-Zurigo-1024x683.jpeg 1024w, https:\/\/swissfederalism.ch\/wp-content\/uploads\/2021\/02\/Le-luci-natalizie-illiminano-il-centro-di-Zurigo-300x200.jpeg 300w, https:\/\/swissfederalism.ch\/wp-content\/uploads\/2021\/02\/Le-luci-natalizie-illiminano-il-centro-di-Zurigo-768x512.jpeg 768w, https:\/\/swissfederalism.ch\/wp-content\/uploads\/2021\/02\/Le-luci-natalizie-illiminano-il-centro-di-Zurigo-1536x1024.jpeg 1536w, https:\/\/swissfederalism.ch\/wp-content\/uploads\/2021\/02\/Le-luci-natalizie-illiminano-il-centro-di-Zurigo.jpeg 1920w\" sizes=\"(max-width: 840px) 100vw, 840px\" \/><figcaption id=\"caption-attachment-87095\" class=\"wp-caption-text\">Weihnachtsbeleuchtung erhellt die Z\u00fcrcher Innenstadt<\/figcaption><\/figure>\n<h4>FDP und SP sind die am besten vertretenen Parteien<\/h4>\n<p>Wie \u00fcblich enth\u00e4lt die &#8222;Schweizer St\u00e4dtestatistik&#8220; auch Daten zur Stadtpolitik.<br \/>\nDie Umfrage wurde im Jahr 2020 in Zusammenarbeit mit der Abteilung Politik, Kultur und Medien des BFS optimiert.<br \/>\nDie Daten zeigen nun den Stand der letzten vollst\u00e4ndigen Erneuerungswahlen.<br \/>\nDie f\u00fchrenden Parteien in der Stadtpolitik sind die FDP und die SP. Im Jahr 2020 gewann die FDP 27,2 Prozent der Sitze in den kommunalen Exekutiven.<br \/>\nEs folgt die SP mit 20,6 Prozent. Die FDP verlor 0,2 % gegen\u00fcber dem Vorjahr und h\u00e4lt damit noch 15,1 % der Sitze.<br \/>\nDie Schweizerische Volkspartei (SVP) bleibt auf dem vierten Platz, obwohl sie 0,2 % auf 11,4 % verlor.<br \/>\nDie Gr\u00fcnen gewannen 0,8 Prozent mehr Sitze als im Vorjahr und halten nun 7,7 Prozent der Sitze in der Gemeindevertretung.<br \/>\nIn den gesetzgebenden K\u00f6rperschaften h\u00e4lt die FDP 22,3 Prozent, gefolgt von der SP mit 20,9 Prozent und der SVP mit 15,3 Prozent. Die Gr\u00fcnen liegen mit 11,6 % der Sitze auf dem vierten Platz, die CVP hat 9,3 %.<\/p>\n<figure id=\"attachment_91410\" aria-describedby=\"caption-attachment-91410\" style=\"width: 840px\" class=\"wp-caption aligncenter\"><img decoding=\"async\" class=\"wp-image-91410 size-large\" src=\"https:\/\/swissfederalism.ch\/wp-content\/uploads\/2021\/03\/Il-celebre-Palazzo-delle-Nazioni-Unite-di-Ginevra-1024x683.jpeg\" alt=\"Il celebre Palazzo delle Nazioni Unite di Ginevra\" width=\"840\" height=\"560\" srcset=\"https:\/\/swissfederalism.ch\/wp-content\/uploads\/2021\/03\/Il-celebre-Palazzo-delle-Nazioni-Unite-di-Ginevra-1024x683.jpeg 1024w, https:\/\/swissfederalism.ch\/wp-content\/uploads\/2021\/03\/Il-celebre-Palazzo-delle-Nazioni-Unite-di-Ginevra-300x200.jpeg 300w, https:\/\/swissfederalism.ch\/wp-content\/uploads\/2021\/03\/Il-celebre-Palazzo-delle-Nazioni-Unite-di-Ginevra-768x512.jpeg 768w, https:\/\/swissfederalism.ch\/wp-content\/uploads\/2021\/03\/Il-celebre-Palazzo-delle-Nazioni-Unite-di-Ginevra-1536x1024.jpeg 1536w, https:\/\/swissfederalism.ch\/wp-content\/uploads\/2021\/03\/Il-celebre-Palazzo-delle-Nazioni-Unite-di-Ginevra.jpeg 1920w\" sizes=\"(max-width: 840px) 100vw, 840px\" \/><figcaption id=\"caption-attachment-91410\" class=\"wp-caption-text\">Das ber\u00fchmte Geb\u00e4ude der Vereinten Nationen in Genf<\/figcaption><\/figure>\n<h4>Erh\u00e4ltlich im digitalen Format und als OGD<\/h4>\n<p>Die 82. Ausgabe der &#8222;Schweizerischen St\u00e4dtestatistik&#8220; wird in Zusammenarbeit mit dem BFS herausgegeben.<br \/>\nNeben den Daten zum st\u00e4dtischen Leben enth\u00e4lt er wie gewohnt zahlreiche Fakten und Informationen zu Themen wie Bev\u00f6lkerung, Arbeit und Einkommen, Finanzen, Mobilit\u00e4t und Bildung.<\/p>\n<p><a href=\"https:\/\/swissfederalism.ch\/de\/ethik-wettbewerbsfaehigkeit-geist-foederalismus\/\"><strong>Das Ethos der Wettbewerbsf\u00e4higkeit und der Geist des F\u00f6deralismus<\/strong><\/a><br \/>\n<a href=\"https:\/\/swissfederalism.ch\/de\/waldstaette-wald-kantone-anfaengen-schweizer\/\"><strong>Waldst\u00e4tte und die &#8222;Wald&#8220;-Kantone in der Fr\u00fchzeit der Schweiz&#8230;<\/strong><\/a><\/p>\n<p>Die Inhalte sind auch in digitaler Form mit interaktiven Grafiken, zur Ansicht in einer App und als Online-Publikation verf\u00fcgbar.<br \/>\nDar\u00fcber hinaus stellt das BFS die f\u00fcr die Erstellung der Publikation verwendeten Daten in eigenen Katalogen und auf der Plattform opendata.swiss einem breiten Publikum zur Verf\u00fcgung, so dass Interessierte diese weiter nutzen k\u00f6nnen.<\/p>\n<figure id=\"attachment_87628\" aria-describedby=\"caption-attachment-87628\" style=\"width: 840px\" class=\"wp-caption aligncenter\"><img decoding=\"async\" class=\"wp-image-87628 size-large\" src=\"https:\/\/swissfederalism.ch\/wp-content\/uploads\/2021\/02\/La-citta-vecchia-di-Burgdorf-nel-Canton-Berna-1024x683.jpeg\" alt=\"La citt\u00e0 vecchia di Burgdorf nel Canton Berna\" width=\"840\" height=\"560\" srcset=\"https:\/\/swissfederalism.ch\/wp-content\/uploads\/2021\/02\/La-citta-vecchia-di-Burgdorf-nel-Canton-Berna-1024x683.jpeg 1024w, https:\/\/swissfederalism.ch\/wp-content\/uploads\/2021\/02\/La-citta-vecchia-di-Burgdorf-nel-Canton-Berna-300x200.jpeg 300w, https:\/\/swissfederalism.ch\/wp-content\/uploads\/2021\/02\/La-citta-vecchia-di-Burgdorf-nel-Canton-Berna-768x512.jpeg 768w, https:\/\/swissfederalism.ch\/wp-content\/uploads\/2021\/02\/La-citta-vecchia-di-Burgdorf-nel-Canton-Berna-1536x1024.jpeg 1536w, https:\/\/swissfederalism.ch\/wp-content\/uploads\/2021\/02\/La-citta-vecchia-di-Burgdorf-nel-Canton-Berna.jpeg 1920w\" sizes=\"(max-width: 840px) 100vw, 840px\" \/><figcaption id=\"caption-attachment-87628\" class=\"wp-caption-text\">Die Altstadt von Burgdorf im Kanton Bern<\/figcaption><\/figure>\n<p><iframe title=\"Lebensmittelrationierung in der Schweiz w\u00e4hrend des Krieges\" width=\"840\" height=\"630\" src=\"https:\/\/www.youtube.com\/embed\/Di_GD7JWS5k?feature=oembed&#038;width=840&#038;height=1000&#038;discover=1\" frameborder=\"0\" allow=\"accelerometer; autoplay; clipboard-write; encrypted-media; gyroscope; picture-in-picture\" allowfullscreen><\/iframe><\/p>\n<p><iframe title=\"Le rationnement alimentaire en Suisse pendant la guerre\" width=\"840\" height=\"630\" src=\"https:\/\/www.youtube.com\/embed\/OiPUpC9AfNA?feature=oembed&#038;width=840&#038;height=1000&#038;discover=1\" frameborder=\"0\" allow=\"accelerometer; autoplay; clipboard-write; encrypted-media; gyroscope; picture-in-picture\" allowfullscreen><\/iframe><\/p>\n<p><iframe title=\"II razionamento di generi alimentari in Svizzera durante la guerra\" width=\"840\" height=\"630\" src=\"https:\/\/www.youtube.com\/embed\/-NT-qHWsFRg?feature=oembed&#038;width=840&#038;height=1000&#038;discover=1\" frameborder=\"0\" allow=\"accelerometer; autoplay; clipboard-write; encrypted-media; gyroscope; picture-in-picture\" allowfullscreen><\/iframe><\/p>\n","protected":false},"excerpt":{"rendered":"<p>In den letzten zwanzig Jahren haben sich drei Viertel der Schweizer Bev\u00f6lkerung f\u00fcr ein Leben in der Stadt entschieden, so der j\u00fcngste Jahresbericht des Bundesamts und der Gemeinden.<\/p>\n","protected":false},"author":2,"featured_media":86061,"comment_status":"open","ping_status":"closed","sticky":false,"template":"","format":"standard","meta":{"footnotes":""},"categories":[307,295,311,211],"tags":[417,396,787,743,892,422,674,420],"class_list":["post-97333","post","type-post","status-publish","format-standard","has-post-thumbnail","hentry","category-politik","category-schweiz","category-wirtschaft","category-zeitschrift","tag-bern-de","tag-foederalismus","tag-genf","tag-kultur-2","tag-lugano-de","tag-nachhaltigkeit","tag-neuenburg","tag-zuerich"],"_links":{"self":[{"href":"https:\/\/swissfederalism.ch\/de\/wp-json\/wp\/v2\/posts\/97333","targetHints":{"allow":["GET"]}}],"collection":[{"href":"https:\/\/swissfederalism.ch\/de\/wp-json\/wp\/v2\/posts"}],"about":[{"href":"https:\/\/swissfederalism.ch\/de\/wp-json\/wp\/v2\/types\/post"}],"author":[{"embeddable":true,"href":"https:\/\/swissfederalism.ch\/de\/wp-json\/wp\/v2\/users\/2"}],"replies":[{"embeddable":true,"href":"https:\/\/swissfederalism.ch\/de\/wp-json\/wp\/v2\/comments?post=97333"}],"version-history":[{"count":3,"href":"https:\/\/swissfederalism.ch\/de\/wp-json\/wp\/v2\/posts\/97333\/revisions"}],"predecessor-version":[{"id":105317,"href":"https:\/\/swissfederalism.ch\/de\/wp-json\/wp\/v2\/posts\/97333\/revisions\/105317"}],"wp:featuredmedia":[{"embeddable":true,"href":"https:\/\/swissfederalism.ch\/de\/wp-json\/wp\/v2\/media\/86061"}],"wp:attachment":[{"href":"https:\/\/swissfederalism.ch\/de\/wp-json\/wp\/v2\/media?parent=97333"}],"wp:term":[{"taxonomy":"category","embeddable":true,"href":"https:\/\/swissfederalism.ch\/de\/wp-json\/wp\/v2\/categories?post=97333"},{"taxonomy":"post_tag","embeddable":true,"href":"https:\/\/swissfederalism.ch\/de\/wp-json\/wp\/v2\/tags?post=97333"}],"curies":[{"name":"wp","href":"https:\/\/api.w.org\/{rel}","templated":true}]}}