{"id":94855,"date":"2021-03-05T15:52:38","date_gmt":"2021-03-05T15:52:38","guid":{"rendered":"https:\/\/swissfederalism.ch\/cinque-nuovi-partecipanti-per-energia-e-clima-esemplari\/"},"modified":"2021-05-31T17:32:28","modified_gmt":"2021-05-31T17:32:28","slug":"fuenf-neue-teilnehmer-fuer-energie-und-klima-vorbildlich","status":"publish","type":"post","link":"https:\/\/swissfederalism.ch\/de\/fuenf-neue-teilnehmer-fuer-energie-und-klima-vorbildlich\/","title":{"rendered":"F\u00fcnf neue Teilnehmer f\u00fcr &#8222;Energie und Klima vorbildlich&#8220;"},"content":{"rendered":"<h1>F\u00fcnf neue Teilnehmer f\u00fcr &#8222;Energie und Klima vorbildlich&#8220;<\/h1>\n<h3><em>PostAuto, Flughafen Z\u00fcrich AG, PostFinance, RUAG MRO Holding AG und SRG SSR geh\u00f6ren zu den ersten zehn Teilnehmern, die das Klimaziel 2050 anstreben<\/em><\/h3>\n<p>PostAuto, Flughafen Z\u00fcrich AG, PostFinance, RUAG MRO Holding AG und SRG SSR geben der Initiative &#8222;Vorbildlich Energie und Klima&#8220; neue Impulse und geh\u00f6ren zu den ersten zehn Teilnehmern.<br \/>\nDamit leisten sie auch einen Beitrag zur Umsetzung der Energiestrategie 2050 und des Klimaziels 2050.<\/p>\n<figure id=\"attachment_88747\" aria-describedby=\"caption-attachment-88747\" style=\"width: 840px\" class=\"wp-caption aligncenter\"><img decoding=\"async\" class=\"wp-image-88747 size-large\" src=\"https:\/\/swissfederalism.ch\/wp-content\/uploads\/2021\/03\/vbe-logo-en-1024x177.jpg\" alt=\"&quot;Exemplary Energy and Climate&quot; (logo)\" width=\"840\" height=\"145\" srcset=\"https:\/\/swissfederalism.ch\/wp-content\/uploads\/2021\/03\/vbe-logo-en-1024x177.jpg 1024w, https:\/\/swissfederalism.ch\/wp-content\/uploads\/2021\/03\/vbe-logo-en-300x52.jpg 300w, https:\/\/swissfederalism.ch\/wp-content\/uploads\/2021\/03\/vbe-logo-en-768x133.jpg 768w, https:\/\/swissfederalism.ch\/wp-content\/uploads\/2021\/03\/vbe-logo-en.jpg 1226w\" sizes=\"(max-width: 840px) 100vw, 840px\" \/><figcaption id=\"caption-attachment-88747\" class=\"wp-caption-text\">&#8222;Exemplary Energy and Climate&#8220; (logo)<\/figcaption><\/figure>\n<h3>Verantwortlich f\u00fcr mehr als 2,5 Prozent des Energieverbrauchs<\/h3>\n<p>Die Schweizerische Post, die Eidgen\u00f6ssische Technische Hochschule, der Flughafen Genf, die SBB, die SIG, Skyguide, die SUVA, die Swisscom, das Eidgen\u00f6ssische Departement f\u00fcr Verteidigung, Bev\u00f6lkerungsschutz und Sport (VBS) und die Eidgen\u00f6ssische Zivilverwaltung sind f\u00fcr mehr als 2,5 Prozent des Energieverbrauchs der Schweiz verantwortlich und sind 2013 der &#8222;Initiative Vorbildliche Energie- und Klimapolitik&#8220; beigetreten.<br \/>\nSeitdem verfolgen sie gemeinsam Ziele, um die Energieeffizienz zu steigern und den \u00dcbergang zu erneuerbaren Energien zu f\u00f6rdern.<br \/>\nNun sto\u00dfen f\u00fcnf weitere Unternehmen, \u00f6ffentliche Dienstleister und f\u00fchrend in ihren Bereichen, zu den zehn Teilnehmern der Initiative.<\/p>\n<figure id=\"attachment_88743\" aria-describedby=\"caption-attachment-88743\" style=\"width: 840px\" class=\"wp-caption aligncenter\"><img decoding=\"async\" class=\"wp-image-88743 size-large\" src=\"https:\/\/swissfederalism.ch\/wp-content\/uploads\/2021\/03\/Vbe-1024x177.jpg\" alt=\"&quot;Vorbild Energie und Klima&quot; (logo)\" width=\"840\" height=\"145\" srcset=\"https:\/\/swissfederalism.ch\/wp-content\/uploads\/2021\/03\/Vbe-1024x177.jpg 1024w, https:\/\/swissfederalism.ch\/wp-content\/uploads\/2021\/03\/Vbe-300x52.jpg 300w, https:\/\/swissfederalism.ch\/wp-content\/uploads\/2021\/03\/Vbe-768x133.jpg 768w, https:\/\/swissfederalism.ch\/wp-content\/uploads\/2021\/03\/Vbe.jpg 1226w\" sizes=\"(max-width: 840px) 100vw, 840px\" \/><figcaption id=\"caption-attachment-88743\" class=\"wp-caption-text\">&#8222;Vorbild Energie und Klima&#8220; (logo)<\/figcaption><\/figure>\n<h3>PostFinance und PostAuto sind sehr unabh\u00e4ngig<\/h3>\n<p>PostFinance und PostAuto sind bereits bis Ende 2020 als Teil der Schweizerischen Post in der Initiative vertreten, ab diesem Jahr werden sie eigenst\u00e4ndige Teilnehmer sein.<br \/>\nHinzu kommen die Flughafen Z\u00fcrich AG, die RUAG MRO Holding AG und die SRG SSR.<br \/>\nDie Teilnahme der f\u00fcnf neuen Teilnehmer und das Interesse weiterer Unternehmen und Organisationen zeigen, dass die Initiative dem Bed\u00fcrfnis nach einem strukturierten Rahmen und einem aktiven Netzwerk f\u00fcr die Umsetzung der Energiestrategie 2050 entspricht.<\/p>\n<figure id=\"attachment_88751\" aria-describedby=\"caption-attachment-88751\" style=\"width: 840px\" class=\"wp-caption aligncenter\"><img decoding=\"async\" class=\"wp-image-88751 size-large\" src=\"https:\/\/swissfederalism.ch\/wp-content\/uploads\/2021\/03\/vbe-logo-fr-1024x177.jpg\" alt=\"&quot;Exemplarit\u00e9 \u00c9nergie et Climat&quot; (logo)\" width=\"840\" height=\"145\" srcset=\"https:\/\/swissfederalism.ch\/wp-content\/uploads\/2021\/03\/vbe-logo-fr-1024x177.jpg 1024w, https:\/\/swissfederalism.ch\/wp-content\/uploads\/2021\/03\/vbe-logo-fr-300x52.jpg 300w, https:\/\/swissfederalism.ch\/wp-content\/uploads\/2021\/03\/vbe-logo-fr-768x133.jpg 768w, https:\/\/swissfederalism.ch\/wp-content\/uploads\/2021\/03\/vbe-logo-fr.jpg 1226w\" sizes=\"(max-width: 840px) 100vw, 840px\" \/><figcaption id=\"caption-attachment-88751\" class=\"wp-caption-text\">&#8222;Exemplarit\u00e9 \u00c9nergie et Climat&#8220; (logo)<\/figcaption><\/figure>\n<h3>Was ist die beispielhafte Energie- und Klimainitiative?<\/h3>\n<p>Die Initiative &#8222;Vorbildlich Energie und Klima&#8220; ist eine der zw\u00f6lf Ma\u00dfnahmen der Energiestrategie 2050.<br \/>\nEr wird vom Bund gef\u00f6rdert und richtet sich an Unternehmen und parastaatliche und parakantonale Organisationen in der ganzen Schweiz, die im Energie- und Klimabereich eine Vorbildfunktion einnehmen wollen.<br \/>\nNachdem die ersten Teilnehmer der Initiative in einer ersten Phase von 2013 bis 2020 ihre Energieeffizienz um durchschnittlich mehr als 30 Prozent gesteigert haben, starten sie nun in die zweite Phase mit einem verst\u00e4rkten Fokus auf den Ausbau der erneuerbaren Energien (Fact Sheet).<\/p>\n<figure id=\"attachment_88755\" aria-describedby=\"caption-attachment-88755\" style=\"width: 840px\" class=\"wp-caption aligncenter\"><img decoding=\"async\" class=\"wp-image-88755 size-large\" src=\"https:\/\/swissfederalism.ch\/wp-content\/uploads\/2021\/03\/vbe-logo-it-1024x178.jpg\" alt=\"&quot;Energia e clima esemplari&quot; (logo)\" width=\"840\" height=\"146\" srcset=\"https:\/\/swissfederalism.ch\/wp-content\/uploads\/2021\/03\/vbe-logo-it-1024x178.jpg 1024w, https:\/\/swissfederalism.ch\/wp-content\/uploads\/2021\/03\/vbe-logo-it-300x52.jpg 300w, https:\/\/swissfederalism.ch\/wp-content\/uploads\/2021\/03\/vbe-logo-it-768x133.jpg 768w, https:\/\/swissfederalism.ch\/wp-content\/uploads\/2021\/03\/vbe-logo-it.jpg 1221w\" sizes=\"(max-width: 840px) 100vw, 840px\" \/><figcaption id=\"caption-attachment-88755\" class=\"wp-caption-text\">&#8222;Energia e clima esemplari&#8220; (logo)<\/figcaption><\/figure>\n<h3>Die genaue Bezeichnung der f\u00fcnf neuen Mitglieder<\/h3>\n<h4>PostFinance<\/h4>\n<p>Mit 2,7 Millionen Privat- und Gesch\u00e4ftskunden ist PostFinance eines der f\u00fchrenden Finanzinstitute der Schweiz.<br \/>\nIm Bereich Energie und Klima setzt sie vor allem Ma\u00dfnahmen zur Reduzierung der CO2-Emissionen um. So werden die Forschungszentren vollst\u00e4ndig mit Strom aus erneuerbaren Quellen betrieben.<br \/>\nDar\u00fcber hinaus verfolgt PostFinance gemeinsam mit anderen Bereichen der Post das Ziel, das gesamte Unternehmen bis 2040 klimaneutral zu stellen.<\/p>\n<h4>PostAuto<\/h4>\n<p>PostAuto ist das f\u00fchrende Stra\u00dfentransportunternehmen der Schweiz. Sie bietet vor allem regionale Personenverkehrsdienste an und entwickelt Mobilit\u00e4tsangebote f\u00fcr die Zukunft.<br \/>\nIm Bereich Energie und Klima arbeitet PostAuto an der Umstellung auf alternative Antriebsformen.<br \/>\nDas Unternehmen verfolgt die ehrgeizigen Ziele, bis zum Jahr 2024 insgesamt 100 batterie- und brennstoffzellenbetriebene Busse in den Verkehr zu bringen und \u00fcber eine gesamte Fahrzeugflotte von \u00fcber 2.400 Fahrzeugen zu verf\u00fcgen, die nicht mit fossilen Brennstoffen betrieben werden.<\/p>\n<h4>RUAG MRO Holding AG<\/h4>\n<p>Die RUAG MRO Holding AG umfasst die RUAG AG und die RUAG Real Estate AG.<br \/>\nDie RUAG AG leistet einen wesentlichen Beitrag zur Sicherheit der Schweiz und ist ein f\u00fchrender Technologiepartner der Schweizer Armee.<br \/>\nAls Generalunternehmerin bietet die RUAG Real Estate AG flexible Rauml\u00f6sungen und Dienstleistungen im Immobilienbereich an.<br \/>\nIm Bereich Energie und Klima setzt RUAG vorrangig auf die Reduktion der CO2-Emissionen von Heizungsanlagen, den Ausbau der Stromerzeugung aus erneuerbaren Quellen und die Installation von Elektrotankstellen.<\/p>\n<h4>Flughafen Z\u00fcrich AG<\/h4>\n<p>Die Flughafen Z\u00fcrich AG betreibt den Flughafen Z\u00fcrich, den wichtigsten Verkehrsknotenpunkt der Schweiz.<br \/>\nIm Bereich Energie und Klima konzentriert sich die Flughafen Z\u00fcrich AG auf die Sanierung von Geb\u00e4uden, erneuerbare Energien und die Elektrifizierung von Fahrzeugen und Bodenmaschinen.<\/p>\n<h4>SRG SSR<\/h4>\n<p>Die SRG SSR ist das gr\u00f6\u00dfte Medienunternehmen der Schweiz.<br \/>\nIm Bereich Energie und Klima sind die Hauptziele der SRG SSR die Erh\u00f6hung des Anteils von Strom aus erneuerbaren Quellen und die Schaffung einer nachhaltigen Geb\u00e4udeinfrastruktur.<\/p>\n<figure id=\"attachment_86952\" aria-describedby=\"caption-attachment-86952\" style=\"width: 840px\" class=\"wp-caption aligncenter\"><img decoding=\"async\" class=\"wp-image-86952 size-large\" src=\"https:\/\/swissfederalism.ch\/wp-content\/uploads\/2021\/02\/Il-Cervino-o-Matterhorn-e-una-montagna-delle-Alpi-alta-4478-metri-1024x683.jpeg\" alt=\"Il Cervino o Matterhorn \u00e8 una montagna delle Alpi alta 4478 metri\" width=\"840\" height=\"560\" srcset=\"https:\/\/swissfederalism.ch\/wp-content\/uploads\/2021\/02\/Il-Cervino-o-Matterhorn-e-una-montagna-delle-Alpi-alta-4478-metri-1024x683.jpeg 1024w, https:\/\/swissfederalism.ch\/wp-content\/uploads\/2021\/02\/Il-Cervino-o-Matterhorn-e-una-montagna-delle-Alpi-alta-4478-metri-300x200.jpeg 300w, https:\/\/swissfederalism.ch\/wp-content\/uploads\/2021\/02\/Il-Cervino-o-Matterhorn-e-una-montagna-delle-Alpi-alta-4478-metri-768x512.jpeg 768w, https:\/\/swissfederalism.ch\/wp-content\/uploads\/2021\/02\/Il-Cervino-o-Matterhorn-e-una-montagna-delle-Alpi-alta-4478-metri-1536x1024.jpeg 1536w, https:\/\/swissfederalism.ch\/wp-content\/uploads\/2021\/02\/Il-Cervino-o-Matterhorn-e-una-montagna-delle-Alpi-alta-4478-metri.jpeg 1920w\" sizes=\"(max-width: 840px) 100vw, 840px\" \/><figcaption id=\"caption-attachment-86952\" class=\"wp-caption-text\">Das Matterhorn oder Matterhorn ist ein Berg in den Alpen, 4478 Meter hoch.<\/figcaption><\/figure>\n","protected":false},"excerpt":{"rendered":"<p>PostAuto, Flughafen Z\u00fcrich AG, PostFinance, RUAG MRO Holding AG und SRG SSR geh\u00f6ren zu den Top Ten der projektierten Teilnehmer am Klimaziel 2050&#8230;<\/p>\n","protected":false},"author":2,"featured_media":88741,"comment_status":"open","ping_status":"closed","sticky":false,"template":"","format":"standard","meta":{"footnotes":""},"categories":[309,313,307,295,311],"tags":[395,422,433,454,392],"class_list":["post-94855","post","type-post","status-publish","format-standard","has-post-thumbnail","hentry","category-highlights","category-kultur","category-politik","category-schweiz","category-wirtschaft","tag-chancen","tag-nachhaltigkeit","tag-politik","tag-tech-de","tag-zukunft"],"_links":{"self":[{"href":"https:\/\/swissfederalism.ch\/de\/wp-json\/wp\/v2\/posts\/94855","targetHints":{"allow":["GET"]}}],"collection":[{"href":"https:\/\/swissfederalism.ch\/de\/wp-json\/wp\/v2\/posts"}],"about":[{"href":"https:\/\/swissfederalism.ch\/de\/wp-json\/wp\/v2\/types\/post"}],"author":[{"embeddable":true,"href":"https:\/\/swissfederalism.ch\/de\/wp-json\/wp\/v2\/users\/2"}],"replies":[{"embeddable":true,"href":"https:\/\/swissfederalism.ch\/de\/wp-json\/wp\/v2\/comments?post=94855"}],"version-history":[{"count":4,"href":"https:\/\/swissfederalism.ch\/de\/wp-json\/wp\/v2\/posts\/94855\/revisions"}],"predecessor-version":[{"id":103930,"href":"https:\/\/swissfederalism.ch\/de\/wp-json\/wp\/v2\/posts\/94855\/revisions\/103930"}],"wp:featuredmedia":[{"embeddable":true,"href":"https:\/\/swissfederalism.ch\/de\/wp-json\/wp\/v2\/media\/88741"}],"wp:attachment":[{"href":"https:\/\/swissfederalism.ch\/de\/wp-json\/wp\/v2\/media?parent=94855"}],"wp:term":[{"taxonomy":"category","embeddable":true,"href":"https:\/\/swissfederalism.ch\/de\/wp-json\/wp\/v2\/categories?post=94855"},{"taxonomy":"post_tag","embeddable":true,"href":"https:\/\/swissfederalism.ch\/de\/wp-json\/wp\/v2\/tags?post=94855"}],"curies":[{"name":"wp","href":"https:\/\/api.w.org\/{rel}","templated":true}]}}