{"id":94128,"date":"2021-02-20T21:34:41","date_gmt":"2021-02-20T21:34:41","guid":{"rendered":"https:\/\/swissfederalism.ch\/2-6-billion-value-from-zurich-innovation-park\/"},"modified":"2021-05-31T16:58:29","modified_gmt":"2021-05-31T16:58:29","slug":"26-milliarden-wert-aus-dem-zurich-innovation-park","status":"publish","type":"post","link":"https:\/\/swissfederalism.ch\/de\/26-milliarden-wert-aus-dem-zurich-innovation-park\/","title":{"rendered":"2,6 Milliarden Wert aus dem Zurich Innovation Park"},"content":{"rendered":"<h1>2,6 Milliarden Wert aus dem Zurich Innovation Park<\/h1>\n<h3><em>Eine Studie von BAK Economics prognostiziert, dass durch den Betrieb des IPZ zwischen D\u00fcbendorf und der Limmat 14.000 neue Arbeitspl\u00e4tze mit einem Umsatz im neunstelligen Bereich entstehen werden<\/em><\/h3>\n<p>Die Stiftung Innovationspark Z\u00fcrich beauftragte das unabh\u00e4ngige Schweizer Wirtschaftsforschungsinstitut BAK Economics, mit B\u00fcros in Basel, Manno und nat\u00fcrlich am Limmatufer, die wirtschaftliche Bedeutung der neuen Infrastruktur f\u00fcr die Standortregion, den Kanton Z\u00fcrich und die Schweiz insgesamt zu untersuchen.<br \/>\nDie Analysten kamen zu beeindruckenden Zahlen: Sie sch\u00e4tzten die direkte und indirekte Wertsch\u00f6pfung allein der Anlage bei voller Auslastung auf rund 2,5 Milliarden Schweizer Franken pro Jahr.<br \/>\nDie Studie von BAK Economics ist die erste umfassende Analyse des Potenzials des IPZ. Die Studie mit dem Titel &#8222;The Economic Significance of Switzerland Innovation Park Zurich&#8220; untersucht auch die Rolle der Schweiz und des Kantons Z\u00fcrich als Standort im internationalen Innovationswettbewerb.<\/p>\n<figure id=\"attachment_87784\" aria-describedby=\"caption-attachment-87784\" style=\"width: 840px\" class=\"wp-caption aligncenter\"><img decoding=\"async\" class=\"wp-image-87784 size-large\" src=\"https:\/\/swissfederalism.ch\/wp-content\/uploads\/2021\/02\/Il-rendering-del-padiglione-dello-Switzerland-Innovation-Park-Zurich-1024x369.jpg\" alt=\"Il rendering del padiglione dello Switzerland Innovation Park Zurich\" width=\"840\" height=\"303\" srcset=\"https:\/\/swissfederalism.ch\/wp-content\/uploads\/2021\/02\/Il-rendering-del-padiglione-dello-Switzerland-Innovation-Park-Zurich-1024x369.jpg 1024w, https:\/\/swissfederalism.ch\/wp-content\/uploads\/2021\/02\/Il-rendering-del-padiglione-dello-Switzerland-Innovation-Park-Zurich-300x108.jpg 300w, https:\/\/swissfederalism.ch\/wp-content\/uploads\/2021\/02\/Il-rendering-del-padiglione-dello-Switzerland-Innovation-Park-Zurich-768x276.jpg 768w, https:\/\/swissfederalism.ch\/wp-content\/uploads\/2021\/02\/Il-rendering-del-padiglione-dello-Switzerland-Innovation-Park-Zurich-1536x553.jpg 1536w, https:\/\/swissfederalism.ch\/wp-content\/uploads\/2021\/02\/Il-rendering-del-padiglione-dello-Switzerland-Innovation-Park-Zurich-2048x737.jpg 2048w, https:\/\/swissfederalism.ch\/wp-content\/uploads\/2021\/02\/Il-rendering-del-padiglione-dello-Switzerland-Innovation-Park-Zurich-scaled.jpg 2560w\" sizes=\"(max-width: 840px) 100vw, 840px\" \/><figcaption id=\"caption-attachment-87784\" class=\"wp-caption-text\">Das Rendering des Pavillons des Switzerland Innovation Park Z\u00fcrich<\/figcaption><\/figure>\n<h3>Viertausend zus\u00e4tzliche Arbeitspl\u00e4tze in der Lieferkette<\/h3>\n<p>Der Innovationspark Z\u00fcrich k\u00f6nnte direkt 10.000 neue Arbeitspl\u00e4tze schaffen, weitere 4.000 Stellen w\u00fcrden in der unmittelbaren Umgebung des Technologieparks entstehen.<br \/>\nDie Forscher zeigen, dass die Stadt an der Limmat zwar eine \u00fcberdurchschnittliche Wertsch\u00f6pfung im Vergleich zum Rest der Eidgenossenschaft aufweist, aber vor allem im High-Tech-Bereich noch Nachholbedarf hat.<\/p>\n<p><a href=\"https:\/\/swissfederalism.ch\/de\/schweiz-liechtensteiner-pakt-wissenschaftliche-innovation\/\"><strong>Pakt Schweiz-Liechtenstein zur wissenschaftlichen Innovation<\/strong><\/a><br \/>\n<a href=\"https:\/\/swissfederalism.ch\/de\/bern-zuerich-aargau-steuerliche-innovation\/\"><strong>Bern, Z\u00fcrich und Aargau setzen auf Innovation&#8230; steuerliche Innovation<\/strong><\/a><\/p>\n<p>Innovation und technologischer Fortschritt gelten als die wichtigsten Treiber f\u00fcr Wachstum und Wohlstand. Aus Sicht der Forscher lohnt es sich daher f\u00fcr die Region Z\u00fcrich, diese Bereiche durch die Schaffung g\u00fcnstigerer Rahmenbedingungen zu st\u00e4rken.<\/p>\n<figure id=\"attachment_87772\" aria-describedby=\"caption-attachment-87772\" style=\"width: 840px\" class=\"wp-caption aligncenter\"><img decoding=\"async\" class=\"wp-image-87772 size-large\" src=\"https:\/\/swissfederalism.ch\/wp-content\/uploads\/2021\/02\/Il-padiglione-dello-Switzerland-Innovation-Park-Zurich-in-costruzione-2-1024x683.jpeg\" alt=\"Il padiglione dello Switzerland Innovation Park Zurich in costruzione\" width=\"840\" height=\"560\" srcset=\"https:\/\/swissfederalism.ch\/wp-content\/uploads\/2021\/02\/Il-padiglione-dello-Switzerland-Innovation-Park-Zurich-in-costruzione-2-1024x683.jpeg 1024w, https:\/\/swissfederalism.ch\/wp-content\/uploads\/2021\/02\/Il-padiglione-dello-Switzerland-Innovation-Park-Zurich-in-costruzione-2-300x200.jpeg 300w, https:\/\/swissfederalism.ch\/wp-content\/uploads\/2021\/02\/Il-padiglione-dello-Switzerland-Innovation-Park-Zurich-in-costruzione-2-768x512.jpeg 768w, https:\/\/swissfederalism.ch\/wp-content\/uploads\/2021\/02\/Il-padiglione-dello-Switzerland-Innovation-Park-Zurich-in-costruzione-2-1536x1024.jpeg 1536w, https:\/\/swissfederalism.ch\/wp-content\/uploads\/2021\/02\/Il-padiglione-dello-Switzerland-Innovation-Park-Zurich-in-costruzione-2.jpeg 1920w\" sizes=\"(max-width: 840px) 100vw, 840px\" \/><figcaption id=\"caption-attachment-87772\" class=\"wp-caption-text\">Der Pavillon des Switzerland Innovation Park Z\u00fcrich im Aufbau<\/figcaption><\/figure>\n<h3>Forschungscluster verk\u00f6rpern Zukunftstrends<\/h3>\n<p>Die in der Studie &#8222;Robotik und Mobilit\u00e4t, Luft- und Raumfahrt sowie Produktionstechnologien&#8220; auf Englisch definierten Benchmark-Cluster des IPZ entsprechen laut BAK Economics auch den wichtigsten globalen Technologietrends. Betrachtet man zum Beispiel die Patententwicklung, so haben diese Gr\u00fcnderzentren gerade in den letzten zwei Jahrzehnten eine \u00fcberdurchschnittliche Dynamik gezeigt.<\/p>\n<p><a href=\"https:\/\/swissfederalism.ch\/de\/schweiz-ad-hoc-botschafter-fuer-wissenschaft\/\"><strong>Die Schweiz bekommt einen Ad-hoc-Botschafter f\u00fcr&#8230; Wissenschaft<\/strong><\/a><br \/>\n<a href=\"https:\/\/swissfederalism.ch\/de\/bundesrat-billigt-schweizer-green-fintech-netzwerk\/\"><strong>Bundesrat bewilligt Schweizer &#8222;Green Fintech&#8220;-Netzwerk<\/strong><\/a><\/p>\n<p>Der Kanton Z\u00fcrich zeichnet sich als exzellenter und international f\u00fchrender Hochschulstandort aus, der auch bei den meisten Standortfaktoren punkten kann.<br \/>\nMit der Realisierung des Innovationsparks Z\u00fcrich kann das bestehende \u00d6kosystem deutlich aufgewertet und gezielt genutzt werden, um die bev\u00f6lkerungsreichste Stadt der Schweiz als Wissens- und Forschungshauptstadt zu st\u00e4rken. Experten messen daher der Ansiedlung des IPZ vor Ort strategische Bedeutung bei.<\/p>\n<figure id=\"attachment_87824\" aria-describedby=\"caption-attachment-87824\" style=\"width: 840px\" class=\"wp-caption aligncenter\"><img decoding=\"async\" class=\"wp-image-87824 size-large\" src=\"https:\/\/swissfederalism.ch\/wp-content\/uploads\/2021\/02\/Rendering-del-campus-dello-Switzerland-Innovation-Park-Zurich-1024x683.jpeg\" alt=\"Rendering del campus dello Switzerland Innovation Park Zurich\" width=\"840\" height=\"560\" srcset=\"https:\/\/swissfederalism.ch\/wp-content\/uploads\/2021\/02\/Rendering-del-campus-dello-Switzerland-Innovation-Park-Zurich-1024x683.jpeg 1024w, https:\/\/swissfederalism.ch\/wp-content\/uploads\/2021\/02\/Rendering-del-campus-dello-Switzerland-Innovation-Park-Zurich-300x200.jpeg 300w, https:\/\/swissfederalism.ch\/wp-content\/uploads\/2021\/02\/Rendering-del-campus-dello-Switzerland-Innovation-Park-Zurich-768x512.jpeg 768w, https:\/\/swissfederalism.ch\/wp-content\/uploads\/2021\/02\/Rendering-del-campus-dello-Switzerland-Innovation-Park-Zurich-1536x1024.jpeg 1536w, https:\/\/swissfederalism.ch\/wp-content\/uploads\/2021\/02\/Rendering-del-campus-dello-Switzerland-Innovation-Park-Zurich.jpeg 1920w\" sizes=\"(max-width: 840px) 100vw, 840px\" \/><figcaption id=\"caption-attachment-87824\" class=\"wp-caption-text\">Rendering des Campus des Switzerland Innovation Park Z\u00fcrich<\/figcaption><\/figure>\n<h3>Positive Effekte auch f\u00fcr die regionale Industrie<\/h3>\n<p>Die potenziellen direkten und indirekten wirtschaftlichen Effekte der IPZ sind betr\u00e4chtlich. Abh\u00e4ngig von der Aktivit\u00e4t und der Anzahl der Unternehmen, die sich dort ansiedeln werden, werden etwa 10.000 neue Arbeitspl\u00e4tze direkt und weitere 4.000 \u00fcber den induzierten Mechanismus geschaffen, die zus\u00e4tzliche Steuereinnahmen in H\u00f6he von mehreren zehn Millionen Franken f\u00fcr die kantonalen und kommunalen Verwaltungen generieren werden.<\/p>\n<p><iframe title=\"Innovationspark Zu\u0308rich - Ein Generationenprojekt nimmt Gestalt an\" width=\"840\" height=\"473\" src=\"https:\/\/www.youtube.com\/embed\/cPD38v8Rzb0?feature=oembed&#038;width=840&#038;height=1000&#038;discover=1\" frameborder=\"0\" allow=\"accelerometer; autoplay; clipboard-write; encrypted-media; gyroscope; picture-in-picture\" allowfullscreen><\/iframe><\/p>\n<h3>Frankenregen f\u00fcr den Kanton und die Gemeinden<\/h3>\n<p>\u00d6konomen sch\u00e4tzen den kumulierten wirtschaftlichen Effekt f\u00fcr den Kanton auf etwa 2,5 Milliarden Franken pro Jahr, was 1,7 Prozent des Bruttoinlandsprodukts des Kantons entspricht. F\u00fcr die Schweiz wird der Gesamteffekt auf 2,6 Milliarden Franken gesch\u00e4tzt.<\/p>\n<p><a href=\"https:\/\/swissfederalism.ch\/de\/die-schweizer-exportindustrie-setzt-auf-innovation\/\"><strong>Die Schweizer Exportindustrie setzt auf Innovation<\/strong><\/a><br \/>\n<a href=\"https:\/\/swissfederalism.ch\/de\/mehr-flexibilitaet-foerderung-schweizer-innovationen\/\"><strong>Mehr Flexibilit\u00e4t bei der F\u00f6rderung von Schweizer Innovationen<\/strong><\/a><\/p>\n<p>Die Zahlen zeigen, dass 90 Prozent der Wertsch\u00f6pfung der IPZ im Kanton Z\u00fcrich generiert werden, was unter anderem darauf zur\u00fcckzuf\u00fchren ist, dass ein Gro\u00dfteil der Vorleistungen der Unternehmen und Dienstleistungen aus dem regionalen und urbanen Umfeld der Limmatstadt stammen.<\/p>\n<figure id=\"attachment_87820\" aria-describedby=\"caption-attachment-87820\" style=\"width: 840px\" class=\"wp-caption aligncenter\"><img decoding=\"async\" class=\"wp-image-87820 size-large\" src=\"https:\/\/swissfederalism.ch\/wp-content\/uploads\/2021\/02\/Rendering-degli-hangar-dello-Switzerland-Innovation-Park-Zurich-1024x683.jpeg\" alt=\"Rendering degli hangar dello Switzerland Innovation Park Zurich\" width=\"840\" height=\"560\" srcset=\"https:\/\/swissfederalism.ch\/wp-content\/uploads\/2021\/02\/Rendering-degli-hangar-dello-Switzerland-Innovation-Park-Zurich-1024x683.jpeg 1024w, https:\/\/swissfederalism.ch\/wp-content\/uploads\/2021\/02\/Rendering-degli-hangar-dello-Switzerland-Innovation-Park-Zurich-300x200.jpeg 300w, https:\/\/swissfederalism.ch\/wp-content\/uploads\/2021\/02\/Rendering-degli-hangar-dello-Switzerland-Innovation-Park-Zurich-768x512.jpeg 768w, https:\/\/swissfederalism.ch\/wp-content\/uploads\/2021\/02\/Rendering-degli-hangar-dello-Switzerland-Innovation-Park-Zurich-1536x1024.jpeg 1536w, https:\/\/swissfederalism.ch\/wp-content\/uploads\/2021\/02\/Rendering-degli-hangar-dello-Switzerland-Innovation-Park-Zurich.jpeg 1920w\" sizes=\"(max-width: 840px) 100vw, 840px\" \/><figcaption id=\"caption-attachment-87820\" class=\"wp-caption-text\">Rendering der Hangars des Switzerland Innovation Park Z\u00fcrich<\/figcaption><\/figure>\n<h3>Bis zu drei verschiedene Stufen der Bodenbelastung<\/h3>\n<p>Experten gehen davon aus, dass es drei verschiedene Ebenen der Auswirkung gibt.<\/p>\n<p><strong><a href=\"https:\/\/swissfederalism.ch\/wp-content\/uploads\/2021\/02\/BAK_Economics_Economic_Footprint_Switzerland_Innovation_Park_Zuerich.pdf\">Der Bericht &#8218;Economic Footprint Switzerland Innovation Park Zurich&#8216; von BAK Economics\u00a0<\/a><\/strong><\/p>\n<p>Die Prim\u00e4reffekte, die durch den laufenden Betrieb des Innovationsparks Z\u00fcrich und die Wertsch\u00f6pfung der dort angesiedelten Unternehmen und Hochschulen generiert werden;<br \/>\ndie sekund\u00e4ren Effekte, die durch die Auftr\u00e4ge an Zulieferer und Dienstleister beim Bau und Betrieb des IPZ sowie durch die Konsumnachfrage der Besch\u00e4ftigten generiert werden;<br \/>\nschliesslich die gesamtwirtschaftlichen Multiplikatoreffekte, die in der gesamten Wertsch\u00f6pfungskette entstehen: Die bereits laufende Entwicklung des Flughafengel\u00e4ndes D\u00fcbendorf selbst hat positive volkswirtschaftliche Effekte von mehreren hundert Millionen Franken.<\/p>\n<figure id=\"attachment_87832\" aria-describedby=\"caption-attachment-87832\" style=\"width: 840px\" class=\"wp-caption aligncenter\"><img decoding=\"async\" class=\"wp-image-87832 size-large\" src=\"https:\/\/swissfederalism.ch\/wp-content\/uploads\/2021\/02\/Vista-dellarea-Saentisblick-dello-Swiss-Innovation-Park-Zurich-1024x683.jpeg\" alt=\"Vista dell'area Saentisblick dello Swiss Innovation Park Zurich\" width=\"840\" height=\"560\" srcset=\"https:\/\/swissfederalism.ch\/wp-content\/uploads\/2021\/02\/Vista-dellarea-Saentisblick-dello-Swiss-Innovation-Park-Zurich-1024x683.jpeg 1024w, https:\/\/swissfederalism.ch\/wp-content\/uploads\/2021\/02\/Vista-dellarea-Saentisblick-dello-Swiss-Innovation-Park-Zurich-300x200.jpeg 300w, https:\/\/swissfederalism.ch\/wp-content\/uploads\/2021\/02\/Vista-dellarea-Saentisblick-dello-Swiss-Innovation-Park-Zurich-768x512.jpeg 768w, https:\/\/swissfederalism.ch\/wp-content\/uploads\/2021\/02\/Vista-dellarea-Saentisblick-dello-Swiss-Innovation-Park-Zurich-1536x1024.jpeg 1536w, https:\/\/swissfederalism.ch\/wp-content\/uploads\/2021\/02\/Vista-dellarea-Saentisblick-dello-Swiss-Innovation-Park-Zurich.jpeg 1920w\" sizes=\"(max-width: 840px) 100vw, 840px\" \/><figcaption id=\"caption-attachment-87832\" class=\"wp-caption-text\">Blick auf das Saentisblick-Areal des Swiss Innovation Park Z\u00fcrich<\/figcaption><\/figure>\n<h3>Gro\u00dfe strategische und wirtschaftliche Bedeutung<\/h3>\n<p>Die Studie zeigt damit eindr\u00fccklich, dass die Entwicklung des Innovationsparks Z\u00fcrich von immenser strategischer und wirtschaftlicher Bedeutung f\u00fcr den gleichnamigen Kanton und f\u00fcr das ganze Land ist.<br \/>\nEr st\u00e4rkt die Wettbewerbsf\u00e4higkeit des Gebiets durch eine erh\u00f6hte Innovationsdynamik und verbesserte Forschungs- und Entwicklungsanstrengungen (industriell und anderweitig), in denen Z\u00fcrich im nationalen und globalen Vergleich ein erhebliches Wachstumspotenzial hat.<br \/>\nDie Technologiecluster der IPZ liegen im Einklang mit den langfristigen globalen Trends und zeigen eine \u00fcberdurchschnittliche Dynamik.<br \/>\nDie IPZ profitiert von der internationalen Ausnahmestellung der in Z\u00fcrich ans\u00e4ssigen Hochschulen sowie von der Br\u00fcckenfunktion zwischen Wissenschaft und Wirtschaft an einem verkehrstechnisch hervorragend angebundenen Standort mit besten Arbeits- und Testbedingungen.<\/p>\n<figure id=\"attachment_87788\" aria-describedby=\"caption-attachment-87788\" style=\"width: 840px\" class=\"wp-caption aligncenter\"><img decoding=\"async\" class=\"wp-image-87788 size-large\" src=\"https:\/\/swissfederalism.ch\/wp-content\/uploads\/2021\/02\/Il-rendering-notturno-del-padiglione-dello-Switzerland-Innovation-Park-Zurich-1024x452.jpg\" alt=\"Il rendering notturno del padiglione dello Switzerland Innovation Park Zurich\" width=\"840\" height=\"371\" srcset=\"https:\/\/swissfederalism.ch\/wp-content\/uploads\/2021\/02\/Il-rendering-notturno-del-padiglione-dello-Switzerland-Innovation-Park-Zurich-1024x452.jpg 1024w, https:\/\/swissfederalism.ch\/wp-content\/uploads\/2021\/02\/Il-rendering-notturno-del-padiglione-dello-Switzerland-Innovation-Park-Zurich-300x132.jpg 300w, https:\/\/swissfederalism.ch\/wp-content\/uploads\/2021\/02\/Il-rendering-notturno-del-padiglione-dello-Switzerland-Innovation-Park-Zurich-768x339.jpg 768w, https:\/\/swissfederalism.ch\/wp-content\/uploads\/2021\/02\/Il-rendering-notturno-del-padiglione-dello-Switzerland-Innovation-Park-Zurich-1536x678.jpg 1536w, https:\/\/swissfederalism.ch\/wp-content\/uploads\/2021\/02\/Il-rendering-notturno-del-padiglione-dello-Switzerland-Innovation-Park-Zurich-2048x904.jpg 2048w, https:\/\/swissfederalism.ch\/wp-content\/uploads\/2021\/02\/Il-rendering-notturno-del-padiglione-dello-Switzerland-Innovation-Park-Zurich-scaled.jpg 2560w\" sizes=\"(max-width: 840px) 100vw, 840px\" \/><figcaption id=\"caption-attachment-87788\" class=\"wp-caption-text\">Das Nacht-Rendering des Pavillons des Switzerland Innovation Park Zurich<\/figcaption><\/figure>\n<h3>Wie genau funktioniert das &#8222;IPZ-Projekt&#8220;?<\/h3>\n<p>Der Switzerland Innovation Park Zurich (IPZ) ist Teil der nationalen Initiative Switzerland Innovation. Er konzentriert sich auf Forschung und Entwicklung an der Schnittstelle von Wissenschaft und Wirtschaft in drei Clustern: Robotik und Mobilit\u00e4t, Luft- und Raumfahrt sowie Fertigungstechnologien.<br \/>\nDer Schwerpunkt des spannenden Projekts liegt auf der direkten und unkomplizierten Integration von Forschung, Entwicklung und praktischer Anwendung an einem gemeinsamen Standort von internationalen Hochschulen und Unternehmen.<br \/>\nDer von privaten Investoren vorfinanzierte Park befindet sich derzeit auf dem Gel\u00e4nde des Flughafens D\u00fcbendorf im Bau. Zu den bereits im IPZ aktiven Institutionen geh\u00f6ren die ETH und die Universit\u00e4t Z\u00fcrich, die EMPA (Eidgen\u00f6ssische Materialpr\u00fcfungsanstalt) und zahlreiche Unternehmen.<br \/>\nDer Bund hat dem Kanton Z\u00fcrich das Land im Baurecht zur Verf\u00fcgung gestellt, vorausgesetzt, der Switzerland Innovation Park Zurich wird tats\u00e4chlich gebaut.<\/p>\n<p><iframe title=\"Der Pavillon des Innovationsparks entsteht\" width=\"840\" height=\"473\" src=\"https:\/\/www.youtube.com\/embed\/sgTpKn24-lI?feature=oembed&#038;width=840&#038;height=1000&#038;discover=1\" frameborder=\"0\" allow=\"accelerometer; autoplay; clipboard-write; encrypted-media; gyroscope; picture-in-picture\" allowfullscreen><\/iframe><\/p>\n<div id='gallery-1' class='gallery galleryid-94128 gallery-columns-6 gallery-size-thumbnail'><figure class='gallery-item'>\n\t\t\t<div class='gallery-icon landscape'>\n\t\t\t\t<a href='https:\/\/swissfederalism.ch\/de\/schweizer-studenten-arbeiten-auch-zehn-stunden-pro-woche\/le-varie-tappe-di-realizzazione-dello-switzerland-innovation-park-zurich-2-2\/'><img decoding=\"async\" width=\"150\" height=\"150\" src=\"https:\/\/swissfederalism.ch\/wp-content\/uploads\/2021\/02\/Le-varie-tappe-di-realizzazione-dello-Switzerland-Innovation-Park-Zurich-1-150x150.jpeg\" class=\"attachment-thumbnail size-thumbnail\" alt=\"\" aria-describedby=\"gallery-1-87870\" srcset=\"https:\/\/swissfederalism.ch\/wp-content\/uploads\/2021\/02\/Le-varie-tappe-di-realizzazione-dello-Switzerland-Innovation-Park-Zurich-1-150x150.jpeg 150w, https:\/\/swissfederalism.ch\/wp-content\/uploads\/2021\/02\/Le-varie-tappe-di-realizzazione-dello-Switzerland-Innovation-Park-Zurich-1-45x45.jpeg 45w\" sizes=\"(max-width: 150px) 100vw, 150px\" \/><\/a>\n\t\t\t<\/div>\n\t\t\t\t<figcaption class='wp-caption-text gallery-caption' id='gallery-1-87870'>\n\t\t\t\tParc d&#8217;Innovation de Zurich\n\t\t\t\t<\/figcaption><\/figure><figure class='gallery-item'>\n\t\t\t<div class='gallery-icon landscape'>\n\t\t\t\t<a href='https:\/\/swissfederalism.ch\/de\/26-milliarden-wert-aus-dem-zurich-innovation-park\/vista-dellarea-saentisblick-dello-swiss-innovation-park-zurich-2\/'><img decoding=\"async\" width=\"150\" height=\"150\" src=\"https:\/\/swissfederalism.ch\/wp-content\/uploads\/2021\/02\/Vista-dellarea-Saentisblick-dello-Swiss-Innovation-Park-Zurich-150x150.jpeg\" class=\"attachment-thumbnail size-thumbnail\" alt=\"Vista dell&#039;area Saentisblick dello Swiss Innovation Park Zurich\" aria-describedby=\"gallery-1-87835\" srcset=\"https:\/\/swissfederalism.ch\/wp-content\/uploads\/2021\/02\/Vista-dellarea-Saentisblick-dello-Swiss-Innovation-Park-Zurich-150x150.jpeg 150w, https:\/\/swissfederalism.ch\/wp-content\/uploads\/2021\/02\/Vista-dellarea-Saentisblick-dello-Swiss-Innovation-Park-Zurich-45x45.jpeg 45w\" sizes=\"(max-width: 150px) 100vw, 150px\" \/><\/a>\n\t\t\t<\/div>\n\t\t\t\t<figcaption class='wp-caption-text gallery-caption' id='gallery-1-87835'>\n\t\t\t\tVista dell&#8217;area Saentisblick dello Swiss Innovation Park Zurich\n\t\t\t\t<\/figcaption><\/figure><figure class='gallery-item'>\n\t\t\t<div class='gallery-icon landscape'>\n\t\t\t\t<a href='https:\/\/swissfederalism.ch\/de\/vista-dalla-terrazza-dello-swiss-innovation-park-zurich-2\/'><img decoding=\"async\" width=\"150\" height=\"150\" src=\"https:\/\/swissfederalism.ch\/wp-content\/uploads\/2021\/02\/Vista-dalla-terrazza-dello-Swiss-Innovation-Park-Zurich-150x150.jpeg\" class=\"attachment-thumbnail size-thumbnail\" alt=\"Vista dalla terrazza dello Swiss Innovation Park Zurich\" aria-describedby=\"gallery-1-87831\" srcset=\"https:\/\/swissfederalism.ch\/wp-content\/uploads\/2021\/02\/Vista-dalla-terrazza-dello-Swiss-Innovation-Park-Zurich-150x150.jpeg 150w, https:\/\/swissfederalism.ch\/wp-content\/uploads\/2021\/02\/Vista-dalla-terrazza-dello-Swiss-Innovation-Park-Zurich-45x45.jpeg 45w\" sizes=\"(max-width: 150px) 100vw, 150px\" \/><\/a>\n\t\t\t<\/div>\n\t\t\t\t<figcaption class='wp-caption-text gallery-caption' id='gallery-1-87831'>\n\t\t\t\tVista dalla terrazza dello Swiss Innovation Park Zurich\n\t\t\t\t<\/figcaption><\/figure><figure class='gallery-item'>\n\t\t\t<div class='gallery-icon landscape'>\n\t\t\t\t<a href='https:\/\/swissfederalism.ch\/de\/26-milliarden-wert-aus-dem-zurich-innovation-park\/rendering-del-campus-dello-switzerland-innovation-park-zurich-2\/'><img decoding=\"async\" width=\"150\" height=\"150\" src=\"https:\/\/swissfederalism.ch\/wp-content\/uploads\/2021\/02\/Rendering-del-campus-dello-Switzerland-Innovation-Park-Zurich-150x150.jpeg\" class=\"attachment-thumbnail size-thumbnail\" alt=\"Rendering del campus dello Switzerland Innovation Park Zurich\" aria-describedby=\"gallery-1-87827\" srcset=\"https:\/\/swissfederalism.ch\/wp-content\/uploads\/2021\/02\/Rendering-del-campus-dello-Switzerland-Innovation-Park-Zurich-150x150.jpeg 150w, https:\/\/swissfederalism.ch\/wp-content\/uploads\/2021\/02\/Rendering-del-campus-dello-Switzerland-Innovation-Park-Zurich-45x45.jpeg 45w\" sizes=\"(max-width: 150px) 100vw, 150px\" \/><\/a>\n\t\t\t<\/div>\n\t\t\t\t<figcaption class='wp-caption-text gallery-caption' id='gallery-1-87827'>\n\t\t\t\tRendering del campus dello Switzerland Innovation Park Zurich\n\t\t\t\t<\/figcaption><\/figure><figure class='gallery-item'>\n\t\t\t<div class='gallery-icon landscape'>\n\t\t\t\t<a href='https:\/\/swissfederalism.ch\/de\/26-milliarden-wert-aus-dem-zurich-innovation-park\/rendering-degli-hangar-dello-switzerland-innovation-park-zurich-2\/'><img decoding=\"async\" width=\"150\" height=\"150\" src=\"https:\/\/swissfederalism.ch\/wp-content\/uploads\/2021\/02\/Rendering-degli-hangar-dello-Switzerland-Innovation-Park-Zurich-150x150.jpeg\" class=\"attachment-thumbnail size-thumbnail\" alt=\"Rendering degli hangar dello Switzerland Innovation Park Zurich\" aria-describedby=\"gallery-1-87823\" srcset=\"https:\/\/swissfederalism.ch\/wp-content\/uploads\/2021\/02\/Rendering-degli-hangar-dello-Switzerland-Innovation-Park-Zurich-150x150.jpeg 150w, https:\/\/swissfederalism.ch\/wp-content\/uploads\/2021\/02\/Rendering-degli-hangar-dello-Switzerland-Innovation-Park-Zurich-45x45.jpeg 45w\" sizes=\"(max-width: 150px) 100vw, 150px\" \/><\/a>\n\t\t\t<\/div>\n\t\t\t\t<figcaption class='wp-caption-text gallery-caption' id='gallery-1-87823'>\n\t\t\t\tRendering degli hangar dello Switzerland Innovation Park Zurich\n\t\t\t\t<\/figcaption><\/figure><figure class='gallery-item'>\n\t\t\t<div class='gallery-icon landscape'>\n\t\t\t\t<a href='https:\/\/swissfederalism.ch\/de\/linterno-del-padiglione-dello-switzerland-innovation-park-zurich-3\/'><img decoding=\"async\" width=\"150\" height=\"150\" src=\"https:\/\/swissfederalism.ch\/wp-content\/uploads\/2021\/02\/Linterno-del-Padiglione-dello-Switzerland-Innovation-Park-Zurich-150x150.jpeg\" class=\"attachment-thumbnail size-thumbnail\" alt=\"L&#039;interno del Padiglione dello Switzerland Innovation Park Zurich\" aria-describedby=\"gallery-1-87819\" srcset=\"https:\/\/swissfederalism.ch\/wp-content\/uploads\/2021\/02\/Linterno-del-Padiglione-dello-Switzerland-Innovation-Park-Zurich-150x150.jpeg 150w, https:\/\/swissfederalism.ch\/wp-content\/uploads\/2021\/02\/Linterno-del-Padiglione-dello-Switzerland-Innovation-Park-Zurich-45x45.jpeg 45w\" sizes=\"(max-width: 150px) 100vw, 150px\" \/><\/a>\n\t\t\t<\/div>\n\t\t\t\t<figcaption class='wp-caption-text gallery-caption' id='gallery-1-87819'>\n\t\t\t\tL&#8217;interno del Padiglione dello Switzerland Innovation Park Zurich\n\t\t\t\t<\/figcaption><\/figure><figure class='gallery-item'>\n\t\t\t<div class='gallery-icon landscape'>\n\t\t\t\t<a href='https:\/\/swissfederalism.ch\/de\/linterno-del-padiglione-dello-switzerland-innovation-park-zurich-2-2\/'><img decoding=\"async\" width=\"150\" height=\"150\" src=\"https:\/\/swissfederalism.ch\/wp-content\/uploads\/2021\/02\/Linterno-del-Padiglione-dello-Switzerland-Innovation-Park-Zurich-2-150x150.jpeg\" class=\"attachment-thumbnail size-thumbnail\" alt=\"L&#039;interno del Padiglione dello Switzerland Innovation Park Zurich (2)\" aria-describedby=\"gallery-1-87815\" srcset=\"https:\/\/swissfederalism.ch\/wp-content\/uploads\/2021\/02\/Linterno-del-Padiglione-dello-Switzerland-Innovation-Park-Zurich-2-150x150.jpeg 150w, https:\/\/swissfederalism.ch\/wp-content\/uploads\/2021\/02\/Linterno-del-Padiglione-dello-Switzerland-Innovation-Park-Zurich-2-45x45.jpeg 45w\" sizes=\"(max-width: 150px) 100vw, 150px\" \/><\/a>\n\t\t\t<\/div>\n\t\t\t\t<figcaption class='wp-caption-text gallery-caption' id='gallery-1-87815'>\n\t\t\t\tL&#8217;interno del Padiglione dello Switzerland Innovation Park Zurich (2)\n\t\t\t\t<\/figcaption><\/figure><figure class='gallery-item'>\n\t\t\t<div class='gallery-icon landscape'>\n\t\t\t\t<a href='https:\/\/swissfederalism.ch\/de\/linterno-del-caffe-chuchichaeschtli-dello-switzerland-innovation-park-zurich-2\/'><img decoding=\"async\" width=\"150\" height=\"150\" src=\"https:\/\/swissfederalism.ch\/wp-content\/uploads\/2021\/02\/Linterno-del-Caffe-Chuchichaeschtli-dello-Switzerland-Innovation-Park-Zurich-150x150.jpeg\" class=\"attachment-thumbnail size-thumbnail\" alt=\"L&#039;interno del Caff\u00e8 Chuchichaeschtli dello Switzerland Innovation Park Zurich\" aria-describedby=\"gallery-1-87811\" srcset=\"https:\/\/swissfederalism.ch\/wp-content\/uploads\/2021\/02\/Linterno-del-Caffe-Chuchichaeschtli-dello-Switzerland-Innovation-Park-Zurich-150x150.jpeg 150w, https:\/\/swissfederalism.ch\/wp-content\/uploads\/2021\/02\/Linterno-del-Caffe-Chuchichaeschtli-dello-Switzerland-Innovation-Park-Zurich-45x45.jpeg 45w\" sizes=\"(max-width: 150px) 100vw, 150px\" \/><\/a>\n\t\t\t<\/div>\n\t\t\t\t<figcaption class='wp-caption-text gallery-caption' id='gallery-1-87811'>\n\t\t\t\tL&#8217;interno del Caff\u00e8 Chuchichaeschtli dello Switzerland Innovation Park Zurich\n\t\t\t\t<\/figcaption><\/figure><figure class='gallery-item'>\n\t\t\t<div class='gallery-icon landscape'>\n\t\t\t\t<a href='https:\/\/swissfederalism.ch\/de\/la-scala-di-accesso-alla-terrazza-dello-switzerland-innovation-park-zurich-2\/'><img decoding=\"async\" width=\"150\" height=\"150\" src=\"https:\/\/swissfederalism.ch\/wp-content\/uploads\/2021\/02\/La-scala-di-accesso-alla-terrazza-dello-Switzerland-Innovation-Park-Zurich-150x150.jpeg\" class=\"attachment-thumbnail size-thumbnail\" alt=\"La scala di accesso alla terrazza dello Switzerland Innovation Park Zurich\" aria-describedby=\"gallery-1-87803\" srcset=\"https:\/\/swissfederalism.ch\/wp-content\/uploads\/2021\/02\/La-scala-di-accesso-alla-terrazza-dello-Switzerland-Innovation-Park-Zurich-150x150.jpeg 150w, https:\/\/swissfederalism.ch\/wp-content\/uploads\/2021\/02\/La-scala-di-accesso-alla-terrazza-dello-Switzerland-Innovation-Park-Zurich-45x45.jpeg 45w\" sizes=\"(max-width: 150px) 100vw, 150px\" \/><\/a>\n\t\t\t<\/div>\n\t\t\t\t<figcaption class='wp-caption-text gallery-caption' id='gallery-1-87803'>\n\t\t\t\tLa scala di accesso alla terrazza dello Switzerland Innovation Park Zurich\n\t\t\t\t<\/figcaption><\/figure><figure class='gallery-item'>\n\t\t\t<div class='gallery-icon landscape'>\n\t\t\t\t<a href='https:\/\/swissfederalism.ch\/de\/la-predisposizione-dei-cartelli-di-accesso-allo-switzerland-innovation-park-zurich-3\/'><img decoding=\"async\" width=\"150\" height=\"150\" src=\"https:\/\/swissfederalism.ch\/wp-content\/uploads\/2021\/02\/La-predisposizione-dei-cartelli-di-accesso-allo-Switzerland-Innovation-Park-Zurich-150x150.jpeg\" class=\"attachment-thumbnail size-thumbnail\" alt=\"La predisposizione dei cartelli di accesso allo Switzerland Innovation Park Zurich\" aria-describedby=\"gallery-1-87799\" srcset=\"https:\/\/swissfederalism.ch\/wp-content\/uploads\/2021\/02\/La-predisposizione-dei-cartelli-di-accesso-allo-Switzerland-Innovation-Park-Zurich-150x150.jpeg 150w, https:\/\/swissfederalism.ch\/wp-content\/uploads\/2021\/02\/La-predisposizione-dei-cartelli-di-accesso-allo-Switzerland-Innovation-Park-Zurich-45x45.jpeg 45w\" sizes=\"(max-width: 150px) 100vw, 150px\" \/><\/a>\n\t\t\t<\/div>\n\t\t\t\t<figcaption class='wp-caption-text gallery-caption' id='gallery-1-87799'>\n\t\t\t\tLa predisposizione dei cartelli di accesso allo Switzerland Innovation Park Zurich\n\t\t\t\t<\/figcaption><\/figure><figure class='gallery-item'>\n\t\t\t<div class='gallery-icon landscape'>\n\t\t\t\t<a href='https:\/\/swissfederalism.ch\/de\/la-predisposizione-dei-cartelli-di-accesso-allo-switzerland-innovation-park-zurich-2-2\/'><img decoding=\"async\" width=\"150\" height=\"150\" src=\"https:\/\/swissfederalism.ch\/wp-content\/uploads\/2021\/02\/La-predisposizione-dei-cartelli-di-accesso-allo-Switzerland-Innovation-Park-Zurich-2-150x150.jpeg\" class=\"attachment-thumbnail size-thumbnail\" alt=\"La predisposizione dei cartelli di accesso allo Switzerland Innovation Park Zurich\" aria-describedby=\"gallery-1-87795\" srcset=\"https:\/\/swissfederalism.ch\/wp-content\/uploads\/2021\/02\/La-predisposizione-dei-cartelli-di-accesso-allo-Switzerland-Innovation-Park-Zurich-2-150x150.jpeg 150w, https:\/\/swissfederalism.ch\/wp-content\/uploads\/2021\/02\/La-predisposizione-dei-cartelli-di-accesso-allo-Switzerland-Innovation-Park-Zurich-2-45x45.jpeg 45w\" sizes=\"(max-width: 150px) 100vw, 150px\" \/><\/a>\n\t\t\t<\/div>\n\t\t\t\t<figcaption class='wp-caption-text gallery-caption' id='gallery-1-87795'>\n\t\t\t\tLa predisposizione dei cartelli di accesso allo Switzerland Innovation Park Zurich\n\t\t\t\t<\/figcaption><\/figure><figure class='gallery-item'>\n\t\t\t<div class='gallery-icon landscape'>\n\t\t\t\t<a href='https:\/\/swissfederalism.ch\/de\/26-milliarden-wert-aus-dem-zurich-innovation-park\/il-rendering-notturno-del-padiglione-dello-switzerland-innovation-park-zurich-2\/'><img decoding=\"async\" width=\"150\" height=\"150\" src=\"https:\/\/swissfederalism.ch\/wp-content\/uploads\/2021\/02\/Il-rendering-notturno-del-padiglione-dello-Switzerland-Innovation-Park-Zurich-150x150.jpg\" class=\"attachment-thumbnail size-thumbnail\" alt=\"Il rendering notturno del padiglione dello Switzerland Innovation Park Zurich\" aria-describedby=\"gallery-1-87791\" srcset=\"https:\/\/swissfederalism.ch\/wp-content\/uploads\/2021\/02\/Il-rendering-notturno-del-padiglione-dello-Switzerland-Innovation-Park-Zurich-150x150.jpg 150w, https:\/\/swissfederalism.ch\/wp-content\/uploads\/2021\/02\/Il-rendering-notturno-del-padiglione-dello-Switzerland-Innovation-Park-Zurich-45x45.jpg 45w\" sizes=\"(max-width: 150px) 100vw, 150px\" \/><\/a>\n\t\t\t<\/div>\n\t\t\t\t<figcaption class='wp-caption-text gallery-caption' id='gallery-1-87791'>\n\t\t\t\tIl rendering notturno del padiglione dello Switzerland Innovation Park Zurich\n\t\t\t\t<\/figcaption><\/figure><figure class='gallery-item'>\n\t\t\t<div class='gallery-icon landscape'>\n\t\t\t\t<a href='https:\/\/swissfederalism.ch\/de\/26-milliarden-wert-aus-dem-zurich-innovation-park\/il-rendering-del-padiglione-dello-switzerland-innovation-park-zurich-2\/'><img decoding=\"async\" width=\"150\" height=\"150\" src=\"https:\/\/swissfederalism.ch\/wp-content\/uploads\/2021\/02\/Il-rendering-del-padiglione-dello-Switzerland-Innovation-Park-Zurich-150x150.jpg\" class=\"attachment-thumbnail size-thumbnail\" alt=\"Il rendering del padiglione dello Switzerland Innovation Park Zurich\" aria-describedby=\"gallery-1-87787\" srcset=\"https:\/\/swissfederalism.ch\/wp-content\/uploads\/2021\/02\/Il-rendering-del-padiglione-dello-Switzerland-Innovation-Park-Zurich-150x150.jpg 150w, https:\/\/swissfederalism.ch\/wp-content\/uploads\/2021\/02\/Il-rendering-del-padiglione-dello-Switzerland-Innovation-Park-Zurich-45x45.jpg 45w\" sizes=\"(max-width: 150px) 100vw, 150px\" \/><\/a>\n\t\t\t<\/div>\n\t\t\t\t<figcaption class='wp-caption-text gallery-caption' id='gallery-1-87787'>\n\t\t\t\tIl rendering del padiglione dello Switzerland Innovation Park Zurich\n\t\t\t\t<\/figcaption><\/figure><figure class='gallery-item'>\n\t\t\t<div class='gallery-icon landscape'>\n\t\t\t\t<a href='https:\/\/swissfederalism.ch\/de\/il-padiglione-dello-switzerland-innovation-park-zurich-3\/'><img decoding=\"async\" width=\"150\" height=\"150\" src=\"https:\/\/swissfederalism.ch\/wp-content\/uploads\/2021\/02\/Il-padiglione-dello-Switzerland-Innovation-Park-Zurich-150x150.jpeg\" class=\"attachment-thumbnail size-thumbnail\" alt=\"l padiglione dello Switzerland Innovation Park Zurich\" aria-describedby=\"gallery-1-87783\" srcset=\"https:\/\/swissfederalism.ch\/wp-content\/uploads\/2021\/02\/Il-padiglione-dello-Switzerland-Innovation-Park-Zurich-150x150.jpeg 150w, https:\/\/swissfederalism.ch\/wp-content\/uploads\/2021\/02\/Il-padiglione-dello-Switzerland-Innovation-Park-Zurich-45x45.jpeg 45w\" sizes=\"(max-width: 150px) 100vw, 150px\" \/><\/a>\n\t\t\t<\/div>\n\t\t\t\t<figcaption class='wp-caption-text gallery-caption' id='gallery-1-87783'>\n\t\t\t\tl padiglione dello Switzerland Innovation Park Zurich\n\t\t\t\t<\/figcaption><\/figure><figure class='gallery-item'>\n\t\t\t<div class='gallery-icon landscape'>\n\t\t\t\t<a href='https:\/\/swissfederalism.ch\/de\/il-padiglione-dello-switzerland-innovation-park-zurich-in-costruzione-3\/'><img decoding=\"async\" width=\"150\" height=\"150\" src=\"https:\/\/swissfederalism.ch\/wp-content\/uploads\/2021\/02\/Il-padiglione-dello-Switzerland-Innovation-Park-Zurich-in-costruzione-150x150.jpeg\" class=\"attachment-thumbnail size-thumbnail\" alt=\"Il padiglione dello Switzerland Innovation Park Zurich in costruzione\" aria-describedby=\"gallery-1-87779\" srcset=\"https:\/\/swissfederalism.ch\/wp-content\/uploads\/2021\/02\/Il-padiglione-dello-Switzerland-Innovation-Park-Zurich-in-costruzione-150x150.jpeg 150w, https:\/\/swissfederalism.ch\/wp-content\/uploads\/2021\/02\/Il-padiglione-dello-Switzerland-Innovation-Park-Zurich-in-costruzione-45x45.jpeg 45w\" sizes=\"(max-width: 150px) 100vw, 150px\" \/><\/a>\n\t\t\t<\/div>\n\t\t\t\t<figcaption class='wp-caption-text gallery-caption' id='gallery-1-87779'>\n\t\t\t\tIl padiglione dello Switzerland Innovation Park Zurich in costruzione\n\t\t\t\t<\/figcaption><\/figure><figure class='gallery-item'>\n\t\t\t<div class='gallery-icon landscape'>\n\t\t\t\t<a href='https:\/\/swissfederalism.ch\/de\/26-milliarden-wert-aus-dem-zurich-innovation-park\/il-padiglione-dello-switzerland-innovation-park-zurich-in-costruzione-2-2\/'><img decoding=\"async\" width=\"150\" height=\"150\" src=\"https:\/\/swissfederalism.ch\/wp-content\/uploads\/2021\/02\/Il-padiglione-dello-Switzerland-Innovation-Park-Zurich-in-costruzione-2-150x150.jpeg\" class=\"attachment-thumbnail size-thumbnail\" alt=\"Il padiglione dello Switzerland Innovation Park Zurich in costruzione\" aria-describedby=\"gallery-1-87775\" srcset=\"https:\/\/swissfederalism.ch\/wp-content\/uploads\/2021\/02\/Il-padiglione-dello-Switzerland-Innovation-Park-Zurich-in-costruzione-2-150x150.jpeg 150w, https:\/\/swissfederalism.ch\/wp-content\/uploads\/2021\/02\/Il-padiglione-dello-Switzerland-Innovation-Park-Zurich-in-costruzione-2-45x45.jpeg 45w\" sizes=\"(max-width: 150px) 100vw, 150px\" \/><\/a>\n\t\t\t<\/div>\n\t\t\t\t<figcaption class='wp-caption-text gallery-caption' id='gallery-1-87775'>\n\t\t\t\tIl padiglione dello Switzerland Innovation Park Zurich in costruzione\n\t\t\t\t<\/figcaption><\/figure><figure class='gallery-item'>\n\t\t\t<div class='gallery-icon landscape'>\n\t\t\t\t<a href='https:\/\/swissfederalism.ch\/de\/il-padiglione-dello-switzerland-innovation-park-zurich-2-2\/'><img decoding=\"async\" width=\"150\" height=\"150\" src=\"https:\/\/swissfederalism.ch\/wp-content\/uploads\/2021\/02\/Il-padiglione-dello-Switzerland-Innovation-Park-Zurich-2-150x150.jpeg\" class=\"attachment-thumbnail size-thumbnail\" alt=\"Ill padiglione dello Switzerland Innovation Park Zurich\" aria-describedby=\"gallery-1-87771\" srcset=\"https:\/\/swissfederalism.ch\/wp-content\/uploads\/2021\/02\/Il-padiglione-dello-Switzerland-Innovation-Park-Zurich-2-150x150.jpeg 150w, https:\/\/swissfederalism.ch\/wp-content\/uploads\/2021\/02\/Il-padiglione-dello-Switzerland-Innovation-Park-Zurich-2-45x45.jpeg 45w\" sizes=\"(max-width: 150px) 100vw, 150px\" \/><\/a>\n\t\t\t<\/div>\n\t\t\t\t<figcaption class='wp-caption-text gallery-caption' id='gallery-1-87771'>\n\t\t\t\tIll padiglione dello Switzerland Innovation Park Zurich\n\t\t\t\t<\/figcaption><\/figure><figure class='gallery-item'>\n\t\t\t<div class='gallery-icon landscape'>\n\t\t\t\t<a href='https:\/\/swissfederalism.ch\/de\/26-milliarden-wert-aus-dem-zurich-innovation-park\/sip_zurich_srgb-2\/'><img decoding=\"async\" width=\"150\" height=\"150\" src=\"https:\/\/swissfederalism.ch\/wp-content\/uploads\/2021\/02\/Il-logotipo-dello-Switzerland-Innovation-Park-Zurich-150x150.jpg\" class=\"attachment-thumbnail size-thumbnail\" alt=\"Il logotipo dello Switzerland Innovation Park Zurich\" aria-describedby=\"gallery-1-87767\" srcset=\"https:\/\/swissfederalism.ch\/wp-content\/uploads\/2021\/02\/Il-logotipo-dello-Switzerland-Innovation-Park-Zurich-150x150.jpg 150w, https:\/\/swissfederalism.ch\/wp-content\/uploads\/2021\/02\/Il-logotipo-dello-Switzerland-Innovation-Park-Zurich-45x45.jpg 45w\" sizes=\"(max-width: 150px) 100vw, 150px\" \/><\/a>\n\t\t\t<\/div>\n\t\t\t\t<figcaption class='wp-caption-text gallery-caption' id='gallery-1-87767'>\n\t\t\t\tIl logotipo dello Switzerland Innovation Park Zurich\n\t\t\t\t<\/figcaption><\/figure>\n\t\t<\/div>\n\n<figure id=\"attachment_87764\" aria-describedby=\"caption-attachment-87764\" style=\"width: 840px\" class=\"wp-caption aligncenter\"><img decoding=\"async\" class=\"wp-image-87764 size-large\" src=\"https:\/\/swissfederalism.ch\/wp-content\/uploads\/2021\/02\/Il-logotipo-dello-Switzerland-Innovation-Park-Zurich-1024x564.jpg\" alt=\"Il logotipo dello Switzerland Innovation Park Zurich\" width=\"840\" height=\"463\" srcset=\"https:\/\/swissfederalism.ch\/wp-content\/uploads\/2021\/02\/Il-logotipo-dello-Switzerland-Innovation-Park-Zurich-1024x564.jpg 1024w, https:\/\/swissfederalism.ch\/wp-content\/uploads\/2021\/02\/Il-logotipo-dello-Switzerland-Innovation-Park-Zurich-300x165.jpg 300w, https:\/\/swissfederalism.ch\/wp-content\/uploads\/2021\/02\/Il-logotipo-dello-Switzerland-Innovation-Park-Zurich-768x423.jpg 768w, https:\/\/swissfederalism.ch\/wp-content\/uploads\/2021\/02\/Il-logotipo-dello-Switzerland-Innovation-Park-Zurich-1536x847.jpg 1536w, https:\/\/swissfederalism.ch\/wp-content\/uploads\/2021\/02\/Il-logotipo-dello-Switzerland-Innovation-Park-Zurich-2048x1129.jpg 2048w, https:\/\/swissfederalism.ch\/wp-content\/uploads\/2021\/02\/Il-logotipo-dello-Switzerland-Innovation-Park-Zurich.jpg 2362w\" sizes=\"(max-width: 840px) 100vw, 840px\" \/><figcaption id=\"caption-attachment-87764\" class=\"wp-caption-text\">Das Logo des Switzerland Innovation Park Z\u00fcrich<\/figcaption><\/figure>\n","protected":false},"excerpt":{"rendered":"<p>Eine Studie von BAK Economics prognostiziert, dass durch den Betrieb des IPZ 14&#8217;000 neue Arbeitspl\u00e4tze zwischen D\u00fcbendorf und der Limmat geschaffen werden, mit einem neunstelligen Umsatz<\/p>\n","protected":false},"author":2,"featured_media":87870,"comment_status":"open","ping_status":"closed","sticky":false,"template":"","format":"standard","meta":{"footnotes":""},"categories":[309,325,313,307,295,311],"tags":[395,422,433,454,409,392],"class_list":["post-94128","post","type-post","status-publish","format-standard","has-post-thumbnail","hentry","category-highlights","category-kanton-zurich","category-kultur","category-politik","category-schweiz","category-wirtschaft","tag-chancen","tag-nachhaltigkeit","tag-politik","tag-tech-de","tag-wissenschaft","tag-zukunft"],"_links":{"self":[{"href":"https:\/\/swissfederalism.ch\/de\/wp-json\/wp\/v2\/posts\/94128","targetHints":{"allow":["GET"]}}],"collection":[{"href":"https:\/\/swissfederalism.ch\/de\/wp-json\/wp\/v2\/posts"}],"about":[{"href":"https:\/\/swissfederalism.ch\/de\/wp-json\/wp\/v2\/types\/post"}],"author":[{"embeddable":true,"href":"https:\/\/swissfederalism.ch\/de\/wp-json\/wp\/v2\/users\/2"}],"replies":[{"embeddable":true,"href":"https:\/\/swissfederalism.ch\/de\/wp-json\/wp\/v2\/comments?post=94128"}],"version-history":[{"count":2,"href":"https:\/\/swissfederalism.ch\/de\/wp-json\/wp\/v2\/posts\/94128\/revisions"}],"predecessor-version":[{"id":94130,"href":"https:\/\/swissfederalism.ch\/de\/wp-json\/wp\/v2\/posts\/94128\/revisions\/94130"}],"wp:featuredmedia":[{"embeddable":true,"href":"https:\/\/swissfederalism.ch\/de\/wp-json\/wp\/v2\/media\/87870"}],"wp:attachment":[{"href":"https:\/\/swissfederalism.ch\/de\/wp-json\/wp\/v2\/media?parent=94128"}],"wp:term":[{"taxonomy":"category","embeddable":true,"href":"https:\/\/swissfederalism.ch\/de\/wp-json\/wp\/v2\/categories?post=94128"},{"taxonomy":"post_tag","embeddable":true,"href":"https:\/\/swissfederalism.ch\/de\/wp-json\/wp\/v2\/tags?post=94128"}],"curies":[{"name":"wp","href":"https:\/\/api.w.org\/{rel}","templated":true}]}}