{"id":91628,"date":"2021-02-19T16:36:21","date_gmt":"2021-02-19T16:36:21","guid":{"rendered":"https:\/\/swissfederalism.ch\/hurray-for-the-first-romancia-week-in-swiss-history\/"},"modified":"2022-02-28T17:24:10","modified_gmt":"2022-02-28T17:24:10","slug":"ein-hoch-auf-die-erste-romancia-woche-in-der-schweizer-geschichte","status":"publish","type":"post","link":"https:\/\/swissfederalism.ch\/de\/ein-hoch-auf-die-erste-romancia-woche-in-der-schweizer-geschichte\/","title":{"rendered":"Ein Hoch auf die erste &#8222;R\u00e4toromanische Woche&#8220; in der Schweizer Geschichte!"},"content":{"rendered":"<h1>Ein Hoch auf die erste &#8222;R\u00e4toromanische Woche&#8220; in der Schweizer Geschichte!<\/h1>\n<h3>Bundesrat Ignazio Cassis gibt zusammen mit der Stadt Chur den Startschuss f\u00fcr die &#8222;Emna Rumantscha&#8220;, die der vierten Amtssprache der Schweiz gewidmet ist<\/h3>\n<p>&#8222;Rumantsch: in ferm toc Svizra&#8220; (R\u00e4toromanisch: ein wesentlicher Teil der Schweiz): Unter diesem Motto lanciert das Eidgen\u00f6ssische Departement f\u00fcr ausw\u00e4rtige Angelegenheiten (EDA) die erste romanische Sprachwoche in der Schweiz und im Ausland.<br \/>\nAm 19. Februar l\u00e4dt Bundesrat Ignazio Cassis in Zusammenarbeit mit dem Kanton Graub\u00fcnden und Radiotelevisiun Svizra Rumantscha (RTR) zu einer Online-Auftaktveranstaltung rund um die vierte Landessprache ein.<br \/>\nGemeinsam mit seinen Vertretungen im Ausland will das EDA das Bewusstsein f\u00fcr die romanische Sprache und Kultur f\u00f6rdern, die ein wichtiges Element f\u00fcr den nationalen Zusammenhalt der Schweiz ist.<\/p>\n<figure id=\"attachment_87681\" aria-describedby=\"caption-attachment-87681\" style=\"width: 840px\" class=\"wp-caption aligncenter\"><img decoding=\"async\" class=\"wp-image-87684 size-large\" src=\"https:\/\/swissfederalism.ch\/wp-content\/uploads\/2021\/02\/Un-avviso-in-idioma-romancio-in-centro-a-Zuoz-1024x683.jpeg\" alt=\"Un avviso scolastico in idioma romancio in centro a Zuoz\" width=\"840\" height=\"560\" srcset=\"https:\/\/swissfederalism.ch\/wp-content\/uploads\/2021\/02\/Un-avviso-in-idioma-romancio-in-centro-a-Zuoz-1024x683.jpeg 1024w, https:\/\/swissfederalism.ch\/wp-content\/uploads\/2021\/02\/Un-avviso-in-idioma-romancio-in-centro-a-Zuoz-300x200.jpeg 300w, https:\/\/swissfederalism.ch\/wp-content\/uploads\/2021\/02\/Un-avviso-in-idioma-romancio-in-centro-a-Zuoz-768x512.jpeg 768w, https:\/\/swissfederalism.ch\/wp-content\/uploads\/2021\/02\/Un-avviso-in-idioma-romancio-in-centro-a-Zuoz-1536x1024.jpeg 1536w, https:\/\/swissfederalism.ch\/wp-content\/uploads\/2021\/02\/Un-avviso-in-idioma-romancio-in-centro-a-Zuoz.jpeg 1920w\" sizes=\"(max-width: 840px) 100vw, 840px\" \/><figcaption id=\"caption-attachment-87681\" class=\"wp-caption-text\">Ein Schulaushang in romanischer Sprache im Zentrum von Zuoz<\/figcaption><\/figure>\n<h3>Vier Amtssprachen seit dem 20. Februar 1938<\/h3>\n<p>Der 20. Februar 1938 war ein historisches Datum f\u00fcr die Schweizer Mehrsprachigkeit. Damals wurde das R\u00e4toromanische neben Deutsch, Franz\u00f6sisch und Italienisch offiziell zur Landessprache.<br \/>\nDas EDA hat dieses symbolische Datum gew\u00e4hlt, um die erste &#8222;Emna Rumantscha&#8220; zu lancieren, zus\u00e4tzlich zu den &#8222;Tagen der Mehrsprachigkeit&#8220; und den Aktivit\u00e4ten, die anl\u00e4sslich der &#8222;Woche der italienischen Sprache in der Welt&#8220; und der &#8222;Semaine de la Francophonie&#8220; organisiert werden.<br \/>\nVeranstaltungen, die die Bedeutung der Mehrsprachigkeit f\u00fcr den nationalen Zusammenhalt, aber auch f\u00fcr die Offenheit gegen\u00fcber der Au\u00dfenwelt unterstreichen.<\/p>\n<p><a href=\"https:\/\/swissfederalism.ch\/de\/schweiz-die-fantastischen-vier-direkten-demokratie\/\"><strong>Die Schweiz und die &#8222;fantastischen Vier&#8220; der direkten Demokratie<\/strong><\/a><br \/>\n<a href=\"https:\/\/swissfederalism.ch\/de\/waldstaette-wald-kantone-anfaengen-schweizer\/\"><strong>Waldst\u00e4tte und die &#8222;Wald&#8220;-Kantone in der Fr\u00fchzeit der Schweiz&#8230;<\/strong><\/a><\/p>\n<p>Die Idee der &#8222;Emna Rumantscha&#8220; wurde vor zwei Jahren anl\u00e4sslich des 100-j\u00e4hrigen Bestehens der Lia Rumantscha in Zuoz geboren.<br \/>\nStark unterst\u00fctzt von Bundesrat Ignazio Cassis, nimmt das Projekt dank der Zusammenarbeit mehrerer Akteure in der Schweiz und im Ausland Gestalt an.<br \/>\n&#8222;Unsere Schweiz besteht aus einer Vielzahl von Identit\u00e4ten und Kulturen, die friedlich koexistieren. Das Romanische ist ein wesentlicher Bestandteil davon. Mehrsprachigkeit und Vielfalt sind eine Herausforderung und ein Gewinn zugleich: Sie lehren uns, Konflikte im Dialog zu l\u00f6sen, eine Schweizer Qualit\u00e4t, die weltweit gefragt ist&#8220;, betont Bundesrat Ignazio Cassis.<\/p>\n<figure id=\"attachment_87673\" aria-describedby=\"caption-attachment-87673\" style=\"width: 840px\" class=\"wp-caption aligncenter\"><img decoding=\"async\" class=\"wp-image-87676 size-large\" src=\"https:\/\/swissfederalism.ch\/wp-content\/uploads\/2021\/02\/La-diffusione-della-lingua-romancia-nei-Grigioni-1024x683.jpeg\" alt=\"La diffusione della lingua romancia nei Grigioni\" width=\"840\" height=\"560\" srcset=\"https:\/\/swissfederalism.ch\/wp-content\/uploads\/2021\/02\/La-diffusione-della-lingua-romancia-nei-Grigioni-1024x683.jpeg 1024w, https:\/\/swissfederalism.ch\/wp-content\/uploads\/2021\/02\/La-diffusione-della-lingua-romancia-nei-Grigioni-300x200.jpeg 300w, https:\/\/swissfederalism.ch\/wp-content\/uploads\/2021\/02\/La-diffusione-della-lingua-romancia-nei-Grigioni-768x512.jpeg 768w, https:\/\/swissfederalism.ch\/wp-content\/uploads\/2021\/02\/La-diffusione-della-lingua-romancia-nei-Grigioni-1536x1024.jpeg 1536w, https:\/\/swissfederalism.ch\/wp-content\/uploads\/2021\/02\/La-diffusione-della-lingua-romancia-nei-Grigioni.jpeg 1920w\" sizes=\"(max-width: 840px) 100vw, 840px\" \/><figcaption id=\"caption-attachment-87673\" class=\"wp-caption-text\">Die Ausbreitung der romanischen Sprache in Graub\u00fcnden<\/figcaption><\/figure>\n<h3>Ein Online-Event f\u00fcr die romanische Kultur<\/h3>\n<p>Diese wichtige Zusammenarbeit mit verschiedenen Partnern, darunter der Kanton Graub\u00fcnden und die Lia Rumantscha, spiegelt sich in der Auftaktveranstaltung am 19. Februar 2021 (11.45 bis 13.00 Uhr, live auf www.rtr.ch).<br \/>\nAus Bern, der r\u00e4toromanischen Schweiz und der ganzen Welt werden sich verschiedene Stimmen gegen\u00fcberstehen und versuchen, die Frage zu beantworten: Warum ist das Romanische &#8222;in ferm toc Svizra&#8220;?<br \/>\nBundesrat Ignazio Cassis und der Pr\u00e4sident der B\u00fcndner Regierung, Mario Cavigelli, werden sich mit Sch\u00fclern des Gymnasiums in Glion austauschen und anschlie\u00dfend an einer Podiumsdiskussion teilnehmen, zusammen mit dem B\u00fcndner Regierungsrat Jon Domenic Parolini und weiteren Protagonisten der romanischen Sprache aus verschiedenen Bereichen.<br \/>\nBotschafter Chasper Sarott und Aita Pult, zwei Diplomatinnen des EDA, werden zudem Videobotschaften aus Madagaskar und New York beisteuern.<\/p>\n<figure id=\"attachment_87689\" aria-describedby=\"caption-attachment-87689\" style=\"width: 840px\" class=\"wp-caption aligncenter\"><img decoding=\"async\" class=\"wp-image-87692 size-large\" src=\"https:\/\/swissfederalism.ch\/wp-content\/uploads\/2021\/02\/Un-cartello-stradale-con-il-testo-in-romancio-in-basso-1024x683.jpeg\" alt=\"Un cartello stradale con il testo in romancio in basso\" width=\"840\" height=\"560\" srcset=\"https:\/\/swissfederalism.ch\/wp-content\/uploads\/2021\/02\/Un-cartello-stradale-con-il-testo-in-romancio-in-basso-1024x683.jpeg 1024w, https:\/\/swissfederalism.ch\/wp-content\/uploads\/2021\/02\/Un-cartello-stradale-con-il-testo-in-romancio-in-basso-300x200.jpeg 300w, https:\/\/swissfederalism.ch\/wp-content\/uploads\/2021\/02\/Un-cartello-stradale-con-il-testo-in-romancio-in-basso-768x512.jpeg 768w, https:\/\/swissfederalism.ch\/wp-content\/uploads\/2021\/02\/Un-cartello-stradale-con-il-testo-in-romancio-in-basso-1536x1024.jpeg 1536w, https:\/\/swissfederalism.ch\/wp-content\/uploads\/2021\/02\/Un-cartello-stradale-con-il-testo-in-romancio-in-basso.jpeg 1920w\" sizes=\"(max-width: 840px) 100vw, 840px\" \/><figcaption id=\"caption-attachment-87689\" class=\"wp-caption-text\">Ein Stra\u00dfenschild mit dem Text in romanischer Sprache am unteren Rand<\/figcaption><\/figure>\n<h3>Der Beitrag der Schweizer Vertretungen im Ausland<\/h3>\n<p>Die &#8222;Emna Rumantscha&#8220; ist eine Gelegenheit, die Schweizer Mehrsprachigkeit wieder ins Rampenlicht zu r\u00fccken. Geschichten und Gesichter, die R\u00e4toromanisch sprechen, Interviews, Sprachkurse, Lesungen, Videos, virtuelle Treffen.<br \/>\nDie Schweizer Vertretungen im Ausland haben Ma\u00dfnahmen ergriffen, um im Rahmen der durch die COVID-19-Pandemie gew\u00e4hrten M\u00f6glichkeiten die Kenntnis der romanischen Sprache und Kultur in ihren jeweiligen L\u00e4ndern zu f\u00f6rdern.<\/p>\n<p><a href=\"https:\/\/swissfederalism.ch\/de\/ethik-wettbewerbsfaehigkeit-geist-foederalismus\/\"><strong>Die Ethik der Wettbewerbsf\u00e4higkeit und der Geist des F\u00f6deralismus<\/strong><\/a><br \/>\n<a href=\"https:\/\/swissfederalism.ch\/de\/europa-kleinen-staaten-skizzierter-foederalismus\/\"><strong>Das Europa der Kleinstaaten und ein kaum skizzierter F\u00f6deralismus&#8230;<\/strong><\/a><\/p>\n<p>&#8222;Wir zeichnen uns in der Diplomatie aus&#8220;, f\u00fcgt Bundesrat Cassis hinzu, &#8222;gerade wegen unserer jahrhundertelangen Erfahrung, verschiedene Identit\u00e4ten und Kulturen friedlich zusammenzubringen. Dieses Wissen bieten wir auf internationaler Ebene an, mit Guten Diensten und Mediation. Die Schweiz ist damit ein wichtiger Akteur f\u00fcr Frieden, Menschenrechte und Sicherheit in der Welt&#8220;.<\/p>\n<figure id=\"attachment_87685\" aria-describedby=\"caption-attachment-87685\" style=\"width: 840px\" class=\"wp-caption aligncenter\"><img decoding=\"async\" class=\"wp-image-87688 size-large\" src=\"https:\/\/swissfederalism.ch\/wp-content\/uploads\/2021\/02\/Un-cartello-ferroviario-con-il-testo-in-romancio-in-alto-1024x683.jpeg\" alt=\"Un cartello ferroviario con il testo in romancio in alto\" width=\"840\" height=\"560\" srcset=\"https:\/\/swissfederalism.ch\/wp-content\/uploads\/2021\/02\/Un-cartello-ferroviario-con-il-testo-in-romancio-in-alto-1024x683.jpeg 1024w, https:\/\/swissfederalism.ch\/wp-content\/uploads\/2021\/02\/Un-cartello-ferroviario-con-il-testo-in-romancio-in-alto-300x200.jpeg 300w, https:\/\/swissfederalism.ch\/wp-content\/uploads\/2021\/02\/Un-cartello-ferroviario-con-il-testo-in-romancio-in-alto-768x512.jpeg 768w, https:\/\/swissfederalism.ch\/wp-content\/uploads\/2021\/02\/Un-cartello-ferroviario-con-il-testo-in-romancio-in-alto-1536x1024.jpeg 1536w, https:\/\/swissfederalism.ch\/wp-content\/uploads\/2021\/02\/Un-cartello-ferroviario-con-il-testo-in-romancio-in-alto.jpeg 1920w\" sizes=\"(max-width: 840px) 100vw, 840px\" \/><figcaption id=\"caption-attachment-87685\" class=\"wp-caption-text\">Ein Eisenbahnschild mit romanischem Text an der Spitze<\/figcaption><\/figure>\n<h3>Vom EDA zur Mehrsprachigkeit und zum interkulturellen Dialog<\/h3>\n<p>Die F\u00f6rderung der Minderheitensprachen in der Schweiz ist auch Teil des strukturierten und kontinuierlichen politischen Dialogs, den der Vorsteher des EDA mit den Kantonen Graub\u00fcnden und Tessin f\u00fchrt.<br \/>\nDar\u00fcber hinaus ist die Schweiz weltweit mit rund 170 Vertretungen pr\u00e4sent, in denen etwa 2.300 Mitarbeiter vor Ort t\u00e4tig sind. Die Vielfalt der Sprachen, die neben den Landessprachen der Schweiz gesprochen werden, ist enorm.<br \/>\nDie F\u00f6rderung des interkulturellen Dialogs ist deshalb ein zentraler Punkt der Schweizer Diplomatie.<\/p>\n<p><iframe title=\"Tut il bun per il 75. anniversari, Uorsin!\" width=\"840\" height=\"473\" src=\"https:\/\/www.youtube.com\/embed\/bCzA9JHSj0k?feature=oembed&#038;width=840&#038;height=1000&#038;discover=1\" frameborder=\"0\" allow=\"accelerometer; autoplay; clipboard-write; encrypted-media; gyroscope; picture-in-picture\" allowfullscreen><\/iframe><\/p>\n<figure id=\"attachment_87698\" aria-describedby=\"caption-attachment-87698\" style=\"width: 840px\" class=\"wp-caption aligncenter\"><img decoding=\"async\" class=\"wp-image-87701 size-large\" src=\"https:\/\/swissfederalism.ch\/wp-content\/uploads\/2021\/02\/20210219-Emma-Rumantscha-Slide_588x368-1024x683.jpeg\" alt=\"Il logotipo ufficiale della prima &quot;Emma Rumantscha&quot;\" width=\"840\" height=\"560\" srcset=\"https:\/\/swissfederalism.ch\/wp-content\/uploads\/2021\/02\/20210219-Emma-Rumantscha-Slide_588x368-1024x683.jpeg 1024w, https:\/\/swissfederalism.ch\/wp-content\/uploads\/2021\/02\/20210219-Emma-Rumantscha-Slide_588x368-300x200.jpeg 300w, https:\/\/swissfederalism.ch\/wp-content\/uploads\/2021\/02\/20210219-Emma-Rumantscha-Slide_588x368-768x512.jpeg 768w, https:\/\/swissfederalism.ch\/wp-content\/uploads\/2021\/02\/20210219-Emma-Rumantscha-Slide_588x368-1536x1024.jpeg 1536w, https:\/\/swissfederalism.ch\/wp-content\/uploads\/2021\/02\/20210219-Emma-Rumantscha-Slide_588x368.jpeg 1920w\" sizes=\"(max-width: 840px) 100vw, 840px\" \/><figcaption id=\"caption-attachment-87698\" class=\"wp-caption-text\">Das offizielle Logo der ersten &#8222;Emma Rumantscha&#8220;.<\/figcaption><\/figure>\n","protected":false},"excerpt":{"rendered":"<p>Bundesrat Ignazio Cassis lanciert zusammen mit der Regierung von Chur die erste &#8222;Emna Rumantscha&#8220;, die der vierten Amtssprache der Schweiz gewidmet ist.<\/p>\n","protected":false},"author":2,"featured_media":87680,"comment_status":"open","ping_status":"closed","sticky":false,"template":"","format":"standard","meta":{"footnotes":""},"categories":[316,304,309,322,342,313,307,295],"tags":[396,400,432,743],"class_list":["post-91628","post","type-post","status-publish","format-standard","has-post-thumbnail","hentry","category-autonomie-de","category-geschichte","category-highlights","category-kanton-graubunden","category-kanton-tessin","category-kultur","category-politik","category-schweiz","tag-foederalismus","tag-geschichte-europas","tag-graubuenden","tag-kultur-2"],"_links":{"self":[{"href":"https:\/\/swissfederalism.ch\/de\/wp-json\/wp\/v2\/posts\/91628","targetHints":{"allow":["GET"]}}],"collection":[{"href":"https:\/\/swissfederalism.ch\/de\/wp-json\/wp\/v2\/posts"}],"about":[{"href":"https:\/\/swissfederalism.ch\/de\/wp-json\/wp\/v2\/types\/post"}],"author":[{"embeddable":true,"href":"https:\/\/swissfederalism.ch\/de\/wp-json\/wp\/v2\/users\/2"}],"replies":[{"embeddable":true,"href":"https:\/\/swissfederalism.ch\/de\/wp-json\/wp\/v2\/comments?post=91628"}],"version-history":[{"count":5,"href":"https:\/\/swissfederalism.ch\/de\/wp-json\/wp\/v2\/posts\/91628\/revisions"}],"predecessor-version":[{"id":130547,"href":"https:\/\/swissfederalism.ch\/de\/wp-json\/wp\/v2\/posts\/91628\/revisions\/130547"}],"wp:featuredmedia":[{"embeddable":true,"href":"https:\/\/swissfederalism.ch\/de\/wp-json\/wp\/v2\/media\/87680"}],"wp:attachment":[{"href":"https:\/\/swissfederalism.ch\/de\/wp-json\/wp\/v2\/media?parent=91628"}],"wp:term":[{"taxonomy":"category","embeddable":true,"href":"https:\/\/swissfederalism.ch\/de\/wp-json\/wp\/v2\/categories?post=91628"},{"taxonomy":"post_tag","embeddable":true,"href":"https:\/\/swissfederalism.ch\/de\/wp-json\/wp\/v2\/tags?post=91628"}],"curies":[{"name":"wp","href":"https:\/\/api.w.org\/{rel}","templated":true}]}}