{"id":90871,"date":"2020-11-23T23:25:02","date_gmt":"2020-11-23T23:25:02","guid":{"rendered":"https:\/\/swissfederalism.ch\/corner-europe-every-six-months-changes-country\/"},"modified":"2021-05-27T17:27:09","modified_gmt":"2021-05-27T17:27:09","slug":"diese-ecke-europas-die-alle-sechs-monate-das-land-wechselt","status":"publish","type":"post","link":"https:\/\/swissfederalism.ch\/de\/diese-ecke-europas-die-alle-sechs-monate-das-land-wechselt\/","title":{"rendered":"Diese Ecke Europas, die alle sechs Monate das Land wechselt&#8230;"},"content":{"rendered":"<h1>Diese Ecke Europas, die alle sechs Monate das Land wechselt&#8230;<\/h1>\n<h3>Als der Drei\u00dfigj\u00e4hrige Krieg endete, am 7. November 1659, beschlossen Frankreich und Spanien, dass eine kleine Insel im Fluss Bidasoa ein Kondominium werden sollte, allerdings auf Zeitbasis<\/h3>\n<p>Sechs Monate in Frankreich, sechs Monate in Spanien. Ja, denn in Europa gibt es einen Ort, der&#8230; das ganze Jahr \u00fcber das Land wechselt, der nie ganz transalpin oder iberisch ist. Direkt an der Grenze zwischen den beiden L\u00e4ndern, kurz bevor der Fluss Bidasoa in der N\u00e4he des Golfs von Biskaya in den Atlantik m\u00fcndet, befindet sich in der Mitte der Wasserstra\u00dfe ein ungew\u00f6hnlicher bewaldeter Felsen.<\/p>\n<figure id=\"attachment_85204\" aria-describedby=\"caption-attachment-85204\" style=\"width: 300px\" class=\"wp-caption alignleft\"><img decoding=\"async\" class=\"size-medium wp-image-85204\" src=\"https:\/\/swissfederalism.ch\/wp-content\/uploads\/2020\/11\/Il-Trattato-dei-Pirenei-del-1659-300x204.jpg\" alt=\"Il Trattato dei Pirenei del 1659 in un dipinto\" width=\"300\" height=\"204\" srcset=\"https:\/\/swissfederalism.ch\/wp-content\/uploads\/2020\/11\/Il-Trattato-dei-Pirenei-del-1659-300x204.jpg 300w, https:\/\/swissfederalism.ch\/wp-content\/uploads\/2020\/11\/Il-Trattato-dei-Pirenei-del-1659-1024x697.jpg 1024w, https:\/\/swissfederalism.ch\/wp-content\/uploads\/2020\/11\/Il-Trattato-dei-Pirenei-del-1659-768x523.jpg 768w, https:\/\/swissfederalism.ch\/wp-content\/uploads\/2020\/11\/Il-Trattato-dei-Pirenei-del-1659-1536x1045.jpg 1536w, https:\/\/swissfederalism.ch\/wp-content\/uploads\/2020\/11\/Il-Trattato-dei-Pirenei-del-1659.jpg 1900w\" sizes=\"(max-width: 300px) 100vw, 300px\" \/><figcaption id=\"caption-attachment-85204\" class=\"wp-caption-text\">Der Pyren\u00e4envertrag von 1659 in einem Gem\u00e4lde<\/figcaption><\/figure>\n<p>Die etwa zweihundert Meter lange Insel hat eine Ausdehnung von etwa dreitausend Quadratmetern und ist das Ergebnis einer Anschwemmung: Obwohl sie nur wenige Dutzend Meter vom Festland entfernt ist, ist sie nur mit dem Boot oder schwimmend erreichbar, noch dazu, wenn dies (selten) erlaubt ist.<\/p>\n<p>An diesem Ort trafen sich am 7. November 1659 die Vertreter der beiden Herrscher, um den Pyren\u00e4envertrag zu unterzeichnen, der den Drei\u00dfigj\u00e4hrigen Krieg beendete, einen der blutigsten und anstrengendsten Konflikte der europ\u00e4ischen Geschichte.<\/p>\n<figure id=\"attachment_85209\" aria-describedby=\"caption-attachment-85209\" style=\"width: 300px\" class=\"wp-caption alignright\"><img decoding=\"async\" class=\"size-medium wp-image-85209\" src=\"https:\/\/swissfederalism.ch\/wp-content\/uploads\/2020\/11\/Una-mappa-dellIsola-della-Conferenza-nel-1660-300x210.jpg\" alt=\"Una mappa dell'Isola della Conferenza nel 1660\" width=\"300\" height=\"210\" srcset=\"https:\/\/swissfederalism.ch\/wp-content\/uploads\/2020\/11\/Una-mappa-dellIsola-della-Conferenza-nel-1660-300x210.jpg 300w, https:\/\/swissfederalism.ch\/wp-content\/uploads\/2020\/11\/Una-mappa-dellIsola-della-Conferenza-nel-1660-1024x717.jpg 1024w, https:\/\/swissfederalism.ch\/wp-content\/uploads\/2020\/11\/Una-mappa-dellIsola-della-Conferenza-nel-1660-768x538.jpg 768w, https:\/\/swissfederalism.ch\/wp-content\/uploads\/2020\/11\/Una-mappa-dellIsola-della-Conferenza-nel-1660.jpg 1107w\" sizes=\"(max-width: 300px) 100vw, 300px\" \/><figcaption id=\"caption-attachment-85209\" class=\"wp-caption-text\">Eine Karte von Conference Island im Jahr 1660<\/figcaption><\/figure>\n<p>Das unterzeichnete Abkommen war der H\u00f6hepunkt einer Reihe von vierundzwanzig Treffen zwischen den Unterh\u00e4ndlern der beiden Reiche: Luis de Haro, Gro\u00dfer von Spanien, und Kardinal Giulio Mazzarino, Premierminister von Frankreich.<\/p>\n<p>Zur Erinnerung an das Zustandekommen eines Kompromisses wurde in der Mitte dieser Flussklippe ein Monolith errichtet, der noch heute existiert. An diesem Ort wurden im Laufe der Jahrhunderte aber auch Gefangenenaustausche und wichtige Staatshochzeiten zwischen den spanischen oder \u00f6sterreichischen Kronen auf der einen und den Franzosen auf der anderen Seite organisiert.<\/p>\n<p>Im Jahr 1659 traf Ludwig XIV. von Bourbon dort seine zuk\u00fcnftige Frau, Maria Theresia von Habsburg; ein Jahr sp\u00e4ter, immer auf der Bohneninsel, begr\u00fc\u00dfte die \u00f6sterreichische Adelige ihren Vater, Philipp IV., und den Gro\u00dfteil des spanischen Hofes, bevor sie in das Gebiet Frankreichs eintrat und offiziell die Gemahlin des &#8222;Sonnenk\u00f6nigs&#8220; wurde.<\/p>\n<figure id=\"attachment_85206\" aria-describedby=\"caption-attachment-85206\" style=\"width: 300px\" class=\"wp-caption alignleft\"><img decoding=\"async\" class=\"size-medium wp-image-85206\" src=\"https:\/\/swissfederalism.ch\/wp-content\/uploads\/2020\/11\/Lisola-dei-Fagiani-vista-dalle-rive-del-fiume-300x205.jpg\" alt=\"L'isola dei Fagiani vista dalle rive del fiume Bidassoa\" width=\"300\" height=\"205\" srcset=\"https:\/\/swissfederalism.ch\/wp-content\/uploads\/2020\/11\/Lisola-dei-Fagiani-vista-dalle-rive-del-fiume-300x205.jpg 300w, https:\/\/swissfederalism.ch\/wp-content\/uploads\/2020\/11\/Lisola-dei-Fagiani-vista-dalle-rive-del-fiume-1024x700.jpg 1024w, https:\/\/swissfederalism.ch\/wp-content\/uploads\/2020\/11\/Lisola-dei-Fagiani-vista-dalle-rive-del-fiume-768x525.jpg 768w, https:\/\/swissfederalism.ch\/wp-content\/uploads\/2020\/11\/Lisola-dei-Fagiani-vista-dalle-rive-del-fiume-1536x1050.jpg 1536w, https:\/\/swissfederalism.ch\/wp-content\/uploads\/2020\/11\/Lisola-dei-Fagiani-vista-dalle-rive-del-fiume.jpg 1598w\" sizes=\"(max-width: 300px) 100vw, 300px\" \/><figcaption id=\"caption-attachment-85206\" class=\"wp-caption-text\">Die Insel der Fasane vom Ufer des Flusses Bidassoa aus gesehen<\/figcaption><\/figure>\n<p>Auch Ludwig XV. sah auf der bewaldeten Klippe des Flusses Bidasoa zum ersten Mal diejenige, die seine Frau h\u00e4tte werden k\u00f6nnen, Mariana Victoria von Spanien. Die beiden heirateten jedoch nie; er heiratete Maria Leszczy\u0144ska, sie w\u00e4hlte den zuk\u00fcnftigen Joseph I. von Portugal.<\/p>\n<p>Ein Problem blieb jedoch bestehen. Da sie nicht in zwei H\u00e4lften geteilt werden konnte, da sie an ihrer breitesten Stelle weniger als vierzig Meter breit war, wurde (und ist) die Fasaneninsel ein &#8222;Kondominium&#8220;, also ein Territorium, \u00fcber das mehrere Nationen ihre Gerichtsbarkeit aus\u00fcben: bis heute ist sie das einzige europ\u00e4ische Beispiel f\u00fcr eine gemeinsame Souver\u00e4nit\u00e4t, sowie das kleinste der Welt und dasjenige, das mehr Zeit \u00fcberdauert.<\/p>\n<p>F\u00fcr den franz\u00f6sischen Staat wird das Kondominium vom Kommandanten des Marinest\u00fctzpunktes Adour und zwei Delegierten verwaltet, die den Ehrentitel eines Vizek\u00f6nigs tragen; f\u00fcr den spanischen Staat ist der einzige Delegierte der Kommandant des Marinest\u00fctzpunktes Hondarribia.<\/p>\n<figure id=\"attachment_85202\" aria-describedby=\"caption-attachment-85202\" style=\"width: 300px\" class=\"wp-caption alignright\"><img decoding=\"async\" class=\"size-medium wp-image-85202\" src=\"https:\/\/swissfederalism.ch\/wp-content\/uploads\/2020\/11\/Cambio-di-sovranita-tra-Francia-e-Spagna-sullIsola-dei-Fagiani-300x209.jpg\" alt=\"Cambio di sovranit\u00e0 tra Francia e Spagna sull'Isola dei Fagiani\" width=\"300\" height=\"209\" srcset=\"https:\/\/swissfederalism.ch\/wp-content\/uploads\/2020\/11\/Cambio-di-sovranita-tra-Francia-e-Spagna-sullIsola-dei-Fagiani-300x209.jpg 300w, https:\/\/swissfederalism.ch\/wp-content\/uploads\/2020\/11\/Cambio-di-sovranita-tra-Francia-e-Spagna-sullIsola-dei-Fagiani-768x535.jpg 768w, https:\/\/swissfederalism.ch\/wp-content\/uploads\/2020\/11\/Cambio-di-sovranita-tra-Francia-e-Spagna-sullIsola-dei-Fagiani.jpg 800w\" sizes=\"(max-width: 300px) 100vw, 300px\" \/><figcaption id=\"caption-attachment-85202\" class=\"wp-caption-text\">Wechsel der Souver\u00e4nit\u00e4t zwischen Frankreich und Spanien \u00fcber die Fasaneninsel<\/figcaption><\/figure>\n<p>Alle sechs Monate findet die au\u00dfergew\u00f6hnliche Zeremonie der \u00dcbertragung der Souver\u00e4nit\u00e4t statt, die einzige Zeit, in der man einen Fu\u00df auf die Insel setzen kann: vom ersten Februar bis zum 31. Juli geh\u00f6rt die Fasaneninsel zu Spanien und wird von der Gemeinde Irun (Baskenland) verwaltet; ab dem ersten August eines jeden Jahres geh\u00f6rt sie zur franz\u00f6sischen Gemeinde Hendaye (Neu-Aquitanien), und bleibt es bis zum 31. Januar&#8230;<\/p>\n<div id='gallery-1' class='gallery galleryid-90871 gallery-columns-4 gallery-size-thumbnail'><figure class='gallery-item'>\n\t\t\t<div class='gallery-icon landscape'>\n\t\t\t\t<a href='https:\/\/swissfederalism.ch\/de\/diese-ecke-europas-die-alle-sechs-monate-das-land-wechselt\/una-mappa-dellisola-della-conferenza-nel-1660-3\/'><img decoding=\"async\" width=\"150\" height=\"150\" src=\"https:\/\/swissfederalism.ch\/wp-content\/uploads\/2020\/11\/Una-mappa-dellIsola-della-Conferenza-nel-1660-150x150.jpg\" class=\"attachment-thumbnail size-thumbnail\" alt=\"\" aria-describedby=\"gallery-1-86103\" \/><\/a>\n\t\t\t<\/div>\n\t\t\t\t<figcaption class='wp-caption-text gallery-caption' id='gallery-1-86103'>\n\t\t\t\tEine Karte von Conference Island im Jahr 1660\n\t\t\t\t<\/figcaption><\/figure><figure class='gallery-item'>\n\t\t\t<div class='gallery-icon landscape'>\n\t\t\t\t<a href='https:\/\/swissfederalism.ch\/de\/una-mappa-dellisola-della-conferenza-nel-1660-2-2\/'><img decoding=\"async\" width=\"150\" height=\"150\" src=\"https:\/\/swissfederalism.ch\/wp-content\/uploads\/2020\/11\/Una-mappa-dellIsola-della-Conferenza-nel-1660-2-150x150.jpg\" class=\"attachment-thumbnail size-thumbnail\" alt=\"\" aria-describedby=\"gallery-1-86100\" \/><\/a>\n\t\t\t<\/div>\n\t\t\t\t<figcaption class='wp-caption-text gallery-caption' id='gallery-1-86100'>\n\t\t\t\tEine Karte von Conference Island im Jahr 1660\n\t\t\t\t<\/figcaption><\/figure><figure class='gallery-item'>\n\t\t\t<div class='gallery-icon landscape'>\n\t\t\t\t<a href='https:\/\/swissfederalism.ch\/de\/diese-ecke-europas-die-alle-sechs-monate-das-land-wechselt\/luis-de-haro-grande-di-spagna-e-il-cardinale-giulio-mazzarino-primo-ministro-francese-2\/'><img decoding=\"async\" width=\"150\" height=\"150\" src=\"https:\/\/swissfederalism.ch\/wp-content\/uploads\/2020\/11\/Luis-de-Haro-Grande-di-Spagna-e-il-cardinale-Giulio-Mazzarino-Primo-Ministro-francese-150x150.jpg\" class=\"attachment-thumbnail size-thumbnail\" alt=\"\" aria-describedby=\"gallery-1-86097\" \/><\/a>\n\t\t\t<\/div>\n\t\t\t\t<figcaption class='wp-caption-text gallery-caption' id='gallery-1-86097'>\n\t\t\t\tLuis de Haro, Gro\u00dff\u00fcrst von Spanien, und Kardinal Giulio Mazzarino, Premierminister von Frankreich\n\t\t\t\t<\/figcaption><\/figure><figure class='gallery-item'>\n\t\t\t<div class='gallery-icon landscape'>\n\t\t\t\t<a href='https:\/\/swissfederalism.ch\/de\/diese-ecke-europas-die-alle-sechs-monate-das-land-wechselt\/lisola-dei-fagiani-vista-dalle-rive-del-fiume-2\/'><img decoding=\"async\" width=\"150\" height=\"150\" src=\"https:\/\/swissfederalism.ch\/wp-content\/uploads\/2020\/11\/Lisola-dei-Fagiani-vista-dalle-rive-del-fiume-150x150.jpg\" class=\"attachment-thumbnail size-thumbnail\" alt=\"\" aria-describedby=\"gallery-1-86094\" \/><\/a>\n\t\t\t<\/div>\n\t\t\t\t<figcaption class='wp-caption-text gallery-caption' id='gallery-1-86094'>\n\t\t\t\tDie Insel der Fasane vom Ufer des Flusses Bidassoa aus gesehen\n\t\t\t\t<\/figcaption><\/figure><figure class='gallery-item'>\n\t\t\t<div class='gallery-icon landscape'>\n\t\t\t\t<a href='https:\/\/swissfederalism.ch\/de\/lisola-dei-fagiani-vista-da-google-2\/'><img decoding=\"async\" width=\"150\" height=\"150\" src=\"https:\/\/swissfederalism.ch\/wp-content\/uploads\/2020\/11\/Lisola-dei-Fagiani-vista-da-Google-e1606172974393-150x150.jpg\" class=\"attachment-thumbnail size-thumbnail\" alt=\"Die Insel Fagiani von der Google-Karte aus gesehen\" aria-describedby=\"gallery-1-86091\" \/><\/a>\n\t\t\t<\/div>\n\t\t\t\t<figcaption class='wp-caption-text gallery-caption' id='gallery-1-86091'>\n\t\t\t\tDie Insel Fagiani von der Google-Karte aus gesehen\n\t\t\t\t<\/figcaption><\/figure><figure class='gallery-item'>\n\t\t\t<div class='gallery-icon landscape'>\n\t\t\t\t<a href='https:\/\/swissfederalism.ch\/de\/diese-ecke-europas-die-alle-sechs-monate-das-land-wechselt\/il-trattato-dei-pirenei-del-1659-2\/'><img decoding=\"async\" width=\"150\" height=\"150\" src=\"https:\/\/swissfederalism.ch\/wp-content\/uploads\/2020\/11\/Il-Trattato-dei-Pirenei-del-1659-150x150.jpg\" class=\"attachment-thumbnail size-thumbnail\" alt=\"\" aria-describedby=\"gallery-1-86088\" \/><\/a>\n\t\t\t<\/div>\n\t\t\t\t<figcaption class='wp-caption-text gallery-caption' id='gallery-1-86088'>\n\t\t\t\tDer Pyren\u00e4envertrag von 1659 in einem Gem\u00e4lde\n\t\t\t\t<\/figcaption><\/figure><figure class='gallery-item'>\n\t\t\t<div class='gallery-icon portrait'>\n\t\t\t\t<a href='https:\/\/swissfederalism.ch\/de\/il-monolite-del-trattato-dei-pirenei-del-1659-2\/'><img decoding=\"async\" width=\"150\" height=\"150\" src=\"https:\/\/swissfederalism.ch\/wp-content\/uploads\/2020\/11\/Il-monolite-del-Trattato-dei-Pirenei-del-1659-150x150.jpg\" class=\"attachment-thumbnail size-thumbnail\" alt=\"\" aria-describedby=\"gallery-1-86085\" \/><\/a>\n\t\t\t<\/div>\n\t\t\t\t<figcaption class='wp-caption-text gallery-caption' id='gallery-1-86085'>\n\t\t\t\tDer Monolith des Pyren\u00e4envertrags von 1659\n\t\t\t\t<\/figcaption><\/figure><figure class='gallery-item'>\n\t\t\t<div class='gallery-icon landscape'>\n\t\t\t\t<a href='https:\/\/swissfederalism.ch\/de\/diese-ecke-europas-die-alle-sechs-monate-das-land-wechselt\/cambio-di-sovranita-tra-francia-e-spagna-sullisola-dei-fagiani-2\/'><img decoding=\"async\" width=\"150\" height=\"150\" src=\"https:\/\/swissfederalism.ch\/wp-content\/uploads\/2020\/11\/Cambio-di-sovranita-tra-Francia-e-Spagna-sullIsola-dei-Fagiani-150x150.jpg\" class=\"attachment-thumbnail size-thumbnail\" alt=\"\" aria-describedby=\"gallery-1-86082\" \/><\/a>\n\t\t\t<\/div>\n\t\t\t\t<figcaption class='wp-caption-text gallery-caption' id='gallery-1-86082'>\n\t\t\t\tWechsel der Souver\u00e4nit\u00e4t zwischen Frankreich und Spanien \u00fcber die Fasaneninsel\n\t\t\t\t<\/figcaption><\/figure>\n\t\t<\/div>\n\n","protected":false},"excerpt":{"rendered":"<p>Nach dem Ende des Drei\u00dfigj\u00e4hrigen Krieges, am 7. November 1659, beschlossen Frankreich und Spanien, dass eine kleine Insel im Fluss Bidasoa ein Kondominium werden sollte, allerdings auf Zeit<\/p>\n","protected":false},"author":1,"featured_media":86091,"comment_status":"open","ping_status":"closed","sticky":false,"template":"","format":"standard","meta":{"footnotes":""},"categories":[278,283,304,281],"tags":[400,392],"class_list":["post-90871","post","type-post","status-publish","format-standard","has-post-thumbnail","hentry","category-europa-de","category-frankreich","category-geschichte","category-oesterreich","tag-geschichte-europas","tag-zukunft"],"_links":{"self":[{"href":"https:\/\/swissfederalism.ch\/de\/wp-json\/wp\/v2\/posts\/90871","targetHints":{"allow":["GET"]}}],"collection":[{"href":"https:\/\/swissfederalism.ch\/de\/wp-json\/wp\/v2\/posts"}],"about":[{"href":"https:\/\/swissfederalism.ch\/de\/wp-json\/wp\/v2\/types\/post"}],"author":[{"embeddable":true,"href":"https:\/\/swissfederalism.ch\/de\/wp-json\/wp\/v2\/users\/1"}],"replies":[{"embeddable":true,"href":"https:\/\/swissfederalism.ch\/de\/wp-json\/wp\/v2\/comments?post=90871"}],"version-history":[{"count":4,"href":"https:\/\/swissfederalism.ch\/de\/wp-json\/wp\/v2\/posts\/90871\/revisions"}],"predecessor-version":[{"id":100263,"href":"https:\/\/swissfederalism.ch\/de\/wp-json\/wp\/v2\/posts\/90871\/revisions\/100263"}],"wp:featuredmedia":[{"embeddable":true,"href":"https:\/\/swissfederalism.ch\/de\/wp-json\/wp\/v2\/media\/86091"}],"wp:attachment":[{"href":"https:\/\/swissfederalism.ch\/de\/wp-json\/wp\/v2\/media?parent=90871"}],"wp:term":[{"taxonomy":"category","embeddable":true,"href":"https:\/\/swissfederalism.ch\/de\/wp-json\/wp\/v2\/categories?post=90871"},{"taxonomy":"post_tag","embeddable":true,"href":"https:\/\/swissfederalism.ch\/de\/wp-json\/wp\/v2\/tags?post=90871"}],"curies":[{"name":"wp","href":"https:\/\/api.w.org\/{rel}","templated":true}]}}