{"id":237142,"date":"2026-08-28T18:33:48","date_gmt":"2026-08-28T18:33:48","guid":{"rendered":"https:\/\/swissfederalism.ch\/harald-v\/"},"modified":"2026-08-28T18:58:45","modified_gmt":"2026-08-28T18:58:45","slug":"harald-v","status":"publish","type":"post","link":"https:\/\/swissfederalism.ch\/de\/harald-v\/","title":{"rendered":"Norwegen nimmt Abschied von K\u00f6nig Harald V"},"content":{"rendered":"<h1><span class=\"font-762333\">Norwegen nimmt Abschied von K\u00f6nig Harald V<\/span><\/h1>\n<h3><span class=\"font-762333\"><em>Seit seiner Thronbesteigung im Jahr 1991 war er w\u00e4hrend seiner mehr als 35-j\u00e4hrigen Regentschaft beim norwegischen Volk sehr beliebt \u2013 sowohl wegen seiner Rolle als Staatsoberhaupt als auch wegen seiner menschlichen Qualit\u00e4ten. Mit seinem Tod geht eine \u00c4ra der norwegischen Monarchie zu Ende.<\/em><\/span><\/h3>\n<figure id=\"attachment_237127\" aria-describedby=\"caption-attachment-237127\" style=\"width: 819px\" class=\"wp-caption aligncenter\"><img decoding=\"async\" class=\"wp-image-237127 size-large\" src=\"https:\/\/swissfederalism.ch\/wp-content\/uploads\/2026\/08\/Portrett-av-Kong-Harald-ved-Savjord-stavkirke-i-Beiarn-kommune-9.-juni-2026-Image-by-Ola-Vatn-Det-kongelige-hoff-819x1024.avif\" alt=\"Portrett av Kong Harald ved Savjord stavkirke i Beiarn kommune 9. juni 2026 Image by Ola Vatn - Det kongelige hoff\" width=\"819\" height=\"1024\" srcset=\"https:\/\/swissfederalism.ch\/wp-content\/uploads\/2026\/08\/Portrett-av-Kong-Harald-ved-Savjord-stavkirke-i-Beiarn-kommune-9.-juni-2026-Image-by-Ola-Vatn-Det-kongelige-hoff-819x1024.avif 819w, https:\/\/swissfederalism.ch\/wp-content\/uploads\/2026\/08\/Portrett-av-Kong-Harald-ved-Savjord-stavkirke-i-Beiarn-kommune-9.-juni-2026-Image-by-Ola-Vatn-Det-kongelige-hoff-240x300.avif 240w, https:\/\/swissfederalism.ch\/wp-content\/uploads\/2026\/08\/Portrett-av-Kong-Harald-ved-Savjord-stavkirke-i-Beiarn-kommune-9.-juni-2026-Image-by-Ola-Vatn-Det-kongelige-hoff-768x960.avif 768w, https:\/\/swissfederalism.ch\/wp-content\/uploads\/2026\/08\/Portrett-av-Kong-Harald-ved-Savjord-stavkirke-i-Beiarn-kommune-9.-juni-2026-Image-by-Ola-Vatn-Det-kongelige-hoff-1229x1536.avif 1229w, https:\/\/swissfederalism.ch\/wp-content\/uploads\/2026\/08\/Portrett-av-Kong-Harald-ved-Savjord-stavkirke-i-Beiarn-kommune-9.-juni-2026-Image-by-Ola-Vatn-Det-kongelige-hoff-1638x2048.avif 1638w, https:\/\/swissfederalism.ch\/wp-content\/uploads\/2026\/08\/Portrett-av-Kong-Harald-ved-Savjord-stavkirke-i-Beiarn-kommune-9.-juni-2026-Image-by-Ola-Vatn-Det-kongelige-hoff-350x438.avif 350w, https:\/\/swissfederalism.ch\/wp-content\/uploads\/2026\/08\/Portrett-av-Kong-Harald-ved-Savjord-stavkirke-i-Beiarn-kommune-9.-juni-2026-Image-by-Ola-Vatn-Det-kongelige-hoff.avif 1920w\" sizes=\"(max-width: 819px) 100vw, 819px\" \/><figcaption id=\"caption-attachment-237127\" class=\"wp-caption-text\"><span class=\"font-762333\">Portrett av Kong Harald ved Savjord stavkirke i Beiarn kommune 9. juni 2026 Image by Ola Vatn &#8211; Det kongelige hoff<\/span><\/figcaption><\/figure>\n<p class=\"isSelectedEnd\"><span class=\"font-762333\">Norwegen erwachte am Freitag, dem 28. August, mit der Nachricht vom Tod von K\u00f6nig Harald V. Der K\u00f6nig starb im Alter von 89 Jahren um 6:35 Uhr im Rikshospitalet, dem Nationalkrankenhaus Norwegens in Oslo. Harald V. war der \u00e4lteste amtierende Monarch Europas.<\/span><\/p>\n<p class=\"isSelectedEnd\"><span class=\"font-762333\">Der K\u00f6nig war am 17. August ins Krankenhaus eingeliefert worden, nachdem bei einer medizinischen Untersuchung eine Bluterkrankung festgestellt worden war. Sein Zustand verschlechterte sich anschlie\u00dfend. Die Nachricht l\u00f6ste in ganz Norwegen tiefe Best\u00fcrzung aus.<\/span><\/p>\n<p class=\"isSelectedEnd\"><span class=\"font-762333\">Mit seinem Tod geht eine \u00c4ra zu Ende, die 1991 begann, als Harald seinem Vater, K\u00f6nig Olav V., auf den Thron folgte. Sein Nachfolger ist sein \u00e4ltester Sohn, Kronprinz Haakon Magnus, der den Namen <strong>Haakon VIII.<\/strong> als K\u00f6nig tr\u00e4gt.<\/span><\/p>\n<h2><span class=\"font-762333\">Ein in Norwegen geborener Prinz<\/span><\/h2>\n<p class=\"isSelectedEnd\"><span class=\"font-762333\">Harald wurde am 21. Februar 1937 in Skaugum bei Akershus geboren. Als einziger Sohn von Olav V. und Prinzessin M\u00e4rtha von Schweden war er der erste norwegische K\u00f6nig seit vielen Jahrhunderten, der in Norwegen geboren wurde.<\/span><\/p>\n<p class=\"isSelectedEnd\"><span class=\"font-762333\">Seine Kindheit war vom Krieg gepr\u00e4gt. Nach dem deutschen Einmarsch in Norwegen im Jahr 1940 musste die k\u00f6nigliche Familie fliehen. Harald, seine Mutter und seine Schwestern verbrachten einen Teil der Kriegsjahre in Schweden und den Vereinigten Staaten, w\u00e4hrend K\u00f6nig Haakon VII. und Kronprinz Olav eng mit der norwegischen Exilregierung verbunden blieben.<\/span><\/p>\n<p class=\"isSelectedEnd\"><span class=\"font-762333\">Nach Kriegsende kehrte die Familie nach Norwegen zur\u00fcck. Harald wurde damit zum Zeitzeugen einer Generation, die von Besatzung, Exil und dem Wiederaufbau des Landes gepr\u00e4gt war.<\/span><\/p>\n<h2><span class=\"font-762333\">Von der milit\u00e4rischen Ausbildung nach Oxford<\/span><\/h2>\n<p class=\"isSelectedEnd\"><span class=\"font-762333\">Nach seinem Abschluss an der Osloer Kathedralschule besuchte Harald die Universit\u00e4t Oslo und die norwegische Milit\u00e4rakademie. 1960 ging er nach Gro\u00dfbritannien, um am Balliol College der Universit\u00e4t Oxford zu studieren, wo er sich mit Geschichte, Wirtschaft und Politik besch\u00e4ftigte.<\/span><\/p>\n<h2><span class=\"font-762333\">Der \u201eSeglerk\u00f6nig\u201c<\/span><\/h2>\n<p class=\"isSelectedEnd\"><span class=\"font-762333\">Harald war ein leidenschaftlicher Sportler und wurde von der kanadischen Presse wegen seiner gro\u00dfen Liebe zum Segelsport als <strong>\u201eSeglerk\u00f6nig\u201c<\/strong> bezeichnet.<\/span><\/p>\n<p class=\"isSelectedEnd\"><span class=\"font-762333\">Er vertrat Norwegen bei den Olympischen Spielen 1964 in Tokio, wo er bei der Er\u00f6ffnungsfeier auch Fahnentr\u00e4ger seines Landes war, sowie 1968 in Mexiko-Stadt und 1972 in M\u00fcnchen. Bei den Weltmeisterschaften im Segeln gewann er 1987 Gold, 1982 Silber und 1988 Bronze.<\/span><\/p>\n<p><span class=\"font-762333\">Seine Leidenschaft f\u00fcr das Segeln blieb ihm bis ins hohe Alter erhalten. 2022, im Alter von 85 Jahren, nahm er noch an einer Weltmeisterschaft teil.<\/span><\/p>\n<p><span class=\"font-762333\"><strong><a href=\"https:\/\/swissfederalism.ch\/de\/ende-aera-elisabeth-ii-vereinigten-koenigreichs\/\">Das Ende der \u00c4ra von Elisabeth II. des Vereinigten K\u00f6nigreichs<\/a><\/strong><\/span><\/p>\n<h2><span class=\"font-762333\">Die Liebe seines Lebens: Sonja<\/span><\/h2>\n<p class=\"isSelectedEnd\"><span class=\"font-762333\">1959 begann Harald eine Beziehung mit Sonja Haraldsen, einer jungen Frau aus einer b\u00fcrgerlichen Familie ohne adelige Herkunft. Wegen der damaligen dynastischen Konventionen blieb ihre Beziehung jahrelang weitgehend geheim.<\/span><\/p>\n<p class=\"isSelectedEnd\"><span class=\"font-762333\">Vor Sonja hatte die k\u00f6nigliche Familie auch eine m\u00f6gliche Ehe zwischen Harald und Prinzessin Sofia von Griechenland erwogen, die sp\u00e4ter K\u00f6nigin von Spanien wurde. Doch der junge Prinz hatte sich bereits f\u00fcr Sonja entschieden und drohte sogar, auf seine Thronrechte zu verzichten, anstatt die Frau, die er liebte, aufzugeben.<\/span><\/p>\n<p class=\"isSelectedEnd\"><span class=\"font-762333\">Nach neun Jahren des Wartens und mit Zustimmung seines Vaters, K\u00f6nig Olav V., heiratete das Paar am 29. August 1968 im Osloer Dom.<\/span><\/p>\n<p class=\"isSelectedEnd\"><span class=\"font-762333\">Sie hatten zwei Kinder: M\u00e4rtha Louise, geboren 1971, und Haakon Magnus, geboren 1973.<\/span><\/p>\n<p class=\"isSelectedEnd\"><span class=\"font-762333\">Jahre sp\u00e4ter folgte Haakon einem \u00e4hnlichen Weg wie sein Vater. Er verliebte sich in Mette-Marit Tjessem H\u00f8iby, eine B\u00fcrgerliche und alleinerziehende Mutter. Ihre Beziehung sorgte zun\u00e4chst f\u00fcr Kontroversen und warf Fragen auf, doch Harald V. unterst\u00fctzte die Entscheidung seines Sohnes und gab seine Zustimmung zur Hochzeit, die am 25. August 2001 stattfand.<\/span><\/p>\n<h2><span class=\"font-762333\">Ein K\u00f6nig, der seinem Volk nahestand<\/span><\/h2>\n<p class=\"isSelectedEnd\"><span class=\"font-762333\">Nach dem Tod von Olav V. am 17. Januar 1991 bestieg Harald als Harald V. den Thron. Nach 648 Jahren hatte Norwegen wieder einen Monarchen, der im Land geboren worden war.<\/span><\/p>\n<p class=\"isSelectedEnd\"><span class=\"font-762333\">Mehr als drei Jahrzehnte lang verk\u00f6rperte Harald die Kontinuit\u00e4t der norwegischen konstitutionellen Monarchie. Er leitete den Staatsrat, traf den Ministerpr\u00e4sidenten und den Au\u00dfenminister, empfing ausl\u00e4ndische Botschafter und er\u00f6ffnete jedes Jahr offiziell das Parlament.<\/span><\/p>\n<p class=\"isSelectedEnd\"><span class=\"font-762333\">Doch seine Beziehung zum norwegischen Volk ging \u00fcber das Protokoll hinaus. Seine Bodenst\u00e4ndigkeit, seine Liebe zum Sport und seine F\u00e4higkeit, den Menschen nahe zu sein, machten ihn zu einer besonders beliebten Pers\u00f6nlichkeit.<\/span><\/p>\n<h2><span class=\"font-762333\">Ein K\u00f6nig mit vorwiegend repr\u00e4sentativer Funktion<\/span><\/h2>\n<p class=\"isSelectedEnd\"><span class=\"font-762333\">Nach der Verfassung verf\u00fcgte Harald V. formal \u00fcber exekutive Befugnisse, \u00fcbte diese jedoch im Einklang mit den parlamentarischen Gepflogenheiten Norwegens aus. Seine Rolle war vor allem institutioneller und repr\u00e4sentativer Natur: Er ernannte formell den Ministerpr\u00e4sidenten, leitete den Staatsrat, er\u00f6ffnete jedes Jahr das Parlament und vertrat Norwegen bei offiziellen Auslandsbesuchen. Eine Verfassungs\u00e4nderung im Jahr 2012 lockerte zudem die formelle Verbindung der Monarchie zur norwegischen Kirche weiter.<\/span><\/p>\n<h2><span class=\"font-762333\">Harald V. und die Schweiz<\/span><\/h2>\n<p class=\"isSelectedEnd\"><span class=\"font-762333\">Harald V. pflegte auch wichtige institutionelle Beziehungen zur Schweiz. Im April 2006 statteten der K\u00f6nig und K\u00f6nigin Sonja der Schweiz einen Staatsbesuch ab und wurden in Bern vom gesamten Bundesrat empfangen. Ihre Reise f\u00fchrte sie auch in die Ostschweiz, unter anderem nach St. Gallen und Appenzell, sowie nach Z\u00fcrich.<\/span><\/p>\n<p class=\"isSelectedEnd\"><span class=\"font-762333\">Der Besuch unterstrich die zahlreichen Gemeinsamkeiten zwischen den beiden L\u00e4ndern. Als Mitglieder der EFTA und Staaten au\u00dferhalb der Europ\u00e4ischen Union teilen die Schweiz und Norwegen ein starkes Engagement f\u00fcr internationale Zusammenarbeit, Frieden, Umweltschutz und nachhaltige Entwicklung. Harald betonte zudem die Zusammenarbeit beider L\u00e4nder bei der Friedensf\u00f6rderung und der Wahrung der Menschenrechte.<\/span><\/p>\n<p class=\"isSelectedEnd\"><span class=\"font-762333\">Die engen Beziehungen blieben auch in den folgenden Jahren bestehen. Im Februar 2024 empfing Harald V. die Schweizer Bundespr\u00e4sidentin Viola Amherd w\u00e4hrend ihres offiziellen Besuchs in Oslo.<\/span><\/p>\n<h2><span class=\"font-762333\">Die letzten Jahre und Herausforderungen f\u00fcr die k\u00f6nigliche Familie<\/span><\/h2>\n<p class=\"isSelectedEnd\"><span class=\"font-762333\">In den vergangenen Jahren sah sich die norwegische Monarchie mit mehreren Kontroversen innerhalb der k\u00f6niglichen Familie konfrontiert \u2013 von den pers\u00f6nlichen Angelegenheiten rund um Haakon und Mette-Marit \u00fcber die j\u00fcngsten Diskussionen um die Kontakte der Prinzessin zu Jeffrey Epstein bis hin zu den juristischen Verfahren gegen Marius Borg H\u00f8iby, den Sohn von Mette-Marit, der nicht zur direkten Thronfolge geh\u00f6rt.<\/span><\/p>\n<p class=\"isSelectedEnd\"><span class=\"font-762333\">Auch Haralds Tochter, Prinzessin M\u00e4rtha Louise, geriet wegen ihrer Ehe mit dem US-Amerikaner Durek Verrett, der sich selbst als Schamane bezeichnet, sowie wegen einiger ihrer Aktivit\u00e4ten im Bereich Spiritualit\u00e4t und Esoterik in die Kritik. 2022 zog sich die Prinzessin aus ihren offiziellen Aufgaben f\u00fcr die k\u00f6nigliche Familie zur\u00fcck, behielt jedoch ihren Titel.<\/span><\/p>\n<p class=\"isSelectedEnd\"><span class=\"font-762333\">Hinzu kamen die schweren gesundheitlichen Probleme von Mette-Marit, die seit 2018 an einer fortschreitenden Lungenfibrose leidet. Nach einer Verschlechterung ihres Zustands wurde die Kronprinzessin im Juni 2026 erfolgreich einer Lungentransplantation unterzogen.<\/span><\/p>\n<p class=\"isSelectedEnd\"><span class=\"font-762333\">Diese Ereignisse haben das Ansehen der Monarchie unter Druck gesetzt, obwohl die Unterst\u00fctzung f\u00fcr die Institution unter den Norwegern weiterhin gro\u00df ist.<\/span><\/p>\n<h2><span class=\"font-762333\">Die Thronfolge: Haakon VIII. besteigt den Thron<\/span><\/h2>\n<p class=\"isSelectedEnd\"><span class=\"font-762333\">Mit dem Tod von Harald V. geht die Krone automatisch auf seinen Sohn Haakon Magnus \u00fcber, der als Haakon VIII. den Thron bestiegen hat. An seiner Seite steht seine Ehefrau Mette-Marit.<\/span><\/p>\n<p><span class=\"font-762333\">In Norwegen gilt die absolute Primogenitur, nach der das erstgeborene Kind unabh\u00e4ngig vom Geschlecht in der Thronfolge Vorrang hat. Ihr \u00e4ltestes Kind, Prinzessin Ingrid Alexandra, 22, wird damit zur neuen Kronprinzessin und soll eines Tages den norwegischen Thron besteigen.<\/span><\/p>\n<p>&nbsp;<\/p>\n<p><a href=\"https:\/\/k16trade.ch\/raw-coffee\/\"><img decoding=\"async\" class=\"wp-image-230949 size-medium aligncenter\" src=\"https:\/\/swissfederalism.ch\/wp-content\/uploads\/2020\/11\/FullLogo_Transparent_NoBuffer-300x145.png\" alt=\"K16 TRADE &amp; CONSULTING SWITZERLAND\" width=\"300\" height=\"145\" srcset=\"https:\/\/swissfederalism.ch\/wp-content\/uploads\/2020\/11\/FullLogo_Transparent_NoBuffer-300x145.png 300w, https:\/\/swissfederalism.ch\/wp-content\/uploads\/2020\/11\/FullLogo_Transparent_NoBuffer-1024x495.png 1024w, https:\/\/swissfederalism.ch\/wp-content\/uploads\/2020\/11\/FullLogo_Transparent_NoBuffer-768x371.png 768w, https:\/\/swissfederalism.ch\/wp-content\/uploads\/2020\/11\/FullLogo_Transparent_NoBuffer-350x169.png 350w, https:\/\/swissfederalism.ch\/wp-content\/uploads\/2020\/11\/FullLogo_Transparent_NoBuffer.png 1280w\" sizes=\"(max-width: 300px) 100vw, 300px\" \/><\/a><\/p>\n","protected":false},"excerpt":{"rendered":"<p>Seit seiner Thronbesteigung im Jahr 1991 war er w\u00e4hrend seiner mehr als 35-j\u00e4hrigen Regentschaft beim norwegischen Volk sehr beliebt \u2013 sowohl wegen seiner Rolle als Staatsoberhaupt als auch wegen seiner menschlichen Qualit\u00e4ten. Mit seinem Tod geht eine \u00c4ra der norwegischen Monarchie zu Ende.<\/p>\n","protected":false},"author":9,"featured_media":237134,"comment_status":"open","ping_status":"closed","sticky":false,"template":"","format":"standard","meta":{"footnotes":""},"categories":[278,211],"tags":[407,2738,2739,2731,1103],"class_list":["post-237142","post","type-post","status-publish","format-standard","has-post-thumbnail","hentry","category-europa-de","category-zeitschrift","tag-europa-de","tag-haakonviii","tag-harald-v","tag-monarchie","tag-norwegen"],"_links":{"self":[{"href":"https:\/\/swissfederalism.ch\/de\/wp-json\/wp\/v2\/posts\/237142","targetHints":{"allow":["GET"]}}],"collection":[{"href":"https:\/\/swissfederalism.ch\/de\/wp-json\/wp\/v2\/posts"}],"about":[{"href":"https:\/\/swissfederalism.ch\/de\/wp-json\/wp\/v2\/types\/post"}],"author":[{"embeddable":true,"href":"https:\/\/swissfederalism.ch\/de\/wp-json\/wp\/v2\/users\/9"}],"replies":[{"embeddable":true,"href":"https:\/\/swissfederalism.ch\/de\/wp-json\/wp\/v2\/comments?post=237142"}],"version-history":[{"count":2,"href":"https:\/\/swissfederalism.ch\/de\/wp-json\/wp\/v2\/posts\/237142\/revisions"}],"predecessor-version":[{"id":237144,"href":"https:\/\/swissfederalism.ch\/de\/wp-json\/wp\/v2\/posts\/237142\/revisions\/237144"}],"wp:featuredmedia":[{"embeddable":true,"href":"https:\/\/swissfederalism.ch\/de\/wp-json\/wp\/v2\/media\/237134"}],"wp:attachment":[{"href":"https:\/\/swissfederalism.ch\/de\/wp-json\/wp\/v2\/media?parent=237142"}],"wp:term":[{"taxonomy":"category","embeddable":true,"href":"https:\/\/swissfederalism.ch\/de\/wp-json\/wp\/v2\/categories?post=237142"},{"taxonomy":"post_tag","embeddable":true,"href":"https:\/\/swissfederalism.ch\/de\/wp-json\/wp\/v2\/tags?post=237142"}],"curies":[{"name":"wp","href":"https:\/\/api.w.org\/{rel}","templated":true}]}}