{"id":235806,"date":"2025-08-22T08:58:38","date_gmt":"2025-08-22T08:58:38","guid":{"rendered":"https:\/\/swissfederalism.ch\/esaf-2025-glarus\/"},"modified":"2025-08-22T09:26:35","modified_gmt":"2025-08-22T09:26:35","slug":"esaf-2025-glarus","status":"publish","type":"post","link":"https:\/\/swissfederalism.ch\/de\/esaf-2025-glarus\/","title":{"rendered":"ESAF 2025 Glarnerland"},"content":{"rendered":"<h1 dir=\"ltr\" data-pm-slice=\"1 1 []\"><span class=\"font-762333\">ESAF 2025 Glarnerland<\/span><\/h1>\n<h3 dir=\"ltr\"><span class=\"font-762333\"><em>Das gr\u00f6sste Schwing- und Bergkulturfestival der Schweiz findet vom 29. bis 31. August 2025 in Mollis statt.<\/em><\/span><\/h3>\n<figure id=\"attachment_235791\" aria-describedby=\"caption-attachment-235791\" style=\"width: 840px\" class=\"wp-caption aligncenter\"><img decoding=\"async\" class=\"wp-image-235791 size-large\" src=\"https:\/\/swissfederalism.ch\/wp-content\/uploads\/2025\/08\/ESAF-2025-Linthmeile-Holzmuni-MAX-Image-by-ESAF-2025-GlarnerlandMAYA-RHYNER-1024x683.jpg\" alt=\"ESAF 2025 Linthmeile Holzmuni MAX Image by ESAF 2025 Glarnerland+MAYA RHYNER\" width=\"840\" height=\"560\" srcset=\"https:\/\/swissfederalism.ch\/wp-content\/uploads\/2025\/08\/ESAF-2025-Linthmeile-Holzmuni-MAX-Image-by-ESAF-2025-GlarnerlandMAYA-RHYNER-1024x683.jpg 1024w, https:\/\/swissfederalism.ch\/wp-content\/uploads\/2025\/08\/ESAF-2025-Linthmeile-Holzmuni-MAX-Image-by-ESAF-2025-GlarnerlandMAYA-RHYNER-300x200.jpg 300w, https:\/\/swissfederalism.ch\/wp-content\/uploads\/2025\/08\/ESAF-2025-Linthmeile-Holzmuni-MAX-Image-by-ESAF-2025-GlarnerlandMAYA-RHYNER-768x512.jpg 768w, https:\/\/swissfederalism.ch\/wp-content\/uploads\/2025\/08\/ESAF-2025-Linthmeile-Holzmuni-MAX-Image-by-ESAF-2025-GlarnerlandMAYA-RHYNER-1536x1024.jpg 1536w, https:\/\/swissfederalism.ch\/wp-content\/uploads\/2025\/08\/ESAF-2025-Linthmeile-Holzmuni-MAX-Image-by-ESAF-2025-GlarnerlandMAYA-RHYNER-2048x1365.jpg 2048w, https:\/\/swissfederalism.ch\/wp-content\/uploads\/2025\/08\/ESAF-2025-Linthmeile-Holzmuni-MAX-Image-by-ESAF-2025-GlarnerlandMAYA-RHYNER-350x233.jpg 350w, https:\/\/swissfederalism.ch\/wp-content\/uploads\/2025\/08\/ESAF-2025-Linthmeile-Holzmuni-MAX-Image-by-ESAF-2025-GlarnerlandMAYA-RHYNER-scaled.jpg 2560w\" sizes=\"(max-width: 840px) 100vw, 840px\" \/><figcaption id=\"caption-attachment-235791\" class=\"wp-caption-text\"><span class=\"font-762333\">ESAF 2025 Linthmeile Holzmuni MAX Image by ESAF 2025 Glarnerland+MAYA RHYNER<\/span><\/figcaption><\/figure>\n<p dir=\"ltr\" data-pm-slice=\"1 1 []\"><span class=\"font-762333\">Das <strong>Eidgen\u00f6ssische Schwing- und \u00c4lplerfest (ESAF)<\/strong> 2025, auch bekannt als <strong>ESAF Glarnerland+<\/strong>, findet vom <strong>29. bis 31. August 2025<\/strong> auf dem Flugfeld in Mollis im Kanton Glarus, Schweiz, statt. Dieses alle drei Jahre stattfindende Ereignis ist das <strong>gr\u00f6\u00dfte Sport- und Kulturfestival<\/strong> der Schweiz und zieht etwa <strong>350.000 Besucher<\/strong> an, um den traditionellen Sport des <strong>Schwingens<\/strong> sowie andere alpine Disziplinen wie das Steinstossen und schweizerische Volkstraditionen zu feiern. Zum ersten Mal in seiner 125-j\u00e4hrigen Geschichte wird das ESAF im Glarnerland abgehalten und verwandelt das kleine Dorf Mollis mit nur 3.000 Einwohnern in das pulsierende Herz der Schweizer Kultur.<\/span><\/p>\n<h3 dir=\"ltr\"><span class=\"font-762333\">Was ist Schwingen?<\/span><\/h3>\n<p dir=\"ltr\"><span class=\"font-762333\">Das <strong>Schwingen<\/strong>, oft als \u201eSchweizer Ringen\u201c bezeichnet, ist ein traditioneller Sport, der die Werte von Kraft, Technik und Respekt verk\u00f6rpert. Zwei Athleten, sogenannte <strong>Schwinger<\/strong>, treten in einem mit S\u00e4gemehl bedeckten Ring gegeneinander an und tragen dabei charakteristische <strong>Schwinghosen<\/strong>, robuste Leinenhosen (lokal im Kanton Bern hergestellt und im Glarnerland gen\u00e4ht). Ziel ist es, den Gegner vom Boden zu heben und mit dem R\u00fccken auf den Boden zu bringen, indem spezifische Griffe wie <strong>L\u00e4tz<\/strong>, <strong>Buur<\/strong> und <strong>Schlungg<\/strong> angewendet werden. Jeder Kampf, oder <strong>Gang<\/strong>, dauert nur wenige Minuten, und die besten Athleten k\u00e4mpfen um den Titel des <strong>Schwingerk\u00f6nigs<\/strong>, wobei der Sieger einen lebenden Stier, bekannt als <strong>Siegermuni<\/strong>, als Hauptpreis erh\u00e4lt.<\/span><\/p>\n<p dir=\"ltr\"><span class=\"font-762333\">Schwingen ist nicht nur ein Sport, sondern ein Symbol der Schweizer l\u00e4ndlichen Kultur, die Bauern, Banker und Jugendliche in einem Wettbewerb vereint, der Tradition und Gemeinschaft feiert. W\u00e4hrend des <strong>ESAF 2025<\/strong> werden <strong>270 Schwinger<\/strong> und <strong>100 Steinstosser<\/strong> in einer spektakul\u00e4ren tempor\u00e4ren Arena mit <strong>56.500 Pl\u00e4tzen<\/strong>, der gr\u00f6\u00dften ihrer Art weltweit, antreten.<\/span><\/p>\n<h3 dir=\"ltr\"><span class=\"font-762333\">Das ESAF 2025: Mehr als ein Sportfestival<\/span><\/h3>\n<p dir=\"ltr\"><span class=\"font-762333\">Das ESAF ist nicht nur eine Sportveranstaltung, sondern ein wahres Volksfest, das Wettkampf, traditionelle Musik, Gastronomie und alpine Kultur kombiniert. In Mollis wird die <strong>49.000 m\u00b2 gro\u00dfe Arena<\/strong> <strong>sieben S\u00e4gemehlringe<\/strong> f\u00fcr die Schwingwettk\u00e4mpfe sowie Bereiche f\u00fcr das Steinstossen, Alphornvorf\u00fchrungen und Volksmusik beherbergen. Die Besucher k\u00f6nnen regionale Spezialit\u00e4ten wie <strong>270.000 Liter Bier<\/strong> und <strong>450.000 W\u00fcrste<\/strong> in einer festlichen Atmosph\u00e4re genie\u00dfen, eingebettet in die atemberaubende Berglandschaft des Glarnerlands.<\/span><\/p>\n<p dir=\"ltr\"><span class=\"font-762333\">Das Programm des <strong>ESAF 2025<\/strong> umfasst auch den <strong>Gabentempel<\/strong>, eine Ausstellung von Preisen, darunter der ber\u00fchmte <strong>Siegermuni<\/strong>, der f\u00fcr die Ausgabe 2025 <strong>ZIBU<\/strong> hei\u00dft, sowie weitere lebende Tiere als Belohnung f\u00fcr die Sieger. Dar\u00fcber hinaus bietet das Festival ein reichhaltiges kulturelles Programm mit Konzerten, traditionellen T\u00e4nzen und einem Campingbereich f\u00fcr Besucher. Eine riesige Holzskulptur, der <strong>Muni Max<\/strong>, <strong>20 Meter hoch<\/strong> und von \u00fcber <strong>500 Lernenden<\/strong> gebaut, ist bereits zum Symbol der Veranstaltung geworden und zieht die Aufmerksamkeit von Medien und Einheimischen auf sich.<\/span><\/p>\n<figure id=\"attachment_235795\" aria-describedby=\"caption-attachment-235795\" style=\"width: 1024px\" class=\"wp-caption aligncenter\"><img decoding=\"async\" class=\"wp-image-235795 size-full\" src=\"https:\/\/swissfederalism.ch\/wp-content\/uploads\/2025\/08\/Rigi-Schwinget-2025-Image-by-Quejaytee-CC-BY-SA-4.0-via-Wikimedia-Commons.jpg\" alt=\"Image from the Rigi Schwinget 2025 Image by Quejaytee, CC BY-SA 4.0, via Wikimedia Commons\" width=\"1024\" height=\"683\" srcset=\"https:\/\/swissfederalism.ch\/wp-content\/uploads\/2025\/08\/Rigi-Schwinget-2025-Image-by-Quejaytee-CC-BY-SA-4.0-via-Wikimedia-Commons.jpg 1024w, https:\/\/swissfederalism.ch\/wp-content\/uploads\/2025\/08\/Rigi-Schwinget-2025-Image-by-Quejaytee-CC-BY-SA-4.0-via-Wikimedia-Commons-300x200.jpg 300w, https:\/\/swissfederalism.ch\/wp-content\/uploads\/2025\/08\/Rigi-Schwinget-2025-Image-by-Quejaytee-CC-BY-SA-4.0-via-Wikimedia-Commons-768x512.jpg 768w, https:\/\/swissfederalism.ch\/wp-content\/uploads\/2025\/08\/Rigi-Schwinget-2025-Image-by-Quejaytee-CC-BY-SA-4.0-via-Wikimedia-Commons-350x233.jpg 350w\" sizes=\"(max-width: 1024px) 100vw, 1024px\" \/><figcaption id=\"caption-attachment-235795\" class=\"wp-caption-text\"><span class=\"font-762333\">Image from the Rigi Schwinget 2025 Image by Quejaytee, CC BY-SA 4.0, via Wikimedia Commons<\/span><\/figcaption><\/figure>\n<h3 dir=\"ltr\" data-pm-slice=\"1 1 []\"><span class=\"font-762333\">Kulturelle und wirtschaftliche Bedeutung<\/span><\/h3>\n<p dir=\"ltr\"><span class=\"font-762333\">Das <strong>ESAF 2025<\/strong> stellt eine einzigartige Gelegenheit f\u00fcr den <strong>Kanton Glarus<\/strong> dar, der f\u00fcr seine geringe Anzahl an touristischen \u00dcbernachtungen bekannt ist, um Sichtbarkeit und wirtschaftliche Vorteile zu erlangen. Mit einem Budget von <strong>35\u201340 Millionen Schweizer Franken<\/strong> erfordert die Veranstaltung eine enorme Organisation mit <strong>8.400 Freiwilligen<\/strong> und einer Fahrzeugflotte, die von Partnern wie Suzuki bereitgestellt wird. Die Infrastruktur, wie die tempor\u00e4ren Erweiterungen des Bahnhofs <strong>N\u00e4fels-Mollis<\/strong> und die au\u00dfergew\u00f6hnliche Wiederinbetriebnahme des Bahnhofs <strong>Weesen<\/strong>, der seit 2013 geschlossen war und speziell f\u00fcr diesen Anlass wiederer\u00f6ffnet wird, sowie Verkehrsmanagementma\u00dfnahmen wie der <strong>GlarnerlandPass<\/strong> f\u00fcr kostenlosen \u00f6ffentlichen Nahverkehr, wurden geplant, um den Zustrom von etwa <strong>150.000 t\u00e4glichen Besuchern<\/strong> in einem Kanton mit nur 40.000 Einwohnern zu bew\u00e4ltigen.<\/span><\/p>\n<p dir=\"ltr\"><span class=\"font-762333\">Trotz logistischer Herausforderungen und steigender Kosten, die zu erh\u00f6hten Eintrittspreisen gef\u00fchrt haben (ein Zweitagesticket f\u00fcr einen \u00fcberdachten Platz kostet <strong>290 Franken<\/strong>), bleibt die Begeisterung f\u00fcr das ESAF ungebrochen.<\/span><\/p>\n<h3 dir=\"ltr\"><span class=\"font-762333\">Tradition und Moderne<\/span><\/h3>\n<p dir=\"ltr\"><span class=\"font-762333\">Das <strong>ESAF 2025 Glarnerland+<\/strong> ist nicht nur eine Gelegenheit, Schweizer Traditionen zu feiern, sondern auch ein Blick in die Zukunft. <strong>Nachhaltigkeit<\/strong> steht im Mittelpunkt, mit der Verwendung lokaler Materialien f\u00fcr die <strong>Schwinghosen<\/strong> und Initiativen zur Reduzierung der Umweltbelastung, wie etwa der Schutz des Bodens f\u00fcr Park- und Campingfl\u00e4chen.<\/span><\/p>\n<h3 dir=\"ltr\"><span class=\"font-762333\">Fazit<\/span><\/h3>\n<p dir=\"ltr\"><span class=\"font-762333\">Das <strong>ESAF 2025 Glarnerland+<\/strong> wird weit mehr als eine Sportveranstaltung sein: Es wird eine Feier der Schweizer Kultur, ein Moment der Gemeinschaft und eine Gelegenheit f\u00fcr den <strong>Kanton Glarus<\/strong>, auf nationaler Ebene zu gl\u00e4nzen. Mit seiner Mischung aus Wettkampf, Tradition und Festlichkeit verspricht das ESAF ein unvergessliches Erlebnis f\u00fcr alle Teilnehmer, die die Spannung des <strong>Schwingens<\/strong> und die einzigartige Atmosph\u00e4re eines alpinen Festivals hautnah erleben k\u00f6nnen. F\u00fcr weitere Informationen besuchen Sie die offizielle Website\u00a0<strong><a href=\"http:\/\/www.esaf2025.ch\">esaf2025.ch<\/a>.<\/strong><\/span><\/p>\n<p><a href=\"https:\/\/k16trade.ch\/seqex-en\/\"><img decoding=\"async\" class=\"aligncenter wp-image-230949 size-medium\" src=\"https:\/\/swissfederalism.ch\/wp-content\/uploads\/2020\/11\/FullLogo_Transparent_NoBuffer-300x145.png\" alt=\"K16 TRADE &amp; CONSULTING SWITZERLAND\" width=\"300\" height=\"145\" srcset=\"https:\/\/swissfederalism.ch\/wp-content\/uploads\/2020\/11\/FullLogo_Transparent_NoBuffer-300x145.png 300w, https:\/\/swissfederalism.ch\/wp-content\/uploads\/2020\/11\/FullLogo_Transparent_NoBuffer-1024x495.png 1024w, https:\/\/swissfederalism.ch\/wp-content\/uploads\/2020\/11\/FullLogo_Transparent_NoBuffer-768x371.png 768w, https:\/\/swissfederalism.ch\/wp-content\/uploads\/2020\/11\/FullLogo_Transparent_NoBuffer-350x169.png 350w, https:\/\/swissfederalism.ch\/wp-content\/uploads\/2020\/11\/FullLogo_Transparent_NoBuffer.png 1280w\" sizes=\"(max-width: 300px) 100vw, 300px\" \/><\/a><\/p>\n","protected":false},"excerpt":{"rendered":"<p>Das ESAF 2025 Glarnerland in Mollis vom 29. bis 31. August wird das gr\u00f6sste Fest des Schweizer Schwingens und der alpinen Kultur sein, mit 270 Schwingern, traditioneller Musik und lokalen Spezialit\u00e4ten, um die Atmosph\u00e4re eines unvergesslichen Alpenfestes zu feiern und zu erleben.<\/p>\n","protected":false},"author":9,"featured_media":235798,"comment_status":"open","ping_status":"closed","sticky":false,"template":"","format":"standard","meta":{"footnotes":""},"categories":[309,369,313,295,2324,319,1345,211],"tags":[395,2233,2614,514,540,422,1582,1473],"class_list":["post-235806","post","type-post","status-publish","format-standard","has-post-thumbnail","hentry","category-highlights","category-kanton-glarus","category-kultur","category-schweiz","category-tourismus","category-veranstaltungen","category-kuriositaeten","category-zeitschrift","tag-chancen","tag-ereignis","tag-esaf-de","tag-glarus","tag-kultur","tag-nachhaltigkeit","tag-schweiz","tag-traditionen"],"_links":{"self":[{"href":"https:\/\/swissfederalism.ch\/de\/wp-json\/wp\/v2\/posts\/235806","targetHints":{"allow":["GET"]}}],"collection":[{"href":"https:\/\/swissfederalism.ch\/de\/wp-json\/wp\/v2\/posts"}],"about":[{"href":"https:\/\/swissfederalism.ch\/de\/wp-json\/wp\/v2\/types\/post"}],"author":[{"embeddable":true,"href":"https:\/\/swissfederalism.ch\/de\/wp-json\/wp\/v2\/users\/9"}],"replies":[{"embeddable":true,"href":"https:\/\/swissfederalism.ch\/de\/wp-json\/wp\/v2\/comments?post=235806"}],"version-history":[{"count":3,"href":"https:\/\/swissfederalism.ch\/de\/wp-json\/wp\/v2\/posts\/235806\/revisions"}],"predecessor-version":[{"id":235812,"href":"https:\/\/swissfederalism.ch\/de\/wp-json\/wp\/v2\/posts\/235806\/revisions\/235812"}],"wp:featuredmedia":[{"embeddable":true,"href":"https:\/\/swissfederalism.ch\/de\/wp-json\/wp\/v2\/media\/235798"}],"wp:attachment":[{"href":"https:\/\/swissfederalism.ch\/de\/wp-json\/wp\/v2\/media?parent=235806"}],"wp:term":[{"taxonomy":"category","embeddable":true,"href":"https:\/\/swissfederalism.ch\/de\/wp-json\/wp\/v2\/categories?post=235806"},{"taxonomy":"post_tag","embeddable":true,"href":"https:\/\/swissfederalism.ch\/de\/wp-json\/wp\/v2\/tags?post=235806"}],"curies":[{"name":"wp","href":"https:\/\/api.w.org\/{rel}","templated":true}]}}