{"id":235756,"date":"2025-08-15T08:25:48","date_gmt":"2025-08-15T08:25:48","guid":{"rendered":"https:\/\/swissfederalism.ch\/august-15-peak-summer\/"},"modified":"2025-08-15T08:54:51","modified_gmt":"2025-08-15T08:54:51","slug":"15-august-hoehepunkt-sommers","status":"publish","type":"post","link":"https:\/\/swissfederalism.ch\/de\/15-august-hoehepunkt-sommers\/","title":{"rendered":"15. August, der H\u00f6hepunkt des Sommers"},"content":{"rendered":"<h1 dir=\"ltr\" data-pm-slice=\"1 1 []\"><span class=\"font-377884\">15. August, der H\u00f6hepunkt des Sommers<\/span><\/h1>\n<h3 dir=\"auto\"><span class=\"font-377884\"><em>Am 15. August vereinen sich weltweit religi\u00f6se und zivile Traditionen, die unter verschiedenen Namen und Bedeutungen gefeiert werden, aber durch Themen wie Besinnung, Gemeinschaft und Identit\u00e4t verbunden sind. In Italien markiert Ferragosto den H\u00f6hepunkt des Sommers und verbindet r\u00f6mische Wurzeln mit dem katholischen Glauben. Anderswo ist es Mari\u00e4 Himmelfahrt, die Entschlafung Mariens oder ein nationaler Feiertag, der die reiche kulturelle Vielfalt widerspiegelt.<\/em><\/span><\/h3>\n<figure id=\"attachment_235742\" aria-describedby=\"caption-attachment-235742\" style=\"width: 840px\" class=\"wp-caption aligncenter\"><img decoding=\"async\" class=\"wp-image-235742 size-large\" src=\"https:\/\/swissfederalism.ch\/wp-content\/uploads\/2025\/08\/Sunset-in-Karpathos-Image-by-Chris-Sche-Bo-scaled-e1755242504345.jpg\" alt=\"Sunset in Karpathos - Image by Chris Sche-Bo\" width=\"840\" height=\"499\" \/><figcaption id=\"caption-attachment-235742\" class=\"wp-caption-text\"><span class=\"font-377884\">Sunset in Karpathos &#8211; Image by Chris Sche-Bo<\/span><\/figcaption><\/figure>\n<p dir=\"ltr\" data-pm-slice=\"1 3 []\"><span class=\"font-377884\">Die Feier des 15. August hat uralte Wurzeln und hat sich in verschiedenen L\u00e4ndern einzigartig entwickelt, indem sie heidnische, christliche und historische Traditionen miteinander verkn\u00fcpft.<\/span><\/p>\n<h2 dir=\"ltr\"><span class=\"font-377884\">Italien: Feriae Augusti<\/span><\/h2>\n<p dir=\"ltr\"><span class=\"font-377884\">In Italien stammt der Begriff <em>Ferragosto<\/em> vom lateinischen <em>Feriae Augusti<\/em> (\u201eRuhe des Augustus\u201c) ab, der 18 v. Chr. von Kaiser Augustus eingef\u00fchrt wurde, um das Ende der sommerlichen landwirtschaftlichen Arbeiten zu feiern. Es war eine Zeit der Festlichkeiten mit Banketten, Pferderennen und Tributen an Gottheiten wie Conso, die mit Fruchtbarkeit verbunden war. Mit dem Aufkommen des Christentums verschmolz dieses heidnische Fest mit Mari\u00e4 Himmelfahrt, einem katholischen Dogma, das 1950 von Papst Pius XII. verk\u00fcndet wurde und die Aufnahme der Jungfrau Maria in den Himmel mit Leib und Seele feiert. Diese Verschmelzung hat Ferragosto zu einem Symbol f\u00fcr Sommer und Glauben gemacht, gefeiert mit Festen, Prozessionen und sommerlichen Gelagen.<\/span><\/p>\n<h2 dir=\"ltr\"><span class=\"font-377884\">Christliche Urspr\u00fcnge: Himmelfahrt und Entschlafung<\/span><\/h2>\n<p dir=\"ltr\"><span class=\"font-377884\">Die religi\u00f6se Feier des 15. August hat ihre Wurzeln im fr\u00fchen Christentum. Der Glaube an die Himmelfahrt Mariens, ihre Aufnahme in den Himmel ohne physischen Tod, verbreitete sich im 7. Jahrhundert in der \u00f6stlichen christlichen Welt und wurde im Byzantinischen Reich als Fest formalisiert. Die katholische Kirche \u00fcbernahm es offiziell, und 1950 erkl\u00e4rte Papst Pius XII. es zum Dogma. In katholischen L\u00e4ndern wie Spanien (<em>Asunci\u00f3n de la Virgen<\/em>), Frankreich (<em>L&#8217;Assomption<\/em>) und Portugal (<em>Assun\u00e7\u00e3o de Nossa Senhora<\/em>) ist der 15. August ein gesetzlicher Feiertag mit Messen und Prozessionen.<\/span><\/p>\n<p dir=\"ltr\"><span class=\"font-377884\">In den orthodoxen und armenischen Kirchen wird das Fest als Entschlafung der Theotokos (<em>Koimesis<\/em> auf Griechisch) bezeichnet und feiert Marias \u201eewigen Schlaf\u201c vor ihrer Verherrlichung. Diese Tradition, die im 5. Jahrhundert in der Ostkirche entstand, wird in L\u00e4ndern wie Griechenland, Rum\u00e4nien und Russland von einem 14-t\u00e4gigen Fasten begleitet. Die Armenische Apostolische Kirche folgt einer \u00e4hnlichen Tradition mit feierlichen Liturgien.<\/span><\/p>\n<p dir=\"ltr\"><span class=\"font-377884\">Protestantische Kirchen, die sich strikt an die Schrift halten, erkennen die Himmelfahrt nicht an, aber einige anglikanische und lutherische Gemeinden begehen den 15. August als marianische Gedenkfeier mit Hymnen und Lesungen, die Maria gewidmet sind.<\/span><\/p>\n<h2 dir=\"ltr\"><span class=\"font-377884\">Staatliche Feier<\/span><\/h2>\n<p dir=\"ltr\"><span class=\"font-377884\">In einigen L\u00e4ndern ist der 15. August mit historischen Ereignissen verbunden:<\/span><\/p>\n<ul class=\"tight\" dir=\"ltr\" data-tight=\"true\">\n<li>\n<p dir=\"ltr\"><span class=\"font-377884\"><strong>Indien<\/strong>: Der Unabh\u00e4ngigkeitstag gedenkt der Unabh\u00e4ngigkeit vom Vereinigten K\u00f6nigreich 1947, gepr\u00e4gt von Paraden und offiziellen Reden, hervorgegangen aus der Befreiungsbewegung, angef\u00fchrt von Pers\u00f6nlichkeiten wie Gandhi.<\/span><\/p>\n<\/li>\n<li>\n<p dir=\"ltr\"><span class=\"font-377884\"><strong>S\u00fcdkorea<\/strong>: <em>Gwangbokjeol<\/em> (\u201eTag der Wiederherstellung des Lichts\u201c) feiert die Befreiung von der japanischen Herrschaft 1945 am Ende des Zweiten Weltkriegs.<\/span><\/p>\n<\/li>\n<li>\n<p dir=\"ltr\"><span class=\"font-377884\"><strong>Republik Kongo<\/strong>: Der nationale Feiertag markiert die Unabh\u00e4ngigkeit von Frankreich 1960.<\/span><\/p>\n<\/li>\n<li>\n<p dir=\"ltr\"><span class=\"font-377884\"><strong>Polen<\/strong>: <em>\u015awi\u0119to Wojska Polskiego<\/em> (Tag der Streitkr\u00e4fte) gedenkt des Sieges in der Schlacht von Warschau 1920, die mit Mari\u00e4 Himmelfahrt zusammenf\u00e4llt.<\/span><\/p>\n<\/li>\n<li>\n<p dir=\"ltr\"><span class=\"font-377884\"><strong>Liechtenstein<\/strong>: Der <em>Staatsfeiertag<\/em> kombiniert Mari\u00e4 Himmelfahrt mit einer Gedenkfeier f\u00fcr F\u00fcrst Franz Joseph II., die 1940 offiziell eingef\u00fchrt wurde, um seinen Geburtstag und die katholische Tradition des Landes zu ehren.<\/span><\/p>\n<\/li>\n<li>\n<p dir=\"ltr\"><span class=\"font-377884\"><strong>Malta<\/strong>: Der 15. August wird als <em>Festa di Santa Marija<\/em> gefeiert, ein nationaler Feiertag, der die Himmelfahrt der Jungfrau Maria mit feierlichen Messen, Prozessionen und Feuerwerken in Orten wie Mosta, Mqabba und Victoria (Gozo) ehrt. Tief im katholischen Glauben verwurzelt, wird das Fest durch die Erinnerung an die Santa-Maria-Konvoi von 1942, ein patriotisches Ereignis des Zweiten Weltkriegs, bereichert. Dekorationen, Blaskapellen und traditionelle Speisen wie <em>imqaret<\/em> beleben die Insel und machen den Tag zu einem H\u00f6hepunkt von Hingabe und sommerlicher Geselligkeit.<\/span><\/p>\n<\/li>\n<\/ul>\n<p><span class=\"font-377884\"><strong><a href=\"https:\/\/swissfederalism.ch\/de\/liechtenstein-staatsfest\/\">Liechtenstein feiert seinen Staatsfeiertag<\/a><\/strong><\/span><\/p>\n<figure id=\"attachment_235746\" aria-describedby=\"caption-attachment-235746\" style=\"width: 840px\" class=\"wp-caption aligncenter\"><img decoding=\"async\" class=\"wp-image-235746 size-large\" src=\"https:\/\/swissfederalism.ch\/wp-content\/uploads\/2025\/08\/Fireworks-in-Vaduz-Liechtenstein-during-the-National-Day-Image-by-Chris-Sche-Bo-scaled-e1755245859289.jpg\" alt=\"Fireworks in Vaduz, Liechtenstein, during the National Day Image by Chris Sche-Bo\" width=\"840\" height=\"898\" srcset=\"https:\/\/swissfederalism.ch\/wp-content\/uploads\/2025\/08\/Fireworks-in-Vaduz-Liechtenstein-during-the-National-Day-Image-by-Chris-Sche-Bo-scaled-e1755245859289.jpg 1916w, https:\/\/swissfederalism.ch\/wp-content\/uploads\/2025\/08\/Fireworks-in-Vaduz-Liechtenstein-during-the-National-Day-Image-by-Chris-Sche-Bo-scaled-e1755245859289-281x300.jpg 281w, https:\/\/swissfederalism.ch\/wp-content\/uploads\/2025\/08\/Fireworks-in-Vaduz-Liechtenstein-during-the-National-Day-Image-by-Chris-Sche-Bo-scaled-e1755245859289-958x1024.jpg 958w, https:\/\/swissfederalism.ch\/wp-content\/uploads\/2025\/08\/Fireworks-in-Vaduz-Liechtenstein-during-the-National-Day-Image-by-Chris-Sche-Bo-scaled-e1755245859289-768x821.jpg 768w, https:\/\/swissfederalism.ch\/wp-content\/uploads\/2025\/08\/Fireworks-in-Vaduz-Liechtenstein-during-the-National-Day-Image-by-Chris-Sche-Bo-scaled-e1755245859289-1437x1536.jpg 1437w, https:\/\/swissfederalism.ch\/wp-content\/uploads\/2025\/08\/Fireworks-in-Vaduz-Liechtenstein-during-the-National-Day-Image-by-Chris-Sche-Bo-scaled-e1755245859289-350x374.jpg 350w\" sizes=\"(max-width: 840px) 100vw, 840px\" \/><figcaption id=\"caption-attachment-235746\" class=\"wp-caption-text\"><span class=\"font-377884\">Fireworks in Vaduz, Liechtenstein, during the National Day Image by Chris Sche-Bo<\/span><\/figcaption><\/figure>\n<h2 dir=\"ltr\" data-pm-slice=\"1 1 []\"><span class=\"font-377884\">Der 15. August in der Schweiz: Ein f\u00f6deralistisches Mosaik<\/span><\/h2>\n<p dir=\"ltr\"><span class=\"font-377884\">In der Schweiz ist der 15. August das Fest Mari\u00e4 Himmelfahrt, doch sein Status als Feiertag variiert aufgrund der f\u00f6deralen Struktur des Landes, wobei nur der 1. August (Schweizer Nationalfeiertag) landesweit obligatorisch ist. Die Feier spiegelt die religi\u00f6se und kulturelle Vielfalt der 26 Kantone wider.<\/span><\/p>\n<h3 dir=\"ltr\"><span class=\"font-377884\">Kantone, die den Feiertag begehen (13)<\/span><\/h3>\n<p dir=\"ltr\"><span class=\"font-377884\">Mari\u00e4 Himmelfahrt ist in katholisch gepr\u00e4gten Kantonen ein arbeitsfreier Tag, vergleichbar mit einem Sonntag:<\/span><\/p>\n<ul class=\"tight\" dir=\"ltr\" data-tight=\"true\">\n<li>\n<p dir=\"ltr\"><span class=\"font-377884\"><strong>Aargau (AG)<\/strong>: Feiertag in katholischen Gemeinden wie Muri oder Baden, mit Messen und lokalen Veranstaltungen.<\/span><\/p>\n<\/li>\n<li>\n<p dir=\"ltr\"><span class=\"font-377884\"><strong>Appenzell Innerrhoden (AI)<\/strong>: \u00d6ffentlicher Feiertag mit religi\u00f6sen Feiern in Kirchen.<\/span><\/p>\n<\/li>\n<li>\n<p dir=\"ltr\"><span class=\"font-377884\"><strong>Basel-Landschaft (BL)<\/strong>: Feiertag in katholischen Gemeinden wie Liestal.<\/span><\/p>\n<\/li>\n<li>\n<p dir=\"ltr\"><span class=\"font-377884\"><strong>Freiburg (FR)<\/strong>: Feiertag in katholischen Gemeinden wie Bulle, mit marianischen Prozessionen.<\/span><\/p>\n<\/li>\n<li>\n<p dir=\"ltr\"><span class=\"font-377884\"><strong>Graub\u00fcnden (GR)<\/strong>: Feiertag in katholischen Gemeinden wie Chur oder Poschiavo, mit gemeinschaftlichen Veranstaltungen.<\/span><\/p>\n<\/li>\n<li>\n<p dir=\"ltr\"><span class=\"font-377884\"><strong>Jura (JU)<\/strong>: \u00d6ffentlicher Feiertag mit feierlichen Messen in Del\u00e9mont.<\/span><\/p>\n<\/li>\n<li>\n<p dir=\"ltr\"><span class=\"font-377884\"><strong>Luzern (LU)<\/strong>: Feiertag mit religi\u00f6sen Feiern und Festen, etwa in Sursee.<\/span><\/p>\n<\/li>\n<li>\n<p dir=\"ltr\"><span class=\"font-377884\"><strong>Nidwalden (NW)<\/strong>: \u00d6ffentlicher Feiertag mit Messen in Kirchen in Stans.<\/span><\/p>\n<\/li>\n<li>\n<p dir=\"ltr\"><span class=\"font-377884\"><strong>Obwalden (OW)<\/strong>: Feiertag mit religi\u00f6sen Veranstaltungen in Sarnen.<\/span><\/p>\n<\/li>\n<li>\n<p dir=\"ltr\"><span class=\"font-377884\"><strong>Solothurn (SO)<\/strong>: Feiertag in katholischen Gemeinden wie Olten.<\/span><\/p>\n<\/li>\n<li>\n<p dir=\"ltr\"><span class=\"font-377884\"><strong>Schwyz (SZ)<\/strong>: \u00d6ffentlicher Feiertag mit Prozessionen und Feiern in Einsiedeln, dem Standort eines bekannten marianischen Heiligtums.<\/span><\/p>\n<\/li>\n<li>\n<p dir=\"ltr\"><span class=\"font-377884\"><strong>Tessin (TI)<\/strong>: Feiertag im gesamten Kanton, stark gef\u00fchlt aufgrund der kulturellen N\u00e4he zu Italien. In Lugano besuchen die Menschen den Parco Ciani oder den Monte San Salvatore, w\u00e4hrend in Chiasso und Mendrisio Konzerte, Kunstausstellungen und religi\u00f6se Prozessionen stattfinden.<\/span><\/p>\n<\/li>\n<li>\n<p dir=\"ltr\"><span class=\"font-377884\"><strong>Uri (UR)<\/strong>: \u00d6ffentlicher Feiertag mit Messen in Altdorf.<\/span><\/p>\n<\/li>\n<li>\n<p dir=\"ltr\"><span class=\"font-377884\"><strong>Wallis (VS)<\/strong>: Feiertag mit Feiern in Sitten und Martigny.<\/span><\/p>\n<\/li>\n<li>\n<p dir=\"ltr\"><span class=\"font-377884\"><strong>Zug (ZG)<\/strong>: \u00d6ffentlicher Feiertag mit religi\u00f6sen Veranstaltungen in der Stadt Zug.<\/span><\/p>\n<\/li>\n<\/ul>\n<p dir=\"ltr\"><span class=\"font-377884\">In diesen Kantonen bleiben Gesch\u00e4fte, \u00f6ffentliche \u00c4mter und Banken geschlossen, und die Gemeinden nehmen an feierlichen Messen, Prozessionen und in einigen Gebieten an popul\u00e4ren Veranstaltungen wie Konzerten oder Feuerwerken teil, insbesondere im Tessin, wo die Feier an Italiens Ferragosto erinnert.<\/span><\/p>\n<h3 dir=\"ltr\"><span class=\"font-377884\">Kantone, die den Feiertag nicht begehen (13)<\/span><\/h3>\n<p dir=\"ltr\"><span class=\"font-377884\">In Kantonen mit protestantischer Mehrheit oder gemischter Bev\u00f6lkerung ist der 15. August ein Arbeitstag:<\/span><\/p>\n<ul class=\"tight\" dir=\"ltr\" data-tight=\"true\">\n<li>\n<p dir=\"ltr\"><span class=\"font-377884\"><strong>Appenzell Ausserrhoden (AR)<\/strong>: Kein offizieller Feiertag, normale Aktivit\u00e4ten in Herisau.<\/span><\/p>\n<\/li>\n<li>\n<p dir=\"ltr\"><span class=\"font-377884\"><strong>Basel-Stadt (BS)<\/strong>: Arbeitstag mit ge\u00f6ffneten Gesch\u00e4ften.<\/span><\/p>\n<\/li>\n<li>\n<p dir=\"ltr\"><span class=\"font-377884\"><strong>Bern (BE)<\/strong>: Kein Feiertag, \u00c4mter und Gesch\u00e4fte ge\u00f6ffnet.<\/span><\/p>\n<\/li>\n<li>\n<p dir=\"ltr\"><span class=\"font-377884\"><strong>Genf (GE)<\/strong>: Kein Feiertag, obwohl einige katholische Gemeinden Messen abhalten.<\/span><\/p>\n<\/li>\n<li>\n<p dir=\"ltr\"><span class=\"font-377884\"><strong>Glarus (GL)<\/strong>: Arbeitstag.<\/span><\/p>\n<\/li>\n<li>\n<p dir=\"ltr\"><span class=\"font-377884\"><strong>Neuenburg (NE)<\/strong>: Kein Feiertag, normale Aktivit\u00e4ten.<\/span><\/p>\n<\/li>\n<li>\n<p dir=\"ltr\"><span class=\"font-377884\"><strong>St. Gallen (SG)<\/strong>: Kein Feiertag, regul\u00e4re Arbeit.<\/span><\/p>\n<\/li>\n<li>\n<p dir=\"ltr\"><span class=\"font-377884\"><strong>Schaffhausen (SH)<\/strong>: Arbeitstag.<\/span><\/p>\n<\/li>\n<li>\n<p dir=\"ltr\"><span class=\"font-377884\"><strong>Thurgau (TG)<\/strong>: Kein Feiertag, Gesch\u00e4fte ge\u00f6ffnet.<\/span><\/p>\n<\/li>\n<li>\n<p dir=\"ltr\"><span class=\"font-377884\"><strong>Waadt (VD)<\/strong>: Kein Feiertag, normale Aktivit\u00e4ten.<\/span><\/p>\n<\/li>\n<li>\n<p dir=\"ltr\"><span class=\"font-377884\"><strong>Z\u00fcrich (ZH)<\/strong>: Arbeitstag, obwohl einige katholische Kirchen Messen abhalten.<\/span><\/p>\n<\/li>\n<\/ul>\n<p dir=\"ltr\"><span class=\"font-377884\">In diesen Kantonen ist der Tag ein normaler Arbeitstag, aber lokale katholische Gemeinden k\u00f6nnen religi\u00f6se Feiern ohne Auswirkungen auf \u00f6ffentliche Aktivit\u00e4ten organisieren.<\/span><\/p>\n<h3 dir=\"ltr\"><span class=\"font-377884\">Die besondere Feier im Tessin<\/span><\/h3>\n<p dir=\"ltr\"><span class=\"font-377884\">Das Tessin, der einzige italienischsprachige Kanton der Schweiz, feiert den 15. August mit besonderer Intensit\u00e4t aufgrund der kulturellen N\u00e4he zu Italien. Neben Messen gibt es Veranstaltungen wie Konzerte in Lugano, historische Spazierg\u00e4nge in Mendrisio oder Besuche am Luganersee. Der Feiertag f\u00f6rdert den lokalen Tourismus, mit Zielen wie Monte Br\u00e8 oder Morcote, die Besucher anziehen.<\/span><\/p>\n<h2 dir=\"ltr\"><span class=\"font-377884\">Ferragosto in Italien<\/span><\/h2>\n<p dir=\"ltr\"><span class=\"font-377884\">In Italien ist Ferragosto der H\u00f6hepunkt des Sommers, bei dem die St\u00e4dte sich leeren und K\u00fcsten- (z. B. Riviera Romagnola, Sardinien) und Bergziele (z. B. Trentino) belebt sind. Zu den Traditionen geh\u00f6ren das Palio dell\u2019Assunta in Siena, lokale Feste und sommerliche Gelage mit Reissalaten und Wassermelone. Es ist eine Zeit f\u00fcr Freizeit und religi\u00f6se Besinnung, mit Millionen von Touristen, die zu Reisezielen str\u00f6men.<\/span><\/p>\n<h2 dir=\"ltr\"><span class=\"font-377884\">Die Bedeutung des 15. August<\/span><\/h2>\n<p dir=\"ltr\"><span class=\"font-377884\">Der 15. August ist ein Mosaik aus religi\u00f6ser und ziviler Bedeutung. In der Schweiz spiegelt er den Geist des F\u00f6deralismus wider: 13 Kantone feiern ihn als offiziellen Feiertag, w\u00e4hrend 13 andere dies nicht tun, wobei das Tessin durch seine lebhaften Festlichkeiten hervorsticht. In Italien verbindet Ferragosto religi\u00f6se Tradition mit popul\u00e4rer Freizeit. Weltweit dient das Datum als Gelegenheit, Glauben oder nationale Identit\u00e4t zu feiern und zeigt die bemerkenswerte kulturelle Vielfalt verschiedener Gemeinschaften.<\/span><\/p>\n<p><a href=\"https:\/\/k16trade.ch\/seqex-en\/\"><img decoding=\"async\" class=\"aligncenter wp-image-230949 size-medium\" src=\"https:\/\/swissfederalism.ch\/wp-content\/uploads\/2020\/11\/FullLogo_Transparent_NoBuffer-300x145.png\" alt=\"K16 TRADE &amp; CONSULTING SWITZERLAND\" width=\"300\" height=\"145\" srcset=\"https:\/\/swissfederalism.ch\/wp-content\/uploads\/2020\/11\/FullLogo_Transparent_NoBuffer-300x145.png 300w, https:\/\/swissfederalism.ch\/wp-content\/uploads\/2020\/11\/FullLogo_Transparent_NoBuffer-1024x495.png 1024w, https:\/\/swissfederalism.ch\/wp-content\/uploads\/2020\/11\/FullLogo_Transparent_NoBuffer-768x371.png 768w, https:\/\/swissfederalism.ch\/wp-content\/uploads\/2020\/11\/FullLogo_Transparent_NoBuffer-350x169.png 350w, https:\/\/swissfederalism.ch\/wp-content\/uploads\/2020\/11\/FullLogo_Transparent_NoBuffer.png 1280w\" sizes=\"(max-width: 300px) 100vw, 300px\" \/><\/a><\/p>\n","protected":false},"excerpt":{"rendered":"<p>Am 15. August vereinen sich weltweit religi\u00f6se und zivile Traditionen, die unter verschiedenen Namen und Bedeutungen gefeiert werden, aber durch Themen wie Besinnung, Gemeinschaft und Identit\u00e4t verbunden sind.<\/p>\n","protected":false},"author":9,"featured_media":235745,"comment_status":"open","ping_status":"closed","sticky":false,"template":"","format":"standard","meta":{"footnotes":""},"categories":[316,309,290,293,295,319,1345,211],"tags":[396,1883,661,814,1582,1473],"class_list":["post-235756","post","type-post","status-publish","format-standard","has-post-thumbnail","hentry","category-autonomie-de","category-highlights","category-italien","category-liechtenstein-de","category-schweiz","category-veranstaltungen","category-kuriositaeten","category-zeitschrift","tag-foederalismus","tag-feiertage","tag-italien","tag-liechtenstein-de","tag-schweiz","tag-traditionen"],"_links":{"self":[{"href":"https:\/\/swissfederalism.ch\/de\/wp-json\/wp\/v2\/posts\/235756","targetHints":{"allow":["GET"]}}],"collection":[{"href":"https:\/\/swissfederalism.ch\/de\/wp-json\/wp\/v2\/posts"}],"about":[{"href":"https:\/\/swissfederalism.ch\/de\/wp-json\/wp\/v2\/types\/post"}],"author":[{"embeddable":true,"href":"https:\/\/swissfederalism.ch\/de\/wp-json\/wp\/v2\/users\/9"}],"replies":[{"embeddable":true,"href":"https:\/\/swissfederalism.ch\/de\/wp-json\/wp\/v2\/comments?post=235756"}],"version-history":[{"count":2,"href":"https:\/\/swissfederalism.ch\/de\/wp-json\/wp\/v2\/posts\/235756\/revisions"}],"predecessor-version":[{"id":235758,"href":"https:\/\/swissfederalism.ch\/de\/wp-json\/wp\/v2\/posts\/235756\/revisions\/235758"}],"wp:featuredmedia":[{"embeddable":true,"href":"https:\/\/swissfederalism.ch\/de\/wp-json\/wp\/v2\/media\/235745"}],"wp:attachment":[{"href":"https:\/\/swissfederalism.ch\/de\/wp-json\/wp\/v2\/media?parent=235756"}],"wp:term":[{"taxonomy":"category","embeddable":true,"href":"https:\/\/swissfederalism.ch\/de\/wp-json\/wp\/v2\/categories?post=235756"},{"taxonomy":"post_tag","embeddable":true,"href":"https:\/\/swissfederalism.ch\/de\/wp-json\/wp\/v2\/tags?post=235756"}],"curies":[{"name":"wp","href":"https:\/\/api.w.org\/{rel}","templated":true}]}}