{"id":235702,"date":"2025-07-28T14:38:26","date_gmt":"2025-07-28T14:38:26","guid":{"rendered":"https:\/\/swissfederalism.ch\/1-agosto-svizzera-patria\/"},"modified":"2025-07-31T08:13:54","modified_gmt":"2025-07-31T08:13:54","slug":"1-august-schwei-vaterland","status":"publish","type":"post","link":"https:\/\/swissfederalism.ch\/de\/1-august-schwei-vaterland\/","title":{"rendered":"1. August die Schweizer und Schweizerinnen feiern ihr Vaterland"},"content":{"rendered":"<h1 dir=\"auto\"><span class=\"font-377884\">1. August die Schweizer und Schweizerinnen feiern ihr Vaterland<\/span><\/h1>\n<div class=\"flex flex-col items-center\">\n<div class=\"relative group flex flex-col justify-center w-full max-w-[var(--content-max-width)] pb-0.5 items-start\">\n<div class=\"message-bubble rounded-3xl text-primary min-h-7 prose dark:prose-invert break-words prose-p:opacity-100 prose-strong:opacity-100 prose-li:opacity-100 prose-ul:opacity-100 prose-ol:opacity-100 prose-ul:my-1 prose-ol:my-1 prose-li:my-2 last:prose-li:mb-3 prose-li:ps-1 prose-li:ms-1 w-full max-w-none\" dir=\"auto\">\n<div class=\"response-content-markdown markdown [&amp;_a:not(.not-prose)]:text-current [&amp;_a:not(.not-prose):hover]:text-primary [&amp;_a:not(.not-prose):hover]:decoration-primary [&amp;_a:not(.not-prose)]:underline [&amp;_a:not(.not-prose)]:decoration-primary\/30 [&amp;_a:not(.not-prose)]:underline-offset-2 [&amp;_h2:not(.not-prose):first-child]:mt-0 [&amp;_h3:not(.not-prose):first-child]:mt-0 [&amp;_h4:not(.not-prose):first-child]:mt-0\">\n<p class=\"break-words\" dir=\"auto\"><span class=\"font-377884\">Am <strong class=\"font-semibold\">1. August<\/strong> feiern die <strong class=\"font-semibold\">Schweizer und Schweizerinnen<\/strong> ihre Heimat und gedenken der Gr\u00fcndung der <strong class=\"font-semibold\">Eidgenossenschaft<\/strong> im Jahr <strong class=\"font-semibold\">1291<\/strong> mit dem <strong class=\"font-semibold\">R\u00fctlischwur<\/strong>. Mit <strong class=\"font-semibold\">nationalem Stolz<\/strong> verbinden die Schweizer und Schweizerinnen <strong class=\"font-semibold\">Geschichte<\/strong>, <strong class=\"font-semibold\">Traditionen<\/strong> und ein starkes <strong class=\"font-semibold\">Gemeinschaftsgef\u00fchl<\/strong>, begleitet von der <strong class=\"font-semibold\">Nationalhymne<\/strong>, dem <strong class=\"font-semibold\">Schweizerpsalm<\/strong>. Obwohl die Schweiz nicht die \u00e4lteste Nation der Welt ist, verf\u00fcgt sie \u00fcber eine <strong class=\"font-semibold\">politische Kontinuit\u00e4t<\/strong> seit <strong class=\"font-semibold\">1291<\/strong>, was sie dank <strong class=\"font-semibold\">Neutralit\u00e4t<\/strong>, <strong class=\"font-semibold\">Unabh\u00e4ngigkeit<\/strong> und <strong class=\"font-semibold\">F\u00f6deralismus<\/strong> zu einer der stabilsten macht. Entdecken wir die <strong class=\"font-semibold\">Geschichte<\/strong>, die <strong class=\"font-semibold\">Feiern<\/strong>, die bekanntesten <strong class=\"font-semibold\">Festlichkeiten<\/strong> und die Rolle von <strong class=\"font-semibold\">Wilhelm Tell<\/strong>, der legend\u00e4ren Figur der Schweiz!<\/span><\/p>\n<\/div>\n<\/div>\n<\/div>\n<\/div>\n<figure id=\"attachment_235683\" aria-describedby=\"caption-attachment-235683\" style=\"width: 840px\" class=\"wp-caption aligncenter\"><img decoding=\"async\" class=\"wp-image-235683 size-large\" src=\"https:\/\/swissfederalism.ch\/wp-content\/uploads\/2025\/07\/Alphorn-event-Image-by-Christopher-Moore-from-Pixabay-1024x713.jpg\" alt=\"Alphorn event Image by Christopher Moore from Pixabay\" width=\"840\" height=\"585\" srcset=\"https:\/\/swissfederalism.ch\/wp-content\/uploads\/2025\/07\/Alphorn-event-Image-by-Christopher-Moore-from-Pixabay-1024x713.jpg 1024w, https:\/\/swissfederalism.ch\/wp-content\/uploads\/2025\/07\/Alphorn-event-Image-by-Christopher-Moore-from-Pixabay-300x209.jpg 300w, https:\/\/swissfederalism.ch\/wp-content\/uploads\/2025\/07\/Alphorn-event-Image-by-Christopher-Moore-from-Pixabay-768x534.jpg 768w, https:\/\/swissfederalism.ch\/wp-content\/uploads\/2025\/07\/Alphorn-event-Image-by-Christopher-Moore-from-Pixabay-1536x1069.jpg 1536w, https:\/\/swissfederalism.ch\/wp-content\/uploads\/2025\/07\/Alphorn-event-Image-by-Christopher-Moore-from-Pixabay-350x244.jpg 350w, https:\/\/swissfederalism.ch\/wp-content\/uploads\/2025\/07\/Alphorn-event-Image-by-Christopher-Moore-from-Pixabay.jpg 1920w\" sizes=\"(max-width: 840px) 100vw, 840px\" \/><figcaption id=\"caption-attachment-235683\" class=\"wp-caption-text\"><span class=\"font-377884\">Alphorn event Image by Christopher Moore from Pixabay<\/span><\/figcaption><\/figure>\n<h2 dir=\"ltr\" data-pm-slice=\"1 1 []\"><span class=\"font-377884\">Ist die Schweiz das \u00e4lteste Land der Welt?<\/span><\/h2>\n<p dir=\"ltr\"><span class=\"font-377884\">Nein, die Schweiz ist nicht die \u00e4lteste Nation. Zivilisationen wie das <strong>Alte \u00c4gypten<\/strong> (3100 v. Chr.), <strong>China<\/strong> (Dynastien ab 2070 v. Chr.) oder <strong>Indien<\/strong> (Indus-Tal-Zivilisation, 2500 v. Chr.) haben viel \u00e4ltere Wurzeln. Auch <strong>Griechenland<\/strong> (mykenische Stadtstaaten, 1600 v. Chr.) und <strong>Japan<\/strong> (legend\u00e4re Monarchie ab 660 v. Chr.) weisen tiefere historische Wurzeln auf.<\/span><\/p>\n<p dir=\"ltr\"><span class=\"font-377884\">Dennoch geh\u00f6rt die <strong>Eidgenossenschaft<\/strong>, gegr\u00fcndet im Jahr <strong>1291<\/strong>, zu den langlebigsten modernen Nationen in Bezug auf <strong>politische Kontinuit\u00e4t<\/strong>, dank ihrer <strong>Neutralit\u00e4t<\/strong>, <strong>Unabh\u00e4ngigkeit<\/strong> und ihres <strong>F\u00f6deralismus<\/strong>. Dieser Aspekt verdient eine genauere Betrachtung.<\/span><\/p>\n<h2 dir=\"ltr\"><span class=\"font-377884\">Politische kontinuit\u00e4t der Schweiz: Neutralit\u00e4t, Unabh\u00e4ngigkeit und F\u00f6deralismus<\/span><\/h2>\n<p dir=\"ltr\"><span class=\"font-377884\">Die Schweiz zeichnet sich durch eine ununterbrochene <strong>politische Kontinuit\u00e4t<\/strong> seit <strong>1291<\/strong> aus, ohne Revolutionen oder institutionelle Umw\u00e4lzungen \u2013 einzigartig in Europa. Die <strong>Eidgenossenschaft<\/strong> wuchs schrittweise auf <strong>26 Kantone<\/strong> an, stets durch freiwillige \u00dcbereink\u00fcnfte und ohne Kriege, was in der <strong>Verfassung von 1848<\/strong> gipfelte, die einen modernen f\u00f6deralen Staat schuf, ohne die Stabilit\u00e4t zu unterbrechen. Dieser Erfolg basiert auf drei S\u00e4ulen: <strong>Neutralit\u00e4t<\/strong>, <strong>Unabh\u00e4ngigkeit<\/strong> und <strong>F\u00f6deralismus<\/strong>.<\/span><\/p>\n<h3 dir=\"ltr\"><span class=\"font-377884\">Neutralit\u00e4t als fundament der stabilit\u00e4t<\/span><\/h3>\n<p dir=\"ltr\"><span class=\"font-377884\">Seit dem <strong>16. Jahrhundert<\/strong> informell praktiziert und beim <strong>Wiener Kongress 1815<\/strong> formalisiert, sch\u00fctzte die <strong>Neutralit\u00e4t<\/strong> die Schweiz vor \u00e4u\u00dferen Konflikten wie den <strong>Napoleonischen Kriegen<\/strong> und den <strong>Weltkriegen<\/strong>, wodurch ihre Institutionen bewahrt wurden. W\u00e4hrend <strong>Frankreich<\/strong> die <strong>Revolution von 1789<\/strong> und <strong>\u00d6sterreich<\/strong> den Zerfall des <strong>Habsburgerreichs 1918<\/strong> erlebte, blieb die Schweiz eine Oase des Friedens. Die <strong>Neutralit\u00e4t<\/strong> f\u00f6rderte die interne Harmonie zwischen Kantonen mit unterschiedlichen Sprachen (<strong>Deutsch<\/strong>, <strong>Franz\u00f6sisch<\/strong>, <strong>Italienisch<\/strong>, <strong>R\u00e4toromanisch<\/strong>) und verhinderte kulturelle Konflikte. W\u00e4hrend der <strong>Weltkriege<\/strong> beherbergte die Schweiz Organisationen wie das <strong>Rote Kreuz<\/strong> und Friedensverhandlungen, was ihren globalen Ruf st\u00e4rkte.<\/span><\/p>\n<h3 dir=\"ltr\"><span class=\"font-377884\">Unabh\u00e4ngigkeit der Kantone<\/span><\/h3>\n<p dir=\"ltr\"><span class=\"font-377884\">Das <strong>konf\u00f6derale Modell<\/strong>, das mit dem <strong>R\u00fctlischwur 1291<\/strong> begann, garantiert den Kantonen Autonomie in Bereichen wie <strong>Gesetzgebung<\/strong>, <strong>Bildung<\/strong> und <strong>Kultur<\/strong>. Dies erm\u00f6glichte es unterschiedlichen Regionen wie dem <strong>Kanton Tessin<\/strong> (italienischsprachig) und <strong>Z\u00fcrich<\/strong> (deutschsprachig), ihre Identit\u00e4t ohne Spannungen zu bewahren. Die <strong>Verfassung von 1848<\/strong> schuf ein Gleichgewicht zwischen kantonaler Autonomie und nationaler Einheit, wodurch zentralisierte Konflikte, wie sie etwa in <strong>Frankreich unter Napoleon<\/strong> auftraten, vermieden wurden.<\/span><\/p>\n<h3 dir=\"ltr\"><span class=\"font-377884\">F\u00f6derale Demokratie<\/span><\/h3>\n<p dir=\"ltr\"><span class=\"font-377884\">Der <strong>schweizerische F\u00f6deralismus<\/strong> verbindet kantonale Autonomie mit einem koh\u00e4renten nationalen System. Die <strong>direkte Demokratie<\/strong> mit <strong>Referenden<\/strong> und <strong>Volksinitiativen<\/strong> erlaubt es den B\u00fcrgern, Gesetze direkt zu gestalten \u2013 ein System, das in den lokalen Versammlungen (<strong>Landsgemeinden<\/strong>) verwurzelt ist und in Europa einzigartig ist. Dieser partizipative Ansatz verhinderte Revolutionen und f\u00f6rderte schrittweise Reformen sowie den Konsens der Bev\u00f6lkerung. Die Erweiterung der <strong>Eidgenossenschaft<\/strong> von drei auf <strong>26 Kantone<\/strong> erfolgte durch friedliche Vereinbarungen ohne Kriege, was den Dialog und die Zusammenarbeit zwischen den Gemeinschaften widerspiegelt.<\/span><\/p>\n<p><span class=\"font-377884\"><a href=\"https:\/\/swissfederalism.ch\/de\/radfahren-gehen-gesundheit\/\"><strong>Die Schweiz zwischen Radfahren, Gehen und Gesundheit<\/strong><\/a><\/span><\/p>\n<h2 dir=\"ltr\" data-pm-slice=\"1 1 []\"><span class=\"font-377884\">Der letzte beigetretene Kanton: Jura<\/span><\/h2>\n<p dir=\"ltr\"><span class=\"font-377884\">Der letzte Kanton, der der <strong>Schweizer Eidgenossenschaft<\/strong> beigetreten ist, war der <strong>Kanton Jura<\/strong>, der am <strong>1. Januar 1979<\/strong> offiziell gegr\u00fcndet wurde. Sein Beitritt erfolgte friedlich durch einen <strong>demokratischen Prozess<\/strong>, ohne bewaffnete Konflikte. Der <strong>Kanton Jura<\/strong> entstand durch die Abspaltung vom <strong>Kanton Bern<\/strong>, aufgrund sprachlicher, kultureller und religi\u00f6ser Unterschiede: Der Jura, mehrheitlich <strong>franz\u00f6sischsprachig<\/strong> und <strong>katholisch<\/strong>, f\u00fchlte sich vom mehrheitlich <strong>deutschsprachigen<\/strong> und <strong>protestantischen<\/strong> Kanton Bern unterschiedlich.<\/span><\/p>\n<p dir=\"ltr\"><span class=\"font-377884\">Der Prozess begann in den <strong>1950er Jahren<\/strong> mit separatistischen Bewegungen, die mehr Autonomie forderten. Nach Jahren von Verhandlungen und politischen Spannungen organisierte die <strong>Eidgenossenschaft<\/strong> eine Reihe von <strong>Referenden<\/strong>:<\/span><\/p>\n<ul class=\"tight\" dir=\"ltr\" data-tight=\"true\">\n<li>\n<p dir=\"ltr\"><span class=\"font-377884\">Im Jahr <strong>1974<\/strong> stimmten die Bewohner der franz\u00f6sischsprachigen Distrikte des Jura f\u00fcr die Schaffung eines neuen Kantons.<\/span><\/p>\n<\/li>\n<li>\n<p dir=\"ltr\"><span class=\"font-377884\">Im Jahr <strong>1975<\/strong> best\u00e4tigte ein zweites Referendum die Unterst\u00fctzung des <strong>Kantons Bern<\/strong> und der <strong>Eidgenossenschaft<\/strong>.<\/span><\/p>\n<\/li>\n<li>\n<p dir=\"ltr\"><span class=\"font-377884\">Zwischen <strong>1976 und 1978<\/strong> wurden die Grenzen und Modalit\u00e4ten der Trennung festgelegt, wobei einige Distrikte beschlossen, im <strong>Kanton Bern<\/strong> zu verbleiben.<\/span><\/p>\n<\/li>\n<li>\n<p dir=\"ltr\"><span class=\"font-377884\">Am <strong>24. September 1978<\/strong> ratifizierte ein nationales Referendum den Beitritt des Jura als <strong>26. Kanton<\/strong>, mit der Genehmigung der ge\u00e4nderten <strong>Schweizer Verfassung<\/strong>.<\/span><\/p>\n<\/li>\n<\/ul>\n<p dir=\"ltr\"><span class=\"font-377884\">Dieser Prozess, basierend auf <strong>Referenden<\/strong> und <strong>Dialog<\/strong>, ist ein Beispiel f\u00fcr den <strong>schweizerischen F\u00f6deralismus<\/strong>, der es erm\u00f6glichte, kulturelle und politische Spannungen ohne Gewalt zu l\u00f6sen und die <strong>nationale Einheit<\/strong> zu wahren.<\/span><\/p>\n<h2 dir=\"ltr\"><span class=\"font-377884\">Letztes annektiertes ausl\u00e4ndisches Gebiet: Kanton Tessin<\/span><\/h2>\n<p dir=\"ltr\"><span class=\"font-377884\">Das letzte ausl\u00e4ndische Gebiet, das annektiert wurde und noch Teil der Schweiz ist, ist der <strong>Kanton Tessin<\/strong>, zusammen mit den Gebieten von <strong>Mendrisio<\/strong> und <strong>Lugano<\/strong>, die <strong>1803<\/strong> offiziell in die <strong>Eidgenossenschaft<\/strong> aufgenommen wurden. Diese Gebiete, die zuvor unter der Kontrolle italienischer Herrschaften und Teil der schweizerischen Vogteien standen, wurden w\u00e4hrend der napoleonischen Zeit unter dem Einfluss der <strong>Helvetischen Republik (1798\u20131803)<\/strong> erworben.<\/span><\/p>\n<p dir=\"ltr\"><span class=\"font-377884\">Die Annexion erfolgte friedlich durch <strong>Verhandlungen<\/strong> und <strong>diplomatische Vereinbarungen<\/strong>, ohne bewaffnete Konflikte. Im Jahr <strong>1803<\/strong> reorganisierten der <strong>Wiener Kongress<\/strong> und der von Napoleon initiierte <strong>Mediationsakt<\/strong> die <strong>Schweizer Eidgenossenschaft<\/strong>, wobei der <strong>Tessin<\/strong> als vollwertiger Kanton anerkannt wurde. Die mehrheitlich <strong>italienischsprachige<\/strong> Bev\u00f6lkerung des Tessins entschied sich, der Schweiz beizutreten, um <strong>Stabilit\u00e4t<\/strong> und <strong>Schutz<\/strong> zu gew\u00e4hrleisten, w\u00e4hrend sie ihre <strong>kulturelle und sprachliche Identit\u00e4t<\/strong> bewahrte. Dieser Prozess spiegelt das schweizerische Prinzip von <strong>Kooperation<\/strong> und <strong>Konsens<\/strong> wider, das die Integration kulturell unterschiedlicher Regionen ohne Kriege oder Zwang erm\u00f6glichte.<\/span><\/p>\n<p dir=\"ltr\"><span class=\"font-377884\"><strong><a href=\"https:\/\/swissfederalism.ch\/de\/autofreie-laender\/\">Zwischen Natur und Stille die autofreien D\u00f6rfer zu entdecken<\/a><\/strong><\/span><\/p>\n<h2 dir=\"ltr\" data-pm-slice=\"1 1 []\"><span class=\"font-377884\">Vergleich mit anderen europ\u00e4ischen L\u00e4ndern<\/span><\/h2>\n<p dir=\"ltr\"><span class=\"font-377884\">Die <strong>politische Kontinuit\u00e4t<\/strong> der Schweiz, die im Jahr <strong>1291<\/strong> begann, ist im europ\u00e4ischen Kontext einzigartig, da viele L\u00e4nder Revolutionen, B\u00fcrgerkriege oder Regimewechsel erlebten. Ein Vergleich mit anderen europ\u00e4ischen Staaten verdeutlicht die Besonderheit des <strong>schweizerischen Modells<\/strong>:<\/span><\/p>\n<ul dir=\"ltr\">\n<li>\n<p dir=\"ltr\"><span class=\"font-377884\"><strong>San Marino (301 n. Chr.)<\/strong>: Es ist der \u00e4lteste souver\u00e4ne Staat Europas, doch als Mikrostaat mit kleiner Bev\u00f6lkerung und begrenztem Territorium ist er weniger komplex als die Schweiz, die eine <strong>multilinguale<\/strong> und <strong>multikulturelle<\/strong> Gesellschaft (<strong>Deutsch<\/strong>, <strong>Franz\u00f6sisch<\/strong>, <strong>Italienisch<\/strong>, <strong>R\u00e4toromanisch<\/strong>) innerhalb eines <strong>f\u00f6deralen Systems<\/strong> verwaltet.<\/span><\/p>\n<\/li>\n<li>\n<p dir=\"ltr\"><span class=\"font-377884\"><strong>Frankreich (ab 486 n. Chr.)<\/strong>: Frankreich verf\u00fcgt \u00fcber eine lange staatliche Geschichte, erlebte jedoch tiefgreifende Unterbrechungen wie die <strong>Franz\u00f6sische Revolution von 1789<\/strong> und zahlreiche Regimewechsel (Monarchien, Republiken, Kaiserreiche). Die Schweiz hingegen bewahrte eine <strong>ununterbrochene politische Stabilit\u00e4t<\/strong> dank ihres <strong>F\u00f6deralismus<\/strong> und ihrer <strong>Neutralit\u00e4t<\/strong>.<\/span><\/p>\n<\/li>\n<li>\n<p dir=\"ltr\"><span class=\"font-377884\"><strong>Vereinigtes K\u00f6nigreich (ab 927 n. Chr.)<\/strong>: Die britische Monarchie geh\u00f6rt zu den langlebigsten, doch Ereignisse wie der <strong>Englische B\u00fcrgerkrieg (1642\u20131651)<\/strong> und die Hinrichtung von <strong>Karl I.<\/strong> markieren Br\u00fcche. Die Schweiz zeichnet sich durch das Fehlen vergleichbarer interner Konflikte und ihr <strong>demokratisches konf\u00f6derales Modell<\/strong> aus.<\/span><\/p>\n<\/li>\n<li>\n<p dir=\"ltr\"><span class=\"font-377884\"><strong>Portugal (1143)<\/strong>: Mit einigen der stabilsten Grenzen Europas erlebte Portugal politische Unterbrechungen, wie die <strong>Revolution von 1910<\/strong>, die die Monarchie beendete. Die Schweiz hingegen vermied Revolutionen dank ihrer <strong>direkten Demokratie<\/strong> und ihrem <strong>partizipativen F\u00f6deralismus<\/strong>.<\/span><\/p>\n<\/li>\n<li>\n<p dir=\"ltr\"><span class=\"font-377884\"><strong>D\u00e4nemark (10. Jahrhundert)<\/strong>: Die d\u00e4nische Monarchie ist eine der \u00e4ltesten, doch die Schweiz unterscheidet sich durch ihr <strong>konf\u00f6derales System<\/strong>, das lokale Autonomien ohne zentrale monarchische Autorit\u00e4t integriert und Stabilit\u00e4t durch <strong>Volkskonsens<\/strong> gew\u00e4hrleistet.<\/span><\/p>\n<\/li>\n<li>\n<p dir=\"ltr\"><span class=\"font-377884\"><strong>\u00d6sterreich<\/strong>: \u00d6sterreich erlebte die Aufl\u00f6sung des <strong>Habsburgerreichs 1918<\/strong> und den <strong>Anschluss 1938<\/strong>, Ereignisse, die seine politische Kontinuit\u00e4t unterbrachen. Die Schweiz bewahrte dank <strong>Neutralit\u00e4t<\/strong> und <strong>F\u00f6deralismus<\/strong> ihre <strong>Unabh\u00e4ngigkeit<\/strong> und <strong>Stabilit\u00e4t<\/strong> auch w\u00e4hrend europ\u00e4ischer Krisen.<\/span><\/p>\n<\/li>\n<\/ul>\n<h2 dir=\"ltr\"><span class=\"font-377884\">Nationalhymne<\/span><\/h2>\n<p dir=\"ltr\"><span class=\"font-377884\">Die <strong>Schweizerpsalm<\/strong>, seit <strong>1981<\/strong> die <strong>Nationalhymne<\/strong>, ist ein zentraler Bestandteil des Festes. Komponiert im Jahr <strong>1841<\/strong> von <strong>Alberich Zwyssig<\/strong> mit Texten von <strong>Leonhard Widmer<\/strong>, feiert sie die <strong>Natur<\/strong>, <strong>Freiheit<\/strong> und den <strong>Glauben<\/strong> der Schweiz. In allen vier offiziellen Sprachen (<strong>Deutsch<\/strong>, <strong>Franz\u00f6sisch<\/strong>, <strong>Italienisch<\/strong>, <strong>R\u00e4toromanisch<\/strong>) gesungen, eint sie das Land bei offiziellen und lokalen Zeremonien. Sie ersetzte <em>Rufst du, mein Vaterland<\/em>, das zu \u00e4hnlich wie <em>God Save the Queen<\/em> war, durch eine authentische Melodie, die <strong>Berge<\/strong> und <strong>Seen<\/strong> heraufbeschw\u00f6rt.<\/span><\/p>\n<p>&nbsp;<\/p>\n<figure id=\"attachment_160143\" aria-describedby=\"caption-attachment-160143\" style=\"width: 840px\" class=\"wp-caption aligncenter\"><img decoding=\"async\" class=\"wp-image-160143 size-large\" src=\"https:\/\/swissfederalism.ch\/wp-content\/uploads\/2022\/07\/inno-nazionale-1024x724.jpg\" alt=\"Inno nazionale svizzero nelle quattro lingue ufficiali\" width=\"840\" height=\"594\" srcset=\"https:\/\/swissfederalism.ch\/wp-content\/uploads\/2022\/07\/inno-nazionale-1024x724.jpg 1024w, https:\/\/swissfederalism.ch\/wp-content\/uploads\/2022\/07\/inno-nazionale-300x212.jpg 300w, https:\/\/swissfederalism.ch\/wp-content\/uploads\/2022\/07\/inno-nazionale-768x543.jpg 768w, https:\/\/swissfederalism.ch\/wp-content\/uploads\/2022\/07\/inno-nazionale-1536x1086.jpg 1536w, https:\/\/swissfederalism.ch\/wp-content\/uploads\/2022\/07\/inno-nazionale.jpg 1755w\" sizes=\"(max-width: 840px) 100vw, 840px\" \/><figcaption id=\"caption-attachment-160143\" class=\"wp-caption-text\"><\/span> <span class=\"font-377884\">The swiss national anthem, in the four official languages<\/span><\/figcaption><\/figure>\n<h2 dir=\"ltr\" data-pm-slice=\"1 3 []\"><span class=\"font-377884\">Wilhelm Tell<\/span><\/h2>\n<p dir=\"ltr\"><span class=\"font-377884\"><strong>Wilhelm Tell<\/strong> ist eine legend\u00e4re Figur und Symbol der <strong>schweizerischen Freiheit<\/strong>, die am <strong>1. August<\/strong> gefeiert wird. Der \u00dcberlieferung zufolge war Tell ein Armbrustsch\u00fctze aus dem <strong>Kanton Uri<\/strong>, der sich im <strong>13. Jahrhundert<\/strong> gegen die <strong>Habsburger Herrschaft<\/strong> auflehnte. Die bekannteste Geschichte erz\u00e4hlt, wie er vom habsburgischen Statthalter <strong>Gessler<\/strong> gezwungen wurde, mit einer Armbrust einen Apfel vom Kopf seines Sohnes zu schie\u00dfen, was ihm mit au\u00dfergew\u00f6hnlicher Pr\u00e4zision gelang. Sp\u00e4ter t\u00f6tete Tell <strong>Gessler<\/strong>, was eine Revolte ausl\u00f6ste, die zur Befreiung der schweizerischen Kantone beitrug. Obwohl seine historische Existenz umstritten ist, verk\u00f6rpert Tell <strong>Mut<\/strong> und <strong>Widerstand gegen Unterdr\u00fcckung<\/strong>, zentrale Werte der <strong>schweizerischen Identit\u00e4t<\/strong>. W\u00e4hrend des <strong>Nationalfeiertags<\/strong> werden in vielen Orten Theaterauff\u00fchrungen seiner Geschichte inszeniert, und <strong>Armbrustschie\u00dfwettbewerbe<\/strong> ehren seine Legende.<\/span><\/p>\n<h2 dir=\"ltr\"><span class=\"font-377884\">Arten der feierlichkeiten<\/span><\/h2>\n<p dir=\"ltr\"><span class=\"font-377884\">Die Feierlichkeiten am <strong>1. August<\/strong> variieren je nach Region, verbinden jedoch gemeinsame Elemente, die die <strong>schweizerische Identit\u00e4t<\/strong> widerspiegeln. Hier sind die wichtigsten Arten der Feiern:<\/span><\/p>\n<h3 dir=\"ltr\"><span class=\"font-377884\">Lagerfeuer und Feuerwerke<\/span><\/h3>\n<ul class=\"tight\" dir=\"ltr\" data-tight=\"true\">\n<li>\n<p dir=\"ltr\"><span class=\"font-377884\"><strong>Lagerfeuer<\/strong> sind eine zentrale Tradition und symbolisieren <strong>Einheit<\/strong> und <strong>Freiheit<\/strong>. Gro\u00dfe Feuer werden auf H\u00fcgeln oder an malerischen Orten entz\u00fcndet, oft begleitet von spektakul\u00e4ren <strong>Feuerwerken<\/strong>.<\/span><\/p>\n<\/li>\n<li>\n<p dir=\"ltr\"><span class=\"font-377884\">In vielen Orten geht dem Lagerfeuer eine <strong>\u00f6ffentliche Rede<\/strong> voraus, die die <strong>schweizerische Geschichte<\/strong> und <strong>nationale Werte<\/strong> feiert, oft mit der Auff\u00fchrung des <strong>Schweizerpsalms<\/strong>.<\/span><\/p>\n<\/li>\n<li>\n<p dir=\"ltr\"><span class=\"font-377884\"><strong>Feuerwerke<\/strong>, organisiert von Gemeinden oder Vereinen, erhellen den Nachthimmel, besonders in gr\u00f6\u00dferen St\u00e4dten.<\/span><\/p>\n<\/li>\n<\/ul>\n<h3 dir=\"ltr\"><span class=\"font-377884\">Offizielle veranstaltungen und reden<\/span><\/h3>\n<ul class=\"tight\" dir=\"ltr\" data-tight=\"true\">\n<li>\n<p dir=\"ltr\"><span class=\"font-377884\">Die Gemeinden organisieren <strong>offizielle Zeremonien<\/strong>, oft mit Reden des B\u00fcrgermeisters oder lokaler Beh\u00f6rden, begleitet vom <strong>Schweizerpsalm<\/strong>. Auf nationaler Ebene h\u00e4lt der <strong>Bundespr\u00e4sident<\/strong> eine landesweit \u00fcbertragene Rede, oft auf der <strong>R\u00fctliwiese<\/strong>, gefolgt von der <strong>Nationalhymne<\/strong>.<\/span><\/p>\n<\/li>\n<li>\n<p dir=\"ltr\"><span class=\"font-377884\">Diese Veranstaltungen betonen die Themen <strong>Einheit<\/strong>, <strong>Demokratie<\/strong> und <strong>Frieden<\/strong>.<\/span><\/p>\n<\/li>\n<\/ul>\n<h3 dir=\"ltr\"><span class=\"font-377884\">Volksfeste und lokale Traditionen<\/span><\/h3>\n<ul class=\"tight\" dir=\"ltr\" data-tight=\"true\">\n<li>\n<p dir=\"ltr\"><span class=\"font-377884\"><strong>Umz\u00fcge<\/strong>: In vielen St\u00e4dten und D\u00f6rfern finden Umz\u00fcge mit <strong>schweizerischen Flaggen<\/strong>, Musikgruppen und traditionellen Kost\u00fcmen statt, oft begleitet vom Gesang des <strong>Schweizerpsalms<\/strong>.<\/span><\/p>\n<\/li>\n<li>\n<p dir=\"ltr\"><span class=\"font-377884\"><strong>Musik und T\u00e4nze<\/strong>: Lokale Blaskapellen, Ch\u00f6re und Jodelgruppen f\u00fchren traditionelle <strong>schweizerische Musik<\/strong> auf, wobei der <strong>Schweizerpsalm<\/strong> oft im Programm enthalten ist.<\/span><\/p>\n<\/li>\n<li>\n<p dir=\"ltr\"><span class=\"font-377884\"><strong>Essen und M\u00e4rkte<\/strong>: Die Feste umfassen gastronomische St\u00e4nde mit Spezialit\u00e4ten wie <strong>Raclette<\/strong>, <strong>Fondue<\/strong>, gegrillten W\u00fcrsten (z. B. <strong>Cervelat<\/strong>), <strong>R\u00f6sti<\/strong> und typischen S\u00fc\u00dfspeisen wie der <strong>Zuger Kirschtorte<\/strong>.<\/span><\/p>\n<\/li>\n<li>\n<p dir=\"ltr\"><span class=\"font-377884\"><strong>Laternen und Flaggen<\/strong>: Kinder nehmen mit Laternen, die mit dem <strong>schweizerischen Kreuz<\/strong> verziert sind, teil, und H\u00e4user werden mit <strong>nationalen<\/strong> und <strong>kantonalen Flaggen<\/strong> geschm\u00fcckt.<\/span><\/p>\n<\/li>\n<\/ul>\n<h3 dir=\"ltr\"><span class=\"font-377884\">Aktivit\u00e4ten f\u00fcr Familien<\/span><\/h3>\n<ul class=\"tight\" dir=\"ltr\" data-tight=\"true\">\n<li>\n<p dir=\"ltr\"><span class=\"font-377884\"><strong>Spiele<\/strong>, Workshops f\u00fcr Kinder und Freizeitaktivit\u00e4ten sind in Parks und auf Pl\u00e4tzen \u00fcblich.<\/span><\/p>\n<\/li>\n<li>\n<p dir=\"ltr\"><span class=\"font-377884\">In einigen Orten werden <strong>Armbrustschie\u00dfwettbewerbe<\/strong> oder sportliche Veranstaltungen organisiert, um die Legende von <strong>Wilhelm Tell<\/strong>, dem Symbol der <strong>schweizerischen Freiheit<\/strong>, zu ehren.<\/span><\/p>\n<\/li>\n<\/ul>\n<p>&nbsp;<\/p>\n<figure id=\"attachment_235688\" aria-describedby=\"caption-attachment-235688\" style=\"width: 840px\" class=\"wp-caption aligncenter\"><img decoding=\"async\" class=\"wp-image-235688 size-large\" src=\"https:\/\/swissfederalism.ch\/wp-content\/uploads\/2025\/07\/Rheinfallfeuerwerk-Image-by-Chris-Sche-Bo-2-1024x768.jpg\" alt=\"Rheinfallfeuerwerk Image by Chris Sche-Bo\" width=\"840\" height=\"630\" srcset=\"https:\/\/swissfederalism.ch\/wp-content\/uploads\/2025\/07\/Rheinfallfeuerwerk-Image-by-Chris-Sche-Bo-2-1024x768.jpg 1024w, https:\/\/swissfederalism.ch\/wp-content\/uploads\/2025\/07\/Rheinfallfeuerwerk-Image-by-Chris-Sche-Bo-2-300x225.jpg 300w, https:\/\/swissfederalism.ch\/wp-content\/uploads\/2025\/07\/Rheinfallfeuerwerk-Image-by-Chris-Sche-Bo-2-768x576.jpg 768w, https:\/\/swissfederalism.ch\/wp-content\/uploads\/2025\/07\/Rheinfallfeuerwerk-Image-by-Chris-Sche-Bo-2-1536x1152.jpg 1536w, https:\/\/swissfederalism.ch\/wp-content\/uploads\/2025\/07\/Rheinfallfeuerwerk-Image-by-Chris-Sche-Bo-2-350x262.jpg 350w, https:\/\/swissfederalism.ch\/wp-content\/uploads\/2025\/07\/Rheinfallfeuerwerk-Image-by-Chris-Sche-Bo-2.jpg 1707w\" sizes=\"(max-width: 840px) 100vw, 840px\" \/><figcaption id=\"caption-attachment-235688\" class=\"wp-caption-text\"><span class=\"font-377884\">Rheinfallfeuerwerk Image by Chris Sche-Bo<\/span><\/figcaption><\/figure>\n<h2 dir=\"ltr\" data-pm-slice=\"1 1 []\"><span class=\"font-377884\">Die bekanntesten Feierlichkeiten<\/span><\/h2>\n<p dir=\"ltr\"><span class=\"font-377884\">Einige Schweizer Orte sind f\u00fcr ihre spektakul\u00e4ren Feierlichkeiten bekannt, die sowohl Einheimische als auch Touristen anziehen:<\/span><\/p>\n<h3 dir=\"ltr\"><span class=\"font-377884\">R\u00fctliwiese (Kanton Uri)<\/span><\/h3>\n<ul class=\"tight\" dir=\"ltr\" data-tight=\"true\">\n<li>\n<p dir=\"ltr\"><span class=\"font-377884\">Der symbolische Ort der <strong>Eidgenossenschaft<\/strong> ist Schauplatz einer offiziellen Zeremonie mit der Rede des <strong>Bundespr\u00e4sidenten<\/strong>, die landesweit live \u00fcbertragen wird, und der Auff\u00fchrung des <strong>Schweizerpsalms<\/strong>.<\/span><\/p>\n<\/li>\n<li>\n<p dir=\"ltr\"><span class=\"font-377884\">Die Aussicht auf den <strong>Vierwaldst\u00e4ttersee<\/strong> und die <strong>Lagerfeuer<\/strong> auf den umliegenden H\u00fcgeln schaffen eine eindrucksvolle Atmosph\u00e4re.<\/span><\/p>\n<\/li>\n<li>\n<p dir=\"ltr\"><span class=\"font-377884\">Der Zugang ist begrenzt, aber die Veranstaltung kann \u00fcber <strong>Fernsehen<\/strong> oder <strong>Radio<\/strong> verfolgt werden.<\/span><\/p>\n<\/li>\n<\/ul>\n<h3 dir=\"ltr\"><span class=\"font-377884\">Rheinfall (Schaffhausen)<\/span><\/h3>\n<ul class=\"tight\" dir=\"ltr\" data-tight=\"true\">\n<li>\n<p dir=\"ltr\"><span class=\"font-377884\">Die gr\u00f6\u00dften Wasserf\u00e4lle Europas bieten die Kulisse f\u00fcr eines der beeindruckendsten <strong>Feuerwerke<\/strong> der Schweiz.<\/span><\/p>\n<\/li>\n<li>\n<p dir=\"ltr\"><span class=\"font-377884\">Tausende Besucher versammeln sich, um die beleuchteten Wasserf\u00e4lle und die mit Musik synchronisierten <strong>Feuerwerke<\/strong> zu bewundern, oft begleitet vom <strong>Schweizerpsalm<\/strong>.<\/span><\/p>\n<\/li>\n<\/ul>\n<h3 dir=\"ltr\"><span class=\"font-377884\">Z\u00fcrich<\/span><\/h3>\n<ul class=\"tight\" dir=\"ltr\" data-tight=\"true\">\n<li>\n<p dir=\"ltr\"><span class=\"font-377884\">Die Stadt organisiert Veranstaltungen entlang des <strong>Z\u00fcrichsees<\/strong> mit <strong>Feuerwerken<\/strong>, <strong>Konzerten<\/strong> und <strong>gastronomischen St\u00e4nden<\/strong>. Der <strong>Schweizerpsalm<\/strong> wird w\u00e4hrend der offiziellen Zeremonien aufgef\u00fchrt.<\/span><\/p>\n<\/li>\n<li>\n<p dir=\"ltr\"><span class=\"font-377884\">Der <strong>Sechsel\u00e4utenplatz<\/strong> und die Uferpromenade sind die zentralen Orte der Feierlichkeiten, die bis sp\u00e4t in die Nacht andauern.<\/span><\/p>\n<\/li>\n<\/ul>\n<h3 dir=\"ltr\"><span class=\"font-377884\">Bern<\/span><\/h3>\n<ul class=\"tight\" dir=\"ltr\" data-tight=\"true\">\n<li>\n<p dir=\"ltr\"><span class=\"font-377884\">Die Hauptstadt veranstaltet offizielle Feierlichkeiten vor dem <strong>Bundeshaus<\/strong> mit Reden, Musik (einschlie\u00dflich des <strong>Schweizerpsalms<\/strong>) und <strong>Lagerfeuern<\/strong>.<\/span><\/p>\n<\/li>\n<li>\n<p dir=\"ltr\"><span class=\"font-377884\">Die <strong>Feuerwerke<\/strong> auf dem <strong>Gurten<\/strong>, dem Aussichtsberg Berns, sind ein unvergessliches Highlight.<\/span><\/p>\n<\/li>\n<\/ul>\n<h3 dir=\"ltr\"><span class=\"font-377884\">Lugano (Tessin)<\/span><\/h3>\n<ul class=\"tight\" dir=\"ltr\" data-tight=\"true\">\n<li>\n<p dir=\"ltr\"><span class=\"font-377884\">Im <strong>Kanton Tessin<\/strong> verbinden die Feierlichkeiten die Schweizer Atmosph\u00e4re mit italienischen Einfl\u00fcssen. Am <strong>Lungolago von Lugano<\/strong> finden <strong>Konzerte<\/strong>, <strong>M\u00e4rkte<\/strong> und <strong>Feuerwerke<\/strong> statt, wobei der <strong>Schweizerpsalm<\/strong> auf Italienisch gesungen wird, um die lokale Gemeinschaft widerzuspiegeln.<\/span><\/p>\n<\/li>\n<li>\n<p dir=\"ltr\"><span class=\"font-377884\">Lokale Spezialit\u00e4ten wie <strong>Polenta<\/strong> und <strong>Luganighe<\/strong> bereichern das Erlebnis.<\/span><\/p>\n<\/li>\n<\/ul>\n<h3 dir=\"ltr\"><span class=\"font-377884\">Basel<\/span><\/h3>\n<ul class=\"tight\" dir=\"ltr\" data-tight=\"true\">\n<li>\n<p dir=\"ltr\"><span class=\"font-377884\">Basel feiert mit einer Kombination aus <strong>Lagerfeuern<\/strong>, <strong>Feuerwerken<\/strong> am Rhein und Festen in den Quartieren, wobei der <strong>Schweizerpsalm<\/strong> w\u00e4hrend der Zeremonien gesungen wird.<\/span><\/p>\n<\/li>\n<li>\n<p dir=\"ltr\"><span class=\"font-377884\">Die Stadt bietet auch kulturelle Veranstaltungen wie <strong>Konzerte<\/strong> mit klassischer oder moderner Musik.<\/span><\/p>\n<\/li>\n<\/ul>\n<h2 dir=\"ltr\"><span class=\"font-377884\">Einzigartige Traditionen und Kuriosit\u00e4ten<\/span><\/h2>\n<ul class=\"tight\" dir=\"ltr\" data-tight=\"true\">\n<li>\n<p dir=\"ltr\"><span class=\"font-377884\"><strong>Wilhelm Tell<\/strong>: Bei vielen Feierlichkeiten wird auf die Legende von <strong>Wilhelm Tell<\/strong>, dem Symbol f\u00fcr <strong>Freiheit<\/strong> und <strong>Widerstand<\/strong>, verwiesen. Einige D\u00f6rfer inszenieren Theaterauff\u00fchrungen seiner Geschichte.<\/span><\/p>\n<\/li>\n<li>\n<p dir=\"ltr\"><span class=\"font-377884\"><strong>Glocken und Alph\u00f6rner<\/strong>: In einigen Alpenregionen erklingen <strong>Glocken<\/strong> und <strong>Alph\u00f6rner<\/strong>, die einen charakteristischen Klang in die T\u00e4ler tragen.<\/span><\/p>\n<\/li>\n<li>\n<p dir=\"ltr\"><span class=\"font-377884\"><strong>Mehrsprachigkeit<\/strong>: Reden, Lieder und der <strong>Schweizerpsalm<\/strong> spiegeln die vier offiziellen Sprachen (<strong>Deutsch<\/strong>, <strong>Franz\u00f6sisch<\/strong>, <strong>Italienisch<\/strong>, <strong>R\u00e4toromanisch<\/strong>) wider und feiern die <strong>kulturelle Vielfalt<\/strong> der Schweiz.<\/span><\/p>\n<\/li>\n<li>\n<p dir=\"ltr\"><span class=\"font-377884\"><strong>Nachhaltigkeit<\/strong>: In den letzten Jahren haben einige St\u00e4dte umweltfreundliche <strong>Feuerwerke<\/strong> eingef\u00fchrt, um die Umweltbelastung zu reduzieren.<\/span><\/p>\n<\/li>\n<\/ul>\n<h2 dir=\"ltr\" data-pm-slice=\"1 1 []\"><span class=\"font-377884\">Schlussfolgerung<\/span><\/h2>\n<p dir=\"ltr\"><span class=\"font-377884\">Am <strong>1. August<\/strong> feiern die <strong>Schweizer und Schweizerinnen<\/strong> ihr Vaterland mit einem Fest, das <strong>Einheit<\/strong> und <strong>nationalen Stolz<\/strong> zelebriert. Die au\u00dfergew\u00f6hnliche <strong>politische Stabilit\u00e4t<\/strong>, die mit dem <strong>R\u00fctlischwur 1291<\/strong> begann, ist das Ergebnis von <strong>Neutralit\u00e4t<\/strong>, <strong>Unabh\u00e4ngigkeit<\/strong> und <strong>F\u00f6deralismus<\/strong>, die die Schweiz von Nationen wie <strong>Frankreich<\/strong>, <strong>Vereinigtes K\u00f6nigreich<\/strong>, <strong>Portugal<\/strong> oder <strong>\u00d6sterreich<\/strong> unterscheiden. Die <strong>Neutralit\u00e4t<\/strong> sch\u00fctzte das Land vor \u00e4u\u00dferen Konflikten, die <strong>Unabh\u00e4ngigkeit der Kantone<\/strong> gew\u00e4hrleistete interne Harmonie, und der <strong>F\u00f6deralismus<\/strong> mit <strong>direkter Demokratie<\/strong> machte die B\u00fcrger zu Akteuren der Regierungsf\u00fchrung. Der <strong>Schweizerpsalm<\/strong> und die Legende von <strong>Wilhelm Tell<\/strong> st\u00e4rken die <strong>nationale Identit\u00e4t<\/strong>, w\u00e4hrend <strong>Lagerfeuer<\/strong> und <strong>Feuerwerke<\/strong> die Alpen und St\u00e4dte erleuchten. Ob in <strong>Z\u00fcrich<\/strong>, <strong>Lugano<\/strong> oder einem Alpendorf \u2013 der <strong>1. August<\/strong> ist die perfekte Gelegenheit, in die <strong>schweizerische Kultur<\/strong> einzutauchen!<\/span><\/p>\n<p>&nbsp;<\/p>\n<p dir=\"ltr\"><a href=\"https:\/\/k16trade.ch\/seqex-en\/\"><img decoding=\"async\" class=\"wp-image-230949 size-medium aligncenter\" src=\"https:\/\/swissfederalism.ch\/wp-content\/uploads\/2020\/11\/FullLogo_Transparent_NoBuffer-300x145.png\" alt=\"K16 TRADE &amp; CONSULTING SWITZERLAND\" width=\"300\" height=\"145\" srcset=\"https:\/\/swissfederalism.ch\/wp-content\/uploads\/2020\/11\/FullLogo_Transparent_NoBuffer-300x145.png 300w, https:\/\/swissfederalism.ch\/wp-content\/uploads\/2020\/11\/FullLogo_Transparent_NoBuffer-1024x495.png 1024w, https:\/\/swissfederalism.ch\/wp-content\/uploads\/2020\/11\/FullLogo_Transparent_NoBuffer-768x371.png 768w, https:\/\/swissfederalism.ch\/wp-content\/uploads\/2020\/11\/FullLogo_Transparent_NoBuffer-350x169.png 350w, https:\/\/swissfederalism.ch\/wp-content\/uploads\/2020\/11\/FullLogo_Transparent_NoBuffer.png 1280w\" sizes=\"(max-width: 300px) 100vw, 300px\" \/><\/a><\/p>\n","protected":false},"excerpt":{"rendered":"<p>Am 1. August feiert die Schweiz die Gr\u00fcndung der Eidgenossenschaft von 1291 und verbindet Traditionen, Gemeinschaft und den Schweizerpsalm. Sie geh\u00f6rt zu den stabilsten L\u00e4ndern dank Neutralit\u00e4t und F\u00f6deralismus.<\/p>\n","protected":false},"author":9,"featured_media":235686,"comment_status":"open","ping_status":"closed","sticky":false,"template":"","format":"standard","meta":{"footnotes":""},"categories":[304,309,295,319,1345,211],"tags":[1178,396,2167,1582,1473,2610],"class_list":["post-235702","post","type-post","status-publish","format-standard","has-post-thumbnail","hentry","category-geschichte","category-highlights","category-schweiz","category-veranstaltungen","category-kuriositaeten","category-zeitschrift","tag-demokratie","tag-foederalismus","tag-nationalfeiertag","tag-schweiz","tag-traditionen","tag-unabhaengigkeit"],"_links":{"self":[{"href":"https:\/\/swissfederalism.ch\/de\/wp-json\/wp\/v2\/posts\/235702","targetHints":{"allow":["GET"]}}],"collection":[{"href":"https:\/\/swissfederalism.ch\/de\/wp-json\/wp\/v2\/posts"}],"about":[{"href":"https:\/\/swissfederalism.ch\/de\/wp-json\/wp\/v2\/types\/post"}],"author":[{"embeddable":true,"href":"https:\/\/swissfederalism.ch\/de\/wp-json\/wp\/v2\/users\/9"}],"replies":[{"embeddable":true,"href":"https:\/\/swissfederalism.ch\/de\/wp-json\/wp\/v2\/comments?post=235702"}],"version-history":[{"count":2,"href":"https:\/\/swissfederalism.ch\/de\/wp-json\/wp\/v2\/posts\/235702\/revisions"}],"predecessor-version":[{"id":235704,"href":"https:\/\/swissfederalism.ch\/de\/wp-json\/wp\/v2\/posts\/235702\/revisions\/235704"}],"wp:featuredmedia":[{"embeddable":true,"href":"https:\/\/swissfederalism.ch\/de\/wp-json\/wp\/v2\/media\/235686"}],"wp:attachment":[{"href":"https:\/\/swissfederalism.ch\/de\/wp-json\/wp\/v2\/media?parent=235702"}],"wp:term":[{"taxonomy":"category","embeddable":true,"href":"https:\/\/swissfederalism.ch\/de\/wp-json\/wp\/v2\/categories?post=235702"},{"taxonomy":"post_tag","embeddable":true,"href":"https:\/\/swissfederalism.ch\/de\/wp-json\/wp\/v2\/tags?post=235702"}],"curies":[{"name":"wp","href":"https:\/\/api.w.org\/{rel}","templated":true}]}}