{"id":235096,"date":"2025-04-11T09:29:34","date_gmt":"2025-04-11T09:29:34","guid":{"rendered":"https:\/\/swissfederalism.ch\/easter\/"},"modified":"2025-04-12T17:31:19","modified_gmt":"2025-04-12T17:31:19","slug":"ostern","status":"publish","type":"post","link":"https:\/\/swissfederalism.ch\/de\/ostern\/","title":{"rendered":"Ostern zwischen Spiritualit\u00e4t und Volksbr\u00e4uchen"},"content":{"rendered":"<h1 class=\"\" data-start=\"51\" data-end=\"122\"><span class=\"font-377884\">Ostern zwischen Spiritualit\u00e4t und Volksbr\u00e4uchen<\/span><\/h1>\n<h3 class=\"\" data-start=\"124\" data-end=\"232\"><span class=\"font-377884\"><em>Das christliche Fest, das das Geheimnis der Erl\u00f6sung umarmt und die Hoffnung der Menschheit erneuert<\/em><\/span><\/h3>\n<figure id=\"attachment_235079\" aria-describedby=\"caption-attachment-235079\" style=\"width: 1024px\" class=\"wp-caption aligncenter\"><a href=\"https:\/\/swissfederalism.ch\/wp-content\/uploads\/2025\/04\/BirthCrucifixionand-Resurrection-of-Christ-Image-by-Follower-of-Hans-Memling-Public-domain-via-Wikimedia-Commons.jpg\"><img decoding=\"async\" class=\"size-full wp-image-235079\" src=\"https:\/\/swissfederalism.ch\/wp-content\/uploads\/2025\/04\/BirthCrucifixionand-Resurrection-of-Christ-Image-by-Follower-of-Hans-Memling-Public-domain-via-Wikimedia-Commons.jpg\" alt=\"Birth,Crucifixion,and Resurrection of Christ Image by Follower of Hans Memling, Public domain, via Wikimedia Commons\" width=\"1024\" height=\"624\" srcset=\"https:\/\/swissfederalism.ch\/wp-content\/uploads\/2025\/04\/BirthCrucifixionand-Resurrection-of-Christ-Image-by-Follower-of-Hans-Memling-Public-domain-via-Wikimedia-Commons.jpg 1024w, https:\/\/swissfederalism.ch\/wp-content\/uploads\/2025\/04\/BirthCrucifixionand-Resurrection-of-Christ-Image-by-Follower-of-Hans-Memling-Public-domain-via-Wikimedia-Commons-300x183.jpg 300w, https:\/\/swissfederalism.ch\/wp-content\/uploads\/2025\/04\/BirthCrucifixionand-Resurrection-of-Christ-Image-by-Follower-of-Hans-Memling-Public-domain-via-Wikimedia-Commons-768x468.jpg 768w, https:\/\/swissfederalism.ch\/wp-content\/uploads\/2025\/04\/BirthCrucifixionand-Resurrection-of-Christ-Image-by-Follower-of-Hans-Memling-Public-domain-via-Wikimedia-Commons-350x213.jpg 350w\" sizes=\"(max-width: 1024px) 100vw, 1024px\" \/><\/a><figcaption id=\"caption-attachment-235079\" class=\"wp-caption-text\"><span class=\"font-377884\">Birth, Crucifixion,and Resurrection of Christ Image by Follower of Hans Memling, Public domain, via Wikimedia Commons<\/span><\/figcaption><\/figure>\n<p><span class=\"font-377884\">Die Urspr\u00fcnge des christlichen Osterfestes reichen mehr als 2.000 Jahre zur\u00fcck, aber einige der Symbole der modernen Traditionen stammen von alten heidnischen \u00dcberzeugungen ab.<\/span><\/p>\n<p><span class=\"font-377884\"><strong>Ostern ist der wichtigste religi\u00f6se Feiertag f\u00fcr Christen,<\/strong> da an diesem Tag die Auferstehung Jesu Christi gefeiert wird, ein grundlegendes und zentrales Ereignis im christlichen Glauben. Obwohl alle christlichen Konfessionen die Auferstehung feiern, kann die Art und Weise, wie sie gefeiert wird, variieren.<\/span><\/p>\n<p><span class=\"font-377884\">Ostern, auch Auferstehungssonntag&#8220; genannt, ist das wichtigste Fest des Christentums. Es erinnert an die Auferstehung Jesu von den Toten, die den Evangelien zufolge am dritten Tag nach seiner Kreuzigung auf dem Kalvarienberg um 30 nach Christus stattfand. Dieses Ereignis ist das Herzst\u00fcck des christlichen Glaubens.<\/span><\/p>\n<p><span class=\"font-377884\">Ostern markiert den H\u00f6hepunkt des Leidenswegs Christi, dem eine vierzigt\u00e4gige Fastenzeit vorausgeht, eine Zeit des Gebets, der Bu\u00dfe und des Fastens. Die Woche vor Ostern ist als Karwoche bekannt, in der entscheidende liturgische Momente wie Gr\u00fcndonnerstag (zum Gedenken an das letzte Abendmahl und die Fu\u00dfwaschung) und Karfreitag (zum Gedenken an die Kreuzigung und den Tod Jesu) gefeiert werden. Der Osterzyklus dauert f\u00fcnfzig Tage, bis Pfingsten, das die Ausgie\u00dfung des Heiligen Geistes symbolisiert.<\/span><\/p>\n<h2><span class=\"font-377884\">Ein bewegliches Fest mit tiefer theologischer Bedeutung<\/span><\/h2>\n<p><span class=\"font-377884\">Das Datum von Ostern \u00e4ndert sich jedes Jahr: Es f\u00e4llt auf den Sonntag nach dem ersten Fr\u00fchlingsvollmond, wie auf dem Konzil von Niz\u00e4a im Jahr 325 festgelegt. Dieses Datum basiert auf einem Lunisolarkalender, der dem j\u00fcdischen Kalender \u00e4hnelt, und ist auch die Grundlage f\u00fcr andere liturgische Feste wie die Fastenzeit und Pfingsten.<\/span><\/p>\n<p><span class=\"font-377884\">Aus theologischer Sicht ist Ostern das Herzst\u00fcck des christlichen Geheimnisses: Der Tod und die Auferstehung Christi sind nicht nur ein historisches Ereignis, sondern stellen den endg\u00fcltigen Sieg \u00fcber S\u00fcnde und Tod dar, mit der Verhei\u00dfung eines neuen Lebens f\u00fcr die Menschheit. Jesus ist das \u201ePassahlamm\u201c, das sich f\u00fcr die Erl\u00f6sung der Menschheit opfert und damit die Prophezeiungen des Alten Testaments erf\u00fcllt. Diese Passage wird vom heiligen Paulus in seinem ersten Brief an die Korinther deutlich hervorgehoben:<\/span><\/p>\n<blockquote>\n<h3 style=\"text-align: center;\"><span class=\"font-377884\"><em>\u201eChristus ist f\u00fcr unsere S\u00fcnden gestorben, begraben worden und am dritten Tag auferstanden, wie es in der Schrift steht.\u201c.<\/em><\/span><\/h3>\n<\/blockquote>\n<h2><span class=\"font-377884\">J\u00fcdische Wurzeln und neue christliche Auslegung<\/span><\/h2>\n<p><span class=\"font-377884\">Das christliche Pessachfest entstand in Kontinuit\u00e4t mit dem j\u00fcdischen <strong>Pessachfest<\/strong>, unterscheidet sich aber in seiner Bedeutung grundlegend von diesem: W\u00e4hrend die Juden der Befreiung aus der Sklaverei in \u00c4gypten gedenken, feiern die Christen die Befreiung von der S\u00fcnde durch das Kreuz und die Auferstehung Jesu. Die fr\u00fchen Christen deuteten das Fest messianisch um und sahen in Jesus die Erf\u00fcllung von Prophezeiungen und den Beginn einer \u201e<strong><em>neuen Sch\u00f6pfung<\/em><\/strong>\u201c.<\/span><\/p>\n<h2><span class=\"font-377884\">Die Erz\u00e4hlung der Evangelien<\/span><\/h2>\n<p><span class=\"font-377884\">Die christliche Auferstehung zu Ostern ist das zentrale Ereignis in der Erz\u00e4hlung der Evangelien und der anderen Texte des Neuen Testaments: Am dritten Tag nach seinem Tod am Kreuz steht Jesus auf, l\u00e4sst das Grab leer und erscheint zun\u00e4chst einigen J\u00fcngern, dann auch den Aposteln und anderen J\u00fcngern.<\/span><\/p>\n<p><span class=\"font-377884\">Alle Evangelisten berichten von der Episode des leeren Grabes:<\/span><\/p>\n<ul>\n<li><span class=\"font-377884\"><strong>Matth\u00e4us, 28,1:<\/strong> &#8222;Als der Sabbat vor\u00fcber war, gingen Maria von Magdala und die andere Maria in der Morgend\u00e4mmerung des ersten Tages der Woche hin, um das Grab zu besuchen.<\/span><\/li>\n<li><span class=\"font-377884\"><strong>Markus 16,1:<\/strong> &#8222;Und als der Sabbat vor\u00fcber war, kauften Maria von Magdala, Maria von Jakobus und Salome wohlriechende \u00d6le, um hinzugehen und Jesus einzubalsamieren.<\/span><\/li>\n<li><span class=\"font-377884\"><strong>Lukas, 24:10:<\/strong> &#8222;Es waren Maria aus Magdala, Johanna und Maria aus Jakobus. Die anderen, die zusammen waren, berichteten es auch den Aposteln.&#8216;<\/span><\/li>\n<li><span class=\"font-377884\"><strong>Johannes 20,1<\/strong>: &#8222;Am Tag nach dem Sabbat ging Maria von Magdala fr\u00fchmorgens, als es noch dunkel war, zum Grab und sah, dass der Stein vom Grab weggew\u00e4lzt worden war.<\/span><\/li>\n<\/ul>\n<h2><span class=\"font-377884\">Ostern im katholischen Ritus<\/span><\/h2>\n<p><span class=\"font-377884\">Dem Osterfest geht eine Zeit der geistlichen Vorbereitung voraus, die Fastenzeit, die etwa vierzig Tage dauert und mit dem Aschermittwoch beginnt (au\u00dfer im ambrosianischen Ritus). Diese Zeit ist der Enthaltsamkeit, dem Fasten und der Besinnung gewidmet.<\/span><\/p>\n<p><span class=\"font-377884\">Die Woche vor Ostern wird als Karwoche bezeichnet. Sie beginnt mit dem Palmsonntag, an dem der triumphale Einzug Jesu in Jerusalem gefeiert wird. Bei dieser Gelegenheit werden Palm- oder Olivenzweige an die Gl\u00e4ubigen verteilt.<\/span><\/p>\n<p><span class=\"font-377884\"><strong>Das \u00f6sterliche Triduum<\/strong> umfasst den Abend des Gr\u00fcndonnerstags, den Karfreitag, den Karsamstag und gipfelt in der Osternacht in der Nacht zwischen Samstag und Sonntag.<\/span><\/p>\n<p><span class=\"font-377884\"><strong>Gr\u00fcndonnerstag:<\/strong> Es wird die Chrisam-Messe gefeiert, bei der die heiligen \u00d6le (Chrisam, Katechumenen\u00f6l, Kranken\u00f6l) geweiht werden.<\/span><\/p>\n<p><span class=\"font-377884\"><strong>Karfreitag:<\/strong> Es wird des Todes Jesu gedacht. Es wird keine Messe gefeiert, sondern eine liturgische Handlung in der Passion des Herrn abgehalten.<\/span><\/p>\n<p><span class=\"font-377884\"><strong>Karsamstag<\/strong>: ist ein aliturgischer Tag, ohne Messe, der der Stille und dem Gebet gewidmet ist.<\/span><\/p>\n<p><span class=\"font-377884\"><strong>Osternacht<\/strong>: wird in der Nacht gefeiert und geh\u00f6rt liturgisch zum Auferstehungssonntag.<\/span><\/p>\n<h2><span class=\"font-377884\">Ostern im orthodoxen Ritus<\/span><\/h2>\n<p><span class=\"font-377884\">Das orthodoxe Osterfest, das nach dem <strong>julianischen Kalender<\/strong> gefeiert wird, f\u00e4llt nicht immer mit dem katholischen Osterfest zusammen, das wiederum dem gregorianischen Kalender folgt, obwohl die beiden Feste manchmal auf denselben Tag fallen. Es gilt als das wichtigste Fest in der orthodoxen Tradition und wird am ersten Sonntag nach dem ersten Vollmond der Fr\u00fchjahrstagundnachtgleiche gefeiert. Eine Woche zuvor wird der Einzug von Jesus in Jerusalem gefeiert.<\/span><\/p>\n<p><span class=\"font-377884\">Die <strong>Karwoche<\/strong> ist durch strenges Fasten gekennzeichnet, wobei auf Fleisch, Fisch, Milchprodukte und sogar \u00d6l verzichtet wird; an manchen Tagen wird sogar ganz gefastet. Am <strong>Karmittwoch<\/strong> beginnt die liturgische Vorbereitung mit dem Gedenken an die Passion, und am <strong>Donnerstag<\/strong> wird des letzten Abendmahls und der ersten Eucharistie gedacht sowie der hausgemachten Zubereitung von verzierten Eiern, Paskha und Kulich.<\/span><\/p>\n<p><span class=\"font-377884\">Der <strong>Karfreitag<\/strong> ist ganz der Liturgie gewidmet und gipfelt in der symbolischen \u201eBeerdigung\u201c Christi mit einem Leichentuch in der Mitte der Kirche.<\/span><\/p>\n<p><span class=\"font-377884\">Am <strong>Karsamstag<\/strong>, wenn der Tage im Grab gedacht wird, herrscht eine lebhafte Atmosph\u00e4re mit der Segnung der Speisen und der Vorbereitung des gro\u00dfen Mahls. Um Mitternacht wird die Osternacht mit Prozessionen, Gesang, Glockengel\u00e4ut und dem Beginn der Liturgie gefeiert, die bis zum Morgengrauen dauert.<\/span><\/p>\n<p><span class=\"font-377884\">Am <strong>Ostertag<\/strong>, nach dem Besuch der Gr\u00e4ber der Verstorbenen, versammeln sich die Familien zu einem reichhaltigen Mittagessen mit traditionellen Gerichten und der ber\u00fchmten \u201eEierschlacht\u201c.<\/span><\/p>\n<p><span class=\"font-377884\">W\u00e4hrend der n\u00e4chsten vierzig Tage gr\u00fc\u00dfen sich die Menschen mit den Worten \u201eChristus ist auferstanden\u201c und antworten \u201eEr ist wahrhaftig auferstanden\u201c.<\/span><\/p>\n<p><span class=\"font-377884\">Die orthodoxen Feiern verbinden christliche Elemente mit altem Volksglauben, wie dem Brauch, sich zu Ostern neu zu kleiden oder bei Sonnenaufgang aufzustehen, um den Verlauf des Sommers vorherzusagen. Jeder Tag der Osterzeit hat seine eigene symbolische Bedeutung im Zusammenhang mit der Arbeit, der Verehrung der Toten oder der Vergebung zwischen den Menschen.<\/span><\/p>\n<h2><span class=\"font-377884\">Ostern im protestantischen Ritus<\/span><\/h2>\n<p><span class=\"font-377884\">Die protestantischen Kirchen verwenden den <strong>gregorianischen Kalender<\/strong> und daher stimmen die Daten mit dem katholischen Osterfest \u00fcberein.<\/span><\/p>\n<p><span class=\"font-377884\">Ostern ist in den protestantischen Konfessionen eines der wichtigsten Feste des liturgischen Jahres, das in den verschiedenen Traditionen als das zentrale Ereignis des christlichen Glaubens gefeiert wird: die Auferstehung Jesu Christi.<\/span><\/p>\n<p><span class=\"font-377884\">Obwohl es keine einheitliche Liturgie gibt, legen viele protestantische Kirchen, z. B. lutherische, reformierte, anglikanische und evangelische, den Schwerpunkt auf die Verk\u00fcndigung des Wortes und die geistliche Bedeutung von Ostern und weniger auf Rituale.<\/span><\/p>\n<p><span class=\"font-377884\">Die Karwoche wird vor allem in lutherischen und anglikanischen Kirchen besonders intensiv erlebt, wo Feiern wie Gr\u00fcndonnerstag, Karfreitag und die Osternacht beibehalten werden, w\u00e4hrend in anderen evangelischen Gemeinschaften der Schwerpunkt auf dem Auferstehungssonntag mit festlichen Gottesdiensten, Liedern, Gebeten und engagierten Bibellesungen liegt.<\/span><\/p>\n<p><span class=\"font-377884\">Die Fastenzeit wird nicht zwingend eingehalten, aber einige Gruppen entscheiden sich f\u00fcr Fasten oder Momente der pers\u00f6nlichen geistlichen Besinnung.<\/span><\/p>\n<p><span class=\"font-377884\">In vielen protestantischen Kirchen ist Ostern auch ein Anlass f\u00fcr Taufen und die Aufnahme neuer Mitglieder, die das neue Leben in Christus symbolisieren.<\/span><\/p>\n<figure id=\"attachment_235083\" aria-describedby=\"caption-attachment-235083\" style=\"width: 840px\" class=\"wp-caption aligncenter\"><a href=\"https:\/\/swissfederalism.ch\/wp-content\/uploads\/2025\/04\/Easter-eggs-colored-Image-by-ivabalk-from-Pixabay-1024x578.jpg\"><img decoding=\"async\" class=\"size-large wp-image-235083\" src=\"https:\/\/swissfederalism.ch\/wp-content\/uploads\/2025\/04\/Easter-eggs-colored-Image-by-ivabalk-from-Pixabay-1024x578.jpg\" alt=\"Easter eggs colored Image by ivabalk from Pixabay\" width=\"840\" height=\"474\" srcset=\"https:\/\/swissfederalism.ch\/wp-content\/uploads\/2025\/04\/Easter-eggs-colored-Image-by-ivabalk-from-Pixabay-1024x578.jpg 1024w, https:\/\/swissfederalism.ch\/wp-content\/uploads\/2025\/04\/Easter-eggs-colored-Image-by-ivabalk-from-Pixabay-300x169.jpg 300w, https:\/\/swissfederalism.ch\/wp-content\/uploads\/2025\/04\/Easter-eggs-colored-Image-by-ivabalk-from-Pixabay-768x434.jpg 768w, https:\/\/swissfederalism.ch\/wp-content\/uploads\/2025\/04\/Easter-eggs-colored-Image-by-ivabalk-from-Pixabay-1536x867.jpg 1536w, https:\/\/swissfederalism.ch\/wp-content\/uploads\/2025\/04\/Easter-eggs-colored-Image-by-ivabalk-from-Pixabay-350x198.jpg 350w, https:\/\/swissfederalism.ch\/wp-content\/uploads\/2025\/04\/Easter-eggs-colored-Image-by-ivabalk-from-Pixabay.jpg 1920w\" sizes=\"(max-width: 840px) 100vw, 840px\" \/><\/a><figcaption id=\"caption-attachment-235083\" class=\"wp-caption-text\"><span class=\"font-377884\">Easter eggs colored Image by ivabalk from Pixabay<\/span><\/figcaption><\/figure>\n<h2><span class=\"font-377884\">Ostertraditionen<\/span><\/h2>\n<p><span class=\"font-377884\">Die beliebtesten Symbole des Osterfestes sind <strong>Eier<\/strong> (heute haupts\u00e4chlich Schokoladeneier) und <strong>Hasen<\/strong>. Die Tradition, Eier zu verzieren, hat uralte Urspr\u00fcnge: W\u00e4hrend der Fastenzeit war es n\u00e4mlich verboten, Eier zu essen, und zu Ostern hatte man eine gro\u00dfe Menge an Eiern, die nicht mehr gegessen werden konnten. Um sie zu konservieren, wurden sie gekocht und dann verziert.<\/span><\/p>\n<p><span class=\"font-377884\">Das Ei ist ein starkes Symbol: Aus ihm wird das Leben geboren, es steht f\u00fcr die Auferstehung Christi, der wiedergeboren wurde. Der Hase hingegen ist ein Symbol f\u00fcr den Fr\u00fchling, die Wiedergeburt und die Fruchtbarkeit.<\/span><\/p>\n<p><span class=\"font-377884\">Am Tag nach Ostern, dem \u201eEngelsmontag\u201c, der auch als \u201e<strong><em>Ostermontag<\/em><\/strong>\u201c bekannt ist, wird der Ank\u00fcndigung der Auferstehung durch den Engel gedacht.<\/span><\/p>\n<p><span class=\"font-377884\">Die Ostertraditionen unterscheiden sich von Land zu Land erheblich und spiegeln die verschiedenen Kulturen und christlichen Br\u00e4uche wider, die jedes Land pr\u00e4gen. Hier finden Sie einen \u00dcberblick \u00fcber die Traditionen in einigen europ\u00e4ischen L\u00e4ndern:<\/span><\/p>\n<p><span class=\"font-377884\"><strong>Deutschland<\/strong>: In Deutschland wird Ostern mit einer starken Verbindung zu Familientraditionen und Folklore gefeiert. Die Woche vor Ostern wird \u201eKarwoche\u201c genannt, und der Karfreitag ist ein Tag der Besinnung und Stille. Einer der bekanntesten Br\u00e4uche ist der Osterbaum, an den die Menschen bunte Eier, Blumen und andere Dekorationen h\u00e4ngen. In der K\u00fcche werden traditionelle Gerichte wie Lammbraten und Osterbrot zubereitet. Kinder haben Spa\u00df beim Eiersuchen, eine Tradition, die sich auch in anderen L\u00e4ndern verbreitet hat.<\/span><\/p>\n<p><span class=\"font-377884\"><strong>Italien<\/strong>: In Italien ist Ostern ein Fest, das Religion und Gastronomie verbindet. Das ber\u00fchmteste Symbol ist die \u201eColomba di Pasqua\u201c, ein traditioneller Kuchen, der den Frieden symbolisiert. Jede Region hat ihre eigenen typischen Gerichte, wie z. B. Lammbraten und die neapolitanische \u201ePastiera\u201c. In einigen St\u00e4dten, wie z. B. Florenz, wird der \u201eScoppio del Carro\u201c gefeiert, ein Ereignis, bei dem Feuerwerksk\u00f6rper gez\u00fcndet werden, um eine gute Ernte zu w\u00fcnschen. Am Palmsonntag nehmen die Gl\u00e4ubigen an der Segnung von Olivenzweigen teil.<\/span><\/p>\n<p><span class=\"font-377884\"><strong>Frankreich<\/strong>: In Frankreich gibt es nach Ostern zahlreiche lokale Traditionen. Die Kirchenglocken h\u00f6ren von Palmsonntag bis Ostern auf zu l\u00e4uten, um die Trauer um den Tod Jesu zu symbolisieren, und l\u00e4uten dann wieder mit gro\u00dfer Freude in der Osternacht. Eine beliebte Tradition ist die \u201eChasse aux \u0152ufs\u201c (Eiersuche), die in \u00f6ffentlichen G\u00e4rten und Parks stattfindet. In einigen Regionen, z. B. in der Provence, werden typische S\u00fc\u00dfigkeiten wie der \u201ag\u00e2teau de P\u00e2ques\u2018 (Osterkuchen) zubereitet.<\/span><\/p>\n<p><span class=\"font-377884\"><strong>Norwegen<\/strong>: In Norwegen wird Ostern als ein Feiertag der famili\u00e4ren Entspannung erlebt. Eine kuriose Tradition ist das \u201ep\u00e5skekrim\u201c (Osterr\u00e4tsel), bei dem in der Osterzeit R\u00e4tselb\u00fccher gelesen oder R\u00e4tselfilme angesehen werden. Zur Osterk\u00fcche geh\u00f6ren Gerichte wie \u201elammegryte\u201c (Lammeintopf) und \u201ep\u00e5skekake\u201c (Osterkuchen). Au\u00dferdem nutzen viele Norweger die Osterzeit, um im Schnee zu wandern oder Zeit in Bergh\u00fctten zu verbringen.<\/span><\/p>\n<p><span class=\"font-377884\"><strong>Spanien<\/strong>: In Spanien ist Ostern einer der wichtigsten Feiertage. In der \u201eSemana Santa\u201c (Karwoche) finden zahlreiche religi\u00f6se Prozessionen statt, vor allem in Andalusien. Die \u201ecofrad\u00edas\u201c (religi\u00f6se Bruderschaften) tragen heilige Statuen durch die Stra\u00dfen, begleitet von liturgischen Ges\u00e4ngen und Musik. In einigen Regionen, z. B. in Katalonien, werden typische S\u00fc\u00dfigkeiten wie die \u201emonas de Pascua\u201c zubereitet, die oft ein hart gekochtes Ei in der Mitte enthalten.<\/span><\/p>\n<p><span class=\"font-377884\"><strong>Portugal<\/strong>: In Portugal ist Ostern ein wichtiges religi\u00f6ses Fest. Die \u201eSemana Santa\u201c wird mit Prozessionen durch gro\u00dfe St\u00e4dte wie Braga und Porto gefeiert. Am \u201eS\u00e1bado de Aleluia\u201c (Ostersamstag) wird mit Gesang und Tanz auf die Auferstehung vorbereitet. In der K\u00fcche werden Gerichte wie \u201ecabrito assado\u201c (Lammbraten) und \u201efolar\u201c, Osters\u00fc\u00dfigkeiten mit hartgekochten Eiern, zubereitet, die oft zwischen Familien ausgetauscht werden.<\/span><\/p>\n<p><span class=\"font-377884\"><strong>D\u00e4nemark<\/strong>: In D\u00e4nemark wird Ostern mit gro\u00dfen Familienfesten und der Tradition des Versteckens von gef\u00e4rbten Eiern in G\u00e4rten gefeiert. Dar\u00fcber hinaus bereiten die D\u00e4nen das \u201ep\u00e5skebord\u201c zu, ein Buffet mit Eierspeisen, Fisch und ger\u00e4uchertem Fleisch, das die reiche kulinarische Tradition des Landes widerspiegelt.<\/span><\/p>\n<p><span class=\"font-377884\"><strong>Vereinigtes K\u00f6nigreich:<\/strong> In Gro\u00dfbritannien ist Ostern auch eine Gelegenheit, typische S\u00fc\u00dfigkeiten wie den \u201eSimnel Cake\u201c zu genie\u00dfen, einen mit elf Marzipankugeln verzierten Obstkuchen, der die zw\u00f6lf Apostel (au\u00dfer Judas) symbolisiert. Besonders beliebt ist die Tradition des \u201eEierrollens\u201c, vor allem in Lichfield, wo Kinder an Wettbewerben teilnehmen, um zu sehen, wer seine Eier am weitesten rollen kann, ohne sie zu zerbrechen.<\/span><\/p>\n<p><span class=\"font-377884\"><strong>Irland<\/strong>: In Irland wird Ostern mit religi\u00f6sen Feiern und traditionellen Picknicks im Freien gefeiert. Der \u201eOstermontag\u201c, in manchen Gegenden auch als \u201eSt. George&#8217;s Day\u201c bekannt, ist ein Tag, der der Entspannung der Familie gewidmet ist und oft im Freien mit Aktivit\u00e4ten wie Spazierg\u00e4ngen in Parks verbracht wird.<\/span><\/p>\n<p><span class=\"font-377884\"><strong>Die Schweiz<\/strong>: In der Schweiz stehen gef\u00e4rbte Eier im Mittelpunkt, die h\u00e4ufig im Familien- und Freundeskreis ausgetauscht werden. Die Kirchenglocken schweigen von Gr\u00fcndonnerstag bis Karsamstag, um die Trauer zu symbolisieren, und l\u00e4uten dann festlich in der Osternacht, um die Auferstehung Christi zu feiern.<\/span><\/p>\n<h2><span class=\"font-377884\">Traditionen in den orthodoxen L\u00e4ndern<\/span><\/h2>\n<p><span class=\"font-377884\">Zu den charakteristischsten Br\u00e4uchen des orthodoxen Osterfestes geh\u00f6rt die Tradition, Eier als wahre Kunstwerke zu verzieren. Jedes Land folgt dabei seinen eigenen Br\u00e4uchen: In <strong>Griechenland<\/strong> werden hartgekochte Eier rot gef\u00e4rbt, um das Blut Christi zu symbolisieren, w\u00e4hrend in der <strong>Ukraine<\/strong> Pysanky hergestellt werden, Eier, die mit der Batiktechnik verziert werden, einer raffinierten Methode, bei der mit Wachs komplexe und symbolische Motive geschaffen werden. Neben den Eiern kommen auf den orthodoxen Ostertisch auch typische S\u00fc\u00dfigkeiten wie Paskha, ein Tvorog (Frischk\u00e4se) in Form eines Pyramidenstumpfes, und Kulich, ein fluffiger zylindrischer Kuchen, der mit Rosinen, kandierten Fr\u00fcchten und Mandeln angereichert, mit ges\u00fc\u00dftem Zuckerguss \u00fcberzogen und oft mit Lik\u00f6r aromatisiert wird.<\/span><\/p>\n<p><span class=\"font-377884\">Ostern ist f\u00fcr Christen auf der ganzen Welt ein wichtiger Feiertag, an dem das zentrale Ereignis des Glaubens gefeiert wird: die Auferstehung von Jesus Christus. Seine Wurzeln reichen mehr als zweitausend Jahre zur\u00fcck, aber im Laufe der Zeit hat es kulturelle und traditionelle Bedeutungen angenommen, die sich von Land zu Land unterscheiden. Zwischen religi\u00f6sen Ritualen, Familientraditionen und Symbolen wie Eiern und Hasen ist Ostern nach wie vor eine Zeit der geistigen Besinnung, der Erneuerung und der Feier des Lebens, die Gl\u00e4ubige und Nichtgl\u00e4ubige in einer Atmosph\u00e4re der Hoffnung und Gemeinschaft vereint.<\/span><\/p>\n<p><a href=\"https:\/\/k16trade.ch\/seqex-en\/\"><img decoding=\"async\" class=\"wp-image-230949 size-medium aligncenter\" src=\"https:\/\/swissfederalism.ch\/wp-content\/uploads\/2020\/11\/FullLogo_Transparent_NoBuffer-300x145.png\" alt=\"K16 TRADE &amp; CONSULTING SWITZERLAND\" width=\"300\" height=\"145\" srcset=\"https:\/\/swissfederalism.ch\/wp-content\/uploads\/2020\/11\/FullLogo_Transparent_NoBuffer-300x145.png 300w, https:\/\/swissfederalism.ch\/wp-content\/uploads\/2020\/11\/FullLogo_Transparent_NoBuffer-1024x495.png 1024w, https:\/\/swissfederalism.ch\/wp-content\/uploads\/2020\/11\/FullLogo_Transparent_NoBuffer-768x371.png 768w, https:\/\/swissfederalism.ch\/wp-content\/uploads\/2020\/11\/FullLogo_Transparent_NoBuffer-350x169.png 350w, https:\/\/swissfederalism.ch\/wp-content\/uploads\/2020\/11\/FullLogo_Transparent_NoBuffer.png 1280w\" sizes=\"(max-width: 300px) 100vw, 300px\" \/><\/a><\/p>\n","protected":false},"excerpt":{"rendered":"<p>Das christliche Fest, das das Geheimnis der Erl\u00f6sung umarmt und die Hoffnung der Menschheit erneuert<\/p>\n","protected":false},"author":9,"featured_media":235082,"comment_status":"open","ping_status":"closed","sticky":false,"template":"","format":"standard","meta":{"footnotes":""},"categories":[278,304,309,313,295,1345,211],"tags":[2498,1879,540,754,1473],"class_list":["post-235096","post","type-post","status-publish","format-standard","has-post-thumbnail","hentry","category-europa-de","category-geschichte","category-highlights","category-kultur","category-schweiz","category-kuriositaeten","category-zeitschrift","tag-christliche-werte","tag-jahrestag","tag-kultur","tag-religion","tag-traditionen"],"_links":{"self":[{"href":"https:\/\/swissfederalism.ch\/de\/wp-json\/wp\/v2\/posts\/235096","targetHints":{"allow":["GET"]}}],"collection":[{"href":"https:\/\/swissfederalism.ch\/de\/wp-json\/wp\/v2\/posts"}],"about":[{"href":"https:\/\/swissfederalism.ch\/de\/wp-json\/wp\/v2\/types\/post"}],"author":[{"embeddable":true,"href":"https:\/\/swissfederalism.ch\/de\/wp-json\/wp\/v2\/users\/9"}],"replies":[{"embeddable":true,"href":"https:\/\/swissfederalism.ch\/de\/wp-json\/wp\/v2\/comments?post=235096"}],"version-history":[{"count":3,"href":"https:\/\/swissfederalism.ch\/de\/wp-json\/wp\/v2\/posts\/235096\/revisions"}],"predecessor-version":[{"id":235105,"href":"https:\/\/swissfederalism.ch\/de\/wp-json\/wp\/v2\/posts\/235096\/revisions\/235105"}],"wp:featuredmedia":[{"embeddable":true,"href":"https:\/\/swissfederalism.ch\/de\/wp-json\/wp\/v2\/media\/235082"}],"wp:attachment":[{"href":"https:\/\/swissfederalism.ch\/de\/wp-json\/wp\/v2\/media?parent=235096"}],"wp:term":[{"taxonomy":"category","embeddable":true,"href":"https:\/\/swissfederalism.ch\/de\/wp-json\/wp\/v2\/categories?post=235096"},{"taxonomy":"post_tag","embeddable":true,"href":"https:\/\/swissfederalism.ch\/de\/wp-json\/wp\/v2\/tags?post=235096"}],"curies":[{"name":"wp","href":"https:\/\/api.w.org\/{rel}","templated":true}]}}