{"id":234792,"date":"2025-02-16T14:49:43","date_gmt":"2025-02-16T14:49:43","guid":{"rendered":"https:\/\/swissfederalism.ch\/switzerland-intelligence-world\/"},"modified":"2025-02-17T12:35:30","modified_gmt":"2025-02-17T12:35:30","slug":"schweiz-intelligenz-welt","status":"publish","type":"post","link":"https:\/\/swissfederalism.ch\/de\/schweiz-intelligenz-welt\/","title":{"rendered":"Switzerland is the world&#8217;s smartest country"},"content":{"rendered":"<h1 data-pm-slice=\"1 1 []\"><span class=\"font-377884\">Die Schweiz ist das intelligenteste Land der Welt<\/span><\/h1>\n<h3><span class=\"font-377884\"><em>Eine neue Rangliste zeigt, dass die Schweiz in Sachen Intelligenz an erster Stelle steht, gefolgt vom Vereinigten K\u00f6nigreich und den Vereinigten Staaten.<\/em><\/span><\/h3>\n<figure id=\"attachment_234783\" aria-describedby=\"caption-attachment-234783\" style=\"width: 840px\" class=\"wp-caption aligncenter\"><a href=\"https:\/\/swissfederalism.ch\/wp-content\/uploads\/2025\/02\/intelligence-Image-by-Gerd-Altmann-from-Pixabay-1024x328.jpg\"><img decoding=\"async\" class=\"size-large wp-image-234783\" src=\"https:\/\/swissfederalism.ch\/wp-content\/uploads\/2025\/02\/intelligence-Image-by-Gerd-Altmann-from-Pixabay-1024x328.jpg\" alt=\"intelligence Image by Gerd Altmann from Pixabay\" width=\"840\" height=\"269\" srcset=\"https:\/\/swissfederalism.ch\/wp-content\/uploads\/2025\/02\/intelligence-Image-by-Gerd-Altmann-from-Pixabay-1024x328.jpg 1024w, https:\/\/swissfederalism.ch\/wp-content\/uploads\/2025\/02\/intelligence-Image-by-Gerd-Altmann-from-Pixabay-300x96.jpg 300w, https:\/\/swissfederalism.ch\/wp-content\/uploads\/2025\/02\/intelligence-Image-by-Gerd-Altmann-from-Pixabay-768x246.jpg 768w, https:\/\/swissfederalism.ch\/wp-content\/uploads\/2025\/02\/intelligence-Image-by-Gerd-Altmann-from-Pixabay-1536x492.jpg 1536w, https:\/\/swissfederalism.ch\/wp-content\/uploads\/2025\/02\/intelligence-Image-by-Gerd-Altmann-from-Pixabay-350x112.jpg 350w, https:\/\/swissfederalism.ch\/wp-content\/uploads\/2025\/02\/intelligence-Image-by-Gerd-Altmann-from-Pixabay.jpg 1920w\" sizes=\"(max-width: 840px) 100vw, 840px\" \/><\/a><figcaption id=\"caption-attachment-234783\" class=\"wp-caption-text\"><span class=\"font-377884\">intelligence Image by Gerd Altmann from Pixabay<\/span><\/figcaption><\/figure>\n<p><span class=\"font-377884\">Nach einer in Forbes ver\u00f6ffentlichten Studie von World of Card Games wurde die Schweiz mit 92,02 von 100 Punkten zum intelligentesten Land der Welt gek\u00fcrt.<\/span><\/p>\n<p><span class=\"font-377884\">Die Rangliste basiert auf Kriterien wie dem durchschnittlichen IQ (99,24), der Anzahl der Nobelpreis-Nominierungen (1.099) und dem Bildungsniveau (40 % mit Bachelor-Abschluss, 18 % mit Master-Abschluss).<\/span><\/p>\n<p><span class=\"font-377884\">Das Vereinigte K\u00f6nigreich und die Vereinigten Staaten vervollst\u00e4ndigen das Podium, wobei letztere die meisten Nobelpreis-nominierten Universit\u00e4ten aufweisen (256).<\/span><\/p>\n<p><span class=\"font-377884\">Die Niederlande und Finnland ragen beim IQ heraus, w\u00e4hrend Deutschland trotz seines historisch hohen akademischen Niveaus mit einem niedrigeren Wert f\u00fcr Bildung \u00fcberrascht. Die Studie unterstreicht, dass sich Intelligenz nicht auf akademische Parameter beschr\u00e4nkt, sondern auch Kultur, Gedankenfreiheit und Chancen einschlie\u00dft.<\/span><\/p>\n<p><span class=\"font-377884\"><em>Quelle: World of Card Games, Forbes <\/em><a href=\"https:\/\/www.forbes.com\/sites\/duncanmadden\/2025\/01\/28\/new-survey-ranks-the-ten-smartest-countries-in-the-world\/\">New Research Ranks The 10 Smartest Countries In The World<\/a><\/span><\/p>\n<p><em><img decoding=\"async\" class=\"aligncenter\" src=\"https:\/\/swissfederalism.ch\/wp-content\/uploads\/2020\/11\/FullLogo_Transparent_NoBuffer-300x145.png\" alt=\"K16 TRADE &amp; CONSULTING SWITZERLAND\" \/><\/em><\/p>\n<p>&nbsp;<\/p>\n","protected":false},"excerpt":{"rendered":"<p>Eine neue Rangliste zeigt, dass die Schweiz in Sachen Intelligenz an erster Stelle steht, gefolgt vom Vereinigten K\u00f6nigreich und den Vereinigten Staaten.<\/p>\n","protected":false},"author":9,"featured_media":234786,"comment_status":"open","ping_status":"closed","sticky":false,"template":"","format":"standard","meta":{"footnotes":""},"categories":[278,309,313,295,211],"tags":[540,1582,2487,426],"class_list":["post-234792","post","type-post","status-publish","format-standard","has-post-thumbnail","hentry","category-europa-de","category-highlights","category-kultur","category-schweiz","category-zeitschrift","tag-kultur","tag-schweiz","tag-studien","tag-universitaet"],"_links":{"self":[{"href":"https:\/\/swissfederalism.ch\/de\/wp-json\/wp\/v2\/posts\/234792","targetHints":{"allow":["GET"]}}],"collection":[{"href":"https:\/\/swissfederalism.ch\/de\/wp-json\/wp\/v2\/posts"}],"about":[{"href":"https:\/\/swissfederalism.ch\/de\/wp-json\/wp\/v2\/types\/post"}],"author":[{"embeddable":true,"href":"https:\/\/swissfederalism.ch\/de\/wp-json\/wp\/v2\/users\/9"}],"replies":[{"embeddable":true,"href":"https:\/\/swissfederalism.ch\/de\/wp-json\/wp\/v2\/comments?post=234792"}],"version-history":[{"count":2,"href":"https:\/\/swissfederalism.ch\/de\/wp-json\/wp\/v2\/posts\/234792\/revisions"}],"predecessor-version":[{"id":234794,"href":"https:\/\/swissfederalism.ch\/de\/wp-json\/wp\/v2\/posts\/234792\/revisions\/234794"}],"wp:featuredmedia":[{"embeddable":true,"href":"https:\/\/swissfederalism.ch\/de\/wp-json\/wp\/v2\/media\/234786"}],"wp:attachment":[{"href":"https:\/\/swissfederalism.ch\/de\/wp-json\/wp\/v2\/media?parent=234792"}],"wp:term":[{"taxonomy":"category","embeddable":true,"href":"https:\/\/swissfederalism.ch\/de\/wp-json\/wp\/v2\/categories?post=234792"},{"taxonomy":"post_tag","embeddable":true,"href":"https:\/\/swissfederalism.ch\/de\/wp-json\/wp\/v2\/tags?post=234792"}],"curies":[{"name":"wp","href":"https:\/\/api.w.org\/{rel}","templated":true}]}}