{"id":234149,"date":"2024-08-14T13:39:35","date_gmt":"2024-08-14T13:39:35","guid":{"rendered":"https:\/\/swissfederalism.ch\/liechtenstein-national-holiday\/"},"modified":"2024-08-16T12:46:00","modified_gmt":"2024-08-16T12:46:00","slug":"liechtenstein-staatsfest","status":"publish","type":"post","link":"https:\/\/swissfederalism.ch\/de\/liechtenstein-staatsfest\/","title":{"rendered":"Liechtenstein feiert seinen Staatsfeiertag"},"content":{"rendered":"<h1><span class=\"font-377884\">Liechtenstein feiert seinen Staatsfeiertag<\/span><\/h1>\n<h3><span class=\"font-377884\"><em>Der 15. August, der offiziell mit dem Fest Mari\u00e4 Himmelfahrt zusammenf\u00e4llt, ist ein bedeutender Feiertag, der tief in der Geschichte und den Traditionen des Landes verwurzelt ist. Das F\u00fcrstenfest ist eine Zeit, in der die B\u00fcrgerinnen und B\u00fcrger Liechtensteins zusammenkommen, um ihre nationale Identit\u00e4t und ihre enge Verbundenheit mit dem F\u00fcrstenhaus zu feiern.<\/em> <\/span><\/h3>\n<figure id=\"attachment_234132\" aria-describedby=\"caption-attachment-234132\" style=\"width: 755px\" class=\"wp-caption aligncenter\"><a href=\"https:\/\/swissfederalism.ch\/wp-content\/uploads\/2024\/08\/Vaduz-Castle-Liechtenstein-Image-by-Leonhard-Niederwimmer-from-Pixabay-755x1024.jpg\"><img decoding=\"async\" class=\"size-large wp-image-234132\" src=\"https:\/\/swissfederalism.ch\/wp-content\/uploads\/2024\/08\/Vaduz-Castle-Liechtenstein-Image-by-Leonhard-Niederwimmer-from-Pixabay-755x1024.jpg\" alt=\"Vaduz Castle - Liechtenstein Image by Leonhard Niederwimmer from Pixabay\" width=\"755\" height=\"1024\" srcset=\"https:\/\/swissfederalism.ch\/wp-content\/uploads\/2024\/08\/Vaduz-Castle-Liechtenstein-Image-by-Leonhard-Niederwimmer-from-Pixabay-755x1024.jpg 755w, https:\/\/swissfederalism.ch\/wp-content\/uploads\/2024\/08\/Vaduz-Castle-Liechtenstein-Image-by-Leonhard-Niederwimmer-from-Pixabay-221x300.jpg 221w, https:\/\/swissfederalism.ch\/wp-content\/uploads\/2024\/08\/Vaduz-Castle-Liechtenstein-Image-by-Leonhard-Niederwimmer-from-Pixabay-768x1041.jpg 768w, https:\/\/swissfederalism.ch\/wp-content\/uploads\/2024\/08\/Vaduz-Castle-Liechtenstein-Image-by-Leonhard-Niederwimmer-from-Pixabay-350x475.jpg 350w, https:\/\/swissfederalism.ch\/wp-content\/uploads\/2024\/08\/Vaduz-Castle-Liechtenstein-Image-by-Leonhard-Niederwimmer-from-Pixabay.jpg 944w\" sizes=\"(max-width: 755px) 100vw, 755px\" \/><\/a><figcaption id=\"caption-attachment-234132\" class=\"wp-caption-text\"><span class=\"font-377884\">Vaduz Castle &#8211; Liechtenstein Image by Leonhard Niederwimmer from Pixabay<\/span><\/figcaption><\/figure>\n<p><span class=\"font-377884\">Der 15. August, der offiziell mit dem Fest Mari\u00e4 Himmelfahrt zusammenf\u00e4llt, ist ein bedeutender Feiertag, der tief in der Geschichte und den Traditionen des Landes verwurzelt ist. Beim F\u00fcrstenfest kommen die B\u00fcrgerinnen und B\u00fcrger Liechtensteins zusammen, um ihre nationale Identit\u00e4t und ihre enge Verbundenheit mit dem F\u00fcrstenhaus zu feiern.<\/span><\/p>\n<h2><span class=\"font-377884\">Historischer Kontext<\/span><\/h2>\n<p><span class=\"font-377884\">Das F\u00fcrstenfest wird seit 1940 gefeiert und hat seinen Ursprung in der Verbindung des religi\u00f6sen Festes Maria Himmelfahrt mit dem Geburtstag von F\u00fcrst Franz Joseph II. am 16. August.<\/span><\/p>\n<p><span class=\"font-377884\">Aufgrund des Vormarsches des Nationalsozialismus in den Nachbarl\u00e4ndern und in Liechtenstein selbst wurde die Feier des Nationalfeiertages eingef\u00fchrt, um das Nationalgef\u00fchl und das Bewusstsein f\u00fcr die Souver\u00e4nit\u00e4t des F\u00fcrstentums zu st\u00e4rken und ein deutliches Zeichen der \u201eEinheit zwischen F\u00fcrst und Volk\u201c zu setzen. Bereits 1938 hatte der F\u00fcrst seine Residenz ins Schloss Vaduz verlegt, um den zunehmenden Spannungen und nationalsozialistischen Bestrebungen im Land zu begegnen.<\/span><\/p>\n<p><span class=\"font-377884\">Mit der Entscheidung, den Nationalfeiertag am 15. August zu begehen, wurde eine symbolische Verbindung zwischen der tiefen katholischen Tradition Liechtensteins und der Verehrung der f\u00fcrstlichen Familie geschaffen.<\/span><\/p>\n<p><span class=\"font-377884\"><strong><a href=\"https:\/\/swissfederalism.ch\/de\/jubilaeum-chf-liechtenstein\/\">Vor 100 Jahren hat Liechtenstein den Schweizer Franken eingef\u00fchrt<\/a><\/strong><\/span><\/p>\n<p><span class=\"font-377884\"><strong><a href=\"https:\/\/swissfederalism.ch\/de\/100-jahre-zollvertrag-schweiz-liechtenstein\/\">100 Jahre Zollvertrag Schweiz\u2013Liechtenstein<\/a><\/strong><\/span><\/p>\n<h2><span class=\"font-377884\">Feierlichkeiten und Programm<\/span><\/h2>\n<p><span class=\"font-377884\">Das F\u00fcrstenfest beginnt traditionell mit einem offiziellen Festakt auf der Schlosswiese in Vaduz, der Residenz der f\u00fcrstlichen Familie. Um 10.30 Uhr halten S.H. Kronprinz Alois von Liechtenstein und Landtagspr\u00e4sident Albert Frick Reden, in denen sie die Bedeutung des Tages und die Einheit des Landes betonen. Die Zeremonie ist ein feierlicher Moment, der nur auf Voranmeldung zug\u00e4nglich ist.<\/span><\/p>\n<p><span class=\"font-377884\">Nach den offiziellen Zeremonien beginnt am Mittag das gro\u00dfe Volksfest im Herzen von Vaduz. Die Stra\u00dfen des Hauptortes verwandeln sich in einen lebhaften Jahrmarkt mit St\u00e4nden und einem reichhaltigen Kinderprogramm.<\/span><\/p>\n<p><span class=\"font-377884\">Am Nachmittag, ab 14.00 Uhr, beginnt das Unterhaltungsprogramm mit Konzerten und Auftritten verschiedener lokaler K\u00fcnstler. Diese Darbietungen spiegeln die reiche kulturelle Tradition des Landes wider und bieten den Besuchern ein abwechslungsreiches und interessantes Programm.<\/span><\/p>\n<h2><span class=\"font-377884\">Der H\u00f6hepunkt des Abends<\/span><\/h2>\n<p><span class=\"font-377884\">Der Abend des 15. August erreicht seinen H\u00f6hepunkt mit verschiedenen spektakul\u00e4ren Momenten. Gegen 21.15 Uhr das Anz\u00fcnden der H\u00f6henfeuer, das Aufstellen der Krone auf dem Tuass und der Fackelumzug \u00fcber den F\u00fcrstensteig, dann um 22.00 Uhr das Feuerwerk \u00fcber Vaduz: dieses Event ist einer der am sehnlichsten erwarteten Momente des Festes und zieht jedes Jahr Tausende von Zuschauern an, die sich versammeln, um gemeinsam den Abschluss des Tages zu feiern.<\/span><\/p>\n<p>&nbsp;<\/p>\n<p>&nbsp;<\/p>\n<figure id=\"attachment_234136\" aria-describedby=\"caption-attachment-234136\" style=\"width: 840px\" class=\"wp-caption aligncenter\"><a href=\"https:\/\/swissfederalism.ch\/wp-content\/uploads\/2024\/08\/Furstentum-Liechtenstein-Image-by-Elias-from-Pixabay-1024x1024.png\"><img decoding=\"async\" class=\"wp-image-234136 size-large\" src=\"https:\/\/swissfederalism.ch\/wp-content\/uploads\/2024\/08\/Furstentum-Liechtenstein-Image-by-Elias-from-Pixabay-1024x1024.png\" alt=\"F\u00fcrstentum Liechtenstein Image by Elias from Pixabay\" width=\"840\" height=\"840\" srcset=\"https:\/\/swissfederalism.ch\/wp-content\/uploads\/2024\/08\/Furstentum-Liechtenstein-Image-by-Elias-from-Pixabay-1024x1024.png 1024w, https:\/\/swissfederalism.ch\/wp-content\/uploads\/2024\/08\/Furstentum-Liechtenstein-Image-by-Elias-from-Pixabay-300x300.png 300w, https:\/\/swissfederalism.ch\/wp-content\/uploads\/2024\/08\/Furstentum-Liechtenstein-Image-by-Elias-from-Pixabay-150x150.png 150w, https:\/\/swissfederalism.ch\/wp-content\/uploads\/2024\/08\/Furstentum-Liechtenstein-Image-by-Elias-from-Pixabay-768x768.png 768w, https:\/\/swissfederalism.ch\/wp-content\/uploads\/2024\/08\/Furstentum-Liechtenstein-Image-by-Elias-from-Pixabay-1536x1536.png 1536w, https:\/\/swissfederalism.ch\/wp-content\/uploads\/2024\/08\/Furstentum-Liechtenstein-Image-by-Elias-from-Pixabay-350x350.png 350w, https:\/\/swissfederalism.ch\/wp-content\/uploads\/2024\/08\/Furstentum-Liechtenstein-Image-by-Elias-from-Pixabay-348x348.png 348w, https:\/\/swissfederalism.ch\/wp-content\/uploads\/2024\/08\/Furstentum-Liechtenstein-Image-by-Elias-from-Pixabay-45x45.png 45w, https:\/\/swissfederalism.ch\/wp-content\/uploads\/2024\/08\/Furstentum-Liechtenstein-Image-by-Elias-from-Pixabay.png 1920w\" sizes=\"(max-width: 840px) 100vw, 840px\" \/><\/a><figcaption id=\"caption-attachment-234136\" class=\"wp-caption-text\"><span class=\"font-377884\">F\u00fcrstentum Liechtenstein Image by Elias from Pixabay<\/span><\/figcaption><\/figure>\n<h2><span class=\"font-377884\">Nationalhymne<\/span><\/h2>\n<p><span class=\"font-377884\">Oben am jungen Rhein ist die Nationalhymne Liechtensteins, die 1850 von Jakob Josef Jauch auf die Melodie der britischen Hymne \u201eGod Save the King\u201c geschrieben wurde. Obwohl die britische Hymne bereits im Deutschen Bund verwendet wurde, nahm Liechtenstein sie 1850 offiziell an und best\u00e4tigte sie 1920 als Nationalhymne. Im Jahr 1963 wurde der Text ge\u00e4ndert, um Bez\u00fcge zu Deutschland zu entfernen.<\/span><\/p>\n<p>&nbsp;<\/p>\n<h2 style=\"text-align: center;\"><span class=\"font-377884\">Oben am jungen Rhein<br \/>\n<\/span><\/h2>\n<p style=\"text-align: center;\"><span class=\"font-377884\">Oben am jungen Rhein<\/span><\/p>\n<p style=\"text-align: center;\"><span class=\"font-377884\">Lehnet sich Liechtenstein<\/span><\/p>\n<p style=\"text-align: center;\"><span class=\"font-377884\">An Alpenh\u00f6h&#8217;n.<\/span><\/p>\n<p style=\"text-align: center;\"><span class=\"font-377884\">Dies liebe Heimatland,<\/span><\/p>\n<p style=\"text-align: center;\"><span class=\"font-377884\">Das teure Vaterland,<\/span><\/p>\n<p style=\"text-align: center;\"><span class=\"font-377884\">Hat Gottes weise Hand<\/span><\/p>\n<p style=\"text-align: center;\"><span class=\"font-377884\">F\u00fcr uns erseh&#8217;n.<\/span><\/p>\n<p style=\"text-align: center;\"><span class=\"font-377884\">Hoch lebe Liechtenstein<\/span><\/p>\n<p style=\"text-align: center;\"><span class=\"font-377884\">Bl\u00fchend am jungen Rhein,<\/span><\/p>\n<p style=\"text-align: center;\"><span class=\"font-377884\">Gl\u00fccklich und treu.<\/span><\/p>\n<p style=\"text-align: center;\"><span class=\"font-377884\">Hoch leb&#8216; der F\u00fcrst vom Land,<\/span><\/p>\n<p style=\"text-align: center;\"><span class=\"font-377884\">Hoch unser Vaterland,<\/span><\/p>\n<p style=\"text-align: center;\"><span class=\"font-377884\">Durch Bruderliebe-Band<\/span><\/p>\n<p style=\"text-align: center;\"><span class=\"font-377884\">Vereint und frei.<\/span><\/p>\n<p>&nbsp;<\/p>\n<p><a href=\"www.k16trade.ch\"><img decoding=\"async\" class=\"wp-image-230949 size-medium aligncenter\" src=\"https:\/\/swissfederalism.ch\/wp-content\/uploads\/2020\/11\/FullLogo_Transparent_NoBuffer-300x145.png\" alt=\"K16 TRADE &amp; CONSULTING SWITZERLAND\" width=\"300\" height=\"145\" srcset=\"https:\/\/swissfederalism.ch\/wp-content\/uploads\/2020\/11\/FullLogo_Transparent_NoBuffer-300x145.png 300w, https:\/\/swissfederalism.ch\/wp-content\/uploads\/2020\/11\/FullLogo_Transparent_NoBuffer-1024x495.png 1024w, https:\/\/swissfederalism.ch\/wp-content\/uploads\/2020\/11\/FullLogo_Transparent_NoBuffer-768x371.png 768w, https:\/\/swissfederalism.ch\/wp-content\/uploads\/2020\/11\/FullLogo_Transparent_NoBuffer-350x169.png 350w, https:\/\/swissfederalism.ch\/wp-content\/uploads\/2020\/11\/FullLogo_Transparent_NoBuffer.png 1280w\" sizes=\"(max-width: 300px) 100vw, 300px\" \/><\/a><\/p>\n","protected":false},"excerpt":{"rendered":"<p>Der 15. August, der offiziell mit dem Fest Mari\u00e4 Himmelfahrt zusammenf\u00e4llt, ist ein bedeutender Feiertag, der tief in der Geschichte und den Traditionen des Landes verwurzelt ist. Das F\u00fcrstenfest ist eine Zeit, in der die B\u00fcrgerinnen und B\u00fcrger Liechtensteins zusammenkommen, um ihre nationale Identit\u00e4t und ihre enge Verbundenheit mit dem F\u00fcrstenhaus zu feiern.<\/p>\n","protected":false},"author":9,"featured_media":234139,"comment_status":"open","ping_status":"closed","sticky":false,"template":"","format":"standard","meta":{"footnotes":""},"categories":[309,293,319,211],"tags":[400,814,2167,1473],"class_list":["post-234149","post","type-post","status-publish","format-standard","has-post-thumbnail","hentry","category-highlights","category-liechtenstein-de","category-veranstaltungen","category-zeitschrift","tag-geschichte-europas","tag-liechtenstein-de","tag-nationalfeiertag","tag-traditionen"],"_links":{"self":[{"href":"https:\/\/swissfederalism.ch\/de\/wp-json\/wp\/v2\/posts\/234149","targetHints":{"allow":["GET"]}}],"collection":[{"href":"https:\/\/swissfederalism.ch\/de\/wp-json\/wp\/v2\/posts"}],"about":[{"href":"https:\/\/swissfederalism.ch\/de\/wp-json\/wp\/v2\/types\/post"}],"author":[{"embeddable":true,"href":"https:\/\/swissfederalism.ch\/de\/wp-json\/wp\/v2\/users\/9"}],"replies":[{"embeddable":true,"href":"https:\/\/swissfederalism.ch\/de\/wp-json\/wp\/v2\/comments?post=234149"}],"version-history":[{"count":3,"href":"https:\/\/swissfederalism.ch\/de\/wp-json\/wp\/v2\/posts\/234149\/revisions"}],"predecessor-version":[{"id":234158,"href":"https:\/\/swissfederalism.ch\/de\/wp-json\/wp\/v2\/posts\/234149\/revisions\/234158"}],"wp:featuredmedia":[{"embeddable":true,"href":"https:\/\/swissfederalism.ch\/de\/wp-json\/wp\/v2\/media\/234139"}],"wp:attachment":[{"href":"https:\/\/swissfederalism.ch\/de\/wp-json\/wp\/v2\/media?parent=234149"}],"wp:term":[{"taxonomy":"category","embeddable":true,"href":"https:\/\/swissfederalism.ch\/de\/wp-json\/wp\/v2\/categories?post=234149"},{"taxonomy":"post_tag","embeddable":true,"href":"https:\/\/swissfederalism.ch\/de\/wp-json\/wp\/v2\/tags?post=234149"}],"curies":[{"name":"wp","href":"https:\/\/api.w.org\/{rel}","templated":true}]}}