{"id":234084,"date":"2024-07-31T10:28:29","date_gmt":"2024-07-31T10:28:29","guid":{"rendered":"https:\/\/swissfederalism.ch\/august-1-switzerland-feast\/"},"modified":"2024-07-31T11:29:32","modified_gmt":"2024-07-31T11:29:32","slug":"1-august-schweiz-fest","status":"publish","type":"post","link":"https:\/\/swissfederalism.ch\/de\/1-august-schweiz-fest\/","title":{"rendered":"1. August Schweiz im Fest"},"content":{"rendered":"<h1><span class=\"font-377884\">1. August Schweiz im Fest<\/span><\/h1>\n<h3><span class=\"font-377884\"><em>Jedes Jahr am 1. August feiert die Schweiz ihren Nationalfeiertag, ein wichtiges Gedenken an die Gr\u00fcndung der Eidgenossenschaft im Jahr 1291.<\/em><\/span><\/h3>\n<figure id=\"attachment_234075\" aria-describedby=\"caption-attachment-234075\" style=\"width: 840px\" class=\"wp-caption aligncenter\"><a href=\"https:\/\/swissfederalism.ch\/wp-content\/uploads\/2024\/07\/Swiss-Alphorn-players-Swiss-National-Day-August-1st-Interlaken-Namrood-CC-BY-SA-4.0-via-Wikimedia-Commons-1024x576.jpg\"><img decoding=\"async\" class=\"size-large wp-image-234075\" src=\"https:\/\/swissfederalism.ch\/wp-content\/uploads\/2024\/07\/Swiss-Alphorn-players-Swiss-National-Day-August-1st-Interlaken-Namrood-CC-BY-SA-4.0-via-Wikimedia-Commons-1024x576.jpg\" alt=\"Swiss Alphorn players - Swiss National Day August 1st Interlaken Namrood, CC BY-SA 4.0, via Wikimedia Commons\" width=\"840\" height=\"473\" srcset=\"https:\/\/swissfederalism.ch\/wp-content\/uploads\/2024\/07\/Swiss-Alphorn-players-Swiss-National-Day-August-1st-Interlaken-Namrood-CC-BY-SA-4.0-via-Wikimedia-Commons-1024x576.jpg 1024w, https:\/\/swissfederalism.ch\/wp-content\/uploads\/2024\/07\/Swiss-Alphorn-players-Swiss-National-Day-August-1st-Interlaken-Namrood-CC-BY-SA-4.0-via-Wikimedia-Commons-300x169.jpg 300w, https:\/\/swissfederalism.ch\/wp-content\/uploads\/2024\/07\/Swiss-Alphorn-players-Swiss-National-Day-August-1st-Interlaken-Namrood-CC-BY-SA-4.0-via-Wikimedia-Commons-768x432.jpg 768w, https:\/\/swissfederalism.ch\/wp-content\/uploads\/2024\/07\/Swiss-Alphorn-players-Swiss-National-Day-August-1st-Interlaken-Namrood-CC-BY-SA-4.0-via-Wikimedia-Commons-1536x864.jpg 1536w, https:\/\/swissfederalism.ch\/wp-content\/uploads\/2024\/07\/Swiss-Alphorn-players-Swiss-National-Day-August-1st-Interlaken-Namrood-CC-BY-SA-4.0-via-Wikimedia-Commons-350x197.jpg 350w, https:\/\/swissfederalism.ch\/wp-content\/uploads\/2024\/07\/Swiss-Alphorn-players-Swiss-National-Day-August-1st-Interlaken-Namrood-CC-BY-SA-4.0-via-Wikimedia-Commons.jpg 2048w\" sizes=\"(max-width: 840px) 100vw, 840px\" \/><\/a><figcaption id=\"caption-attachment-234075\" class=\"wp-caption-text\"><span class=\"font-377884\">Swiss Alphorn players &#8211; Swiss National Day August 1st Interlaken Namrood, CC BY-SA 4.0, via Wikimedia Commons<\/span><\/figcaption><\/figure>\n<h2><span class=\"font-377884\">Ein bisschen Geschichte<\/span><\/h2>\n<p><span class=\"font-377884\">Der Nationalfeiertag erinnert an den Eidgen\u00f6ssischen Pakt von 1291, ein Abkommen zwischen den Kantonen Uri, Schwyz und Unterwalden, die sich im Falle einer \u00e4usseren Bedrohung gegenseitig Hilfe versprachen. Der Legende nach schworen die Vertreter der drei Gr\u00fcndungskantone, die sogenannten \u201eDrei Eidgenossen\u201c, auf den R\u00fctliwiesen \u00fcber dem Vierwaldst\u00e4ttersee, das Land von der habsburgischen Herrschaft zu befreien. Dieser Pakt gilt als der \u00e4lteste Verfassungsakt der Schweiz.<\/span><\/p>\n<p><span class=\"font-377884\">Im Laufe der Jahrhunderte wurde die Schweizer Geschichte stark von der protestantischen Reformation gepr\u00e4gt, die von Ulrich Zwingli in Z\u00fcrich und Johannes Calvin in Genf angef\u00fchrt wurde. Heute besteht die Eidgenossenschaft aus 26 Kantonen, wobei der 1979 gegr\u00fcndete Kanton Jura der j\u00fcngste ist.<\/span><\/p>\n<h2><span class=\"font-377884\">Nationalfeiertag seit 30 Jahren<\/span><\/h2>\n<p><span class=\"font-377884\">Der 1. August wurde in der Schweiz erst vor 30 Jahren offiziell zu einem Feiertag, und zwar dank einer Abstimmung vom 26. September 1993, die im Sommer 1994 in Kraft trat. Bis dahin war es den Kantonen \u00fcberlassen, ob sie den 1. August als Urlaubstag anerkennen wollten.<\/span><\/p>\n<p><span class=\"font-377884\">Die Volksinitiative \u201eF\u00fcr einen Nationalfeiertag\u201c, die 1990 von den Schweizer Demokraten (DS) eingereicht worden war, wurde 1994 mit 83,8 Prozent der Stimmen angenommen. Das Tessin war der Kanton mit der h\u00f6chsten Zustimmung (93 Prozent). Die Vorlage wurde von den meisten Parteien, mit Ausnahme der FDP, unterst\u00fctzt und stiess bei einigen Wirtschaftsverb\u00e4nden auf Widerstand.<\/span><\/p>\n<p><span class=\"font-377884\">Der 1. August wurde bereits seit 1899 mit Glocken und Freudenfeuern gefeiert, aber erst nach der Abstimmung von 1993 wurde der Tag offiziell zu einem Nationalfeiertag.<\/span><\/p>\n<p>&nbsp;<\/p>\n<h2><span class=\"font-377884\">Feierlichkeiten<\/span><\/h2>\n<p><span class=\"font-377884\">Der Nationalfeiertag wird mit einer Reihe von Veranstaltungen und Traditionen begangen, die den Stolz und die Einheit des Landes widerspiegeln:<\/span><\/p>\n<ul>\n<li><span class=\"font-377884\"><strong>Die Ansprache des Pr\u00e4sidenten:<\/strong> Der Bundespr\u00e4sident h\u00e4lt eine Ansprache an die ganze Nation, w\u00e4hrend lokale und nationale Politiker Reden halten.<\/span><\/li>\n<li><span class=\"font-377884\"><strong>Freudenfeuer und Feuerwerk:<\/strong> In der ganzen Schweiz werden Lagerfeuer entz\u00fcndet und Feuerwerksk\u00f6rper abgefeuert, um Licht und Freiheit zu feiern.<\/span><\/li>\n<li><span class=\"font-377884\"><strong>Traditionelle Veranstaltungen:<\/strong> Kinder ziehen mit Laternen umher, die mit dem Schweizer Kreuz und dem Wappen ihres Kantons geschm\u00fcckt sind. Es finden Umz\u00fcge mit Trachten, Jodelch\u00f6ren, Alphornbl\u00e4sern und Fahnenschwingern statt.<\/span><\/li>\n<li><span class=\"font-377884\"><strong>Wilhelm Tell-Auff\u00fchrungen:<\/strong> An einigen Orten wird die legend\u00e4re Geschichte von Wilhelm Tell, dem Helden der Schweizer Unabh\u00e4ngigkeit, mit dem 1804 von Friedrich von Schiller geschriebenen St\u00fcck aufgef\u00fchrt.<\/span><\/li>\n<li><span class=\"font-377884\"><strong>Um 20.00 Uhr l\u00e4uten alle Glocken der Schweiz zum Fest.<\/strong><\/span><\/li>\n<\/ul>\n<h2><span class=\"font-377884\">Nationalhymne<\/span><\/h2>\n<p><span class=\"font-377884\">Die erste Schweizer Nationalhymne war das 1811 von Johann Rudolf Wyss geschriebene \u201eRufst du, mein Vaterland\u201c, das auf die Melodie der britischen Hymne \u201eGod Save the Queen\u201c gesungen wurde. Die heutige Nationalhymne, der \u201eSchweizerpsalm\u201c, wurde 1841 von Leonhard Widmer geschrieben, die Melodie stammt von Alberich Zwyssig. Seit 1961 wird der \u201eSchweizerpsalm\u201c in milit\u00e4rischen und diplomatischen Kreisen verwendet, und 1981 wurde er durch einen Bundesratsbeschluss offiziell zur Nationalhymne. Der Text liegt in allen vier Landessprachen vor.<\/span><\/p>\n<p>&nbsp;<\/p>\n<figure id=\"attachment_160143\" aria-describedby=\"caption-attachment-160143\" style=\"width: 840px\" class=\"wp-caption aligncenter\"><a href=\"https:\/\/swissfederalism.ch\/wp-content\/uploads\/2022\/07\/inno-nazionale-1024x724.jpg\"><img decoding=\"async\" class=\"size-large wp-image-160143\" src=\"https:\/\/swissfederalism.ch\/wp-content\/uploads\/2022\/07\/inno-nazionale-1024x724.jpg\" alt=\"Inno nazionale svizzero nelle quattro lingue ufficiali\" width=\"840\" height=\"594\" srcset=\"https:\/\/swissfederalism.ch\/wp-content\/uploads\/2022\/07\/inno-nazionale-1024x724.jpg 1024w, https:\/\/swissfederalism.ch\/wp-content\/uploads\/2022\/07\/inno-nazionale-300x212.jpg 300w, https:\/\/swissfederalism.ch\/wp-content\/uploads\/2022\/07\/inno-nazionale-768x543.jpg 768w, https:\/\/swissfederalism.ch\/wp-content\/uploads\/2022\/07\/inno-nazionale-1536x1086.jpg 1536w, https:\/\/swissfederalism.ch\/wp-content\/uploads\/2022\/07\/inno-nazionale.jpg 1755w\" sizes=\"(max-width: 840px) 100vw, 840px\" \/><\/a><figcaption id=\"caption-attachment-160143\" class=\"wp-caption-text\"><span class=\"font-377884\">Swiss national anthem in the four official languages<\/span><\/figcaption><\/figure>\n<h2>Suggestivste Feste<\/h2>\n<p><strong>R\u00fctli-Wiese:<\/strong> Die kultigste Feier findet auf der R\u00fctli-Wiese statt, wo alles begann. Die Veranstaltung umfasst feierliche Reden und das Singen der Nationalhymne. Der Zugang erfolgt auf Voranmeldung.<\/p>\n<p><strong>Rheinfall<\/strong>: Am 31. Juli findet nach Sonnenuntergang, gegen 21.45 Uhr, am Rheinfall ein grosses Feuerwerk statt, das \u201eFire on the rocks\u201c genannt wird. Der majest\u00e4tische Wasserfall wird in leuchtenden Farben beleuchtet und von einem Feuerwerk begleitet, das eine einzigartige und unvergessliche Show bietet.<\/p>\n<p><strong>Ascona<\/strong>: Am 31. Juli um 22 Uhr findet die tanzende Font\u00e4nenshow statt, bei der Wasser- und Lichtspiele zur Musik synchronisiert werden. Am 1. August findet die erste Show um 21.45 Uhr und die zweite Rockshow um 23.00 Uhr statt. Zus\u00e4tzlich treten ab 19.00 Uhr verschiedene K\u00fcnstler mit Live-Musik auf.<\/p>\n<p><strong>S\u00e4ntis<\/strong>: Auf dem S\u00e4ntis, an der Grenze zwischen den Kantonen Appenzell Innerrhoden, Appenzell Ausserrhoden und St. Gallen, wird eine 80&#215;80 Meter grosse Flagge gehisst, die als die gr\u00f6sste der Welt gilt.<\/p>\n<p><strong>Basel<\/strong>: Am 31. Juli feiert Basel den Schweizer Nationalfeiertag mit einem grossen Feuerwerk auf dem Rhein und rund 100 St\u00e4nden von 17.00 bis 2.00 Uhr.<\/p>\n<p><strong>Bern<\/strong>: In der Bundeshauptstadt beginnt der Tag mit einem gemeinsamen Fr\u00fchst\u00fcck auf dem Bundesplatz und einem Blick auf die Berner Stiftskirche, den h\u00f6chsten Kirchturm des Landes. Auf dem Programm stehen ein Spaziergang durch den Erlacherhof und ein Jodlerkonzert. Die Stadt bietet jedes Jahr ein einzigartiges Fest.<\/p>\n<p><strong>Lugano<\/strong>: Am Abend des 1. August wird der Golf von Lugano von mehr als 8.000 Feuerwerksk\u00f6rpern beleuchtet, die eine halbe Stunde lang brennen werden. Die Gebr\u00fcder Colombo, die das Feuerwerk organisieren, haben ein Patent mit biologisch abbaubaren Materialien entwickelt, um die Umweltbelastung zu begrenzen. Die Abf\u00e4lle, die in die Luft und in die Umwelt gelangen, bestehen haupts\u00e4chlich aus Reispapier und kleinen Plastikteilen, die beide biologisch abbaubar sind. Fast 90 Prozent der Abf\u00e4lle verbleiben jedoch auf dem Schiff.<\/p>\n<p>Der Schweizer Nationalfeiertag ist ein Fest der Einheit und der Tradition, eine Gelegenheit, sich auf die Geschichte und die Identit\u00e4t des Landes zu besinnen und gleichzeitig mit Stolz und Freude zu feiern.<\/p>\n<p><a href=\"https:\/\/k16trade.ch\/seqex-en\/\"><img decoding=\"async\" class=\"wp-image-230942 size-medium aligncenter\" src=\"https:\/\/swissfederalism.ch\/wp-content\/uploads\/2024\/02\/BANNER-300x169.png\" alt=\"BANNER K16\" width=\"300\" height=\"169\" srcset=\"https:\/\/swissfederalism.ch\/wp-content\/uploads\/2024\/02\/BANNER-300x169.png 300w, https:\/\/swissfederalism.ch\/wp-content\/uploads\/2024\/02\/BANNER-1024x576.png 1024w, https:\/\/swissfederalism.ch\/wp-content\/uploads\/2024\/02\/BANNER-768x432.png 768w, https:\/\/swissfederalism.ch\/wp-content\/uploads\/2024\/02\/BANNER-1536x864.png 1536w, https:\/\/swissfederalism.ch\/wp-content\/uploads\/2024\/02\/BANNER-2048x1152.png 2048w, https:\/\/swissfederalism.ch\/wp-content\/uploads\/2024\/02\/BANNER-350x197.png 350w, https:\/\/swissfederalism.ch\/wp-content\/uploads\/2024\/02\/BANNER.png 2560w\" sizes=\"(max-width: 300px) 100vw, 300px\" \/><\/a><\/p>\n","protected":false},"excerpt":{"rendered":"<p>Jedes Jahr am 1. August feiert die Schweiz ihren Nationalfeiertag, ein wichtiges Gedenken an die Gr\u00fcndung der Eidgenossenschaft im Jahr 1291.<\/p>\n","protected":false},"author":9,"featured_media":234078,"comment_status":"open","ping_status":"closed","sticky":false,"template":"","format":"standard","meta":{"footnotes":""},"categories":[309,295,319,211],"tags":[417,1178,2167,1582,2490,1473],"class_list":["post-234084","post","type-post","status-publish","format-standard","has-post-thumbnail","hentry","category-highlights","category-schweiz","category-veranstaltungen","category-zeitschrift","tag-bern-de","tag-demokratie","tag-nationalfeiertag","tag-schweiz","tag-spettaccolo-pirotecnico-de","tag-traditionen"],"_links":{"self":[{"href":"https:\/\/swissfederalism.ch\/de\/wp-json\/wp\/v2\/posts\/234084","targetHints":{"allow":["GET"]}}],"collection":[{"href":"https:\/\/swissfederalism.ch\/de\/wp-json\/wp\/v2\/posts"}],"about":[{"href":"https:\/\/swissfederalism.ch\/de\/wp-json\/wp\/v2\/types\/post"}],"author":[{"embeddable":true,"href":"https:\/\/swissfederalism.ch\/de\/wp-json\/wp\/v2\/users\/9"}],"replies":[{"embeddable":true,"href":"https:\/\/swissfederalism.ch\/de\/wp-json\/wp\/v2\/comments?post=234084"}],"version-history":[{"count":2,"href":"https:\/\/swissfederalism.ch\/de\/wp-json\/wp\/v2\/posts\/234084\/revisions"}],"predecessor-version":[{"id":234086,"href":"https:\/\/swissfederalism.ch\/de\/wp-json\/wp\/v2\/posts\/234084\/revisions\/234086"}],"wp:featuredmedia":[{"embeddable":true,"href":"https:\/\/swissfederalism.ch\/de\/wp-json\/wp\/v2\/media\/234078"}],"wp:attachment":[{"href":"https:\/\/swissfederalism.ch\/de\/wp-json\/wp\/v2\/media?parent=234084"}],"wp:term":[{"taxonomy":"category","embeddable":true,"href":"https:\/\/swissfederalism.ch\/de\/wp-json\/wp\/v2\/categories?post=234084"},{"taxonomy":"post_tag","embeddable":true,"href":"https:\/\/swissfederalism.ch\/de\/wp-json\/wp\/v2\/tags?post=234084"}],"curies":[{"name":"wp","href":"https:\/\/api.w.org\/{rel}","templated":true}]}}