{"id":231181,"date":"2024-02-28T09:49:30","date_gmt":"2024-02-28T09:49:30","guid":{"rendered":"https:\/\/swissfederalism.ch\/foderalismus-schweiz-foderalen-landern\/"},"modified":"2024-03-03T11:04:58","modified_gmt":"2024-03-03T11:04:58","slug":"foderalismus-schweiz-foderalen-landern","status":"publish","type":"post","link":"https:\/\/swissfederalism.ch\/de\/foderalismus-schweiz-foderalen-landern\/","title":{"rendered":"F\u00f6deralismus: Eine vergleichende Analyse zwischen der Schweiz und anderen f\u00f6deralen L\u00e4ndern"},"content":{"rendered":"<h1><span class=\"font-377884\">F\u00f6deralismus: Eine vergleichende Analyse zwischen der Schweiz und anderen f\u00f6deralen L\u00e4ndern<\/span><\/h1>\n<h3><em>Der F\u00f6deralismus ist ein Regierungssystem, in dem die Befugnisse zwischen einer Zentralregierung und verschiedenen subnationalen Regierungseinheiten, wie Staaten, Provinzen oder Kantonen, aufgeteilt sind. Dieses Modell basiert auf der Aufteilung von Macht und Autonomie zwischen verschiedenen politischen Einheiten innerhalb eines Landes und bietet einen Mechanismus zur Verwaltung der kulturellen, politischen und wirtschaftlichen Vielfalt innerhalb einer Nation.<\/em><\/h3>\n<figure id=\"attachment_231063\" aria-describedby=\"caption-attachment-231063\" style=\"width: 512px\" class=\"wp-caption aligncenter\"><a href=\"https:\/\/swissfederalism.ch\/wp-content\/uploads\/2024\/02\/Federalism-Image-by-Lone-Internaut-CC-BY-SA-4.0-via-Wikimedia-Commons.png\"><img decoding=\"async\" class=\"size-full wp-image-231063\" src=\"https:\/\/swissfederalism.ch\/wp-content\/uploads\/2024\/02\/Federalism-Image-by-Lone-Internaut-CC-BY-SA-4.0-via-Wikimedia-Commons.png\" alt=\"Federalism Image by Lone Internaut, CC BY-SA 4.0, via Wikimedia Commons\" width=\"512\" height=\"422\" srcset=\"https:\/\/swissfederalism.ch\/wp-content\/uploads\/2024\/02\/Federalism-Image-by-Lone-Internaut-CC-BY-SA-4.0-via-Wikimedia-Commons.png 512w, https:\/\/swissfederalism.ch\/wp-content\/uploads\/2024\/02\/Federalism-Image-by-Lone-Internaut-CC-BY-SA-4.0-via-Wikimedia-Commons-300x247.png 300w, https:\/\/swissfederalism.ch\/wp-content\/uploads\/2024\/02\/Federalism-Image-by-Lone-Internaut-CC-BY-SA-4.0-via-Wikimedia-Commons-350x288.png 350w\" sizes=\"(max-width: 512px) 100vw, 512px\" \/><\/a><figcaption id=\"caption-attachment-231063\" class=\"wp-caption-text\"><span class=\"font-377884\">Federalism Image by Lone Internaut, CC BY-SA 4.0, via Wikimedia Commons<\/span><\/figcaption><\/figure>\n<h2><span class=\"font-377884\">Etwas Geschichte<\/span><\/h2>\n<p><span class=\"font-377884\">Der Ursprung von Bundesstaaten geht auf komplizierte Prozesse zur\u00fcck, die oft eine komplexe historische, politische und kulturelle Dynamik widerspiegeln. Eines der fr\u00fchesten Beispiele f\u00fcr einen Bundesstaat findet sich in den Vereinigten Staaten von Amerika. W\u00e4hrend des Amerikanischen Unabh\u00e4ngigkeitskrieges f\u00fchrte die Notwendigkeit der Zusammenarbeit und Einheit in den Bereichen Verteidigung und Handel zwischen den dreizehn getrennten Kolonien zur Bildung eines Bundesstaates. <em><strong>Die US-Verfassung von 1787 ist der Ausgangspunkt f\u00fcr die Gr\u00fcndung der Vereinigten Staaten als erster moderner Bundesstaat.<\/strong><\/em> In ihr wurde die Aufteilung der Befugnisse zwischen der Bundesregierung und den Bundesstaaten klar festgelegt.<\/span><\/p>\n<p><span class=\"font-377884\">Der Erfolg und die Stabilit\u00e4t der Vereinigten Staaten inspirierten andere L\u00e4nder auf der ganzen Welt, \u00e4hnliche Formen der f\u00f6deralen Regierung zu \u00fcbernehmen. Der F\u00f6deralismus wurde zu einem attraktiven Modell f\u00fcr die Bew\u00e4ltigung der Vielfalt und die F\u00f6rderung der nationalen Einheit in vielen L\u00e4ndern, wobei regionale und kulturelle Identit\u00e4ten bewahrt und gleichzeitig der nationale Zusammenhalt gef\u00f6rdert wurde.<\/span><\/p>\n<p><span class=\"font-377884\"><em><strong>Die weltweite Verbreitung des F\u00f6deralismus erfolgte im 20. Jahrhundert,<\/strong><\/em> mit bemerkenswerten Ausnahmen und regionalen Unterschieden. <strong><em>In Europa ist die Schweiz ein fr\u00fches Vorbild f\u00fcr eine F\u00f6deration, die bereits im 19. Jahrhundert entstand,<\/em><\/strong> w\u00e4hrend Deutschland und \u00d6sterreich nach dem Zweiten Weltkrieg f\u00f6derale Verfassungen annahmen. Auch das Commonwealth und L\u00e4nder wie Australien, Kanada und Indien haben sich f\u00fcr den F\u00f6deralismus entschieden, um ihrer geografischen Gr\u00f6\u00dfe und kulturellen und sprachlichen Vielfalt gerecht zu werden.<\/span><\/p>\n<div class=\"flex flex-grow flex-col max-w-full\">\n<div class=\"min-h-[20px] text-message flex flex-col items-start gap-3 whitespace-pre-wrap break-words [.text-message+&amp;]:mt-5 overflow-x-auto\" data-message-author-role=\"assistant\" data-message-id=\"8ee65392-b33a-40a7-95c3-cb2014b329bb\">\n<div class=\"markdown prose w-full break-words dark:prose-invert light\">\n<p><span class=\"font-377884\">In Lateinamerika haben sich L\u00e4nder wie Brasilien, Venezuela, Argentinien und Mexiko f\u00fcr den F\u00f6deralismus entschieden, um die Herausforderungen zu bew\u00e4ltigen, die sich aus der Verwaltung gro\u00dfer Gebiete mit unterschiedlichen Bev\u00f6lkerungsgruppen ergeben. Der F\u00f6deralismus erm\u00f6glicht es ihnen vor allem, regionale und lokale Angelegenheiten effizienter zu regeln und gleichzeitig einen koh\u00e4renten nationalen Rahmen zu gew\u00e4hrleisten.<\/span><\/p>\n<p><span class=\"font-377884\">Im afrikanischen Kontext sticht Nigeria als Beispiel f\u00fcr eine F\u00f6deration hervor, in der die Aufteilung der Macht zwischen der Zentralregierung und den Bundesstaaten dazu beitr\u00e4gt, eine vielf\u00e4ltige Bev\u00f6lkerung in einem riesigen Gebiet zu verwalten. In \u00e4hnlicher Weise hat S\u00fcdafrika, obwohl es technisch gesehen kein Bundesstaat im traditionellen Sinne ist, nach dem Ende der Apartheid 1994 ein stark dezentralisiertes System eingef\u00fchrt. Dieses Modell, das als &#8222;Regierung der nationalen Einheit&#8220; bekannt ist, f\u00f6rdert die demokratische Beteiligung auf lokaler und regionaler Ebene und geht gleichzeitig auf die spezifischen Probleme der verschiedenen Gemeinschaften innerhalb des Landes ein.1 Zusammenfassend l\u00e4sst sich sagen, dass der F\u00f6deralismus zu einem weltweit \u00fcbernommenen Regierungsmodell geworden ist, das die Komplexit\u00e4t und Vielfalt moderner Gesellschaften widerspiegelt und einen institutionellen Rahmen bietet, der die demokratische Beteiligung und die effiziente Verwaltung regionaler Ressourcen und Identit\u00e4ten f\u00f6rdert.<\/span><\/p>\n<h2><span class=\"font-377884\">F\u00f6deralismus in K\u00fcrze<\/span><\/h2>\n<p><span class=\"font-377884\">Der F\u00f6deralismus hat mehrere Vorteile, die zur Stabilit\u00e4t und zum Wohlstand eines Landes beitragen k\u00f6nnen:<\/span><\/p>\n<p><span class=\"font-377884\">Demokratische Beteiligung: Der F\u00f6deralismus erm\u00f6glicht eine direktere und sinnvollere Beteiligung der B\u00fcrger an der lokalen und regionalen Verwaltung. Da die Macht dezentralisiert ist, k\u00f6nnen Entscheidungen n\u00e4her an der betroffenen Bev\u00f6lkerung getroffen werden, was eine st\u00e4rkere Vertretung und Beteiligung der B\u00fcrger am politischen Leben erm\u00f6glicht.<\/span><\/p>\n<p><span class=\"font-377884\"><strong>Anpassungsf\u00e4higkeit:<\/strong> Der F\u00f6deralismus erm\u00f6glicht eine gr\u00f6\u00dfere Flexibilit\u00e4t und Anpassungsf\u00e4higkeit an die unterschiedlichen Bed\u00fcrfnisse und Pr\u00e4ferenzen der verschiedenen Regionen oder Staaten innerhalb des Landes. Dies bedeutet, dass die Politik an die spezifischen lokalen, kulturellen und wirtschaftlichen Gegebenheiten jeder Region angepasst werden kann. Bewahrung der Vielfalt In L\u00e4ndern mit gro\u00dfer kultureller, sprachlicher, ethnischer oder religi\u00f6ser Vielfalt kann der F\u00f6deralismus dazu beitragen, diese Vielfalt zu erhalten und zu f\u00f6rdern. Indem er den verschiedenen Regionen die M\u00f6glichkeit gibt, ihre internen Angelegenheiten selbst zu regeln, f\u00f6rdert der F\u00f6deralismus die Achtung und den Schutz der kulturellen und sprachlichen Identit\u00e4ten der verschiedenen Gemeinschaften innerhalb des Landes.<\/span><\/p>\n<p><span class=\"font-377884\"><strong>Politische Stabilit\u00e4t:<\/strong> Der F\u00f6deralismus kann zur politischen Stabilit\u00e4t beitragen, indem er ein Regierungssystem schafft, das ein Gleichgewicht zwischen der zentralen und der lokalen Ebene herstellt. Dieses Gleichgewicht kann Spannungen zwischen der Zentralregierung und den Regionen verringern, da es einen Mechanismus zur friedlichen Beilegung von Streitigkeiten und Interessenunterschieden bietet.<\/span><\/p>\n<p><span class=\"font-377884\"><strong>Effizienz der Verwaltung:<\/strong> Der F\u00f6deralismus kann zu einer gr\u00f6\u00dferen Effizienz der \u00f6ffentlichen Verwaltung f\u00fchren. Da die Entscheidungen n\u00e4her an den betroffenen Menschen getroffen werden, k\u00f6nnen die lokalen und regionalen Regierungen besser auf die Bed\u00fcrfnisse der B\u00fcrger eingehen und wirksame und zeitnahe \u00f6ffentliche Dienstleistungen anbieten.<\/span><span class=\"font-377884\"><strong>Machtausgleich<\/strong>: Der F\u00f6deralismus tr\u00e4gt zu einem Machtgleichgewicht zwischen der Zentralregierung und den lokalen Regierungen bei und verhindert eine \u00fcberm\u00e4\u00dfige Machtkonzentration in einer einzigen Institution oder Beh\u00f6rde. Dies kann dazu beitragen, Machtmissbrauch zu verhindern und einen besseren Schutz der Rechte und Freiheiten der B\u00fcrger zu gew\u00e4hrleisten.<\/span><\/p>\n<p><span class=\"font-377884\">Zusammenfassend l\u00e4sst sich sagen, dass der F\u00f6deralismus einen institutionellen Rahmen bietet, der die demokratische Teilhabe, die kulturelle Vielfalt, die politische Stabilit\u00e4t und die Effizienz der Verwaltung f\u00f6rdert und so zum Wohlstand und zum Zusammenhalt eines Landes beitr\u00e4gt.<\/span><\/p>\n<\/div>\n<\/div>\n<\/div>\n<div class=\"flex flex-grow flex-col max-w-full\">\n<div class=\"min-h-[20px] text-message flex flex-col items-start gap-3 whitespace-pre-wrap break-words [.text-message+&amp;]:mt-5 overflow-x-auto\" data-message-author-role=\"assistant\" data-message-id=\"cf82c8d6-c25b-4898-86ec-4fb2156afc80\">\n<div class=\"markdown prose w-full break-words dark:prose-invert light\">\n<figure id=\"attachment_231051\" aria-describedby=\"caption-attachment-231051\" style=\"width: 1024px\" class=\"wp-caption aligncenter\"><a href=\"https:\/\/swissfederalism.ch\/wp-content\/uploads\/2024\/02\/Map-of-federal-switzerland-and-its-26-cantons-Image-by-Arno-nl-CC-BY-SA-4.0-via-Wikimedia-Commons.png\"><img decoding=\"async\" class=\"size-full wp-image-231051\" src=\"https:\/\/swissfederalism.ch\/wp-content\/uploads\/2024\/02\/Map-of-federal-switzerland-and-its-26-cantons-Image-by-Arno-nl-CC-BY-SA-4.0-via-Wikimedia-Commons.png\" alt=\"Map of federal switzerland and its 26 cantons Image by Arno-nl, CC BY-SA 4.0, via Wikimedia Commons\" width=\"1024\" height=\"706\" srcset=\"https:\/\/swissfederalism.ch\/wp-content\/uploads\/2024\/02\/Map-of-federal-switzerland-and-its-26-cantons-Image-by-Arno-nl-CC-BY-SA-4.0-via-Wikimedia-Commons.png 1024w, https:\/\/swissfederalism.ch\/wp-content\/uploads\/2024\/02\/Map-of-federal-switzerland-and-its-26-cantons-Image-by-Arno-nl-CC-BY-SA-4.0-via-Wikimedia-Commons-300x207.png 300w, https:\/\/swissfederalism.ch\/wp-content\/uploads\/2024\/02\/Map-of-federal-switzerland-and-its-26-cantons-Image-by-Arno-nl-CC-BY-SA-4.0-via-Wikimedia-Commons-768x530.png 768w, https:\/\/swissfederalism.ch\/wp-content\/uploads\/2024\/02\/Map-of-federal-switzerland-and-its-26-cantons-Image-by-Arno-nl-CC-BY-SA-4.0-via-Wikimedia-Commons-350x241.png 350w\" sizes=\"(max-width: 1024px) 100vw, 1024px\" \/><\/a><figcaption id=\"caption-attachment-231051\" class=\"wp-caption-text\"><span class=\"font-377884\">Map of federal switzerland and its 26 cantons Image by Arno-nl, CC BY-SA 4.0, via Wikimedia Commons<\/span><\/figcaption><\/figure>\n<h2><span class=\"font-377884\">Schweiz<\/span><\/h2>\n<p><span class=\"font-377884\">Der Schweizer F\u00f6deralismus wird allgemein als eines der erfolgreichsten und funktionalsten Modelle der Welt anerkannt. Dieses f\u00f6derale System, das auf der Aufteilung der Zust\u00e4ndigkeiten zwischen dem Bund und den 26 Kantonen beruht, hat dem Land politische, wirtschaftliche und soziale Stabilit\u00e4t gesichert. Schauen wir uns die wichtigsten Merkmale dieses Systems genauer an:<\/span><\/p>\n<h3><span class=\"font-377884\">F\u00f6deralistischer Aufbau:<\/span><\/h3>\n<p><span class=\"font-377884\">Die Schweiz besteht aus 26 Kantonen, von denen jeder eine weitgehende Autonomie genie\u00dft. Jeder Kanton hat eine eigene Verfassung, eine eigene Regierung und ein eigenes Parlament und ist f\u00fcr lokale Angelegenheiten wie Bildung, Gesundheit, Justiz, Stadtplanung und Kultur zust\u00e4ndig. Einige Kantone verf\u00fcgen auch \u00fcber direktdemokratische Institutionen wie Referenden und B\u00fcrgerinitiativen, die es den B\u00fcrgern erm\u00f6glichen, direkt an der Entscheidungsfindung teilzunehmen.<\/span><\/p>\n<h3><span class=\"font-377884\">Zust\u00e4ndigkeiten des Bundes:<\/span><\/h3>\n<p><span class=\"font-377884\">Die Schweizer Bundesregierung mit Sitz in Bern hat die Kontrolle \u00fcber Fragen von nationalem Interesse wie Au\u00dfenpolitik, Verteidigung, W\u00e4hrungspolitik, Sozialpolitik und nationale Infrastruktur. Er ist auch f\u00fcr Fragen von gemeinsamem Interesse f\u00fcr die Kantone zust\u00e4ndig, z. B. f\u00fcr die Regulierung der Telekommunikation und des Verkehrs.<\/span><\/p>\n<h3><span class=\"font-377884\">Das Prinzip der Subsidiarit\u00e4t:<\/span><\/h3>\n<p><span class=\"font-377884\">Grundlegend f\u00fcr den Schweizer F\u00f6deralismus ist das Subsidiarit\u00e4tsprinzip. Dieses Prinzip besagt, dass Entscheidungen auf einer m\u00f6glichst b\u00fcrgernahen Ebene getroffen werden sollten. Dementsprechend werden Zust\u00e4ndigkeiten an die kantonale oder kommunale Ebene delegiert, sofern sie nicht eindeutig nationalen oder supranationalen Charakter haben.<\/span><\/p>\n<\/div>\n<h3 class=\"markdown prose w-full break-words dark:prose-invert light\"><span class=\"font-377884\">Nationale Koh\u00e4sion:<\/span><\/h3>\n<div class=\"markdown prose w-full break-words dark:prose-invert light\">\n<p><span class=\"font-377884\">Trotz der den Kantonen gew\u00e4hrten Autonomie verf\u00fcgt die Schweiz \u00fcber einen starken nationalen Zusammenhalt und ein Gef\u00fchl der nationalen Identit\u00e4t. Dies wird durch f\u00f6derale Institutionen wie die Armee, das nationale Eisenbahnsystem und das Zentralbankensystem gef\u00f6rdert. Dar\u00fcber hinaus erm\u00f6glicht die direkte Demokratie den B\u00fcrgerinnen und B\u00fcrgern, sich aktiv am politischen Prozess zu beteiligen und Entscheidungen auf nationaler und kantonaler Ebene zu beeinflussen.<\/span><\/p>\n<h3><span class=\"font-377884\">Diversit\u00e4tsmanagement:<\/span><\/h3>\n<p><span class=\"font-377884\">Der Schweizer F\u00f6deralismus erweist sich als f\u00e4hig, die sprachliche, kulturelle und politische Vielfalt des Landes wirksam zu verwalten. Mit vier Landessprachen (Deutsch, Franz\u00f6sisch, Italienisch und R\u00e4toromanisch) und einer Vielzahl kultureller und politischer Traditionen ist der Schweizer F\u00f6deralismus ein wirksamer Mechanismus, um die Vielfalt innerhalb der Nation zu respektieren und zu bewahren.<\/span><\/p>\n<\/div>\n<h3><span class=\"font-377884\">Unterschiedliche Steuerpolitiken:<\/span><\/h3>\n<p><span class=\"font-377884\">Im Schweizer F\u00f6deralismus genie\u00dfen die Kantone weitgehende Autonomie, einschlie\u00dflich der Befugnis, Steuers\u00e4tze und die Art der Steuererhebung festzulegen. Diese Steuerautonomie f\u00fchrt zu einer betr\u00e4chtlichen Vielfalt zwischen den Kantonen in Bezug auf das angewandte Steuersystem.<\/span><\/p>\n<p><span class=\"font-377884\">Einige Kantone ziehen es vor, relativ niedrige Steuers\u00e4tze beizubehalten, um Unternehmen und Einwohner anzuziehen und so ein wirtschaftliches Umfeld zu schaffen, das Investitionen und Wirtschaftswachstum beg\u00fcnstigt. Andere Kantone hingegen entscheiden sich f\u00fcr h\u00f6here Steuers\u00e4tze, um umfangreichere \u00f6ffentliche Dienstleistungen zu finanzieren oder um den besonderen Bed\u00fcrfnissen ihrer Bev\u00f6lkerung gerecht zu werden.<\/span><\/p>\n<p><span class=\"font-377884\">Die Unterschiede in der Steuerpolitik der Kantone k\u00f6nnen sich erheblich auf die Qualit\u00e4t der angebotenen \u00f6ffentlichen Dienstleistungen, die allgemeine wirtschaftliche Attraktivit\u00e4t und die Verteilung des nationalen Wohlstands auswirken. Der Steuerwettbewerb zwischen den Kantonen kann jedoch auch Herausforderungen mit sich bringen, wie z. B. einen Wettlauf um niedrigere Steuers\u00e4tze, um Unternehmen und einkommensstarke Personen anzuziehen.<\/span><\/p>\n<p><span class=\"font-377884\">Zu den wohlhabendsten Schweizer Kantonen geh\u00f6ren Z\u00fcrich, Genf und Basel-Stadt. Diese Regionen zeichnen sich durch ihre starke wirtschaftliche Basis und die Pr\u00e4senz gro\u00dfer internationaler Unternehmen und Finanzinstitute aus. Ihre strategische geografische Lage und ihre unternehmensfreundliche Politik tragen zu ihrer wirtschaftlichen Prosperit\u00e4t und ihrer Attraktivit\u00e4t f\u00fcr Einwohner und Investoren bei.<\/span><\/p>\n<div class=\"markdown prose w-full break-words dark:prose-invert light\">\n<h2><span class=\"font-377884\">Referendum<\/span><\/h2>\n<p><span class=\"font-377884\">Das Referendum ist ein Grundpfeiler der Schweizer Demokratie und ein wichtiges Instrument, mit dem die B\u00fcrgerinnen und B\u00fcrger Einfluss auf die politischen Entscheidungen des Landes nehmen k\u00f6nnen. In der Schweiz gibt es zwei Arten von Referenden: obligatorische Referenden und fakultative Referenden.<\/span><\/p>\n<p><span class=\"font-377884\"><strong>Obligatorische Volksabstimmungen :<\/strong> Die meisten vom Schweizer Parlament verabschiedeten Gesetze und Verordnungen treten in Kraft, ohne dass eine Volksabstimmung erforderlich ist. In einigen F\u00e4llen muss der Beschluss jedoch auch einer obligatorischen Volksabstimmung unterzogen werden. Im Gegensatz zum fakultativen Referendum ist in diesen F\u00e4llen keine Unterschriftensammlung erforderlich: Das Referendum ist automatisch.<\/span><\/p>\n<p><span class=\"font-377884\"><strong>Fakultative Volksabstimmungen:<\/strong> In der Schweiz erl\u00e4sst das Parlament Gesetze, von denen die meisten in Kraft treten, ohne dass das Volk dar\u00fcber abstimmen muss. Die meisten Gesetze unterliegen dem fakultativen Referendum, d.h. das Volk stimmt nur dann ab, wenn ein Referendum gegen ein neues Gesetz oder dessen \u00c4nderung ergriffen wird. Diese Volksabstimmungen k\u00f6nnen auf nationaler, kantonaler oder kommunaler Ebene stattfinden. Wenn ein Komitee auf Bundesebene innerhalb von 100 Tagen nach der Ver\u00f6ffentlichung des Gesetzes 50.000 g\u00fcltige Unterschriften sammelt, wird das betreffende Gesetz dem Volk zur Abstimmung vorgelegt. Das Schweizer Parlament stimmt auch \u00fcber normative Rechtsakte ab, die keine Gesetze sind, wie z. B. Beschl\u00fcsse zu internationalen Vertr\u00e4gen. Gegen einige dieser normativen Rechtsakte kann auch das fakultative Referendum ergriffen werden.<\/span><\/p>\n<p><span class=\"font-377884\">Das Referendum spielt im F\u00f6deralismus eine wichtige Rolle, da es den B\u00fcrgern die M\u00f6glichkeit gibt, auf verschiedenen Ebenen, darunter auf nationaler, f\u00f6deraler und kommunaler Ebene, direkt auf politische Entscheidungen Einfluss zu nehmen. Es wird genutzt, um \u00fcber Verfassungsfragen, nationale Gesetze, internationale Abkommen und regionale Fragen abzustimmen. Auf kommunaler Ebene kann das Referendum Themen wie Stadtplanung, lokale Steuern, \u00f6ffentliche Dienstleistungen und Umweltfragen abdecken. In einem f\u00f6deralen Kontext tr\u00e4gt das Referendum dazu bei, das Machtgleichgewicht zwischen der Zentralregierung, den f\u00f6deralen Einheiten und den lokalen Gemeinschaften aufrechtzuerhalten und die Beteiligung der B\u00fcrger an der Entscheidungsfindung auf allen Ebenen sicherzustellen.<\/span><\/p>\n<div class=\"flex flex-grow flex-col max-w-full\">\n<div class=\"min-h-[20px] text-message flex flex-col items-start gap-3 whitespace-pre-wrap break-words [.text-message+&amp;]:mt-5 overflow-x-auto\" data-message-author-role=\"assistant\" data-message-id=\"8ad08928-ad31-4a37-a3d1-691d6e3d0176\">\n<div class=\"markdown prose w-full break-words dark:prose-invert light\">\n<p><span class=\"font-377884\">Der Schweizer F\u00f6deralismus ist ein erfolgreiches Modell der dezentralisierten Regierung auf der Grundlage der Subsidiarit\u00e4t, das die demokratische Beteiligung, die lokale Autonomie und den nationalen Zusammenhalt f\u00f6rdert. Die Kombination aus kantonaler Autonomie und nationaler Solidarit\u00e4t hat gezeigt, dass der F\u00f6deralismus ein wirksames Instrument zur Bew\u00e4ltigung von Komplexit\u00e4t und Vielfalt in einem nationalen Kontext sein kann.<\/span><\/p>\n<\/div>\n<\/div>\n<\/div>\n<\/div>\n<\/div>\n<\/div>\n<h2><span class=\"font-377884\">Deutschland<\/span><\/h2>\n<p><span class=\"font-377884\">Der F\u00f6deralismus in Deutschland ist ein grundlegendes Element der politischen Organisation des <strong><em>Landes<\/em><\/strong>, das durch die Aufteilung der Befugnisse zwischen dem Bund und den 16 Bundesl\u00e4ndern gekennzeichnet ist, die jeweils \u00fcber eine eigene Verfassung, eine eigene Regierung, ein eigenes Parlament und ein eigenes Justizsystem verf\u00fcgen. .<\/span><\/p>\n<p><span class=\"font-377884\">Die Bundesl\u00e4nder verf\u00fcgen \u00fcber weitgehende Autonomie in ihren inneren Angelegenheiten, wie Bildung, Polizei, Kommunalverwaltung, Justiz, Kultur und Umwelt. Die Bundesregierung mit Sitz in Berlin ist zust\u00e4ndig f\u00fcr Angelegenheiten von nationalem und supranationalem Interesse, wie Au\u00dfenpolitik, Landesverteidigung, Wirtschafts- und W\u00e4hrungspolitik, internationale Beziehungen, innerstaatliche Gesetzgebung und Beziehungen zu internationalen Organisationen. Die Zusammenarbeit zwischen der Bundesregierung und den Bundesl\u00e4ndern ist von grundlegender Bedeutung, und die &#8222;Ministerpr\u00e4sidentenkonferenz&#8220; ist ein wichtiges Gremium, in dem die Regierungschefs der L\u00e4nder in Fragen der nationalen und internationalen Politik zusammenarbeiten. Das Subsidiarit\u00e4tsprinzip besagt, dass Entscheidungen auf der niedrigstm\u00f6glichen Ebene getroffen werden sollten, und das Bundesverfassungsgericht spielt eine Schl\u00fcsselrolle bei der Gew\u00e4hrleistung des Machtgleichgewichts zwischen Bund und L\u00e4ndern, der Beilegung von Verfassungsstreitigkeiten und der Wahrung der Rechte der L\u00e4nder. Der deutsche F\u00f6deralismus f\u00f6rdert politische Teilhabe und Stabilit\u00e4t, indem er sich an die Bed\u00fcrfnisse und Herausforderungen des Landes anpasst.<\/span><\/p>\n<p>&nbsp;<\/p>\n<p>&nbsp;<\/p>\n<h2><span class=\"font-377884\">\u00d6sterreich<\/span><\/h2>\n<p><span class=\"font-377884\">\u00d6sterreich ist eine f\u00f6derale Republik, die aus 9 Bundesstaaten, den L\u00e4ndern, besteht. Der \u00f6sterreichische F\u00f6deralismus bildet die Grundlage der politischen Organisation des Landes und sieht eine klare Gewaltenteilung zwischen dem Bund und den L\u00e4ndern vor.<\/span><\/p>\n<p><span class=\"font-377884\">Die Bundesregierung mit Sitz in Wien ist f\u00fcr Angelegenheiten von nationalem und supranationalem Interesse zust\u00e4ndig, einschlie\u00dflich Au\u00dfenpolitik, Landesverteidigung, \u00f6ffentliche Finanzen, Wirtschaftspolitik und nationale Regulierung. Sie ist auch f\u00fcr die Pflege der internationalen Beziehungen und die Teilnahme \u00d6sterreichs an internationalen Organisationen zust\u00e4ndig.<\/span><\/p>\n<p><span class=\"font-377884\">\u00d6sterreichs Bundesl\u00e4nder genie\u00dfen weitgehende Autonomie und haben die Kontrolle \u00fcber viele innerstaatliche Angelegenheiten, wie z. B. Bildung, Kultur, Gesundheit, Soziales, Raumplanung und Umweltschutz. Jedes Bundesland hat eine eigene Verfassung, eine eigene Regierung und ein eigenes Parlament, die sich mit inneren Angelegenheiten und regionalspezifischen Fragen befassen.<\/span><\/p>\n<p><span class=\"font-377884\">Dar\u00fcber hinaus hat sich \u00d6sterreich das Subsidiarit\u00e4tsprinzip zu eigen gemacht, demzufolge Entscheidungen auf der niedrigstm\u00f6glichen, b\u00fcrgernahen Ebene getroffen werden sollten. Dieses Prinzip f\u00f6rdert die demokratische Beteiligung auf lokaler und regionaler Ebene und stellt sicher, dass Entscheidungen in dem am besten geeigneten Rahmen getroffen werden.<\/span><\/p>\n<div class=\"flex flex-grow flex-col max-w-full\">\n<div class=\"min-h-[20px] text-message flex flex-col items-start gap-3 whitespace-pre-wrap break-words [.text-message+&amp;]:mt-5 overflow-x-auto\" data-message-author-role=\"assistant\" data-message-id=\"bbfcf91b-5ff1-47f3-8943-983607d38cf4\">\n<div class=\"markdown prose w-full break-words dark:prose-invert light\">\n<p><span class=\"font-377884\">Der \u00f6sterreichische F\u00f6deralismus zeichnet sich auch durch sein System der Zusammenarbeit und Koordination zwischen Bund und L\u00e4ndern aus. Die Landeshauptleutekonferenz, die sich aus den Landeshauptleuten und dem Bundeskanzler zusammensetzt, spielt eine wichtige Rolle bei der F\u00f6rderung der Zusammenarbeit und des Zusammenhalts zwischen den verschiedenen Regierungsebenen.<\/span><\/p>\n<p><span class=\"font-377884\">Der \u00f6sterreichische F\u00f6deralismus ist jedoch nicht unproblematisch. Spannungen zwischen dem Bund und den L\u00e4ndern sowie zwischen den einzelnen L\u00e4ndern selbst k\u00f6nnen in Kompetenz- und Finanzfragen auftreten. Der effektive Umgang mit diesen Spannungen erfordert einen st\u00e4ndigen Dialog und Verhandlungen zwischen den beteiligten Parteien.<\/span><\/p>\n<p><span class=\"font-377884\">Der \u00f6sterreichische F\u00f6deralismus ist ein dezentralisiertes Regierungssystem, das auf die F\u00f6rderung der demokratischen Beteiligung, der regionalen Autonomie und der Zusammenarbeit zwischen dem Bund und den L\u00e4ndern abzielt. Seine Wirksamkeit h\u00e4ngt vom Ausgleich der Interessen und Kompetenzen der verschiedenen Regierungsebenen ab, um das Wohlergehen und die Entwicklung der gesamten Nation zu gew\u00e4hrleisten.<\/span><\/p>\n<\/div>\n<\/div>\n<\/div>\n<h2><span class=\"font-377884\">Belgien<\/span><\/h2>\n<p><span class=\"font-377884\">Belgien ist eine f\u00f6derale konstitutionelle Monarchie, die durch eine komplexe Aufteilung der Macht zwischen der f\u00f6deralen Regierung, den Regionen und den Sprachgemeinschaften gekennzeichnet ist. Die belgische Monarchie wurde 1830 eingef\u00fchrt, mit einem K\u00f6nig oder einer K\u00f6nigin als Staatsoberhaupt des Landes.<\/span><\/p>\n<p><span class=\"font-377884\">Gegenw\u00e4rtig ist der belgische K\u00f6nig Philipp, der in erster Linie eine symbolische und zeremonielle Rolle hat. Seine Befugnisse sind durch die Verfassung begrenzt, und seine Hauptaufgabe besteht darin, die Einheit und Kontinuit\u00e4t des Staates zu gew\u00e4hrleisten und als Aush\u00e4ngeschild f\u00fcr das belgische Volk zu dienen.<\/span><\/p>\n<p><span class=\"font-377884\">Der belgische F\u00f6deralismus basiert auf der Aufteilung des Landes in Regionen und Sprachgemeinschaften, die jeweils \u00fcber eine gewisse politische Autonomie verf\u00fcgen. Die drei Regionen Belgiens sind die fl\u00e4mische Region, die Region Br\u00fcssel-Hauptstadt und die wallonische Region. Zu den Sprachgemeinschaften geh\u00f6ren die fl\u00e4mische Gemeinschaft, die franz\u00f6sische Gemeinschaft und die deutschsprachige Gemeinschaft.<\/span><\/p>\n<p><span class=\"font-377884\">Die belgischen Regionen haben die Kontrolle \u00fcber Themen wie regionale Wirtschaft, Umwelt, Raumplanung und Bildung. Die Sprachgemeinschaften hingegen sind f\u00fcr Fragen im Zusammenhang mit Kultur, Bildung und kulturellen Einrichtungen zust\u00e4ndig.<\/span><\/p>\n<p><span class=\"font-377884\">Der belgische F\u00f6deralismus wurde geschaffen, um den unterschiedlichen Bed\u00fcrfnissen und Identit\u00e4ten der sprachlichen und regionalen Gemeinschaften des Landes gerecht zu werden. Diese komplexe Struktur hat jedoch auch zu Herausforderungen bei der Gew\u00e4hrleistung eines effizienten Funktionierens der Regierung und der Verwaltung der internen Beziehungen zwischen den verschiedenen f\u00f6deralen Einheiten gef\u00fchrt.<\/span><\/p>\n<p>&nbsp;<\/p>\n<p><span class=\"font-377884\">Der belgische K\u00f6nig kann als Figur der nationalen Einheit eine wichtige Rolle bei der F\u00f6rderung der Zusammenarbeit und des Zusammenhalts zwischen den verschiedenen Regionen und Sprachgemeinschaften des Landes spielen. Seine Anwesenheit kann dazu beitragen, den Dialog und die Solidarit\u00e4t zwischen den Belgiern unterschiedlicher sprachlicher und kultureller Herkunft zu f\u00f6rdern.<\/span><\/p>\n<p><span class=\"font-377884\">Die belgische konstitutionelle Monarchie spielt eine symbolische und repr\u00e4sentative Rolle innerhalb des f\u00f6deralen Kontextes Belgiens. Der belgische F\u00f6deralismus mit seinen autonomen Regionen und Sprachgemeinschaften ist bestrebt, die Vielfalt des Landes zu respektieren und zu sch\u00fctzen und gleichzeitig die nationale Einheit und den Zusammenhalt zu f\u00f6rdern.<\/span><\/p>\n<p>&nbsp;<\/p>\n<div class=\"flex flex-grow flex-col max-w-full\">\n<div class=\"min-h-[20px] text-message flex flex-col items-start gap-3 whitespace-pre-wrap break-words [.text-message+&amp;]:mt-5 overflow-x-auto\" data-message-author-role=\"assistant\" data-message-id=\"84c0d201-4d44-4298-8803-a8e48d7c55c2\">\n<div class=\"markdown prose w-full break-words dark:prose-invert light\">\n<div class=\"flex flex-grow flex-col max-w-full\">\n<div class=\"min-h-[20px] text-message flex flex-col items-start gap-3 whitespace-pre-wrap break-words [.text-message+&amp;]:mt-5 overflow-x-auto\" data-message-author-role=\"assistant\" data-message-id=\"7b1b46b5-0246-4e5b-ac3b-42677d68e2c9\">\n<div class=\"markdown prose w-full break-words dark:prose-invert light\">\n<h2><span class=\"font-377884\">Bosnien und Herzegowina<\/span><\/h2>\n<p><span class=\"font-377884\">Bosnien und Herzegowina ist eine f\u00f6derale Republik in S\u00fcdosteuropa, deren politisches System durch das Dayton-Abkommen von 1995 gepr\u00e4gt wurde, das den Krieg in Bosnien und Herzegowina beendete. Mit diesen Abkommen wurde ein komplexes f\u00f6derales Regierungssystem geschaffen, das autonome Einheiten und zentrale Institutionen umfasst.<\/span><\/p>\n<p><span class=\"font-377884\">Historisch gesehen besteht Bosnien und Herzegowina aus einer komplexen Mischung verschiedener ethnischer Gruppen, haupts\u00e4chlich Bosniaken (bosnische Muslime), Serben und Kroaten. Nach dem Krieg in den 1990er Jahren ist das Land in zwei gro\u00dfe Einheiten aufgeteilt: die F\u00f6deration Bosnien und Herzegowina mit einer bosniakischen und kroatischen Mehrheit und die Serbische Republik Bosnien und Herzegowina (Republika Srpska) mit einer serbischen Mehrheit. Jede Entit\u00e4t hat ihre eigene Regierung, ihr eigenes Parlament und ihr eigenes Rechtssystem.<\/span><\/p>\n<p><span class=\"font-377884\">Auf f\u00f6deraler Ebene verf\u00fcgt Bosnien und Herzegowina \u00fcber zentrale Institutionen, darunter die Pr\u00e4sidentschaft, die sich aus drei Mitgliedern zusammensetzt, die die einzelnen ethnischen Gruppen des Landes vertreten, und das Parlament, die so genannte Parlamentarische Versammlung. Diese Institutionen k\u00fcmmern sich um Angelegenheiten, die das gesamte Land betreffen, wie Au\u00dfenpolitik, Verteidigung und Finanzen.<\/span><\/p>\n<p><span class=\"font-377884\">Die derzeitige politische Lage in Bosnien und Herzegowina ist durch ein komplexes Geflecht von Beziehungen zwischen den Entit\u00e4ten und der Zentralregierung gekennzeichnet. Das politische System des Landes ist jedoch h\u00e4ufig durch ethnische Spaltungen, gegens\u00e4tzliche Interessen und eine effektive Zersplitterung der Macht gel\u00e4hmt. Ethnische und politische Spannungen bleiben eine st\u00e4ndige Herausforderung, und die Wirksamkeit des f\u00f6deralen Systems wurde wiederholt auf die Probe gestellt. Es gab auch Diskussionen \u00fcber eine m\u00f6gliche St\u00e4rkung der Zentralregierung, um die Herausforderungen des Landes besser bew\u00e4ltigen zu k\u00f6nnen, aber solche Vorschl\u00e4ge sto\u00dfen oft auf den Widerstand lokaler Einheiten und politischer Gruppen.<\/span><span class=\"font-377884\">Zusammenfassend l\u00e4sst sich sagen, dass Bosnien und Herzegowina weiterhin vor gro\u00dfen Herausforderungen steht, wenn es darum geht, ein funktionierendes f\u00f6derales System aufrechtzuerhalten, das die Bed\u00fcrfnisse der verschiedenen ethnischen Gemeinschaften in Einklang bringt und die politische und soziale Stabilit\u00e4t im Land f\u00f6rdert.<\/span><\/p>\n<\/div>\n<\/div>\n<\/div>\n<\/div>\n<\/div>\n<\/div>\n<div class=\"flex flex-grow flex-col max-w-full\">\n<div class=\"min-h-[20px] text-message flex flex-col items-start gap-3 whitespace-pre-wrap break-words [.text-message+&amp;]:mt-5 overflow-x-auto\" data-message-author-role=\"assistant\" data-message-id=\"6a61453e-08f1-4c57-9b95-a4557e9bb06f\">\n<div class=\"markdown prose w-full break-words dark:prose-invert light\">\n<div class=\"flex flex-grow flex-col max-w-full\">\n<div class=\"min-h-[20px] text-message flex flex-col items-start gap-3 whitespace-pre-wrap break-words [.text-message+&amp;]:mt-5 overflow-x-auto\" data-message-author-role=\"assistant\" data-message-id=\"412f6346-934c-4426-8548-aef5d5ea8428\">\n<div class=\"markdown prose w-full break-words dark:prose-invert light\"><\/div>\n<\/div>\n<\/div>\n<\/div>\n<\/div>\n<\/div>\n<figure id=\"attachment_231079\" aria-describedby=\"caption-attachment-231079\" style=\"width: 1024px\" class=\"wp-caption aligncenter\"><a href=\"https:\/\/swissfederalism.ch\/wp-content\/uploads\/2024\/02\/Unites-States-Image-by-WalkingRadiance-CC-BY-SA-4.0-via-Wikimedia-Commons.png\"><img decoding=\"async\" class=\"size-full wp-image-231079\" src=\"https:\/\/swissfederalism.ch\/wp-content\/uploads\/2024\/02\/Unites-States-Image-by-WalkingRadiance-CC-BY-SA-4.0-via-Wikimedia-Commons.png\" alt=\"Unites States Image by WalkingRadiance, CC BY-SA 4.0, via Wikimedia Commons\" width=\"1024\" height=\"563\" srcset=\"https:\/\/swissfederalism.ch\/wp-content\/uploads\/2024\/02\/Unites-States-Image-by-WalkingRadiance-CC-BY-SA-4.0-via-Wikimedia-Commons.png 1024w, https:\/\/swissfederalism.ch\/wp-content\/uploads\/2024\/02\/Unites-States-Image-by-WalkingRadiance-CC-BY-SA-4.0-via-Wikimedia-Commons-300x165.png 300w, https:\/\/swissfederalism.ch\/wp-content\/uploads\/2024\/02\/Unites-States-Image-by-WalkingRadiance-CC-BY-SA-4.0-via-Wikimedia-Commons-768x422.png 768w, https:\/\/swissfederalism.ch\/wp-content\/uploads\/2024\/02\/Unites-States-Image-by-WalkingRadiance-CC-BY-SA-4.0-via-Wikimedia-Commons-350x192.png 350w\" sizes=\"(max-width: 1024px) 100vw, 1024px\" \/><\/a><figcaption id=\"caption-attachment-231079\" class=\"wp-caption-text\"><span class=\"font-377884\">United States map Image by WalkingRadiance, CC BY-SA 4.0, via Wikimedia Commons<\/span><\/figcaption><\/figure>\n<h2><span class=\"font-377884\">Vereinigte Staaten<\/span><\/h2>\n<p><span class=\"font-377884\">Der F\u00f6deralismus in den Vereinigten Staaten ist eines der Grundprinzipien des politischen Systems des Landes. Er beruht auf der Aufteilung der Befugnisse zwischen der Bundesregierung und den 50 Bundesstaaten, aus denen sich die Union zusammensetzt. In der US-Verfassung sind die der Bundesregierung vorbehaltenen Befugnisse klar definiert, darunter die Landesverteidigung, das Gelddrucken und die Au\u00dfenpolitik. Auf der anderen Seite wird den Bundesstaaten die Kontrolle \u00fcber Themen wie Bildung, Strafrecht und Ehe zugewiesen.<\/span><\/p>\n<p><span class=\"font-377884\">Ein besonderer Aspekt des amerikanischen F\u00f6deralismus ist das Konzept der &#8222;souver\u00e4nen Autonomie&#8220;. Dieses Prinzip r\u00e4umt den Bundesstaaten eine weitgehende Freiheit der Selbstverwaltung ein, w\u00e4hrend sie gleichzeitig der Bundesverfassung unterliegen. Das bedeutet, dass die Bundesstaaten die Befugnis haben, Gesetze und politische Ma\u00dfnahmen zu einem breiten Spektrum von Themen zu erlassen, die ihre B\u00fcrger direkt betreffen, wie z. B. die Gesetzgebung in den Bereichen Bildung, Gesundheitsf\u00fcrsorge, Zivilrecht und wirtschaftliche Entwicklung.<\/span><\/p>\n<p><span class=\"font-377884\">Die Autonomie der Bundesstaaten ist im zehnten Zusatzartikel der US-Verfassung verankert, der besagt, dass alle Befugnisse, die nicht ausdr\u00fccklich der Bundesregierung \u00fcbertragen wurden, den Bundesstaaten oder dem Volk vorbehalten sind. Dieser Grundsatz der Souver\u00e4nit\u00e4t der Bundesstaaten war im Laufe der Geschichte der USA immer wieder Gegenstand von Debatten und Auslegungen und beeinflusste die Beziehungen zwischen der Bundesregierung und den Bundesstaaten in verschiedenen politischen, sozialen und wirtschaftlichen Angelegenheiten.<\/span><\/p>\n<p><span class=\"font-377884\">Ein greifbares Beispiel f\u00fcr die souver\u00e4ne Autonomie der Staaten ist die M\u00f6glichkeit jedes Staates, Gesetze zu erlassen, die die Pr\u00e4ferenzen und Werte seiner B\u00fcrger widerspiegeln, obwohl diese Gesetze von Staat zu Staat sehr unterschiedlich sein k\u00f6nnen. W\u00e4hrend einige Bundesstaaten beispielsweise Marihuana f\u00fcr Freizeitzwecke legalisieren, k\u00f6nnen andere es ganz verbieten.<\/span><\/p>\n<p><span class=\"font-377884\">Dar\u00fcber hinaus kommt der F\u00f6deralismus in den Vereinigten Staaten auch durch das System der gegenseitigen Kontrolle und des Machtgleichgewichts zwischen der Bundesregierung und den Bundesstaaten zum Ausdruck, wodurch sichergestellt wird, dass keine Regierungsebene eine zu gro\u00dfe Dominanz \u00fcber die anderen erh\u00e4lt. Dieses Machtgleichgewicht ist f\u00fcr die Erhaltung der Demokratie und der individuellen Freiheit in den Vereinigten Staaten von grundlegender Bedeutung.<\/span><\/p>\n<p>&nbsp;<\/p>\n<h2><span class=\"font-377884\">Kanada<\/span><\/h2>\n<p><span class=\"font-377884\">Der kanadische F\u00f6deralismus bildet die Grundlage des politischen Systems des Landes, das eine f\u00f6derale konstitutionelle Monarchie ist und aus 10 Provinzen und 3 Territorien besteht. Dieses System wurde durch die Verfassung von 1867 und sp\u00e4tere \u00c4nderungen festgelegt. Der K\u00f6nig des Vereinigten K\u00f6nigreichs, derzeit Karl III., ist auch der K\u00f6nig von Kanada und das repr\u00e4sentative Staatsoberhaupt des Landes. Die Befugnisse der Monarchie sind jedoch haupts\u00e4chlich symbolischer und zeremonieller Natur, w\u00e4hrend die Regierung Kanadas von Vertretern gef\u00fchrt wird, die vom Volk gew\u00e4hlt werden.<\/span><\/p>\n<p><span class=\"font-377884\">Die Bundesregierung mit Sitz in Ottawa ist f\u00fcr nationale und supranationale Angelegenheiten wie Verteidigung, Au\u00dfenpolitik, Wirtschaftsregulierung, W\u00e4hrungspolitik und Einwanderung zust\u00e4ndig. Sie ist auch f\u00fcr die Beziehungen zu den Provinzen und Territorien zust\u00e4ndig.<\/span><\/p>\n<p><span class=\"font-377884\">Die Provinzen und Territorien genie\u00dfen in ihren jeweiligen Zust\u00e4ndigkeitsbereichen erhebliche Autonomie. So sind sie beispielsweise f\u00fcr so wichtige Bereiche wie Bildung, Gesundheit, Zivilrecht, wirtschaftliche Entwicklung und Umwelt zust\u00e4ndig. Diese f\u00f6derale Struktur erm\u00f6glicht eine flexible Anpassung der Politiken und Gesetze an die spezifischen Bed\u00fcrfnisse der einzelnen Regionen.<\/span><\/p>\n<p><span class=\"font-377884\">Ein charakteristischer Aspekt des kanadischen F\u00f6deralismus ist das Konzept der &#8222;Asymmetrie&#8220;. Dies bedeutet, dass einige Provinzen \u00fcber mehr Autonomie verf\u00fcgen als andere. So hat beispielsweise Quebec mit seiner starken franz\u00f6sischen kulturellen und sprachlichen Identit\u00e4t mehr Befugnisse in Bezug auf Sprache und Kultur erhalten als andere Provinzen. Diese Asymmetrie spiegelt die Herausforderungen und die Komplexit\u00e4t des Umgangs mit der kulturellen und sprachlichen Vielfalt in Kanada wider.<\/span><\/p>\n<p><span class=\"font-377884\">Der kanadische F\u00f6deralismus beruht auf einer klaren Aufteilung der Befugnisse zwischen der Bundesregierung und den Provinzen\/Gebieten. Dieses System f\u00f6rdert die demokratische Beteiligung, respektiert die regionale und kulturelle Vielfalt und f\u00f6rdert die politische und wirtschaftliche Stabilit\u00e4t Kanadas. Die konstitutionelle Monarchie ist zwar symbolisch, bleibt aber ein wichtiges Element der politischen Struktur des Landes.<\/span><\/p>\n<p>&nbsp;<\/p>\n<h2><span class=\"font-377884\">Mexiko<\/span><\/h2>\n<p><span class=\"font-377884\">Der mexikanische F\u00f6deralismus bildet die Grundlage der politischen Organisation Mexikos, einer f\u00f6deralen Republik, die aus 31 Bundesstaaten und einem Bundesdistrikt besteht, zu dem auch die Hauptstadt Mexiko-Stadt geh\u00f6rt. Dieses politische System wurde durch die mexikanische Verfassung von 1917 eingef\u00fchrt und sieht eine klare Aufteilung der Macht zwischen der Bundesregierung und den Bundesstaaten vor.<\/span><\/p>\n<p><span class=\"font-377884\">Die Bundesregierung mit Sitz in Mexiko-Stadt ist f\u00fcr Angelegenheiten von nationalem und supranationalem Interesse zust\u00e4ndig, darunter Verteidigung, Au\u00dfenpolitik, nationale Sicherheit, Wirtschaftspolitik und die Verwaltung der nat\u00fcrlichen Ressourcen auf nationaler Ebene. Au\u00dferdem ist sie f\u00fcr die Regulierung von Schl\u00fcsselsektoren wie Telekommunikation, Energie und Infrastruktur zust\u00e4ndig.<\/span><\/p>\n<p><span class=\"font-377884\">Mexikanische Bundesstaaten wie Jalisco, Nuevo Le\u00f3n und Puebla genie\u00dfen weitgehende Autonomie und sind f\u00fcr ein breites Spektrum an innerstaatlichen Angelegenheiten zust\u00e4ndig, darunter Bildung, Gesundheit, Umwelt, Justiz und Infrastrukturentwicklung. Diese Autonomie erm\u00f6glicht es den Bundesstaaten, Politiken und Gesetze zu verabschieden, die die Bed\u00fcrfnisse und Pr\u00e4ferenzen ihrer B\u00fcrger widerspiegeln und dabei regionale und kulturelle Eigenheiten ber\u00fccksichtigen.<\/span><\/p>\n<p><span class=\"font-377884\">Der mexikanische F\u00f6deralismus zeichnet sich auch durch die Existenz eines Bundesdistrikts aus, in dem die Hauptstadt Mexiko-Stadt liegt. Dieser Distrikt verf\u00fcgt \u00fcber eine besondere Verwaltungsorganisation mit einer separaten lokalen Regierung und einer eigenen Gesetzgebung, die sich mit hauptstadtspezifischen Fragen befasst.<\/span><\/p>\n<p><span class=\"font-377884\">Der mexikanische F\u00f6deralismus ist jedoch nicht ohne Herausforderungen. Die Komplexit\u00e4t der Beziehungen zwischen der Bundesregierung und den Bundesstaaten sowie die sozio\u00f6konomischen und kulturellen Unterschiede zwischen den verschiedenen Regionen des Landes k\u00f6nnen zu Spannungen und Schwierigkeiten bei der Zusammenarbeit und der gemeinsamen Verwaltung von Ressourcen und \u00f6ffentlichen Ma\u00dfnahmen f\u00fchren.<\/span><\/p>\n<p><span class=\"font-377884\">Zusammenfassend l\u00e4sst sich sagen, dass der mexikanische F\u00f6deralismus auf der Aufteilung der Befugnisse zwischen der Bundesregierung und den Bundesstaaten beruht, mit dem Ziel, eine effiziente nationale Regierung zu gew\u00e4hrleisten und auf die Bed\u00fcrfnisse der lokalen Gemeinschaften im ganzen Land einzugehen. Die Verwaltung der zwischenstaatlichen Beziehungen stellt f\u00fcr Mexiko nach wie vor eine gro\u00dfe Herausforderung dar, wenn es darum geht, Koh\u00e4sion und Gerechtigkeit in seinem politischen und institutionellen System zu erreichen.<\/span><\/p>\n<p>&nbsp;<\/p>\n<p>&nbsp;<\/p>\n<div class=\"flex flex-grow flex-col max-w-full\">\n<div class=\"min-h-[20px] text-message flex flex-col items-start gap-3 whitespace-pre-wrap break-words [.text-message+&amp;]:mt-5 overflow-x-auto\" data-message-author-role=\"assistant\" data-message-id=\"287834a4-e477-4cd0-bae3-eaca1f17c8d5\">\n<div class=\"markdown prose w-full break-words dark:prose-invert light\">\n<h2><span class=\"font-377884\">St. Kitts und Nevis<\/span><\/h2>\n<p><span class=\"font-377884\">St. Kitts (oder St. Christoph) und Nevis ist ein Inselstaat in der Karibik, der aus zwei Hauptinseln besteht: St. Kitts und Nevis. Beide Inseln genie\u00dfen innerhalb der politischen Struktur von St. Kitts und Nevis den Status von Bundesstaaten.<\/span><\/p>\n<p><span class=\"font-377884\">Jede Insel hat ihre eigene lokale Regierung, die aus einer autonomen Verwaltung besteht, die sich um inselspezifische Angelegenheiten wie Bildung, Gesundheit, Infrastruktur und lokale Verwaltung k\u00fcmmert. Diese lokalen Regierungen sind f\u00fcr die Verwaltung der t\u00e4glichen Angelegenheiten ihrer jeweiligen Insel zust\u00e4ndig und gehen direkt auf die Bed\u00fcrfnisse und Anliegen der Bev\u00f6lkerung ein.<\/span><\/p>\n<p><span class=\"font-377884\">Trotz der Autonomie der einzelnen Inseln gibt es in St. Kitts und Nevis auch eine zentralisierte Bundesregierung, die sich mit Angelegenheiten von nationalem Interesse befasst. Diese Bundesregierung k\u00fcmmert sich um Angelegenheiten der Landesverteidigung, der Au\u00dfenbeziehungen, der Wirtschaft und andere Fragen, die den gesamten Staat St. Kitts und Nevis betreffen.<\/span><\/p>\n<p><span class=\"font-377884\">Die f\u00f6derale Struktur von St. Kitts und Nevis erm\u00f6glicht es den beiden Inseln, ein gewisses Ma\u00df an Autonomie zu bewahren und entsprechend ihren lokalen Bed\u00fcrfnissen und Besonderheiten zu regieren, w\u00e4hrend sie gleichzeitig in Angelegenheiten von gemeinsamem Interesse \u00fcber die Bundesregierung zusammenarbeiten und ihre Politik und Entscheidungen koordinieren.<\/span><\/p>\n<p><span class=\"font-377884\">Dieses f\u00f6derale Modell tr\u00e4gt dazu bei, ein Gleichgewicht zwischen lokaler Autonomie und der Notwendigkeit einer starken Zentralregierung herzustellen, um die Herausforderungen zu bew\u00e4ltigen und die gemeinsamen Ziele des gesamten Staates St. Kitts und Nevis zu verfolgen. Auf diese Weise tr\u00e4gt die f\u00f6derale Struktur dazu bei, eine effektive Regierungsf\u00fchrung und eine gleichberechtigte Vertretung aller Gemeinschaften auf der karibischen Inselgruppe zu gew\u00e4hrleisten.<\/span><\/p>\n<\/div>\n<\/div>\n<\/div>\n<figure id=\"attachment_231059\" aria-describedby=\"caption-attachment-231059\" style=\"width: 512px\" class=\"wp-caption aligncenter\"><a href=\"https:\/\/swissfederalism.ch\/wp-content\/uploads\/2024\/02\/Map-of-federal-argentina-Image-by-Bleff-GFDL-via-Wikimedia-Commons.png\"><img decoding=\"async\" class=\"size-full wp-image-231059\" src=\"https:\/\/swissfederalism.ch\/wp-content\/uploads\/2024\/02\/Map-of-federal-argentina-Image-by-Bleff-GFDL-via-Wikimedia-Commons.png\" alt=\"Map of federal argentina Image by Bleff, GFDL, via Wikimedia Commons\" width=\"512\" height=\"847\" srcset=\"https:\/\/swissfederalism.ch\/wp-content\/uploads\/2024\/02\/Map-of-federal-argentina-Image-by-Bleff-GFDL-via-Wikimedia-Commons.png 512w, https:\/\/swissfederalism.ch\/wp-content\/uploads\/2024\/02\/Map-of-federal-argentina-Image-by-Bleff-GFDL-via-Wikimedia-Commons-181x300.png 181w, https:\/\/swissfederalism.ch\/wp-content\/uploads\/2024\/02\/Map-of-federal-argentina-Image-by-Bleff-GFDL-via-Wikimedia-Commons-350x579.png 350w\" sizes=\"(max-width: 512px) 100vw, 512px\" \/><\/a><figcaption id=\"caption-attachment-231059\" class=\"wp-caption-text\"><span class=\"font-377884\">Map of federal argentina Image by Bleff, GFDL, via Wikimedia Commons<\/span><\/figcaption><\/figure>\n<h2><span class=\"font-377884\">Argentinien<\/span><\/h2>\n<p><span class=\"font-377884\">Argentinien ist eine f\u00f6derale Republik, die aus 23 Provinzen und der autonomen Stadt Buenos Aires besteht. Der argentinische F\u00f6deralismus basiert auf einer Gewaltenteilung zwischen der Bundesregierung und den Provinzen, wobei den Provinzen eine gewisse Autonomie einger\u00e4umt wird.<\/span><\/p>\n<p><span class=\"font-377884\">Die Bundesregierung mit Sitz in Buenos Aires ist zust\u00e4ndig f\u00fcr die Au\u00dfenpolitik, die Landesverteidigung, die Wirtschaftspolitik und die \u00f6ffentlichen Finanzen. Sie ist auch f\u00fcr die internationalen Beziehungen des Landes sowie f\u00fcr die W\u00e4hrungs- und Handelspolitik zust\u00e4ndig.<\/span><\/p>\n<p><span class=\"font-377884\">Die argentinischen Provinzen, wie Buenos Aires, C\u00f3rdoba und Santa Fe, genie\u00dfen weitgehende Autonomie und sind f\u00fcr viele innenpolitische Fragen zust\u00e4ndig. Dazu geh\u00f6ren Bildung, Gesundheit, Justiz, Umwelt, Stadtplanung und regionale Wirtschaftsentwicklung. Jede Provinz hat eine eigene Verfassung, eine eigene Regierung und eine eigene Legislative, die sich mit internen Angelegenheiten und regionalspezifischen Fragen befassen.<\/span><\/p>\n<p><span class=\"font-377884\">Der argentinische F\u00f6deralismus wurde eingef\u00fchrt, um der gro\u00dfen geografischen, kulturellen und wirtschaftlichen Vielfalt des Landes Rechnung zu tragen. Diese f\u00f6derale Struktur hat jedoch auch zu Herausforderungen bei der Gew\u00e4hrleistung einer wirksamen Koordinierung und Zusammenarbeit zwischen der Zentralregierung und den Provinzen sowie zwischen den verschiedenen Provinzen selbst gef\u00fchrt.<\/span><\/p>\n<p><span class=\"font-377884\">Spannungen zwischen der Zentralregierung und den Provinzen k\u00f6nnen sich aus Fragen der Zust\u00e4ndigkeit, der Finanzierung und der Ressourcen ergeben. Die Koordinierung zwischen der Zentralregierung und den Provinzen ist f\u00fcr die Bew\u00e4ltigung der sozio\u00f6konomischen Herausforderungen und die F\u00f6rderung einer nachhaltigen Entwicklung im ganzen Land unerl\u00e4sslich.<\/span><\/p>\n<p><span class=\"font-377884\">Der argentinische F\u00f6deralismus ist ein Schl\u00fcsselelement der politischen Organisation des Landes, das auf eine gerechte Verteilung der Macht und die Ber\u00fccksichtigung der spezifischen Bed\u00fcrfnisse der verschiedenen Regionen abzielt. Die wirksame Gestaltung der zwischenstaatlichen Beziehungen stellt f\u00fcr Argentinien nach wie vor eine gro\u00dfe Herausforderung dar, um den nationalen Zusammenhalt und eine harmonische Entwicklung im ganzen Land zu f\u00f6rdern.<\/span><\/p>\n<p>&nbsp;<\/p>\n<p>&nbsp;<\/p>\n<h2><span class=\"font-377884\">Brasilien<\/span><\/h2>\n<p><span class=\"font-377884\">Der brasilianische F\u00f6deralismus ist das politische System Brasiliens, einer f\u00f6derativen Republik, die aus 26 Bundesstaaten und einem Bundesdistrikt besteht, zu dem auch die Hauptstadt Brasilia geh\u00f6rt. Die f\u00f6derale Struktur Brasiliens wurde haupts\u00e4chlich in der Verfassung von 1988 festgelegt, in der die ausschlie\u00dflichen Befugnisse des Bundes, der Bundesstaaten und der Gemeinden definiert sind.<\/span><\/p>\n<p><span class=\"font-377884\">Die Bundesregierung mit Sitz in Brasilia ist f\u00fcr Angelegenheiten von nationalem und supranationalem Interesse zust\u00e4ndig, z. B. f\u00fcr die Verteidigung, die Au\u00dfenpolitik, die nationale Wirtschaft und die Verwaltung der nat\u00fcrlichen Ressourcen von nationaler Bedeutung. Sie ist auch f\u00fcr die Regulierung von Schl\u00fcsselsektoren wie Telekommunikation, Energie und Infrastruktur zust\u00e4ndig.<\/span><\/p>\n<p><span class=\"font-377884\">Die brasilianischen Bundesstaaten wiederum genie\u00dfen weitgehende Autonomie und haben Befugnisse in Bereichen wie Gesundheit, Bildung, \u00f6ffentliche Sicherheit, Kommunalverwaltung, Justiz und Umwelt. Diese Autonomie erm\u00f6glicht es den Bundesstaaten, politische Ma\u00dfnahmen und Gesetze zu erlassen, die auf ihre spezifischen regionalen, kulturellen und wirtschaftlichen Bed\u00fcrfnisse abgestimmt sind.<\/span><\/p>\n<p><span class=\"font-377884\">Gemeinden oder lokale Verwaltungseinheiten sind f\u00fcr grundlegende Dienstleistungen wie Grundschulbildung, medizinische Grundversorgung, Stra\u00dfenverwaltung und Raumordnung zust\u00e4ndig. Sie k\u00f6nnen auch \u00fcber ein gewisses Ma\u00df an finanzieller Autonomie verf\u00fcgen, um den effektiven Betrieb lokaler \u00f6ffentlicher Dienste zu gew\u00e4hrleisten.<\/span><\/p>\n<p><span class=\"font-377884\">Ein wichtiges Element des brasilianischen F\u00f6deralismus ist die F\u00f6rderung des Gleichgewichts zwischen den verschiedenen Regionen des Landes. Dieses Gleichgewicht wird h\u00e4ufig durch regionale Entwicklungsma\u00dfnahmen, Finanztransfers zwischen der Bundesregierung und den weniger entwickelten Bundesstaaten sowie durch \u00f6ffentliche Investitionsprogramme zur Verringerung der wirtschaftlichen und sozialen Ungleichheiten zwischen den Regionen angestrebt.<\/span><\/p>\n<p><span class=\"font-377884\">Es sei jedoch darauf hingewiesen, dass der brasilianische F\u00f6deralismus nicht ohne Herausforderungen ist. Sozio\u00f6konomische und kulturelle Unterschiede zwischen den Bundesstaaten sowie die komplexe politische Struktur des Landes k\u00f6nnen zu Spannungen und Schwierigkeiten bei der Zusammenarbeit und der gemeinsamen Verwaltung von Ressourcen und \u00f6ffentlichen Ma\u00dfnahmen f\u00fchren.<\/span><\/p>\n<p><span class=\"font-377884\">Zusammenfassend l\u00e4sst sich sagen, dass der brasilianische F\u00f6deralismus auf einem Gleichgewicht zwischen der zentralen Autorit\u00e4t der Bundesregierung und der Autonomie der Bundesstaaten und Gemeinden basiert, mit dem Ziel, eine harmonische Entwicklung und demokratische Beteiligung auf nationaler Ebene zu f\u00f6rdern.<\/span><\/p>\n<p>&nbsp;<\/p>\n<p>&nbsp;<\/p>\n<h2><span class=\"font-377884\">Venezuela<\/span><\/h2>\n<p><span class=\"font-377884\">Die Struktur des venezolanischen F\u00f6deralismus spiegelt die Aufteilung der Macht zwischen der Bundesregierung, den Bundesstaaten, dem Hauptstadtdistrikt und den f\u00f6deralen Abh\u00e4ngigkeitsgebieten wider. Dieses System soll ein angemessenes Gleichgewicht zwischen der zentralen Macht und der Autonomie der lokalen Einheiten gew\u00e4hrleisten.<\/span><\/p>\n<p><span class=\"font-377884\">Die Bundesregierung mit Sitz in Caracas k\u00fcmmert sich um Angelegenheiten von nationalem Interesse, einschlie\u00dflich Au\u00dfenpolitik, Landesverteidigung, internationale Beziehungen und Wirtschaftsfragen von nationaler Bedeutung. Sie ist auch f\u00fcr Angelegenheiten von gemeinsamem nationalem Interesse zust\u00e4ndig, wie den zwischenstaatlichen Handel und die Verkehrsinfrastruktur.<\/span><\/p>\n<p><span class=\"font-377884\">Die insgesamt 23 Bundesstaaten verf\u00fcgen \u00fcber eine gewisse Autonomie bei der Behandlung von Angelegenheiten von lokalem Interesse. Dazu geh\u00f6ren Bildung, Gesundheit, Justiz, regionale Wirtschaftsentwicklung, Stadtplanung und Kultur. Jeder Bundesstaat hat eine eigene Verfassung, eine eigene Regierung und eine eigene Legislative, die sich um die inneren Angelegenheiten k\u00fcmmern und die Entwicklung der jeweiligen Region f\u00f6rdern.<\/span><\/p>\n<p><span class=\"font-377884\">Der Hauptstadtdistrikt, zu dem Caracas geh\u00f6rt, dient als Sitz der Bundesregierung und ist als politisches und wirtschaftliches Zentrum des Landes von besonderer Bedeutung. Er unterliegt einer besonderen Gesetzgebung, die das ordnungsgem\u00e4\u00dfe Funktionieren der zentralen Institutionen gew\u00e4hrleisten und den spezifischen Bed\u00fcrfnissen der nationalen Hauptstadt Rechnung tragen soll.<\/span><\/p>\n<p><span class=\"font-377884\">F\u00f6derale Dependenzen sind besondere Gebiete des Landes, die einen Sonderstatus genie\u00dfen. Dabei kann es sich um Inseln oder abgelegene Gebiete mit besonderen Bed\u00fcrfnissen und Merkmalen handeln, die eine Sonderbehandlung durch die Bundesregierung erfordern.<\/span><\/p>\n<p><span class=\"font-377884\">Es ist wichtig zu beachten, dass der spezifische Charakter des venezolanischen F\u00f6deralismus von verschiedenen Faktoren beeinflusst werden kann, darunter die politische Geschichte des Landes, die regionale Kultur, die interne politische Dynamik und die Bed\u00fcrfnisse der verschiedenen Gemeinschaften. Dieses f\u00f6derale Modell versucht, ein Gleichgewicht zwischen lokaler Autonomie und der Notwendigkeit einer starken Zentralregierung herzustellen, um den nationalen Zusammenhalt und das Wohlergehen des gesamten venezolanischen Volkes zu gew\u00e4hrleisten.<\/span><\/p>\n<div class=\"flex flex-grow flex-col max-w-full\">\n<div class=\"min-h-[20px] text-message flex flex-col items-start gap-3 whitespace-pre-wrap break-words [.text-message+&amp;]:mt-5 overflow-x-auto\" data-message-author-role=\"assistant\" data-message-id=\"70fa4e77-4c17-4c5b-8146-61e200a5b605\">\n<div class=\"markdown prose w-full break-words dark:prose-invert light\"><\/div>\n<\/div>\n<\/div>\n<figure id=\"attachment_231071\" aria-describedby=\"caption-attachment-231071\" style=\"width: 512px\" class=\"wp-caption aligncenter\"><a href=\"https:\/\/swissfederalism.ch\/wp-content\/uploads\/2024\/02\/Map-of-India-Image-by-Rajeshodayanchal-at-Malayalam-Wikipedia-CC-BY-SA-3.0-via-Wikimedia-Commons.png\"><img decoding=\"async\" class=\"size-full wp-image-231071\" src=\"https:\/\/swissfederalism.ch\/wp-content\/uploads\/2024\/02\/Map-of-India-Image-by-Rajeshodayanchal-at-Malayalam-Wikipedia-CC-BY-SA-3.0-via-Wikimedia-Commons.png\" alt=\"Map of India Image by Rajeshodayanchal at Malayalam Wikipedia, CC BY-SA 3.0, via Wikimedia Commons\" width=\"512\" height=\"598\" srcset=\"https:\/\/swissfederalism.ch\/wp-content\/uploads\/2024\/02\/Map-of-India-Image-by-Rajeshodayanchal-at-Malayalam-Wikipedia-CC-BY-SA-3.0-via-Wikimedia-Commons.png 512w, https:\/\/swissfederalism.ch\/wp-content\/uploads\/2024\/02\/Map-of-India-Image-by-Rajeshodayanchal-at-Malayalam-Wikipedia-CC-BY-SA-3.0-via-Wikimedia-Commons-257x300.png 257w, https:\/\/swissfederalism.ch\/wp-content\/uploads\/2024\/02\/Map-of-India-Image-by-Rajeshodayanchal-at-Malayalam-Wikipedia-CC-BY-SA-3.0-via-Wikimedia-Commons-350x409.png 350w\" sizes=\"(max-width: 512px) 100vw, 512px\" \/><\/a><figcaption id=\"caption-attachment-231071\" class=\"wp-caption-text\"><span class=\"font-377884\">Map of India Image by Rajeshodayanchal at Malayalam Wikipedia, CC BY-SA 3.0, via Wikimedia Commons<\/span><\/figcaption><\/figure>\n<h2><span class=\"font-377884\">Indien<\/span><\/h2>\n<p><span class=\"font-377884\">Der indische F\u00f6deralismus bildet die Grundlage der politischen Organisation Indiens, einer f\u00f6deralen Republik, die aus 28 Bundesstaaten und 8 Unionsterritorien besteht. Dieses politische System wurde in der indischen Verfassung von 1950 festgelegt, in der die Gesetzgebungs- und Verwaltungsbefugnisse sowohl der Zentralregierung als auch der Regierungen der Bundesstaaten geregelt sind.<\/span><\/p>\n<p><span class=\"font-377884\">Die Bundesregierung mit Sitz in Neu-Delhi ist f\u00fcr Angelegenheiten von nationalem und supranationalem Interesse zust\u00e4ndig, wie z. B. Landesverteidigung, Au\u00dfenpolitik, innere Sicherheit, Volkswirtschaft und Verwaltung der nat\u00fcrlichen Ressourcen des Landes.<\/span><\/p>\n<p><span class=\"font-377884\">Indische Bundesstaaten wie Maharashtra, Uttar Pradesh und Tamil Nadu verf\u00fcgen \u00fcber Autonomie in einer Vielzahl von innerstaatlichen Angelegenheiten, darunter Bildung, Gesundheit, Landwirtschaft, Justiz und Stadtplanung. Diese Autonomie erm\u00f6glicht es den Bundesstaaten, politische Ma\u00dfnahmen und Gesetze zu verabschieden, die die Bed\u00fcrfnisse und Pr\u00e4ferenzen ihrer B\u00fcrger widerspiegeln und die kulturelle, sprachliche und religi\u00f6se Vielfalt in Indien ber\u00fccksichtigen.<\/span><\/p>\n<p><span class=\"font-377884\">Der indische F\u00f6deralismus zeichnet sich durch ein hohes Ma\u00df an kultureller, sprachlicher und religi\u00f6ser Vielfalt in den Bundesstaaten und Unionsterritorien aus. Diese Vielfalt ist eines der charakteristischen Merkmale Indiens und macht das Prinzip der staatlichen Autonomie und der friedlichen Konfliktl\u00f6sung zu einem entscheidenden Faktor. Die indische Regierung hat mehrere Ma\u00dfnahmen ergriffen, um die Harmonie zwischen den verschiedenen Gemeinschaften zu f\u00f6rdern und die Achtung der Minderheitenrechte zu gew\u00e4hrleisten.<\/span><\/p>\n<p><span class=\"font-377884\">Dar\u00fcber hinaus stand und steht Indien vor der Herausforderung, Spannungen zwischen der Zentralregierung und den Bundesstaaten sowie zwischen den Bundesstaaten selbst zu bew\u00e4ltigen. Die Zusammenarbeit und Koordinierung zwischen der Zentralregierung und den Bundesstaaten ist f\u00fcr das ordnungsgem\u00e4\u00dfe Funktionieren des indischen F\u00f6deralismus und f\u00fcr die Bew\u00e4ltigung der sozio\u00f6konomischen Herausforderungen des Landes von entscheidender Bedeutung.<\/span><\/p>\n<p><span class=\"font-377884\">Zusammenfassend l\u00e4sst sich sagen, dass der indische F\u00f6deralismus ein komplexes politisches System ist, das ein Gleichgewicht zwischen der Zentralregierung und den Bundesstaaten anstrebt und dabei die reiche kulturelle und soziale Vielfalt des Landes ber\u00fccksichtigt. Seine Wirksamkeit h\u00e4ngt von der F\u00e4higkeit der demokratischen Institutionen ab, zusammenzuarbeiten und auf die Bed\u00fcrfnisse und Erwartungen der indischen B\u00fcrger im ganzen Land einzugehen.<\/span><\/p>\n<h2><span class=\"font-377884\">Nepal<\/span><\/h2>\n<p><span class=\"font-377884\">Nepal wurde 2015 zu einem f\u00f6deralen Staat, als eine neue Verfassung verabschiedet wurde, die das Land von einer absoluten Monarchie in eine f\u00f6derale Republik umwandelte. Diese Ver\u00e4nderung war der H\u00f6hepunkt jahrelanger politischer K\u00e4mpfe und Bewegungen zur Demokratisierung des Landes.<\/span><\/p>\n<p><span class=\"font-377884\">Die Geschichte des F\u00f6deralismus in Nepal ist von ethnischen, sozialen und politischen Konflikten gepr\u00e4gt. Vor der Umwandlung in einen f\u00f6deralen Staat war Nepal eine absolute Monarchie, die von der Shah-Dynastie und sp\u00e4ter von der Rana-Dynastie regiert wurde. Dieses zentralistische System f\u00fchrte zu erheblichen wirtschaftlichen und sozialen Ungleichheiten und Spannungen zwischen den ethnischen Gruppen und Regionen des Landes.<\/span><\/p>\n<p><span class=\"font-377884\">Im Jahr 2006 f\u00fchrte ein von politischen Parteien und B\u00fcrgerbewegungen angef\u00fchrter Volksaufstand zum Ende der Monarchie und zum Beginn eines \u00dcbergangsprozesses zu einer integrativeren und repr\u00e4sentativen Demokratie. W\u00e4hrend dieses \u00dcbergangszeitraums wurden Forderungen nach einer gr\u00f6\u00dferen Autonomie f\u00fcr die verschiedenen ethnischen und kulturellen Regionen Nepals laut.<\/span><\/p>\n<p><span class=\"font-377884\">Mit der neuen Verfassung von 2015 wurde Nepal zu einer f\u00f6deralen Republik, die in sieben Provinzen unterteilt ist, von denen jede ihre eigene Regierung und gesetzgebende Versammlung hat. Dieses f\u00f6derale System sollte eine st\u00e4rkere Beteiligung und Vertretung der lokalen Gemeinschaften gew\u00e4hrleisten und eine ausgewogene Entwicklung im ganzen Land f\u00f6rdern.<\/span><\/p>\n<p><span class=\"font-377884\">Die Umsetzung des F\u00f6deralismus in Nepal st\u00f6\u00dft jedoch auf mehrere Hindernisse, darunter der Mangel an finanziellen und personellen Ressourcen auf Provinzebene, schwache institutionelle Kapazit\u00e4ten und politische Spannungen zwischen der Zentralregierung und den Provinzen.<\/span><\/p>\n<p><span class=\"font-377884\">Die derzeitige Situation des F\u00f6deralismus in Nepal ist sowohl durch Herausforderungen als auch durch Chancen gekennzeichnet. Auf dem Weg zu einer effektiven und inklusiven f\u00f6deralen Regierungsf\u00fchrung muss das Land Anstrengungen unternehmen, um die wirtschaftlichen und sozialen Ungleichheiten zwischen den Regionen zu beseitigen, die institutionellen Kapazit\u00e4ten auf Provinzebene zu verbessern und die Kooperation und Zusammenarbeit zwischen der Zentralregierung und den Provinzen zu f\u00f6rdern, um eine nachhaltige Entwicklung und sozialen Frieden zu gew\u00e4hrleisten.<\/span><\/p>\n<div class=\"flex flex-grow flex-col max-w-full\">\n<div class=\"min-h-[20px] text-message flex flex-col items-start gap-3 whitespace-pre-wrap break-words [.text-message+&amp;]:mt-5 overflow-x-auto\" data-message-author-role=\"assistant\" data-message-id=\"7a21e217-6984-4320-8250-bf0ad76812eb\">\n<div class=\"markdown prose w-full break-words dark:prose-invert light\">\n<div class=\"mt-1 flex justify-start gap-3 empty:hidden\">\n<div class=\"text-gray-400 flex self-end lg:self-center justify-center lg:justify-start mt-0 -ml-1 h-7 visible\">\n<h2><span class=\"font-377884\">Russland<\/span><\/h2>\n<p><span class=\"font-377884\">Die Russische F\u00f6deration ist das gr\u00f6\u00dfte Land der Welt und besteht aus 85 Bundesstaaten, zu denen Republiken, Gebiete, Oblaste und f\u00f6derale St\u00e4dte geh\u00f6ren. In jedem dieser Bundesstaaten ist der F\u00f6deralismus ein Mechanismus zur Verwaltung der regionalen und kulturellen Vielfalt innerhalb des Landes, aber die Bundesregierung mit Sitz in Moskau k\u00fcmmert sich um nationale Angelegenheiten wie Au\u00dfenpolitik, Verteidigung und wirtschaftliche Angelegenheiten.<\/span><\/p>\n<p><span class=\"font-377884\">Der russische F\u00f6deralismus ist jedoch in die Kritik geraten, wobei einige Fragen die zentrale Kontrolle und die begrenzte Autonomie der Regionen betreffen, wie z. B. die Ernennung der Gouverneure (in der Vergangenheit hatte der russische Pr\u00e4sident die Befugnis, die Gouverneure der Regionen zu ernennen, was die politische Autonomie der Regionen einschr\u00e4nkte und sich negativ auf die lokale demokratische Vertretung auswirken konnte), das wirtschaftliche Gef\u00e4lle (einige Regionen Russlands, wie Moskau und St. Petersburg, genie\u00dfen einen gr\u00f6\u00dferen wirtschaftlichen Wohlstand) und die Tatsache, dass der F\u00f6deralismus in der Praxis nicht immer funktioniert. Petersburg, genie\u00dfen einen gr\u00f6\u00dferen wirtschaftlichen Wohlstand als andere, weniger entwickelte Regionen, und diese wirtschaftliche Ungleichheit hat Spannungen gesch\u00fcrt und es einigen Regionen erschwert, ihre Ressourcen effizient zu verwalten), Einmischung der Zentralregierung (bei mehreren Gelegenheiten hat sich die russische Zentralregierung in die inneren Angelegenheiten der Regionen eingemischt und deren politische und Entscheidungsautonomie eingeschr\u00e4nkt).<\/span><\/p>\n<\/div>\n<\/div>\n<div class=\"flex\">\n<div class=\"flex flex-grow flex-col max-w-full\">\n<div class=\"min-h-[20px] text-message flex flex-col items-start gap-3 whitespace-pre-wrap break-words [.text-message+&amp;]:mt-5 overflow-x-auto\" data-message-author-role=\"assistant\" data-message-id=\"f2115ded-1530-4e62-ada1-69a76fe5a831\">\n<div class=\"markdown prose w-full break-words dark:prose-invert light\">\n<div class=\"flex flex-grow flex-col max-w-full\">\n<div class=\"min-h-[20px] text-message flex flex-col items-start gap-3 whitespace-pre-wrap break-words [.text-message+&amp;]:mt-5 overflow-x-auto\" data-message-author-role=\"assistant\" data-message-id=\"8fedca2a-22bb-43f3-84ca-f3c19db1a549\">\n<div class=\"markdown prose w-full break-words dark:prose-invert light\">\n<h2><span class=\"font-377884\">Malaysia<\/span><\/h2>\n<p><span class=\"font-377884\">Malaysia ist eine f\u00f6derale konstitutionelle Monarchie, die aus 13 Bundesstaaten und 3 Bundesterritorien besteht. Das Staatsoberhaupt ist der K\u00f6nig, bekannt als Yang di-Pertuan Agong, der alle f\u00fcnf Jahre aus den neun Sultanen der malaysischen Staaten ausgew\u00e4hlt wird. Der derzeit regierende Herrscher ist Sultan Ibrahim Iskandar von Johor, der sein Amt am 31. Januar 2024 antrat. Die Rolle der Monarchie ist in erster Linie zeremoniell und repr\u00e4sentativ und dient als Symbol f\u00fcr nationale Einheit und historische Kontinuit\u00e4t. Der Monarch ist auch damit beauftragt, als H\u00fcter der Verfassung zu dienen, mit begrenzten Befugnissen, die durch das Grundgesetz des Landes definiert sind.<\/span><\/p>\n<p><span class=\"font-377884\">Malaysia ist in Bundesstaaten und Bundesterritorien unterteilt, von denen jeder eine gewisse Autonomie bei der Verwaltung seiner eigenen inneren Angelegenheiten hat. Die Staaten haben die Kontrolle \u00fcber Bereiche wie Bildung, Gesundheit und Kultur, w\u00e4hrend die Bundesregierung inl\u00e4ndische Angelegenheiten wie Verteidigung, Au\u00dfenpolitik und Wirtschaft verwaltet. Dieses Gleichgewicht zwischen regionaler Autonomie und zentraler Kontrolle ist in der malaysischen Verfassung verankert und f\u00f6rdert kulturelle Vielfalt und demokratische Beteiligung auf regionaler Ebene.<\/span><\/p>\n<p><span class=\"font-377884\">Der Monarch hat wichtige verfassungsm\u00e4\u00dfige Befugnisse wie die Ernennung des Premierministers und die Aufl\u00f6sung des Parlaments auf Anraten des Premierministers. Die Bundesregierung, unter der Leitung des Premierministers, verwaltet nationale Angelegenheiten wie Au\u00dfenpolitik, Verteidigung und Wirtschaft. Die Staaten und Bundesterritorien arbeiten zusammen, um das reibungslose Funktionieren des Landes sicherzustellen, wobei die Bundesterritorien direkt von der Zentralregierung verwaltet werden.<\/span><\/p>\n<p><span class=\"font-377884\">Zusammenfassend l\u00e4sst sich sagen, dass die malaysische konstitutionelle Monarchie neben einem f\u00f6deralen Regierungssystem besteht, in dem die Staaten innerhalb einer gr\u00f6\u00dferen nationalen Struktur eine gewisse Autonomie genie\u00dfen. Dieses Regierungsmodell spiegelt die Komplexit\u00e4t und Vielfalt der malaysischen Gesellschaft wider und gew\u00e4hrleistet gleichzeitig politische Stabilit\u00e4t und nationale Koh\u00e4sion.<\/span><\/p>\n<\/div>\n<\/div>\n<\/div>\n<\/div>\n<\/div>\n<\/div>\n<div class=\"flex flex-grow flex-col max-w-full\">\n<div class=\"min-h-[20px] text-message flex flex-col items-start gap-3 whitespace-pre-wrap break-words [.text-message+&amp;]:mt-5 overflow-x-auto\" data-message-author-role=\"assistant\" data-message-id=\"f6347e8e-0ad0-4008-bbfa-5f500f4770ce\">\n<div class=\"markdown prose w-full break-words dark:prose-invert light\">\n<h2><span class=\"font-377884\">Pakistan<\/span><\/h2>\n<p><span class=\"font-377884\">Pakistan ist eine f\u00f6derale Republik, bestehend aus 4 Provinzen, 2 f\u00f6derierten Territorien und f\u00f6deral verwalteten Stammesgebieten. Der pakistanische F\u00f6deralismus basiert auf einer Aufteilung der Macht zwischen der Bundesregierung und den Provinzen, wobei auf Provinzebene eine gewisse Autonomie gew\u00e4hrt wird.<\/span><\/p>\n<p><span class=\"font-377884\">Die Bundesregierung mit Sitz in Islamabad hat Zust\u00e4ndigkeit f\u00fcr Fragen der Au\u00dfenpolitik, nationalen Verteidigung, inneren Sicherheit, Wirtschaftspolitik und \u00f6ffentlichen Finanzen. Sie verwaltet auch die internationalen Beziehungen des Landes, die Geldpolitik und die Handelspolitik.<\/span><\/p>\n<p><span class=\"font-377884\">Die Provinzen Pakistans, wie Punjab, Sindh, Khyber Pakhtunkhwa und Belutschistan, genie\u00dfen eine weitreichende Autonomie und haben Kontrolle \u00fcber viele innenpolitische Fragen. Dazu geh\u00f6ren Bildung, Gesundheit, Justiz, lokale wirtschaftliche Entwicklung, Umwelt und Raumplanung. Jede Provinz hat eine eigene Verfassung, Regierung und Legislative, die sich mit inneren Angelegenheiten und spezifischen regionalen Themen befassen.<\/span><\/p>\n<p><span class=\"font-377884\">Die f\u00f6derierten Gebiete, zu denen das Islamabad National Capital Territory und das Federal Territory of Administered Tribal Areas geh\u00f6ren, werden direkt von der Bundesregierung verwaltet.<\/span><\/p>\n<p><span class=\"font-377884\">Der pakistanische F\u00f6deralismus wurde etabliert, um die ethnische, kulturelle und sprachliche Vielfalt des Landes widerzuspiegeln und die nationale Einheit zu f\u00f6rdern. Wie in vielen anderen L\u00e4ndern mit komplexer f\u00f6deraler Struktur k\u00f6nnen jedoch Spannungen und Herausforderungen bei der Sicherstellung einer effektiven Koordination und Zusammenarbeit zwischen der Zentralregierung und den Provinzen auftreten.<\/span><\/p>\n<p><span class=\"font-377884\">Die Bewirtschaftung von Ressourcen und die gerechte Verteilung von Mitteln sind oft ein Streitpunkt zwischen der Bundesregierung und den Provinzen. Eine effektive Koordination ist entscheidend, um sozio\u00f6konomische Herausforderungen anzugehen und eine nachhaltige Entwicklung im ganzen Land zu gew\u00e4hrleisten.<\/span><\/p>\n<p><span class=\"font-377884\">Zusammenfassend ist der pakistanische F\u00f6deralismus ein grundlegendes Element der politischen Organisation des Landes, das eine gerechte Verteilung der Macht und die Ber\u00fccksichtigung der spezifischen Bed\u00fcrfnisse verschiedener Regionen zum Ziel hat. Die Bew\u00e4ltigung zwischenstaatlicher Beziehungen bleibt f\u00fcr Pakistan ein vorrangiges Ziel, um nationale Zusammengeh\u00f6rigkeit und das Wohlergehen des gesamten Landes zu f\u00f6rdern.<\/span><\/p>\n<\/div>\n<\/div>\n<\/div>\n<\/div>\n<h2 class=\"flex\"><span class=\"font-377884\">Vereinigte Arabische Emirate (VAE)<\/span><\/h2>\n<\/div>\n<\/div>\n<\/div>\n<div class=\"flex flex-grow flex-col max-w-full\">\n<div class=\"min-h-[20px] text-message flex flex-col items-start gap-3 whitespace-pre-wrap break-words [.text-message+&amp;]:mt-5 overflow-x-auto\" data-message-author-role=\"assistant\" data-message-id=\"ca496cd4-6f7b-4eb1-aef6-d79eff2e8abb\">\n<div class=\"markdown prose w-full break-words dark:prose-invert light\">\n<p><span class=\"font-377884\">Die Vereinigten Arabischen Emirate (VAE) sind ein herausragendes Beispiel f\u00fcr F\u00f6deralismus in der Region des Persischen Golfs. Die VAE-F\u00f6deration besteht aus sieben Emiraten: Abu Dhabi, Dubai, Sharjah, Ajman, Umm Al-Quwain, Fujairah und Ras Al Khaimah. Jedes Emirat wird von einem Scheich oder Emir geleitet, der \u00fcber seine lokale Regierung herrscht und in vielen Angelegenheiten von lokalem Interesse zust\u00e4ndig ist, wie Bildung, Gesundheit, Stadtplanung und Kultur.<\/span><\/p>\n<p><span class=\"font-377884\">Einige Angelegenheiten von nationaler Bedeutung, wie Verteidigung, Au\u00dfenpolitik und nat\u00fcrliche Ressourcen, fallen jedoch in den Zust\u00e4ndigkeitsbereich der f\u00f6deralen Regierung der VAE mit Sitz in Abu Dhabi. Die f\u00f6derale Regierung ist f\u00fcr die Verwaltung und Regulierung dieser Angelegenheiten auf nationaler Ebene verantwortlich. Zus\u00e4tzlich ist der Oberste Rat der VAE, bestehend aus den sieben Souver\u00e4nen der Emirate, das oberste Organ der f\u00f6deralen Regierung. Dieser Rat w\u00e4hlt den Pr\u00e4sidenten und Vizepr\u00e4sidenten der VAE und legt die allgemeinen Richtlinien des Landes fest.<\/span><\/p>\n<p><span class=\"font-377884\">Der F\u00f6deralismus in den VAE spiegelt ein Gleichgewicht zwischen der Autonomie der Emirate und der Autorit\u00e4t der f\u00f6deralen Regierung wider. Trotz der Unterschiede zwischen den Emiraten pflegen die VAE eine starke nationale Koh\u00e4sion und Solidarit\u00e4t. Diese Koh\u00e4sion war grundlegend f\u00fcr den wirtschaftlichen, sozialen und politischen Fortschritt des Landes und hat zu seiner Stabilit\u00e4t und Entwicklung im regionalen und globalen Kontext beigetragen.<\/span><\/p>\n<h2><span class=\"font-377884\">Irak<\/span><\/h2>\n<p><span class=\"font-377884\">Der Irak wurde nach dem Sturz des Regimes von Saddam Hussein im Jahr 2003 zu einem f\u00f6deralen Staat. Die f\u00f6derale Struktur wurde haupts\u00e4chlich eingef\u00fchrt, um zu versuchen, ethnische und religi\u00f6se Spaltungen im Land zu bew\u00e4ltigen, indem den verschiedenen Regionen eine gr\u00f6\u00dfere politische und administrative Autonomie gew\u00e4hrt wurde.<\/span><\/p>\n<p><span class=\"font-377884\">Die Geschichte des Irak als f\u00f6deraler Staat ist gepr\u00e4gt von einer Reihe von Herausforderungen und Konflikten. Insbesondere die n\u00f6rdlichen Regionen, insbesondere das irakische Kurdistan, strebten eine gr\u00f6\u00dfere Autonomie und Unabh\u00e4ngigkeit an und dr\u00e4ngten auf die Kontrolle \u00fcber ihre eigenen inneren Angelegenheiten, einschlie\u00dflich der Verwaltung von \u00d6lressourcen.<\/span><\/p>\n<p><span class=\"font-377884\">Im Jahr 2005 wurde im Irak eine neue Verfassung verabschiedet, die den rechtlichen Rahmen f\u00fcr das f\u00f6derale System des Landes festlegte. Die Verfassung erkennt die Autonomie der Regionen und Provinzen an, erlaubt ihnen, lokale Regierungen zu bilden und ihre eigenen nat\u00fcrlichen Ressourcen zu kontrollieren.<\/span><\/p>\n<p><span class=\"font-377884\">Trotz des verfassungsrechtlichen Rahmens hat der f\u00f6derale Irak zahlreiche Herausforderungen zu bew\u00e4ltigen. Politische und soziale Spannungen zwischen verschiedenen ethnischen und religi\u00f6sen Gruppierungen sowie der Kampf um die Kontrolle \u00fcber Ressourcen haben in verschiedenen Teilen des Landes zu Konflikten und Instabilit\u00e4t gef\u00fchrt.<\/span><\/p>\n<p><span class=\"font-377884\">Im irakischen Kurdistan zum Beispiel gab es fortlaufende Spannungen mit der Zentralregierung \u00fcber die Kontrolle von \u00d6lressourcen und die Frage der Unabh\u00e4ngigkeit. Im restlichen Land haben ethnische und religi\u00f6se Spaltungen Gewalt und Instabilit\u00e4t gef\u00f6rdert, wobei militante Gruppen und Milizen versuchen, territorialen und politischen Einfluss zu gewinnen.<\/span><\/p>\n<p><span class=\"font-377884\">Die aktuelle Situation im f\u00f6deralen Irak ist komplex und von fortw\u00e4hrenden Herausforderungen gepr\u00e4gt. Trotz einiger Fortschritte bei der Einrichtung demokratischer Institutionen und der Festlegung von Grunds\u00e4tzen regionaler Autonomie k\u00e4mpft das Land weiterhin mit inneren Spaltungen, Korruption, mangelnder Sicherheit und politischer Fragmentierung. Stabilit\u00e4t und nationale Koh\u00e4sion bleiben schwer zu erreichende Ziele, und die Zukunft des Irak als f\u00f6deraler Staat bleibt unsicher.<\/span><\/p>\n<\/div>\n<\/div>\n<\/div>\n<div class=\"flex flex-grow flex-col max-w-full\">\n<div class=\"min-h-[20px] text-message flex flex-col items-start gap-3 whitespace-pre-wrap break-words [.text-message+&amp;]:mt-5 overflow-x-auto\" data-message-author-role=\"assistant\" data-message-id=\"203db5d2-fa65-49a6-a835-9eeaa8e79600\">\n<div class=\"markdown prose w-full break-words dark:prose-invert light\">\n<figure id=\"attachment_231067\" aria-describedby=\"caption-attachment-231067\" style=\"width: 1024px\" class=\"wp-caption aligncenter\"><a href=\"https:\/\/swissfederalism.ch\/wp-content\/uploads\/2024\/02\/Map-of-Ethiopia-Image-by-Jfblanc-CC-BY-SA-4.0-via-Wikimedia-Commons.png\"><img decoding=\"async\" class=\"wp-image-231067 size-full\" src=\"https:\/\/swissfederalism.ch\/wp-content\/uploads\/2024\/02\/Map-of-Ethiopia-Image-by-Jfblanc-CC-BY-SA-4.0-via-Wikimedia-Commons.png\" alt=\"Map of Ethiopia Image by Jfblanc, CC BY-SA 4.0, via Wikimedia Commons\" width=\"1024\" height=\"830\" srcset=\"https:\/\/swissfederalism.ch\/wp-content\/uploads\/2024\/02\/Map-of-Ethiopia-Image-by-Jfblanc-CC-BY-SA-4.0-via-Wikimedia-Commons.png 1024w, https:\/\/swissfederalism.ch\/wp-content\/uploads\/2024\/02\/Map-of-Ethiopia-Image-by-Jfblanc-CC-BY-SA-4.0-via-Wikimedia-Commons-300x243.png 300w, https:\/\/swissfederalism.ch\/wp-content\/uploads\/2024\/02\/Map-of-Ethiopia-Image-by-Jfblanc-CC-BY-SA-4.0-via-Wikimedia-Commons-768x623.png 768w, https:\/\/swissfederalism.ch\/wp-content\/uploads\/2024\/02\/Map-of-Ethiopia-Image-by-Jfblanc-CC-BY-SA-4.0-via-Wikimedia-Commons-350x284.png 350w\" sizes=\"(max-width: 1024px) 100vw, 1024px\" \/><\/a><figcaption id=\"caption-attachment-231067\" class=\"wp-caption-text\"><span class=\"font-377884\">Map of Ethiopia Image by Jfblanc, CC BY-SA 4.0, via Wikimedia Commons<\/span><\/figcaption><\/figure>\n<div class=\"flex flex-grow flex-col max-w-full\">\n<div class=\"min-h-[20px] text-message flex flex-col items-start gap-3 whitespace-pre-wrap break-words [.text-message+&amp;]:mt-5 overflow-x-auto\" data-message-author-role=\"assistant\" data-message-id=\"4b373d34-3aec-4bfb-9885-6bced97ee105\">\n<div class=\"markdown prose w-full break-words dark:prose-invert light\">\n<h2><span class=\"font-377884\">\u00c4thiopien<\/span><\/h2>\n<p><span class=\"font-377884\">\u00c4thiopien ist eine parlamentarische Republik mit f\u00f6deralem Charakter und besteht aus elf regionalen Bundesstaaten (Kililoch) und zwei unabh\u00e4ngigen Gemeinden (Addis Abeba und Dire Dawa). Der \u00e4thiopische F\u00f6deralismus entstand nach dem Sturz des Menghistu-Regimes und der Abspaltung von Eritrea von \u00c4thiopien nach einem B\u00fcrgerkrieg zwischen 1991 und 1993.<\/span><\/p>\n<p><span class=\"font-377884\">Das \u00e4thiopische Parlament ist zweikameral aufgebaut und besteht aus dem Repr\u00e4sentantenhaus des Volkes mit 547 Sitzen durch direkte Wahl und dem Haus der F\u00f6deration mit 108 Vertretern, die von den regionalen Versammlungen gew\u00e4hlt werden. Wahlen finden alle f\u00fcnf Jahre statt.<\/span><\/p>\n<p><span class=\"font-377884\">Der Premierminister wird von beiden Kammern gew\u00e4hlt, auf Vorschlag des Pr\u00e4sidenten der Republik aus den Mitgliedern des Repr\u00e4sentantenhauses des Volkes. Der Pr\u00e4sident der Republik spielt als zeremonielle Figur haupts\u00e4chlich eine repr\u00e4sentative Rolle.<\/span><\/p>\n<p><span class=\"font-377884\">Der \u00e4thiopische F\u00f6deralismus entstand, um ethnische Spannungen und Forderungen nach Autonomie aus verschiedenen Regionen des Landes zu bew\u00e4ltigen. Die Wahlen von 2021 sahen den Sieg der Wohlstandspartei, nach 30 Jahren Herrschaft der Revolution\u00e4ren Demokratischen Front des \u00e4thiopischen Volkes (EPRDF). Premierminister Abiy Ahmed Ali, der 2018 gew\u00e4hlt wurde, hat Reformen eingeleitet, um das Land zu modernisieren und die Beziehungen zu Eritrea zu befrieden.<\/span><\/p>\n<p><span class=\"font-377884\">Der \u00e4thiopische F\u00f6deralismus mit seiner regionalen Struktur und demokratischen Wahlen zielt darauf ab, nationale Koh\u00e4sion und regionale Autonomie zu f\u00f6rdern und gleichzeitig die politischen, wirtschaftlichen und sozialen Herausforderungen des Landes anzugehen.<\/span><\/p>\n<h2><span class=\"font-377884\">S\u00fcdafrika<\/span><\/h2>\n<p><span class=\"font-377884\"><em><strong>S\u00fcdafrika ist formell kein f\u00f6deraler Staat,<\/strong> <\/em>sondern eine Republik mit einem stark dezentralisierten Regierungssystem. Nach dem Ende der Apartheid im Jahr 1994 hat S\u00fcdafrika ein System eingef\u00fchrt, das als &#8222;Regierung der nationalen Einheit&#8220; bekannt ist. Dieses System sollte eine demokratische Beteiligung auf lokaler und regionaler Ebene sowie die Bew\u00e4ltigung von gemeinschaftsspezifischen Problemen im nationalen Kontext sicherstellen.<\/span><\/p>\n<p><span class=\"font-377884\">Historisch gesehen war S\u00fcdafrika von tiefen Rassendivisionen und Regierungssystemen gepr\u00e4gt, die auf der Unterdr\u00fcckung der schwarzen Mehrheit durch die wei\u00dfe Minderheit beruhten. Mit dem Ende der Apartheid strebte S\u00fcdafrika den Aufbau eines politischen Systems an, das die Vielfalt seiner Bev\u00f6lkerung widerspiegelte und Gleichheit und soziale Gerechtigkeit f\u00f6rderte.<\/span><\/p>\n<p><span class=\"font-377884\">Die s\u00fcdafrikanische Verfassung von 1996 legte den Rahmen f\u00fcr die Regierung der nationalen Einheit fest. Gem\u00e4\u00df dieser Verfassung wird die Macht zwischen der nationalen Zentralregierung und den Provinz- und Lokalregierungen geteilt. Die neun Provinzen S\u00fcdafrikas genie\u00dfen eine gewisse Autonomie bei der Verwaltung ihrer eigenen Angelegenheiten, einschlie\u00dflich der Verwaltung von Schl\u00fcsseldienstleistungen wie Bildung, Gesundheit und wirtschaftlicher Entwicklung.<\/span><\/p>\n<p><span class=\"font-377884\">Trotz dieser dezentralen Struktur sieht sich S\u00fcdafrika weiterhin erheblichen Herausforderungen gegen\u00fcber. Die wirtschaftliche Ungleichheit besteht fort, und es bestehen sozio\u00f6konomische Unterschiede zwischen verschiedenen Gemeinschaften. Dar\u00fcber hinaus k\u00e4mpft das Land mit Problemen wie Arbeitslosigkeit, Kriminalit\u00e4t und Korruption.<\/span><\/p>\n<p><span class=\"font-377884\">Die gegenw\u00e4rtige politische Situation S\u00fcdafrikas ist komplex, wobei der African National Congress (ANC) seit 1994 die politische B\u00fchne dominiert, jedoch Kritik an seiner Regierungsf\u00fchrung und Korruptionsf\u00e4llen ausgesetzt ist. Es gibt auch andere politische Kr\u00e4fte und zivilgesellschaftliche Bewegungen, die Einfluss auf Ver\u00e4nderungen nehmen und die Herausforderungen des Landes angehen m\u00f6chten.<\/span><\/p>\n<p><span class=\"font-377884\">Zusammenfassend l\u00e4sst sich sagen, dass S\u00fcdafrika zwar kein f\u00f6deraler Staat im traditionellen Sinne ist, seine politische Struktur jedoch ein Bekenntnis zur Dezentralisierung und demokratischen Beteiligung auf lokaler und regionaler Ebene widerspiegelt. Dennoch sieht sich das Land auf seinem Weg zu einer gerechteren, gerechteren und wohlhabenderen Gesellschaft f\u00fcr alle seine B\u00fcrger erheblichen Herausforderungen gegen\u00fcber.<\/span><\/p>\n<\/div>\n<\/div>\n<\/div>\n<div class=\"flex flex-grow flex-col max-w-full\">\n<div class=\"min-h-[20px] text-message flex flex-col items-start gap-3 whitespace-pre-wrap break-words [.text-message+&amp;]:mt-5 overflow-x-auto\" data-message-author-role=\"assistant\" data-message-id=\"0f29f05c-d447-4f00-bd76-f12a9ddb021a\">\n<div class=\"markdown prose w-full break-words dark:prose-invert light\">\n<div class=\"flex flex-grow flex-col max-w-full\">\n<div class=\"min-h-[20px] text-message flex flex-col items-start gap-3 whitespace-pre-wrap break-words [.text-message+&amp;]:mt-5 overflow-x-auto\" data-message-author-role=\"assistant\" data-message-id=\"a8e9b79b-aec0-488a-a679-7015764ae4ce\">\n<div class=\"markdown prose w-full break-words dark:prose-invert light\">\n<h2><span class=\"font-377884\">Nigeria<\/span><\/h2>\n<p><span class=\"font-377884\">Nigeria ist in 36 Bundesstaaten und ein Bundesgebiet, Abuja, unterteilt. Der nigerianische F\u00f6deralismus basiert auf der Verfassung von 1999 und sieht eine klare Aufteilung der Macht zwischen der Bundesregierung und den Bundesstaaten vor. Die Bundesregierung hat Autorit\u00e4t \u00fcber wichtige Themen wie nationale Verteidigung, Au\u00dfenpolitik und Wirtschaft. Auf der anderen Seite haben die Bundesstaaten die Kontrolle \u00fcber ihre eigenen lokalen Gesetzgebungen und die Verwaltung nat\u00fcrlicher Ressourcen innerhalb ihrer Grenzen. Diese Anordnung erm\u00f6glicht eine flexiblere Bew\u00e4ltigung lokaler und regionaler Angelegenheiten und bietet gleichzeitig f\u00f6derale Aufsicht und Richtlinien f\u00fcr nationale Belange.<\/span><\/p>\n<h2><span class=\"font-377884\">Somalia<\/span><\/h2>\n<p><span class=\"font-377884\">Der somalische F\u00f6deralismus, der als Regierungsmodell zur Bew\u00e4ltigung der komplexen politischen und sozialen Dynamik des Landes angenommen wurde, umfasst die Aufteilung der Macht zwischen der Zentralregierung und autonomen Regionen. Diese Regionen, darunter Puntland, Somaliland, Galmudug und andere, genie\u00dfen ein gewisses Ma\u00df an Autonomie bei Entscheidungen zu lokalen Themen wie Bildung, Gesundheit, wirtschaftlicher Entwicklung und Sicherheit.<\/span><\/p>\n<p><span class=\"font-377884\">Somalia war jedoch historisch von ernsthaften Herausforderungen geplagt. Politische Instabilit\u00e4t, Clan-Konflikte, Unsicherheit und die Pr\u00e4senz bewaffneter Gruppen wie al-Shabaab untergraben die Sicherheit und Stabilit\u00e4t des Landes. Die Bek\u00e4mpfung des Terrorismus bleibt eine gro\u00dfe Herausforderung f\u00fcr die Zentralregierung und regionale Beh\u00f6rden.<\/span><\/p>\n<p><span class=\"font-377884\">Dar\u00fcber hinaus geh\u00f6rt Somalia zu den \u00e4rmsten L\u00e4ndern der Welt, mit ernsthaften Problemen von Armut, Ungleichheit und wirtschaftlicher Unterentwicklung. Der Mangel an finanziellen und infrastrukturellen Ressourcen begrenzt die F\u00e4higkeit der Regierung, der Bev\u00f6lkerung wesentliche Dienstleistungen anzubieten und nachhaltige Entwicklung zu f\u00f6rdern.<\/span><\/p>\n<p><span class=\"font-377884\">Wirtschaftliche und soziale Disparit\u00e4ten zwischen verschiedenen Regionen und Gemeinschaften sind signifikant und k\u00f6nnen interne Spannungen und Konflikte sch\u00fcren. Der somalische F\u00f6deralismus zielt darauf ab, diese Ungleichheiten durch F\u00f6rderung politischer Teilhabe und Repr\u00e4sentation der verschiedenen Gemeinschaften anzugehen, aber die Herausforderungen bleiben erheblich.<\/span><\/p>\n<p><span class=\"font-377884\">Der Erfolg des F\u00f6deralismus in Somalia h\u00e4ngt von der F\u00e4higkeit der Zentralregierung und autonomen Regionen ab, effektiv zusammenzuarbeiten, um interne Herausforderungen anzugehen und politische Stabilit\u00e4t, Sicherheit und wirtschaftliche Entwicklung im ganzen Land zu f\u00f6rdern. Nationale Koh\u00e4sion und zwischenstaatlicher Dialog sind f\u00fcr die Festigung des F\u00f6deralismus und die Erreichung langfristigen Friedens und Wohlstands unerl\u00e4sslich.<\/span><\/p>\n<\/div>\n<\/div>\n<\/div>\n<\/div>\n<\/div>\n<\/div>\n<\/div>\n<\/div>\n<\/div>\n<div class=\"flex flex-grow flex-col max-w-full\">\n<div class=\"min-h-[20px] text-message flex flex-col items-start gap-3 whitespace-pre-wrap break-words [.text-message+&amp;]:mt-5 overflow-x-auto\" data-message-author-role=\"assistant\" data-message-id=\"f2115ded-1530-4e62-ada1-69a76fe5a831\">\n<div class=\"markdown prose w-full break-words dark:prose-invert light\"><\/div>\n<\/div>\n<\/div>\n<div class=\"flex flex-grow flex-col max-w-full\">\n<div class=\"min-h-[20px] text-message flex flex-col items-start gap-3 whitespace-pre-wrap break-words [.text-message+&amp;]:mt-5 overflow-x-auto\" data-message-author-role=\"assistant\" data-message-id=\"31401a30-759f-446e-9817-f4848652cc13\">\n<div class=\"markdown prose w-full break-words dark:prose-invert light\">\n<figure id=\"attachment_231075\" aria-describedby=\"caption-attachment-231075\" style=\"width: 512px\" class=\"wp-caption aligncenter\"><a href=\"https:\/\/swissfederalism.ch\/wp-content\/uploads\/2024\/02\/Map-of-Australia-Image-by-Aotearoa-at-pl.wikipedia-CC-BY-SA-3.0-via-Wikimedia-Commons.png\"><img decoding=\"async\" class=\"size-full wp-image-231075\" src=\"https:\/\/swissfederalism.ch\/wp-content\/uploads\/2024\/02\/Map-of-Australia-Image-by-Aotearoa-at-pl.wikipedia-CC-BY-SA-3.0-via-Wikimedia-Commons.png\" alt=\"Map of Australia Image by Aotearoa at pl.wikipedia, CC BY-SA 3.0, via Wikimedia Commons\" width=\"512\" height=\"406\" srcset=\"https:\/\/swissfederalism.ch\/wp-content\/uploads\/2024\/02\/Map-of-Australia-Image-by-Aotearoa-at-pl.wikipedia-CC-BY-SA-3.0-via-Wikimedia-Commons.png 512w, https:\/\/swissfederalism.ch\/wp-content\/uploads\/2024\/02\/Map-of-Australia-Image-by-Aotearoa-at-pl.wikipedia-CC-BY-SA-3.0-via-Wikimedia-Commons-300x238.png 300w, https:\/\/swissfederalism.ch\/wp-content\/uploads\/2024\/02\/Map-of-Australia-Image-by-Aotearoa-at-pl.wikipedia-CC-BY-SA-3.0-via-Wikimedia-Commons-350x278.png 350w\" sizes=\"(max-width: 512px) 100vw, 512px\" \/><\/a><figcaption id=\"caption-attachment-231075\" class=\"wp-caption-text\"><span class=\"font-377884\">Map of Australia Image by Aotearoa at pl.wikipedia, CC BY-SA 3.0, via Wikimedia Commons<\/span><\/figcaption><\/figure>\n<div class=\"flex flex-grow flex-col max-w-full\">\n<div class=\"min-h-[20px] text-message flex flex-col items-start gap-3 whitespace-pre-wrap break-words [.text-message+&amp;]:mt-5 overflow-x-auto\" data-message-author-role=\"assistant\" data-message-id=\"ccf324d9-5ad0-47db-97dd-fcc16369dcc5\">\n<div class=\"markdown prose w-full break-words dark:prose-invert light\">\n<h2><span class=\"font-377884\">Australien<\/span><\/h2>\n<p><span class=\"font-377884\">Australien repr\u00e4sentiert eine f\u00f6derale konstitutionelle Monarchie, bestehend aus sechs Bundesstaaten und zwei Territorien. Der australische F\u00f6deralismus, der durch die Verfassung von 1901 definiert ist, bietet eine politische Struktur, die auf der Aufteilung der Macht zwischen der Bundesregierung und den Bundesstaaten basiert, wobei auch die Rolle der Monarchie im nationalen Kontext verankert ist.<\/span><\/p>\n<p><span class=\"font-377884\">Die konstitutionelle Monarchie Australiens basiert auf der Souver\u00e4nit\u00e4t der britischen Krone, wobei der Monarch des Vereinigten K\u00f6nigreichs auch als Staatsoberhaupt Australiens fungiert. Derzeit ist K\u00f6nig Charles III. K\u00f6nig von Australien, w\u00e4hrend der Generalgouverneur als sein Vertreter im Land agiert. Die Befugnisse der Monarchie sind jedoch haupts\u00e4chlich symbolisch und zeremoniell, wobei der Monarch auf den Rat der gew\u00e4hlten Regierung handelt.<\/span><\/p>\n<p><span class=\"font-377884\">Die Bundesregierung mit Sitz in Canberra hat Autorit\u00e4t \u00fcber Angelegenheiten von nationaler und \u00fcbernationaler Bedeutung, wie nationale Verteidigung, Au\u00dfenpolitik, internationalen Handel und wirtschaftliche Regulierung. Die australischen Bundesstaaten, wie New South Wales, Victoria und Queensland, haben Autonomie \u00fcber eine Reihe von innerstaatlichen Angelegenheiten wie Bildung, Gesundheit, Umwelt, Justiz und Raumplanung.<\/span><\/p>\n<p><span class=\"font-377884\">Allerdings sieht sich Australien dem Problem des f\u00f6deralen Asymmetrie gegen\u00fcber, wobei einige Bundesstaaten mehr Autonomie genie\u00dfen als andere, wie beispielsweise die Landesregierung von Victoria im Vergleich zu anderen wie Queensland. Diese Asymmetrie kann auf historische, kulturelle, wirtschaftliche oder politische Faktoren zur\u00fcckzuf\u00fchren sein, die f\u00fcr jeden Staat spezifisch sind.<\/span><\/p>\n<p><span class=\"font-377884\">Die Dynamik der f\u00f6deralen Asymmetrie kann die Beziehung zwischen Bundes- und Landesregierungen beeinflussen und Herausforderungen bei der Sicherstellung eines gerechten Gleichgewichts von Macht und Ressourcen zwischen den Staaten schaffen. Dennoch arbeitet Australien weiterhin daran, ein f\u00f6derales System zu erhalten, das die Vielfalt respektiert und eine effektive Regierungsf\u00fchrung und Zusammenarbeit zwischen den Regierungsebenen f\u00f6rdert.<\/span><\/p>\n<p><span class=\"font-377884\">Zusammenfassend basiert der australische F\u00f6deralismus auf der Aufteilung der Macht zwischen der Bundesregierung und den Bundesstaaten, wobei eine konstitutionelle Monarchie eine Kontinuit\u00e4t und symbolische Repr\u00e4sentation im politischen System des Landes bietet. Die Bew\u00e4ltigung f\u00f6deraler Asymmetrie bleibt f\u00fcr Australien eine gro\u00dfe Herausforderung bei der Verfolgung von Koh\u00e4sion und Gerechtigkeit in seinem politischen und institutionellen System.<\/span><\/p>\n<h2><span class=\"font-377884\">F\u00f6derierte Staaten von Mikronesien<\/span><\/h2>\n<p><span class=\"font-377884\">Die F\u00f6derierten Staaten von Mikronesien (FSM) sind eine f\u00f6derale Republik im westlichen Pazifischen Ozean und bestehen aus vier Hauptstaaten: Yap, Chuuk, Pohnpei und Kosrae. Diese Staaten genie\u00dfen innerhalb der f\u00f6deralen Staatsstruktur ein gewisses Ma\u00df an politischer und administrativer Autonomie.<\/span><\/p>\n<p><span class=\"font-377884\">Jeder Staat hat seine eigene lokale Regierung und Verfassung, die interne, staatsspezifische Themen wie Bildung, Gesundheit, Infrastruktur und regionale Wirtschaftsplanung verwaltet. Die Staatsregierungen sind daf\u00fcr verantwortlich, Entscheidungen zu treffen, die die Bev\u00f6lkerung und die Ressourcen des Staates direkt betreffen.<\/span><\/p>\n<p><span class=\"font-377884\">Die f\u00f6derale Regierung der F\u00f6derierten Staaten von Mikronesien mit Sitz in Palikir ist jedoch f\u00fcr Angelegenheiten von nationalem Interesse zust\u00e4ndig, die das gesamte Land betreffen. Dazu geh\u00f6ren nationale Verteidigung, Au\u00dfenbeziehungen, nationale Wirtschaft, Management gemeinsamer nat\u00fcrlicher Ressourcen und andere Angelegenheiten, die alle Staaten betreffen.<\/span><\/p>\n<p><span class=\"font-377884\">Die f\u00f6derale Struktur der F\u00f6derierten Staaten von Mikronesien ist so konzipiert, dass sie ein Gleichgewicht zwischen der Autonomie der Bundesstaaten und der Notwendigkeit einer starken Zentralregierung herstellt, die sich mit Fragen befasst, die eine nationale Vision und Ma\u00dfnahmen erfordern. Dieses f\u00f6derale Modell erm\u00f6glicht es den Bundesstaaten, ihre eigene Identit\u00e4t zu bewahren und ihre eigenen lokalen Angelegenheiten zu regeln, w\u00e4hrend es gleichzeitig die Zusammenarbeit und den Zusammenhalt zwischen den Bundesstaaten zum Wohle des Landes als Ganzes f\u00f6rdert.<\/span><\/p>\n<\/div>\n<\/div>\n<\/div>\n<\/div>\n<\/div>\n<\/div>\n<h2><span class=\"font-377884\">Devolution und F\u00f6deralismus<\/span><\/h2>\n<p><span class=\"font-377884\">Devolution und F\u00f6deralismus sind beides Konzepte, bei denen es um die \u00dcbertragung politischer Befugnisse von einer zentralen Beh\u00f6rde auf untergeordnete Einheiten geht, aber sie unterscheiden sich erheblich:<\/span><\/p>\n<p><span class=\"font-377884\"><strong>Devolution<\/strong>: Die Dezentralisierung ist ein Prozess, bei dem eine zentrale Beh\u00f6rde bestimmte legislative, exekutive oder administrative Befugnisse auf eine regionale oder lokale Ebene innerhalb eines Einheitsstaates \u00fcbertr\u00e4gt. Die Zentralbeh\u00f6rde beh\u00e4lt jedoch die Kontrolle \u00fcber zentrale Angelegenheiten wie Au\u00dfenpolitik, Landesverteidigung und W\u00e4hrungspolitik. Beispiele f\u00fcr die Dekonzentration sind das Vereinigte K\u00f6nigreich mit Schottland, Wales und Nordirland sowie Spanien mit autonomen Gemeinschaften wie Katalonien und dem Baskenland.<\/span><\/p>\n<p><span class=\"font-377884\"><strong>F\u00f6deralismus<\/strong>: Der F\u00f6deralismus ist ein Regierungssystem, in dem die politischen Befugnisse zwischen einer Zentralregierung und regionalen Regierungen oder Bundesstaaten aufgeteilt sind, die jeweils \u00fcber einen verfassungsm\u00e4\u00dfig festgelegten Zust\u00e4ndigkeitsbereich verf\u00fcgen. In einem f\u00f6deralen System verf\u00fcgen die regionalen Einheiten \u00fcber eine gewisse politische Autonomie und k\u00f6nnen unabh\u00e4ngige Entscheidungen in Bereichen wie Bildung, Gesundheitsf\u00fcrsorge und lokale Gesetzgebung treffen. Beispiele hierf\u00fcr sind die Vereinigten Staaten, Deutschland und die Schweiz.<\/span><\/p>\n<h2><span class=\"font-377884\">Vereinigtes K\u00f6nigreich<\/span><\/h2>\n<p><span class=\"font-377884\">Das Vereinigte K\u00f6nigreich, offiziell bekannt als das Vereinigte K\u00f6nigreich von Gro\u00dfbritannien und Nordirland, ist ein Inselstaat in Westeuropa, dessen Territorium aus vier konstituierenden Nationen besteht: England, Schottland, Wales und Nordirland.<\/span><\/p>\n<p><span class=\"font-377884\">Die britische Politik wird durch ein parlamentarisches System mit London als Hauptstadt und Sitz der Regierung bestimmt. Das Staatsoberhaupt ist K\u00f6nig Karl III., der vor allem eine symbolische Rolle spielt, w\u00e4hrend die gesetzgebende Gewalt beim britischen Parlament liegt.<\/span><\/p>\n<p><span class=\"font-377884\">Das Vereinigte K\u00f6nigreich ist ein einheitlicher, nicht f\u00f6deraler Staat, der durch eine Dezentralisierung gekennzeichnet ist, bei der einige Gesetzgebungs- und Entscheidungsbefugnisse von Westminster auf Parlamente oder regionale Versammlungen in Schottland, Wales und Nordirland \u00fcbertragen wurden. Diese Teilstaaten haben die Befugnis, Gesetze zu Themen wie Ausbildung, Gesundheit, Verkehr und Justiz zu erlassen, bleiben aber Teil des Vereinigten K\u00f6nigreichs.<\/span><\/p>\n<h2><span class=\"font-377884\">Spanien<\/span><\/h2>\n<p><span class=\"font-377884\">Die Politik in Spanien ist durch ein konstitutionelles System gekennzeichnet, das Elemente der parlamentarischen Demokratie, des autonomen F\u00f6deralismus und der konstitutionellen Monarchie miteinander verbindet. Diese Regierungsform, die auf der Verfassung von 1978 beruht, markiert den \u00dcbergang des Landes von der Franco-Diktatur zu einer parlamentarischen Demokratie. Spanien verf\u00fcgt \u00fcber ein f\u00f6derales System, in dem die 17 autonomen Gemeinschaften und zwei autonome St\u00e4dte ein hohes Ma\u00df an politischer, administrativer und finanzieller Autonomie genie\u00dfen. Jede Region hat ihre eigene Regionalregierung und ihr eigenes Parlament mit legislativen und exekutiven Befugnissen, w\u00e4hrend die Zentralregierung in Madrid die Kontrolle \u00fcber Angelegenheiten von nationalem Interesse beh\u00e4lt. Spanien ist eine konstitutionelle Monarchie mit einem K\u00f6nig als Staatsoberhaupt, derzeit Felipe VI, dessen Rolle in erster Linie symbolisch und repr\u00e4sentativ ist. Das politische System Spaniens basiert auf einer parlamentarischen Demokratie mit einem aus zwei Kammern bestehenden Parlament, das direkt von den B\u00fcrgern gew\u00e4hlt wird. An der Spitze der Regierung steht ein vom Parlament ernannter Regierungspr\u00e4sident bzw. Premierminister. Mit diesem System wird versucht, regionale Autonomie und nationale Einheit in Einklang zu bringen und gleichzeitig sicherzustellen, dass die demokratischen Rechte und Grundfreiheiten der spanischen B\u00fcrger geachtet werden.<\/span><\/p>\n<div class=\"flex flex-grow flex-col max-w-full\">\n<div class=\"min-h-[20px] text-message flex flex-col items-start gap-3 whitespace-pre-wrap break-words [.text-message+&amp;]:mt-5 overflow-x-auto\" data-message-author-role=\"assistant\" data-message-id=\"6a61453e-08f1-4c57-9b95-a4557e9bb06f\">\n<div class=\"markdown prose w-full break-words dark:prose-invert light\">\n<div class=\"flex flex-grow flex-col max-w-full\">\n<div class=\"min-h-[20px] text-message flex flex-col items-start gap-3 whitespace-pre-wrap break-words [.text-message+&amp;]:mt-5 overflow-x-auto\" data-message-author-role=\"assistant\" data-message-id=\"412f6346-934c-4426-8548-aef5d5ea8428\">\n<div class=\"markdown prose w-full break-words dark:prose-invert light\">\n<div class=\"flex flex-grow flex-col max-w-full\">\n<div class=\"min-h-[20px] text-message flex flex-col items-start gap-3 whitespace-pre-wrap break-words [.text-message+&amp;]:mt-5 overflow-x-auto\" data-message-author-role=\"assistant\" data-message-id=\"8b43a617-047d-412d-977e-0036f57c703d\">\n<div class=\"markdown prose w-full break-words dark:prose-invert light\"><a href=\"https:\/\/k16trade.ch\/seqex-en\/\" target=\"_blank\" rel=\"noopener\"><img decoding=\"async\" class=\"wp-image-230943 size-large aligncenter\" src=\"https:\/\/swissfederalism.ch\/wp-content\/uploads\/2024\/02\/BANNER-1024x576.png\" alt=\"BANNER K16\" width=\"840\" height=\"473\" srcset=\"https:\/\/swissfederalism.ch\/wp-content\/uploads\/2024\/02\/BANNER-1024x576.png 1024w, https:\/\/swissfederalism.ch\/wp-content\/uploads\/2024\/02\/BANNER-300x169.png 300w, https:\/\/swissfederalism.ch\/wp-content\/uploads\/2024\/02\/BANNER-768x432.png 768w, https:\/\/swissfederalism.ch\/wp-content\/uploads\/2024\/02\/BANNER-1536x864.png 1536w, https:\/\/swissfederalism.ch\/wp-content\/uploads\/2024\/02\/BANNER-2048x1152.png 2048w, https:\/\/swissfederalism.ch\/wp-content\/uploads\/2024\/02\/BANNER-350x197.png 350w, https:\/\/swissfederalism.ch\/wp-content\/uploads\/2024\/02\/BANNER.png 2560w\" sizes=\"(max-width: 840px) 100vw, 840px\" \/><\/a><\/div>\n<\/div>\n<\/div>\n<\/div>\n<\/div>\n<\/div>\n<\/div>\n<\/div>\n<\/div>\n","protected":false},"excerpt":{"rendered":"<p>Der F\u00f6deralismus ist ein Regierungssystem, in dem die Befugnisse zwischen einer Zentralregierung und verschiedenen subnationalen Regierungseinheiten, wie Staaten, Provinzen oder Kantonen, aufgeteilt sind. Dieses Modell basiert auf der Aufteilung von Macht und Autonomie zwischen verschiedenen politischen Einheiten innerhalb eines Landes und bietet einen Mechanismus zur Verwaltung der kulturellen, politischen und wirtschaftlichen Vielfalt innerhalb einer Nation.<\/p>\n","protected":false},"author":9,"featured_media":231066,"comment_status":"open","ping_status":"closed","sticky":false,"template":"","format":"standard","meta":{"footnotes":""},"categories":[2258,2273,2331,316,278,309,307,295,1345,211],"tags":[395,1178,396,2440,573,540,433,413,1473],"class_list":["post-231181","post","type-post","status-publish","format-standard","has-post-thumbnail","hentry","category-afrika","category-amerika","category-asien","category-autonomie-de","category-europa-de","category-highlights","category-politik","category-schweiz","category-kuriositaeten","category-zeitschrift","tag-chancen","tag-demokratie","tag-foederalismus","tag-diversita-de","tag-foederalismus-europaeische-geschichte","tag-kultur","tag-politik","tag-steuerkonkurrenz","tag-traditionen"],"_links":{"self":[{"href":"https:\/\/swissfederalism.ch\/de\/wp-json\/wp\/v2\/posts\/231181","targetHints":{"allow":["GET"]}}],"collection":[{"href":"https:\/\/swissfederalism.ch\/de\/wp-json\/wp\/v2\/posts"}],"about":[{"href":"https:\/\/swissfederalism.ch\/de\/wp-json\/wp\/v2\/types\/post"}],"author":[{"embeddable":true,"href":"https:\/\/swissfederalism.ch\/de\/wp-json\/wp\/v2\/users\/9"}],"replies":[{"embeddable":true,"href":"https:\/\/swissfederalism.ch\/de\/wp-json\/wp\/v2\/comments?post=231181"}],"version-history":[{"count":1,"href":"https:\/\/swissfederalism.ch\/de\/wp-json\/wp\/v2\/posts\/231181\/revisions"}],"predecessor-version":[{"id":231182,"href":"https:\/\/swissfederalism.ch\/de\/wp-json\/wp\/v2\/posts\/231181\/revisions\/231182"}],"wp:featuredmedia":[{"embeddable":true,"href":"https:\/\/swissfederalism.ch\/de\/wp-json\/wp\/v2\/media\/231066"}],"wp:attachment":[{"href":"https:\/\/swissfederalism.ch\/de\/wp-json\/wp\/v2\/media?parent=231181"}],"wp:term":[{"taxonomy":"category","embeddable":true,"href":"https:\/\/swissfederalism.ch\/de\/wp-json\/wp\/v2\/categories?post=231181"},{"taxonomy":"post_tag","embeddable":true,"href":"https:\/\/swissfederalism.ch\/de\/wp-json\/wp\/v2\/tags?post=231181"}],"curies":[{"name":"wp","href":"https:\/\/api.w.org\/{rel}","templated":true}]}}