{"id":230742,"date":"2024-01-25T18:07:20","date_gmt":"2024-01-25T18:07:20","guid":{"rendered":"https:\/\/swissfederalism.ch\/winter-best-swiss-ski-resorts\/"},"modified":"2025-11-08T19:20:02","modified_gmt":"2025-11-08T19:20:02","slug":"winter-besten-schweizer-skigebieten","status":"publish","type":"post","link":"https:\/\/swissfederalism.ch\/de\/winter-besten-schweizer-skigebieten\/","title":{"rendered":"Winter Emotionen in den besten Schweizer Skigebieten"},"content":{"rendered":"<h1><span class=\"font-377884\">Winter Emotionen in den besten Schweizer Skigebieten<\/span><\/h1>\n<h3><span class=\"font-377884\"><em>Der Winter in der Schweiz bietet ein einzigartiges und unvergessliches Erlebnis dank seiner renommierten Skigebiete, die von einer atemberaubenden Landschaft umrahmt und mit hochwertigen Dienstleistungen ausgestattet sind.<\/em><\/span><\/h3>\n<figure id=\"attachment_230516\" aria-describedby=\"caption-attachment-230516\" style=\"width: 840px\" class=\"wp-caption aligncenter\"><a href=\"https:\/\/swissfederalism.ch\/wp-content\/uploads\/2024\/01\/Enjoying-the-Swiss-Alps-Image-by-Martinschuschi-from-Pixabay-1024x576.jpg\"><img decoding=\"async\" class=\"size-large wp-image-230516\" src=\"https:\/\/swissfederalism.ch\/wp-content\/uploads\/2024\/01\/Enjoying-the-Swiss-Alps-Image-by-Martinschuschi-from-Pixabay-1024x576.jpg\" alt=\"Enjoying the Swiss Alps Image by Martinschuschi from Pixabay\" width=\"840\" height=\"473\" srcset=\"https:\/\/swissfederalism.ch\/wp-content\/uploads\/2024\/01\/Enjoying-the-Swiss-Alps-Image-by-Martinschuschi-from-Pixabay-1024x576.jpg 1024w, https:\/\/swissfederalism.ch\/wp-content\/uploads\/2024\/01\/Enjoying-the-Swiss-Alps-Image-by-Martinschuschi-from-Pixabay-300x169.jpg 300w, https:\/\/swissfederalism.ch\/wp-content\/uploads\/2024\/01\/Enjoying-the-Swiss-Alps-Image-by-Martinschuschi-from-Pixabay-768x432.jpg 768w, https:\/\/swissfederalism.ch\/wp-content\/uploads\/2024\/01\/Enjoying-the-Swiss-Alps-Image-by-Martinschuschi-from-Pixabay-1536x864.jpg 1536w, https:\/\/swissfederalism.ch\/wp-content\/uploads\/2024\/01\/Enjoying-the-Swiss-Alps-Image-by-Martinschuschi-from-Pixabay-350x197.jpg 350w, https:\/\/swissfederalism.ch\/wp-content\/uploads\/2024\/01\/Enjoying-the-Swiss-Alps-Image-by-Martinschuschi-from-Pixabay.jpg 1920w\" sizes=\"(max-width: 840px) 100vw, 840px\" \/><\/a><figcaption id=\"caption-attachment-230516\" class=\"wp-caption-text\"><span class=\"font-377884\">Enjoying the Swiss Alps Image by Martinschuschi from Pixabay<\/span><\/figcaption><\/figure>\n<div class=\"flex flex-grow flex-col max-w-full\">\n<div class=\"min-h-[20px] text-message flex flex-col items-start gap-3 whitespace-pre-wrap break-words [.text-message+&amp;]:mt-5 overflow-x-auto\" data-message-author-role=\"assistant\" data-message-id=\"abfebbb7-3ac0-4513-a3aa-1ea283c08f50\">\n<div class=\"markdown prose w-full break-words dark:prose-invert light\">\n<div class=\"flex flex-grow flex-col max-w-full\">\n<div class=\"min-h-[20px] text-message flex flex-col items-start gap-3 whitespace-pre-wrap break-words [.text-message+&amp;]:mt-5 overflow-x-auto\" data-message-author-role=\"assistant\" data-message-id=\"4cd378e9-f49c-4128-8fb9-d2d60373e328\">\n<div class=\"markdown prose w-full break-words dark:prose-invert light\">\n<h2><span class=\"font-377884\">Ein bisschen Geschichte<\/span><\/h2>\n<p><span class=\"font-377884\">Der Schweizer Wintertourismus hat tiefe Wurzeln und ist auf mehrere historische Faktoren zur\u00fcckzuf\u00fchren. Hier finden Sie einen \u00dcberblick \u00fcber die Anf\u00e4nge des Wintertourismus in der Schweiz:<\/span><\/p>\n<p><span class=\"font-377884\">Gesundheit und Wellness: Im 18. Jahrhundert begannen Schweizer \u00c4rzte, die Alpenregionen aufgrund ihres Klimas und ihrer sauberen Luft als gesunde Reiseziele zu propagieren. Die Schweizer Berge galten als ideale Orte f\u00fcr Erholung und Wohlbefinden.<\/span><\/p>\n<p><span class=\"font-377884\">Entwicklung der Eisenbahnen: Der Bau von Eisenbahnen im 19. Jahrhundert machte die Schweizer Bergregionen besser zug\u00e4nglich. Der Wintertourismus florierte dank der verbesserten Verkehrsinfrastruktur, die es den Menschen erm\u00f6glichte, die Bergorte leichter zu erreichen.<\/span><\/p>\n<p><span class=\"font-377884\"><strong>Pioniere des Skisports:<\/strong> Pers\u00f6nlichkeiten wie <strong><em>Sir Henry Lunn<\/em><\/strong> (1859-1939), ein britischer Arzt und Pionier des Wintertourismus, spielten eine entscheidende Rolle bei der Entwicklung der ersten Skigebiete. Mit seinen gesundheitlichen Interessen organisierte Lunn 1902 den ersten Winterurlaub in Wengen und trug dazu bei, die Schweizer Alpen als gesundes Reiseziel zu f\u00f6rdern. Sein Einfluss erstreckte sich auf die Popularit\u00e4t von Skigebieten wie Wengen und M\u00fcrren, und sein Engagement trug entscheidend dazu bei, die Schweizer Alpen zu einem bekannten Winterreiseziel zu machen. Andere Wintersportler trugen dazu bei, die ersten Skiwettbewerbe zu organisieren, was die Idee, dass die Schweizer Alpen ideal f\u00fcr den Wintersport sind, weiter festigte.<\/span><\/p>\n<p><span class=\"font-377884\"><strong>Renommierte Wintersportorte:<\/strong> W\u00e4hrend der Belle \u00c9poque (Ende des 19. und Anfang des 20. Jahrhunderts) wurden viele Schweizer Wintersportorte, wie St. Moritz und Davos, bei der internationalen Elite bekannt. Aristokraten und Prominente suchten diese Orte auf, um dem Stadtleben zu entfliehen und ein luxuri\u00f6ses Wintererlebnis zu genie\u00dfen.<\/span><span class=\"font-377884\"><strong>Organisierter Tourismus:<\/strong> Der Schweizer Wintertourismus entwickelte sich mit der Organisation von Wintertourismusreisen, Urlaubspaketen und dem Angebot von Winterfreizeitaktivit\u00e4ten wie Skifahren, Schlittschuhlaufen und Schlittenfahren weiter.<\/span><\/p>\n<p><span class=\"font-377884\"><strong>Sportliche Wettk\u00e4mpfe:<\/strong> Die Organisation von Wintersportwettbewerben, wie zum Beispiel die Olympischen Winterspiele 1928 in St. Moritz, festigten den Ruf der Schweiz als Elitedestination f\u00fcr den Wintersport.<\/span><\/p>\n<p><span class=\"font-377884\">Heute ist der Schweizer Wintertourismus ein wichtiger Bestandteil der Tourismusindustrie des Landes und bietet eine breite Palette von Winteraktivit\u00e4ten und Dienstleistungen in einer spektakul\u00e4ren Bergwelt.<\/span><\/p>\n<p><span class=\"font-377884\">Wir beginnen unsere Reise mit der Erkundung einiger faszinierender Schweizer Skigebiete, wobei wir nicht nur die bekannten Destinationen, sondern auch authentische, weniger bekannte Juwelen, die reich an Geschichte und Tradition sind, erkunden. Von den Anf\u00e4ngen des Skifahrens in der Schweiz \u00fcber die Entwicklung der fr\u00fchen Wintersportorte bis hin zu den modernen Skigebieten, die Schneeabenteuer mit alpinem Luxus verbinden, werden wir uns auf eine Reise begeben, die die faszinierende Geschichte erz\u00e4hlt, wie die Schweiz zu einem Paradies f\u00fcr Wintersportler wurde. Eine Reise, die uns zu atemberaubenden Landschaften, jahrhundertealten Traditionen und einer Vielzahl von Aktivit\u00e4ten f\u00fchrt, die die Schweizer Alpen zu einem einzigartigen Reiseziel f\u00fcr alle machen, die den Zauber des Winters genie\u00dfen m\u00f6chten.<\/span><\/p>\n<\/div>\n<div><\/div>\n<div><strong><a href=\"https:\/\/swissfederalism.ch\/de\/best-tourism-villages-2022\/\">Andermatt und Murten als \u00abBeste Tourismusd\u00f6rfer\u00bb ausgezeichnet<\/a><\/strong><\/div>\n<div><\/div>\n<div><a href=\"https:\/\/swissfederalism.ch\/de\/die-kuh-als-botschafterin-der-schweiz\/\"><strong>Die Kuh als Botschafterin der Schweiz<\/strong><\/a><\/div>\n<\/div>\n<\/div>\n<\/div>\n<\/div>\n<\/div>\n<figure id=\"attachment_229923\" aria-describedby=\"caption-attachment-229923\" style=\"width: 840px\" class=\"wp-caption aligncenter\"><a href=\"https:\/\/swissfederalism.ch\/wp-content\/uploads\/2023\/11\/Ski-Resort-Zermatt-Image-by-\ud83c\udf38\u2661\ud83d\udc99\u2661\ud83c\udf38-Julita-\ud83c\udf38\u2661\ud83d\udc99\u2661\ud83c\udf38-from-Pixabay-1024x683.jpg\"><img decoding=\"async\" class=\"size-large wp-image-229923\" src=\"https:\/\/swissfederalism.ch\/wp-content\/uploads\/2023\/11\/Ski-Resort-Zermatt-Image-by-\ud83c\udf38\u2661\ud83d\udc99\u2661\ud83c\udf38-Julita-\ud83c\udf38\u2661\ud83d\udc99\u2661\ud83c\udf38-from-Pixabay-1024x683.jpg\" alt=\"Ski Resort Zermatt Image by \ud83c\udf38\u2661\ud83d\udc99\u2661\ud83c\udf38 Julita \ud83c\udf38\u2661\ud83d\udc99\u2661\ud83c\udf38 from Pixabay\" width=\"840\" height=\"560\" srcset=\"https:\/\/swissfederalism.ch\/wp-content\/uploads\/2023\/11\/Ski-Resort-Zermatt-Image-by-\ud83c\udf38\u2661\ud83d\udc99\u2661\ud83c\udf38-Julita-\ud83c\udf38\u2661\ud83d\udc99\u2661\ud83c\udf38-from-Pixabay-1024x683.jpg 1024w, https:\/\/swissfederalism.ch\/wp-content\/uploads\/2023\/11\/Ski-Resort-Zermatt-Image-by-\ud83c\udf38\u2661\ud83d\udc99\u2661\ud83c\udf38-Julita-\ud83c\udf38\u2661\ud83d\udc99\u2661\ud83c\udf38-from-Pixabay-300x200.jpg 300w, https:\/\/swissfederalism.ch\/wp-content\/uploads\/2023\/11\/Ski-Resort-Zermatt-Image-by-\ud83c\udf38\u2661\ud83d\udc99\u2661\ud83c\udf38-Julita-\ud83c\udf38\u2661\ud83d\udc99\u2661\ud83c\udf38-from-Pixabay-768x512.jpg 768w, https:\/\/swissfederalism.ch\/wp-content\/uploads\/2023\/11\/Ski-Resort-Zermatt-Image-by-\ud83c\udf38\u2661\ud83d\udc99\u2661\ud83c\udf38-Julita-\ud83c\udf38\u2661\ud83d\udc99\u2661\ud83c\udf38-from-Pixabay-1536x1024.jpg 1536w, https:\/\/swissfederalism.ch\/wp-content\/uploads\/2023\/11\/Ski-Resort-Zermatt-Image-by-\ud83c\udf38\u2661\ud83d\udc99\u2661\ud83c\udf38-Julita-\ud83c\udf38\u2661\ud83d\udc99\u2661\ud83c\udf38-from-Pixabay-350x233.jpg 350w, https:\/\/swissfederalism.ch\/wp-content\/uploads\/2023\/11\/Ski-Resort-Zermatt-Image-by-\ud83c\udf38\u2661\ud83d\udc99\u2661\ud83c\udf38-Julita-\ud83c\udf38\u2661\ud83d\udc99\u2661\ud83c\udf38-from-Pixabay.jpg 1920w\" sizes=\"(max-width: 840px) 100vw, 840px\" \/><\/a><figcaption id=\"caption-attachment-229923\" class=\"wp-caption-text\"><span class=\"font-377884\">Ski Resort Zermatt Image by \ud83c\udf38\u2661\ud83d\udc99\u2661\ud83c\udf38 Julita \ud83c\udf38\u2661\ud83d\udc99\u2661\ud83c\udf38 from Pixabay<\/span><\/figcaption><\/figure>\n<h3><span class=\"font-377884\"><mark>Zermatt &#8211; Zwischen dem magischen Matterhorn und den ausgezeichneten Pisten<\/mark><\/span><\/h3>\n<p><span class=\"font-377884\">Zermatt, eingebettet in die majest\u00e4tischen Schweizer Alpen im Kanton Wallis, bietet eine ikonische Kulisse mit dem ber\u00fchmten Matterhorn, das 3.883 Meter \u00fcber dem Meeresspiegel aufragt und das Matterhorn Ski Paradise zum h\u00f6chsten Skigebiet der Alpenwelt macht.<\/span><\/p>\n<p><span class=\"font-377884\">Die Wurzeln von Zermatt gehen auf das Jahr 1280 als Pratobornum zur\u00fcck. Urspr\u00fcnglich ein bescheidenes Bergdorf, erlebte es im 19. Jahrhundert einen au\u00dfergew\u00f6hnlichen Wandel und wurde zu einem bekannten alpinen Reiseziel. Die Er\u00f6ffnung der Hotellerie de Zermatt im Jahr 1839 markierte den Beginn des Tourismus in der Region. Mit dem Bau der Eisenbahn im Jahr 1891 wurde das Gebiet besser erschlossen, was seine Entwicklung zu einem renommierten Reiseziel beschleunigte. Die Elektrifizierung der Bahn im Jahr 1928 brachte einen weiteren Aufschwung und festigte die Position als prestigetr\u00e4chtige Bergdestination.<\/span><\/p>\n<p><span class=\"font-377884\">Die erstklassigen Skipisten von Zermatt bieten Abfahrten f\u00fcr jede K\u00f6nnerstufe. Nach einem Tag auf der Piste k\u00f6nnen die G\u00e4ste in die malerische Atmosph\u00e4re der Altstadt von Zermatt mit ihren Luxusgesch\u00e4ften und Gourmetrestaurants eintauchen.<\/span><\/p>\n<p><span class=\"font-377884\">Durch Skilifte mit Breuil-Cervinia in Italien verbunden, ist Zermatt Teil des Gebiets, das als &#8222;Matterhorn Glacier Paradise&#8220; oder &#8222;Zermatt-Cervinia International&#8220; bekannt ist. So k\u00f6nnen Ski- und Snowboardfans sowohl Schweizer als auch italienische Pisten genie\u00dfen.<\/span><\/p>\n<p><span class=\"font-377884\"><strong>Zermatt ist Teil des bekannten Skigebiets &#8222;<em>Matterhorn Ski Paradise<\/em>&#8222;, zu dem auch Valtournenche und Breuil-Cervinia in Italien geh\u00f6ren, mit 360 km Abfahrtspisten, von denen 162 km auf den Schweizer Teil entfallen.<\/strong><\/span><\/p>\n<p><span class=\"font-377884\">Im Laufe der Jahre hat Zermatt Ber\u00fchmtheiten und prominente Pers\u00f6nlichkeiten angezogen. Der Ort ist zum Synonym f\u00fcr Elitetourismus geworden und hat Pers\u00f6nlichkeiten wie die Familie Agnelli, Nicole Kidman, Frida Lyngstad von ABBA, Bryan Adams und viele andere empfangen.<\/span><\/p>\n<p><span class=\"font-377884\"><strong>Die Gornergratbahn<\/strong> (GGB) ist eine elektrische Zahnradbahn, die Zermatt mit dem Gornergrat in der Monte-Rosa-Region verbindet. Sie wird von der gleichnamigen Gesellschaft betrieben und<strong> ist die zweith\u00f6chste Eisenbahn Europas,<\/strong> die nur von der Jungfraubahn \u00fcbertroffen wird, was die H\u00f6he betrifft. Der Bau der 1898 eingeweihten Bahn war eine au\u00dfergew\u00f6hnliche Leistung, an der \u00fcber 2.000 Arbeiter, vor allem Italiener, beteiligt waren und die den Zugang zum herrlichen Gornergletscher und zu spektakul\u00e4ren Alpenpanoramen erm\u00f6glichte.<\/span><\/p>\n<p><span class=\"font-377884\">Im Jahr 2024 belegte Zermatt den <strong>f\u00fcnften Platz<\/strong> auf der Forbes-Liste &#8222;<strong><em>The World&#8217;s Best Ski Resorts<\/em><\/strong>&#8222;.<\/span><\/p>\n<div class=\"flex flex-grow flex-col max-w-full\">\n<div class=\"min-h-[20px] text-message flex flex-col items-start gap-3 whitespace-pre-wrap break-words [.text-message+&amp;]:mt-5 overflow-x-auto\" data-message-author-role=\"assistant\" data-message-id=\"8e16c61e-4455-4aaa-a3b1-1d2d00e144f6\">\n<div class=\"markdown prose w-full break-words dark:prose-invert light\">\n<figure id=\"attachment_230531\" aria-describedby=\"caption-attachment-230531\" style=\"width: 1024px\" class=\"wp-caption aligncenter\"><a href=\"https:\/\/swissfederalism.ch\/wp-content\/uploads\/2024\/01\/La-Tzoumaz-4-Vallees-ski-area-Canton-of-Valais-Photo-by-Valaistourisme-CC-BY-SA-3.0-via-Wikimedia-Commons.jpg\"><img decoding=\"async\" class=\"size-full wp-image-230531\" src=\"https:\/\/swissfederalism.ch\/wp-content\/uploads\/2024\/01\/La-Tzoumaz-4-Vallees-ski-area-Canton-of-Valais-Photo-by-Valaistourisme-CC-BY-SA-3.0-via-Wikimedia-Commons.jpg\" alt=\"La Tzoumaz - 4 Vall\u00e9es ski area Canton of Valais Photo by Valaistourisme, CC BY-SA 3.0, via Wikimedia Commons\" width=\"1024\" height=\"681\" srcset=\"https:\/\/swissfederalism.ch\/wp-content\/uploads\/2024\/01\/La-Tzoumaz-4-Vallees-ski-area-Canton-of-Valais-Photo-by-Valaistourisme-CC-BY-SA-3.0-via-Wikimedia-Commons.jpg 1024w, https:\/\/swissfederalism.ch\/wp-content\/uploads\/2024\/01\/La-Tzoumaz-4-Vallees-ski-area-Canton-of-Valais-Photo-by-Valaistourisme-CC-BY-SA-3.0-via-Wikimedia-Commons-300x200.jpg 300w, https:\/\/swissfederalism.ch\/wp-content\/uploads\/2024\/01\/La-Tzoumaz-4-Vallees-ski-area-Canton-of-Valais-Photo-by-Valaistourisme-CC-BY-SA-3.0-via-Wikimedia-Commons-768x511.jpg 768w, https:\/\/swissfederalism.ch\/wp-content\/uploads\/2024\/01\/La-Tzoumaz-4-Vallees-ski-area-Canton-of-Valais-Photo-by-Valaistourisme-CC-BY-SA-3.0-via-Wikimedia-Commons-350x233.jpg 350w\" sizes=\"(max-width: 1024px) 100vw, 1024px\" \/><\/a><figcaption id=\"caption-attachment-230531\" class=\"wp-caption-text\"><span class=\"font-377884\">La Tzoumaz &#8211; 4 Vall\u00e9es ski area Canton of Valais Photo by Valaistourisme, CC BY-SA 3.0, via Wikimedia Commons<\/span><\/figcaption><\/figure>\n<div class=\"flex flex-grow flex-col max-w-full\">\n<div class=\"min-h-[20px] text-message flex flex-col items-start gap-3 whitespace-pre-wrap break-words [.text-message+&amp;]:mt-5 overflow-x-auto\" data-message-author-role=\"assistant\" data-message-id=\"5a115907-f153-4cdd-83a5-4637224c08be\">\n<div class=\"markdown prose w-full break-words dark:prose-invert light\">\n<h2><span class=\"font-377884\"><mark>Verbier, Nendaz, Veysonnaz, Thyon und La Tzoumaz: Die Ski-Perlen der &#8222;4 Vall\u00e9es&#8220; erkunden<\/mark><\/span><\/h2>\n<p><span class=\"font-377884\">Das Dorf Verbier, mit mittelalterlichen Urspr\u00fcngen, hat Jahrhunderte der Geschichte durchquert und geh\u00f6rte verschiedenen Adelsfamilien. Im Jahr 1937 wurde die Soci\u00e9t\u00e9 de D\u00e9veloppement de Verbier gegr\u00fcndet, um die touristische Entwicklung der landwirtschaftlichen Region Verbier anzuf\u00fchren.<\/span><\/p>\n<p><span class=\"font-377884\">Auf einem sonnigen Plateau gelegen, ist Verbier ein renommiertes Skigebiet im Wallis und bietet einzigartige Aussichten auf die Massifs des Combins und des Mont Blanc.<\/span><\/p>\n<p><span class=\"font-377884\">Nendaz, mit seiner reichen Geschichte und malerischen alpinen Landschaft, bietet einzigartige Skierlebnisse. Veysonnaz, eingebettet zwischen den Bergen, bietet herrliche Panoramablicke und eine Vielzahl von Pisten f\u00fcr alle K\u00f6nnensstufen. Thyon, mit seiner einladenden Atmosph\u00e4re, ist ein ideales Reiseziel f\u00fcr Natur- und Skibegeisterte. La Tzoumaz, umgeben von majest\u00e4tischen Gipfeln, bietet eine Vielzahl von Winteraktivit\u00e4ten, von alpinem Skifahren bis hin zu Schneeschuhwanderungen.<\/span><\/p>\n<p><span class=\"font-377884\"><strong>Das Skigebiet &#8222;Les 4 Vall\u00e9es&#8220;, das die Resorts Verbier, Nendaz, Veysonnaz, Thyon und La Tzoumaz umfasst, bietet 410 km Pisten und \u00fcber 89 Skilifte.<\/strong><\/span><\/p>\n<p><span class=\"font-377884\">Diese Gegend begr\u00fc\u00dft eine Vielzahl von Besuchern mit Aktivit\u00e4ten wie Gleitschirmfliegen, Heli-Skifahren, Schlitteln, Golf und Museen. Die Seilbahn erreicht den Gipfel des Mont-Fort auf 3330 Metern, w\u00e4hrend Nicht-Skifahrer die Landschaft beim Schneeschuhwandern oder Wandern genie\u00dfen k\u00f6nnen.<\/span><\/p>\n<p><span class=\"font-377884\">Die Gegend bietet auch ein umfassendes Erlebnis mit Einrichtungen wie dem Les Esserts Fun Park, der Freestyle-Sportbegeisterte anzieht. In diesem Zusammenhang bietet das Gebiet 4-Vall\u00e9es eine Vielzahl von M\u00f6glichkeiten zum Skifahren, Snowboarden und anderen Winteraktivit\u00e4ten und ist damit ein beliebtes Reiseziel f\u00fcr Berg- und Wintersportbegeisterte.<\/span><\/p>\n<p><span class=\"font-377884\">Als B\u00fchne der &#8222;Haute Route&#8220; f\u00fcr Skibergsteiger ist Verbier auch f\u00fcr prominente Pers\u00f6nlichkeiten wie Barack Obama, Madonna, Kronprinz Frederik von D\u00e4nemark und K\u00f6nig Philippe von Belgien bekannt. Richard Branson besitzt ein luxuri\u00f6ses Chalet in der Gegend, w\u00e4hrend Prinz Andrew, Herzog von York, fr\u00fcherer Chaletbesitzer war (seine Tochter Eugenie traf hier ihren zuk\u00fcnftigen Ehemann Jack Brooksbank).<\/span><\/p>\n<p><span class=\"font-377884\">Im Jahr 2010 wurde die St. George&#8217;s Niederlassung, heute bekannt als Verbier International School, eine private internationale Schule mit britischem Lehrplan, er\u00f6ffnet. Im Jahr 2021 wurde Copperfield Verbier in Le Hameau gegr\u00fcndet. Die Pr\u00e4senz internationaler Bildungseinrichtungen erweitert die Bildungsm\u00f6glichkeiten f\u00fcr die lokale und internationale Gemeinschaft.<\/span><\/p>\n<p><span class=\"font-377884\">Verbier bietet eine Vielzahl hochwertiger Unterk\u00fcnfte, darunter luxuri\u00f6se Chalets und renommierte Hotels. Weltklasse-Dienstleistungen, Gourmet-Restaurants und Luxusgesch\u00e4fte verbessern das erstklassige Aufenthaltserlebnis.<\/span><\/p>\n<p><span class=\"font-377884\">Die Kombination dieser Elemente macht Verbier zu einem der begehrtesten und ber\u00fchmtesten touristischen Ziele in den Schweizer Alpen.<\/span><\/p>\n<p><span class=\"font-377884\">Im Jahr 2024 belegte das &#8222;4 Vall\u00e9es&#8220; Skigebiet <strong>den dritten Platz<\/strong> auf der Forbes-Liste der &#8222;<em><strong>World&#8217;s Best Ski Resorts<\/strong><\/em>&#8222;.<\/span><\/p>\n<\/div>\n<\/div>\n<\/div>\n<\/div>\n<\/div>\n<\/div>\n<figure id=\"attachment_230508\" aria-describedby=\"caption-attachment-230508\" style=\"width: 840px\" class=\"wp-caption aligncenter\"><a href=\"https:\/\/swissfederalism.ch\/wp-content\/uploads\/2024\/01\/White-Turf-in-St.-Moritz-Image-by-Marcel-from-Pixabay-1024x683.jpg\"><img decoding=\"async\" class=\"size-large wp-image-230508\" src=\"https:\/\/swissfederalism.ch\/wp-content\/uploads\/2024\/01\/White-Turf-in-St.-Moritz-Image-by-Marcel-from-Pixabay-1024x683.jpg\" alt=\"White Turf in St. Moritz Image by Marcel from Pixabay\" width=\"840\" height=\"560\" srcset=\"https:\/\/swissfederalism.ch\/wp-content\/uploads\/2024\/01\/White-Turf-in-St.-Moritz-Image-by-Marcel-from-Pixabay-1024x683.jpg 1024w, https:\/\/swissfederalism.ch\/wp-content\/uploads\/2024\/01\/White-Turf-in-St.-Moritz-Image-by-Marcel-from-Pixabay-300x200.jpg 300w, https:\/\/swissfederalism.ch\/wp-content\/uploads\/2024\/01\/White-Turf-in-St.-Moritz-Image-by-Marcel-from-Pixabay-768x512.jpg 768w, https:\/\/swissfederalism.ch\/wp-content\/uploads\/2024\/01\/White-Turf-in-St.-Moritz-Image-by-Marcel-from-Pixabay-1536x1024.jpg 1536w, https:\/\/swissfederalism.ch\/wp-content\/uploads\/2024\/01\/White-Turf-in-St.-Moritz-Image-by-Marcel-from-Pixabay-350x233.jpg 350w, https:\/\/swissfederalism.ch\/wp-content\/uploads\/2024\/01\/White-Turf-in-St.-Moritz-Image-by-Marcel-from-Pixabay.jpg 1920w\" sizes=\"(max-width: 840px) 100vw, 840px\" \/><\/a><figcaption id=\"caption-attachment-230508\" class=\"wp-caption-text\"><span class=\"font-377884\">White Turf in St. Moritz Image by Marcel from Pixabay<\/span><\/figcaption><\/figure>\n<div class=\"flex flex-grow flex-col max-w-full\">\n<div class=\"min-h-[20px] text-message flex flex-col items-start gap-3 whitespace-pre-wrap break-words [.text-message+&amp;]:mt-5 overflow-x-auto\" data-message-author-role=\"assistant\" data-message-id=\"d4adde69-f0da-4537-99ca-ef2910e1507d\">\n<div class=\"markdown prose w-full break-words dark:prose-invert light\">\n<h3><span class=\"font-377884\"><mark>St. Moritz &#8211; Luxus und Stil zwischen den Gipfeln der Alpen<\/mark><\/span><\/h3>\n<p><span class=\"font-377884\">St. Moritz, im Kanton Graub\u00fcnden am Ufer seines eleganten Namensgebers, des Sees, ist in jeder Jahreszeit ein renommiertes Reiseziel. Ber\u00fchmt f\u00fcr prestigetr\u00e4chtige Sportveranstaltungen, darunter zwei Olympische Winterspiele, gilt es als eines der exklusivsten Skigebiete der Welt. Der h\u00f6chste Gipfel, Piz Julier, erhebt sich auf 3.380 Meter \u00fcber dem Meeresspiegel.<\/span><\/p>\n<p><span class=\"font-377884\">Urspr\u00fcnglich ein ruhiges Bauerndorf, wurde St. Moritz 1864 von <strong>Johannes Badrutt<\/strong>, dem Besitzer des Kulm Hotels, verwandelt. Sein Risiko, englische Sommerg\u00e4ste im Winter einzuladen, f\u00fchrte zur Geburt von St. Moritz als renommiertem internationalen Winterresort.<\/span><\/p>\n<p><span class=\"font-377884\">Abgesehen von seinem Winter-Ruhm war St. Moritz aufgrund seiner reichen kohlens\u00e4urehaltigen Quellen eine bekannte Kurstadt. Nach dem Ersten Weltkrieg stand das Skifahren im Mittelpunkt mit dem Bau der Cresta Run im Jahr 1884, der ersten k\u00fcnstlichen Bobbahn. Das Resort war Gastgeber der Olympischen Spiele von 1928 und 1948 und war Wegbereiter f\u00fcr Skij\u00f6ring-Pferderennen und nat\u00fcrliche Eiskan\u00e4le f\u00fcr Bob.<\/span><\/p>\n<p><span class=\"font-377884\"><strong>Mit 350 km alpiner Pisten, 200 km Langlaufloipen und 150 km Winterwanderwegen bietet Engadin-St. Moritz-Corviglia eine Vielzahl von Aktivit\u00e4ten.<\/strong><\/span><\/p>\n<p><span class=\"font-377884\"><strong>Der Bahnhof St. Moritz, der h\u00f6chste in der Schweiz<\/strong>, ist ein Drehkreuz f\u00fcr ber\u00fchmte Z\u00fcge wie den <strong><em>Glacier Express<\/em> <\/strong>und den <strong><em>Bernina Express.<\/em><\/strong><\/span><\/p>\n<p><span class=\"font-377884\">Besucht von Pers\u00f6nlichkeiten wie der schwedischen K\u00f6nigsfamilie, Robert De Niro und Angela Merkel, ist St. Moritz gleichbedeutend mit Eleganz und Luxus.<\/span><\/p>\n<p><span class=\"font-377884\">Es veranstaltet regelm\u00e4\u00dfig internationale Sportveranstaltungen, darunter das spektakul\u00e4re <strong><em>White Turf-Rennen<\/em><\/strong>, eine j\u00e4hrliche Veranstaltung, die Vollbl\u00fcter und internationale Jockeys anzieht. Es findet an drei Sonntagen im Februar auf dem zugefrorenen See von St. Moritz statt und lockt \u00fcber 30.000 Zuschauer an. Die Wettk\u00e4mpfe umfassen Trab- und Galopprennen sowie eine einzigartige Attraktion namens &#8222;<em>Skikj\u00f6ring<\/em>&#8222;, bei der Skifahrer von einem Pferd gezogen werden. Die Veranstaltung bietet auch ein reichhaltiges Rahmenprogramm mit Live-Musik, Essen und Einkaufen. Mit Preisen von rund einer halben Million Schweizer Franken ist der White Turf zu einer international relevanten Sportveranstaltung geworden.<\/span><\/p>\n<p><span class=\"font-377884\"><strong>Das Lyceum Alpinum Zuoz<\/strong> ist eine renommierte internationale Schule in Zuoz, in den pr\u00e4chtigen Bergen Graub\u00fcndens, nur eine kurze Strecke von St. Moritz entfernt. Bekannt f\u00fcr seine akademische Exzellenz und einzigartige alpine Atmosph\u00e4re, begr\u00fc\u00dft die Schule Sch\u00fcler aus der ganzen Welt und bietet eine mehrsprachige Lernumgebung.<\/span><\/p>\n<\/div>\n<\/div>\n<\/div>\n<p>&nbsp;<\/p>\n<div class=\"flex flex-grow flex-col max-w-full\">\n<div class=\"min-h-[20px] text-message flex flex-col items-start gap-3 whitespace-pre-wrap break-words [.text-message+&amp;]:mt-5 overflow-x-auto\" data-message-author-role=\"assistant\" data-message-id=\"dc8385b4-8db7-4a65-8540-39795def69d2\">\n<div class=\"markdown prose w-full break-words dark:prose-invert light\">\n<figure id=\"attachment_230527\" aria-describedby=\"caption-attachment-230527\" style=\"width: 1024px\" class=\"wp-caption aligncenter\"><a href=\"https:\/\/swissfederalism.ch\/wp-content\/uploads\/2024\/01\/Davos-Congress-Centre-Photo-by-World-Economic-Forum-CC-BY-SA-2.0-via-Wikimedia-Commons.jpg\"><img decoding=\"async\" class=\"wp-image-230527 size-full\" src=\"https:\/\/swissfederalism.ch\/wp-content\/uploads\/2024\/01\/Davos-Congress-Centre-Photo-by-World-Economic-Forum-CC-BY-SA-2.0-via-Wikimedia-Commons.jpg\" alt=\"The Davos Congress Centre that annually hosts the World Economic Forum by World Economic Forum, CC BY-SA 2.0, via Wikimedia Commons\" width=\"1024\" height=\"694\" srcset=\"https:\/\/swissfederalism.ch\/wp-content\/uploads\/2024\/01\/Davos-Congress-Centre-Photo-by-World-Economic-Forum-CC-BY-SA-2.0-via-Wikimedia-Commons.jpg 1024w, https:\/\/swissfederalism.ch\/wp-content\/uploads\/2024\/01\/Davos-Congress-Centre-Photo-by-World-Economic-Forum-CC-BY-SA-2.0-via-Wikimedia-Commons-300x203.jpg 300w, https:\/\/swissfederalism.ch\/wp-content\/uploads\/2024\/01\/Davos-Congress-Centre-Photo-by-World-Economic-Forum-CC-BY-SA-2.0-via-Wikimedia-Commons-768x521.jpg 768w, https:\/\/swissfederalism.ch\/wp-content\/uploads\/2024\/01\/Davos-Congress-Centre-Photo-by-World-Economic-Forum-CC-BY-SA-2.0-via-Wikimedia-Commons-350x237.jpg 350w\" sizes=\"(max-width: 1024px) 100vw, 1024px\" \/><\/a><figcaption id=\"caption-attachment-230527\" class=\"wp-caption-text\"><span class=\"font-377884\">The Davos Congress Centre that annually hosts the World Economic Forum by World Economic Forum, CC BY-SA 2.0, via Wikimedia Commons<\/span><\/figcaption><\/figure>\n<h3><span class=\"font-377884\"><mark>Davos-Klosters &#8211; Skispitzenklasse und Kongresszentrum<\/mark><\/span><\/h3>\n<p>Davos ist bekannt f\u00fcr sein weitl\u00e4ufiges Skigebiet, das f\u00fcr Skifahrer aller Niveaus geeignet ist, und ist regelm\u00e4\u00dfiger Austragungsort von prestigetr\u00e4chtigen Sportveranstaltungen und des Weltwirtschaftsforums.<\/p>\n<p>Die Geschichte von Davos reicht bis ins Sp\u00e4tmittelalter zur\u00fcck, als es sich als Siedlungszentrum der Walser entwickelte.<\/p>\n<p>Im 19. Jahrhundert wurde Davos mit dem Bau des Eisstadions, der heutigen Vaillant-Arena, zu einem Zentrum f\u00fcr Wintersport und Eisschnelllauf. Das Mikroklima, das f\u00fcr Tuberkulosekranke empfohlen wurde, zog Wohlhabende und Adelige an und f\u00fchrte zum Bau zahlreicher Sanatorien. Mit der Zeit entwickelte sich die Stadt auch zu einem bekannten Ziel f\u00fcr den Kulturtourismus.<\/p>\n<p>Der Ruhm von Davos wurde durch <strong>Thomas Mann<\/strong>s Roman &#8222;<em>Der Zauberberg<\/em>&#8220; noch verst\u00e4rkt.<\/p>\n<p>Im 20. Jahrhundert entwickelte sich Davos zu einem renommierten Skiort und war 1971 Gastgeber des ersten <em><strong>Weltwirtschaftsforums<\/strong><\/em>. Mit einem modernen Kongresszentrum ist Davos zu einem Treffpunkt f\u00fcr globale Diskussionen und Networking geworden und beherbergt prominente Pers\u00f6nlichkeiten wie Staatsoberh\u00e4upter, Prominente, Wissenschaftler und Schl\u00fcsselfiguren aus der Gesch\u00e4ftswelt.<\/p>\n<p>Das nahe gelegene Klosters ist bekannt f\u00fcr seinen alpinen Charme und die Besuche der britischen K\u00f6nigsfamilie w\u00e4hrend der Winterferien.<\/p>\n<p><strong>Davos-Klosters verf\u00fcgt \u00fcber ein umfassendes Skigebiet mit 54 Skiliften, 280 km Abfahrtspisten und 132 km Langlaufloipen und ist nach wie vor ein hervorragender Skiort und ein wichtiges Kongresszentrum.<\/strong><\/p>\n<p>Im Skigebiet Davos Klosters wird zudem jedes Jahr ein malerisches<strong><em> Iglu-Dorf<\/em> <\/strong>errichtet, das vollst\u00e4ndig aus Schnee und Eis besteht. W\u00e4hrend der \u00d6ffnungszeiten der Pisten k\u00f6nnen sich die Besucher an Bars mit hausgemachtem Gl\u00fchwein und Fondue mit einheimischem Bergk\u00e4se st\u00e4rken. Das Iglu-Dorf bietet Platz f\u00fcr bis zu 46 \u00dcbernachtungsg\u00e4ste in 14 Iglus, die durch ein Gangsystem verbunden sind, das zum Restaurant und zu den Sanit\u00e4ranlagen f\u00fchrt.<\/p>\n<\/div>\n<\/div>\n<\/div>\n<figure id=\"attachment_230523\" aria-describedby=\"caption-attachment-230523\" style=\"width: 840px\" class=\"wp-caption aligncenter\"><a href=\"https:\/\/swissfederalism.ch\/wp-content\/uploads\/2024\/01\/Crans-Montana-Bella-Lui-Photo-by-Roland-Zumbuehl-CC-BY-SA-4.0-via-Wikimedia-Commons-1024x683.jpg\"><img decoding=\"async\" class=\"size-large wp-image-230523\" src=\"https:\/\/swissfederalism.ch\/wp-content\/uploads\/2024\/01\/Crans-Montana-Bella-Lui-Photo-by-Roland-Zumbuehl-CC-BY-SA-4.0-via-Wikimedia-Commons-1024x683.jpg\" alt=\"Crans-Montana-Bella-Lui Photo by Roland Zumbuehl, CC BY-SA 4.0, via Wikimedia Commons\" width=\"840\" height=\"560\" srcset=\"https:\/\/swissfederalism.ch\/wp-content\/uploads\/2024\/01\/Crans-Montana-Bella-Lui-Photo-by-Roland-Zumbuehl-CC-BY-SA-4.0-via-Wikimedia-Commons-1024x683.jpg 1024w, https:\/\/swissfederalism.ch\/wp-content\/uploads\/2024\/01\/Crans-Montana-Bella-Lui-Photo-by-Roland-Zumbuehl-CC-BY-SA-4.0-via-Wikimedia-Commons-300x200.jpg 300w, https:\/\/swissfederalism.ch\/wp-content\/uploads\/2024\/01\/Crans-Montana-Bella-Lui-Photo-by-Roland-Zumbuehl-CC-BY-SA-4.0-via-Wikimedia-Commons-768x512.jpg 768w, https:\/\/swissfederalism.ch\/wp-content\/uploads\/2024\/01\/Crans-Montana-Bella-Lui-Photo-by-Roland-Zumbuehl-CC-BY-SA-4.0-via-Wikimedia-Commons-1536x1024.jpg 1536w, https:\/\/swissfederalism.ch\/wp-content\/uploads\/2024\/01\/Crans-Montana-Bella-Lui-Photo-by-Roland-Zumbuehl-CC-BY-SA-4.0-via-Wikimedia-Commons-350x233.jpg 350w, https:\/\/swissfederalism.ch\/wp-content\/uploads\/2024\/01\/Crans-Montana-Bella-Lui-Photo-by-Roland-Zumbuehl-CC-BY-SA-4.0-via-Wikimedia-Commons.jpg 1920w\" sizes=\"(max-width: 840px) 100vw, 840px\" \/><\/a><figcaption id=\"caption-attachment-230523\" class=\"wp-caption-text\"><span class=\"font-377884\">Crans-Montana-Bella-Lui Photo by Roland Zumbuehl, CC BY-SA 4.0, via Wikimedia Commons<\/span><\/figcaption><\/figure>\n<h3><span class=\"font-377884\"><mark>Crans-Montana &#8211; Eleganz und Raffinesse auf den Gipfeln der Welt<\/mark><\/span><\/h3>\n<div class=\"flex flex-grow flex-col max-w-full\">\n<div class=\"min-h-[20px] text-message flex flex-col items-start gap-3 whitespace-pre-wrap break-words [.text-message+&amp;]:mt-5 overflow-x-auto\" data-message-author-role=\"assistant\" data-message-id=\"296070b5-86cd-45d5-8621-0b4e2a581969\">\n<div class=\"markdown prose w-full break-words dark:prose-invert light\">\n<div class=\"flex flex-grow flex-col max-w-full\">\n<div class=\"min-h-[20px] text-message flex flex-col items-start gap-3 whitespace-pre-wrap break-words [.text-message+&amp;]:mt-5 overflow-x-auto\" data-message-author-role=\"assistant\" data-message-id=\"2f0fbad5-9034-4d02-ad51-2467030badb6\">\n<div class=\"markdown prose w-full break-words dark:prose-invert light\">\n<p><span class=\"font-377884\">Crans-Montana ist das Ergebnis der Vereinigung von Crans und Montana im Kanton Wallis. Es liegt auf einem Plateau oberhalb von Sierre, auf einer H\u00f6he von etwa 1.500 Metern \u00fcber dem Meeresspiegel, und bietet einen spektakul\u00e4ren Blick auf die Walliser Alpen und insbesondere das Weisshorn.<\/span><\/p>\n<p><span class=\"font-377884\"><strong>Das Skigebiet von Crans-Montana bietet 140 Pistenkilometer,<\/strong> darunter den Plaine-Morte-Gletscher mit dem Gipfel der Pointe de la Plaine Morte auf 2.927 Metern.<\/span><\/p>\n<p><span class=\"font-377884\">Das Skigebiet ist in der Welt des alpinen Skisports bekannt, da hier 1987 die Weltmeisterschaften ausgetragen wurden, und es ist eine regelm\u00e4\u00dfige Station im Weltcup, insbesondere f\u00fcr die Speed-Rennen der Frauen.<\/span><\/p>\n<p><span class=\"font-377884\">Neben dem Skisport ist das Gebiet auch f\u00fcr Veranstaltungen wie das Caprices Festival, ein Winter-Pop-Rock-Musikfestival, und das Profigolfturnier Omega European Masters bekannt, das jeden September stattfindet. Crans-Montana war auch Austragungsort von Etappen der Tour de Suisse und der Tour de Romandie im Radsport. Im Jahr 1984 fand hier die 20. Etappe der Tour de France statt, die von Laurent Fignon gewonnen wurde.<\/span><\/p>\n<p><span class=\"font-377884\">Der Golfclub Crans-sur-Sierre bietet vier Pl\u00e4tze, darunter einen von Seve Ballesteros entworfenen und einen nach Jack Nicklaus benannten.<\/span><\/p>\n<p><span class=\"font-377884\">Crans-Montana garantiert ein hohes Bildungsniveau mit der <em><strong>Les Roches Global Hospitality Education<\/strong><\/em>, die als eine der besten Hotelfachschulen weltweit anerkannt ist, und der<strong><em> R\u00e9gent International School,<\/em><\/strong> die einen internationalen Lehrplan mit dem International Baccalaureate Diploma in englischer Sprache anbietet.<\/span><\/p>\n<p><span class=\"font-377884\">Das Resort hat bereits Ber\u00fchmtheiten wie Jean Paul Belmondo, Jacqueline Kennedy Onassis und Alain Delon angezogen. Au\u00dferdem verbrachte der unvergessliche britische Schauspieler Sir Roger Moore, der f\u00fcr seine Darstellung des James Bond bekannt ist, bis zu seinem Tod im Jahr 2017 mehrere Jahre hier.<\/span><\/p>\n<\/div>\n<\/div>\n<\/div>\n<\/div>\n<\/div>\n<\/div>\n<div class=\"mt-1 flex justify-start gap-3 empty:hidden\">\n<div class=\"text-gray-400 flex self-end lg:self-center justify-center lg:justify-start mt-0 -ml-1 visible\">\n<figure id=\"attachment_230554\" aria-describedby=\"caption-attachment-230554\" style=\"width: 1024px\" class=\"wp-caption aligncenter\"><a href=\"https:\/\/swissfederalism.ch\/wp-content\/uploads\/2024\/01\/Laax-Slopestyle-course-Photo-by-Sport-Communities-CC-BY-SA-2.0-via-Wikimedia-Commons.jpg\"><img decoding=\"async\" class=\"size-full wp-image-230554\" src=\"https:\/\/swissfederalism.ch\/wp-content\/uploads\/2024\/01\/Laax-Slopestyle-course-Photo-by-Sport-Communities-CC-BY-SA-2.0-via-Wikimedia-Commons.jpg\" alt=\"Laax Slopestyle course Photo by Sport Communities, CC BY-SA 2.0, via Wikimedia Commons\" width=\"1024\" height=\"683\" srcset=\"https:\/\/swissfederalism.ch\/wp-content\/uploads\/2024\/01\/Laax-Slopestyle-course-Photo-by-Sport-Communities-CC-BY-SA-2.0-via-Wikimedia-Commons.jpg 1024w, https:\/\/swissfederalism.ch\/wp-content\/uploads\/2024\/01\/Laax-Slopestyle-course-Photo-by-Sport-Communities-CC-BY-SA-2.0-via-Wikimedia-Commons-300x200.jpg 300w, https:\/\/swissfederalism.ch\/wp-content\/uploads\/2024\/01\/Laax-Slopestyle-course-Photo-by-Sport-Communities-CC-BY-SA-2.0-via-Wikimedia-Commons-768x512.jpg 768w, https:\/\/swissfederalism.ch\/wp-content\/uploads\/2024\/01\/Laax-Slopestyle-course-Photo-by-Sport-Communities-CC-BY-SA-2.0-via-Wikimedia-Commons-350x233.jpg 350w\" sizes=\"(max-width: 1024px) 100vw, 1024px\" \/><\/a><figcaption id=\"caption-attachment-230554\" class=\"wp-caption-text\"><span class=\"font-377884\">Laax Slopestyle course Photo by Sport Communities, CC BY-SA 2.0, via Wikimedia Commons<\/span><\/figcaption><\/figure>\n<h3><span class=\"font-377884\"><mark>Laax &#8211; Das Paradies f\u00fcr Snowboard- und Freestyle-Skiing-Liebhaber<\/mark><\/span><\/h3>\n<div class=\"flex flex-grow flex-col max-w-full\">\n<div class=\"min-h-[20px] text-message flex flex-col items-start gap-3 whitespace-pre-wrap break-words [.text-message+&amp;]:mt-5 overflow-x-auto\" data-message-author-role=\"assistant\" data-message-id=\"06647212-0235-4dc4-a7a2-9af449a7a4d6\">\n<div class=\"markdown prose w-full break-words dark:prose-invert light\">\n<p><span class=\"font-377884\">Flims Laax Falera in Graub\u00fcnden ist ber\u00fchmt f\u00fcr sein weitl\u00e4ufiges Skigebiet, seine breiten Pisten und seine hervorragenden Einrichtungen f\u00fcr Snowboarding und Freestyle-Skiing. Das Gebiet ist regelm\u00e4ssig Austragungsort internationaler Wettk\u00e4mpfe und bietet einen der gr\u00f6ssten Snowparks Europas, die &#8222;<em>Laax Freestyle Academy<\/em>&#8222;.<\/span><\/p>\n<p><span class=\"font-377884\">Der Laax Slopestyle ist ein Freestyle-Snowboard-Wettbewerb, der im renommierten Laax Freestyle Park ausgetragen wird und bei dem professionelle Athleten auf einer Reihe von Spr\u00fcngen, Rails und kreativen Strukturen ihre akrobatischen F\u00e4higkeiten und ihren einzigartigen Stil unter Beweis stellen.<\/span><\/p>\n<p><span class=\"font-377884\"><strong>Das Gebiet bietet 224 Pistenkilometer, f\u00fcnf Snowparks und 28 Anlagen<\/strong>. Im Sommer garantieren der Swiss Grand Canyon, kristallklare Seen und die Tektonikarena Sardona, die zum UNESCO-Welterbe geh\u00f6rt, Entspannung und Abenteuer.<\/span><span class=\"font-377884\">Flims, Laax und Falera in der r\u00e4toromanischen Region Surselva sind auf unterschiedliche Urlaubergruppen spezialisiert:<\/span><\/p>\n<ul>\n<li><span class=\"font-377884\"><strong>Flims<\/strong> bietet ein Netz von Wanderwegen und Pisten f\u00fcr Wanderer und Langl\u00e4ufer sowie Wellness-Einrichtungen.<\/span><\/li>\n<li><span class=\"font-377884\"><strong>Falera<\/strong> hat sich den Charme eines Bergdorfes bewahrt und ist ideal f\u00fcr entspannte Familienferien.<\/span><\/li>\n<li><span class=\"font-377884\"><strong>Laax<\/strong> ist bekannt f\u00fcr seine Pisten, die Snowboarder aus der ganzen Welt anziehen.<\/span><\/li>\n<\/ul>\n<p><span class=\"font-377884\">Laax ist aber auch bekannt f\u00fcr seine lebendige Atmosph\u00e4re und sein Nachtleben. Das Dorf bietet eine Vielzahl von Restaurants, Bars und Gesch\u00e4ften, die ein ideales Umfeld f\u00fcr diejenigen schaffen, die nicht nur ein aufregendes Erlebnis auf den Pisten suchen, sondern auch einen kompletten Winterurlaub erleben m\u00f6chten.<\/span><\/p>\n<\/div>\n<\/div>\n<\/div>\n<div class=\"mt-1 flex justify-start gap-3 empty:hidden\">\n<div class=\"text-gray-400 flex self-end lg:self-center justify-center lg:justify-start mt-0 -ml-1 visible\"><\/div>\n<\/div>\n<div class=\"m-stage__content\">\n<div class=\"row\">\n<div class=\"column small-centered small-20\">\n<figure id=\"attachment_230546\" aria-describedby=\"caption-attachment-230546\" style=\"width: 512px\" class=\"wp-caption aligncenter\"><a href=\"https:\/\/swissfederalism.ch\/wp-content\/uploads\/2024\/01\/Lauberhorn-slope-Wengen-BE-Switzerland-Finish-area-with-a-view-of-the-finish-slope-of-the-2017-slalom-Photo-by-Verein-Internationale-Lauberhornrennen-Wengen-CC-BY-SA-4.0-via-Wikimedia-Commons.jpg\"><img decoding=\"async\" class=\"size-full wp-image-230546\" src=\"https:\/\/swissfederalism.ch\/wp-content\/uploads\/2024\/01\/Lauberhorn-slope-Wengen-BE-Switzerland-Finish-area-with-a-view-of-the-finish-slope-of-the-2017-slalom-Photo-by-Verein-Internationale-Lauberhornrennen-Wengen-CC-BY-SA-4.0-via-Wikimedia-Commons.jpg\" alt=\"Lauberhorn slope Wengen BE, Switzerland Finish area with a view of the finish slope of the 2017 slalom Photo by Verein Internationale Lauberhornrennen Wengen, CC BY-SA 4.0, via Wikimedia Commons\" width=\"512\" height=\"514\" srcset=\"https:\/\/swissfederalism.ch\/wp-content\/uploads\/2024\/01\/Lauberhorn-slope-Wengen-BE-Switzerland-Finish-area-with-a-view-of-the-finish-slope-of-the-2017-slalom-Photo-by-Verein-Internationale-Lauberhornrennen-Wengen-CC-BY-SA-4.0-via-Wikimedia-Commons.jpg 512w, https:\/\/swissfederalism.ch\/wp-content\/uploads\/2024\/01\/Lauberhorn-slope-Wengen-BE-Switzerland-Finish-area-with-a-view-of-the-finish-slope-of-the-2017-slalom-Photo-by-Verein-Internationale-Lauberhornrennen-Wengen-CC-BY-SA-4.0-via-Wikimedia-Commons-300x300.jpg 300w, https:\/\/swissfederalism.ch\/wp-content\/uploads\/2024\/01\/Lauberhorn-slope-Wengen-BE-Switzerland-Finish-area-with-a-view-of-the-finish-slope-of-the-2017-slalom-Photo-by-Verein-Internationale-Lauberhornrennen-Wengen-CC-BY-SA-4.0-via-Wikimedia-Commons-150x150.jpg 150w, https:\/\/swissfederalism.ch\/wp-content\/uploads\/2024\/01\/Lauberhorn-slope-Wengen-BE-Switzerland-Finish-area-with-a-view-of-the-finish-slope-of-the-2017-slalom-Photo-by-Verein-Internationale-Lauberhornrennen-Wengen-CC-BY-SA-4.0-via-Wikimedia-Commons-350x351.jpg 350w, https:\/\/swissfederalism.ch\/wp-content\/uploads\/2024\/01\/Lauberhorn-slope-Wengen-BE-Switzerland-Finish-area-with-a-view-of-the-finish-slope-of-the-2017-slalom-Photo-by-Verein-Internationale-Lauberhornrennen-Wengen-CC-BY-SA-4.0-via-Wikimedia-Commons-348x348.jpg 348w, https:\/\/swissfederalism.ch\/wp-content\/uploads\/2024\/01\/Lauberhorn-slope-Wengen-BE-Switzerland-Finish-area-with-a-view-of-the-finish-slope-of-the-2017-slalom-Photo-by-Verein-Internationale-Lauberhornrennen-Wengen-CC-BY-SA-4.0-via-Wikimedia-Commons-45x45.jpg 45w\" sizes=\"(max-width: 512px) 100vw, 512px\" \/><\/a><figcaption id=\"caption-attachment-230546\" class=\"wp-caption-text\"><span class=\"font-377884\">Lauberhorn slope Wengen BE, Switzerland Finish area with a view of the finish slope of the 2017 slalom Photo by Verein Internationale Lauberhornrennen Wengen, CC BY-SA 4.0, via Wikimedia Commons<\/span><\/figcaption><\/figure>\n<h3><span class=\"font-377884\"><mark>Jungfrau Ski Region &#8211; 3 Skigebiete in einem<\/mark><\/span><\/h3>\n<p><span class=\"font-377884\"><strong>Grindelwald-Wengen, Grindelwald-First und M\u00fcrren-Schilthorn bilden die <em>Jungfrau Ski Region<\/em>, ein einzigartiges Erlebnis aus zwei T\u00e4lern, drei Bergketten und 211 Pistenkilometern.<\/strong> Das Winterparadies vor der Kulisse von Eiger, M\u00f6nch und Jungfrau bietet Schneeliebhabern alles, was das Herz begehrt: sanfte H\u00e4nge, steile Abfahrten, Funparks, Rennstrecken und Snowparties.<\/span><\/p>\n<p><span class=\"font-377884\">Die Jungfrau ist ein majest\u00e4tischer Schweizer Berg, der dritth\u00f6chste der Berner Alpen mit 4158 Metern \u00fcber dem Meeresspiegel. Zusammen mit dem Eiger und dem M\u00f6nch bildet sie einen ikonischen Dreiklang, der als &#8222;<em>Dreigestirn<\/em>&#8220; bekannt ist. Am 13. Dezember 2001 wurde er als Teil der Region &#8222;Schweizer Alpen Jungfrau-Aletsch&#8220;, die auch die s\u00fcdlich angrenzenden Gebiete umfasst, in die UNESCO-Welterbeliste aufgenommen.<\/span><\/p>\n<p><span class=\"font-377884\">Grindelwald und Wengen sind zwei bekannte Touristenorte in der Jungfrauregion, die einen spektakul\u00e4ren Panoramablick auf die umliegenden majest\u00e4tischen Berge bieten.<\/span><\/p>\n<figure id=\"attachment_230563\" aria-describedby=\"caption-attachment-230563\" style=\"width: 840px\" class=\"wp-caption aligncenter\"><a href=\"https:\/\/swissfederalism.ch\/wp-content\/uploads\/2024\/01\/Ski-race-World-cup-Lauberhorn-Image-by-Andreas-from-Pixabay-1024x683.jpg\"><img decoding=\"async\" class=\"wp-image-230563 size-large\" src=\"https:\/\/swissfederalism.ch\/wp-content\/uploads\/2024\/01\/Ski-race-World-cup-Lauberhorn-Image-by-Andreas-from-Pixabay-1024x683.jpg\" alt=\"Ski race, World cup, Lauberhorn Image by Andreas from Pixabay\" width=\"840\" height=\"560\" srcset=\"https:\/\/swissfederalism.ch\/wp-content\/uploads\/2024\/01\/Ski-race-World-cup-Lauberhorn-Image-by-Andreas-from-Pixabay-1024x683.jpg 1024w, https:\/\/swissfederalism.ch\/wp-content\/uploads\/2024\/01\/Ski-race-World-cup-Lauberhorn-Image-by-Andreas-from-Pixabay-300x200.jpg 300w, https:\/\/swissfederalism.ch\/wp-content\/uploads\/2024\/01\/Ski-race-World-cup-Lauberhorn-Image-by-Andreas-from-Pixabay-768x512.jpg 768w, https:\/\/swissfederalism.ch\/wp-content\/uploads\/2024\/01\/Ski-race-World-cup-Lauberhorn-Image-by-Andreas-from-Pixabay-1536x1024.jpg 1536w, https:\/\/swissfederalism.ch\/wp-content\/uploads\/2024\/01\/Ski-race-World-cup-Lauberhorn-Image-by-Andreas-from-Pixabay-350x233.jpg 350w, https:\/\/swissfederalism.ch\/wp-content\/uploads\/2024\/01\/Ski-race-World-cup-Lauberhorn-Image-by-Andreas-from-Pixabay.jpg 1920w\" sizes=\"(max-width: 840px) 100vw, 840px\" \/><\/a><figcaption id=\"caption-attachment-230563\" class=\"wp-caption-text\"><span class=\"font-377884\">Ski race, World cup, Lauberhorn Image by Andreas from Pixabay<\/span><\/figcaption><\/figure>\n<div class=\"flex flex-grow flex-col max-w-full\">\n<div class=\"min-h-[20px] text-message flex flex-col items-start gap-3 whitespace-pre-wrap break-words [.text-message+&amp;]:mt-5 overflow-x-auto\" data-message-author-role=\"assistant\" data-message-id=\"cda04424-f2c5-4977-bfc3-a4542eb312bd\">\n<div class=\"markdown prose w-full break-words dark:prose-invert light\">\n<p><span class=\"font-377884\"><strong>Wengen<\/strong>, ein malerisches Schweizer Alpendorf, ist bekannt f\u00fcr seine atemberaubende Aussicht auf Eiger, M\u00f6nch und Jungfrau. Es bietet fantastische M\u00f6glichkeiten zum Skifahren im Winter und Zugang zum spektakul\u00e4ren Jungfraujoch mit seiner ber\u00fchmten Bergbahn. Wengen ist gepr\u00e4gt von traditionellen Alph\u00fctten, hat sich eine authentische Atmosph\u00e4re bewahrt und ist Austragungsort weltber\u00fchmter Skirennen wie dem Lauberhorn-Weltcup. Seit 1930 sind die internationalen Lauberhornrennen in Wengen eine Ikone des alpinen Skisports. Sie sind Teil des <em><strong>FIS-Weltcup-Kalenders<\/strong><\/em>, finden in einer spektakul\u00e4ren Umgebung statt und bieten die l\u00e4ngste und anspruchsvollste Abfahrtsstrecke. Skilegenden wie <strong><em>Franz Klammer, Ingemar Stenmark<\/em> <\/strong>und <strong><em>Alberto Tomba<\/em><\/strong> haben hier Geschichte geschrieben. Wengen, die &#8222;<strong><em>Heimat der Legenden<\/em><\/strong>&#8222;, empf\u00e4ngt Enthusiasten und Gemeinden zu einem Event, das Sport und Spannung verbindet. Ein Pflichttermin in der Welt des Wintersports.<\/span><\/p>\n<p><span class=\"font-377884\">Die Wengernalp-Zahnradbahn verbindet Wengen mit der <strong>Kleinen Scheidegg<\/strong> und ist ber\u00fchmt f\u00fcr ihre einzigartige Panoramafahrt durch eine atemberaubende Alpenlandschaft.<\/span><\/p>\n<p><span class=\"font-377884\"><strong>Grindelwald<\/strong>, eingebettet in die majest\u00e4tischen Schweizer Alpen im Herzen des Berner Oberlandes, ist ein charmantes Alpendorf, das f\u00fcr seine au\u00dfergew\u00f6hnliche Sch\u00f6nheit und seinen privilegierten Zugang zu den spektakul\u00e4ren umliegenden Bergen bekannt ist. Im Winter verwandelt sich das Dorf in ein ideales Ziel f\u00fcr Wintersportler, mit Skipisten, Schlittelwegen und M\u00f6glichkeiten zum Schneeschuhwandern.<\/span><\/p>\n<p><span class=\"font-377884\">Das <strong>Velogemel<\/strong> ist ein einzigartiges Fahrzeug, das eine Mischung aus Fahrrad, Schlitten und Skiern darstellt und f\u00fcr den Spa\u00df im Schnee konzipiert wurde. Urspr\u00fcnglich nicht f\u00fcr Freizeitzwecke geschaffen, wird es heute vor allem auf den letzten neun Kilometern der Schlittelbahn &#8222;Big Pintenfritz&#8220; in Grindelwald eingesetzt, die mit einer Gesamtl\u00e4nge von 15 Kilometern die l\u00e4ngste Schlittelbahn in Europa ist.<\/span><\/p>\n<p><span class=\"font-377884\"><strong>Das Iglu-Dorf Grindelwald<\/strong> ist ein ungew\u00f6hnliches und bezauberndes Ziel f\u00fcr alle, die den alpinen Winter auf einzigartige Weise erleben und in den Zauber einer eisigen Umgebung eintauchen m\u00f6chten. Dieses tempor\u00e4re und stimmungsvolle Bauwerk bietet ein einzigartiges Erlebnis, bei dem die Besucher in Eis-Iglus \u00fcbernachten, traditionelle Schweizer Gerichte genie\u00dfen und an Aktivit\u00e4ten wie Eisstockschie\u00dfen, Schneeschuhwandern und anderen Wintererlebnissen teilnehmen k\u00f6nnen.<\/span><\/p>\n<p><span class=\"font-377884\"><strong>Grindelwald First<\/strong> bietet w\u00e4hrend der Wintersaison aufregende Aktivit\u00e4ten und magische alpine Landschaften. Die Skipisten bieten spektakul\u00e4re Abfahrten, w\u00e4hrend sich Snowboardfans auf speziell angelegten Parcours der Herausforderung stellen k\u00f6nnen. <\/span><\/p>\n<p><span class=\"font-377884\"><strong>Der First Flieger, <\/strong>eine ber\u00fchmte Seilrutsche, die es den Besuchern erm\u00f6glicht, mit bis zu 80 km\/h durch die alpine Landschaft zu gleiten, ist zu einer sehr beliebten Attraktion geworden. Der First Glider bietet ein einzigartiges Flugerlebnis auf einer h\u00e4ngegleiter\u00e4hnlichen Konstruktion, die an einer Leine verankert ist und es den Teilnehmern erm\u00f6glicht, ebenfalls mit 80 km\/h \u00fcber die alpine Landschaft zu &#8222;fliegen&#8220;. <\/span><\/p>\n<p><span class=\"font-377884\"><strong>Der First Cliff Walk<\/strong> bietet ein aufregendes Erlebnis auf einer speziell entworfenen H\u00e4ngebr\u00fccke, die sich entlang einer Klippe erstreckt und einen spektakul\u00e4ren Blick auf die umliegenden Berge, darunter den Eiger, bietet. Auf dem Weg dorthin k\u00f6nnen die Besucher auf im Fels verankerten Glas- und Metallstegen laufen, die eine einzigartige Perspektive auf die Alpengipfel und das darunter liegende Tal bieten.<\/span><\/p>\n<p><span class=\"font-377884\"><strong>M\u00fcrren-Schilthorn<\/strong> ist als Drehort f\u00fcr eine der ber\u00fchmtesten <strong>James-Bond<\/strong>-Szenen bekannt. Im Film &#8222;<em>Im Geheimdienst Ihrer Majest\u00e4t<\/em>&#8220; (1969) diente die Station Schilthorn auf 2 970 m \u00fc. M. als St\u00fctzpunkt des B\u00f6sewichts Blofeld. Die ber\u00fchmte Skiszene mit James Bond, gespielt von George Lazenby, wurde auf den spektakul\u00e4ren Pisten der Umgebung gedreht. Im Drehrestaurant <strong>Piz Gloria<\/strong> k\u00f6nnen die G\u00e4ste kulinarische K\u00f6stlichkeiten genie\u00dfen und dabei 360-Grad-Panoramen bewundern. Der Ort bietet Skipisten f\u00fcr Enthusiasten, steile Abfahrten f\u00fcr Snowboarder und bezaubernde Winterwanderwege f\u00fcr Schneeliebhaber.<\/span><\/p>\n<p><span class=\"font-377884\"><strong>Lauterbrunnen<\/strong>, auch im Winter bezaubernd, verwandelt sich in ein magisches Wunderland, wenn die Gipfel der Jungfrau Region mit Schnee bedeckt sind. Die ber\u00fchmten Wasserf\u00e4lle gefrieren zu Eisskulpturen, w\u00e4hrend die Chalets und Alpend\u00f6rfer einem M\u00e4rchen entsprungen zu sein scheinen. Die Winteraktivit\u00e4ten reichen von Dorfspazierg\u00e4ngen bis hin zu Wanderungen entlang der Wei\u00dfen L\u00fctschine mit ihren verschneiten Landschaften und gefrorenen Wasserf\u00e4llen. Sulwald bietet ein aktiveres Erlebnis mit Schneeschuhwandern, Winterwanderungen und Schlitteln und bietet spektakul\u00e4re Aussichten auf Eiger, M\u00f6nch und Jungfrau.<br \/>\n<\/span><\/p>\n<\/div>\n<\/div>\n<\/div>\n<figure id=\"attachment_230550\" aria-describedby=\"caption-attachment-230550\" style=\"width: 512px\" class=\"wp-caption aligncenter\"><a href=\"https:\/\/swissfederalism.ch\/wp-content\/uploads\/2024\/01\/The-new-column-free-aerial-tramway-over-the-Urdental-valley.-It-connects-the-ski-areas-of-Lenzerheide-and-Arosa-Photo-by-Andreas-Faessler-CC-BY-SA-3.0-via-Wikimedia-Commons.jpg\"><img decoding=\"async\" class=\"size-full wp-image-230550\" src=\"https:\/\/swissfederalism.ch\/wp-content\/uploads\/2024\/01\/The-new-column-free-aerial-tramway-over-the-Urdental-valley.-It-connects-the-ski-areas-of-Lenzerheide-and-Arosa-Photo-by-Andreas-Faessler-CC-BY-SA-3.0-via-Wikimedia-Commons.jpg\" alt=\"The new, column-free aerial tramway over the Urdental valley. It connects the ski areas of Lenzerheide and Arosa Photo by Andreas Faessler, CC BY-SA 3.0, via Wikimedia Commons\" width=\"512\" height=\"370\" srcset=\"https:\/\/swissfederalism.ch\/wp-content\/uploads\/2024\/01\/The-new-column-free-aerial-tramway-over-the-Urdental-valley.-It-connects-the-ski-areas-of-Lenzerheide-and-Arosa-Photo-by-Andreas-Faessler-CC-BY-SA-3.0-via-Wikimedia-Commons.jpg 512w, https:\/\/swissfederalism.ch\/wp-content\/uploads\/2024\/01\/The-new-column-free-aerial-tramway-over-the-Urdental-valley.-It-connects-the-ski-areas-of-Lenzerheide-and-Arosa-Photo-by-Andreas-Faessler-CC-BY-SA-3.0-via-Wikimedia-Commons-300x217.jpg 300w, https:\/\/swissfederalism.ch\/wp-content\/uploads\/2024\/01\/The-new-column-free-aerial-tramway-over-the-Urdental-valley.-It-connects-the-ski-areas-of-Lenzerheide-and-Arosa-Photo-by-Andreas-Faessler-CC-BY-SA-3.0-via-Wikimedia-Commons-350x253.jpg 350w\" sizes=\"(max-width: 512px) 100vw, 512px\" \/><\/a><figcaption id=\"caption-attachment-230550\" class=\"wp-caption-text\"><span class=\"font-377884\">The new, column-free aerial tramway over the Urdental valley. It connects the ski areas of Lenzerheide and Arosa Photo by Andreas Faessler, CC BY-SA 3.0, via Wikimedia Commons<\/span><\/figcaption><\/figure>\n<div class=\"flex flex-grow flex-col max-w-full\">\n<div class=\"min-h-[20px] text-message flex flex-col items-start gap-3 whitespace-pre-wrap break-words [.text-message+&amp;]:mt-5 overflow-x-auto\" data-message-author-role=\"assistant\" data-message-id=\"8ee96d25-bb84-4430-8cdf-68fb422def83\">\n<div class=\"markdown prose w-full break-words dark:prose-invert light\">\n<h3><span class=\"font-377884\"><mark>Arosa-Lenzerheide, der magische Ferienort zwischen den Schweizer Gipfeln<\/mark><\/span><\/h3>\n<p><span class=\"font-377884\"><strong>Das Skigebiet Arosa-Lenzerheide ist das gr\u00f6\u00dfte im Kanton Graub\u00fcnden und das f\u00fcnftgr\u00f6\u00dfte der Schweiz<\/strong>.<\/span><\/p>\n<p><span class=\"font-377884\"> <strong>Seine 225 Pistenkilometer<\/strong>, die von 1.229 Metern bis 2.865 Metern reichen, bieten vielf\u00e4ltige M\u00f6glichkeiten f\u00fcr unterschiedliche K\u00f6nnerstufen. Zu den besonderen Pisten geh\u00f6ren die 1,5 km lange FIS-Abfahrt, verschiedene Snowparks, der Skiwanderweg &#8222;Runda Lai&#8220; mit mehreren Varianten f\u00fcr unterschiedliche K\u00f6nnerstufen und zahlreiche Off-Piste-Abfahrten f\u00fcr Freeride-Fans.<\/span><\/p>\n<p><span class=\"font-377884\">Neben dem vielf\u00e4ltigen Winterangebot zeichnet sich das Skigebiet Arosa-Lenzerheide auch durch sein grosses \u00f6kologisches Engagement aus. Das Skigebiet hat eine Reihe von Projekten beschlossen, die dem Klimaschutz dienen und einen nachhaltigen Beitrag zum Erhalt des Wintersports leisten. Die im Skigebiet verbrauchte Energie stammt derzeit zu 100% aus erneuerbaren Quellen, weitere umweltfreundliche Initiativen sind f\u00fcr die Zukunft geplant.<\/span><\/p>\n<p><span class=\"font-377884\">Arosa-Lenzerheide ist somit ein ideales Ziel f\u00fcr Wintersportler, die ein umfassendes Angebot an Pisten und ein Engagement f\u00fcr \u00f6kologische Nachhaltigkeit suchen.<\/span><\/p>\n<p><span class=\"font-377884\">Lenzerheide war auch der Ort, an dem der Philosoph Friedrich Nietzsche sein ber\u00fchmtes posthumes Fragment \u00fcber den Nihilismus schrieb.<\/span><\/p>\n<p><span class=\"font-377884\">Im Jahr 2024 belegte Arosa-Lenzerheide bei Forbes <strong>den achtzehnten Platz<\/strong> auf der Liste der &#8222;<strong><em>World&#8217;s Best Ski Resorts<\/em><\/strong>&#8222;.<\/span><\/p>\n<\/div>\n<\/div>\n<\/div>\n<figure id=\"attachment_230571\" aria-describedby=\"caption-attachment-230571\" style=\"width: 1024px\" class=\"wp-caption aligncenter\"><a href=\"https:\/\/swissfederalism.ch\/wp-content\/uploads\/2024\/01\/Les-Crosets-Portes-Du-Soleil-Suisse-Photo-by-Martin-Weinhardt-CC-BY-3.0-via-Wikimedia-Common.jpeg\"><img decoding=\"async\" class=\"size-full wp-image-230571\" src=\"https:\/\/swissfederalism.ch\/wp-content\/uploads\/2024\/01\/Les-Crosets-Portes-Du-Soleil-Suisse-Photo-by-Martin-Weinhardt-CC-BY-3.0-via-Wikimedia-Common.jpeg\" alt=\"Les Crosets Portes Du Soleil Suisse Photo by Martin Weinhardt, CC BY 3.0, via Wikimedia Common\" width=\"1024\" height=\"683\" srcset=\"https:\/\/swissfederalism.ch\/wp-content\/uploads\/2024\/01\/Les-Crosets-Portes-Du-Soleil-Suisse-Photo-by-Martin-Weinhardt-CC-BY-3.0-via-Wikimedia-Common.jpeg 1024w, https:\/\/swissfederalism.ch\/wp-content\/uploads\/2024\/01\/Les-Crosets-Portes-Du-Soleil-Suisse-Photo-by-Martin-Weinhardt-CC-BY-3.0-via-Wikimedia-Common-300x200.jpeg 300w, https:\/\/swissfederalism.ch\/wp-content\/uploads\/2024\/01\/Les-Crosets-Portes-Du-Soleil-Suisse-Photo-by-Martin-Weinhardt-CC-BY-3.0-via-Wikimedia-Common-768x512.jpeg 768w, https:\/\/swissfederalism.ch\/wp-content\/uploads\/2024\/01\/Les-Crosets-Portes-Du-Soleil-Suisse-Photo-by-Martin-Weinhardt-CC-BY-3.0-via-Wikimedia-Common-350x233.jpeg 350w\" sizes=\"(max-width: 1024px) 100vw, 1024px\" \/><\/a><figcaption id=\"caption-attachment-230571\" class=\"wp-caption-text\"><span class=\"font-377884\">Les Crosets Portes Du Soleil Suisse Photo by Martin Weinhardt, CC BY 3.0, via Wikimedia Common<\/span><\/figcaption><\/figure>\n<h3><span class=\"font-377884\"><mark>Les Portes du Soleil: Das erste grenz\u00fcberschreitende Skigebiet der Welt, ein internationales Pistenparadies<\/mark><\/span><\/h3>\n<p><span class=\"font-377884\"><strong>Les Portes du Soleil, das gr\u00f6\u00dfte internationale Skigebiet, das sich von der Schweiz bis nach Frankreich erstreckt, mit 650 km Pisten, die \u00fcber einen einzigen Pass zug\u00e4nglich sind!<\/strong> F\u00fcr Naturliebhaber bieten 360 km Wanderwege die M\u00f6glichkeit, wilde Landschaften zu Fu\u00df oder mit Schneeschuhen zu erkunden.<\/span><\/p>\n<p><span class=\"font-377884\"><strong>Das franz\u00f6sisch-schweizerische Skigebiet Portes du Soleil ist das erste grenz\u00fcberschreitende Skigebiet der Welt<\/strong> und bietet majest\u00e4tische Aussichten. Es entstand in den 1960er Jahren durch den Zusammenschluss mehrerer bereits bestehender Skigebiete in Frankreich und der Schweiz.<\/span><\/p>\n<p><span class=\"font-377884\">Zwei Nationen, zwei W\u00e4hrungen, zwei unterschiedliche Lebensstile, aber eine gemeinsame Sprache und eine gemeinsame Liebe zu den Bergen. Die 12 typischen oder hochmodernen Skigebiete, aus denen sich dieses Gebiet zusammensetzt, haben es geschafft, den Charme des Berglebens in gro\u00dfer H\u00f6he zu bewahren.<\/span><\/p>\n<p><span class=\"font-377884\">Mit einem breiten Angebot an Snowparks und zahlreichen Rodelbahnen versprechen die Portes du Soleil unbegrenzten Spa\u00df. F\u00fcr ein umfassendes Erlebnis k\u00f6nnen Sie die zahlreichen Aktivit\u00e4ten f\u00fcr die ganze Familie nutzen und sich in den nahe gelegenen Thermen entspannen. Das Angebot wird durch 214 km Langlaufloipen abgerundet.<\/span><\/p>\n<p><span class=\"font-377884\">In der Forbes-Rangliste &#8222;<strong><em>The World&#8217;s Best Ski Resorts<\/em><\/strong>&#8220; von 2024 belegte es <strong>den zweiten Platz<\/strong>.<\/span><\/p>\n<figure id=\"attachment_230575\" aria-describedby=\"caption-attachment-230575\" style=\"width: 1024px\" class=\"wp-caption aligncenter\"><a href=\"https:\/\/swissfederalism.ch\/wp-content\/uploads\/2024\/01\/Silvretta-Arena-\u2013-Schneebeben-Apres-Ski-in-Samnaun-Photo-by-Triplec85-CC0-via-Wikimedia-Commons.jpg\"><img decoding=\"async\" class=\"size-full wp-image-230575\" src=\"https:\/\/swissfederalism.ch\/wp-content\/uploads\/2024\/01\/Silvretta-Arena-\u2013-Schneebeben-Apres-Ski-in-Samnaun-Photo-by-Triplec85-CC0-via-Wikimedia-Commons.jpg\" alt=\"Silvretta Arena \u2013 Schneebeben Apr\u00e8s-Ski in Samnaun Photo by Triplec85, CC0, via Wikimedia Commons\" width=\"1024\" height=\"576\" srcset=\"https:\/\/swissfederalism.ch\/wp-content\/uploads\/2024\/01\/Silvretta-Arena-\u2013-Schneebeben-Apres-Ski-in-Samnaun-Photo-by-Triplec85-CC0-via-Wikimedia-Commons.jpg 1024w, https:\/\/swissfederalism.ch\/wp-content\/uploads\/2024\/01\/Silvretta-Arena-\u2013-Schneebeben-Apres-Ski-in-Samnaun-Photo-by-Triplec85-CC0-via-Wikimedia-Commons-300x169.jpg 300w, https:\/\/swissfederalism.ch\/wp-content\/uploads\/2024\/01\/Silvretta-Arena-\u2013-Schneebeben-Apres-Ski-in-Samnaun-Photo-by-Triplec85-CC0-via-Wikimedia-Commons-768x432.jpg 768w, https:\/\/swissfederalism.ch\/wp-content\/uploads\/2024\/01\/Silvretta-Arena-\u2013-Schneebeben-Apres-Ski-in-Samnaun-Photo-by-Triplec85-CC0-via-Wikimedia-Commons-350x197.jpg 350w\" sizes=\"(max-width: 1024px) 100vw, 1024px\" \/><\/a><figcaption id=\"caption-attachment-230575\" class=\"wp-caption-text\"><span class=\"font-377884\">Silvretta Arena \u2013 Schneebeben Apr\u00e8s-Ski in Samnaun Photo by Triplec85, CC0, via Wikimedia Commons<\/span><\/figcaption><\/figure>\n<h3><span class=\"font-377884\"><mark>Silvretta Arena: Skifahren und Abenteuer mit der ersten Doppelstockbahn in Samnaun<\/mark><\/span><\/h3>\n<p><span class=\"font-377884\">An der Grenze zwischen der Schweiz und \u00d6sterreich liegt die Silvretta Arena, ein au\u00dfergew\u00f6hnliches Ausflugsziel, das viel mehr als nur ein Skiabenteuer bietet. In Samnaun befindet sich die erste Doppelstock-Gondelbahn der Welt. Dieses einzigartige Erlebnis bietet grenzenloses Skivergn\u00fcgen und verbindet das grenz\u00fcberschreitende Skigebiet der Silvretta Arena Samnaun\/Ischgl.<\/span><\/p>\n<p><span class=\"font-377884\"><strong>Auf 580 Pistenkilometern<\/strong> schl\u00e4ngeln sich die Skifahrer durch die T\u00e4ler und \u00fcber die Gipfel der Silvrettagruppe und haben einen atemberaubenden Blick auf das Samnauntal, den Piz Mundin, den Muttler und das Fluchthorn.<\/span><\/p>\n<p><span class=\"font-377884\">Ischgl-Samnaun, das bekannte Skigebiet &#8222;<em>Silvretta-Arena<\/em>&#8222;, bietet ein au\u00dfergew\u00f6hnliches Wintererlebnis mit Schneesicherheit bis Anfang Mai und internationaler Atmosph\u00e4re.<\/span><\/p>\n<p><span class=\"font-377884\">Die &#8222;<strong><em>Schmugglerrunde<\/em><\/strong>&#8220; in Ischgl ist zweifelsohne eine Strecke, die Ski- und Snowboardbegeisterte auf den Spuren der Schmuggler erkunden und sich vorstellen k\u00f6nnen, wie m\u00fchsam es einst war, wertvolle Gegenst\u00e4nde zu schmuggeln.<\/span><\/p>\n<p><span class=\"font-377884\">Je nach Schwierigkeitsgrad k\u00f6nnen Wintersportler zwischen drei Routen w\u00e4hlen: von der anspruchsvollen Goldrunde \u00fcber die Silberrunde bis hin zur leichteren und leichter zug\u00e4nglichen Bronzerunde \u00fcber blaue Pisten.<\/span><\/p>\n<p><span class=\"font-377884\">In der Forbes-Rangliste &#8222;<strong><em>The World&#8217;s Best Ski Resorts<\/em><\/strong>&#8220; von 2024 belegte es <strong>den sechsten Platz.<\/strong><\/span><\/p>\n<figure id=\"attachment_230595\" aria-describedby=\"caption-attachment-230595\" style=\"width: 840px\" class=\"wp-caption aligncenter\"><a href=\"https:\/\/swissfederalism.ch\/wp-content\/uploads\/2024\/01\/mountains-Image-by-Phillip-Kofler-from-Pixabay-1024x683.jpg\"><img decoding=\"async\" class=\"size-large wp-image-230595\" src=\"https:\/\/swissfederalism.ch\/wp-content\/uploads\/2024\/01\/mountains-Image-by-Phillip-Kofler-from-Pixabay-1024x683.jpg\" alt=\"Mountains Image by Phillip Kofler from Pixabay\" width=\"840\" height=\"560\" srcset=\"https:\/\/swissfederalism.ch\/wp-content\/uploads\/2024\/01\/mountains-Image-by-Phillip-Kofler-from-Pixabay-1024x683.jpg 1024w, https:\/\/swissfederalism.ch\/wp-content\/uploads\/2024\/01\/mountains-Image-by-Phillip-Kofler-from-Pixabay-300x200.jpg 300w, https:\/\/swissfederalism.ch\/wp-content\/uploads\/2024\/01\/mountains-Image-by-Phillip-Kofler-from-Pixabay-768x512.jpg 768w, https:\/\/swissfederalism.ch\/wp-content\/uploads\/2024\/01\/mountains-Image-by-Phillip-Kofler-from-Pixabay-1536x1024.jpg 1536w, https:\/\/swissfederalism.ch\/wp-content\/uploads\/2024\/01\/mountains-Image-by-Phillip-Kofler-from-Pixabay-350x233.jpg 350w, https:\/\/swissfederalism.ch\/wp-content\/uploads\/2024\/01\/mountains-Image-by-Phillip-Kofler-from-Pixabay.jpg 1920w\" sizes=\"(max-width: 840px) 100vw, 840px\" \/><\/a><figcaption id=\"caption-attachment-230595\" class=\"wp-caption-text\"><span class=\"font-377884\">Mountains Image by Phillip Kofler from Pixabay<\/span><\/figcaption><\/figure>\n<h3><span class=\"font-377884\"><mark>Obersaxen Mundaun: Ein Skigebiet inmitten der majest\u00e4tischen Berge Graub\u00fcndens<\/mark><\/span><\/h3>\n<p><span class=\"font-377884\">Obersaxen Mundaun bietet ein komplettes Wintererlebnis f\u00fcr Sport- und Sonnenliebhaber. <strong>Mit 120 spektakul\u00e4ren Pistenkilometern<\/strong>, die sich \u00fcber Tiefschneeh\u00e4nge in alle Himmelsrichtungen erstrecken, verf\u00fcgt die Region \u00fcber ein einzigartiges Skigebiet, das Obersaxen Mundaun auf faszinierende Weise mit dem Lumneziatal verbindet. Im Gebiet finden Sie Kinderlifte, gem\u00fctliche Schneebars f\u00fcr entspannende Momente und traditionelle Bergh\u00fctten.<\/span><\/p>\n<p><span class=\"font-377884\">Ob Anf\u00e4nger oder Fortgeschrittener, ob Familie oder Sportbegeisterter, das auch vom ADAC ausgezeichnete Winterskigebiet Obersaxen Mundaun Val Lumnezia bietet f\u00fcr jeden etwas. Schneesichere Pisten und perfekte Bedingungen versprechen unbeschwerten Winterspa\u00df.<\/span><\/p>\n<figure id=\"attachment_230512\" aria-describedby=\"caption-attachment-230512\" style=\"width: 840px\" class=\"wp-caption aligncenter\"><a href=\"https:\/\/swissfederalism.ch\/wp-content\/uploads\/2024\/01\/Corvatsch-Park-Image-by-Antelao-from-Pixabay-1024x530.jpg\"><img decoding=\"async\" class=\"size-large wp-image-230512\" src=\"https:\/\/swissfederalism.ch\/wp-content\/uploads\/2024\/01\/Corvatsch-Park-Image-by-Antelao-from-Pixabay-1024x530.jpg\" alt=\"Corvatsch Park Image by Antelao from Pixabay\" width=\"840\" height=\"435\" srcset=\"https:\/\/swissfederalism.ch\/wp-content\/uploads\/2024\/01\/Corvatsch-Park-Image-by-Antelao-from-Pixabay-1024x530.jpg 1024w, https:\/\/swissfederalism.ch\/wp-content\/uploads\/2024\/01\/Corvatsch-Park-Image-by-Antelao-from-Pixabay-300x155.jpg 300w, https:\/\/swissfederalism.ch\/wp-content\/uploads\/2024\/01\/Corvatsch-Park-Image-by-Antelao-from-Pixabay-768x397.jpg 768w, https:\/\/swissfederalism.ch\/wp-content\/uploads\/2024\/01\/Corvatsch-Park-Image-by-Antelao-from-Pixabay-1536x794.jpg 1536w, https:\/\/swissfederalism.ch\/wp-content\/uploads\/2024\/01\/Corvatsch-Park-Image-by-Antelao-from-Pixabay-350x181.jpg 350w, https:\/\/swissfederalism.ch\/wp-content\/uploads\/2024\/01\/Corvatsch-Park-Image-by-Antelao-from-Pixabay.jpg 1920w\" sizes=\"(max-width: 840px) 100vw, 840px\" \/><\/a><figcaption id=\"caption-attachment-230512\" class=\"wp-caption-text\"><span class=\"font-377884\">Corvatsch Park Image by Antelao from Pixabay<\/span><\/figcaption><\/figure>\n<h3><span class=\"font-377884\"><mark>Corvatsch, Diavolezza und Lagalb: Erkundung der B\u00fcndner Skigipfel<\/mark><\/span><\/h3>\n<p><span class=\"font-377884\"><strong>Der Corvatsch bietet mit seinen 120 Pisten- und Wanderkilometern<\/strong> ein einzigartiges Erlebnis im Herzen des Kantons Graub\u00fcnden. Die Bergstation auf 3303 Metern \u00fcber Meer ist die h\u00f6chstgelegene der Region und darf sich mit dem Titel der h\u00f6chstgelegenen Whiskey-Brennerei der Welt schm\u00fccken. Im Sommer bieten Wanderwege Ruhe und Natursch\u00f6nheiten, im Winter beleben Corvatsch Park und Snow Night die Pisten.<\/span><\/p>\n<p><span class=\"font-377884\"><strong>Der Corvatsch Park,<\/strong> einer der gr\u00f6\u00dften Snowparks der Alpen, hat eine bemerkenswerte Entwicklung hinter sich. Fr\u00fcher war er ein Ziel f\u00fcr Filmteams, die abseits der Pisten Freeriding drehten. Heute ist der Gipfel des Big Raven zu einer Ikone der Freestyle-Kultur auf h\u00f6chstem Niveau geworden. In den letzten 10 Jahren hat sich der Corvatsch Park zu einem der beeindruckendsten Snowparks der Alpen entwickelt, in dem nationale und internationale Wettbewerbe stattfinden.<\/span><\/p>\n<p><span class=\"font-377884\">Im Jahr 2025 wird der Corvatsch Gastgeber der Halfpipe- und Slopestyle-Disziplinen der<strong><em> FIS Freestyle-Weltmeisterschaften<\/em> <\/strong>in der bezaubernden Kulisse des Engadins sein.<\/span><\/p>\n<p><span class=\"font-377884\">Am Corvatsch bleiben die Pisten bis Ende April ge\u00f6ffnet. <\/span><\/p>\n<p><span class=\"font-377884\"><strong>Die Diavolezza<\/strong> ist ein Synonym f\u00fcr H\u00f6hen- und Gletscherabenteuer und bietet eine bezaubernde Aussicht auf die Berninagruppe. Auf 2978 Metern liegt das Berghaus Diavolezza, H\u00fctte und Hotel in einem. <\/span><\/p>\n<p><span class=\"font-377884\">Die Lagalbspitze rundet das Angebot ab und ist die Winterdestination schlechthin f\u00fcr Schneesportler, die anspruchsvolle, nicht \u00fcberlaufene Pisten suchen.<\/span><\/p>\n<div class=\"flex flex-grow flex-col max-w-full\">\n<div class=\"min-h-[20px] text-message flex flex-col items-start gap-3 whitespace-pre-wrap break-words [.text-message+&amp;]:mt-5 overflow-x-auto\" data-message-author-role=\"assistant\" data-message-id=\"fefd74e8-c9ce-4fd2-bb0b-adcf2504e0fe\">\n<div class=\"markdown prose w-full break-words dark:prose-invert light\">\n<div class=\"flex flex-grow flex-col max-w-full\">\n<div class=\"min-h-[20px] text-message flex flex-col items-start gap-3 whitespace-pre-wrap break-words [.text-message+&amp;]:mt-5 overflow-x-auto\" data-message-author-role=\"assistant\" data-message-id=\"d3770b2e-24f2-4a85-9500-a3169aa42d8c\">\n<div class=\"markdown prose w-full break-words dark:prose-invert light\">\n<div class=\"flex flex-grow flex-col max-w-full\">\n<div class=\"min-h-[20px] text-message flex flex-col items-start gap-3 whitespace-pre-wrap break-words [.text-message+&amp;]:mt-5 overflow-x-auto\" data-message-author-role=\"assistant\" data-message-id=\"2c2f7001-1638-43b4-8d87-a559b5bfa179\">\n<div class=\"markdown prose w-full break-words dark:prose-invert light\">\n<figure id=\"attachment_230579\" aria-describedby=\"caption-attachment-230579\" style=\"width: 1024px\" class=\"wp-caption aligncenter\"><a href=\"https:\/\/swissfederalism.ch\/wp-content\/uploads\/2024\/01\/TitlisschanzeSprung-Photo-by-Mussklprozz-CC-BY-SA-4.0-via-Wikimedia-Common.jpg\"><img decoding=\"async\" class=\"size-full wp-image-230579\" src=\"https:\/\/swissfederalism.ch\/wp-content\/uploads\/2024\/01\/TitlisschanzeSprung-Photo-by-Mussklprozz-CC-BY-SA-4.0-via-Wikimedia-Common.jpg\" alt=\"Titlis Schanze Sprung Photo by Mussklprozz, CC BY-SA 4.0, via Wikimedia Common\" width=\"1024\" height=\"694\" srcset=\"https:\/\/swissfederalism.ch\/wp-content\/uploads\/2024\/01\/TitlisschanzeSprung-Photo-by-Mussklprozz-CC-BY-SA-4.0-via-Wikimedia-Common.jpg 1024w, https:\/\/swissfederalism.ch\/wp-content\/uploads\/2024\/01\/TitlisschanzeSprung-Photo-by-Mussklprozz-CC-BY-SA-4.0-via-Wikimedia-Common-300x203.jpg 300w, https:\/\/swissfederalism.ch\/wp-content\/uploads\/2024\/01\/TitlisschanzeSprung-Photo-by-Mussklprozz-CC-BY-SA-4.0-via-Wikimedia-Common-768x521.jpg 768w, https:\/\/swissfederalism.ch\/wp-content\/uploads\/2024\/01\/TitlisschanzeSprung-Photo-by-Mussklprozz-CC-BY-SA-4.0-via-Wikimedia-Common-350x237.jpg 350w\" sizes=\"(max-width: 1024px) 100vw, 1024px\" \/><\/a><figcaption id=\"caption-attachment-230579\" class=\"wp-caption-text\"><span class=\"font-377884\">Titlis Schanze Sprung Photo by Mussklprozz, CC BY-SA 4.0, via Wikimedia Common<\/span><\/figcaption><\/figure>\n<h3><span class=\"font-377884\"><mark>Titlis &#8211; Engelberg: Skifahren zwischen den Gipfeln der Zentralschweiz<\/mark><\/span><\/h3>\n<p><span class=\"font-377884\"><strong>Der Titlis ist ein Berg in den Berner Alpen im Kanton Obwalden und eines der gr\u00f6ssten Skigebiete der Zentralschweiz mit rund 80 Pistenkilometern,<\/strong> wobei der h\u00f6chste Gipfel knapp \u00fcber 3&#8217;000 Meter hoch ist. Seilbahnen f\u00fchren von Engelberg nach Tr\u00fcbsee und Stand und bieten atemberaubende Aussichten. Dank des Gletschers und der Schneesicherheit dauert die Skisaison rund acht Monate.<\/span><\/p>\n<p><span class=\"font-377884\"><strong>Titlis Cliff Walk H\u00e4ngebr\u00fccke,<\/strong> in der N\u00e4he des Gipfels gelegen, ist sie die h\u00f6chste H\u00e4ngebr\u00fccke in Europa.<\/span><\/p>\n<p><span class=\"font-377884\">Sie beherbergt die<strong> TITLIS Rotair,<\/strong> die erste drehbare Seilbahn der Welt.<\/span><\/p>\n<\/div>\n<\/div>\n<\/div>\n<figure id=\"attachment_230583\" aria-describedby=\"caption-attachment-230583\" style=\"width: 840px\" class=\"wp-caption aligncenter\"><a href=\"https:\/\/swissfederalism.ch\/wp-content\/uploads\/2024\/01\/Peak-Walk-By-Tissot-Glacier-3000-Les-Diablerets-Photo-by-Chris-Sche-Bo-scaled.jpg\"><img decoding=\"async\" class=\"size-large wp-image-230583\" src=\"https:\/\/swissfederalism.ch\/wp-content\/uploads\/2024\/01\/Peak-Walk-By-Tissot-Glacier-3000-Les-Diablerets-Photo-by-Chris-Sche-Bo-1024x768.jpg\" alt=\"Peak Walk By Tissot - Glacier 3000 - Les Diablerets Photo by Chris Sche-Bo\" width=\"840\" height=\"630\" srcset=\"https:\/\/swissfederalism.ch\/wp-content\/uploads\/2024\/01\/Peak-Walk-By-Tissot-Glacier-3000-Les-Diablerets-Photo-by-Chris-Sche-Bo-1024x768.jpg 1024w, https:\/\/swissfederalism.ch\/wp-content\/uploads\/2024\/01\/Peak-Walk-By-Tissot-Glacier-3000-Les-Diablerets-Photo-by-Chris-Sche-Bo-300x225.jpg 300w, https:\/\/swissfederalism.ch\/wp-content\/uploads\/2024\/01\/Peak-Walk-By-Tissot-Glacier-3000-Les-Diablerets-Photo-by-Chris-Sche-Bo-768x576.jpg 768w, https:\/\/swissfederalism.ch\/wp-content\/uploads\/2024\/01\/Peak-Walk-By-Tissot-Glacier-3000-Les-Diablerets-Photo-by-Chris-Sche-Bo-1536x1152.jpg 1536w, https:\/\/swissfederalism.ch\/wp-content\/uploads\/2024\/01\/Peak-Walk-By-Tissot-Glacier-3000-Les-Diablerets-Photo-by-Chris-Sche-Bo-2048x1536.jpg 2048w, https:\/\/swissfederalism.ch\/wp-content\/uploads\/2024\/01\/Peak-Walk-By-Tissot-Glacier-3000-Les-Diablerets-Photo-by-Chris-Sche-Bo-350x263.jpg 350w, https:\/\/swissfederalism.ch\/wp-content\/uploads\/2024\/01\/Peak-Walk-By-Tissot-Glacier-3000-Les-Diablerets-Photo-by-Chris-Sche-Bo-scaled.jpg 2560w\" sizes=\"(max-width: 840px) 100vw, 840px\" \/><\/a><figcaption id=\"caption-attachment-230583\" class=\"wp-caption-text\"><span class=\"font-377884\">Peak Walk By Tissot &#8211; Glacier 3000 &#8211; Les Diablerets Photo by Chris Sche-Bo<\/span><\/figcaption><\/figure>\n<div class=\"flex flex-grow flex-col max-w-full\">\n<div class=\"min-h-[20px] text-message flex flex-col items-start gap-3 whitespace-pre-wrap break-words [.text-message+&amp;]:mt-5 overflow-x-auto\" data-message-author-role=\"assistant\" data-message-id=\"5ac2f0c6-7466-43e6-9573-f1714b1c9a05\">\n<div class=\"markdown prose w-full break-words dark:prose-invert light\">\n<h3><span class=\"font-377884\"><mark>Villars-Gryon-Diablerets-Bex: Zwischen Weinbergen und Gletschern<\/mark><\/span><\/h3>\n<p><span class=\"font-377884\">Im Herzen der Waadtl\u00e4nder Alpen gelegen, sind die Skigebiete von Villars, Gryon und Les Diablerets miteinander verbunden und <strong>bilden ein Skigebiet mit \u00fcber 130 Pistenkilometern.<\/strong> Enthusiasten aller Niveaus werden hier f\u00fcndig. Auf dem Glacier 3000, dem h\u00f6chsten Punkt des Kantons Waadt, herrschen von November bis Mai ideale Schneeverh\u00e4ltnisse.<\/span><\/p>\n<p><span class=\"font-377884\"><strong>Im Skigebiet Glacier 3000 von Les Diablerets gibt es eine schwarze Piste, die als eine der steilsten der Welt bezeichnet wird.<\/strong> Es ist 3 km lang und verbindet den Gipfel (3.000 m) mit dem Pillonpass (1.546 m) durch einen 265 m langen Tunnel, der in den Berg gehauen wurde.<\/span><\/p>\n<p><span class=\"font-377884\">Weite und sonnige H\u00e4nge zwischen 1.200 und 3.000 Metern \u00fcber dem Meeresspiegel, dieser Spielplatz bietet viele M\u00f6glichkeiten.<\/span><\/p>\n<p><span class=\"font-377884\">Auf der Seite von Les Diablerets k\u00f6nnen Sie die Piste Willy Favre besuchen. Auf dieser Piste finden regelm\u00e4\u00dfig internationale Wettbewerbe statt. Mehrere Snowparks bereichern Ihre Tage in unserem Skigebiet. Der Glacier 3000 bietet die h\u00f6chsten Pisten der Waadtl\u00e4nder Alpen.<\/span><\/p>\n<p><span class=\"font-377884\">Erfahrene Skifahrer begeben sich auf die Combe d&#8217;Audon, eine der schwierigsten schwarzen Pisten der Region, oder auf die Rote Piste, die \u00fcber 8 Kilometer lang ist und einen au\u00dfergew\u00f6hnlichen H\u00f6henunterschied von \u00fcber 1.700 Metern aufweist. Der Snowpark verleiht den Freestylern Fl\u00fcgel.<\/span><\/p>\n<p><span class=\"font-377884\">Das Schneevergn\u00fcgen ist sowohl f\u00fcr Skifahrer als auch f\u00fcr Nicht-Skifahrer zug\u00e4nglich: Die Terrassen der hochgelegenen Restaurants sind leicht zug\u00e4nglich, und dank der Z\u00fcge und Seilbahnen, die die Skigebiete mit den Pisten verbinden, sind auch Fu\u00dfg\u00e4nger willkommen.<\/span><\/p>\n<p><span class=\"font-377884\">Die Pisten reichen von den extremen Herausforderungen der Combe d&#8217;Audon und der Schwarzen Wand bis zu den leichter zug\u00e4nglichen Anf\u00e4ngerpisten in den Gebieten von Villars, Gryon und Les Diablerets. Mit einer langen Skisaison und einer breiten Palette an Aktivit\u00e4ten bietet die Region ein unglaubliches Wintererlebnis.<\/span><\/p>\n<p><span class=\"font-377884\">Das Dorf Villars-sur-Ollon ist heute auch f\u00fcr seine internationalen Schulen bekannt, darunter das <strong>Aiglon College,<\/strong> das <strong>Coll\u00e8ge alpin Beau Soleil<\/strong>, <strong>La Garenne<\/strong> und <strong>Pr\u00e9-Fleuri.<\/strong> Diese Einrichtungen bieten eine hochwertige Ausbildung und ziehen Sch\u00fcler aus der ganzen Welt an, was zum internationalen Ruf der Region beitr\u00e4gt.<\/span><\/p>\n<\/div>\n<\/div>\n<\/div>\n<\/div>\n<\/div>\n<\/div>\n<\/div>\n<div><\/div>\n<figure id=\"attachment_230587\" aria-describedby=\"caption-attachment-230587\" style=\"width: 1024px\" class=\"wp-caption aligncenter\"><a href=\"https:\/\/swissfederalism.ch\/wp-content\/uploads\/2024\/01\/Lenk-Photo-by-M-M-from-Switzerland-CC-BY-SA-2.0-via-Wikimedia-Commons.jpg\"><img decoding=\"async\" class=\"size-full wp-image-230587\" src=\"https:\/\/swissfederalism.ch\/wp-content\/uploads\/2024\/01\/Lenk-Photo-by-M-M-from-Switzerland-CC-BY-SA-2.0-via-Wikimedia-Commons.jpg\" alt=\"Winter hiking in Lenk Photo by M M from Switzerland, CC BY-SA 2.0, via Wikimedia Commons\" width=\"1024\" height=\"678\" srcset=\"https:\/\/swissfederalism.ch\/wp-content\/uploads\/2024\/01\/Lenk-Photo-by-M-M-from-Switzerland-CC-BY-SA-2.0-via-Wikimedia-Commons.jpg 1024w, https:\/\/swissfederalism.ch\/wp-content\/uploads\/2024\/01\/Lenk-Photo-by-M-M-from-Switzerland-CC-BY-SA-2.0-via-Wikimedia-Commons-300x199.jpg 300w, https:\/\/swissfederalism.ch\/wp-content\/uploads\/2024\/01\/Lenk-Photo-by-M-M-from-Switzerland-CC-BY-SA-2.0-via-Wikimedia-Commons-768x509.jpg 768w, https:\/\/swissfederalism.ch\/wp-content\/uploads\/2024\/01\/Lenk-Photo-by-M-M-from-Switzerland-CC-BY-SA-2.0-via-Wikimedia-Commons-350x232.jpg 350w\" sizes=\"(max-width: 1024px) 100vw, 1024px\" \/><\/a><figcaption id=\"caption-attachment-230587\" class=\"wp-caption-text\"><span class=\"font-377884\">Winter hiking in Lenk Photo by M M from Switzerland, CC BY-SA 2.0, via Wikimedia Commons<\/span><\/figcaption><\/figure>\n<div class=\"flex flex-grow flex-col max-w-full\">\n<div class=\"min-h-[20px] text-message flex flex-col items-start gap-3 whitespace-pre-wrap break-words [.text-message+&amp;]:mt-5 overflow-x-auto\" data-message-author-role=\"assistant\" data-message-id=\"de870545-fbf1-4b1b-a91a-f5675394e140\">\n<div class=\"markdown prose w-full break-words dark:prose-invert light\">\n<h3><span class=\"font-377884\"><mark>Adelboden-Lenk-Kandersteg: Skivergn\u00fcgen im Herzen des Berner Oberlandes<\/mark><\/span><\/h3>\n<p><span class=\"font-377884\">Das Skigebiet Adelboden-Frutigen-Lenk bietet auch f\u00fcr den anspruchsvollen Sportler ein \u00fcberzeugendes Erlebnis. <strong>Mit 72 leistungsf\u00e4higen Liftanlagen erschliesst das Skigebiet ein ausgedehntes Pistennetz von 210 Kilometern L\u00e4nge.<\/strong> Unter dem Motto <em>&#8222;Feel the Love<\/em>&#8220; zeigt die Region den Winter in seiner ganzen alpinen Pracht und bietet Wintersportlern ein unvergessliches Erlebnis. Winterwanderungen auf der Sonnenterrasse von Adelboden, Langlaufloipen, der Snowpark, die Freeride-Arena, Wanderwege und Schlittelpisten laden zum Erkunden der alpinen Winterwelt ein. Die zahlreichen Bergrestaurants und H\u00fctten bieten ein gem\u00fctliches Refugium f\u00fcr eine wohlverdiente Pause. Bemerkenswert ist, dass die Pisten der Skiregion Adelboden-Lenk mit dem renommierten G\u00fctesiegel des internationalen &#8222;<em>Skiareatests<\/em>&#8220; ausgezeichnet wurden. Adelboden kann mit einer Reihe von sportlichen und kulturellen Veranstaltungen aufwarten. W\u00e4hrend des <em>Audi FIS Ski World Cup Adelboden<\/em> verwandelt sich das Chuenisb\u00e4rgli in einen funkelnden Winterkessel. F\u00fcr Bewegungsfreudige gibt es die M\u00f6glichkeit zum Wandern, Klettern, Velofahren, Schlitteln oder Skifahren.<\/span><\/p>\n<p><span class=\"font-377884\">Das charmante Chaletdorf am Fusse des Wildstrubels ist mit seinem reichhaltigen Angebot an Skiliften und Bergbahnen, der wachsenden Vielfalt an Wellnessangeboten und seiner Familienfreundlichkeit eine der vielseitigsten Destinationen im Berner Oberland, sowohl im Sommer als auch im Winter. Adelboden darf sich zudem r\u00fchmen, als erste Schweizer Destination mit dem Zertifikat &#8222;<em>Alpine Wellness<\/em>&#8220; ausgezeichnet worden zu sein.<\/span><\/p>\n<p><span class=\"font-377884\">Adelboden-Lenk-Kandersteg ist wahrlich eine Destination, in der &#8222;Feel the Love&#8220; zu einem erf\u00fcllten Versprechen wird und die authentische Sch\u00f6nheit des alpinen Winters in die Herzen aller einflie\u00dfen l\u00e4sst, die in sie eintauchen.<\/span><\/p>\n<\/div>\n<\/div>\n<\/div>\n<figure id=\"attachment_230591\" aria-describedby=\"caption-attachment-230591\" style=\"width: 1024px\" class=\"wp-caption aligncenter\"><a href=\"https:\/\/swissfederalism.ch\/wp-content\/uploads\/2024\/01\/Gutsch-Express-Skiarena_Andermatt-Sedrun-Photo-by-Yfanny-CC-BY-SA-4.0-via-Wikimedia-Commons.jpg\"><img decoding=\"async\" class=\"size-full wp-image-230591\" src=\"https:\/\/swissfederalism.ch\/wp-content\/uploads\/2024\/01\/Gutsch-Express-Skiarena_Andermatt-Sedrun-Photo-by-Yfanny-CC-BY-SA-4.0-via-Wikimedia-Commons.jpg\" alt=\"G\u00fctsch Express -Skiarena_Andermatt-Sedrun Photo by Yfanny, CC BY-SA 4.0, via Wikimedia Commons\" width=\"1024\" height=\"683\" srcset=\"https:\/\/swissfederalism.ch\/wp-content\/uploads\/2024\/01\/Gutsch-Express-Skiarena_Andermatt-Sedrun-Photo-by-Yfanny-CC-BY-SA-4.0-via-Wikimedia-Commons.jpg 1024w, https:\/\/swissfederalism.ch\/wp-content\/uploads\/2024\/01\/Gutsch-Express-Skiarena_Andermatt-Sedrun-Photo-by-Yfanny-CC-BY-SA-4.0-via-Wikimedia-Commons-300x200.jpg 300w, https:\/\/swissfederalism.ch\/wp-content\/uploads\/2024\/01\/Gutsch-Express-Skiarena_Andermatt-Sedrun-Photo-by-Yfanny-CC-BY-SA-4.0-via-Wikimedia-Commons-768x512.jpg 768w, https:\/\/swissfederalism.ch\/wp-content\/uploads\/2024\/01\/Gutsch-Express-Skiarena_Andermatt-Sedrun-Photo-by-Yfanny-CC-BY-SA-4.0-via-Wikimedia-Commons-350x233.jpg 350w\" sizes=\"(max-width: 1024px) 100vw, 1024px\" \/><\/a><figcaption id=\"caption-attachment-230591\" class=\"wp-caption-text\"><span class=\"font-377884\">G\u00fctsch Express -Skiarena_Andermatt-Sedrun Photo by Yfanny, CC BY-SA 4.0, via Wikimedia Commons<\/span><\/figcaption><\/figure>\n<div class=\"flex flex-grow flex-col max-w-full\">\n<div class=\"min-h-[20px] text-message flex flex-col items-start gap-3 whitespace-pre-wrap break-words [.text-message+&amp;]:mt-5 overflow-x-auto\" data-message-author-role=\"assistant\" data-message-id=\"e7a0c960-d110-4710-ab29-07cc896269ce\">\n<div class=\"markdown prose w-full break-words dark:prose-invert light\">\n<h3><span class=\"font-377884\"><mark>Andermatt-Sedrun-Disentis: Schneeabenteuer in den Alpen<\/mark><\/span><\/h3>\n<p><span class=\"font-377884\">Das alte Milit\u00e4rdorf Andermatt ist die perfekte Wahl f\u00fcr Abenteurer jeder K\u00f6nnerstufe. Es ist bekannt f\u00fcr die Herausforderungen, die die verschlungenen und steilen H\u00e4nge des Gemsstocks auf 2.963 Metern H\u00f6he darstellen. Seine abgelegene Lage und sein malerischer historischer Kern machten es zu einem beliebten Ort f\u00fcr Skibegeisterte, vorausgesetzt nat\u00fcrlich, sie waren erfahrene Skifahrer abseits der Pisten, w\u00e4hrend andere die Finger davon lie\u00dfen.<\/span><\/p>\n<p><span class=\"font-377884\">Im Jahr 2005 stellte der Milliard\u00e4r Samih Sawiris einen Investitionsplan in H\u00f6he von 1,8 Milliarden Franken vor, um Andermatt in ein luxuri\u00f6ses Ganzjahresski- und Golfressort zu verwandeln. Obwohl die Umwandlung noch nicht abgeschlossen ist, hat die j\u00fcngste \u00dcbernahme durch die US-amerikanische Vail Resorts-Gruppe, die eine Mehrheitsbeteiligung an der Liftgesellschaft des Ortes erworben hat, bereits zur Er\u00f6ffnung einer der pr\u00e4chtigsten F\u00fcnf-Sterne-Anlagen in den Alpen gef\u00fchrt: dem Chedi Andermatt.<\/span><\/p>\n<p><span class=\"font-377884\">Andermatt, Sedrun und Disentis bilden zusammen die <strong><em>SkiArena Andermatt-Sedrun<\/em><\/strong> und arbeiten mit den Bergbahnen Disentis zusammen. <strong>Mit 180 Pistenkilometern und 33 Liften<\/strong> bis auf 3&#8217;000 Meter \u00fcber Meer ist Andermatt-Sedrun-Disentis das gr\u00f6sste Skigebiet der Zentralschweiz. Nach dem Zusammenschluss der Berggebiete wurden \u00fcberregionale Angebote eingef\u00fchrt.<\/span><\/p>\n<p><span class=\"font-377884\">Die &#8222;<em><strong>Matterhorn Gotthard Bahn<\/strong><\/em>&#8220; f\u00fchrt auf 144 Kilometern von Zermatt nach Disentis und von Andermatt nach G\u00f6schenen und \u00fcberwindet dabei einen H\u00f6henunterschied von rund 3300 Metern. 33 Tunnels und Galerien sowie 126 Br\u00fccken machen sie zu einer besonderen Attraktion. Das Warten auf den Zug in Skischuhen ist ein unvergessliches Erlebnis, vor allem wenn Sie sich f\u00fcr einen der Apr\u00e8s-Ski-Services entscheiden.<\/span><\/p>\n<\/div>\n<\/div>\n<\/div>\n<div class=\"flex flex-grow flex-col max-w-full\">\n<div class=\"min-h-[20px] text-message flex flex-col items-start gap-3 whitespace-pre-wrap break-words [.text-message+&amp;]:mt-5 overflow-x-auto\" data-message-author-role=\"assistant\" data-message-id=\"7ec4fd8a-86ec-4998-8cbd-157950beda0d\">\n<div class=\"markdown prose w-full break-words dark:prose-invert light\">\n<div class=\"flex flex-grow flex-col max-w-full\">\n<div class=\"min-h-[20px] text-message flex flex-col items-start gap-3 whitespace-pre-wrap break-words [.text-message+&amp;]:mt-5 overflow-x-auto\" data-message-author-role=\"assistant\" data-message-id=\"c4a7889d-8cf1-4864-9887-59d56226ec96\">\n<div class=\"markdown prose w-full break-words dark:prose-invert light\">\n<div class=\"flex flex-grow flex-col max-w-full\">\n<div class=\"min-h-[20px] text-message flex flex-col items-start gap-3 whitespace-pre-wrap break-words [.text-message+&amp;]:mt-5 overflow-x-auto\" data-message-author-role=\"assistant\" data-message-id=\"21f85f82-5256-4e8f-8585-3fa53682f029\">\n<div class=\"markdown prose w-full break-words dark:prose-invert light\">\n<figure id=\"attachment_230607\" aria-describedby=\"caption-attachment-230607\" style=\"width: 840px\" class=\"wp-caption aligncenter\"><a href=\"https:\/\/swissfederalism.ch\/wp-content\/uploads\/2024\/01\/Skier-Image-by-Oleksandr-Pyrohov-from-Pixabay-1024x662.jpg\"><img decoding=\"async\" class=\"size-large wp-image-230607\" src=\"https:\/\/swissfederalism.ch\/wp-content\/uploads\/2024\/01\/Skier-Image-by-Oleksandr-Pyrohov-from-Pixabay-1024x662.jpg\" alt=\"Skier Image by Oleksandr Pyrohov from Pixabay\" width=\"840\" height=\"543\" srcset=\"https:\/\/swissfederalism.ch\/wp-content\/uploads\/2024\/01\/Skier-Image-by-Oleksandr-Pyrohov-from-Pixabay-1024x662.jpg 1024w, https:\/\/swissfederalism.ch\/wp-content\/uploads\/2024\/01\/Skier-Image-by-Oleksandr-Pyrohov-from-Pixabay-300x194.jpg 300w, https:\/\/swissfederalism.ch\/wp-content\/uploads\/2024\/01\/Skier-Image-by-Oleksandr-Pyrohov-from-Pixabay-768x497.jpg 768w, https:\/\/swissfederalism.ch\/wp-content\/uploads\/2024\/01\/Skier-Image-by-Oleksandr-Pyrohov-from-Pixabay-1536x994.jpg 1536w, https:\/\/swissfederalism.ch\/wp-content\/uploads\/2024\/01\/Skier-Image-by-Oleksandr-Pyrohov-from-Pixabay-350x226.jpg 350w, https:\/\/swissfederalism.ch\/wp-content\/uploads\/2024\/01\/Skier-Image-by-Oleksandr-Pyrohov-from-Pixabay.jpg 1920w\" sizes=\"(max-width: 840px) 100vw, 840px\" \/><\/a><figcaption id=\"caption-attachment-230607\" class=\"wp-caption-text\"><span class=\"font-377884\">Skier Image by Oleksandr Pyrohov from Pixabay<\/span><\/figcaption><\/figure>\n<div class=\"flex flex-grow flex-col max-w-full\">\n<div class=\"min-h-[20px] text-message flex flex-col items-start gap-3 whitespace-pre-wrap break-words [.text-message+&amp;]:mt-5 overflow-x-auto\" data-message-author-role=\"assistant\" data-message-id=\"18f3d48a-eb34-446f-8951-9c018e95e282\">\n<div class=\"markdown prose w-full break-words dark:prose-invert light\">\n<h3><span class=\"font-377884\"><mark>Val d&#8217;Anniviers &#8211; ein Winterparadies zum Entdecken<\/mark><\/span><\/h3>\n<p><span class=\"font-377884\">Das Skigebiet Grimentz-Zinal liegt im Herzen der Kaiserkrone im Kanton Wallis und ist Teil des <strong>Val d&#8217;Anniviers mit 115 Pistenkilometern, die von 20 Skiliften<\/strong> bedient werden. Das von erfahrenen Skifahrern sehr gesch\u00e4tzte Skigebiet ist aufgrund seiner H\u00f6henlage f\u00fcr seine Schneesicherheit bekannt und bietet nicht nur Freeride-Abfahrten, Skicross und Neuschnee, sondern auch die M\u00f6glichkeit zum traditionellen Skifahren. Die Lona-Piste garantiert bei g\u00fcnstigen Bedingungen aufregende Erlebnisse.<\/span><\/p>\n<p><span class=\"font-377884\">Das Lawinen\u00fcbungsgel\u00e4nde erg\u00e4nzt das spannende und sichere Skiangebot. Mit dem<strong> Magic Pass<\/strong> kann man hier die ganze Saison \u00fcber sicher und in Ruhe Ski fahren.<\/span><\/p>\n<p><span class=\"font-377884\"><strong>Grimentz-Zinal:<\/strong> In einer verwunschenen Umgebung gelegen, empf\u00e4ngt Grimentz-Zinal die Skifahrer mit seiner traditionellen Architektur und seinen gut pr\u00e4parierten Pisten. Dieses Skigebiet, das \u00fcber eine moderne Gondel mit Zinal verbunden ist, bietet eine gro\u00dfe Vielfalt an Pisten f\u00fcr alle K\u00f6nnerstufen.<\/span><\/p>\n<p><span class=\"font-377884\"><strong>St-Luc\/Chandolin:<\/strong> Mit seiner Panoramalage und dem atemberaubenden Blick auf die umliegenden Gipfel ist St-Luc\/Chandolin ein magischer Ort f\u00fcr Skibegeisterte. Sein perfekt in die Natur integriertes Pistennetz garantiert einzigartige und unvergessliche Erlebnisse.<\/span><\/p>\n<p><span class=\"font-377884\"><strong>Vercorin<\/strong>: Eingebettet in eine authentische und entspannte Atmosph\u00e4re bietet Vercorin ein einzigartiges Skierlebnis. Die gut pr\u00e4parierten Pisten schl\u00e4ngeln sich durch zauberhafte Landschaften und bieten eine Mischung aus Herausforderung und Spa\u00df f\u00fcr Skifahrer aller Niveaus.<\/span><\/p>\n<p><span class=\"font-377884\">In Val d&#8217;Anniviers k\u00f6nnen Wintersportler eine au\u00dfergew\u00f6hnliche Kombination aus atemberaubenden Landschaften, alpiner Tradition und Schneeabenteuern genie\u00dfen. Egal, ob Sie Anf\u00e4nger oder erfahrener Skifahrer sind, dieser Ort bietet f\u00fcr jeden etwas Besonderes.<\/span><\/p>\n<\/div>\n<\/div>\n<\/div>\n<\/div>\n<\/div>\n<\/div>\n<div class=\"flex flex-grow flex-col max-w-full\">\n<div class=\"min-h-[20px] text-message flex flex-col items-start gap-3 whitespace-pre-wrap break-words [.text-message+&amp;]:mt-5 overflow-x-auto\" data-message-author-role=\"assistant\" data-message-id=\"46cd51e2-0731-4e6b-b04b-916e3d577d4d\">\n<div class=\"result-streaming markdown prose w-full break-words dark:prose-invert light\">\n<div class=\"flex flex-grow flex-col max-w-full\">\n<div class=\"min-h-[20px] text-message flex flex-col items-start gap-3 whitespace-pre-wrap break-words [.text-message+&amp;]:mt-5 overflow-x-auto\" data-message-author-role=\"assistant\" data-message-id=\"f27b2e29-8e3d-4ab7-8a75-0ede2f5752a6\">\n<div class=\"result-streaming markdown prose w-full break-words dark:prose-invert light\">\n<figure id=\"attachment_230613\" aria-describedby=\"caption-attachment-230613\" style=\"width: 1024px\" class=\"wp-caption aligncenter\"><a href=\"https:\/\/swissfederalism.ch\/wp-content\/uploads\/2024\/01\/Saas_Fee_3500_m-Photo-by-Fulvio-Barudoni-CC-BY-3.0-via-Wikimedia-Commons.jpg\"><img decoding=\"async\" class=\"size-full wp-image-230613\" src=\"https:\/\/swissfederalism.ch\/wp-content\/uploads\/2024\/01\/Saas_Fee_3500_m-Photo-by-Fulvio-Barudoni-CC-BY-3.0-via-Wikimedia-Commons.jpg\" alt=\"Saas Fee 3500 mt Photo by Fulvio Barudoni, CC BY 3.0, via Wikimedia Commons\" width=\"1024\" height=\"768\" srcset=\"https:\/\/swissfederalism.ch\/wp-content\/uploads\/2024\/01\/Saas_Fee_3500_m-Photo-by-Fulvio-Barudoni-CC-BY-3.0-via-Wikimedia-Commons.jpg 1024w, https:\/\/swissfederalism.ch\/wp-content\/uploads\/2024\/01\/Saas_Fee_3500_m-Photo-by-Fulvio-Barudoni-CC-BY-3.0-via-Wikimedia-Commons-300x225.jpg 300w, https:\/\/swissfederalism.ch\/wp-content\/uploads\/2024\/01\/Saas_Fee_3500_m-Photo-by-Fulvio-Barudoni-CC-BY-3.0-via-Wikimedia-Commons-768x576.jpg 768w, https:\/\/swissfederalism.ch\/wp-content\/uploads\/2024\/01\/Saas_Fee_3500_m-Photo-by-Fulvio-Barudoni-CC-BY-3.0-via-Wikimedia-Commons-350x263.jpg 350w\" sizes=\"(max-width: 1024px) 100vw, 1024px\" \/><\/a><figcaption id=\"caption-attachment-230613\" class=\"wp-caption-text\"><span class=\"font-377884\">Saas Fee 3500 mt Photo by Fulvio Barudoni, CC BY 3.0, via Wikimedia Commons<\/span><\/figcaption><\/figure>\n<h3><span class=\"font-377884\"><mark>Saas Fee: Das Ganzjahresskiparadies<\/mark><\/span><\/h3>\n<p><span class=\"font-377884\">Saas Fee, ein bezaubernder, von 13 Viertausendern umgebener H\u00f6henkurort, verf\u00fcgt \u00fcber ein leistungsf\u00e4higes Liftsystem, das beachtliche H\u00f6hen erreicht und die M\u00f6glichkeit zum Gletscherskifahren au\u00dferhalb der Hauptwintersaison bietet.<\/span><\/p>\n<p><span class=\"font-377884\">Das Saastal ist ein wahres Paradies f\u00fcr Wintersportler, <strong>mit mehr als 150 Pistenkilometern<\/strong> ist es f\u00fcr Anf\u00e4nger und Profis gleicherma\u00dfen geeignet.<\/span><\/p>\n<p><span class=\"font-377884\">Die majest\u00e4tische Bergwelt bietet die perfekte Kulisse f\u00fcr unvergessliche Skitouren, bei denen man die Ruhe der Berge geniessen und die frische Bergluft in vollen Z\u00fcgen einatmen kann.<\/span><\/p>\n<p><span class=\"font-377884\">Ein besonderes Skierlebnis ist das Sonnenaufgangsskifahren auf 3.500 Metern: Absolute Stille, die ersten Sonnenstrahlen und perfekt pr\u00e4parierte Pisten warten auf Fr\u00fchaufsteher, die ihre ersten Spuren in den frischen Schnee ziehen wollen. Der farbenfrohe Blick auf die umliegenden Berge rundet dieses unvergessliche Erlebnis ab.<\/span><\/p>\n<p><span class=\"font-377884\">F\u00fcr ein besonderes Abenteuer bietet sich eine Husky-Schlittentour an, bei der man sich von einem Gespann aus bestens ausgebildeten Schlittenhunden durch die Saaser Winterlandschaft ziehen l\u00e4sst.<\/span><\/p>\n<\/div>\n<\/div>\n<\/div>\n<div class=\"flex flex-grow flex-col max-w-full\">\n<div class=\"min-h-[20px] text-message flex flex-col items-start gap-3 whitespace-pre-wrap break-words [.text-message+&amp;]:mt-5 overflow-x-auto\" data-message-author-role=\"assistant\" data-message-id=\"7c3d3973-fc47-4143-8722-f8923a0b07d5\">\n<div class=\"markdown prose w-full break-words dark:prose-invert light\">\n<figure id=\"attachment_230603\" aria-describedby=\"caption-attachment-230603\" style=\"width: 1024px\" class=\"wp-caption aligncenter\"><a href=\"https:\/\/swissfederalism.ch\/wp-content\/uploads\/2024\/01\/Gstaad-Overview-Photo-by-Roland-Zumbuhl-CC-BY-SA-3.0-via-Wikimedia-Commons.jpg\"><img decoding=\"async\" class=\"size-full wp-image-230603\" src=\"https:\/\/swissfederalism.ch\/wp-content\/uploads\/2024\/01\/Gstaad-Overview-Photo-by-Roland-Zumbuhl-CC-BY-SA-3.0-via-Wikimedia-Commons.jpg\" alt=\"Gstaad Overview Photo by Roland Zumb\u00fchl, CC BY-SA 3.0, via Wikimedia Commons\" width=\"1024\" height=\"671\" srcset=\"https:\/\/swissfederalism.ch\/wp-content\/uploads\/2024\/01\/Gstaad-Overview-Photo-by-Roland-Zumbuhl-CC-BY-SA-3.0-via-Wikimedia-Commons.jpg 1024w, https:\/\/swissfederalism.ch\/wp-content\/uploads\/2024\/01\/Gstaad-Overview-Photo-by-Roland-Zumbuhl-CC-BY-SA-3.0-via-Wikimedia-Commons-300x197.jpg 300w, https:\/\/swissfederalism.ch\/wp-content\/uploads\/2024\/01\/Gstaad-Overview-Photo-by-Roland-Zumbuhl-CC-BY-SA-3.0-via-Wikimedia-Commons-768x503.jpg 768w, https:\/\/swissfederalism.ch\/wp-content\/uploads\/2024\/01\/Gstaad-Overview-Photo-by-Roland-Zumbuhl-CC-BY-SA-3.0-via-Wikimedia-Commons-350x229.jpg 350w\" sizes=\"(max-width: 1024px) 100vw, 1024px\" \/><\/a><figcaption id=\"caption-attachment-230603\" class=\"wp-caption-text\"><span class=\"font-377884\">Gstaad Overview Photo by Roland Zumb\u00fchl, CC BY-SA 3.0, via Wikimedia Commons<\/span><\/figcaption><\/figure>\n<h3><span class=\"font-377884\"><mark>Gstaad: Eleganz inmitten der Schweizer Alpen<\/mark><\/span><\/h3>\n<p><span class=\"font-377884\">Gstaad ist ein Schweizer Ferienort im Kanton Bern, der als Reiseziel und eines der f\u00fchrenden Skigebiete in den Alpen bekannt ist: ein klassisches Schweizer Dorf, das sich den Status eines Modeparadieses f\u00fcr die Elite verdient hat.<\/span><\/p>\n<p><span class=\"font-377884\">Gstaad ist nicht nur als eines der gr\u00f6\u00dften Skigebiete Europas bekannt, sondern auch eine Mischung aus moderner Realit\u00e4t und m\u00e4rchenhafter Fantasie, die von Ber\u00fchmtheiten aus der ganzen Welt geliebt wird.<\/span><\/p>\n<p><span class=\"font-377884\"><strong>Gstaad bietet 200 km Skipisten auf einer H\u00f6he von bis zu 3.000 Metern \u00fcber dem Meeresspiegel mit \u00fcber 62 Seilbahnen und Skiliften.<\/strong><\/span><\/p>\n<p><span class=\"font-377884\"><strong>F\u00fcr Langlaufbegeisterte gibt es zus\u00e4tzlich 42 km Loipen und 185 km Winterwanderwege<\/strong> f\u00fcr diejenigen, die lieber im Freien spazieren gehen.<\/span><\/p>\n<p><span class=\"font-377884\">Zu den weiteren angebotenen Aktivit\u00e4ten geh\u00f6ren Ausfl\u00fcge, Snowtubing, Schneeschuhwandern, Schlittschuhlaufen, Rodeln, Pferdeschlittenfahrten, das ungew\u00f6hnliche bayerische Eisstockschie\u00dfen sowie Gletscher- und Helikopter-Skiing. Au\u00dferdem finden hier das ganze Jahr \u00fcber verschiedene kulturelle und sportliche Veranstaltungen statt.<\/span><\/p>\n<p><span class=\"font-377884\">Gstaad ist auch f\u00fcr seine Luxushotels und exklusiven Spas bekannt.<\/span><\/p>\n<p><span class=\"font-377884\">Zusammen mit den Nachbarorten Saanen, Sch\u00f6nried, Saanenm\u00f6ser, Zweisimmen, Gsteig, Lauenen, Feutersoey, Turbach und Abl\u00e4ndschen bietet das Saanenland ein noch breiteres Spektrum an M\u00f6glichkeiten: Das Naturschutzgebiet rund um den malerischen Lauenensee mit seinen Wasserf\u00e4llen und Hochmooren, die engen Gassen im historischen Kern von Saanen und die Gelassenheit des charmanten Bergdorfs Abl\u00e4ndschen sind nur einige Beispiele f\u00fcr die aussergew\u00f6hnliche Vielfalt dieser Destination.<\/span><span class=\"font-377884\">Dieser Ferienort beherbergt auch mehrere Privatschulen, darunter das <strong>Institut Le Rosey<\/strong> und die <strong>John F. Kennedy International School,<\/strong> die zu seinem internationalen Ruf als erstklassige Bildungsdestination beitragen.<\/span><\/p>\n<p><span class=\"font-377884\"><strong>Das Institut Le Rosey<\/strong> hat Generationen von dynastischen Familien ausgebildet, darunter Mitglieder der Familien Hohenzollern, Rothschild, Rockefeller, Niarchos, Safra, Du Pont sowie Mitglieder des Adels und der High Society aus aller Welt, wie Edward, Herzog von Kent, die Muhammad Ali-Dynastie von \u00c4gypten, das Haus Gl\u00fccksburg von Griechenland und das Haus Savoyen von Italien. Zu den Alumni geh\u00f6ren auch mehrere Monarchen, darunter Aga Khan IV, K\u00f6nig Albert II. von Belgien, K\u00f6nig Baudouin I. von Belgien, K\u00f6nig Fuad II. von \u00c4gypten, K\u00f6nig Ntare V. von Burundi, Schah Mohammad Reza Pahlavi von Persien und Prinz Rainier III. von Monaco. Weitere namhafte Alumni sind Prinzessin Ashi Euphelma Choden Wangchuck und Prinz Dasho Ugyen Jigme Wangchuck von Bhutan, Guillaume, Erbgro\u00dfherzog von Luxemburg, Prinzessin Marie-Chantal von Griechenland, ihre Schwestern Pia Getty und Alexandra von F\u00fcrstenberg, John Lennons Sohn Sean Lennon und der Schweizer Unternehmer Eugenio Losa.<br \/>\n<\/span><\/p>\n<figure id=\"attachment_230599\" aria-describedby=\"caption-attachment-230599\" style=\"width: 1024px\" class=\"wp-caption aligncenter\"><a href=\"https:\/\/swissfederalism.ch\/wp-content\/uploads\/2024\/01\/Stoosbahn-Photo-by-Pakeha-CC-BY-SA-4.0-via-Wikimedia-Commons.jpg\"><img decoding=\"async\" class=\"size-full wp-image-230599\" src=\"https:\/\/swissfederalism.ch\/wp-content\/uploads\/2024\/01\/Stoosbahn-Photo-by-Pakeha-CC-BY-SA-4.0-via-Wikimedia-Commons.jpg\" alt=\"Stoosbahn Photo by Pakeha, CC BY-SA 4.0, via Wikimedia Commons\" width=\"1024\" height=\"683\" srcset=\"https:\/\/swissfederalism.ch\/wp-content\/uploads\/2024\/01\/Stoosbahn-Photo-by-Pakeha-CC-BY-SA-4.0-via-Wikimedia-Commons.jpg 1024w, https:\/\/swissfederalism.ch\/wp-content\/uploads\/2024\/01\/Stoosbahn-Photo-by-Pakeha-CC-BY-SA-4.0-via-Wikimedia-Commons-300x200.jpg 300w, https:\/\/swissfederalism.ch\/wp-content\/uploads\/2024\/01\/Stoosbahn-Photo-by-Pakeha-CC-BY-SA-4.0-via-Wikimedia-Commons-768x512.jpg 768w, https:\/\/swissfederalism.ch\/wp-content\/uploads\/2024\/01\/Stoosbahn-Photo-by-Pakeha-CC-BY-SA-4.0-via-Wikimedia-Commons-350x233.jpg 350w\" sizes=\"(max-width: 1024px) 100vw, 1024px\" \/><\/a><figcaption id=\"caption-attachment-230599\" class=\"wp-caption-text\"><span class=\"font-377884\">Stoosbahn Photo by Pakeha, CC BY-SA 4.0, via Wikimedia Commons<\/span><\/figcaption><\/figure>\n<h3><span class=\"font-377884\"><mark>Stoos &#8211; Eine au\u00dfergew\u00f6hnliche Auffahrt mit der steilsten Standseilbahn der Welt<\/mark><\/span><\/h3>\n<p><span class=\"font-377884\">Eingebettet in eine wundersch\u00f6ne Alpenlandschaft am Fusse des Fronalpstocks liegt das Dorf Stoos auf einem Sonnenplateau auf rund 1&#8217;300 Metern H\u00f6he. <strong>Erreichbar mit der steilsten Standseilbahn der Welt<\/strong> ab Schlattli oder mit der Luftseilbahn ab Morschach, ist Stoos ein ideales Ziel f\u00fcr Familien mit Kindern und bietet eine Reihe von Unterk\u00fcnften wie Hotels und Ferienwohnungen.<\/span><\/p>\n<p><span class=\"font-377884\">Der Hausberg ist der Fronalpstock (1.922 m), der mit der Luftseilbahn oder dem Sessellift erreichbar ist und einen spektakul\u00e4ren 360-Grad-Blick auf Seen und Alpengipfel in der Zentralschweiz bietet.<\/span><\/p>\n<p><span class=\"font-377884\"><strong>Das Skigebiet wird von acht Liften bedient und bietet 35 km Pisten und einen Funpark.<\/strong> <strong>F\u00fcr Langl\u00e4ufer gibt es 10 km Langlaufloipen<\/strong> und<strong> f\u00fcr Schlittler eine 2 km lange Piste.<\/strong> Winterwanderwege und Schneeschuhtrails sind vorhanden.<\/span><\/p>\n<p><span class=\"font-377884\"><strong>Stoos ist ein autofreies Bergdorf,<\/strong> ideal f\u00fcr Familienurlaube abseits des Trubels.<\/span><\/p>\n<p><span class=\"font-377884\">Die Luftseilbahn bringt Sie auch nach Morschach und in den Swiss Holiday Park, das gr\u00f6sste Ferien- und Freizeitzentrum der Schweiz mit Sport-, Spiel- und Wasserspass f\u00fcr alle Altersgruppen.<\/span><\/p>\n<figure id=\"attachment_230617\" aria-describedby=\"caption-attachment-230617\" style=\"width: 1024px\" class=\"wp-caption aligncenter\"><a href=\"https:\/\/swissfederalism.ch\/wp-content\/uploads\/2024\/01\/Lauchernalp-Photo-by-Daniel-Reust-CC-BY-SA-4.0-via-Wikimedia-Commons.jpg\"><img decoding=\"async\" class=\"size-full wp-image-230617\" src=\"https:\/\/swissfederalism.ch\/wp-content\/uploads\/2024\/01\/Lauchernalp-Photo-by-Daniel-Reust-CC-BY-SA-4.0-via-Wikimedia-Commons.jpg\" alt=\"Lauchernalp Photo by Daniel Reust, CC BY-SA 4.0, via Wikimedia Commons\" width=\"1024\" height=\"576\" srcset=\"https:\/\/swissfederalism.ch\/wp-content\/uploads\/2024\/01\/Lauchernalp-Photo-by-Daniel-Reust-CC-BY-SA-4.0-via-Wikimedia-Commons.jpg 1024w, https:\/\/swissfederalism.ch\/wp-content\/uploads\/2024\/01\/Lauchernalp-Photo-by-Daniel-Reust-CC-BY-SA-4.0-via-Wikimedia-Commons-300x169.jpg 300w, https:\/\/swissfederalism.ch\/wp-content\/uploads\/2024\/01\/Lauchernalp-Photo-by-Daniel-Reust-CC-BY-SA-4.0-via-Wikimedia-Commons-768x432.jpg 768w, https:\/\/swissfederalism.ch\/wp-content\/uploads\/2024\/01\/Lauchernalp-Photo-by-Daniel-Reust-CC-BY-SA-4.0-via-Wikimedia-Commons-350x197.jpg 350w\" sizes=\"(max-width: 1024px) 100vw, 1024px\" \/><\/a><figcaption id=\"caption-attachment-230617\" class=\"wp-caption-text\"><span class=\"font-377884\">Lauchernalp Photo by Daniel Reust, CC BY-SA 4.0, via Wikimedia Commons<\/span><\/figcaption><\/figure>\n<h3><span class=\"font-377884\"><mark>Lauchernalp &#8211; L\u00f6tschental: Skifahren zwischen den unber\u00fchrten Gipfeln der Walliser Region<\/mark><\/span><\/h3>\n<p><span class=\"font-377884\">Das Skigebiet Lauchernalp &#8211; L\u00f6tschental befindet sich im malerischen L\u00f6tschental in der Region Lem\u00e1nica im Wallis, Schweiz. <strong>Mit seinen 40 Pistenkilometern und 6 Liftanlagen bietet es ein umfassendes Skierlebnis.<\/strong><\/span><\/p>\n<p><span class=\"font-377884\">Das 3.111 Meter hohe Skigebiet Lauchernalp bietet nicht nur gut pr\u00e4parierte Pisten f\u00fcr alle K\u00f6nnerstufen, sondern auch zahlreiche M\u00f6glichkeiten f\u00fcr Freerider.<\/span><\/p>\n<p><span class=\"font-377884\">Die aussergew\u00f6hnliche Bergwelt, die mit 40 Viertausendern zum UNESCO-Welterbe geh\u00f6rt, ist auch mit den \u00f6ffentlichen Verkehrsmitteln gut erreichbar und macht die Lauchernalp &#8211; L\u00f6tschental zu einer herausragenden Skidestination im Herzen des Wallis.<\/span><\/p>\n<div class=\"flex flex-grow flex-col max-w-full\">\n<div class=\"min-h-[20px] text-message flex flex-col items-start gap-3 whitespace-pre-wrap break-words [.text-message+&amp;]:mt-5 overflow-x-auto\" data-message-author-role=\"assistant\" data-message-id=\"aacd676f-b120-4625-93a5-5b010753da55\">\n<div class=\"markdown prose w-full break-words dark:prose-invert light\">\n<div class=\"flex flex-grow flex-col max-w-full\">\n<div class=\"min-h-[20px] text-message flex flex-col items-start gap-3 whitespace-pre-wrap break-words [.text-message+&amp;]:mt-5 overflow-x-auto\" data-message-author-role=\"assistant\" data-message-id=\"eb6efeb4-594b-48b3-9fa8-ddf42ed09474\">\n<div class=\"markdown prose w-full break-words dark:prose-invert light\">\n<figure id=\"attachment_230621\" aria-describedby=\"caption-attachment-230621\" style=\"width: 1024px\" class=\"wp-caption aligncenter\"><a href=\"https:\/\/swissfederalism.ch\/wp-content\/uploads\/2024\/01\/Savognin-Piz-Martegnas-Photo-by-Capricorn4049-CC-BY-SA-4.0-via-Wikimedia-Commons.jpg\"><img decoding=\"async\" class=\"size-full wp-image-230621\" src=\"https:\/\/swissfederalism.ch\/wp-content\/uploads\/2024\/01\/Savognin-Piz-Martegnas-Photo-by-Capricorn4049-CC-BY-SA-4.0-via-Wikimedia-Commons.jpg\" alt=\"Savognin Piz Martegnas Photo by Capricorn4049, CC BY-SA 4.0, via Wikimedia Commons\" width=\"1024\" height=\"768\" srcset=\"https:\/\/swissfederalism.ch\/wp-content\/uploads\/2024\/01\/Savognin-Piz-Martegnas-Photo-by-Capricorn4049-CC-BY-SA-4.0-via-Wikimedia-Commons.jpg 1024w, https:\/\/swissfederalism.ch\/wp-content\/uploads\/2024\/01\/Savognin-Piz-Martegnas-Photo-by-Capricorn4049-CC-BY-SA-4.0-via-Wikimedia-Commons-300x225.jpg 300w, https:\/\/swissfederalism.ch\/wp-content\/uploads\/2024\/01\/Savognin-Piz-Martegnas-Photo-by-Capricorn4049-CC-BY-SA-4.0-via-Wikimedia-Commons-768x576.jpg 768w, https:\/\/swissfederalism.ch\/wp-content\/uploads\/2024\/01\/Savognin-Piz-Martegnas-Photo-by-Capricorn4049-CC-BY-SA-4.0-via-Wikimedia-Commons-350x263.jpg 350w\" sizes=\"(max-width: 1024px) 100vw, 1024px\" \/><\/a><figcaption id=\"caption-attachment-230621\" class=\"wp-caption-text\"><span class=\"font-377884\">Savognin Piz Martegnas Photo by Capricorn4049, CC BY-SA 4.0, via Wikimedia Commons<\/span><\/figcaption><\/figure>\n<h3><span class=\"font-377884\"><mark>Savognin: Emotionen auf den Pisten der Tr\u00e4ume<\/mark><\/span><\/h3>\n<p><span class=\"font-377884\">Savognin, ein bezaubernder Ferienort in der Region Surses (Oberhalbstein) im Kanton Graub\u00fcnden, bietet ein einzigartiges Erlebnis in seinem Skigebiet. <strong>Mit 73,5 Kilometern bestens pr\u00e4parierter Pisten und 12 Liften<\/strong> liegt das Winterparadies zwischen 1.168 und 2.713 Metern \u00fcber dem Meeresspiegel.<\/span><\/p>\n<p><span class=\"font-377884\">Die breiten Pisten und Skirouten, die gr\u00f6\u00dftenteils dem nat\u00fcrlichen Gef\u00e4lle der Berge folgen, garantieren Spa\u00df f\u00fcr Skifahrer und Snowboarder aller K\u00f6nnerstufen. Die Beschneiung und die maximale H\u00f6henlage sorgen f\u00fcr optimale Bedingungen, um das Skifahren in vollen Z\u00fcgen zu genie\u00dfen.<\/span><\/p>\n<p><span class=\"font-377884\">Savognin ist ein besonders familienfreundliches Skigebiet und bietet ein grosses Kinderparadies im Herzen des Dorfes, die Kinderpiste Flurin, den Tigignas Park und mehrere Schlittelpisten. Die herzliche Atmosph\u00e4re und die zahlreichen Aktivit\u00e4ten machen Savognin zum idealen Ort, um unvergessliche Wintererinnerungen zu schaffen.<\/span><\/p>\n<\/div>\n<\/div>\n<\/div>\n<\/div>\n<\/div>\n<\/div>\n<\/div>\n<\/div>\n<\/div>\n<figure id=\"attachment_230625\" aria-describedby=\"caption-attachment-230625\" style=\"width: 1024px\" class=\"wp-caption aligncenter\"><a href=\"https:\/\/swissfederalism.ch\/wp-content\/uploads\/2024\/01\/Ski-freeride-Photo-by-Philippe-rameau-at-fr.wikipedia-Public-domain-via-Wikimedia-Commons.jpg\"><img decoding=\"async\" class=\"size-full wp-image-230625\" src=\"https:\/\/swissfederalism.ch\/wp-content\/uploads\/2024\/01\/Ski-freeride-Photo-by-Philippe-rameau-at-fr.wikipedia-Public-domain-via-Wikimedia-Commons.jpg\" alt=\"Ski freeride Photo by Philippe rameau at fr.wikipedia, Public domain, via Wikimedia Commons\" width=\"1024\" height=\"768\" srcset=\"https:\/\/swissfederalism.ch\/wp-content\/uploads\/2024\/01\/Ski-freeride-Photo-by-Philippe-rameau-at-fr.wikipedia-Public-domain-via-Wikimedia-Commons.jpg 1024w, https:\/\/swissfederalism.ch\/wp-content\/uploads\/2024\/01\/Ski-freeride-Photo-by-Philippe-rameau-at-fr.wikipedia-Public-domain-via-Wikimedia-Commons-300x225.jpg 300w, https:\/\/swissfederalism.ch\/wp-content\/uploads\/2024\/01\/Ski-freeride-Photo-by-Philippe-rameau-at-fr.wikipedia-Public-domain-via-Wikimedia-Commons-768x576.jpg 768w, https:\/\/swissfederalism.ch\/wp-content\/uploads\/2024\/01\/Ski-freeride-Photo-by-Philippe-rameau-at-fr.wikipedia-Public-domain-via-Wikimedia-Commons-350x263.jpg 350w\" sizes=\"(max-width: 1024px) 100vw, 1024px\" \/><\/a><figcaption id=\"caption-attachment-230625\" class=\"wp-caption-text\"><span class=\"font-377884\">Ski freeride Photo by Philippe rameau at fr.wikipedia, Public domain, via Wikimedia Commons<\/span><\/figcaption><\/figure>\n<h3><span class=\"font-377884\"><mark>S\u00f6renberg: Einzigartiges Skierlebnis im Herzen von Luzern<\/mark><\/span><\/h3>\n<p><span class=\"font-377884\">Erleben Sie das Skivergn\u00fcgen im <strong>Skigebiet S\u00f6renberg mit mehr als 53 km pr\u00e4parierten Pisten aller Schwierigkeitsgrade<\/strong>. Ein wahres Paradies f\u00fcr Familien, K\u00f6nner und Skibegeisterte. Dank 6 Talstationen haben Sie direkten Zugang zum Skigebiet, das mit bis zu 16 Liften f\u00fcr grenzenloses Wintervergn\u00fcgen sorgt.<\/span><\/p>\n<p><span class=\"font-377884\">Eingebettet im Kanton Luzern lockt S\u00f6renberg &#8211; Rothorn\/Dorf Wintersportler in ein Gebiet, das sich von 1&#8217;110 bis 2&#8217;298 Metern H\u00f6he erstreckt.<\/span><\/p>\n<p><span class=\"font-377884\">Die Freestyle-Line in S\u00f6renberg bietet Freestyle-Spa\u00df auf einer ganzen Talabfahrt, die f\u00fcr alle K\u00f6nnerstufen geeignet ist.<\/span><\/p>\n<p><span class=\"font-377884\">Das Brienzer Rothorn auf 2350 m \u00fc. M. bietet spannende Abfahrten, lange Runs und ein authentisches Erlebnis f\u00fcr Freeride-Begeisterte<\/span><\/p>\n<p><span class=\"font-377884\">Naturliebhaber k\u00f6nnen Schneeschuhtouren unternehmen oder auf fantastischen Winterwanderwegen in die malerische Winterlandschaft von S\u00f6renberg &#8211; Rothorn\/Dorf eintauchen.<\/span><\/p>\n<div class=\"flex flex-grow flex-col max-w-full\">\n<div class=\"min-h-[20px] text-message flex flex-col items-start gap-3 whitespace-pre-wrap break-words [.text-message+&amp;]:mt-5 overflow-x-auto\" data-message-author-role=\"assistant\" data-message-id=\"638c9e49-abd7-42cc-8893-31e09e16f4a7\">\n<div class=\"markdown prose w-full break-words dark:prose-invert light\">\n<figure id=\"attachment_230629\" aria-describedby=\"caption-attachment-230629\" style=\"width: 1024px\" class=\"wp-caption aligncenter\"><a href=\"https:\/\/swissfederalism.ch\/wp-content\/uploads\/2024\/01\/Leysin-pipe-Photo-by-Ludovic-Peron-CC-BY-SA-3.0-via-Wikimedia-Commons.jpg\"><img decoding=\"async\" class=\"size-full wp-image-230629\" src=\"https:\/\/swissfederalism.ch\/wp-content\/uploads\/2024\/01\/Leysin-pipe-Photo-by-Ludovic-Peron-CC-BY-SA-3.0-via-Wikimedia-Commons.jpg\" alt=\"Leysin pipe Photo by Ludovic P\u00e9ron, CC BY-SA 3.0, via Wikimedia Commons\" width=\"1024\" height=\"683\" srcset=\"https:\/\/swissfederalism.ch\/wp-content\/uploads\/2024\/01\/Leysin-pipe-Photo-by-Ludovic-Peron-CC-BY-SA-3.0-via-Wikimedia-Commons.jpg 1024w, https:\/\/swissfederalism.ch\/wp-content\/uploads\/2024\/01\/Leysin-pipe-Photo-by-Ludovic-Peron-CC-BY-SA-3.0-via-Wikimedia-Commons-300x200.jpg 300w, https:\/\/swissfederalism.ch\/wp-content\/uploads\/2024\/01\/Leysin-pipe-Photo-by-Ludovic-Peron-CC-BY-SA-3.0-via-Wikimedia-Commons-768x512.jpg 768w, https:\/\/swissfederalism.ch\/wp-content\/uploads\/2024\/01\/Leysin-pipe-Photo-by-Ludovic-Peron-CC-BY-SA-3.0-via-Wikimedia-Commons-350x233.jpg 350w\" sizes=\"(max-width: 1024px) 100vw, 1024px\" \/><\/a><figcaption id=\"caption-attachment-230629\" class=\"wp-caption-text\"><span class=\"font-377884\">Leysin pipe Photo by Ludovic P\u00e9ron, CC BY-SA 3.0, via Wikimedia Commons<\/span><\/figcaption><\/figure>\n<h3><span class=\"font-377884\"><mark>Leysin: Die bezaubernde Ski-Perle im Kanton Waadt<\/mark><\/span><\/h3>\n<p><span class=\"font-377884\">Das Skigebiet Leysin im Kanton Waadt pr\u00e4sentiert sich als charmante Winterdestination. <strong>60 Pistenkilometer und 12 Liftanlagen<\/strong> erstrecken sich zwischen 1.250 und 2.198 m H\u00f6he.<\/span><\/p>\n<p><span class=\"font-377884\">Leysin verf\u00fcgt \u00fcber eine beleuchtete Langlaufloipe und eine Rodelbahn.<\/span><\/p>\n<p><span class=\"font-377884\">Seit 1990 ist das Freestyle-Skifahren oder Snowboarden bei internationalen Wettbewerben stark vertreten. Der sch\u00f6ne Snowpark Leysinpark und die Halfpipe mit olympischen Ausma\u00dfen haben die Athleten f\u00fcr die Olympischen Spiele 2020 beherbergt.<\/span><\/p>\n<p><span class=\"font-377884\">Leysin, das aufgrund seines milden und sonnigen Klimas urspr\u00fcnglich als Kurort f\u00fcr Lungenkrankheiten bekannt war, erstreckt sich am Fu\u00dfe des majest\u00e4tischen Tour d&#8217;A\u00ef. Seit Club Med 1950 ein Feriendorf er\u00f6ffnet hat, ist Leysin zu einem ganzj\u00e4hrig ge\u00f6ffneten Ferienort geworden.<\/span><\/p>\n<p><span class=\"font-377884\">Die Ausflugsm\u00f6glichkeiten sind vielf\u00e4ltig: Besuchen Sie Aigle mit seiner mittelalterlichen Burg und dem Weinmuseum, die Salzminen von Bex, eine Kreuzfahrt auf dem Genfer See, Le Bouveret mit dem Swiss Vapeur Parc f\u00fcr Miniatureisenbahnfans oder den Aquaparc.<\/span><\/p>\n<p><span class=\"font-377884\">Leysin ist ein Ferienort, der ein bildungsf\u00f6rderndes Umfeld bietet. Zu den Schulen geh\u00f6ren die <strong>Leysin American School<\/strong>, die renommierte <strong>Swiss Hotel Management School (SHMS),<\/strong> die<strong> Kumon Leysin Academy of Switzerland (KLAS)<\/strong> und <strong>Les Cabris &#8211; Alpine Pedagogical Center.<\/strong> Die SHMS bietet eine hervorragende Ausbildung in der Hotelbranche, w\u00e4hrend die KLAS ein Ausbildungsplatz f\u00fcr japanische Studenten ist.<\/span><\/p>\n<\/div>\n<\/div>\n<\/div>\n<figure id=\"attachment_230637\" aria-describedby=\"caption-attachment-230637\" style=\"width: 1024px\" class=\"wp-caption aligncenter\"><a href=\"https:\/\/swissfederalism.ch\/wp-content\/uploads\/2024\/01\/Alpentherme-Leukerbad-Photo-by-Rama-CC-BY-SA-2.0-FR-via-Wikimedia-Commons.jpg\"><img decoding=\"async\" class=\"size-full wp-image-230637\" src=\"https:\/\/swissfederalism.ch\/wp-content\/uploads\/2024\/01\/Alpentherme-Leukerbad-Photo-by-Rama-CC-BY-SA-2.0-FR-via-Wikimedia-Commons.jpg\" alt=\"Alpentherme Leukerbad Photo by Rama, CC BY-SA 2.0 FR, via Wikimedia Commons\" width=\"1024\" height=\"683\" srcset=\"https:\/\/swissfederalism.ch\/wp-content\/uploads\/2024\/01\/Alpentherme-Leukerbad-Photo-by-Rama-CC-BY-SA-2.0-FR-via-Wikimedia-Commons.jpg 1024w, https:\/\/swissfederalism.ch\/wp-content\/uploads\/2024\/01\/Alpentherme-Leukerbad-Photo-by-Rama-CC-BY-SA-2.0-FR-via-Wikimedia-Commons-300x200.jpg 300w, https:\/\/swissfederalism.ch\/wp-content\/uploads\/2024\/01\/Alpentherme-Leukerbad-Photo-by-Rama-CC-BY-SA-2.0-FR-via-Wikimedia-Commons-768x512.jpg 768w, https:\/\/swissfederalism.ch\/wp-content\/uploads\/2024\/01\/Alpentherme-Leukerbad-Photo-by-Rama-CC-BY-SA-2.0-FR-via-Wikimedia-Commons-350x233.jpg 350w\" sizes=\"(max-width: 1024px) 100vw, 1024px\" \/><\/a><figcaption id=\"caption-attachment-230637\" class=\"wp-caption-text\"><span class=\"font-377884\">Alpentherme Leukerbad Photo by Rama, CC BY-SA 2.0 FR, via Wikimedia Commons<\/span><\/figcaption><\/figure>\n<h3><span class=\"font-377884\"><mark>Leukerbad: Ein multifunktionaler Wintersportort in den Alpen<\/mark><\/span><\/h3>\n<p><span class=\"font-377884\"><strong>Leukerbad bietet 50 km Skipisten, 30 km Langlaufloipen<\/strong> und ein grosses Hallensportzentrum mit Klettern, Eislaufen, Curling, Tennis, Squash und Fitnessr\u00e4umen. F\u00fcr Winterwanderer bleibt der Weg vom Gemmipass nach Sunnb\u00fcel bei guten Bedingungen ge\u00f6ffnet.<\/span><\/p>\n<p><span class=\"font-377884\"><strong>Wie der Name schon sagt, ist Leukerbad eines der renommiertesten Heilb\u00e4der Europas mit 65 Quellen und mehr als 250 verschiedenen Anwendungen.<\/strong> 40 Jahre dauert es, bis sich das gefilterte Bergwasser in der Tiefe mit wertvollen Mineralien anreichert, eine Temperatur von bis zu 51\u00b0C erreicht und zu Thermalwasser wird. Dieses Wasser hat eine wohltuende Wirkung auf die Gelenke, lindert Arthrose, regt die Harnausscheidung an und hat verdauungsf\u00f6rdernde Eigenschaften. Der Steg der hei\u00dfen Quellen in der Dala-Schlucht bietet eine faszinierende Erkundung weniger als einen Kilometer vom Stadtplatz entfernt. Der 600 Meter lange Steg, der sich vier Meter \u00fcber dem Flussbett befindet, informiert \u00fcber das Thermalwasser und bietet einen spektakul\u00e4ren Blick auf den 35 Meter hohen Wasserfall.<\/span><\/p>\n<\/div>\n<\/div>\n<\/div>\n<\/div>\n<\/div>\n<\/div>\n<\/div>\n<\/div>\n<\/div>\n<\/div>\n<\/div>\n<\/div>\n<\/div>\n<\/div>\n<\/div>\n<\/div>\n<div class=\"elementor-element elementor-element-df4bd57 e-flex e-con-boxed wpr-particle-no wpr-jarallax-no wpr-parallax-no wpr-sticky-section-no e-con e-parent\" data-id=\"df4bd57\" data-element_type=\"container\" data-settings=\"{&quot;background_background&quot;:&quot;classic&quot;,&quot;content_width&quot;:&quot;boxed&quot;}\" data-core-v316-plus=\"true\">\n<div class=\"e-con-inner\">\n<div class=\"elementor-element elementor-element-7fa2652b e-flex e-con-boxed wpr-particle-no wpr-jarallax-no wpr-parallax-no wpr-sticky-section-no e-con e-child\" data-id=\"7fa2652b\" data-element_type=\"container\" data-settings=\"{&quot;background_background&quot;:&quot;classic&quot;,&quot;content_width&quot;:&quot;boxed&quot;}\">\n<div class=\"e-con-inner\">\n<div class=\"flex flex-grow flex-col max-w-full\">\n<div class=\"min-h-[20px] text-message flex flex-col items-start gap-3 whitespace-pre-wrap break-words [.text-message+&amp;]:mt-5 overflow-x-auto\" data-message-author-role=\"assistant\" data-message-id=\"c83fa2e9-7e63-467e-865c-1df64032f76a\">\n<div class=\"markdown prose w-full break-words dark:prose-invert light\">\n<figure id=\"attachment_230641\" aria-describedby=\"caption-attachment-230641\" style=\"width: 840px\" class=\"wp-caption aligncenter\"><a href=\"https:\/\/swissfederalism.ch\/wp-content\/uploads\/2024\/01\/Skiing-Photo-by-Image-by-Rolf-van-de-Wal-from-Pixabay-1024x683.jpg\"><img decoding=\"async\" class=\"size-large wp-image-230641\" src=\"https:\/\/swissfederalism.ch\/wp-content\/uploads\/2024\/01\/Skiing-Photo-by-Image-by-Rolf-van-de-Wal-from-Pixabay-1024x683.jpg\" alt=\"Skiing Photo by Image by Rolf van de Wal from Pixabay\" width=\"840\" height=\"560\" srcset=\"https:\/\/swissfederalism.ch\/wp-content\/uploads\/2024\/01\/Skiing-Photo-by-Image-by-Rolf-van-de-Wal-from-Pixabay-1024x683.jpg 1024w, https:\/\/swissfederalism.ch\/wp-content\/uploads\/2024\/01\/Skiing-Photo-by-Image-by-Rolf-van-de-Wal-from-Pixabay-300x200.jpg 300w, https:\/\/swissfederalism.ch\/wp-content\/uploads\/2024\/01\/Skiing-Photo-by-Image-by-Rolf-van-de-Wal-from-Pixabay-768x512.jpg 768w, https:\/\/swissfederalism.ch\/wp-content\/uploads\/2024\/01\/Skiing-Photo-by-Image-by-Rolf-van-de-Wal-from-Pixabay-1536x1024.jpg 1536w, https:\/\/swissfederalism.ch\/wp-content\/uploads\/2024\/01\/Skiing-Photo-by-Image-by-Rolf-van-de-Wal-from-Pixabay-350x233.jpg 350w, https:\/\/swissfederalism.ch\/wp-content\/uploads\/2024\/01\/Skiing-Photo-by-Image-by-Rolf-van-de-Wal-from-Pixabay.jpg 1920w\" sizes=\"(max-width: 840px) 100vw, 840px\" \/><\/a><figcaption id=\"caption-attachment-230641\" class=\"wp-caption-text\"><span class=\"font-377884\">Skiing Photo by Image by Rolf van de Wal from Pixabay<\/span><\/figcaption><\/figure>\n<h3><span class=\"font-377884\"><mark>San Bernardino Sport Arena: Ein neues Kapitel voller Spannung<\/mark><\/span><\/h3>\n<p><span class=\"font-377884\">Nach langem Warten \u00f6ffnet das Skigebiet Confin in San Bernardino im italienischen Kanton Graub\u00fcnden im Dezember 2023 endlich wieder seine Tore und schlie\u00dft sich der Verwaltung des Skigebiets Pian Cales an. Dieses neue Projekt ist das Ergebnis einer fruchtbaren Zusammenarbeit zwischen der Verwaltung der Schweizer Alpen San Bernardino, dem Tourismusverband Moesano und der Gemeinde Mesocco. Die Sport-Arena bietet eine Vielzahl von interessanten Inhalten und Aktivit\u00e4ten f\u00fcr alle und stellt ein neues und lebendiges Ziel in der Welt des Sports und der Unterhaltung im San Bernardino dar.<\/span><\/p>\n<p><span class=\"font-377884\"><strong>Mit 45 Pistenkilometern zwischen Confin und Pian Cales, die von 11 Liften<\/strong> erschlossen werden, von denen sich 70 Prozent auf einer H\u00f6he von 2.000 bis 2.500 Metern befinden, etabliert sich der San Bernardino als eine der zuverl\u00e4ssigsten Wintersportdestinationen der italienischen Schweiz.<\/span><\/p>\n<p><span class=\"font-377884\">Inmitten von bezaubernden Tannenw\u00e4ldern und atemberaubenden Aussichten k\u00f6nnen Langl\u00e4ufer 28 km Loipen erkunden, die sich sowohl f\u00fcr klassische als auch f\u00fcr Skating eignen. Ein einzigartiges Erlebnis bietet die 1,9 km lange Nachtloipe, die dienstags, mittwochs, donnerstags und freitags von 17.30 bis 20.30 Uhr beleuchtet ist und auch nach Sonnenuntergang die Sch\u00f6nheit der Natur genie\u00dfen l\u00e4sst.<\/span><\/p>\n<p><span class=\"font-377884\">Im Zentrum des Dorfes San Bernardino, im Skigebiet Pian Cales, k\u00f6nnen Sie mit dem Schlitten die Piste hinunterfahren.<\/span><\/p>\n<p><span class=\"font-377884\">Weitere Informationen finden Sie unter: \u00a0 <a href=\"https:\/\/www.sanbernardino-sportarena.com\">www.sanbernardino-sportarena.com<\/a><\/span><\/p>\n<figure id=\"attachment_230645\" aria-describedby=\"caption-attachment-230645\" style=\"width: 840px\" class=\"wp-caption aligncenter\"><a href=\"https:\/\/swissfederalism.ch\/wp-content\/uploads\/2024\/01\/Rigi-Image-by-165106-from-Pixabay-1024x683.jpg\"><img decoding=\"async\" class=\"size-large wp-image-230645\" src=\"https:\/\/swissfederalism.ch\/wp-content\/uploads\/2024\/01\/Rigi-Image-by-165106-from-Pixabay-1024x683.jpg\" alt=\"Rigi Image by 165106 from Pixabay\" width=\"840\" height=\"560\" srcset=\"https:\/\/swissfederalism.ch\/wp-content\/uploads\/2024\/01\/Rigi-Image-by-165106-from-Pixabay-1024x683.jpg 1024w, https:\/\/swissfederalism.ch\/wp-content\/uploads\/2024\/01\/Rigi-Image-by-165106-from-Pixabay-300x200.jpg 300w, https:\/\/swissfederalism.ch\/wp-content\/uploads\/2024\/01\/Rigi-Image-by-165106-from-Pixabay-768x512.jpg 768w, https:\/\/swissfederalism.ch\/wp-content\/uploads\/2024\/01\/Rigi-Image-by-165106-from-Pixabay-1536x1024.jpg 1536w, https:\/\/swissfederalism.ch\/wp-content\/uploads\/2024\/01\/Rigi-Image-by-165106-from-Pixabay-350x233.jpg 350w, https:\/\/swissfederalism.ch\/wp-content\/uploads\/2024\/01\/Rigi-Image-by-165106-from-Pixabay.jpg 1920w\" sizes=\"(max-width: 840px) 100vw, 840px\" \/><\/a><figcaption id=\"caption-attachment-230645\" class=\"wp-caption-text\"><span class=\"font-377884\">Rigi Image by 165106 from Pixabay<\/span><\/figcaption><\/figure>\n<div class=\"flex flex-grow flex-col max-w-full\">\n<div class=\"min-h-[20px] text-message flex flex-col items-start gap-3 whitespace-pre-wrap break-words [.text-message+&amp;]:mt-5 overflow-x-auto\" data-message-author-role=\"assistant\" data-message-id=\"0dba8230-0caf-4fe6-b970-3a4054a5442e\">\n<div class=\"markdown prose w-full break-words dark:prose-invert light\">\n<h3><span class=\"font-377884\"><mark>Skifahren und thermische Entspannung auf der Rigi: Perfekte Mischung aus Wintersport und Wellness<\/mark><\/span><\/h3>\n<p><span class=\"font-377884\">Skifahren auf der Rigi ist ein einzigartiges Erlebnis, das Wintersport und atemberaubende Landschaften miteinander verbindet. <strong>Die Rigi,<\/strong> auch &#8222;<strong><em>K\u00f6nigin der Berge<\/em><\/strong>&#8220; genannt, ist ber\u00fchmt f\u00fcr ihre Erreichbarkeit mit der Zahnradbahn und bietet eine spektakul\u00e4re Aussicht auf die Schweizer Alpen und die umliegenden Seen.<\/span><\/p>\n<p><span class=\"font-377884\">Die kleinen und gem\u00fctlichen Skigebiete strahlen einen besonderen Charme aus, abseits des Trubels der gro\u00dfen Wintersportorte. <strong>Das kleine Skigebiet bietet 20 Pistenkilometer<\/strong> f\u00fcr verschiedene K\u00f6nnerstufen, von Anf\u00e4ngern bis zu Fortgeschrittenen.<\/span><\/p>\n<p style=\"text-align: center;\"><span class=\"font-377884\"><em><strong>Wer ein g\u00fcltiges Zahnradbahn- und Seilbahnabonnement (GA, 365-Tage-Jahresabo, Einzelfahrt, SBB- oder Seilbahn-Tageskarte usw.) besitzt, f\u00e4hrt auf der Rigi gratis, Kinder bis 15 Jahre gratis.<\/strong><\/em><\/span><\/p>\n<p><span class=\"font-377884\">Die Thermalb\u00e4der auf der Rigi haben eine 600-j\u00e4hrige Tradition und machen diesen Ort zu einer st\u00e4ndigen Oase der Ruhe und Entspannung in einer reizvollen Berglandschaft.<\/span><\/p>\n<\/div>\n<\/div>\n<\/div>\n<\/div>\n<\/div>\n<\/div>\n<\/div>\n<\/div>\n<\/div>\n<\/div>\n<figure id=\"attachment_230649\" aria-describedby=\"caption-attachment-230649\" style=\"width: 840px\" class=\"wp-caption aligncenter\"><a href=\"https:\/\/swissfederalism.ch\/wp-content\/uploads\/2024\/01\/Pizol-Photo-by-Chris-Sche-Bo-1024x768.jpg\"><img decoding=\"async\" class=\"size-large wp-image-230649\" src=\"https:\/\/swissfederalism.ch\/wp-content\/uploads\/2024\/01\/Pizol-Photo-by-Chris-Sche-Bo-1024x768.jpg\" alt=\"Pizol Photo by Chris Sche-Bo\" width=\"840\" height=\"630\" srcset=\"https:\/\/swissfederalism.ch\/wp-content\/uploads\/2024\/01\/Pizol-Photo-by-Chris-Sche-Bo-1024x768.jpg 1024w, https:\/\/swissfederalism.ch\/wp-content\/uploads\/2024\/01\/Pizol-Photo-by-Chris-Sche-Bo-300x225.jpg 300w, https:\/\/swissfederalism.ch\/wp-content\/uploads\/2024\/01\/Pizol-Photo-by-Chris-Sche-Bo-768x576.jpg 768w, https:\/\/swissfederalism.ch\/wp-content\/uploads\/2024\/01\/Pizol-Photo-by-Chris-Sche-Bo-1536x1152.jpg 1536w, https:\/\/swissfederalism.ch\/wp-content\/uploads\/2024\/01\/Pizol-Photo-by-Chris-Sche-Bo-350x263.jpg 350w, https:\/\/swissfederalism.ch\/wp-content\/uploads\/2024\/01\/Pizol-Photo-by-Chris-Sche-Bo.jpg 2048w\" sizes=\"(max-width: 840px) 100vw, 840px\" \/><\/a><figcaption id=\"caption-attachment-230649\" class=\"wp-caption-text\"><span class=\"font-377884\">Pizol Photo by Chris Sche-Bo<\/span><\/figcaption><\/figure>\n<div class=\"flex flex-grow flex-col max-w-full\">\n<div class=\"min-h-[20px] text-message flex flex-col items-start gap-3 whitespace-pre-wrap break-words [.text-message+&amp;]:mt-5 overflow-x-auto\" data-message-author-role=\"assistant\" data-message-id=\"2bf2dc2e-6d52-4601-a207-aaa571a6579b\">\n<div class=\"markdown prose w-full break-words dark:prose-invert light\">\n<h3><span class=\"font-377884\"><mark>Pizol: Skifahren in den majest\u00e4tischen Alpen und Regenerieren in der Tamina Therme<\/mark><\/span><\/h3>\n<p><span class=\"font-377884\">Der Pizol erhebt sich majest\u00e4tisch zwischen Bad Ragaz und Wangs und bietet eine spektakul\u00e4re Aussicht auf das St. Galler Oberland.<\/span><\/p>\n<p><span class=\"font-377884\">Im Winter bietet das Pizolgebiet zahlreiche M\u00f6glichkeiten f\u00fcr Wintersportler. <strong>Mit 50 Pistenkilometern, die von zw\u00f6lf Liften<\/strong> erschlossen werden, ist es f\u00fcr Skifahrer und Snowboarder aller K\u00f6nnerstufen geeignet. $<\/span><\/p>\n<p><span class=\"font-377884\">Neben den Pisten lockt auch eine 3,5 Kilometer lange Schlittelbahn mit Panoramablick \u00fcber das St. Galler Rheintal bis zum Bodensee. Dieses Vergn\u00fcgen ist ideal f\u00fcr die ganze Familie. Vom 29. Dezember 2023 bis zum 8. M\u00e4rz 2024 wird die Strecke jeden Freitagabend beleuchtet und bietet so die M\u00f6glichkeit zum Nachtschlitteln. Wer es etwas schmackhafter haben m\u00f6chte, kann das Nachtschlitteln mit einem k\u00f6stlichen Fondue-Essen in einem der Restaurants entlang der Strecke verbinden. In den Saisonkarten Pizol und Meilenweiss ist der uneingeschr\u00e4nkte Zugang zum Nachtschlitteln inbegriffen.<\/span><\/p>\n<p><span class=\"font-377884\">Nach einem Skitag am Pizol k\u00f6nnen Sie sich bei 36,5\u00b0 in der <strong>Tamina Therme in Bad Ragaz<\/strong> entspannen. Kombi-P\u00e4sse sind bei den Pizolbahnen erh\u00e4ltlich und bieten attraktive Ski- und Wellnesspakete f\u00fcr die ganze Familie.<\/span><\/p>\n<\/div>\n<\/div>\n<\/div>\n<p>&nbsp;<\/p>\n<div class=\"flex flex-grow flex-col max-w-full\">\n<div class=\"min-h-[20px] text-message flex flex-col items-start gap-3 whitespace-pre-wrap break-words [.text-message+&amp;]:mt-5 overflow-x-auto\" data-message-author-role=\"assistant\" data-message-id=\"8d367349-1c0f-4be3-b905-25b5c1352b40\">\n<div class=\"markdown prose w-full break-words dark:prose-invert light\">\n<figure id=\"attachment_230657\" aria-describedby=\"caption-attachment-230657\" style=\"width: 1024px\" class=\"wp-caption aligncenter\"><a href=\"https:\/\/swissfederalism.ch\/wp-content\/uploads\/2024\/01\/Bosco-Gurin-Photo-by-Franco-Pecchio-CC-BY-2.0-via-Wikimedia-Commons.jpg\"><img decoding=\"async\" class=\"size-full wp-image-230657\" src=\"https:\/\/swissfederalism.ch\/wp-content\/uploads\/2024\/01\/Bosco-Gurin-Photo-by-Franco-Pecchio-CC-BY-2.0-via-Wikimedia-Commons.jpg\" alt=\"Bosco Gurin Photo by Franco Pecchio, CC BY 2.0, via Wikimedia Commons\" width=\"1024\" height=\"737\" srcset=\"https:\/\/swissfederalism.ch\/wp-content\/uploads\/2024\/01\/Bosco-Gurin-Photo-by-Franco-Pecchio-CC-BY-2.0-via-Wikimedia-Commons.jpg 1024w, https:\/\/swissfederalism.ch\/wp-content\/uploads\/2024\/01\/Bosco-Gurin-Photo-by-Franco-Pecchio-CC-BY-2.0-via-Wikimedia-Commons-300x216.jpg 300w, https:\/\/swissfederalism.ch\/wp-content\/uploads\/2024\/01\/Bosco-Gurin-Photo-by-Franco-Pecchio-CC-BY-2.0-via-Wikimedia-Commons-768x553.jpg 768w, https:\/\/swissfederalism.ch\/wp-content\/uploads\/2024\/01\/Bosco-Gurin-Photo-by-Franco-Pecchio-CC-BY-2.0-via-Wikimedia-Commons-350x252.jpg 350w\" sizes=\"(max-width: 1024px) 100vw, 1024px\" \/><\/a><figcaption id=\"caption-attachment-230657\" class=\"wp-caption-text\"><span class=\"font-377884\">Bosco Gurin Photo by Franco Pecchio, CC BY 2.0, via Wikimedia Commons<\/span><\/figcaption><\/figure>\n<h3><span class=\"font-377884\"><mark>Bosco Gurin und die verschneiten Abenteuer der Grossalp<\/mark><\/span><\/h3>\n<p><span class=\"font-377884\">Bosco Gurin ist ein Ferienort im Maggiatal im Kanton Tessin, Schweiz. Er liegt auf einer H\u00f6he von etwa 1.500 Metern \u00fcber dem Meeresspiegel und ist bekannt daf\u00fcr, der h\u00f6chstgelegene dauerhaft bewohnte Ort im Kanton Tessin zu sein.<\/span><\/p>\n<p><span class=\"font-377884\">Bosco Gurin ist vor allem als Skigebiet bekannt, mit mehreren Pisten f\u00fcr Abfahrtslauf und Langlauf. <strong>Mit 30 km Ski- und Snowboardpisten und 7 Skiliften<\/strong> pr\u00e4sentiert sich der Ort als ideales Ziel f\u00fcr Wintersportbegeisterte. Das Gebiet erstreckt sich zwischen 1.482 und 2.331 Metern \u00fcber dem Meeresspiegel und bietet ein einzigartiges und aufregendes Erlebnis.<\/span><\/p>\n<p><span class=\"font-377884\">Die Skisaison dauert in der Regel von Dezember bis M\u00e4rz, abh\u00e4ngig von den Wetterbedingungen. Informationen finden Sie unter: <a href=\"http:\/\/www.bosco-gurin.ch\/\" data-cmp-ab=\"2\">www.bosco-gurin.ch<\/a><\/span><\/p>\n<\/div>\n<\/div>\n<\/div>\n<div class=\"mt-1 flex justify-start gap-3 empty:hidden\">\n<figure id=\"attachment_230661\" aria-describedby=\"caption-attachment-230661\" style=\"width: 1024px\" class=\"wp-caption aligncenter\"><a href=\"https:\/\/swissfederalism.ch\/wp-content\/uploads\/2024\/01\/Airolo-Pescium-Photo-by-Matteo-Corti-CC-BY-SA-3.0-via-Wikimedia-Commons.jpg\"><img decoding=\"async\" class=\"size-full wp-image-230661\" src=\"https:\/\/swissfederalism.ch\/wp-content\/uploads\/2024\/01\/Airolo-Pescium-Photo-by-Matteo-Corti-CC-BY-SA-3.0-via-Wikimedia-Commons.jpg\" alt=\"Airolo - Pesci\u00fcm Photo by Matteo Corti, CC BY-SA 3.0, via Wikimedia Commons\" width=\"1024\" height=\"768\" srcset=\"https:\/\/swissfederalism.ch\/wp-content\/uploads\/2024\/01\/Airolo-Pescium-Photo-by-Matteo-Corti-CC-BY-SA-3.0-via-Wikimedia-Commons.jpg 1024w, https:\/\/swissfederalism.ch\/wp-content\/uploads\/2024\/01\/Airolo-Pescium-Photo-by-Matteo-Corti-CC-BY-SA-3.0-via-Wikimedia-Commons-300x225.jpg 300w, https:\/\/swissfederalism.ch\/wp-content\/uploads\/2024\/01\/Airolo-Pescium-Photo-by-Matteo-Corti-CC-BY-SA-3.0-via-Wikimedia-Commons-768x576.jpg 768w, https:\/\/swissfederalism.ch\/wp-content\/uploads\/2024\/01\/Airolo-Pescium-Photo-by-Matteo-Corti-CC-BY-SA-3.0-via-Wikimedia-Commons-350x263.jpg 350w\" sizes=\"(max-width: 1024px) 100vw, 1024px\" \/><\/a><figcaption id=\"caption-attachment-230661\" class=\"wp-caption-text\"><span class=\"font-377884\">Airolo &#8211; Pesci\u00fcm Photo by Matteo Corti, CC BY-SA 3.0, via Wikimedia Commons<\/span><\/figcaption><\/figure>\n<h3><span class=\"font-377884\"><mark>Pesci\u00fcm &#8211; Airolo: Das Skifahrerherz am Fusse des Gotthards<\/mark><\/span><\/h3>\n<p><span class=\"font-377884\">Das Skigebiet Airolo-Pesci\u00fcm liegt am Fu\u00dfe des Gotthardmassivs, einem der wichtigsten Alpenp\u00e4sse, und bietet ein unvergessliches Wintererlebnis.<\/span><\/p>\n<p><span class=\"font-377884\">Nur 200 Meter von der Autobahnausfahrt Airolo entfernt, bieten die Aufstiegsanlagen von Airolo-Pesci\u00fcm ausreichend kostenlose Parkpl\u00e4tze und sind vom Bahnhof Airolo aus bequem zu Fu\u00df zu erreichen.<\/span><\/p>\n<p><span class=\"font-377884\">Pesci\u00fcm ist eine spektakul\u00e4re Aussichtsterrasse \u00fcber dem Dorf Airolo, erreichbar \u00fcber eine moderne Seilbahn, die Ski- und Snowboardfans in wenigen Minuten nach Pesci\u00fcm oder zu den Pisten des 2.065 Meter hohen Sasso della Boggia bringt. Die alpine Landschaft bietet herrliche Ausblicke auf den Gotthard, das Bedrettotal und das Leventinatal.<\/span><\/p>\n<p><span class=\"font-377884\"><strong>Airolo-Pesci\u00fcm bietet mehr als 30 Pistenkilometer<\/strong> auf einer H\u00f6he von 1175 bis 2250 m \u00fc.d.M., die Skifahrer, Snowboarder und Skitourengeher willkommen hei\u00dfen. Mit drei Pistentypen f\u00fcr Anf\u00e4nger, Fortgeschrittene und K\u00f6nner, einem Snowpark und dem Big Air Bag&#8220; f\u00fcr akrobatische Einlagen wird das Gebiet allen Anspr\u00fcchen gerecht. Schneeschuhwanderer k\u00f6nnen sich auf malerischen Wegen vergn\u00fcgen, w\u00e4hrend das Lawinenausbildungszentrum Schulungen f\u00fcr den Umgang mit kritischen Situationen wie Lawinen anbietet. Zahlreiche Veranstaltungen, darunter der European Freestyle Cup und die Disability Days, bereichern das Angebot.<\/span><\/p>\n<p><span class=\"font-377884\">Neue Website: <\/span><span class=\"font-377884\"><a href=\"http:\/\/www.airolo.ch\">www.airolo.ch<\/a><\/span><\/p>\n<\/div>\n<div><\/div>\n<figure id=\"attachment_230665\" aria-describedby=\"caption-attachment-230665\" style=\"width: 1024px\" class=\"wp-caption aligncenter\"><a href=\"https:\/\/swissfederalism.ch\/wp-content\/uploads\/2024\/01\/Sessellift_Naluns-Photo-by-Scuolfan-at-de.wikipedia-CC-BY-SA-3.0-via-Wikimedia-Commons.jpg\"><img decoding=\"async\" class=\"size-full wp-image-230665\" src=\"https:\/\/swissfederalism.ch\/wp-content\/uploads\/2024\/01\/Sessellift_Naluns-Photo-by-Scuolfan-at-de.wikipedia-CC-BY-SA-3.0-via-Wikimedia-Commons.jpg\" alt=\"Sessellift_Naluns Photo by Scuolfan at de.wikipedia, CC BY-SA 3.0, via Wikimedia Commons\" width=\"1024\" height=\"768\" srcset=\"https:\/\/swissfederalism.ch\/wp-content\/uploads\/2024\/01\/Sessellift_Naluns-Photo-by-Scuolfan-at-de.wikipedia-CC-BY-SA-3.0-via-Wikimedia-Commons.jpg 1024w, https:\/\/swissfederalism.ch\/wp-content\/uploads\/2024\/01\/Sessellift_Naluns-Photo-by-Scuolfan-at-de.wikipedia-CC-BY-SA-3.0-via-Wikimedia-Commons-300x225.jpg 300w, https:\/\/swissfederalism.ch\/wp-content\/uploads\/2024\/01\/Sessellift_Naluns-Photo-by-Scuolfan-at-de.wikipedia-CC-BY-SA-3.0-via-Wikimedia-Commons-768x576.jpg 768w, https:\/\/swissfederalism.ch\/wp-content\/uploads\/2024\/01\/Sessellift_Naluns-Photo-by-Scuolfan-at-de.wikipedia-CC-BY-SA-3.0-via-Wikimedia-Commons-350x263.jpg 350w\" sizes=\"(max-width: 1024px) 100vw, 1024px\" \/><\/a><figcaption id=\"caption-attachment-230665\" class=\"wp-caption-text\"><span class=\"font-377884\">Sessellift_Naluns Photo by Scuolfan at de.wikipedia, CC BY-SA 3.0, via Wikimedia Commons<\/span><\/figcaption><\/figure>\n<h3><span class=\"font-377884\">Scuol &#8211; Motta &#8211; Naluns &#8211; Ein Winterparadies im Engadin<\/span><\/h3>\n<p><span class=\"font-377884\">Das Skigebiet Scuol auf Motta Naluns, im zauberhaften Schweizer Engadin gelegen, bietet eine breite Palette an Winterm\u00f6glichkeiten. <strong>Mit 25 Pisten auf insgesamt 70 Kilometern und 12 Liften<\/strong> findet jeder seine ideale Abfahrt, w\u00e4hrend sich die Kleinen im Kinderland vergn\u00fcgen k\u00f6nnen. Langl\u00e4ufer, Schlittler und Winterwanderer kommen in dieser Landschaft, in der Engadiner Kultur, majest\u00e4tische Berge und sonnige Tage eine einzigartige Energie zu vermitteln scheinen, voll auf ihre Kosten: Das Wintersportgebiet Motta Naluns befindet sich an aussergew\u00f6hnlich sonniger Lage mit Blick auf die Orte Scuol, Ftan und Sent. Es bietet einen atemberaubenden Panoramablick auf die Unterengadiner Dolomiten, der das Wintererlebnis noch eindr\u00fccklicher und unvergesslicher macht.<\/span><\/p>\n<div>\n<div class=\"flex flex-grow flex-col max-w-full\">\n<div class=\"min-h-[20px] text-message flex flex-col items-start gap-3 whitespace-pre-wrap break-words [.text-message+&amp;]:mt-5 overflow-x-auto\" data-message-author-role=\"assistant\" data-message-id=\"759d0905-1a8b-48e7-87f3-8c6bc748b484\">\n<div class=\"result-streaming markdown prose w-full break-words dark:prose-invert light\">\n<figure id=\"attachment_230669\" aria-describedby=\"caption-attachment-230669\" style=\"width: 1024px\" class=\"wp-caption aligncenter\"><a href=\"https:\/\/swissfederalism.ch\/wp-content\/uploads\/2024\/01\/Hoch-Ybrig-Photo-by-Patrick-Nouhaillers\u2026-CC-BY-SA-3.0-via-Wikimedia-Commons.jpg\"><img decoding=\"async\" class=\"size-full wp-image-230669\" src=\"https:\/\/swissfederalism.ch\/wp-content\/uploads\/2024\/01\/Hoch-Ybrig-Photo-by-Patrick-Nouhaillers\u2026-CC-BY-SA-3.0-via-Wikimedia-Commons.jpg\" alt=\"Hoch-Ybrig Photo by Patrick Nouhailler's\u2026, CC BY-SA 3.0, via Wikimedia Commons\" width=\"1024\" height=\"768\" srcset=\"https:\/\/swissfederalism.ch\/wp-content\/uploads\/2024\/01\/Hoch-Ybrig-Photo-by-Patrick-Nouhaillers\u2026-CC-BY-SA-3.0-via-Wikimedia-Commons.jpg 1024w, https:\/\/swissfederalism.ch\/wp-content\/uploads\/2024\/01\/Hoch-Ybrig-Photo-by-Patrick-Nouhaillers\u2026-CC-BY-SA-3.0-via-Wikimedia-Commons-300x225.jpg 300w, https:\/\/swissfederalism.ch\/wp-content\/uploads\/2024\/01\/Hoch-Ybrig-Photo-by-Patrick-Nouhaillers\u2026-CC-BY-SA-3.0-via-Wikimedia-Commons-768x576.jpg 768w, https:\/\/swissfederalism.ch\/wp-content\/uploads\/2024\/01\/Hoch-Ybrig-Photo-by-Patrick-Nouhaillers\u2026-CC-BY-SA-3.0-via-Wikimedia-Commons-350x263.jpg 350w\" sizes=\"(max-width: 1024px) 100vw, 1024px\" \/><\/a><figcaption id=\"caption-attachment-230669\" class=\"wp-caption-text\"><span class=\"font-377884\">Hoch-Ybrig Photo by Patrick Nouhailler&#8217;s\u2026, CC BY-SA 3.0, via Wikimedia Commons<\/span><\/figcaption><\/figure>\n<h3><span class=\"font-377884\"><mark>Hoch-Ybrig: Winterparadies in der Zentralschweiz<\/mark><\/span><\/h3>\n<p><span class=\"font-377884\">Das in der Zentralschweiz gelegene Hoch-Ybrig bietet perfekt pr\u00e4parierte Pisten, einen beeindruckenden Snowpark und eine atemberaubende Aussicht. <\/span><\/p>\n<p><span class=\"font-377884\">Das Skigebiet eignet sich f\u00fcr Familien, Ski- und Snowboardfans aller Niveaus und verf\u00fcgt \u00fcber eine renommierte Skischule und zahlreiche Aktivit\u00e4ten f\u00fcr die Kleinen.<\/span><\/p>\n<p><span class=\"font-377884\">Mit speziellen Familienrabatten und M\u00f6glichkeiten zum Winterwandern und Eisfischen ist der Hoch-Ybrig ein Ort, an dem sich Natursch\u00f6nheit und Schneevergn\u00fcgen verbinden. <\/span><\/p>\n<p><span class=\"font-377884\"><strong>Zum Skifahren und Snowboarden stehen 50 km Pisten an 12 Liften zur Verf\u00fcgung.<\/strong> Das Wintersportgebiet befindet sich auf einer H\u00f6he von 1.040 bis 1.831 m.<\/span><\/p>\n<\/div>\n<\/div>\n<\/div>\n<\/div>\n<figure id=\"attachment_229918\" aria-describedby=\"caption-attachment-229918\" style=\"width: 840px\" class=\"wp-caption aligncenter\"><a href=\"https:\/\/swissfederalism.ch\/wp-content\/uploads\/2023\/11\/Flumserberg_Ski-Resort-scaled.jpg\"><img decoding=\"async\" class=\"size-large wp-image-229918\" src=\"https:\/\/swissfederalism.ch\/wp-content\/uploads\/2023\/11\/Flumserberg_Ski-Resort-1024x770.jpg\" alt=\"Flumserberg Ski-Resort\" width=\"840\" height=\"632\" srcset=\"https:\/\/swissfederalism.ch\/wp-content\/uploads\/2023\/11\/Flumserberg_Ski-Resort-1024x770.jpg 1024w, https:\/\/swissfederalism.ch\/wp-content\/uploads\/2023\/11\/Flumserberg_Ski-Resort-300x226.jpg 300w, https:\/\/swissfederalism.ch\/wp-content\/uploads\/2023\/11\/Flumserberg_Ski-Resort-768x578.jpg 768w, https:\/\/swissfederalism.ch\/wp-content\/uploads\/2023\/11\/Flumserberg_Ski-Resort-1536x1155.jpg 1536w, https:\/\/swissfederalism.ch\/wp-content\/uploads\/2023\/11\/Flumserberg_Ski-Resort-2048x1540.jpg 2048w, https:\/\/swissfederalism.ch\/wp-content\/uploads\/2023\/11\/Flumserberg_Ski-Resort-350x263.jpg 350w, https:\/\/swissfederalism.ch\/wp-content\/uploads\/2023\/11\/Flumserberg_Ski-Resort-scaled.jpg 2560w\" sizes=\"(max-width: 840px) 100vw, 840px\" \/><\/a><figcaption id=\"caption-attachment-229918\" class=\"wp-caption-text\"><span class=\"font-377884\">Flumserberg Ski-Resort Photo by Chris Sche-Bo<\/span><\/figcaption><\/figure>\n<h3><span class=\"font-377884\"><mark>Flumserberg &#8211; Wo die Vielfalt zu Hause ist<\/mark><\/span><\/h3>\n<p><span class=\"font-377884\">Flumserberg ist der ideale Ort f\u00fcr Skifahrer und Snowboarder jeden Alters <strong>mit 65 km Pisten und 6 km Skiroute,<\/strong> die von 17 Liften bedient werden. Das Wintersportgebiet befindet sich im Heidiland auf einer H\u00f6he zwischen 665 und 2&#8217;222 m. Es bietet aber auch viele andere Aktivit\u00e4ten. Zwischen Schlitteln, Winterwandern und Langlaufen sind die M\u00f6glichkeiten vielf\u00e4ltig. Nightride bietet jedem die M\u00f6glichkeit zu einzigartigen Abenteuern unter dem Sternenhimmel.<\/span><\/p>\n<p><span class=\"font-377884\">Ausserdem bietet Flumserberg neben Skifahren und Snowboarden noch weitere Winteraktivit\u00e4ten. Sie k\u00f6nnen die Winterregion mit Schneeschuhen oder auf Skitouren erkunden, einzigartige Erlebnisse wie Hundeschlittenfahrten oder Gleitschirmfliegen ausprobieren. Nach Ihren Abenteuern k\u00f6nnen Sie sich auf einer der vielen Sonnenterrassen entspannen.<\/span><\/p>\n<p><span class=\"font-377884\">Flumserberg ist als &#8222;Familienberg&#8220; bekannt, mit verwunschenen Wanderwegen, FamilyRun Flumserberg und Tag- und Nachtschlitteln. Mit dem &#8222;Flumserberg-Taler&#8220; k\u00f6nnen die Kleinen in den teilnehmenden Restaurants Geld sparen und mit vollem Bauch und fr\u00f6hlichem L\u00e4cheln die Winterabenteuer geniessen.<\/span><\/p>\n<p><span class=\"font-377884\"><strong>Das Skigebiet Flumserberg erreichen Sie am besten mit der S2 bis Unterterzen: Der Bahnhof gegen\u00fcber der Gondelstation SeeJet bringt Sie in 20 Minuten bequem auf die Piste.<\/strong><\/span><\/p>\n<figure id=\"attachment_230952\" aria-describedby=\"caption-attachment-230952\" style=\"width: 300px\" class=\"wp-caption aligncenter\"><a href=\"https:\/\/k16trade.ch\/raw-coffee\/\"><img decoding=\"async\" class=\"wp-image-230952 size-medium\" src=\"https:\/\/swissfederalism.ch\/wp-content\/uploads\/2020\/11\/FullLogo_Transparent_NoBuffer-300x145.png\" alt=\"K16 TRADE &amp; CONSULTING SWITZERLAND\" width=\"300\" height=\"145\" srcset=\"https:\/\/swissfederalism.ch\/wp-content\/uploads\/2020\/11\/FullLogo_Transparent_NoBuffer-300x145.png 300w, https:\/\/swissfederalism.ch\/wp-content\/uploads\/2020\/11\/FullLogo_Transparent_NoBuffer-1024x495.png 1024w, https:\/\/swissfederalism.ch\/wp-content\/uploads\/2020\/11\/FullLogo_Transparent_NoBuffer-768x371.png 768w, https:\/\/swissfederalism.ch\/wp-content\/uploads\/2020\/11\/FullLogo_Transparent_NoBuffer-350x169.png 350w, https:\/\/swissfederalism.ch\/wp-content\/uploads\/2020\/11\/FullLogo_Transparent_NoBuffer.png 1280w\" sizes=\"(max-width: 300px) 100vw, 300px\" \/><\/a><figcaption id=\"caption-attachment-230952\" class=\"wp-caption-text\">\u00a0<\/figcaption><\/figure>\n","protected":false},"excerpt":{"rendered":"<p>Der Winter in der Schweiz bietet ein einzigartiges und unvergessliches Erlebnis dank seiner renommierten Skigebiete, die von einer atemberaubenden Landschaft umrahmt und mit hochwertigen Dienstleistungen ausgestattet sind.<\/p>\n","protected":false},"author":9,"featured_media":230519,"comment_status":"open","ping_status":"closed","sticky":false,"template":"","format":"standard","meta":{"footnotes":""},"categories":[379,309,376,322,366,357,352,345,342,331,336,313,295,2324,311,1345,211],"tags":[400,432,1582,1274,442,2433,796],"class_list":["post-230742","post","type-post","status-publish","format-standard","has-post-thumbnail","hentry","category-canton-bern","category-highlights","category-kanton-freiburg","category-kanton-graubunden","category-kanton-luzern","category-kanton-obwalden","category-kanton-sankt-gallen","category-kanton-schwyz","category-kanton-tessin","category-kanton-waadt","category-kanton-wallis","category-kultur","category-schweiz","category-tourismus","category-wirtschaft","category-kuriositaeten","category-zeitschrift","tag-geschichte-europas","tag-graubuenden","tag-schweiz","tag-ski-de","tag-tourismus","tag-wintersport","tag-wirtschaft"],"_links":{"self":[{"href":"https:\/\/swissfederalism.ch\/de\/wp-json\/wp\/v2\/posts\/230742","targetHints":{"allow":["GET"]}}],"collection":[{"href":"https:\/\/swissfederalism.ch\/de\/wp-json\/wp\/v2\/posts"}],"about":[{"href":"https:\/\/swissfederalism.ch\/de\/wp-json\/wp\/v2\/types\/post"}],"author":[{"embeddable":true,"href":"https:\/\/swissfederalism.ch\/de\/wp-json\/wp\/v2\/users\/9"}],"replies":[{"embeddable":true,"href":"https:\/\/swissfederalism.ch\/de\/wp-json\/wp\/v2\/comments?post=230742"}],"version-history":[{"count":3,"href":"https:\/\/swissfederalism.ch\/de\/wp-json\/wp\/v2\/posts\/230742\/revisions"}],"predecessor-version":[{"id":236122,"href":"https:\/\/swissfederalism.ch\/de\/wp-json\/wp\/v2\/posts\/230742\/revisions\/236122"}],"wp:featuredmedia":[{"embeddable":true,"href":"https:\/\/swissfederalism.ch\/de\/wp-json\/wp\/v2\/media\/230519"}],"wp:attachment":[{"href":"https:\/\/swissfederalism.ch\/de\/wp-json\/wp\/v2\/media?parent=230742"}],"wp:term":[{"taxonomy":"category","embeddable":true,"href":"https:\/\/swissfederalism.ch\/de\/wp-json\/wp\/v2\/categories?post=230742"},{"taxonomy":"post_tag","embeddable":true,"href":"https:\/\/swissfederalism.ch\/de\/wp-json\/wp\/v2\/tags?post=230742"}],"curies":[{"name":"wp","href":"https:\/\/api.w.org\/{rel}","templated":true}]}}