{"id":229566,"date":"2023-09-16T06:37:22","date_gmt":"2023-09-16T06:37:22","guid":{"rendered":"https:\/\/swissfederalism.ch\/oktoberfest\/"},"modified":"2023-09-17T05:54:25","modified_gmt":"2023-09-17T05:54:25","slug":"oktoberfest","status":"publish","type":"post","link":"https:\/\/swissfederalism.ch\/de\/oktoberfest\/","title":{"rendered":"Es ist Oktoberfestzeit"},"content":{"rendered":"<h1><span class=\"font-377884\">Es ist Oktoberfestzeit<\/span><\/h1>\n<h3><span class=\"font-377884\"><em>Das Oktoberfest (im bayerischen Dialekt &#8222;d&#8217;Wiesn&#8220;) ist das gr\u00f6\u00dfte Volksfest der Welt, das seit 1810 j\u00e4hrlich zwischen Mitte September und Anfang Oktober auf der Theresienwiese in M\u00fcnchen, Deutschland, stattfindet. Die Stadt M\u00fcnchen (Referat f\u00fcr Arbeit und Wirtschaft) ist f\u00fcr die Organisation der Veranstaltung zust\u00e4ndig, an der sich mehrere bayerische Brauereien beteiligen.<\/em><\/span><\/h3>\n<figure id=\"attachment_229526\" aria-describedby=\"caption-attachment-229526\" style=\"width: 840px\" class=\"wp-caption aligncenter\"><a href=\"https:\/\/swissfederalism.ch\/wp-content\/uploads\/2023\/09\/oktoberfest-Bild-von-motointermedia-auf-Pixabay-1024x683.jpg\"><img decoding=\"async\" class=\"size-large wp-image-229526\" src=\"https:\/\/swissfederalism.ch\/wp-content\/uploads\/2023\/09\/oktoberfest-Bild-von-motointermedia-auf-Pixabay-1024x683.jpg\" alt=\"Oktoberfest Bild von motointermedia auf Pixabay\" width=\"840\" height=\"560\" srcset=\"https:\/\/swissfederalism.ch\/wp-content\/uploads\/2023\/09\/oktoberfest-Bild-von-motointermedia-auf-Pixabay-1024x683.jpg 1024w, https:\/\/swissfederalism.ch\/wp-content\/uploads\/2023\/09\/oktoberfest-Bild-von-motointermedia-auf-Pixabay-300x200.jpg 300w, https:\/\/swissfederalism.ch\/wp-content\/uploads\/2023\/09\/oktoberfest-Bild-von-motointermedia-auf-Pixabay-768x512.jpg 768w, https:\/\/swissfederalism.ch\/wp-content\/uploads\/2023\/09\/oktoberfest-Bild-von-motointermedia-auf-Pixabay-1536x1024.jpg 1536w, https:\/\/swissfederalism.ch\/wp-content\/uploads\/2023\/09\/oktoberfest-Bild-von-motointermedia-auf-Pixabay-350x233.jpg 350w, https:\/\/swissfederalism.ch\/wp-content\/uploads\/2023\/09\/oktoberfest-Bild-von-motointermedia-auf-Pixabay.jpg 1920w\" sizes=\"(max-width: 840px) 100vw, 840px\" \/><\/a><figcaption id=\"caption-attachment-229526\" class=\"wp-caption-text\"><span class=\"font-377884\">Oktoberfest Bild von motointermedia auf Pixabay<\/span><\/figcaption><\/figure>\n<h3><span class=\"font-377884\">Ein wenig Geschichte<\/span><\/h3>\n<p><span class=\"font-377884\"><strong>Das erste Oktoberfest wurde 1810<\/strong> im Rahmen der Hochzeitsfeierlichkeiten von Kronprinz Ludwig von Bayern und Prinzessin Therese am 12. Oktober 1810 veranstaltet. Der damalige Festplatz lag au\u00dferhalb der Stadt.<\/span><\/p>\n<p><span class=\"font-377884\">Wegen der napoleonischen Kriege wurde das Oktoberfest 1813 abgebrochen, aber 1814 mit einigen Neuerungen wieder aufgenommen: Die Pferderennbahn wurde um Kletterb\u00e4ume, Kegelbahnen und Schaukeln erg\u00e4nzt, und 1818 wurde das erste Karussell aufgestellt.<\/span><\/p>\n<p><span class=\"font-377884\"><strong>Im Jahr 1850 wurde eine Statue der Bavaria errichtet,<\/strong> die das Festgel\u00e4nde \u00fcberragt. Bavaria (latinisierte Bezeichnung f\u00fcr Bayern) ist die weibliche Symbolfigur und weltliche Schutzpatronin Bayerns und stellt das weltliche Gegenst\u00fcck Marias als religi\u00f6se bayerische Schutzpatronin dar. Sie wurde von K\u00f6nig Ludwig I. (1786-1868) in Auftrag gegeben und steht in baulicher Einheit mit der Ruhmeshalle an der Hangkante oberhalb der Theresienwiese.<\/span><\/p>\n<p><span class=\"font-377884\">Gegen Ende des 19. Jahrhunderts entwickelte sich das Oktoberfest zunehmend zu einem weltweit bekannten Volksfest und wurde zeitlich ausgedehnt, indem es auf die letzten Septembertage vorverlegt wurde, die sch\u00f6nere Tage bieten, w\u00e4hrend nur das letzte Wochenende der Wiesn in den Oktober f\u00e4llt.<\/span><\/p>\n<p><span class=\"font-377884\">Im Jahr 1880 begann der Verkauf von Bier, das in kleinen Buden ausgeschenkt wurde, w\u00e4hrend 1898 das erste gro\u00dfe Festzelt aufgestellt wurde.<\/span><\/p>\n<p>&nbsp;<\/p>\n<p><span class=\"font-377884\">1885 wurden die Freifl\u00e4chen des Festes erstmals elektrisch beleuchtet &#8211; damals eine Sensation -, 1892 wurde das erste elektrisch betriebene Karussell installiert, 1901 folgten die ersten elektrisch beleuchteten Festzelte.<\/span><\/p>\n<p><span class=\"font-377884\">1895 fand auf dem Oktoberfest ein von dem M\u00fcnchner Schriftsteller Maximilian Schmidt organisierter Trachtenumzug statt, der den H\u00f6hepunkt eines dreit\u00e4gigen &#8222;Historisch-Bayerischen Volkstrachten-Festes&#8220; bildete. Heute findet der Trachtenumzug am ersten Sonntag der Wiesn statt.<\/span><\/p>\n<p><span class=\"font-377884\"><strong>Im Jahr 1910 feierte die Wiesn ihr 100-j\u00e4hriges Jubil\u00e4um.<\/strong><\/span><\/p>\n<p><span class=\"font-377884\">Von 1914 bis 1918 wurde das Fest wegen des Ersten Weltkriegs abgesagt, 1923 und 1924 fand es wegen der extrem hohen Inflation nicht statt.<\/span><\/p>\n<p><span class=\"font-377884\">W\u00e4hrend der Zeit des Nationalsozialismus mischte sich die nationalsozialistische Bewegung in das Oktoberfest ein, und Juden wurde die Arbeit auf dem Fest untersagt. Im Jahr 1938, dem Jahr, in dem Hitler \u00d6sterreich annektiert und die Sudetenlandfrage (ein Gebirgssystem an der Grenze zwischen Deutschland, Polen und der Tschechischen Republik) entscheidend f\u00fcr sich entschieden hatte, wurde das Oktoberfest in &#8222;Gro\u00dfes Deutsches Volksfest&#8220; umbenannt, und das NS-Regime transportierte eine gro\u00dfe Anzahl von Sudetendeutschen zu den Festpl\u00e4tzen.<\/span><\/p>\n<p><span class=\"font-377884\">W\u00e4hrend des Zweiten Weltkriegs, von 1939 bis 1945, fand kein Fest statt, w\u00e4hrend nach dem Krieg, von 1946 bis 1948, ein &#8222;Herbstfest&#8220; abgehalten wurde. Erst 1949 kehrte das Oktoberfest zu seinem traditionellen Namen und seinen Feierlichkeiten zur\u00fcck.<\/span><\/p>\n<p><span class=\"font-377884\">In den folgenden Jahrzehnten hat sich das Oktoberfest zum gr\u00f6\u00dften Volksfest der Welt entwickelt, das jedes Jahr Millionen von Besuchern anzieht, darunter immer mehr G\u00e4ste aus dem Ausland, insbesondere aus Italien, den Vereinigten Staaten, Japan und Australien. Wegen des gro\u00dfen Zustroms italienischer Besucher sind seit 2005 italienische Polizeibeamte aus Bozen vor Ort. Seit einigen Jahren hat sich der Trend zur Tracht durchgesetzt: Viele Wiesn-Besucher kommen in Lederhosen oder Dirndl.<\/span><\/p>\n<figure id=\"attachment_229530\" aria-describedby=\"caption-attachment-229530\" style=\"width: 840px\" class=\"wp-caption aligncenter\"><a href=\"https:\/\/swissfederalism.ch\/wp-content\/uploads\/2023\/09\/Il-carro-di-un-birrificio-sfila-alla-cerimonia-di-inaugurazione-Bild-von-David-Mark-auf-Pixabay-1024x559.jpg\"><img decoding=\"async\" class=\"size-large wp-image-229530\" src=\"https:\/\/swissfederalism.ch\/wp-content\/uploads\/2023\/09\/Il-carro-di-un-birrificio-sfila-alla-cerimonia-di-inaugurazione-Bild-von-David-Mark-auf-Pixabay-1024x559.jpg\" alt=\"Il carro di un birrificio sfila alla cerimonia di inaugurazione Bild von David Mark auf Pixabay\" width=\"840\" height=\"459\" srcset=\"https:\/\/swissfederalism.ch\/wp-content\/uploads\/2023\/09\/Il-carro-di-un-birrificio-sfila-alla-cerimonia-di-inaugurazione-Bild-von-David-Mark-auf-Pixabay-1024x559.jpg 1024w, https:\/\/swissfederalism.ch\/wp-content\/uploads\/2023\/09\/Il-carro-di-un-birrificio-sfila-alla-cerimonia-di-inaugurazione-Bild-von-David-Mark-auf-Pixabay-300x164.jpg 300w, https:\/\/swissfederalism.ch\/wp-content\/uploads\/2023\/09\/Il-carro-di-un-birrificio-sfila-alla-cerimonia-di-inaugurazione-Bild-von-David-Mark-auf-Pixabay-768x419.jpg 768w, https:\/\/swissfederalism.ch\/wp-content\/uploads\/2023\/09\/Il-carro-di-un-birrificio-sfila-alla-cerimonia-di-inaugurazione-Bild-von-David-Mark-auf-Pixabay-1536x838.jpg 1536w, https:\/\/swissfederalism.ch\/wp-content\/uploads\/2023\/09\/Il-carro-di-un-birrificio-sfila-alla-cerimonia-di-inaugurazione-Bild-von-David-Mark-auf-Pixabay-350x191.jpg 350w, https:\/\/swissfederalism.ch\/wp-content\/uploads\/2023\/09\/Il-carro-di-un-birrificio-sfila-alla-cerimonia-di-inaugurazione-Bild-von-David-Mark-auf-Pixabay.jpg 1920w\" sizes=\"(max-width: 840px) 100vw, 840px\" \/><\/a><figcaption id=\"caption-attachment-229530\" class=\"wp-caption-text\"><span class=\"font-377884\">A brewery float parades at the opening ceremony Bild von David Mark auf Pixabay<\/span><\/figcaption><\/figure>\n<h2><span class=\"font-377884\">Er\u00f6ffnungszeremonie<\/span><\/h2>\n<p><span class=\"font-377884\">Die Er\u00f6ffnungsfeier findet am Samstag Mitte September mit einem Umzug der Festwirte und Brauereien (Wiesn-Einzug der Festwirte und Brauereien) in traditioneller Tracht statt. Um 12 Uhr er\u00f6ffnet der amtierende Oberb\u00fcrgermeister von M\u00fcnchen offiziell das Fest mit dem ber\u00fchmten <strong>O&#8217;Zapft is<\/strong>, indem er symbolisch das erste Fass mit einem Hammer entkorkt. Die Zeremonie findet im Schottenhamel-Zelt statt, und erst ab diesem Zeitpunkt darf Bier ausgeschenkt werden.<\/span><\/p>\n<p><span class=\"font-377884\"><strong><a href=\"https:\/\/swissfederalism.ch\/de\/15-august-feiertag-mit-verschiedenen-traditionen\/\">15. August Feiertag mit verschiedenen Traditionen<\/a><\/strong><\/span><\/p>\n<h2><span class=\"font-377884\">Zelte und Attraktionen<\/span><\/h2>\n<p><span class=\"font-377884\">Auf dem Oktoberfest gibt es 38 Festzelte, in denen ausschlie\u00dflich Bier aus M\u00fcnchner Traditionsbrauereien ausgeschenkt wird. Im Kuffler-Weinzelt hingegen wird nur Weizenbier ausgeschenkt. Die verwendeten Bierkr\u00fcge sind aus Glas und geh\u00f6ren den jeweiligen Brauereien.<\/span><\/p>\n<p><span class=\"font-377884\">Auf dem Oktoberfest gibt es rund 200 Attraktionen, darunter etwa 80 Fahrgesch\u00e4fte.<\/span><\/p>\n<figure id=\"attachment_229534\" aria-describedby=\"caption-attachment-229534\" style=\"width: 840px\" class=\"wp-caption aligncenter\"><a href=\"https:\/\/swissfederalism.ch\/wp-content\/uploads\/2023\/09\/Un-tendone-dellOktoberfest-pieno-di-gente-Bild-von-Jurgen-auf-Pixabay-1024x682.jpg\"><img decoding=\"async\" class=\"size-large wp-image-229534\" src=\"https:\/\/swissfederalism.ch\/wp-content\/uploads\/2023\/09\/Un-tendone-dellOktoberfest-pieno-di-gente-Bild-von-Jurgen-auf-Pixabay-1024x682.jpg\" alt=\"Un tendone dell'Oktoberfest pieno di gente Bild von J\u00fcrgen auf Pixabay\" width=\"840\" height=\"559\" srcset=\"https:\/\/swissfederalism.ch\/wp-content\/uploads\/2023\/09\/Un-tendone-dellOktoberfest-pieno-di-gente-Bild-von-Jurgen-auf-Pixabay-1024x682.jpg 1024w, https:\/\/swissfederalism.ch\/wp-content\/uploads\/2023\/09\/Un-tendone-dellOktoberfest-pieno-di-gente-Bild-von-Jurgen-auf-Pixabay-300x200.jpg 300w, https:\/\/swissfederalism.ch\/wp-content\/uploads\/2023\/09\/Un-tendone-dellOktoberfest-pieno-di-gente-Bild-von-Jurgen-auf-Pixabay-768x512.jpg 768w, https:\/\/swissfederalism.ch\/wp-content\/uploads\/2023\/09\/Un-tendone-dellOktoberfest-pieno-di-gente-Bild-von-Jurgen-auf-Pixabay-350x233.jpg 350w, https:\/\/swissfederalism.ch\/wp-content\/uploads\/2023\/09\/Un-tendone-dellOktoberfest-pieno-di-gente-Bild-von-Jurgen-auf-Pixabay.jpg 1280w\" sizes=\"(max-width: 840px) 100vw, 840px\" \/><\/a><figcaption id=\"caption-attachment-229534\" class=\"wp-caption-text\"><span class=\"font-377884\">An Oktoberfest tent filled with people Bild von J\u00fcrgen auf Pixabay<\/span><\/figcaption><\/figure>\n<h2><span class=\"font-377884\">Sicherheit<\/span><\/h2>\n<p><span class=\"font-377884\">Die \u00f6ffentliche Sicherheit wird w\u00e4hrend des Festes sehr ernst genommen. Seit den 1960er Jahren werden jeden Morgen alle Geb\u00e4ude von Sp\u00fcrhunden der Staatspolizei auf Sprengstoff untersucht.<\/span><\/p>\n<p><span class=\"font-377884\">Nach dem Bombenanschlag von 1980 wurde der Haupteingang zur Wiesn umgestaltet und es werden zahlreiche Zugangskontrollen durchgef\u00fchrt. Im Jubil\u00e4umsjahr 2010 wurden im Rahmen des erweiterten Sicherheitskonzepts 52 zwei Meter hohe Litfa\u00dfs\u00e4ulen aus Beton an den Zufahrten und Zug\u00e4ngen zur Festwiese errichtet, um zu verhindern, dass Attent\u00e4ter versuchen, mit sprengstoffbeladenen Fahrzeugen auf die Theresienwiese zu fahren. Seit 2016 gilt aufgrund der erh\u00f6hten Terrorgefahr ein generelles Rucksack- und Taschenverbot sowie ein zwei Meter hoher Sicherheitszaun um das Festgel\u00e4nde, und es sind fast doppelt so viele Ordner im Einsatz wie in den Vorjahren.<\/span><\/p>\n<p><span class=\"font-377884\">Technische Zwischenf\u00e4lle sind in der Geschichte des Oktoberfestes selten, und die Fahrgesch\u00e4fte werden im Vorfeld intensiv getestet.<\/span><\/p>\n<p><span class=\"font-377884\">Im Jahr 2004 wurde der Beh\u00f6rdenhof in der N\u00e4he des Bavariarings eingerichtet, in dem die Polizei, die Berufsfeuerwehr M\u00fcnchen, der Rettungsdienst unter der Leitung der Aicher Ambulanz Union und das Kreisverwaltungsreferat stationiert sind. Wegen der gro\u00dfen Zahl italienischer Besucher sind seit 2005 Beamte der italienischen Polizei in Bozen vor Ort stationiert.<\/span><\/p>\n<p><span class=\"font-377884\">Seit 2010 gilt als allgemeine Sicherheitsma\u00dfnahme&#8220; ein generelles Hunde- und Tierverbot, 2012 wurde aufgrund vermehrter Schnittverletzungen ein Verbot von Glasflaschen verh\u00e4ngt.<\/span><\/p>\n<p><span class=\"font-377884\">Das Sicherheitskonzept wurde im Laufe der Jahrzehnte mehrfach angepasst.<\/span><\/p>\n<p><span class=\"font-377884\"><strong><a href=\"https:\/\/swissfederalism.ch\/de\/die-weihnachtsmaerkte\/\">Die Weihnachtsm\u00e4rkte<\/a><\/strong><\/span><\/p>\n<h2><span class=\"font-377884\">Oide Wiesn<\/span><\/h2>\n<p><span class=\"font-377884\"><strong>Anl\u00e4sslich des 200-j\u00e4hrigen Jubil\u00e4ums wurde 2010 zum ersten Mal ein historisches Oktoberfest &#8222;Oide Wiesn&#8220; am s\u00fcdlichen Ende der Theresienwiese veranstaltet<\/strong>. Auf dem f\u00fcnf Hektar gro\u00dfen, eingez\u00e4unten Gel\u00e4nde wurden historische Fahrgesch\u00e4fte, Zelte und weitere historische Attraktionen wie die Steckerlfischbraterei, ein Kettenkarussell oder ein Zuckerwatte-Stand pr\u00e4sentiert. Neben dem Museumszelt konnten auch das Tierzelt und das Hippodrom besucht werden.<\/span><\/p>\n<p><span class=\"font-377884\">In sp\u00e4teren Jahren wurde das traditionelle Oktoberfest unter dem Namen &#8222;Oide Wiesn&#8220; weitergef\u00fchrt, allerdings in reduzierter Form, so wurde beispielsweise das Hippodrom abgeschafft.<\/span><\/p>\n<figure id=\"attachment_229538\" aria-describedby=\"caption-attachment-229538\" style=\"width: 840px\" class=\"wp-caption aligncenter\"><a href=\"https:\/\/swissfederalism.ch\/wp-content\/uploads\/2023\/09\/LOktoberfest-vista-dalla-Statua-della-Bavaria-Bild-von-Joe-auf-Pixabay-1024x576.jpg\"><img decoding=\"async\" class=\"size-large wp-image-229538\" src=\"https:\/\/swissfederalism.ch\/wp-content\/uploads\/2023\/09\/LOktoberfest-vista-dalla-Statua-della-Bavaria-Bild-von-Joe-auf-Pixabay-1024x576.jpg\" alt=\"L'Oktoberfest vista dalla Statua della Bavaria Bild von Joe auf Pixabay\" width=\"840\" height=\"473\" srcset=\"https:\/\/swissfederalism.ch\/wp-content\/uploads\/2023\/09\/LOktoberfest-vista-dalla-Statua-della-Bavaria-Bild-von-Joe-auf-Pixabay-1024x576.jpg 1024w, https:\/\/swissfederalism.ch\/wp-content\/uploads\/2023\/09\/LOktoberfest-vista-dalla-Statua-della-Bavaria-Bild-von-Joe-auf-Pixabay-300x169.jpg 300w, https:\/\/swissfederalism.ch\/wp-content\/uploads\/2023\/09\/LOktoberfest-vista-dalla-Statua-della-Bavaria-Bild-von-Joe-auf-Pixabay-768x432.jpg 768w, https:\/\/swissfederalism.ch\/wp-content\/uploads\/2023\/09\/LOktoberfest-vista-dalla-Statua-della-Bavaria-Bild-von-Joe-auf-Pixabay-1536x864.jpg 1536w, https:\/\/swissfederalism.ch\/wp-content\/uploads\/2023\/09\/LOktoberfest-vista-dalla-Statua-della-Bavaria-Bild-von-Joe-auf-Pixabay-350x197.jpg 350w, https:\/\/swissfederalism.ch\/wp-content\/uploads\/2023\/09\/LOktoberfest-vista-dalla-Statua-della-Bavaria-Bild-von-Joe-auf-Pixabay.jpg 1920w\" sizes=\"(max-width: 840px) 100vw, 840px\" \/><\/a><figcaption id=\"caption-attachment-229538\" class=\"wp-caption-text\"><span class=\"font-377884\">Oktoberfest as seen from the Bavaria Statue Bild von Joe auf Pixabay<\/span><\/figcaption><\/figure>\n<h2><span class=\"font-377884\">Abschlusszeremonie<\/span><\/h2>\n<p><span class=\"font-377884\">Um 12 Uhr wird unter dem Bayernstandbild der Oktoberfestgru\u00df (B\u00f6llerschie\u00dfen) mit B\u00f6llersch\u00fcssen abgehalten und die Bierkr\u00fcge werden zum letzten Mal erhoben.<\/span><\/p>\n<p><span class=\"font-377884\">Beim Wiesn-Kehraus, wenn die Musikkapelle am letzten Tag des Festes nach Ladenschluss zum letzten Mal aufspielt, erhellt ein Funkenmeer die Bierzelte.<\/span><\/p>\n<h2><span class=\"font-377884\">Kuriosit\u00e4ten<\/span><\/h2>\n<p><span class=\"font-377884\">Albert Einstein soll 1896 die Wiesn mit aufgebaut haben (nach einer anderen Quelle 1886 im Familienunternehmen &#8222;Elektrotechnische Fabrik J. Einstein &amp; Cie&#8220;), aber trotz intensiver Nachforschungen konnten keine Beweise daf\u00fcr gefunden werden.<\/span><\/p>\n<p><span class=\"font-377884\">Erfahrene Barkeeper brauchen im Durchschnitt nur eineinhalb Sekunden, um einen Ma\u00dfkrug zu f\u00fcllen.<\/span><\/p>\n<p><span class=\"font-377884\">Eine Attraktion, die es auf anderen Volksfesten nicht gibt, ist der Flohzirkus. Er findet seit 1948 auf der Wiesn statt und eine &#8222;Truppe&#8220; von etwa 60 Fl\u00f6hen unterh\u00e4lt vor allem Kinder.<\/span><\/p>\n<p><span class=\"font-377884\">Ab dem 31. August 2021 ist der Begriff &#8222;Oktoberfest&#8220; als Marke beim Amt der Europ\u00e4ischen Union f\u00fcr geistiges Eigentum (EUIPO) gesch\u00fctzt.<\/span><\/p>\n<p><span class=\"font-377884\">Der \u00f6sterreichisch-amerikanische Schauspieler und ehemalige Gouverneur von Kalifornien, Arnold Schwarzenegger, besuchte fr\u00fcher alle Ausgaben des Oktoberfestes.<\/span><\/p>\n<figure id=\"attachment_229542\" aria-describedby=\"caption-attachment-229542\" style=\"width: 840px\" class=\"wp-caption aligncenter\"><a href=\"https:\/\/swissfederalism.ch\/wp-content\/uploads\/2023\/09\/Blaskapelle-Oktoberfest-Munchen-Bild-von-Ralf-Kronenberger-auf-Pixabay-1024x576.jpg\"><img decoding=\"async\" class=\"size-large wp-image-229542\" src=\"https:\/\/swissfederalism.ch\/wp-content\/uploads\/2023\/09\/Blaskapelle-Oktoberfest-Munchen-Bild-von-Ralf-Kronenberger-auf-Pixabay-1024x576.jpg\" alt=\"\" width=\"840\" height=\"473\" srcset=\"https:\/\/swissfederalism.ch\/wp-content\/uploads\/2023\/09\/Blaskapelle-Oktoberfest-Munchen-Bild-von-Ralf-Kronenberger-auf-Pixabay-1024x576.jpg 1024w, https:\/\/swissfederalism.ch\/wp-content\/uploads\/2023\/09\/Blaskapelle-Oktoberfest-Munchen-Bild-von-Ralf-Kronenberger-auf-Pixabay-300x169.jpg 300w, https:\/\/swissfederalism.ch\/wp-content\/uploads\/2023\/09\/Blaskapelle-Oktoberfest-Munchen-Bild-von-Ralf-Kronenberger-auf-Pixabay-768x432.jpg 768w, https:\/\/swissfederalism.ch\/wp-content\/uploads\/2023\/09\/Blaskapelle-Oktoberfest-Munchen-Bild-von-Ralf-Kronenberger-auf-Pixabay-1536x864.jpg 1536w, https:\/\/swissfederalism.ch\/wp-content\/uploads\/2023\/09\/Blaskapelle-Oktoberfest-Munchen-Bild-von-Ralf-Kronenberger-auf-Pixabay-350x197.jpg 350w, https:\/\/swissfederalism.ch\/wp-content\/uploads\/2023\/09\/Blaskapelle-Oktoberfest-Munchen-Bild-von-Ralf-Kronenberger-auf-Pixabay.jpg 1920w\" sizes=\"(max-width: 840px) 100vw, 840px\" \/><\/a><figcaption id=\"caption-attachment-229542\" class=\"wp-caption-text\"><span class=\"font-377884\">Blaskapelle- Oktoberfest, M\u00fcnchen Bild von Ralf Kronenberger auf Pixabay<\/span><\/figcaption><\/figure>\n<h2><span class=\"font-377884\">Die weltweiten Oktoberfeste<\/span><\/h2>\n<p><span class=\"font-377884\">Nach dem Vorbild des M\u00fcnchner Oktoberfests sind weltweit zahlreiche &#8222;Oktoberfeste&#8220; entstanden, die vor allem auf deutsche Einwanderer zur\u00fcckgehen.<\/span><\/p>\n<p><span class=\"font-377884\">In <strong>Deutschland<\/strong> gibt es mehrere regionale Varianten des Oktoberfestes, darunter das <em>Oktoberfest in Hannover<\/em>, das als das gr\u00f6\u00dfte in Deutschland gilt.<\/span><\/p>\n<p><span class=\"font-377884\">In den <strong>Vereinigten Staaten<\/strong> wird in Cincinnati, Ohio, jedes Jahr das Oktoberfest Zinzinnati gefeiert, wo die Einwohner seit 1976 ihrer deutschen Vorfahren gedenken, indem sie das Fest nach der deutschen Aussprache benennen.<\/span><\/p>\n<p><span class=\"font-377884\">In <strong>Argentinien<\/strong> gibt es die &#8222;<em>Fiesta Nacional de la Cerveza<\/em>&#8222;, die seit 1963 in C\u00f3rdoba stattfindet.<\/span><\/p>\n<p><span class=\"font-377884\">Es gibt mehrere Oktoberfeste in <strong>Brasilien<\/strong>, die meisten davon in St\u00e4dten, die von Deutschen und \u00d6sterreichern kolonisiert wurden, wie das <em>Oktoberfest in Blumenau<\/em> (eines der gr\u00f6\u00dften deutschen Feste der Welt, das jedes Jahr etwa eine Million Menschen anzieht), das Itapiranga Oktoberfest, das Igrejinha Oktoberfest, das Santa Cruz do Sul Oktoberfest, das Rol\u00e2ndia Oktoberfest, das S\u00e3o Jorge d&#8217;Oeste Oktoberfest, das Ponta Grossa Oktoberfest und das Marechal C\u00e2ndido Rondon Oktoberfest.<\/span><\/p>\n<p><span class=\"font-377884\">In <strong>Kanada<\/strong> findet in <em>Kitchener<\/em>, Ontario, das gr\u00f6\u00dfte Oktoberfest des Landes statt. Die Gegend hat eine lange Geschichte mit deutschen Wurzeln, und in der Vergangenheit wurde Kitchener Berlin genannt.<\/span><\/p>\n<p><span class=\"font-377884\">Auch in <strong>China<\/strong> wird das Oktoberfest seit 1991 gefeiert, und das Fest in <em>Qingdao<\/em> ist mit rund 4 Millionen Besuchern das gr\u00f6\u00dfte des Landes.<\/span><\/p>\n<p><span class=\"font-377884\">In <strong>Australien<\/strong> findet das gr\u00f6\u00dfte <em>Oktoberfest in Brisbane<\/em> statt, mit einem riesigen Bierzelt, in dem deutsche handwerklich gebraute Biere, Weine und eine gro\u00dfe Auswahl an deutschen Gerichten angeboten werden, sowie verschiedenen Unterhaltungsprogrammen im Zusammenhang mit der deutschen Kultur und Tradition.<\/span><\/p>\n<p><span class=\"font-377884\">In <strong>Irland<\/strong> ist das bayerische Oktoberfest sehr beliebt, und in Dublin wurde jedes Jahr eine gro\u00dfe Veranstaltung am George&#8217;s Dock abgehalten. Im Jahr 2023 wird Irland zum ersten Mal eine irische Version dieses Festes ausrichten, die <em><strong>Oktoberfeis<\/strong> <\/em>hei\u00dfen wird. Es ist eine g\u00e4lische Version des Oktoberfestes und verspricht ein unvergessliches Fest mit irischer Musik, Essen und Kultur.<\/span><\/p>\n<p><span class=\"font-377884\">Auch in der <strong>Schweiz<\/strong>, Bayerns Nachbarland, finden mehrere Oktoberfeste statt. <em>Das erste Schweizer Oktoberfest fand auf dem Bausch\u00e4nzli in Z\u00fcrich statt<\/em>, wo die Veranstaltung auch heute noch stattfindet und der Eintritt frei ist. Die wichtigsten Veranstaltungen sind das Loz\u00e4rner Oktoberfest in Luzern, das Calanda Oktoberfest in Chur, das Oktoberfest Z\u00fcri Oberland in Uster (ZH) und das Oktoberfest Ennetb\u00fcrgen (NW), wo allerdings oft eine Reservierung und Bezahlung des Eintritts verlangt wird.<\/span><\/p>\n<p><span class=\"font-377884\">In <strong>Rum\u00e4nien<\/strong> findet das Oktoberfest in <em>Brasov<\/em> (Kronstadt), Siebenb\u00fcrgen, statt, wo es traditionelle deutsche und rum\u00e4nische Biere, Speisen und Musik gibt.<\/span><\/p>\n<p><span class=\"font-377884\">In <strong>Italien<\/strong> finden im Gefolge des bayerischen Festes mehrere Oktoberfeste statt, aber das<em> Oktoberfest in Genua<\/em> ist das gr\u00f6\u00dfte Fest in Italien. Die erste Veranstaltung wurde 2005 nach der Er\u00f6ffnung des renommierten Hofbr\u00e4uhauses abgehalten, das die Veranstaltung jedes Jahr in Zusammenarbeit mit der Gemeinde und der Stadt Genua organisiert. Im Laufe der Jahre ist dieses Fest gewachsen und ist die einzige Veranstaltung, die von den bayerischen Beh\u00f6rden offiziell anerkannt wird.<\/span><\/p>\n<p><span class=\"font-377884\">In <strong>Spanien<\/strong> wird das Oktoberfest in mehreren St\u00e4dten gefeiert. In Madrid findet im Gran Teatro CaixaBank Pr\u00edncipe P\u00edo das <em>Oktoberfest Experience<\/em> mit einem Men\u00fc aus Bier und deutscher Gastronomie statt, w\u00e4hrend im Palacio de los Deportes (WiZink Center) dieses Fest mit dem <em>Spaten OktoberfestBier von Lowenbra\u00fc,<\/em> einer der sechs offiziellen M\u00fcnchner Oktoberfestbrauereien, gefeiert wird. In Barcelona wird es auf der Plaza Universo der Fira Barcelona Montju\u00efc gefeiert, w\u00e4hrend es in Valencia einen Biergarten und einen traditionellen Biergarten gibt.<\/span><\/p>\n<p><span class=\"font-377884\">In <strong>Japan<\/strong> findet das <em>Oktoberfest von Odaiba<\/em> in Tokio auf der Symbol Promenade Koene statt, wo es verschiedene Bier- und Wurstangebote mit einigen der ber\u00fchmtesten deutschen Biere gibt. In <em>Yokohama<\/em>, im historischen Red Brick Warehouse (Akarenga Soko), ist das Oktoberfest eine Herbsttradition.<\/span><\/p>\n<p><a href=\"https:\/\/mrkeyshop.com\/en\/microsoft-365-business\/245-microsoft-365-business-premium-product-key?MrKey=493\"><img decoding=\"async\" class=\"aligncenter\" src=\"https:\/\/mrkeyshop.com\/modules\/psaffiliate\/views\/img\/banners\/banner-1.png\" alt=\"\" width=\"290\" height=\"179\" \/><\/a><\/p>\n","protected":false},"excerpt":{"rendered":"<p>Das Oktoberfest (im bayerischen Dialekt &#8222;d&#8217;Wiesn&#8220;) ist das gr\u00f6\u00dfte Volksfest der Welt, das seit 1810 j\u00e4hrlich zwischen Mitte September und Anfang Oktober auf der Theresienwiese in M\u00fcnchen, Deutschland, stattfindet. Die Stadt M\u00fcnchen (Referat f\u00fcr Arbeit und Wirtschaft) ist f\u00fcr die Organisation der Veranstaltung zust\u00e4ndig, an der sich mehrere bayerische Brauereien beteiligen.<\/p>\n","protected":false},"author":9,"featured_media":229533,"comment_status":"open","ping_status":"closed","sticky":false,"template":"","format":"standard","meta":{"footnotes":""},"categories":[278,304,309,313,2324,319,1345,211],"tags":[528,2388,1600,400,2278,1473],"class_list":["post-229566","post","type-post","status-publish","format-standard","has-post-thumbnail","hentry","category-europa-de","category-geschichte","category-highlights","category-kultur","category-tourismus","category-veranstaltungen","category-kuriositaeten","category-zeitschrift","tag-bayern","tag-bier","tag-deutschland","tag-geschichte-europas","tag-historische-ereignisse","tag-traditionen"],"_links":{"self":[{"href":"https:\/\/swissfederalism.ch\/de\/wp-json\/wp\/v2\/posts\/229566","targetHints":{"allow":["GET"]}}],"collection":[{"href":"https:\/\/swissfederalism.ch\/de\/wp-json\/wp\/v2\/posts"}],"about":[{"href":"https:\/\/swissfederalism.ch\/de\/wp-json\/wp\/v2\/types\/post"}],"author":[{"embeddable":true,"href":"https:\/\/swissfederalism.ch\/de\/wp-json\/wp\/v2\/users\/9"}],"replies":[{"embeddable":true,"href":"https:\/\/swissfederalism.ch\/de\/wp-json\/wp\/v2\/comments?post=229566"}],"version-history":[{"count":2,"href":"https:\/\/swissfederalism.ch\/de\/wp-json\/wp\/v2\/posts\/229566\/revisions"}],"predecessor-version":[{"id":229568,"href":"https:\/\/swissfederalism.ch\/de\/wp-json\/wp\/v2\/posts\/229566\/revisions\/229568"}],"wp:featuredmedia":[{"embeddable":true,"href":"https:\/\/swissfederalism.ch\/de\/wp-json\/wp\/v2\/media\/229533"}],"wp:attachment":[{"href":"https:\/\/swissfederalism.ch\/de\/wp-json\/wp\/v2\/media?parent=229566"}],"wp:term":[{"taxonomy":"category","embeddable":true,"href":"https:\/\/swissfederalism.ch\/de\/wp-json\/wp\/v2\/categories?post=229566"},{"taxonomy":"post_tag","embeddable":true,"href":"https:\/\/swissfederalism.ch\/de\/wp-json\/wp\/v2\/tags?post=229566"}],"curies":[{"name":"wp","href":"https:\/\/api.w.org\/{rel}","templated":true}]}}