{"id":229517,"date":"2023-09-13T14:17:51","date_gmt":"2023-09-13T14:17:51","guid":{"rendered":"https:\/\/swissfederalism.ch\/brochure-population-shelters\/"},"modified":"2023-09-13T16:40:07","modified_gmt":"2023-09-13T16:40:07","slug":"broschuere-bevoelkerungsschutzraeume","status":"publish","type":"post","link":"https:\/\/swissfederalism.ch\/de\/broschuere-bevoelkerungsschutzraeume\/","title":{"rendered":"Die neue Brosch\u00fcre \u00fcber Bev\u00f6lkerungsschutzr\u00e4ume"},"content":{"rendered":"<h1 class=\"LC20lb MBeuO DKV0Md\"><span class=\"font-377884\">Die neue Brosch\u00fcre \u00fcber Bev\u00f6lkerungsschutzr\u00e4ume<\/span><\/h1>\n<div class=\"text\">\n<div class=\"row-comps\">\n<div class=\"paragraph comps\">\n<h3><em><span class=\"font-377884\">Das Bundesamt f\u00fcr Bev\u00f6lkerungsschutz (BABS) ver\u00f6ffentlicht aufgrund des gestiegenen Interesses der Helvetierinnen und Helvetier seit Beginn des Krieges in der Ukraine eine neue Brosch\u00fcre zum Thema Schutzr\u00e4ume.<\/span><\/em><\/h3>\n<\/div>\n<\/div>\n<\/div>\n<figure id=\"attachment_229502\" aria-describedby=\"caption-attachment-229502\" style=\"width: 768px\" class=\"wp-caption aligncenter\"><a href=\"https:\/\/swissfederalism.ch\/wp-content\/uploads\/2023\/09\/Filteranlage-Luftschutz-Photo-by-Oggi-CC-BY-SA-3.0-via-Wikimedia-Commons-768x1024.jpg\"><img decoding=\"async\" class=\"size-large wp-image-229502\" src=\"https:\/\/swissfederalism.ch\/wp-content\/uploads\/2023\/09\/Filteranlage-Luftschutz-Photo-by-Oggi-CC-BY-SA-3.0-via-Wikimedia-Commons-768x1024.jpg\" alt=\"\" width=\"768\" height=\"1024\" srcset=\"https:\/\/swissfederalism.ch\/wp-content\/uploads\/2023\/09\/Filteranlage-Luftschutz-Photo-by-Oggi-CC-BY-SA-3.0-via-Wikimedia-Commons-768x1024.jpg 768w, https:\/\/swissfederalism.ch\/wp-content\/uploads\/2023\/09\/Filteranlage-Luftschutz-Photo-by-Oggi-CC-BY-SA-3.0-via-Wikimedia-Commons-225x300.jpg 225w, https:\/\/swissfederalism.ch\/wp-content\/uploads\/2023\/09\/Filteranlage-Luftschutz-Photo-by-Oggi-CC-BY-SA-3.0-via-Wikimedia-Commons-350x467.jpg 350w, https:\/\/swissfederalism.ch\/wp-content\/uploads\/2023\/09\/Filteranlage-Luftschutz-Photo-by-Oggi-CC-BY-SA-3.0-via-Wikimedia-Commons.jpg 1024w\" sizes=\"(max-width: 768px) 100vw, 768px\" \/><\/a><figcaption id=\"caption-attachment-229502\" class=\"wp-caption-text\"><span class=\"font-377884\">Swiss fallout shelter air filtration system Photo by Oggi, CC BY-SA 3.0, via Wikimedia Commons<br \/><\/span><\/figcaption><\/figure>\n<p><span class=\"font-377884\">Die neue Publikation des BPV mit dem Titel <strong>&#8222;Der Schutzraum&#8220;<\/strong>, die in deutscher, franz\u00f6sischer, italienischer und englischer Sprache erh\u00e4ltlich ist, gibt einen \u00dcberblick \u00fcber dieses wichtige Element des schweizerischen Sicherheitsapparates.<\/span><\/p>\n<p><span class=\"font-377884\">Ein Schutzraum, auch &#8222;Atombunker&#8220; genannt, ist eine unterirdische Einrichtung im Kellergeschoss eines Geb\u00e4udes, die die Bev\u00f6lkerung vor bewaffneten Konflikten sch\u00fctzen soll, aber auch bei Naturkatastrophen oder vom Menschen verursachten Katastrophen einen guten Schutz bieten kann. Der gr\u00f6\u00dfte Teil der Bev\u00f6lkerung lebt in Geb\u00e4uden, die mit Schutzr\u00e4umen ausgestattet sind. Verf\u00fcgt das Geb\u00e4ude nicht \u00fcber einen Schutzraum, k\u00f6nnen \u00f6ffentliche Schutzr\u00e4ume in der N\u00e4he genutzt werden. Der Bau und die Ausstattung von Schutzr\u00e4umen sind genormt und durch technische Vorschriften geregelt. Die Kantone sind f\u00fcr die Erstellung und Aktualisierung der Zuteilungspl\u00e4ne zust\u00e4ndig. Die Zuteilung der Bev\u00f6lkerung zu den Schutzr\u00e4umen wird jedoch nur dann \u00f6ffentlich bekannt gegeben, wenn die sicherheitspolitische Lage dies erfordert.<\/span><\/p>\n<p><span class=\"font-377884\"><a href=\"https:\/\/swissfederalism.ch\/de\/luftschutzraeume-notfallmanagement-schweiz\/\"><strong>Luftschutzr\u00e4ume und Notfallmanagement in der Schweiz<\/strong><\/a><\/span><\/p>\n<p><span class=\"font-377884\">Das Bundesamt f\u00fcr Bev\u00f6lkerungsschutz weist darauf hin, dass die R\u00e4umung und Einrichtung von Schutzr\u00e4umen nur auf beh\u00f6rdliche Anordnung hin erfolgt, wenn eine reale Gefahrensituation vorliegt, wie z.B. ein Krieg in einem Nachbarland der Schweiz, und dass die Schutzr\u00e4ume innerhalb von f\u00fcnf Tagen ger\u00e4umt werden k\u00f6nnen sollten.<\/span><\/p>\n<h3 style=\"text-align: center;\"><span class=\"font-377884\" style=\"color: #ff0000;\">In Anbetracht der aktuellen Lage in der Ukraine ist es nicht notwendig, Schutzr\u00e4ume f\u00fcr einen Aufenthalt vorzubereiten.<\/span><\/h3>\n<h2><span class=\"font-377884\">Schutz im Falle eines bewaffneten Konflikts<\/span><\/h2>\n<p><span class=\"font-377884\">Schutzr\u00e4ume sind in erster Linie f\u00fcr den Schutz der Bev\u00f6lkerung im Falle eines bewaffneten Konflikts bestimmt. Sie m\u00fcssen den Auswirkungen moderner Waffen, also insbesondere ABC-Waffen und dem Nahkampf mit konventionellen Waffen, standhalten.<\/span><\/p>\n<h2><span class=\"font-377884\">Ein gesch\u00fctzter Ort f\u00fcr jeden Bewohner<\/span><\/h2>\n<p><span class=\"font-377884\">In der Schweiz gilt der Grundsatz &#8222;Ein gesch\u00fctzter Ort f\u00fcr jede Einwohnerin und jeden Einwohner&#8220;. Mit rund neun Millionen gesch\u00fctzten Pl\u00e4tzen in den rund 370&#8217;000 \u00f6ffentlichen und privaten Schutzr\u00e4umen k\u00f6nnen wir einen Deckungsgrad von \u00fcber 100 Prozent vorweisen, wobei es kantonale Unterschiede und lokale L\u00fccken gibt.<\/span><\/p>\n<h2><span class=\"font-377884\">Konzeption der Schutzr\u00e4ume<\/span><\/h2>\n<p><span class=\"font-377884\">Schutzr\u00e4ume werden sehr spartanisch gebaut und ausgestattet, um Kosten, Platzbedarf und Unterhaltsaufwand so gering wie m\u00f6glich zu halten. Hingegen wird an der Schutzfunktion nicht gespart:<\/span><\/p>\n<p><span class=\"font-377884\">Die mechanische Festigkeit des Schutzraumes wird durch die Schale (Boden, W\u00e4nde und Decke) gew\u00e4hrleistet, die aus Beton gefertigt ist. Jeder Schutzraum verf\u00fcgt \u00fcber einen Notausgang (Rettungsausgang oder Fluchttunnel), so dass er auch dann verlassen werden kann, wenn der Eingang nicht mehr benutzbar ist, z. B. weil er durch Tr\u00fcmmer eines eingest\u00fcrzten Geb\u00e4udes versperrt ist. Dazu geh\u00f6ren ein Lufteinlass, ein Explosionsschutzventil und ein Vorfilter, ein Bel\u00fcftungsger\u00e4t, ein Gasfilter sowie ein \u00dcberdruck- und Explosionsschutzventil.Gro\u00dfe Schutzr\u00e4ume verf\u00fcgen au\u00dferdem \u00fcber eine Schleuse. Diese verhindert, dass potenziell kontaminierte Au\u00dfenluft in den Schutzraum gelangt, wenn jemand den Schutzraum betritt oder verl\u00e4sst, w\u00e4hrend die Bel\u00fcftung in Betrieb ist.<\/span><\/p>\n<h2><span class=\"font-377884\">Schutzr\u00e4ume in verschiedenen Gr\u00f6\u00dfen<\/span><\/h2>\n<p><span class=\"font-377884\">Schutzr\u00e4ume sind genormt und werden aus zugelassenen Komponenten hergestellt. Es gibt verschiedene Typen, die sich in Gr\u00f6\u00dfe und Grundriss unterscheiden. Die Anzahl der in einem Schutzraum verf\u00fcgbaren gesch\u00fctzten Pl\u00e4tze h\u00e4ngt von seiner Gr\u00f6\u00dfe ab. Am bekanntesten ist der private Schutzraum, der sich im Keller von Ein- und Mehrfamilienh\u00e4usern befindet. In der Regel k\u00f6nnen dort f\u00fcnf bis f\u00fcnfzig Personen untergebracht werden, je nach Gr\u00f6\u00dfe des Hauses oder Geb\u00e4udekomplexes, zu dem sie geh\u00f6ren. Viele Gemeinden verf\u00fcgen auch \u00fcber gro\u00dfe \u00f6ffentliche Notunterk\u00fcnfte, die sich oft unter Schul- oder Verwaltungsgeb\u00e4uden befinden und in denen bis zu mehrere hundert Personen untergebracht werden k\u00f6nnen.<\/span><\/p>\n<div class=\"textimage section\">\n<div class=\"clearfix\">\n<div>\n<div>\n<figure id=\"attachment_130707\" aria-describedby=\"caption-attachment-130707\" style=\"width: 813px\" class=\"wp-caption aligncenter\"><a href=\"https:\/\/swissfederalism.ch\/wp-content\/uploads\/2022\/03\/Luftschutzraum-scaled.jpg\"><img decoding=\"async\" class=\"size-large wp-image-130707\" src=\"https:\/\/swissfederalism.ch\/wp-content\/uploads\/2022\/03\/Luftschutzraum-813x1024.jpg\" alt=\"Un rifugio atomico privato\" width=\"813\" height=\"1024\" srcset=\"https:\/\/swissfederalism.ch\/wp-content\/uploads\/2022\/03\/Luftschutzraum-813x1024.jpg 813w, https:\/\/swissfederalism.ch\/wp-content\/uploads\/2022\/03\/Luftschutzraum-238x300.jpg 238w, https:\/\/swissfederalism.ch\/wp-content\/uploads\/2022\/03\/Luftschutzraum-768x967.jpg 768w, https:\/\/swissfederalism.ch\/wp-content\/uploads\/2022\/03\/Luftschutzraum-1219x1536.jpg 1219w, https:\/\/swissfederalism.ch\/wp-content\/uploads\/2022\/03\/Luftschutzraum-1626x2048.jpg 1626w, https:\/\/swissfederalism.ch\/wp-content\/uploads\/2022\/03\/Luftschutzraum-scaled.jpg 2032w\" sizes=\"(max-width: 813px) 100vw, 813px\" \/><\/a><figcaption id=\"caption-attachment-130707\" class=\"wp-caption-text\"><span class=\"font-377884\">Private fallout shelter<\/span><\/figcaption><\/figure>\n<h2><span class=\"font-377884\">Ausstattung von Unterk\u00fcnften<\/span><\/h2>\n<p><span class=\"font-377884\">Die Hausbesitzer m\u00fcssen ihre Unterk\u00fcnfte so ausstatten, dass sie dort \u00fcber einen l\u00e4ngeren Zeitraum bleiben k\u00f6nnen. Zur Ausstattung der Unterk\u00fcnfte geh\u00f6ren heute in der Regel Betten und Trockenlatrinen.<\/span><\/p>\n<h2><span class=\"font-377884\">Anordnung zur Belegung von Unterk\u00fcnften<\/span><\/h2>\n<p><span class=\"font-377884\">Die Beh\u00f6rden beobachten und bewerten st\u00e4ndig die Entwicklung der sicherheitspolitischen Lage. Kommt es in der Schweiz oder in einem Nachbarland zu einem Konflikt, werden der Bev\u00f6lkerung vorg\u00e4ngig Schutzr\u00e4ume zugewiesen. Die Schutzr\u00e4ume m\u00fcssen innerhalb von f\u00fcnf Tagen betriebs- und einsatzbereit gemacht werden k\u00f6nnen, damit gen\u00fcgend Zeit bleibt, sie geordnet zu besetzen.<\/span><\/p>\n<h2><span class=\"font-377884\">Vorbereitung der Schutzr\u00e4ume<\/span><\/h2>\n<p><span class=\"font-377884\">Auf Anordnung der Beh\u00f6rden sind die Schutzr\u00e4ume zu r\u00e4umen und, eventuell unter Anleitung des Zivilschutzes, bezugsfertig zu machen. Grunds\u00e4tzlich muss alles Material ger\u00e4umt werden, mit Ausnahme der technischen Einrichtungen (L\u00fcftungsanlage, Beleuchtung). Es ist verboten, brennbares Material in den an den Schutzraum angrenzenden R\u00e4umen (sowohl seitlich als auch oben) zu lagern. Die an den Schutzraum angrenzenden Kellerr\u00e4ume sollten f\u00fcr die Lagerung von Vorr\u00e4ten und \u00fcberlebenswichtigen Gegenst\u00e4nden genutzt werden, die im Schutzraum keinen Platz haben.<\/span><\/p>\n<h2><span class=\"font-377884\">Zuteilung von Schutzpl\u00e4tzen<\/span><\/h2>\n<p><span class=\"font-377884\">Die Kantone bzw. Gemeinden sind verpflichtet, die Zuteilung der Bev\u00f6lkerung zu den Schutzr\u00e4umen zu planen und laufend zu aktualisieren. Die Zuteilung zu den Schutzr\u00e4umen wird erst bekannt gegeben, wenn die sicherheitspolitische Lage dies erfordert. Dazu k\u00f6nnen verschiedene Kan\u00e4le genutzt werden: z.B. Ver\u00f6ffentlichung im Internet, Aushang am schwarzen Brett der Gemeinde, Postversand und\/oder Kommunikation direkt vor Ort (z.B. mit Unterst\u00fctzung des Zivilschutzes). Auf Anweisung der Beh\u00f6rden begeben sich die Menschen in die ihnen von der Gemeinde oder dem Zivilschutz zugewiesenen m\u00f6blierten Schutzr\u00e4ume.<\/span><\/p>\n<h2><span class=\"font-377884\">Belegung von Schutzr\u00e4umen<\/span><\/h2>\n<p><span class=\"font-377884\">Man unterscheidet zwischen der Belegung von Schutzr\u00e4umen als Pr\u00e4ventivma\u00dfnahme und der Belegung bei unmittelbarer Gefahr. Notvorr\u00e4te (vor allem Getr\u00e4nke und haltbare Lebensmittel) k\u00f6nnen weitgehend im Vorfeld im Schutzraum oder in dessen N\u00e4he aufgebaut werden. Im Schutzraum gilt der Grundsatz, dass die Menschen in der Lage sein m\u00fcssen, sich mehrere Tage lang ohne fremde Hilfe zu versorgen. Im Gefahrenfall sollten vor dem Verlassen des Schutzraumes folgende Punkte beachtet werden:<\/span><\/p>\n<ul>\n<li><span class=\"font-377884\">Befolgen Sie die Anweisungen der Beh\u00f6rden<\/span><\/li>\n<li><span class=\"font-377884\">Notgep\u00e4ck vorbereiten (inkl. pers\u00f6nliche Dokumente)<\/span><\/li>\n<li><span class=\"font-377884\">ein batteriebetriebenes FM-Radio und Ersatzbatterien vorbereiten<\/span><\/li>\n<li><span class=\"font-377884\">Lebensmittel (auch Spezial- und Babynahrung) und Medikamente vorbereiten<\/span><\/li>\n<li><span class=\"font-377884\">Schlie\u00dfen Sie T\u00fcren und Fenster, schalten Sie elektrische Ger\u00e4te aus, stellen Sie das Gas ab und l\u00f6schen Sie etwaige Br\u00e4nde (Kamine, Kerzen usw.)<\/span><\/li>\n<li><span class=\"font-377884\">die anderen Hausbewohner zu informieren und ihnen gegebenenfalls zu helfen<\/span><\/li>\n<li><span class=\"font-377884\">eine geeignete Unterbringung f\u00fcr Haustiere zu finden und ihnen ausreichend Wasser und Futter zur Verf\u00fcgung zu stellen<\/span><\/li>\n<li><span class=\"font-377884\">auf Anweisung der Beh\u00f6rden die T\u00fcr und die gepanzerte Abdeckung zu schlie\u00dfen und die L\u00fcftungsanlage in Betrieb zu nehmen<\/span><\/li>\n<\/ul>\n<\/div>\n<h2><span class=\"font-377884\" style=\"text-decoration: underline;\">Verpflichtung zum Bau von Unterk\u00fcnften<\/span><\/h2>\n<p><span class=\"font-377884\">Die Verpflichtung zum Bau von Notunterk\u00fcnften besteht weiterhin, sowohl um lokale L\u00fccken in der Infrastruktur zu schlie\u00dfen als auch um das Bev\u00f6lkerungswachstum zu bew\u00e4ltigen. Heute hat jedoch die Werterhaltung der bestehenden Infrastruktur, d. h. die Instandhaltung und Modernisierung, Vorrang.<\/span><\/p>\n<h2><span class=\"font-377884\">Bau von neuen Schutzr\u00e4umen<\/span><\/h2>\n<p><span class=\"font-377884\">In Gemeinden, in denen es nicht gen\u00fcgend gesch\u00fctzte Orte gibt, m\u00fcssen die Eigent\u00fcmer beim Bau neuer H\u00e4user Schutzr\u00e4ume errichten, ausstatten und instand halten. In der Regel sollten Schutzr\u00e4ume nur in den gr\u00f6\u00dften Geb\u00e4uden (ab 38 Zimmern bzw. 25 gesch\u00fctzten Pl\u00e4tzen) gebaut werden. Ausnahmen sind in Gemeinden mit weniger als 1.000 Einwohnern m\u00f6glich. In Gebieten, in denen es nicht gen\u00fcgend Schutzr\u00e4ume gibt, sind die Gemeinden verpflichtet, \u00f6ffentliche Schutzr\u00e4ume zu bauen, auszustatten und zu unterhalten. Wird beim Bau einer Wohnung kein Schutzraum errichtet, muss der Eigent\u00fcmer einen Ersatzbeitrag zahlen.<\/span><\/p>\n<h2><span class=\"font-377884\">Zust\u00e4ndigkeiten und Finanzierung<\/span><\/h2>\n<p><span class=\"font-377884\">Die Kantone sind f\u00fcr den Bau von Schutzr\u00e4umen zust\u00e4ndig. Der Bund erl\u00e4sst die entsprechenden Vorschriften. Die Kosten f\u00fcr den Bau, die Ausr\u00fcstung und den Unterhalt von Schutzr\u00e4umen tragen die Grundeigent\u00fcmer. \u00d6ffentliche Schutzr\u00e4ume der Gemeinden werden durch Ersatzbeitr\u00e4ge finanziert. Diese k\u00f6nnen auch f\u00fcr die Modernisierung von privaten Schutzr\u00e4umen und die periodische Kontrolle der Schutzr\u00e4ume verwendet werden.<\/span><\/p>\n<h2><span class=\"font-377884\">T\u00e4gliche Nutzung von Schutzr\u00e4umen<\/span><\/h2>\n<p><span class=\"font-377884\">In normalen Zeiten kann der Schutzraum als Lager, Keller, Hobbyraum, Spielzimmer, Archiv, etc. genutzt werden. Bei diesen Nutzungen, die nichts mit dem Zivilschutz zu tun haben, m\u00fcssen die Anforderungen an die Arbeitssicherheit, die elektrischen Installationen, den Brandschutz usw. unbedingt eingehalten werden. \u00c4nderungen an der Schutzh\u00fclle (Boden, W\u00e4nde, Decke), an gepanzerten T\u00fcren und Abdeckungen sowie an der L\u00fcftungsanlage sind ebenfalls nicht zul\u00e4ssig. Pl\u00e4ne f\u00fcr architektonische Anpassungen und \u00c4nderungen an der Struktur und den technischen Systemen m\u00fcssen den zust\u00e4ndigen Beh\u00f6rden zur Genehmigung vorgelegt werden.<\/span><\/p>\n<h2><span class=\"font-377884\">Instandhaltungspflicht<\/span><\/h2>\n<p><span class=\"font-377884\">Der Eigent\u00fcmer ist verpflichtet, den Schutzraum instand zu halten und den Zugang zu seinen technischen Einrichtungen zu gew\u00e4hrleisten, insbesondere f\u00fcr eine regelm\u00e4\u00dfige Inspektion durch die Beh\u00f6rden, die mindestens alle zehn Jahre stattfinden muss. Zu den einfachen, vom Eigent\u00fcmer durchzuf\u00fchrenden Wartungsarbeiten geh\u00f6ren z.B. die Reinigung des Schutzraumes und des Notausgangs. Die Wartung der technischen Anlagen, die komplexer ist und seltener durchgef\u00fchrt werden muss, sollte Fachleuten anvertraut werden.<\/span><\/p>\n<h2><span class=\"font-377884\">Die Brosch\u00fcre in den verschiedenen Sprachen<\/span><\/h2>\n<div>\n<h3><span class=\"font-377884\"><a href=\"https:\/\/po.dma.swiss\/live\/88_106_i_broschuere_vorbereitung_schutzraum\/\"><strong>Il rifugio (italiano)<\/strong><\/a><\/span><\/h3>\n<\/div>\n<\/div>\n<\/div>\n<\/div>\n<h3><span class=\"font-377884\"><strong><a href=\"https:\/\/po.dma.swiss\/live\/88_106_broschuere_vorbereitung_schutzraum\/\">Der Schutzraum (deutsch)<\/a><\/strong><\/span><\/h3>\n<h3><span class=\"font-377884\"><a href=\"https:\/\/po.dma.swiss\/live\/88_106_f_broschuere_vorbereitung_schutzraum\/\"><strong>L&#8217;abri (Fran\u00e7ais)<\/strong><\/a><\/span><\/h3>\n<h3><span class=\"font-377884\"><a href=\"https:\/\/po.dma.swiss\/live\/88_106_e_broschuere_vorbereitung_schutzraum\/\"><strong>Schelters (english)<\/strong><\/a><\/span><\/h3>\n<p>&nbsp;<\/p>\n<p>&nbsp;<\/p>\n","protected":false},"excerpt":{"rendered":"<p>Das Bundesamt f\u00fcr Bev\u00f6lkerungsschutz (BABS) ver\u00f6ffentlicht aufgrund des gestiegenen Interesses der Helvetierinnen und Helvetier seit Beginn des Krieges in der Ukraine eine neue Brosch\u00fcre zum Thema Schutzr\u00e4ume.<\/p>\n","protected":false},"author":9,"featured_media":130710,"comment_status":"open","ping_status":"closed","sticky":false,"template":"","format":"standard","meta":{"footnotes":""},"categories":[990,309,295,211],"tags":[2268,1432,1582,668,1434],"class_list":["post-229517","post","type-post","status-publish","format-standard","has-post-thumbnail","hentry","category-geopolitik","category-highlights","category-schweiz","category-zeitschrift","tag-bevoelkerungsschutz","tag-luftschutzraeume","tag-schweiz","tag-sicherheit","tag-zivilschutz"],"_links":{"self":[{"href":"https:\/\/swissfederalism.ch\/de\/wp-json\/wp\/v2\/posts\/229517","targetHints":{"allow":["GET"]}}],"collection":[{"href":"https:\/\/swissfederalism.ch\/de\/wp-json\/wp\/v2\/posts"}],"about":[{"href":"https:\/\/swissfederalism.ch\/de\/wp-json\/wp\/v2\/types\/post"}],"author":[{"embeddable":true,"href":"https:\/\/swissfederalism.ch\/de\/wp-json\/wp\/v2\/users\/9"}],"replies":[{"embeddable":true,"href":"https:\/\/swissfederalism.ch\/de\/wp-json\/wp\/v2\/comments?post=229517"}],"version-history":[{"count":2,"href":"https:\/\/swissfederalism.ch\/de\/wp-json\/wp\/v2\/posts\/229517\/revisions"}],"predecessor-version":[{"id":229519,"href":"https:\/\/swissfederalism.ch\/de\/wp-json\/wp\/v2\/posts\/229517\/revisions\/229519"}],"wp:featuredmedia":[{"embeddable":true,"href":"https:\/\/swissfederalism.ch\/de\/wp-json\/wp\/v2\/media\/130710"}],"wp:attachment":[{"href":"https:\/\/swissfederalism.ch\/de\/wp-json\/wp\/v2\/media?parent=229517"}],"wp:term":[{"taxonomy":"category","embeddable":true,"href":"https:\/\/swissfederalism.ch\/de\/wp-json\/wp\/v2\/categories?post=229517"},{"taxonomy":"post_tag","embeddable":true,"href":"https:\/\/swissfederalism.ch\/de\/wp-json\/wp\/v2\/tags?post=229517"}],"curies":[{"name":"wp","href":"https:\/\/api.w.org\/{rel}","templated":true}]}}