{"id":229162,"date":"2023-07-16T11:45:46","date_gmt":"2023-07-16T11:45:46","guid":{"rendered":"https:\/\/swissfederalism.ch\/summer-vacation\/"},"modified":"2023-07-16T13:42:46","modified_gmt":"2023-07-16T13:42:46","slug":"summer-vacation","status":"publish","type":"post","link":"https:\/\/swissfederalism.ch\/de\/summer-vacation\/","title":{"rendered":"Sommerferien"},"content":{"rendered":"<h1><span class=\"font-377884\">Sommerferien<\/span><\/h1>\n<h3><span class=\"font-377884\"><em>Als Sommerferien bezeichnet man die Zeit zwischen den Schuljahren und den Ferien des akademischen Jahres, die je nach Land und Bezirk zwischen zwei Wochen und dreieinhalb Monaten dauern kann.<\/em><\/span><\/h3>\n<figure id=\"attachment_229069\" aria-describedby=\"caption-attachment-229069\" style=\"width: 840px\" class=\"wp-caption aligncenter\"><a href=\"https:\/\/swissfederalism.ch\/wp-content\/uploads\/2023\/07\/Vacanze-al-mare-Photo-by-Pexels-on-Pixabay-1024x683.jpg\"><img decoding=\"async\" class=\"size-large wp-image-229069\" src=\"https:\/\/swissfederalism.ch\/wp-content\/uploads\/2023\/07\/Vacanze-al-mare-Photo-by-Pexels-on-Pixabay-1024x683.jpg\" alt=\"Vacanze al mare Photo by Pexels on Pixabay\" width=\"840\" height=\"560\" srcset=\"https:\/\/swissfederalism.ch\/wp-content\/uploads\/2023\/07\/Vacanze-al-mare-Photo-by-Pexels-on-Pixabay-1024x683.jpg 1024w, https:\/\/swissfederalism.ch\/wp-content\/uploads\/2023\/07\/Vacanze-al-mare-Photo-by-Pexels-on-Pixabay-300x200.jpg 300w, https:\/\/swissfederalism.ch\/wp-content\/uploads\/2023\/07\/Vacanze-al-mare-Photo-by-Pexels-on-Pixabay-768x512.jpg 768w, https:\/\/swissfederalism.ch\/wp-content\/uploads\/2023\/07\/Vacanze-al-mare-Photo-by-Pexels-on-Pixabay-1536x1024.jpg 1536w, https:\/\/swissfederalism.ch\/wp-content\/uploads\/2023\/07\/Vacanze-al-mare-Photo-by-Pexels-on-Pixabay-350x233.jpg 350w, https:\/\/swissfederalism.ch\/wp-content\/uploads\/2023\/07\/Vacanze-al-mare-Photo-by-Pexels-on-Pixabay.jpg 1920w\" sizes=\"(max-width: 840px) 100vw, 840px\" \/><\/a><figcaption id=\"caption-attachment-229069\" class=\"wp-caption-text\"><span class=\"font-377884\">Strandurlaube Photo by Pexels on Pixabay<\/span><\/figcaption><\/figure>\n<h2><span class=\"font-377884\">Der Urlaub &#8211; ein bisschen Geschichte<\/span><\/h2>\n<p><span class=\"font-377884\">Die Flucht aus der Stadt hat antike Wurzeln: schon im ersten Jahrhundert vor Christus. Rom war schon damals eine Millionenmetropole mit Verkehrsproblemen, L\u00e4rm usw., so dass die Wohlhabendsten lange Zeit des Jahres auf dem Land, an der kampanischen K\u00fcste oder in den Thermen verbrachten.<\/span><\/p>\n<p><span class=\"font-377884\">Auch hier waren die R\u00f6mer die erste Zivilisation, die sich auf jahrelange Freizeitreisen einlie\u00df und die notwendige Infrastruktur schuf, um Ferien zu erm\u00f6glichen.<\/span><\/p>\n<p><span class=\"font-377884\">Mit dem Untergang des R\u00f6mischen Reiches und dem Aufkommen des Mittelalters kam der Urlaub, wie wir ihn kennen, zum Erliegen, und man reiste, um neue L\u00e4nder zu finden, die man sein Eigen nennen konnte, oder um die L\u00e4nder der Feinde zu pl\u00fcndern.<\/span><\/p>\n<p><span class=\"font-377884\">In der Fr\u00fchrenaissance diente das Reisen vor allem dem Handel, und die Transportmittel waren begrenzt, die Stra\u00dfen unwegsam und die R\u00e4uber lauerten. Nur die Wohlhabenden konnten es sich leisten, in Begleitung von Soldaten zu reisen, die sie besch\u00fctzten. Auch der Seeweg war gef\u00e4hrlich, denn es lauerten immer Piraten.<\/span><\/p>\n<p><span class=\"font-377884\">Im fr\u00fchen 18. Jahrhundert wurde es unter wohlhabenden jungen Leuten in Nordeuropa, vor allem Engl\u00e4ndern, Mode, zu Bildungszwecken eine &#8222;Grand Tour&#8220; zu unternehmen, um die Kultur zu erweitern, und die beliebtesten Ziele waren Italien, Griechenland und die T\u00fcrkei. Damals waren die Transportmittel und -wege noch nicht die gleichen wie heute, und die Reisen dauerten mindestens einige Monate, so dass sich nur Personen mit betr\u00e4chtlichen finanziellen Mitteln diese Reisen leisten konnten.<\/span><\/p>\n<p><span class=\"font-377884\">Mit der industriellen Revolution kam die Dampfeisenbahn auf, die es dem einfachen Volk erm\u00f6glichte, an neue Orte zu reisen, um ein paar Tage am Meer zu verbringen: der Kurzurlaub, wie wir ihn heute kennen, war geboren.<\/span><\/p>\n<p><span class=\"font-377884\">In den 1800er Jahren verbreitete sich der Strandtourismus, und der Strand wurde als Fluchtm\u00f6glichkeit aus dem Stadtleben angesehen.<\/span><\/p>\n<p><span class=\"font-377884\">In den fr\u00fchen 1920er Jahren begannen Unternehmer wie Henry Ford mit der Massenproduktion von erschwinglichen Automobilen, die das Auto zum bevorzugten Verkehrsmittel machten, da es billig war und mehr Freiheit bot als die Eisenbahn.<\/span><\/p>\n<p><span class=\"font-377884\">1928 bef\u00f6rderte das deutsche Luftschiff &#8222;Graf Zeppelin&#8220; 20 Passagiere und 43 Besatzungsmitglieder im ersten kommerziellen Flug der Geschichte und unternahm im folgenden Jahr die erste Weltumrundung.<\/span><\/p>\n<p><span class=\"font-377884\">In Italien wurden die ersten Volksreisen in der Zeit des Faschismus unter dem Motto &#8222;Urlaub f\u00fcr alle&#8220; organisiert, wobei Sommerkolonien und nationale Stiftungen auch Arbeitern und Angestellten eine Auszeit vom Alltag erm\u00f6glichen sollten, um die Arbeitsmoral zu heben und gutes politisches Verhalten zu belohnen. Nach dem Zweiten Weltkrieg wurde dieses Prinzip auch von anderen Staaten aufgegriffen. Ab den 1970er Jahren f\u00fchrte der gesellschaftliche Wandel zu einer tiefen Krise der Sommerlager, die allm\u00e4hlich durch Ferienlager ersetzt wurden.<\/span><\/p>\n<p><span class=\"font-377884\">Nach dem Krieg und in den 1950er und 1960er Jahren florierte die Ferienlagerindustrie dank des &#8222;Wirtschaftswunders&#8220; jener Jahre.<\/span><\/p>\n<p><span class=\"font-377884\">Im Vereinigten K\u00f6nigreich begann Thomas Cook in den fr\u00fchen 1950er Jahren mit der Werbung f\u00fcr Auslandsurlaube, wobei Charterfl\u00fcge den Startschuss f\u00fcr die massenhaften Pauschalreisen in mediterrane Urlaubsorte gaben, wo es Sonne, Ruhe und gutes Essen zu erschwinglichen Preisen gab.<\/span><\/p>\n<p><span class=\"font-377884\">Mit dem Aufkommen von Billigfluggesellschaften wie Easyjet und Ryanair und Online-Reisebuchungsportalen wie Expedia in den sp\u00e4ten 1990er Jahren organisierten die Verbraucher pl\u00f6tzlich ihren Urlaub selbst. Die Reisenden wurden unabh\u00e4ngig, wollten neue Erfahrungen machen und Orte abseits der ausgetretenen Pfade entdecken, die sie ihr Eigen nennen konnten.<\/span><\/p>\n<p><span class=\"font-377884\"><a href=\"https:\/\/swissfederalism.ch\/de\/feiertage-schweizerischen-eidgenossenschaft\/\"><strong>Feiertage in der Schweizerischen Eidgenossenschaft<\/strong><\/a><\/span><\/p>\n<h2><span class=\"font-377884\">Vorteile oder Nachteile einer langen Sommerpause<\/span><\/h2>\n<p><span class=\"font-377884\">Viele Sch\u00fcler besch\u00e4ftigen sich in den Ferien nicht mit dem Lernen oder dem Lesen eines Buches. Je l\u00e4nger die Ferien dauern, desto gr\u00f6\u00dfer ist die Tendenz, das w\u00e4hrend des Schuljahres Gelernte zu vergessen.<\/span><\/p>\n<p><span class=\"font-377884\">In den Vereinigten Staaten ist dieses Ph\u00e4nomen als &#8222;<em>summer learning loss&#8220;<\/em> bekannt.<\/span><\/p>\n<p><span class=\"font-377884\">F\u00fcr Jugendliche, die zu den schw\u00e4cheren sozio\u00f6konomischen Gruppen geh\u00f6ren, besteht ein hohes Risiko, dass sie die Zeit zwischen Fernsehen, unkontrollierter Nutzung von Videospielen und Smartphones unt\u00e4tig verbringen oder, da die Familien nicht in der Lage sind, die Jugendlichen zu beaufsichtigen, sich selbst und den Gefahren der Gesellschaft \u00fcberlassen werden. Im Gegensatz dazu wird die Schule f\u00fcr Jugendliche aus den h\u00f6heren Schichten oft durch andere Aktivit\u00e4ten wie Musikunterricht, Ausfl\u00fcge, Fremdsprachenkurse und Sport ersetzt, die es ihnen erm\u00f6glichen, eine kulturelle Br\u00fccke zwischen dem Ende und dem Beginn der Schulzeit zu schlagen.<\/span><\/p>\n<p><span class=\"font-377884\">In Italien, Lettland und Litauen dauern die Schulsommerferien etwa 13 Wochen, w\u00e4hrend sie in Schweden und Finnland 10 Wochen und in Deutschland, D\u00e4nemark und dem Vereinigten K\u00f6nigreich 6 Wochen dauern.<\/span><\/p>\n<p><span class=\"font-377884\">Das Schweizer Modell verteilt die Ferientage in kleinen Portionen \u00fcber das Jahr, mit dem Ziel, den Lernverlust zu begrenzen: In diesem Land hat jeder Kanton einen unabh\u00e4ngigen Schulkalender, und die Sommerferien dauern in der deutschsprachigen Schweiz etwa 6 Wochen und in der italienischen Schweiz 10 Wochen.<\/span><\/p>\n<figure id=\"attachment_229075\" aria-describedby=\"caption-attachment-229075\" style=\"width: 1024px\" class=\"wp-caption aligncenter\"><a href=\"https:\/\/swissfederalism.ch\/wp-content\/uploads\/2023\/07\/Big-Ben-London-Photo-by-Thomas-Dahlstrom-Nielsen-CC-BY-SA-4.0-via-Wikimedia-Commons.jpg\"><img decoding=\"async\" class=\"size-full wp-image-229075\" src=\"https:\/\/swissfederalism.ch\/wp-content\/uploads\/2023\/07\/Big-Ben-London-Photo-by-Thomas-Dahlstrom-Nielsen-CC-BY-SA-4.0-via-Wikimedia-Commons.jpg\" alt=\"Big Ben London Photo by Thomas Dahlstr\u00f8m Nielsen, CC BY-SA 4.0, via Wikimedia Commons\" width=\"1024\" height=\"683\" srcset=\"https:\/\/swissfederalism.ch\/wp-content\/uploads\/2023\/07\/Big-Ben-London-Photo-by-Thomas-Dahlstrom-Nielsen-CC-BY-SA-4.0-via-Wikimedia-Commons.jpg 1024w, https:\/\/swissfederalism.ch\/wp-content\/uploads\/2023\/07\/Big-Ben-London-Photo-by-Thomas-Dahlstrom-Nielsen-CC-BY-SA-4.0-via-Wikimedia-Commons-300x200.jpg 300w, https:\/\/swissfederalism.ch\/wp-content\/uploads\/2023\/07\/Big-Ben-London-Photo-by-Thomas-Dahlstrom-Nielsen-CC-BY-SA-4.0-via-Wikimedia-Commons-768x512.jpg 768w, https:\/\/swissfederalism.ch\/wp-content\/uploads\/2023\/07\/Big-Ben-London-Photo-by-Thomas-Dahlstrom-Nielsen-CC-BY-SA-4.0-via-Wikimedia-Commons-350x233.jpg 350w\" sizes=\"(max-width: 1024px) 100vw, 1024px\" \/><\/a><figcaption id=\"caption-attachment-229075\" class=\"wp-caption-text\"><span class=\"font-377884\">Ein Blick auf London &#8211; England, eines der beliebtesten Ziele f\u00fcr einen Studienurlaub Photo by Thomas Dahlstr\u00f8m Nielsen, CC BY-SA 4.0, via Wikimedia Commons<\/span><\/figcaption><\/figure>\n<h2><span class=\"font-377884\">Studienurlaub<\/span><\/h2>\n<p><span class=\"font-377884\">Sommerstudienreisen f\u00fcr Jungen und M\u00e4dchen sind Studienreisen, die nicht nur f\u00fcr diejenigen gedacht sind, die eine Fremdsprache erlernen oder verbessern wollen, sondern auch f\u00fcr diejenigen, die ihr Wissen erweitern, neue Orte entdecken, Menschen aus der ganzen Welt kennenlernen und Freundschaften schlie\u00dfen wollen. W\u00e4hrend einer Studienreise entwickeln die Kinder mehr Selbstst\u00e4ndigkeit und erwerben neue F\u00e4higkeiten, nicht nur Sprachkenntnisse in einem internationalen Umfeld.<\/span><\/p>\n<p><span class=\"font-377884\">Eine Studienreise dauert zwischen 2 und 4 Wochen und wird in der Regel in den Sommermonaten (Juni, Juli oder August) w\u00e4hrend der Sommerferien durchgef\u00fchrt.<\/span><\/p>\n<p><span class=\"font-377884\">Die beliebtesten Reiseziele sind das Vereinigte K\u00f6nigreich, insbesondere England, aber auch Nordirland und Schottland, um Englisch zu lernen; im Laufe der Zeit haben sich auch viele Studienreisen in die Vereinigten Staaten, nach Kanada, Australien und in die Republik Irland entwickelt.<\/span><\/p>\n<p><span class=\"font-377884\"><a href=\"https:\/\/swissfederalism.ch\/de\/schweizer-studenten-arbeiten-auch-zehn-stunden-pro-woche\/\"><strong>Schweizer Studenten arbeiten (auch) zehn Stunden pro Woche<\/strong><\/a><\/span><\/p>\n<h2><span class=\"font-377884\">Au Pair im Sommer<\/span><\/h2>\n<p><span class=\"font-377884\">F\u00fcr \u00e4ltere Jugendliche zwischen 18 und 30 Jahren gibt es auch die M\u00f6glichkeit, im Sommer einen Auslandsaufenthalt als Au Pair zu absolvieren, bei dem der junge Mann oder die junge Frau f\u00fcr einen Zeitraum von 1 bis 3 Monaten bei einer Gastfamilie im Ausland lebt. Seine Aufgabe ist es, die Kinder der Gastfamilie w\u00e4hrend der Schulferien zu betreuen und bei leichteren Hausarbeiten zu helfen. Als Gegenleistung f\u00fcr seine Hilfe erh\u00e4lt das Au Pair Unterkunft, Verpflegung und ein Taschengeld und wird als vollwertiges Mitglied der Familie auf Zeit aufgenommen.<\/span><\/p>\n<h2><span class=\"font-377884\">Arbeitsurlaub<\/span><\/h2>\n<p><span class=\"font-377884\">Ein Arbeitsurlaub ist eine Art von Reise, bei der Sie Ihre Zeit und Ihre F\u00e4higkeiten f\u00fcr ein lokales Projekt einsetzen und daf\u00fcr eine kostenlose Unterkunft erhalten. Bei den Einrichtungen, die dieses Programm anbieten, handelt es sich meist um Herbergen, Campingpl\u00e4tze, Nichtregierungsorganisationen, Sozialprojekte, Bauernh\u00f6fe, \u00d6kod\u00f6rfer, Restaurants und einige kleine Unternehmen, die Reisende aus aller Welt aufnehmen.<\/span><\/p>\n<p><span class=\"font-377884\">Diese Art von Erfahrung ist eine M\u00f6glichkeit, eine Fremdsprache zu lernen, wie die Einheimischen zu leben, neue F\u00e4higkeiten zu erwerben und praktische Erfahrungen zu sammeln, die man in seinen Lebenslauf aufnehmen kann.<\/span><\/p>\n<p><span class=\"font-377884\">Der Begriff &#8222;Working Holiday&#8220; kommt daher, dass Sie nicht Vollzeit arbeiten m\u00fcssen, sondern nur einige Stunden pro Woche, so dass Sie auch Zeit haben, sich zu entspannen und Ihr Gastland zu erkunden.<\/span><\/p>\n<figure id=\"attachment_229080\" aria-describedby=\"caption-attachment-229080\" style=\"width: 682px\" class=\"wp-caption aligncenter\"><a href=\"https:\/\/swissfederalism.ch\/wp-content\/uploads\/2023\/07\/Ragazza-Au-pair-Photo-by-maribu-on-Pixabay-682x1024.jpg\"><img decoding=\"async\" class=\"size-large wp-image-229080\" src=\"https:\/\/swissfederalism.ch\/wp-content\/uploads\/2023\/07\/Ragazza-Au-pair-Photo-by-maribu-on-Pixabay-682x1024.jpg\" alt=\"Ragazza Au-pair Photo by maribu on Pixabay\" width=\"682\" height=\"1024\" srcset=\"https:\/\/swissfederalism.ch\/wp-content\/uploads\/2023\/07\/Ragazza-Au-pair-Photo-by-maribu-on-Pixabay-682x1024.jpg 682w, https:\/\/swissfederalism.ch\/wp-content\/uploads\/2023\/07\/Ragazza-Au-pair-Photo-by-maribu-on-Pixabay-200x300.jpg 200w, https:\/\/swissfederalism.ch\/wp-content\/uploads\/2023\/07\/Ragazza-Au-pair-Photo-by-maribu-on-Pixabay-768x1153.jpg 768w, https:\/\/swissfederalism.ch\/wp-content\/uploads\/2023\/07\/Ragazza-Au-pair-Photo-by-maribu-on-Pixabay-1023x1536.jpg 1023w, https:\/\/swissfederalism.ch\/wp-content\/uploads\/2023\/07\/Ragazza-Au-pair-Photo-by-maribu-on-Pixabay-350x525.jpg 350w, https:\/\/swissfederalism.ch\/wp-content\/uploads\/2023\/07\/Ragazza-Au-pair-Photo-by-maribu-on-Pixabay.jpg 1279w\" sizes=\"(max-width: 682px) 100vw, 682px\" \/><\/a><figcaption id=\"caption-attachment-229080\" class=\"wp-caption-text\"><span class=\"font-377884\">Au-pair Girl Photo by maribu on Pixabay<\/span><\/figcaption><\/figure>\n<h2><span class=\"font-377884\">Sommerkolonien<\/span><\/h2>\n<p><span class=\"font-377884\">Die erste Kolonie wurde in der Schweiz von Pfarrer Walter Bion (geboren als Hermann Walter Bion, allen bekannt als &#8222;Pater Bion&#8220;), einem Schweizer reformierten Theologen und Sozialp\u00e4dagogen, 1876 im Kanton Appenzell Ausserrhoden gegr\u00fcndet. In den folgenden Jahren verbreitete sich die Idee rasch in ganz Europa und erreichte sogar die Vereinigten Staaten, Lateinamerika und Japan.<\/span><\/p>\n<p><span class=\"font-377884\">In Italien bem\u00fchte sich der Faschismus Mitte der 1930er Jahre darum, den Kolonien, insbesondere den Sommer- und Seekolonien, eine politische, gesundheitliche und p\u00e4dagogische Identit\u00e4t zu verleihen. Eine Verordnung von 1939 legte fest, dass die Sommerkolonien f\u00fcr &#8222;alle Kinder zwischen 6 und 13 Jahren bestimmt waren, sofern sie regelm\u00e4\u00dfig in der Giovent\u00f9 Italiana eingeschrieben waren&#8220;. Nach dem Ende des Zweiten Weltkriegs wurden die Kolonien wegen ihres bildenden und emanzipatorischen Charakters anerkannt, so dass sie nicht mehr ausschlie\u00dflich den Armen vorbehalten waren. Seit den 1970er Jahren fallen die Kolonien unter die Zust\u00e4ndigkeit der staatlichen Beh\u00f6rden.<\/span><\/p>\n<p><span class=\"font-377884\">Heute gibt es die Kolonien nicht mehr, und an ihrer Stelle sind Sommercamps entstanden, in denen schulpflichtige Kinder wochenlange Ferien verbringen k\u00f6nnen, in denen sie Spiele und Aktivit\u00e4ten im Freien unternehmen, Fremdsprachen lernen oder Sport treiben k\u00f6nnen.<\/span><\/p>\n<h2><span class=\"font-377884\">Sommercamps<\/span><\/h2>\n<p><span class=\"font-377884\">Sommercamps sind Wochen f\u00fcr Kinder und Jugendliche, die am Ende des Schuljahres organisiert werden und in denen unter der Leitung von Lehrern oder Erziehern Aktivit\u00e4ten und Erfahrungen angeboten werden, h\u00e4ufig in der Natur oder an anderen gesch\u00fctzten Orten.<\/span><\/p>\n<p><span class=\"font-377884\">Ein ein- oder mehrw\u00f6chiger Aufenthalt in einem Sommercamp oder ein Aufenthalt in einem Sommerzentrum kann sich positiv auf die Qualit\u00e4t des Tages eines Kindes oder Jugendlichen auswirken und befreit die Familie von der Sorge um die Organisation der Sommertage.<\/span><\/p>\n<h2><span class=\"font-377884\">Sommer-Zentren<\/span><\/h2>\n<p><span class=\"font-377884\">Das Sommerzentrum ist eine Einrichtung, die von der Gemeinde betrieben wird und den Schulen angegliedert ist, um die p\u00e4dagogische Kontinuit\u00e4t und Ausbildung zu gew\u00e4hrleisten, oder es wird mit Freizeit-, Sport- oder Kulturaktivit\u00e4ten kombiniert, die von professionellen P\u00e4dagogen koordiniert oder von territorialen Bildungsdiensten, Genossenschaften und Vereinen verwaltet werden. Sommerzentren haben l\u00e4ngere \u00d6ffnungszeiten und richten sich auch an Vorschulen f\u00fcr die Betreuung von Kleinkindern.<\/span><\/p>\n<p><span class=\"font-377884\"><strong><a href=\"https:\/\/swissfederalism.ch\/de\/75-jahre-flughafen-zuerich\/\">75 Jahre Flughafen Z\u00fcrich &#8211; die Jubil\u00e4umsfeier<\/a><\/strong><\/span><\/p>\n<p><span class=\"font-377884\"><a href=\"https:\/\/swissfederalism.ch\/de\/euroairport-basel-mulhouse-freiburg\/\"><strong>Trinationaler Flughafen Basel Mulhouse Freiburg<\/strong><\/a><\/span><\/p>\n<h2><span class=\"font-377884\">Urlaub in Italien<\/span><\/h2>\n<p><span class=\"font-377884\">Die Ferien in einer villeggiatura (Ferienanlage) zu verbringen oder die Sonntage f\u00fcr Ausfl\u00fcge au\u00dferhalb der Stadt zu nutzen, war ein Brauch, der der gehobenen Mittelschicht oder den Aristokraten vorbehalten war, die es sich leisten konnten, sich in Badeorten oder in den Bergen zu erholen, wo sie in den meisten F\u00e4llen eine Villa besa\u00dfen (daher der Begriff villeggianti). Bei den Einheimischen galten die villeggianti oft als Au\u00dfenseiter und waren nicht unbedingt willkommen.<\/span><\/p>\n<p><span class=\"font-377884\">In den 1930er Jahren waren Freizeit und Urlaub f\u00fcr Arbeiter, Bauern und generell f\u00fcr Menschen aus den weniger wohlhabenden Schichten nur durch staatliche Initiativen m\u00f6glich.<\/span><\/p>\n<p><span class=\"font-377884\">In den 1950er Jahren \u00e4nderte sich die Auffassung von Freizeit erheblich, denn sie wurde auch zu einem Konsumgut, das eine regelrechte Industrie begr\u00fcnden konnte und die kulturellen Muster der Familien beeinflusste.<\/span><\/p>\n<h2><span class=\"font-377884\">Ferienh\u00e4user oder Zweitwohnungen<\/span><\/h2>\n<p><span class=\"font-377884\">Der Urlaub, der lange Zeit ein Privileg der Aristokratie und der Oberschicht gewesen war, wurde auch f\u00fcr Familien der Mittelschicht zu einem Ort der Freizeit und Erholung. Zweitwohnungen wurden im Hinterland, in kleinen Kunstst\u00e4dten, an den K\u00fcsten oder in den Bergen erworben, was zu saisonalen urbanen Ph\u00e4nomenen mit einem deutlichen Anstieg der lokalen Bev\u00f6lkerung und der Entleerung der St\u00e4dte f\u00fchrte. In einigen Orten \u00fcberstieg die Zahl der Zweitwohnungen die Zahl der ganzj\u00e4hrig genutzten Wohnungen.<\/span><\/p>\n<p><span class=\"font-377884\">Der durch den wirtschaftlichen Aufschwung bedingte Wohlstand veranlasste immer mehr Familien, eigene Zweitwohnungen f\u00fcr die Sommerferien zu bauen, oder veranlasste viele, die ihre alte Bergheimat verlassen hatten, um in die Stadt zu ziehen, dazu, w\u00e4hrend des Sommers ins Dorf zur\u00fcckzukehren.<\/span><\/p>\n<p><span class=\"font-377884\">Der &#8222;Urlauber&#8220;, der oft aus dem Ort stammte, wurde zu einer Mischfigur zwischen Einheimischen und Au\u00dfenseitern, da er den Winter nicht im Dorf verbrachte, aber auch in gewisser Weise einheimisch war, da er die \u00f6rtlichen Br\u00e4uche und Bewohner kannte.<\/span><\/p>\n<p><span class=\"font-377884\">In den sp\u00e4ten 1990er Jahren \u00e4nderte sich auch diese Art des Urlaubs und wurde durch Reisen an exotische oder fremde Orte ersetzt, was dazu f\u00fchrte, dass die Ferienh\u00e4user oder Zweitwohnungen in den Bergen an Bedeutung verloren.<\/span><\/p>\n<p><span class=\"font-377884\">In den letzten Jahren sind diese H\u00e4user wieder attraktiv geworden, und in einigen Bergregionen finden sie sogar bei ausl\u00e4ndischen K\u00e4ufern rei\u00dfenden Absatz. Die Quarant\u00e4ne w\u00e4hrend der Covid 19-Pandemie hat das wachsende Interesse an den Gebieten im Landesinneren noch verst\u00e4rkt und viele Menschen dazu veranlasst, Zweitwohnungen zu beziehen, insbesondere solche mit Garten. Die Bergregionen ver\u00e4ndern allm\u00e4hlich ihr Gesicht, und es ist manchmal schwierig, eine Wohnung zu finden, weil so viele Wohnungen nur f\u00fcr den Sommer gekauft werden.<\/span><\/p>\n<figure id=\"attachment_229114\" aria-describedby=\"caption-attachment-229114\" style=\"width: 751px\" class=\"wp-caption aligncenter\"><a href=\"https:\/\/swissfederalism.ch\/wp-content\/uploads\/2023\/07\/Intrattenimento-di-bambini-con-giochi-Photo-by-Jenny-Thornberg-on-Pixabay-751x1024.jpg\"><img decoding=\"async\" class=\"size-large wp-image-229114\" src=\"https:\/\/swissfederalism.ch\/wp-content\/uploads\/2023\/07\/Intrattenimento-di-bambini-con-giochi-Photo-by-Jenny-Thornberg-on-Pixabay-751x1024.jpg\" alt=\"Intrattenimento di bambini con giochi Photo by Jenny Th\u00f6rnberg on Pixabay\" width=\"751\" height=\"1024\" srcset=\"https:\/\/swissfederalism.ch\/wp-content\/uploads\/2023\/07\/Intrattenimento-di-bambini-con-giochi-Photo-by-Jenny-Thornberg-on-Pixabay-751x1024.jpg 751w, https:\/\/swissfederalism.ch\/wp-content\/uploads\/2023\/07\/Intrattenimento-di-bambini-con-giochi-Photo-by-Jenny-Thornberg-on-Pixabay-220x300.jpg 220w, https:\/\/swissfederalism.ch\/wp-content\/uploads\/2023\/07\/Intrattenimento-di-bambini-con-giochi-Photo-by-Jenny-Thornberg-on-Pixabay-768x1047.jpg 768w, https:\/\/swissfederalism.ch\/wp-content\/uploads\/2023\/07\/Intrattenimento-di-bambini-con-giochi-Photo-by-Jenny-Thornberg-on-Pixabay-1126x1536.jpg 1126w, https:\/\/swissfederalism.ch\/wp-content\/uploads\/2023\/07\/Intrattenimento-di-bambini-con-giochi-Photo-by-Jenny-Thornberg-on-Pixabay-350x477.jpg 350w, https:\/\/swissfederalism.ch\/wp-content\/uploads\/2023\/07\/Intrattenimento-di-bambini-con-giochi-Photo-by-Jenny-Thornberg-on-Pixabay.jpg 1408w\" sizes=\"(max-width: 751px) 100vw, 751px\" \/><\/a><figcaption id=\"caption-attachment-229114\" class=\"wp-caption-text\"><span class=\"font-377884\">Kinder mit Spielen unterhalten Photo by Jenny Th\u00f6rnberg on Pixabay<\/span><\/figcaption><\/figure>\n<h2><span class=\"font-377884\">Sommerurlaub in der Welt<\/span><\/h2>\n<h3><span class=\"font-377884\">Spanien<\/span><\/h3>\n<p><span class=\"font-377884\">In Spanien haben die Kinder im Sommer etwa 10 bis 12 Wochen Ferien, und die Schulen machen normalerweise Anfang Juni Pause.<\/span><\/p>\n<h3><span class=\"font-377884\">Italien<\/span><\/h3>\n<p><span class=\"font-377884\">Italienische Kinder und Jugendliche haben im Sommer bis zu 13 Wochen frei: Die Schule endet im Juni und beginnt Mitte September.<\/span><\/p>\n<h3><span class=\"font-377884\">Frankreich<\/span><\/h3>\n<p><span class=\"font-377884\">Die Sommerferien in Frankreich sind etwa acht Wochen lang: Sie enden im Juli und beginnen in der ersten Septemberwoche.<\/span><\/p>\n<h3><span class=\"font-377884\">Deutschland<\/span><\/h3>\n<p><span class=\"font-377884\">In Deutschland haben die Schulen im Sommer sechs Wochen Ferien.<\/span><\/p>\n<h3><span class=\"font-377884\">Norwegen<\/span><\/h3>\n<p><span class=\"font-377884\">In Norwegen haben die Schulen acht Wochen Sommerferien: Sie enden Mitte Juni und beginnen im August.<\/span><\/p>\n<h3><span class=\"font-377884\">Schweiz<\/span><\/h3>\n<p><span class=\"font-377884\">In der Schweiz sind die Sommerferien von Kanton zu Kanton unterschiedlich. In Z\u00fcrich zum Beispiel dauern sie f\u00fcnf Wochen, von Mitte Juli bis Mitte August, w\u00e4hrend sie im Tessin etwa zehn Wochen dauern, von Ende Juni bis Anfang September.<\/span><\/p>\n<h3><span class=\"font-377884\">Irland<\/span><\/h3>\n<p><span class=\"font-377884\">In der Republik Irland haben die meisten Sch\u00fcler drei Monate Ferien, die in der letzten Maiwoche beginnen und in der ersten Septemberwoche enden.<\/span><\/p>\n<h3><span class=\"font-377884\">Vereinigte Staaten<\/span><\/h3>\n<p><span class=\"font-377884\">Die Schulferien variieren von Bundesstaat zu Bundesstaat, betragen aber im Allgemeinen etwa 10 oder 11 Wochen. Sie beginnen zwischen Mai und Juni und enden im August und September, wobei die Kinder unmittelbar nach dem Labor Day wieder zur Schule gehen.<\/span><\/p>\n<h3><span class=\"font-377884\">Neuseeland<\/span><\/h3>\n<p><span class=\"font-377884\">In Neuseeland, wo die Jahreszeiten im Vergleich zu Europa umgekehrt sind, beginnen die Schulferien Anfang oder Mitte Dezember und enden Ende Januar oder Anfang Februar, insgesamt also 6 bis 8 Wochen.<\/span><\/p>\n<h3><span class=\"font-377884\">Australien<\/span><\/h3>\n<p><span class=\"font-377884\">In Australien, wo die Jahreszeiten im Vergleich zu Europa umgekehrt sind, finden die Sommerferien zwischen Dezember und Februar statt, einschlie\u00dflich Weihnachten und Silvester.<\/span><\/p>\n<h3><span class=\"font-377884\">Brasilien<\/span><\/h3>\n<p><span class=\"font-377884\">In Brasilien, wo die Jahreszeiten im Vergleich zu Europa umgekehrt sind, finden die Sommerferien zwischen November und Dezember statt und dauern etwa f\u00fcnfzig bis siebzig Tage.<\/span><\/p>\n<h3><span class=\"font-377884\">Oman<\/span><\/h3>\n<p><span class=\"font-377884\">Hier dauern die Sommerferien drei Monate von Ende Mai bis Anfang September.<\/span><\/p>\n<h3><span class=\"font-377884\">Argentinien<\/span><\/h3>\n<p><span class=\"font-377884\">Das Schuljahr endet Anfang oder Mitte Dezember und beginnt Ende Februar oder Anfang M\u00e4rz; die Grundsch\u00fcler haben zwei Monate und die Sch\u00fcler der Sekundarstufe drei Monate Pause.<\/span><\/p>\n<h3><span class=\"font-377884\">Uruguay<\/span><\/h3>\n<p><span class=\"font-377884\">Die Sommerferien beginnen Anfang Dezember und enden Anfang M\u00e4rz und dauern etwa drei Monate.<\/span><\/p>\n<h3><span class=\"font-377884\">China<\/span><\/h3>\n<p><span class=\"font-377884\">Die Sommerferien beginnen Anfang Juli und enden Anfang September; sie dauern etwa zwei Monate.<\/span><\/p>\n<h3><span class=\"font-377884\">S\u00fcdafrika<\/span><\/h3>\n<p><span class=\"font-377884\">Die Sommerferien beginnen in der Regel im Dezember und enden Mitte Januar.<\/span><\/p>\n","protected":false},"excerpt":{"rendered":"<p>Als Sommerferien bezeichnet man die Zeit zwischen den Schuljahren und den Ferien des akademischen Jahres, die je nach Land und Bezirk zwischen zwei Wochen und dreieinhalb Monaten dauern kann.<\/p>\n","protected":false},"author":9,"featured_media":229072,"comment_status":"open","ping_status":"closed","sticky":false,"template":"","format":"standard","meta":{"footnotes":""},"categories":[2258,2273,278,309,2324,1345,211],"tags":[407,2379,2377,886,2375,708,1582,442,426],"class_list":["post-229162","post","type-post","status-publish","format-standard","has-post-thumbnail","hentry","category-afrika","category-amerika","category-europa-de","category-highlights","category-tourismus","category-kuriositaeten","category-zeitschrift","tag-europa-de","tag-ferien","tag-freizeit","tag-natur","tag-saison","tag-schule","tag-schweiz","tag-tourismus","tag-universitaet"],"_links":{"self":[{"href":"https:\/\/swissfederalism.ch\/de\/wp-json\/wp\/v2\/posts\/229162","targetHints":{"allow":["GET"]}}],"collection":[{"href":"https:\/\/swissfederalism.ch\/de\/wp-json\/wp\/v2\/posts"}],"about":[{"href":"https:\/\/swissfederalism.ch\/de\/wp-json\/wp\/v2\/types\/post"}],"author":[{"embeddable":true,"href":"https:\/\/swissfederalism.ch\/de\/wp-json\/wp\/v2\/users\/9"}],"replies":[{"embeddable":true,"href":"https:\/\/swissfederalism.ch\/de\/wp-json\/wp\/v2\/comments?post=229162"}],"version-history":[{"count":2,"href":"https:\/\/swissfederalism.ch\/de\/wp-json\/wp\/v2\/posts\/229162\/revisions"}],"predecessor-version":[{"id":229164,"href":"https:\/\/swissfederalism.ch\/de\/wp-json\/wp\/v2\/posts\/229162\/revisions\/229164"}],"wp:featuredmedia":[{"embeddable":true,"href":"https:\/\/swissfederalism.ch\/de\/wp-json\/wp\/v2\/media\/229072"}],"wp:attachment":[{"href":"https:\/\/swissfederalism.ch\/de\/wp-json\/wp\/v2\/media?parent=229162"}],"wp:term":[{"taxonomy":"category","embeddable":true,"href":"https:\/\/swissfederalism.ch\/de\/wp-json\/wp\/v2\/categories?post=229162"},{"taxonomy":"post_tag","embeddable":true,"href":"https:\/\/swissfederalism.ch\/de\/wp-json\/wp\/v2\/tags?post=229162"}],"curies":[{"name":"wp","href":"https:\/\/api.w.org\/{rel}","templated":true}]}}