{"id":228053,"date":"2023-04-27T09:20:11","date_gmt":"2023-04-27T09:20:11","guid":{"rendered":"https:\/\/swissfederalism.ch\/asse-nord-sud-san-gottardo\/"},"modified":"2023-04-27T10:16:17","modified_gmt":"2023-04-27T10:16:17","slug":"st-gotthard-nord-sued-achse","status":"publish","type":"post","link":"https:\/\/swissfederalism.ch\/de\/st-gotthard-nord-sued-achse\/","title":{"rendered":"St. Gotthard Nord-S\u00fcd-Achse"},"content":{"rendered":"<h1><span class=\"font-377884\">St. Gotthard Nord-S\u00fcd-Achse<\/span><\/h1>\n<h3><span class=\"font-377884\"><em>Vor allem an den beiden Portalen des Gotthard-Autobahntunnels kommt es immer h\u00e4ufiger zu Staus mit langen Wartezeiten. Das liegt daran, dass Ferien und lange Wochenenden in den meisten F\u00e4llen nicht nur in der Schweiz beginnen oder enden, sondern auch in Deutschland und den Niederlanden, was viele Touristen dazu veranlasst, diese freien Tage in den s\u00fcdlichen Gebieten zu verbringen und diese Route zu w\u00e4hlen.<\/em><\/span><\/h3>\n<figure id=\"attachment_227994\" aria-describedby=\"caption-attachment-227994\" style=\"width: 1024px\" class=\"wp-caption aligncenter\"><a href=\"https:\/\/swissfederalism.ch\/de\/gotthardtunnel-photo-by-ato-01-cc-by-sa-3-0-via-wikimedia-commons-2\/\" rel=\"attachment wp-att-227994\"><img decoding=\"async\" class=\"size-full wp-image-227994\" src=\"https:\/\/swissfederalism.ch\/wp-content\/uploads\/2023\/04\/GotthardTunnel-Photo-by-Ato-01-CC-BY-SA-3.0-via-Wikimedia-Commons.jpg\" alt=\"GotthardTunnel Photo by Ato 01, CC BY-SA 3.0, via Wikimedia Commons\" width=\"1024\" height=\"687\" srcset=\"https:\/\/swissfederalism.ch\/wp-content\/uploads\/2023\/04\/GotthardTunnel-Photo-by-Ato-01-CC-BY-SA-3.0-via-Wikimedia-Commons.jpg 1024w, https:\/\/swissfederalism.ch\/wp-content\/uploads\/2023\/04\/GotthardTunnel-Photo-by-Ato-01-CC-BY-SA-3.0-via-Wikimedia-Commons-300x201.jpg 300w, https:\/\/swissfederalism.ch\/wp-content\/uploads\/2023\/04\/GotthardTunnel-Photo-by-Ato-01-CC-BY-SA-3.0-via-Wikimedia-Commons-768x515.jpg 768w, https:\/\/swissfederalism.ch\/wp-content\/uploads\/2023\/04\/GotthardTunnel-Photo-by-Ato-01-CC-BY-SA-3.0-via-Wikimedia-Commons-350x235.jpg 350w\" sizes=\"(max-width: 1024px) 100vw, 1024px\" \/><\/a><figcaption id=\"caption-attachment-227994\" class=\"wp-caption-text\"><span class=\"font-377884\">Gotthard Tunnel Photo by Ato 01, CC BY-SA 3.0, via Wikimedia Commons<\/span><\/figcaption><\/figure>\n<p><span class=\"font-377884\">Der <strong>St. Gotthard-Autobahntunnel<\/strong> ist eine wichtige Schweizer Verbindung zwischen den Orten <strong>G\u00f6schenen<\/strong> (Kanton Uri) und <strong>Airolo<\/strong> (Kanton Tessin) und wurde am 5. September 1980 er\u00f6ffnet. Bei seiner Er\u00f6ffnung war er mit 16,942 Kilometern der l\u00e4ngste Stra\u00dfentunnel der Welt, ein Rekord, der sp\u00e4ter im Jahr 2000 vom 24,51 Kilometer langen <strong>L\u00e6rdal-Tunnel<\/strong> in Norwegen \u00fcbertroffen wurde, der wiederum seinen Rekord dem ebenfalls in Norwegen gelegenen und noch im Bau befindlichen <strong>Rogfast-Tunnel<\/strong> \u00fcberlassen muss, der 27 Kilometer lang sein und rund 392 Meter unter dem Meeresspiegel liegen wird und dessen Er\u00f6ffnung f\u00fcr 2026 geplant ist.<\/span><\/p>\n<p><span class=\"font-377884\">In einer Volksabstimmung am 28. Februar 2016 sprachen sich 57 Prozent der Schweizerinnen und Schweizer f\u00fcr einen zweiten Stra\u00dfentunnel aus. Der Bau der zweiten Gotthardr\u00f6hre ist somit ein Auftrag des Schweizer Stimmvolkes an das Bundesamt f\u00fcr Strassen ASTRA.<\/span><\/p>\n<p><span class=\"font-377884\">Der Bau der zweiten R\u00f6hre ist derzeit im Gange und soll im Jahr 2029 er\u00f6ffnet werden, worauf die Schlie\u00dfung und anschlie\u00dfende Sanierung des derzeit genutzten &#8222;<em>alten Tunnels<\/em>&#8220; folgen wird. Ab 2032 ist geplant, beide Tunnel mit je einer Fahrspur pro Fahrtrichtung zu nutzen, so dass <strong>die Verkehrskapazit\u00e4t durch den Gotthard unver\u00e4ndert bleibt, die Sicherheit aber durch die Trennung der Verkehrsstr\u00f6me erh\u00f6ht wird.<\/strong><\/span><\/p>\n<p><iframe title=\"A2 secondo tubo San Gottardo - I fatti pi\u00f9 importanti\" width=\"840\" height=\"473\" src=\"https:\/\/www.youtube.com\/embed\/lMP_q3G3sSo?feature=oembed&#038;width=840&#038;height=1000&#038;discover=1\" frameborder=\"0\" allow=\"accelerometer; autoplay; clipboard-write; encrypted-media; gyroscope; picture-in-picture; web-share\" allowfullscreen><\/iframe><\/p>\n<h2><span class=\"font-377884\">Mehr Verkehr und Zukunftsstrategien<\/span><\/h2>\n<p><span class=\"font-377884\">In der Zeit nach der Pandemie von Covid 19 kam es zu mehreren auff\u00e4lligen Zwischenf\u00e4llen mit Staus von mehr als 20 km L\u00e4nge und anstrengenden Wartezeiten.<\/span><\/p>\n<p><span class=\"font-377884\">Da viele Fahrzeuge, um die Staus auf der A2 zu umgehen, auf die Kantonsstrasse ausweichen, wird auch der lokale Verkehr erschwert, was zu Unannehmlichkeiten f\u00fcr die Anwohner f\u00fchrt.<\/span><\/p>\n<p><span class=\"font-377884\">Der Urner Kantonsrat hat eine Motion verabschiedet, die die Einf\u00fchrung eines digitalen Reservationssystems f\u00fcr die Durchfahrt des Autobahntunnels fordert, was aber nicht bei allen auf Gegenliebe st\u00f6sst, da es zu weiteren Komplikationen und Unannehmlichkeiten f\u00fchren w\u00fcrde.<\/span><\/p>\n<p><span class=\"font-377884\">Nationalr\u00e4tin Corina Gredig (Gr\u00fcne\/ZH) forderte die Einf\u00fchrung einer Maut von rund 20 Franken (40 Franken f\u00fcr Hin- und R\u00fcckfahrt), von der die Anwohner und Unternehmen in den Kantonen Uri und Tessin befreit w\u00e4ren.<\/span><\/p>\n<p>&nbsp;<\/p>\n<figure id=\"attachment_228039\" aria-describedby=\"caption-attachment-228039\" style=\"width: 512px\" class=\"wp-caption aligncenter\"><a href=\"https:\/\/swissfederalism.ch\/wp-content\/uploads\/2023\/04\/E35-Route-Amsterdam-Roma-Photo-by-Thoron-CC-BY-SA-3.0-via-Wikimedia-Commons.png\"><img decoding=\"async\" class=\"size-full wp-image-228039\" src=\"https:\/\/swissfederalism.ch\/wp-content\/uploads\/2023\/04\/E35-Route-Amsterdam-Roma-Photo-by-Thoron-CC-BY-SA-3.0-via-Wikimedia-Commons.png\" alt=\"E35 Route Amsterdam - Roma Photo by Thoron, CC BY-SA 3.0, via Wikimedia Commons\" width=\"512\" height=\"548\" srcset=\"https:\/\/swissfederalism.ch\/wp-content\/uploads\/2023\/04\/E35-Route-Amsterdam-Roma-Photo-by-Thoron-CC-BY-SA-3.0-via-Wikimedia-Commons.png 512w, https:\/\/swissfederalism.ch\/wp-content\/uploads\/2023\/04\/E35-Route-Amsterdam-Roma-Photo-by-Thoron-CC-BY-SA-3.0-via-Wikimedia-Commons-280x300.png 280w, https:\/\/swissfederalism.ch\/wp-content\/uploads\/2023\/04\/E35-Route-Amsterdam-Roma-Photo-by-Thoron-CC-BY-SA-3.0-via-Wikimedia-Commons-350x375.png 350w\" sizes=\"(max-width: 512px) 100vw, 512px\" \/><\/a><figcaption id=\"caption-attachment-228039\" class=\"wp-caption-text\"><span class=\"font-377884\">E35 Route Amsterdam &#8211; Roma Photo by Thoron, CC BY-SA 3.0, via Wikimedia Commons<\/span><\/figcaption><\/figure>\n<h2><span class=\"font-377884\">Autobahn A2 Basel-Chiasso<\/span><\/h2>\n<p><span class=\"font-377884\">Die A2 ist Teil der <strong>Europastra\u00dfe E35,<\/strong> die von <strong>Amsterdam<\/strong> in den Niederlanden \u00fcber Deutschland und die Schweiz nach <strong>Rom<\/strong> in Italien f\u00fchrt und eine wichtige Transitstrecke zwischen Nord- und S\u00fcdeuropa f\u00fcr Reisende und G\u00fctertransporteure darstellt.<\/span><\/p>\n<p><span class=\"font-377884\"><strong><a href=\"https:\/\/swissfederalism.ch\/de\/bruecke-stuttgart-degerloch-belohnt\/\">Pionierarbeit der Br\u00fccke Stuttgart-Degerloch belohnt<\/a><\/strong><\/span><\/p>\n<p><span class=\"font-377884\"><strong><a href=\"https:\/\/swissfederalism.ch\/de\/auf-dem-weg-zum-klimaneutralen-strassenverkehr\/\">Auf dem Weg zum klimaneutralen Strassenverkehr<\/a><\/strong><\/span><\/p>\n<p><span class=\"font-377884\"><a href=\"https:\/\/swissfederalism.ch\/de\/lauro-tradition-innovation\/\"><strong>Lauro, eine Meeres-Dynastie zwischen Tradition und Innovation<\/strong><\/a><\/span><\/p>\n<h2><span class=\"font-377884\">M\u00f6gliche Alternativen<\/span><\/h2>\n<p><span class=\"font-377884\">In verkehrsreichen Zeiten, vor allem w\u00e4hrend der Ferien oder auf Br\u00fccken, kommt es immer h\u00e4ufiger zu langen Warteschlangen mit anstrengenden Wartezeiten von mehr als 2 Stunden, um den Gotthard zu \u00fcberqueren.<\/span><\/p>\n<p><span class=\"font-377884\">Der Zug kann eine Alternative f\u00fcr die \u00dcberquerung des Gotthards sein, insbesondere nach der Er\u00f6ffnung des <strong>Gotthard-Basistunnels<\/strong>, der am 1. Juni eingeweiht wurde. 2016 er\u00f6ffnete Gotthard-Basistunnel, der die Schweizer St\u00e4dte <strong>Erstfeld<\/strong> (Kanton Uri) und <strong>Bodio<\/strong> (Kanton Tessin) auf einer L\u00e4nge von 57 km verbindet (er ist derzeit der l\u00e4ngste und tiefste Eisenbahntunnel der Welt). Personenz\u00fcge k\u00f6nnen nun mit einer Geschwindigkeit von 200 km\/h fahren und gleichzeitig die Reisezeit verk\u00fcrzen. Am 1. September. 2020 wurde auch der Monte-Ceneri-Tunnel er\u00f6ffnet, der zusammen mit dem Gotthardtunnel die Reisezeit zwischen Z\u00fcrich (Schweiz) und Mailand (Italien) um 60 Minuten verk\u00fcrzt.<\/span><\/p>\n<p><span class=\"font-377884\"><strong><a href=\"https:\/\/swissfederalism.ch\/de\/gotthard-basistunnel-mehr-passagiere-und-mehr-dynamik\/\">Gotthard-Basistunnel: Mehr Passagiere und mehr Dynamik<\/a><\/strong><\/span><\/p>\n<figure id=\"attachment_228006\" aria-describedby=\"caption-attachment-228006\" style=\"width: 1024px\" class=\"wp-caption aligncenter\"><a href=\"https:\/\/swissfederalism.ch\/de\/gotthardstrasse_galerie-photo-by-upload-by-adrian-michael-cc-by-sa-3-0-via-wikimedia-commons-3-2\/\" rel=\"attachment wp-att-228006\"><img decoding=\"async\" class=\"size-full wp-image-228006\" src=\"https:\/\/swissfederalism.ch\/wp-content\/uploads\/2023\/04\/Gotthardstrasse_Galerie-Photo-by-upload-by-Adrian-Michael-CC-BY-SA-3.0-via-Wikimedia-Commons-2.jpg\" alt=\"Gotthardpass Photo by upload by Adrian Michael, CC BY-SA 3.0, via Wikimedia Commons\" width=\"1024\" height=\"768\" srcset=\"https:\/\/swissfederalism.ch\/wp-content\/uploads\/2023\/04\/Gotthardstrasse_Galerie-Photo-by-upload-by-Adrian-Michael-CC-BY-SA-3.0-via-Wikimedia-Commons-2.jpg 1024w, https:\/\/swissfederalism.ch\/wp-content\/uploads\/2023\/04\/Gotthardstrasse_Galerie-Photo-by-upload-by-Adrian-Michael-CC-BY-SA-3.0-via-Wikimedia-Commons-2-300x225.jpg 300w, https:\/\/swissfederalism.ch\/wp-content\/uploads\/2023\/04\/Gotthardstrasse_Galerie-Photo-by-upload-by-Adrian-Michael-CC-BY-SA-3.0-via-Wikimedia-Commons-2-768x576.jpg 768w, https:\/\/swissfederalism.ch\/wp-content\/uploads\/2023\/04\/Gotthardstrasse_Galerie-Photo-by-upload-by-Adrian-Michael-CC-BY-SA-3.0-via-Wikimedia-Commons-2-350x263.jpg 350w\" sizes=\"(max-width: 1024px) 100vw, 1024px\" \/><\/a><figcaption id=\"caption-attachment-228006\" class=\"wp-caption-text\"><span class=\"font-377884\">Gotthardpass Photo by upload by Adrian Michael, CC BY-SA 3.0, via Wikimedia Commons<\/span><\/figcaption><\/figure>\n<p class=\"preFade fadeIn\"><span class=\"font-377884\">In den Sommermonaten ist es auch m\u00f6glich, den <strong>Gotthardpass<\/strong> zu \u00fcberqueren. Er ist einer der wichtigsten Alpenp\u00e4sse, liegt auf 2108 m H\u00f6he zwischen <strong>Andermatt<\/strong> (Uri) und <strong>Airolo<\/strong> (Tessin), hat eine Steigung von bis zu 10 Prozent und ist <strong>von Juni bis November ge\u00f6ffnet<\/strong>. In der R\u00f6merzeit konnte der Gotthard nur zu Fuss oder mit Maultieren \u00fcberquert werden. Wegen der Unwegsamkeit des Weges w\u00e4hlten die Reisenden andere Routen, obwohl er der k\u00fcrzeste Transitweg war. Im 13. Jahrhundert bauten die Walser die erste Br\u00fccke in der Sch\u00f6llenenschlucht, die sogenannte Teufelsbr\u00fccke und die Tw\u00e4rrenbr\u00fccke, um die Reuss zu \u00fcberqueren. Damit erlangte der Pass europ\u00e4ische Bedeutung, wovon auch in den Annales Stradenses die Rede ist, dem Reisef\u00fchrer f\u00fcr Pilger, die nach Rom oder ins Heilige Land wollten. Dieser Weg war im Wesentlichen ein Saumpfad, der bis fast zu Beginn des 19. Jahrhunderts den Transport von G\u00fctern ausschlie\u00dflich mit Maultieren erlaubte und auch als &#8222;<em>Weg des Volkes<\/em>&#8220; bezeichnet wurde, da er f\u00fcr Menschen sehr bequem war, f\u00fcr G\u00fcter jedoch weit weniger. Erst im 19. Jahrhundert, als eine richtige Stra\u00dfe gebaut wurde, machte diese Infrastruktur einen bedeutenden Sprung nach vorn, wodurch sich die Reisezeit erheblich verk\u00fcrzte.<\/span><\/p>\n<figure id=\"attachment_228032\" aria-describedby=\"caption-attachment-228032\" style=\"width: 1024px\" class=\"wp-caption aligncenter\"><a href=\"https:\/\/swissfederalism.ch\/wp-content\/uploads\/2023\/04\/San_Bernardino_Eingang_Nord-Photo-by-Adrian-Michael-CC-BY-SA-3.0-via-Wikimedia-Commons-4.jpg\"><img decoding=\"async\" class=\"size-full wp-image-228032\" src=\"https:\/\/swissfederalism.ch\/wp-content\/uploads\/2023\/04\/San_Bernardino_Eingang_Nord-Photo-by-Adrian-Michael-CC-BY-SA-3.0-via-Wikimedia-Commons-4.jpg\" alt=\"San BernardinoTunnel Photo by Adrian Michael, CC BY-SA 3.0, via Wikimedia Commons\" width=\"1024\" height=\"780\" srcset=\"https:\/\/swissfederalism.ch\/wp-content\/uploads\/2023\/04\/San_Bernardino_Eingang_Nord-Photo-by-Adrian-Michael-CC-BY-SA-3.0-via-Wikimedia-Commons-4.jpg 1024w, https:\/\/swissfederalism.ch\/wp-content\/uploads\/2023\/04\/San_Bernardino_Eingang_Nord-Photo-by-Adrian-Michael-CC-BY-SA-3.0-via-Wikimedia-Commons-4-300x229.jpg 300w, https:\/\/swissfederalism.ch\/wp-content\/uploads\/2023\/04\/San_Bernardino_Eingang_Nord-Photo-by-Adrian-Michael-CC-BY-SA-3.0-via-Wikimedia-Commons-4-768x585.jpg 768w, https:\/\/swissfederalism.ch\/wp-content\/uploads\/2023\/04\/San_Bernardino_Eingang_Nord-Photo-by-Adrian-Michael-CC-BY-SA-3.0-via-Wikimedia-Commons-4-350x267.jpg 350w\" sizes=\"(max-width: 1024px) 100vw, 1024px\" \/><\/a><figcaption id=\"caption-attachment-228032\" class=\"wp-caption-text\"><span class=\"font-377884\">San Bernardino Tunnel Photo by Adrian Michael, CC BY-SA 3.0, via Wikimedia Commons<\/span><\/figcaption><\/figure>\n<p><span class=\"font-377884\">In den verkehrsreichsten Zeiten entscheiden sich viele Menschen f\u00fcr die <strong>San Bernardino A13<\/strong> (diese Stra\u00dfe wird auch von den Schweizer Beh\u00f6rden h\u00e4ufig als Alternative zur A2 bei starkem Verkehr oder au\u00dferordentlichen Sperrungen aufgrund von Arbeiten oder Unf\u00e4llen genannt). Der <strong>San Bernardino-Tunnel<\/strong> verbindet die D\u00f6rfer <strong>Hinterrhein<\/strong> und <strong>San Bernardino<\/strong> im Kanton Graub\u00fcnden und wurde am 1. Dezember 1967 er\u00f6ffnet. 1967. Da damals noch nicht mit einem sehr hohen Verkehrsaufkommen gerechnet wurde, sind die Fahrspuren im Tunnel eher schmal und die Autobahn weist in vielen Gegenverkehrsabschnitten Steigungen von bis zu 8 Prozent und viele sehr enge Kehren auf, so dass sie f\u00fcr den Schwerverkehr ungeeignet ist.<\/span><\/p>\n<p><span class=\"font-377884\">In den Sommermonaten kann man auch den<strong> San-Bernardino-Pass<\/strong> \u00fcberqueren. Dieser Pass erlangte ab dem 15. Jahrhundert als Saumpfad europ\u00e4ische Bedeutung, und im 19. Jahrhundert wurde eine Stra\u00dfe f\u00fcr Radfahrzeuge er\u00f6ffnet, die zum Teil vom K\u00f6nigreich Sardinien (heute Italien) finanziert wurde, das den Handelsweg zwischen Genua und Piemont nach Graub\u00fcnden verbessern wollte, ohne \u00d6sterreich zu passieren. Der San-Bernardino-Pass liegt auf einer H\u00f6he von 2065 m, hat ein Gef\u00e4lle von bis zu 12 Prozent und ist<strong> von Mai bis Oktober ge\u00f6ffnet.<\/strong><\/span><\/p>\n","protected":false},"excerpt":{"rendered":"<p>Vor allem an den beiden Portalen des Gotthard-Autobahntunnels kommt es immer h\u00e4ufiger zu Staus mit langen Wartezeiten. Das liegt daran, dass Ferien und lange Wochenenden in den meisten F\u00e4llen nicht nur in der Schweiz beginnen oder enden, sondern auch in Deutschland und den Niederlanden, was viele Touristen dazu veranlasst, diese freien Tage in den s\u00fcdlichen Gebieten zu verbringen und diese Route zu w\u00e4hlen.<\/p>\n","protected":false},"author":9,"featured_media":227997,"comment_status":"open","ping_status":"closed","sticky":false,"template":"","format":"standard","meta":{"footnotes":""},"categories":[309,322,342,337,295,211],"tags":[407,400,2359,422,889,1582,668],"class_list":["post-228053","post","type-post","status-publish","format-standard","has-post-thumbnail","hentry","category-highlights","category-kanton-graubunden","category-kanton-tessin","category-kanton-uri","category-schweiz","category-zeitschrift","tag-europa-de","tag-geschichte-europas","tag-itinerario-de","tag-nachhaltigkeit","tag-schweiz-3","tag-schweiz","tag-sicherheit"],"_links":{"self":[{"href":"https:\/\/swissfederalism.ch\/de\/wp-json\/wp\/v2\/posts\/228053","targetHints":{"allow":["GET"]}}],"collection":[{"href":"https:\/\/swissfederalism.ch\/de\/wp-json\/wp\/v2\/posts"}],"about":[{"href":"https:\/\/swissfederalism.ch\/de\/wp-json\/wp\/v2\/types\/post"}],"author":[{"embeddable":true,"href":"https:\/\/swissfederalism.ch\/de\/wp-json\/wp\/v2\/users\/9"}],"replies":[{"embeddable":true,"href":"https:\/\/swissfederalism.ch\/de\/wp-json\/wp\/v2\/comments?post=228053"}],"version-history":[{"count":2,"href":"https:\/\/swissfederalism.ch\/de\/wp-json\/wp\/v2\/posts\/228053\/revisions"}],"predecessor-version":[{"id":228055,"href":"https:\/\/swissfederalism.ch\/de\/wp-json\/wp\/v2\/posts\/228053\/revisions\/228055"}],"wp:featuredmedia":[{"embeddable":true,"href":"https:\/\/swissfederalism.ch\/de\/wp-json\/wp\/v2\/media\/227997"}],"wp:attachment":[{"href":"https:\/\/swissfederalism.ch\/de\/wp-json\/wp\/v2\/media?parent=228053"}],"wp:term":[{"taxonomy":"category","embeddable":true,"href":"https:\/\/swissfederalism.ch\/de\/wp-json\/wp\/v2\/categories?post=228053"},{"taxonomy":"post_tag","embeddable":true,"href":"https:\/\/swissfederalism.ch\/de\/wp-json\/wp\/v2\/tags?post=228053"}],"curies":[{"name":"wp","href":"https:\/\/api.w.org\/{rel}","templated":true}]}}