{"id":227642,"date":"2023-03-28T17:00:41","date_gmt":"2023-03-28T17:00:41","guid":{"rendered":"https:\/\/swissfederalism.ch\/?p=227642"},"modified":"2023-03-28T17:28:19","modified_gmt":"2023-03-28T17:28:19","slug":"100-jahre-zollvertrag-schweiz-liechtenstein","status":"publish","type":"post","link":"https:\/\/swissfederalism.ch\/de\/100-jahre-zollvertrag-schweiz-liechtenstein\/","title":{"rendered":"100 Jahre Zollvertrag Schweiz\u2013Liechtenstein"},"content":{"rendered":"<h1><span class=\"font-377884\">100 Jahre Zollvertrag Schweiz\u2013Liechtenstein<\/span><\/h1>\n<h3><span class=\"font-377884\"><em>Am 29. M\u00e4rz 1923 unterzeichneten Liechtenstein und die Schweiz den Vertrag \u00fcber den Anschluss des F\u00fcrstentums Liechtenstein an das schweizerische Zollgebiet, das damit ab dem 1. Januar 1924 zu einem gemeinsamen Wirtschaftsraum wurde.<\/em><\/span><\/h3>\n<figure id=\"attachment_227655\" aria-describedby=\"caption-attachment-227655\" style=\"width: 840px\" class=\"wp-caption aligncenter\"><a href=\"https:\/\/swissfederalism.ch\/de\/100-jahre-zollvertrag-schweiz-liechtenstein\/maximumkarte-mit-einzelbriefmare-sujet-liechtenstein\/\" rel=\"attachment wp-att-227655\"><img decoding=\"async\" class=\"size-large wp-image-227655\" src=\"https:\/\/swissfederalism.ch\/wp-content\/uploads\/2023\/03\/Maximumkarte-mit-Einzelbriefmare-Sujet-Liechtenstein-1024x726.jpeg\" alt=\"Maximumkarte mit Einzelbriefmare (Sujet Liechtenstein) Image by zollvertrag.li\" width=\"840\" height=\"596\" srcset=\"https:\/\/swissfederalism.ch\/wp-content\/uploads\/2023\/03\/Maximumkarte-mit-Einzelbriefmare-Sujet-Liechtenstein-1024x726.jpeg 1024w, https:\/\/swissfederalism.ch\/wp-content\/uploads\/2023\/03\/Maximumkarte-mit-Einzelbriefmare-Sujet-Liechtenstein-300x213.jpeg 300w, https:\/\/swissfederalism.ch\/wp-content\/uploads\/2023\/03\/Maximumkarte-mit-Einzelbriefmare-Sujet-Liechtenstein-768x545.jpeg 768w, https:\/\/swissfederalism.ch\/wp-content\/uploads\/2023\/03\/Maximumkarte-mit-Einzelbriefmare-Sujet-Liechtenstein-1536x1090.jpeg 1536w, https:\/\/swissfederalism.ch\/wp-content\/uploads\/2023\/03\/Maximumkarte-mit-Einzelbriefmare-Sujet-Liechtenstein-2048x1453.jpeg 2048w, https:\/\/swissfederalism.ch\/wp-content\/uploads\/2023\/03\/Maximumkarte-mit-Einzelbriefmare-Sujet-Liechtenstein-350x248.jpeg 350w, https:\/\/swissfederalism.ch\/wp-content\/uploads\/2023\/03\/Maximumkarte-mit-Einzelbriefmare-Sujet-Liechtenstein-scaled.jpeg 2560w\" sizes=\"(max-width: 840px) 100vw, 840px\" \/><\/a><figcaption id=\"caption-attachment-227655\" class=\"wp-caption-text\"><span class=\"font-377884\">Maximumkarte mit Einzelbriefmare (Sujet Liechtenstein) Image by zollvertrag.li<\/span><\/figcaption><\/figure>\n<h2><span class=\"font-377884\">Der Zollvertrag in K\u00fcrze<\/span><\/h2>\n<p><span class=\"font-377884\">Der schweizerisch-liechtensteinische Zollvertrag wurde am <strong>29. M\u00e4rz 1923<\/strong> unterzeichnet. Mit seinem Abschluss verzichtete Liechtenstein auf einen Teil seiner Souver\u00e4nit\u00e4t: D.h. alle damit zusammenh\u00e4ngenden schweizerischen Gesetze sollten von Liechtenstein \u00fcbernommen werden, wie z.B. die Seuchenbek\u00e4mpfung, die Festlegung der Feiertage oder die \u00dcbernahme der schweizerischen Fabrikgesetzgebung.<\/span><\/p>\n<p><span class=\"font-377884\"><span dir=\"ltr\" role=\"presentation\">Liechtenstein<\/span> <span dir=\"ltr\" role=\"presentation\">war<\/span> <span dir=\"ltr\" role=\"presentation\">fortan<\/span> <span dir=\"ltr\" role=\"presentation\">dazu<\/span> <span dir=\"ltr\" role=\"presentation\">verpflichtet,<\/span> <span dir=\"ltr\" role=\"presentation\">die<\/span> <span dir=\"ltr\" role=\"presentation\">zollrelevante<\/span> <span dir=\"ltr\" role=\"presentation\">schweizerische Gesetzgebung zu \u00fcbernehmen und<\/span> <span dir=\"ltr\" role=\"presentation\">verzichtete damit auf einen Teil seiner Souver\u00e4nit\u00e4t.<\/span> <span dir=\"ltr\" role=\"presentation\">Die von der Schweiz mit Drittstaaten abgeschlosse<\/span><span dir=\"ltr\" role=\"presentation\">nen Handels- und Zollvertr\u00e4ge gelten seither auch <\/span><span dir=\"ltr\" role=\"presentation\">f\u00fcr Liechtenstein.<\/span> Die fremdenpolizeilichen Grenzkontrollen an den Rheinbr\u00fccken wurden abgeschafft und Liechtenstein wendet das schweizerische Fremdenpolizeigesetz an. Mit dem Inkrafttreten des Zollvertrags wurde Liechtenstein durch die schweizerische Aussenwirtschaftspolitik in die Weltwirtschaft integriert. Die \u00d6ffnung der Grenzen f\u00fcr Rohstoffe, Waren und Personen schuf f\u00fcr Liechtenstein g\u00fcnstige Voraussetzungen f\u00fcr den raschen wirtschaftlichen Aufschwung der Nachkriegszeit. Auch die Einnahmen aus dem mit der Schweiz vereinbarten Pauschalzoll trugen in der Zwischenkriegszeit wesentlich zum liechtensteinischen Staatshaushalt bei. Von 1924 bis 1940 stammte durchschnittlich rund ein Viertel der Staatseinnahmen aus dem Pauschalzoll. Im Jahr 1951 wurde die Pauschalierung auf eine proportionale Berechnung des Betrages umgestellt, was in den folgenden Jahren zu einer weiteren Steigerung der liechtensteinischen Zolleinnahmen f\u00fchrte.<\/span><\/p>\n<p><span class=\"font-377884\">1924 wurde auch die gesetzliche Grundlage f\u00fcr die Einf\u00fchrung des Schweizer Frankens in Liechtenstein geschaffen, der bereits im Alltag verwendet wurde und seit 1917 als Parallelw\u00e4hrung zur \u00f6sterreichischen Krone galt. Nicht nur Privatpersonen, sondern auch der Staat war bereits vor 1924 auf den Schweizer Franken umgestiegen, da z.B. alle \u00f6ffentlichen Abgaben an den Staat seit 1920 in Franken zu entrichten waren. Auch die Volkswirtschaftliche Gesamtrechnung wurde ab 1922 nur noch in Schweizer Franken gef\u00fchrt, doch ein W\u00e4hrungsvertrag mit der Schweiz, der die Verwendung des Schweizer Frankens in Liechtenstein auf vertraglicher Basis vorsah, lag zum Zeitpunkt des Inkrafttretens des Zollvertrags noch nicht auf dem Tisch und wurde erst 1981 abgeschlossen.<\/span><\/p>\n<p><span class=\"font-377884\">Der Zollvertrag war in den letzten 100 Jahren einer der Schl\u00fcsselfaktoren f\u00fcr die positive Entwicklung der liechtensteinischen Wirtschaft und stellt nach wie vor einen wichtigen Standortvorteil f\u00fcr die inl\u00e4ndischen Unternehmen dar. Auf der Grundlage des Zollvertrags ist Liechtenstein verpflichtet, das schweizerische Zollrecht zu \u00fcbernehmen; gleichzeitig gelten seither alle von der Schweiz mit Drittstaaten abgeschlossenen Handels- und Zollvertr\u00e4ge auch f\u00fcr Liechtenstein. &#8222;Der Zollvertrag schuf eine solide Grundlage f\u00fcr die Beziehungen zwischen Liechtenstein und der Schweiz, die heute viele Lebensbereiche betreffen und beide L\u00e4nder verbinden&#8220;, sagte Regierungschef-Stellvertreterin Sabine Monauni anl\u00e4sslich der Medienorientierung am 6. M\u00e4rz 2023 in Vaduz. Um dieser engen Verbindung mit der Schweiz zu gedenken und sie zu ehren, sind in diesem Jahr, 100 Jahre nach der Unterzeichnung, mehrere Veranstaltungen in Liechtenstein und der Schweiz geplant. &#8222;Wir haben ein vielf\u00e4ltiges Programm zusammengestellt, das dem historischen Kontext, den wirtschaftlichen Anliegen und vor allem der Freundschaft mit der Schweiz gerecht wird&#8220;, sagt Regierungsrat Dominique Hasler.<\/span><\/p>\n<h3><span class=\"font-377884\"><a href=\"https:\/\/swissfederalism.ch\/wp-content\/uploads\/2023\/03\/100-Jahre-Zollvertrag-Broschuere.pdf\" rel=\"attachment wp-att-227659\">100-Jahre-Zollvertrag-Broschuere <\/a><\/span><\/h3>\n<h2><span class=\"font-377884\">Kurzer Clip 100 Jahre Zollvertrag<\/span><\/h2>\n<p><iframe title=\"100 Zollvertrag - 100 Custom contract (in german)\" width=\"840\" height=\"473\" src=\"https:\/\/www.youtube.com\/embed\/8VWUfguB4FM?feature=oembed&#038;width=840&#038;height=1000&#038;discover=1\" frameborder=\"0\" allow=\"accelerometer; autoplay; clipboard-write; encrypted-media; gyroscope; picture-in-picture; web-share\" allowfullscreen><\/iframe><\/p>\n<h2><span class=\"font-377884\">Offizieller Gala-Abend und ein Fest f\u00fcr die Bev\u00f6lkerung<\/span><\/h2>\n<p><span class=\"font-377884\">Am <strong>29. M\u00e4rz 2023<\/strong> findet im SAL in Schaan f\u00fcr geladene G\u00e4ste ein Gala-Abend statt. Zu diesem sind hochrangige Vertreterinnen und Vertreter aus Liechtenstein sowie der Schweiz eingeladen, um gemeinsam das 100-Jahre-Jubil\u00e4um zu begehen.<\/span><\/p>\n<p><span class=\"font-377884\">Am 29. April 2023 feiert die liechtensteinische und schweizerische Bev\u00f6lkerung ab 11 Uhr ein grenz\u00fcberschreitendes Fest rund um die <strong>Alte Rheinbr\u00fccke Vaduz-Sevelen<\/strong>. Neben dem feierlichen Einzug von Delegationen aus St. Gallen, Graub\u00fcnden und Liechtenstein sowie unterschiedlichen Ansprachen wird es an diesem Tag ein abwechslungsreiches Programm unter anderem mit sogenannten Wirtschafts- und Politikstammtischen geben. Auf der Alten Rheinbr\u00fccke wird zudem mit diversen, gemeinsam von Kunstschaffenden aus der Schweiz und Liechtenstein konzeptionierten Kunstwerken ein Zeichen f\u00fcr die kulturelle Zusammengeh\u00f6rigkeit beider Staaten gesetzt.<\/span><\/p>\n<h2><span class=\"font-377884\">Einblicke in die Geschichte des Zollvertrags<\/span><\/h2>\n<p><span class=\"font-377884\">Das Liechtenstein-Institut und der Historische Verein f\u00fcr das F\u00fcrstentum Liechtenstein veranstalten seit Anfang des Jahres aus Anlass des Jubil\u00e4ums der Unterzeichnung des Zollvertrages eine vierteilige Vortragsreihe. Am 6. M\u00e4rz 2023 findet der Vortrag <em><strong>&#8222;Eines Tages sind wir Schweizer: Die zeitgen\u00f6ssische Frage nach einer liechtensteinischen nationalen Identit\u00e4t rund um den Zollvertrag 1923&#8220;<\/strong><\/em> statt. Der vierte und letzte Vortrag der Reihe steht unter dem Titel <strong><em>&#8222;100 Jahre Zollvertrag &#8211; 100 Jahre Beziehungsgeschichte&#8220;<\/em> <\/strong>am 20. M\u00e4rz 2023.<\/span><\/p>\n<h2><span class=\"font-377884\">Kulturelle H\u00f6hepunkte im Jubil\u00e4umsjahr<\/span><\/h2>\n<p><span class=\"font-377884\">Das Liechtensteinische LandesMuseum in Vaduz und das Schweizerische Zollmuseum in Gandria\/TI begehen das 100-Jahr-Jubil\u00e4um mit einer gemeinsamen Ausstellung. Beide Museen zeigen w\u00e4hrend der n\u00e4chsten Monate nicht nur die Hintergr\u00fcnde und die Geschichte des Zollvertrags auf, sie veranschaulicht dar\u00fcber hinaus auch weitere Aspekte der schweizerisch-liechtensteinischen Beziehungen aus den Bereichen Politik, Gesellschaft und Sport.<\/span><\/p>\n<p><span class=\"font-377884\">Das Liechtensteinische PostMuseum bietet vom 9. M\u00e4rz bis 10. September 2023 die Ausstellung <strong><em>&#8222;Die Beziehung Liechtenstein-Schweiz philatelistisch erz\u00e4hlt&#8220;<\/em><\/strong> an. Die Philatelie Liechtenstein und die Schweizerische Post feiern das Jubil\u00e4um mit einer Gemeinschaftsausgabe. Am 29. M\u00e4rz 2023 haben Sammlerinnen und Sammler die M\u00f6glichkeit, im Liechtenstein Center in Vaduz einen Ersttagsstempel vor Ort zu erhalten.<\/span><\/p>\n<p><span class=\"font-377884\"><a href=\"https:\/\/swissfederalism.ch\/de\/ausgezeichnete-bilaterale-beziehungen-schweiz-liechtenstein\/\"><strong>Ausgezeichnete bilaterale Beziehungen zwischen der Schweiz und Liechtenstein<\/strong><\/a><\/span><\/p>\n<figure id=\"attachment_227647\" aria-describedby=\"caption-attachment-227647\" style=\"width: 840px\" class=\"wp-caption aligncenter\"><a href=\"https:\/\/swissfederalism.ch\/de\/100-jahre-zollvertrag-schweiz-liechtenstein\/233286_panorama_rheintal_plattaspitz_kennyvogt\/\" rel=\"attachment wp-att-227647\"><img decoding=\"async\" class=\"size-large wp-image-227647\" src=\"https:\/\/swissfederalism.ch\/wp-content\/uploads\/2023\/03\/233286_Panorama_Rheintal_Plattaspitz_KennyVogt-1024x768.jpg\" alt=\"Panorama_Rheintal_Plattaspitz_KennyVogt\" width=\"840\" height=\"630\" srcset=\"https:\/\/swissfederalism.ch\/wp-content\/uploads\/2023\/03\/233286_Panorama_Rheintal_Plattaspitz_KennyVogt-1024x768.jpg 1024w, https:\/\/swissfederalism.ch\/wp-content\/uploads\/2023\/03\/233286_Panorama_Rheintal_Plattaspitz_KennyVogt-300x225.jpg 300w, https:\/\/swissfederalism.ch\/wp-content\/uploads\/2023\/03\/233286_Panorama_Rheintal_Plattaspitz_KennyVogt-768x576.jpg 768w, https:\/\/swissfederalism.ch\/wp-content\/uploads\/2023\/03\/233286_Panorama_Rheintal_Plattaspitz_KennyVogt-1536x1152.jpg 1536w, https:\/\/swissfederalism.ch\/wp-content\/uploads\/2023\/03\/233286_Panorama_Rheintal_Plattaspitz_KennyVogt-2048x1536.jpg 2048w, https:\/\/swissfederalism.ch\/wp-content\/uploads\/2023\/03\/233286_Panorama_Rheintal_Plattaspitz_KennyVogt-350x263.jpg 350w, https:\/\/swissfederalism.ch\/wp-content\/uploads\/2023\/03\/233286_Panorama_Rheintal_Plattaspitz_KennyVogt-scaled.jpg 2560w\" sizes=\"(max-width: 840px) 100vw, 840px\" \/><\/a><figcaption id=\"caption-attachment-227647\" class=\"wp-caption-text\"><span class=\"font-377884\">Panorama_Rheintal_Plattaspitz_KennyVogt Image by zollvertrag.li<\/span><\/figcaption><\/figure>\n<h2><span class=\"font-377884\">Politischer Austausch <\/span><\/h2>\n<p><span class=\"font-377884\">Der liechtensteinische Landtag m\u00f6chte das Jubil\u00e4um ebenfalls in besonderer Form w\u00fcrdigen. So findet am 26. April 2023 eine Sondersession zum Zollvertrag statt. Am 6. Juni 2023 wird der Liechtensteinische Landtag vom Schweizer Parlament im Bundeshaus in Bern empfangen, um das 100-Jahr-Jubil\u00e4um zum Zollvertrag zu w\u00fcrdigen.<\/span><\/p>\n<p><span class=\"font-377884\">Zum Abschluss der Jubil\u00e4umsfeierlichkeiten findet am 15. Juni 2023 in Bern eine Konferenz f\u00fcr Verwaltungsmitarbeitende mit Bezug zum Zollvertrag statt, die am Abend mit einem Ap\u00e9ro Riche f\u00fcr geladene G\u00e4ste im Hotel Bellevue abgeschlossen wird.<\/span><\/p>\n<p>&nbsp;<\/p>\n<p>&nbsp;<\/p>\n<p>&nbsp;<\/p>\n","protected":false},"excerpt":{"rendered":"<p>Am 29. M\u00e4rz 1923 unterzeichneten Liechtenstein und die Schweiz den Vertrag \u00fcber den Anschluss des F\u00fcrstentums Liechtenstein an das schweizerische Zollgebiet, das damit ab dem 1. Januar 1924 zu einem gemeinsamen Wirtschaftsraum wurde.<\/p>\n","protected":false},"author":9,"featured_media":227655,"comment_status":"open","ping_status":"closed","sticky":false,"template":"","format":"standard","meta":{"footnotes":""},"categories":[278,304,309,293,295,319,1345,211],"tags":[1050,1783,400,814,1582,1041],"class_list":["post-227642","post","type-post","status-publish","format-standard","has-post-thumbnail","hentry","category-europa-de","category-geschichte","category-highlights","category-liechtenstein-de","category-schweiz","category-veranstaltungen","category-kuriositaeten","category-zeitschrift","tag-diplomatie","tag-geschichte","tag-geschichte-europas","tag-liechtenstein-de","tag-schweiz","tag-zoll"],"_links":{"self":[{"href":"https:\/\/swissfederalism.ch\/de\/wp-json\/wp\/v2\/posts\/227642","targetHints":{"allow":["GET"]}}],"collection":[{"href":"https:\/\/swissfederalism.ch\/de\/wp-json\/wp\/v2\/posts"}],"about":[{"href":"https:\/\/swissfederalism.ch\/de\/wp-json\/wp\/v2\/types\/post"}],"author":[{"embeddable":true,"href":"https:\/\/swissfederalism.ch\/de\/wp-json\/wp\/v2\/users\/9"}],"replies":[{"embeddable":true,"href":"https:\/\/swissfederalism.ch\/de\/wp-json\/wp\/v2\/comments?post=227642"}],"version-history":[{"count":7,"href":"https:\/\/swissfederalism.ch\/de\/wp-json\/wp\/v2\/posts\/227642\/revisions"}],"predecessor-version":[{"id":227682,"href":"https:\/\/swissfederalism.ch\/de\/wp-json\/wp\/v2\/posts\/227642\/revisions\/227682"}],"wp:featuredmedia":[{"embeddable":true,"href":"https:\/\/swissfederalism.ch\/de\/wp-json\/wp\/v2\/media\/227655"}],"wp:attachment":[{"href":"https:\/\/swissfederalism.ch\/de\/wp-json\/wp\/v2\/media?parent=227642"}],"wp:term":[{"taxonomy":"category","embeddable":true,"href":"https:\/\/swissfederalism.ch\/de\/wp-json\/wp\/v2\/categories?post=227642"},{"taxonomy":"post_tag","embeddable":true,"href":"https:\/\/swissfederalism.ch\/de\/wp-json\/wp\/v2\/tags?post=227642"}],"curies":[{"name":"wp","href":"https:\/\/api.w.org\/{rel}","templated":true}]}}