{"id":227528,"date":"2023-03-20T18:48:35","date_gmt":"2023-03-20T18:48:35","guid":{"rendered":"https:\/\/swissfederalism.ch\/ubs-acquires-credit-suisse\/"},"modified":"2023-03-20T20:48:38","modified_gmt":"2023-03-20T20:48:38","slug":"ubs-uebernimmt-credit-suisse","status":"publish","type":"post","link":"https:\/\/swissfederalism.ch\/de\/ubs-uebernimmt-credit-suisse\/","title":{"rendered":"UBS \u00fcbernimmt die Credit Suisse: eine neue \u00c4ra beginnt"},"content":{"rendered":"<h1 class=\"m-article-header__title\"><span class=\"font-377884\">UBS \u00fcbernimmt die Credit Suisse: eine neue \u00c4ra beginnt<\/span><\/h1>\n<h3 class=\"m-article-header__title\"><span class=\"font-377884\"><em>UBS \u00fcbernimmt die Credit Suisse, nachdem der Bundesrat eine Garantie der Schweizerischen Nationalbank (SNB) f\u00fcr zus\u00e4tzliche Liquidit\u00e4tshilfen an die Credit Suisse bewilligt hat. Mit diesem Schritt beginnt eine neue \u00c4ra f\u00fcr den Bankensektor und den gesamten Finanzplatz.<\/em><\/span><\/h3>\n<figure id=\"attachment_227514\" aria-describedby=\"caption-attachment-227514\" style=\"width: 840px\" class=\"wp-caption aligncenter\"><a href=\"https:\/\/swissfederalism.ch\/de\/la-sede-di-credit-suisse-a-zurigo-photo-by-credit-suisse-2\/\" rel=\"attachment wp-att-227514\"><img decoding=\"async\" class=\"size-large wp-image-227514\" src=\"https:\/\/swissfederalism.ch\/wp-content\/uploads\/2023\/03\/La-sede-di-Credit-Suisse-a-Zurigo-Photo-by-Credit-Suisse-1024x775.jpg\" alt=\"La sede di Credit Suisse a Zurigo - Photo by Credit Suisse\" width=\"840\" height=\"636\" srcset=\"https:\/\/swissfederalism.ch\/wp-content\/uploads\/2023\/03\/La-sede-di-Credit-Suisse-a-Zurigo-Photo-by-Credit-Suisse-1024x775.jpg 1024w, https:\/\/swissfederalism.ch\/wp-content\/uploads\/2023\/03\/La-sede-di-Credit-Suisse-a-Zurigo-Photo-by-Credit-Suisse-300x227.jpg 300w, https:\/\/swissfederalism.ch\/wp-content\/uploads\/2023\/03\/La-sede-di-Credit-Suisse-a-Zurigo-Photo-by-Credit-Suisse-768x581.jpg 768w, https:\/\/swissfederalism.ch\/wp-content\/uploads\/2023\/03\/La-sede-di-Credit-Suisse-a-Zurigo-Photo-by-Credit-Suisse-1536x1162.jpg 1536w, https:\/\/swissfederalism.ch\/wp-content\/uploads\/2023\/03\/La-sede-di-Credit-Suisse-a-Zurigo-Photo-by-Credit-Suisse-2048x1549.jpg 2048w, https:\/\/swissfederalism.ch\/wp-content\/uploads\/2023\/03\/La-sede-di-Credit-Suisse-a-Zurigo-Photo-by-Credit-Suisse-350x265.jpg 350w, https:\/\/swissfederalism.ch\/wp-content\/uploads\/2023\/03\/La-sede-di-Credit-Suisse-a-Zurigo-Photo-by-Credit-Suisse-scaled.jpg 2560w\" sizes=\"(max-width: 840px) 100vw, 840px\" \/><\/a><figcaption id=\"caption-attachment-227514\" class=\"wp-caption-text\"><span class=\"font-377884\">Der Hauptsitz der Credit Suisse in Z\u00fcrich &#8211; Photo by Credit Suisse<\/span><\/figcaption><\/figure>\n<p><span class=\"font-377884\">Die <strong>Credit Suisse<\/strong> ist eine 1856 von <strong>Alfred Escher<\/strong> gegr\u00fcndete Bank mit Sitz in Z\u00fcrich (Schweiz), die weltweit in drei Gesch\u00e4ftsbereichen (Private Banking, Investment Banking, Asset Management) t\u00e4tig ist.<\/span><\/p>\n<p><span class=\"font-377884\">Nach mehreren Skandalen, darunter die Beteiligung an den gescheiterten <em>Archegos<\/em>&#8211; und <em>Greensil<\/em>-Fonds im Jahr 2021, erlitt die Gruppe enorme Verluste und hat sich davon nicht erholt. Letzten November stufte S&amp;P das Rating auf Bbb- herab.<\/span><\/p>\n<p><span class=\"font-377884\">Am <strong>Sonntag, den 19. M\u00e4rz 2023,<\/strong> kam es nach langen Verhandlungen zum Abschluss: Die Ubs kauft die Credit Suisse f\u00fcr 3 Milliarden Schweizer Franken in Aktien. Der Bundesrat bef\u00fcrwortet diesen Entscheid und erachtet ihn als wichtigen Beitrag zur Stabilit\u00e4t des Finanzmarktes. Um die Weiterf\u00fchrung des Gesch\u00e4ftsbetriebs der Credit Suisse bis zum Vollzug der \u00dcbernahme sicherzustellen und die Kosten f\u00fcr die Schweizer Wirtschaft zu senken, beschloss die Exekutive zus\u00e4tzliche Liquidit\u00e4tsmassnahmen:<\/span><\/p>\n<ul>\n<li><span class=\"font-377884\">Als erste Massnahme schuf der Bundesrat die notwendigen rechtlichen Grundlagen, damit die Nationalbank der Credit Suisse zus\u00e4tzliche Liquidit\u00e4tshilfen gew\u00e4hren kann. Konkret f\u00fchrte die Exekutive f\u00fcr diese Unterst\u00fctzungen ein Konkursprivileg ein. Dieses gibt der SNB die n\u00f6tige Sicherheit, um der Credit Suisse im Bedarfsfall diese erhebliche zus\u00e4tzliche Liquidit\u00e4t zur Verf\u00fcgung stellen zu k\u00f6nnen;<\/span><\/li>\n<li><span class=\"font-377884\">um der Credit Suisse jederzeit gen\u00fcgend Liquidit\u00e4t zu garantieren, beschloss der Bundesrat als zweite Massnahme, der SNB eine Ausfallgarantie zu gew\u00e4hren. Beide Massnahmen sind in den Artikeln 184 und 185 der Bundesverfassung geregelt (Notstandsrecht).<\/span><\/li>\n<\/ul>\n<p><span class=\"font-377884\">Diese Massnahmen erg\u00e4nzen die Instrumente, die der Nationalbank bereits zur Verf\u00fcgung stehen, um die Liquidit\u00e4t der Banken zu st\u00e4rken. Dazu geh\u00f6ren insbesondere die ordentlichen Liquidit\u00e4tshilfen in Notsituationen (ELA, &#8222;Emergency Liquidity Assistance&#8220;).<\/span><\/p>\n<p><span class=\"font-377884\">Der Bundesrat ist der Ansicht, dass diese Massnahmen am besten geeignet sind, das Vertrauen des Marktes in die Credit Suisse und den Finanzplatz Schweiz zu st\u00e4rken. \u00c4hnliche Instrumente gibt es in den Vereinigten Staaten, der EU und im Vereinigten K\u00f6nigreich.<\/span><\/p>\n<p><span class=\"font-377884\">Um m\u00f6gliche Risiken f\u00fcr die UBS zu reduzieren, gew\u00e4hrt der Bund der UBS eine Garantie in der Gr\u00f6ssenordnung von 9 Milliarden Franken zur \u00dcbernahme von potenziellen Verlusten aus bestimmten Verm\u00f6genswerten, die die UBS im Rahmen der Transaktion zur\u00fccknehmen w\u00fcrde, falls diese potenziellen Verluste eine bestimmte Schwelle \u00fcberschreiten.<\/span><\/p>\n<p><span class=\"font-377884\">Die Exekutive beantragte bei der Finanzdelegation der eidgen\u00f6ssischen R\u00e4te einen dringlichen Verpflichtungskredit, der am Sonntag, 19. M\u00e4rz 2023, bewilligt wurde.<\/span><\/p>\n<p><span class=\"font-377884\">Die beschlossenen Massnahmen stellen sicher, dass die SNB der Credit Suisse im Bedarfsfall ausreichend Liquidit\u00e4t zur Verf\u00fcgung stellen kann. Der Bezug von Liquidit\u00e4tshilfe ist an strenge Bedingungen gekn\u00fcpft. Zudem wird der Bundesrat gem\u00e4ss Artikel 10a des Bankengesetzes auch Massnahmen bez\u00fcglich der Verg\u00fctungen anordnen.<\/span><\/p>\n<p><span class=\"font-377884\">Die Exekutive hat Massnahmen ergriffen, um die Risiken f\u00fcr den Bund so weit wie m\u00f6glich zu begrenzen. Deshalb wird die Credit Suisse sowohl dem Bund als auch der SNB eine Risikopr\u00e4mie bezahlen m\u00fcssen. Zudem muss sie dem Bund eine Pr\u00e4mie f\u00fcr die Stellung von Sicherheiten im Falle eines Ausfalls und der SNB einen Zins bezahlen. Aus diesen Massnahmen und dem Konkursprivileg ergibt sich f\u00fcr den Bund ein geringes Aufl\u00f6sungsrisiko.<\/span><\/p>\n<p><span class=\"font-377884\">Die bestehenden und neuen Liquidit\u00e4tshilfen der SNB reichen zusammen mit den Liquidit\u00e4tsreserven der Credit Suisse aus, um eine ausreichende Liquidit\u00e4t des Instituts sicherzustellen. Mit diesem Massnahmenpaket bekr\u00e4ftigt der Bundesrat seine Bereitschaft, die notwendigen Schritte zum Schutz der Einleger und der Stabilit\u00e4t des Schweizer Finanzplatzes zu unternehmen.<\/span><\/p>\n<figure id=\"attachment_227518\" aria-describedby=\"caption-attachment-227518\" style=\"width: 840px\" class=\"wp-caption aligncenter\"><a href=\"https:\/\/swissfederalism.ch\/de\/il-quartier-generale-di-ubs-a-zurigo-photo-by-ubs-2\/\" rel=\"attachment wp-att-227518\"><img decoding=\"async\" class=\"size-large wp-image-227518\" src=\"https:\/\/swissfederalism.ch\/wp-content\/uploads\/2023\/03\/Il-quartier-generale-di-UBS-a-Zurigo-Photo-by-UBS-1024x675.jpg\" alt=\"Il quartier generale di UBS a Zurigo - Photo by UBS\" width=\"840\" height=\"554\" srcset=\"https:\/\/swissfederalism.ch\/wp-content\/uploads\/2023\/03\/Il-quartier-generale-di-UBS-a-Zurigo-Photo-by-UBS-1024x675.jpg 1024w, https:\/\/swissfederalism.ch\/wp-content\/uploads\/2023\/03\/Il-quartier-generale-di-UBS-a-Zurigo-Photo-by-UBS-300x198.jpg 300w, https:\/\/swissfederalism.ch\/wp-content\/uploads\/2023\/03\/Il-quartier-generale-di-UBS-a-Zurigo-Photo-by-UBS-768x506.jpg 768w, https:\/\/swissfederalism.ch\/wp-content\/uploads\/2023\/03\/Il-quartier-generale-di-UBS-a-Zurigo-Photo-by-UBS-350x231.jpg 350w, https:\/\/swissfederalism.ch\/wp-content\/uploads\/2023\/03\/Il-quartier-generale-di-UBS-a-Zurigo-Photo-by-UBS.jpg 1250w\" sizes=\"(max-width: 840px) 100vw, 840px\" \/><\/a><figcaption id=\"caption-attachment-227518\" class=\"wp-caption-text\"><span class=\"font-377884\">Der Hauptsitz der UBS in Z\u00fcrich &#8211; Photo by UBS<\/span><\/figcaption><\/figure>\n<h2><span class=\"font-377884\">Ein nicht ganz schmerzfreier \u00dcbergang<\/span><\/h2>\n<p><span class=\"font-377884\">Die Rettung der Credit Suisse durch die UBS scheint die europ\u00e4ischen M\u00e4rkte nicht zu \u00fcberzeugen: Die Anleger bef\u00fcrchten einen Dominoeffekt, der andere Banken mit einbeziehen k\u00f6nnte.<\/span><\/p>\n<p><span class=\"font-377884\">Die \u00dcbernahme durch die UBS ist mit einer massiven Abschreibung der Credit-Suisse-Aktien in der Gr\u00f6\u00dfenordnung von 60 Prozent verbunden. Am Montagmorgen, 20. M\u00e4rz, erreichte die Aktie der Schweizer Bank, die am Freitag bei 1,86 Franken pro Aktie schloss und rund 28 Milliarden wert war, 0,75 Franken und einen Wert von rund 16 Milliarden Franken.<\/span><\/p>\n<p><span class=\"font-377884\">Nach Ansicht von BAK Economics vermeidet die \u00dcbernahme der Credit Suisse durch die UBS ernsthafte Sch\u00e4den f\u00fcr die Schweizer Wirtschaft, und die negativen Auswirkungen bleiben weitgehend auf den Bankensektor beschr\u00e4nkt. Das Rationalisierungspotenzial der beiden Banken liegt bei rund 9&#8217;500 bis 12&#8217;000 Arbeitspl\u00e4tzen. Laut BAK Economics wird der Deal nur begrenzte Auswirkungen auf das Schweizer BIP haben, das in diesem Jahr noch um 0,7 Prozent und 2024 um 1,6 Prozent wachsen d\u00fcrfte.<\/span><\/p>\n<p><span class=\"font-377884\"><a href=\"https:\/\/swissfederalism.ch\/de\/billigkeit-vorbei-gute-schlechte-nachrichten-banken-eurozone\/\"><strong>Die Zeit der Billigkeit ist vorbei: Gute und schlechte Nachrichten f\u00fcr die Banken der Eurozone<\/strong><\/a><\/span><\/p>\n<h2><span class=\"font-377884\">Die neue UBS<\/span><\/h2>\n<p><span class=\"font-377884\">UBS entstand 1998 durch die Fusion des <i>Schweizerischen Bankgesellschaft<\/i> (SBG, auf Franz\u00f6sisch und Italienisch mit UBS abgek\u00fcrzt) mit Hauptsitz in Z\u00fcrich, und des <i>Schweizerischen Bankvereins<\/i> (SBV). Das offizielle Gr\u00fcndungsdatum geht jedoch auf das Jahr 1862 zur\u00fcck, als die Bank von Winterthur gegr\u00fcndet wurde, und hat ihre Wurzeln in nicht weniger als 370 verschiedenen Finanzinstituten, die im Laufe der Jahre folgten. Zwei Jahre nach der Fusion, im Jahr 2000, \u00fcbernahm UBS die US-amerikanische Paine Webber Group und wurde damit zur <strong>gr\u00f6ssten Privatbank der Welt.<\/strong><\/span><\/p>\n<p><span class=\"font-377884\">Die \u00dcbernahme der Credit Suisse wird die Position von UBS als <strong>weltweit gr\u00f6sster Verm\u00f6gensverwalter<\/strong> mit verwalteten Verm\u00f6gen von 5 Billionen Dollar st\u00e4rken und ihre Wachstumsambitionen in Nord-, Mittel- und S\u00fcdamerika sowie in Asien f\u00f6rdern, indem sie eine neue \u00c4ra einleitet.<\/span><\/p>\n","protected":false},"excerpt":{"rendered":"<p>UBS \u00fcbernimmt die Credit Suisse, nachdem der Bundesrat eine Garantie der Schweizerischen Nationalbank (SNB) f\u00fcr zus\u00e4tzliche Liquidit\u00e4tshilfen an die Credit Suisse bewilligt hat. Mit diesem Schritt beginnt eine neue \u00c4ra f\u00fcr den Bankensektor und den gesamten Finanzplatz.<\/p>\n","protected":false},"author":9,"featured_media":227521,"comment_status":"open","ping_status":"closed","sticky":false,"template":"","format":"standard","meta":{"footnotes":""},"categories":[987,309,307,295,311,211],"tags":[503,403,1582,796,392],"class_list":["post-227528","post","type-post","status-publish","format-standard","has-post-thumbnail","hentry","category-finanzen","category-highlights","category-politik","category-schweiz","category-wirtschaft","category-zeitschrift","tag-bank-de","tag-finanzen","tag-schweiz","tag-wirtschaft","tag-zukunft"],"_links":{"self":[{"href":"https:\/\/swissfederalism.ch\/de\/wp-json\/wp\/v2\/posts\/227528","targetHints":{"allow":["GET"]}}],"collection":[{"href":"https:\/\/swissfederalism.ch\/de\/wp-json\/wp\/v2\/posts"}],"about":[{"href":"https:\/\/swissfederalism.ch\/de\/wp-json\/wp\/v2\/types\/post"}],"author":[{"embeddable":true,"href":"https:\/\/swissfederalism.ch\/de\/wp-json\/wp\/v2\/users\/9"}],"replies":[{"embeddable":true,"href":"https:\/\/swissfederalism.ch\/de\/wp-json\/wp\/v2\/comments?post=227528"}],"version-history":[{"count":2,"href":"https:\/\/swissfederalism.ch\/de\/wp-json\/wp\/v2\/posts\/227528\/revisions"}],"predecessor-version":[{"id":227531,"href":"https:\/\/swissfederalism.ch\/de\/wp-json\/wp\/v2\/posts\/227528\/revisions\/227531"}],"wp:featuredmedia":[{"embeddable":true,"href":"https:\/\/swissfederalism.ch\/de\/wp-json\/wp\/v2\/media\/227521"}],"wp:attachment":[{"href":"https:\/\/swissfederalism.ch\/de\/wp-json\/wp\/v2\/media?parent=227528"}],"wp:term":[{"taxonomy":"category","embeddable":true,"href":"https:\/\/swissfederalism.ch\/de\/wp-json\/wp\/v2\/categories?post=227528"},{"taxonomy":"post_tag","embeddable":true,"href":"https:\/\/swissfederalism.ch\/de\/wp-json\/wp\/v2\/tags?post=227528"}],"curies":[{"name":"wp","href":"https:\/\/api.w.org\/{rel}","templated":true}]}}