{"id":227142,"date":"2023-02-08T13:28:19","date_gmt":"2023-02-08T13:28:19","guid":{"rendered":"https:\/\/swissfederalism.ch\/history-traditions-swiss-carnival\/"},"modified":"2023-02-09T10:08:16","modified_gmt":"2023-02-09T10:08:16","slug":"geschichte-traditionen-schweizer-fasnacht","status":"publish","type":"post","link":"https:\/\/swissfederalism.ch\/de\/geschichte-traditionen-schweizer-fasnacht\/","title":{"rendered":"Geschichte und Traditionen der Schweizer Fasnacht"},"content":{"rendered":"<h1 class=\"sc-iveFHk gOIRzb title\"><span class=\"font-377884\">Geschichte und Traditionen der Schweizer Fasnacht<\/span><\/h1>\n<h3><span class=\"font-377884\"><em>Karneval wird auf vielf\u00e4ltige Weise gefeiert: Karnevalsumz\u00fcge, Musik, Masken und Karnevalskost\u00fcme spielen eine wichtige Rolle.<\/em><\/span><\/h3>\n<figure id=\"attachment_227107\" aria-describedby=\"caption-attachment-227107\" style=\"width: 840px\" class=\"wp-caption aligncenter\"><a href=\"https:\/\/swissfederalism.ch\/de\/fasnachtsumzug-luzern-bild-von-werner-sidler-auf-pixabay-2\/\" rel=\"attachment wp-att-227107\"><img decoding=\"async\" class=\"size-large wp-image-227107\" src=\"https:\/\/swissfederalism.ch\/wp-content\/uploads\/2023\/02\/Fasnachtsumzug-Luzern-Bild-von-Werner-Sidler-auf-Pixabay-1024x577.jpg\" alt=\"Fasnachtsumzug Luzern Bild von Werner Sidler auf Pixabay\" width=\"840\" height=\"473\" srcset=\"https:\/\/swissfederalism.ch\/wp-content\/uploads\/2023\/02\/Fasnachtsumzug-Luzern-Bild-von-Werner-Sidler-auf-Pixabay-1024x577.jpg 1024w, https:\/\/swissfederalism.ch\/wp-content\/uploads\/2023\/02\/Fasnachtsumzug-Luzern-Bild-von-Werner-Sidler-auf-Pixabay-300x169.jpg 300w, https:\/\/swissfederalism.ch\/wp-content\/uploads\/2023\/02\/Fasnachtsumzug-Luzern-Bild-von-Werner-Sidler-auf-Pixabay-768x432.jpg 768w, https:\/\/swissfederalism.ch\/wp-content\/uploads\/2023\/02\/Fasnachtsumzug-Luzern-Bild-von-Werner-Sidler-auf-Pixabay-1536x865.jpg 1536w, https:\/\/swissfederalism.ch\/wp-content\/uploads\/2023\/02\/Fasnachtsumzug-Luzern-Bild-von-Werner-Sidler-auf-Pixabay-350x197.jpg 350w, https:\/\/swissfederalism.ch\/wp-content\/uploads\/2023\/02\/Fasnachtsumzug-Luzern-Bild-von-Werner-Sidler-auf-Pixabay.jpg 1920w\" sizes=\"(max-width: 840px) 100vw, 840px\" \/><\/a><figcaption id=\"caption-attachment-227107\" class=\"wp-caption-text\"><span class=\"font-377884\">Fasnachtsumzug Luzern Bild von Werner Sidler auf Pixabay<\/span><\/figcaption><\/figure>\n<p><span class=\"font-377884\">Der Begriff &#8222;Karneval&#8220; leitet sich vom lateinischen &#8222;carnem levare&#8220; (Fleisch entfernen) ab und bezieht sich auf den Vorabend der Fastenzeit, die vierzigt\u00e4gige Fastenzeit vor Ostern, die am Aschermittwoch beginnt. Die Fastenzeit erinnert an die 40 Tage des Fastens und der Bu\u00dfe, die Jesus in der W\u00fcste verbrachte.<\/span><\/p>\n<p><span class=\"font-377884\">Im Mittelalter musste sich jeder im christlichen Europa an die Fastenpflicht halten, und der Karneval diente dazu, die letzten Wintervorr\u00e4te aufzubrauchen, zu schlemmen, zu tanzen und zu musizieren.<\/span><\/p>\n<p><span class=\"font-377884\">In vielen Orten in katholischen Gebieten beginnt der Karneval am 11. November um 11.11 Uhr. Dieses Datum hat immer etwas mit dem Fasten zu tun, denn fr\u00fcher begann am Martinstag eine Fastenzeit vor Weihnachten. Aufgrund der zehn biblischen Gebote symbolisierte die Zahl Elf au\u00dferdem Exzess, Grenz\u00fcberschreitung und Possenrei\u00dfen. Echte Karnevalsumz\u00fcge und -feiern finden \u00fcberall im Februar oder M\u00e4rz statt, unabh\u00e4ngig davon, ob der Karneval am St. Martinstag oder kurz vor Aschermittwoch er\u00f6ffnet wird.<\/span><\/p>\n<p><span class=\"font-377884\">In der Schweiz ist die Fasnacht eines der beliebtesten Feste, das in praktisch jeder Gemeinde stattfindet und aus einer Mischung aus christlichen Ritualen, traditionellen Br\u00e4uchen und heidnischen Festen, die sogar Jahrhunderte alt sind, entstanden ist. Die Teilnehmer tragen gruselige Masken, um b\u00f6se Geister abzuwehren, und fantasievolle Verkleidungen und nehmen vor\u00fcbergehend eine neue Identit\u00e4t an, w\u00e4hrend sie zu den Kl\u00e4ngen der Musik durch die Stra\u00dfen ziehen.<\/span><\/p>\n<p><span class=\"font-377884\">Besonders erw\u00e4hnenswert sind die Fasnacht der Stadt <strong>Luzern<\/strong> und die <strong>Basler<\/strong> Fasnacht (letztere ist Teil des immateriellen Kulturerbes der UNESCO). In einigen Kantonen geht der Karneval auf den vorchristlichen Brauch zur\u00fcck, den Winter und die b\u00f6sen Geister zu vertreiben, um die Wiedergeburt des Fr\u00fchlings zu begr\u00fc\u00dfen.<\/span><\/p>\n<p><span class=\"font-377884\"><strong><a href=\"https:\/\/swissfederalism.ch\/de\/die-alpsaison-kandidiert-fuer-die-liste-des-immateriellen-kulturerbes-der-unesco\/\">Die Alpsaison kandidiert f\u00fcr die Liste des Immateriellen Kulturerbes der UNESCO<\/a><\/strong><\/span><\/p>\n<p><span class=\"font-377884\"><a href=\"https:\/\/swissfederalism.ch\/de\/sankt-lorenz-nacht-traditionen-legenden\/\"><strong>Die Sankt-Lorenz-Nacht zwischen Traditionen und Legenden<\/strong><\/a><\/span><\/p>\n<h2><span class=\"font-377884\">Schmutziger Donnerstag<\/span><\/h2>\n<p><span class=\"font-377884\">Der Schmutzige Donnerstag f\u00e4llt auf den Donnerstag vor Aschermittwoch und markiert den Beginn der Fasnachtszeit. Schmutz&#8220; (auch &#8222;Schmotz&#8220;) ist ein alemannischer Dialektausdruck f\u00fcr Fett und um die Fastenzeit (ab Aschermittwoch) zu \u00fcberstehen, wurde fr\u00fcher am Fettdonnerstag so viel Fett wie m\u00f6glich gegessen.<\/span><\/p>\n<h2><span class=\"font-377884\">Fasnachtsdienstag<\/span><\/h2>\n<p><span class=\"font-377884\">In den deutschsprachigen L\u00e4ndern auch Faschingsdienstag oder Karnevalsdienstag genannt, markiert er den letzten Tag des Karnevals vor Beginn der Fastenzeit. In einigen Regionen, in denen er gefeiert wird, ist er der H\u00f6hepunkt der Karnevalsfeierlichkeiten.<\/span><\/p>\n<h2><span class=\"font-377884\">Die ber\u00fchmtesten und charakteristischsten Schweizer Fasnachten<\/span><\/h2>\n<h3><span class=\"font-377884\">Basler Fasnacht<\/span><\/h3>\n<p><span class=\"font-377884\">Im 16. Jahrhundert schloss sich auch Basel der protestantischen Reformation an, indem es die Fastenzeit vor Ostern und damit die Fasnacht abschaffte; die Beh\u00f6rden setzten sich jedoch nicht durch, so dass diese Stadt zu den wenigen protestantischen Schweizer St\u00e4dten geh\u00f6rt, in denen noch heute eine traditionelle Fasnacht gefeiert wird.<\/span><\/p>\n<p><span class=\"font-377884\">Einigen Lokalhistorikern zufolge ist das Werfen von Konfetti ein typischer Basler Brauch, der sich inzwischen auf der ganzen Welt verbreitet hat. Urspr\u00fcnglich wurden die Konfetti genannten Bonbons w\u00e4hrend des Umzugs in die Menge geworfen, aber diese Praxis wurde im 19. Jahrhundert verboten und durch kleine Papierschnipsel ersetzt. Im baseldeutschen Dialekt wird Konfetti <em>R\u00e4ppli<\/em> genannt.<\/span><\/p>\n<p>&nbsp;<\/p>\n<figure id=\"attachment_227091\" aria-describedby=\"caption-attachment-227091\" style=\"width: 1024px\" class=\"wp-caption aligncenter\"><a href=\"https:\/\/swissfederalism.ch\/de\/morgestraich-photo-by-theusursus-cc-by-sa-4-0-via-wikimedia-commons-2\/\" rel=\"attachment wp-att-227091\"><img decoding=\"async\" class=\"size-full wp-image-227091\" src=\"https:\/\/swissfederalism.ch\/wp-content\/uploads\/2023\/02\/Morgestraich-Photo-by-Theusursus-CC-BY-SA-4.0-via-Wikimedia-Commons.jpg\" alt=\"Morgestraich Photo by Theusursus, CC BY-SA 4.0 via Wikimedia Commons\" width=\"1024\" height=\"768\" srcset=\"https:\/\/swissfederalism.ch\/wp-content\/uploads\/2023\/02\/Morgestraich-Photo-by-Theusursus-CC-BY-SA-4.0-via-Wikimedia-Commons.jpg 1024w, https:\/\/swissfederalism.ch\/wp-content\/uploads\/2023\/02\/Morgestraich-Photo-by-Theusursus-CC-BY-SA-4.0-via-Wikimedia-Commons-300x225.jpg 300w, https:\/\/swissfederalism.ch\/wp-content\/uploads\/2023\/02\/Morgestraich-Photo-by-Theusursus-CC-BY-SA-4.0-via-Wikimedia-Commons-768x576.jpg 768w, https:\/\/swissfederalism.ch\/wp-content\/uploads\/2023\/02\/Morgestraich-Photo-by-Theusursus-CC-BY-SA-4.0-via-Wikimedia-Commons-350x263.jpg 350w\" sizes=\"(max-width: 1024px) 100vw, 1024px\" \/><\/a><figcaption id=\"caption-attachment-227091\" class=\"wp-caption-text\"><span class=\"font-377884\">Morgestraich &#8211; Carnival Basel Photo by Theusursus, CC BY-SA 4.0 via Wikimedia Commons<\/span><\/figcaption><\/figure>\n<p><span class=\"font-377884\">Die Fasnacht hat eine jahrhundertelange Geschichte, wurde 2017 in das <strong>immaterielle Kulturerbe der UNESCO<\/strong> aufgenommen und ist die gr\u00f6\u00dfte der Schweiz. Ab 4 Uhr morgens am Montag nach Aschermittwoch, wenn die Glocken der Martinskirche l\u00e4uten, werden alle Lichter in der Innenstadt ausgeschaltet und die Musik und die Feierlichkeiten beginnen mit dem Kommando &#8222;Morgestraich, vorw\u00e4rts marsch!&#8220; und der traditionellen Melodie des Morgenstreich-Marsches. In der v\u00f6llig verdunkelten Stadt leuchten Laternen mit Darstellungen vergangener Karnevalsthemen und begleitenden Trommeln. Auch viele Restaurants und Bars in der Altstadt \u00f6ffnen ihre T\u00fcren und bleiben f\u00fcr die n\u00e4chsten 72 Stunden ge\u00f6ffnet.<\/span><\/p>\n<p><span class=\"font-377884\">Eines der \u00e4ltesten Ensembles sind die <strong>Cliquen<\/strong>, die mit Piccolo und Basler Trommeln durch die Altstadt marschieren: Sie bestehen aus einem Vortrab, den Pfeifern, dem Tambourmajor und den Tambouren.<\/span><\/p>\n<p><span class=\"font-377884\">Die <strong>Gugge<\/strong> (Blaskapellen) spielen w\u00e4hrend der Fasnacht die Guggenmusik, indem sie marschieren und spielen und in den Guggekonzerten auftreten.<\/span><\/p>\n<p><span class=\"font-377884\">Die <strong>Schnitzelbanks\u00e4nger<\/strong> sind Narren, die in schweizerdeutscher Sprache satirische Verse \u00fcber das aktuelle Geschehen in Basel und der Welt singen. Die S\u00e4ngerinnen und S\u00e4nger treten regelm\u00e4ssig montags und mittwochs abends in Restaurants und Bars und dienstags in Cliquenkellern auf.<\/span><\/p>\n<p><span class=\"font-377884\">Am Montag- und Mittwochnachmittag finden zwei grosse &#8222;<strong>Cort\u00e8ge<\/strong>&#8222;-Umz\u00fcge mit Masken, Kost\u00fcmen und der traditionellen Guggenmusik statt, w\u00e4hrend der Dienstagnachmittag den Kindern gewidmet ist, die in thematischen Kost\u00fcmen und mit Konfetti und Bonbons bewaffnet auftreten. Am Abend ist Musik auf den gro\u00dfen Pl\u00e4tzen der Stadt angesagt. Mehlsuppe, Zwiebelkuchen und die K\u00fcmmelbrezel &#8222;Fastenw\u00e4he&#8220; begleiten die drei Tage der Feierlichkeiten.<\/span><\/p>\n<p><span class=\"font-377884\">Die typischen Masken der Stadt sind der &#8222;<strong>Waggis<\/strong>&#8222;, eine Figur mit grosser Nase und bunten Kleidern, und die &#8222;<strong>Alti Tante<\/strong>&#8222;, eine elegante Baslerin.<\/span><\/p>\n<p><span class=\"font-377884\">Die Baslerinnen und Basler bezeichnen diese drei Festtage als &#8222;<strong>drey scheenschte D\u00e4\u00e4gi<\/strong>&#8222;, die drei sch\u00f6nsten Tage des Jahres.<\/span><\/p>\n<h3><span class=\"font-377884\">St. Galler Fasnacht<\/span><\/h3>\n<p><span class=\"font-377884\">Ber\u00fchmt ist die Fasnacht f\u00fcr den &#8222;F\u00f6b\u00fc-Verschuss&#8220;, bei dem jedes Jahr ein neuer &#8222;Ehrenb\u00fcrger&#8220;, d.h. die Person, die im vergangenen Jahr das Verr\u00fcckteste getan hat, vor der Statue von Vadiano gek\u00fcrt wird. Die Wahl erfolgt durch die Schnitzelb\u00e4nkler, die Gugger und die Fasnachtsvereine, und der Name des Gewinners wird mit einem Kanonenschuss bekannt gegeben, aus dem farbiges Konfetti abgefeuert wird.<\/span><\/p>\n<h3><span class=\"font-377884\">Luzerner Fasnacht<\/span><\/h3>\n<p><span class=\"font-377884\">Die Fasnacht gilt als das gr\u00f6sste j\u00e4hrliche Ereignis in der Stadt. Sie wird traditionell am Gr\u00fcndonnerstag er\u00f6ffnet, wenn der <strong>Fritschi<\/strong> um 5 Uhr morgens auf einem Schiff auf dem Vierwaldst\u00e4ttersee eintrifft und die Fasnacht mit einem donnernden Knall, dem so genannten &#8222;Big Bang&#8220;, einl\u00e4utet, der den Beginn der sechst\u00e4gigen Feierlichkeiten markiert. Der Fritschi, ein alter Mann, der von seiner Frau und seinem Sohn begleitet wird, scheint seinen Ursprung in einer Symbolfigur der Vergangenheit zu haben, einer Strohpuppe namens <em>Fridolin<\/em>.<\/span><\/p>\n<p>&nbsp;<\/p>\n<div class=\"textImage__richtext jsText\" data-qa=\"text-image-richtext\">\n<p><iframe title=\"Luzerner Fasnacht 2016: Urknall und F\u00f6tzelir\u00e4ge\" width=\"840\" height=\"473\" src=\"https:\/\/www.youtube.com\/embed\/P2PMiN_CMNU?feature=oembed&#038;width=840&#038;height=1000&#038;discover=1\" frameborder=\"0\" allow=\"accelerometer; autoplay; clipboard-write; encrypted-media; gyroscope; picture-in-picture; web-share\" allowfullscreen><\/iframe><\/p>\n<p><span class=\"font-377884\">Neben dem traditionellen Werfen von Orangen am <em>Fritschibrunnen <\/em>zieht ein langer Umzug durch die Stadt.<\/span><\/p>\n<p><span class=\"font-377884\">Der Ursprung dieser Fasnacht ist mit dem Ritual zur Vertreibung des Winters verbunden. Maskierte Musikgruppen, die so genannten &#8222;Guggenmusige&#8220;, geben lustige und l\u00e4rmende Darbietungen, die Tausende von Besuchern zum Tanzen und Singen bringen, w\u00e4hrend sie sich \u00fcber sie lustig machen. H\u00f6hepunkte sind die drei gro\u00dfen Stadtumz\u00fcge: der Fritschiumzug am Faschingsdonnerstag, der Weyumzug am Fettmontag und der <em>Monstercorso<\/em> am Fettdienstag.<\/span><\/p>\n<h3><span class=\"font-377884\">Solothurner Fasnacht<\/span><\/h3>\n<p><span class=\"font-377884\">Am 13. Januar, dem St. Hilary&#8217;s Day, wird Solothurn in Honolulu umbenannt, weil ein Witzbold einst behauptete, die Aare-Stadt liege genau auf der anderen Seite der Erdkugel von Hawaii. Diese Theorie wird bis heute aufrechterhalten.<\/span><\/p>\n<p><iframe title=\"Chesslete 2019\" width=\"840\" height=\"473\" src=\"https:\/\/www.youtube.com\/embed\/ObYFMBi-vrw?feature=oembed&#038;width=840&#038;height=1000&#038;discover=1\" frameborder=\"0\" allow=\"accelerometer; autoplay; clipboard-write; encrypted-media; gyroscope; picture-in-picture; web-share\" allowfullscreen><\/iframe><\/p>\n<p><span class=\"font-377884\">Der B\u00fcrgermeister wird entlassen und die Stra\u00dfe vor dem Rathaus wird in &#8222;<em>Eselstra\u00dfe<\/em>&#8220; umbenannt. Die Feierlichkeiten dauern \u00fcber einen Monat und beginnen um 5 Uhr am Faschingsdonnerstag mit der &#8222;<strong>Chesslete<\/strong>&#8222;, einem l\u00e4rmenden Umzug mit Fackeln und ohrenbet\u00e4ubenden Instrumenten, der durch die Altstadt zieht und die Schlafenden weckt.<\/span><\/p>\n<p><span class=\"font-377884\">An den folgenden Abenden, vor allem samstags, finden Maskenb\u00e4lle statt, w\u00e4hrend sonntags und dienstagnachmittags Umz\u00fcge durch die Stra\u00dfen veranstaltet werden. Eine grosse Blaskapelle (Gugge) spielt am Dienstagabend bis zum offiziellen Abschluss, der nach der Verbrennung des B\u00f6\u00f6ggs am Aschermittwochabend stattfindet, festliche Musik.<\/span><\/p>\n<h3><span class=\"font-377884\">Fasnacht in Bellinzona<\/span><\/h3>\n<p><span class=\"font-377884\">Die Fasnacht von Bellinzona, besser bekannt als <strong>Rabadan<\/strong>, ist eine der wichtigsten Veranstaltungen im Tessin und dauert sechs Tage.<\/span><\/p>\n<p><iframe title=\"155\u00b0 Rabadan 2018\" width=\"840\" height=\"473\" src=\"https:\/\/www.youtube.com\/embed\/SDrVdVmtWd8?feature=oembed&#038;width=840&#038;height=1000&#038;discover=1\" frameborder=\"0\" allow=\"accelerometer; autoplay; clipboard-write; encrypted-media; gyroscope; picture-in-picture; web-share\" allowfullscreen><\/iframe><\/p>\n<p><span class=\"font-377884\">Der Karneval beginnt mit der \u00dcbergabe der Schl\u00fcssel der Stadt an K\u00f6nig Rabadan, einem piemontesischen Begriff, der &#8222;L\u00e4rm&#8220; bedeutet und offenbar zur Zeit der Kreuzz\u00fcge gepr\u00e4gt wurde, um die abendlichen Festmahle nach dem Fasten des Ramadan zu bezeichnen. Die Stadt verwandelt sich in eine Open-Air-Party, mit Guggenmusik-Konzerten in der Altstadt, die bis 5 Uhr morgens Musik und Unterhaltung bieten, und Tauzieh-Turnieren. Verschiedene St\u00e4nde bieten Risotto und Luganighe an. Am Sonntag findet in Bellinzona der traditionelle &#8222;Grande Corteo Mascherato&#8220; statt, ein Umzug mit Musik, Festwagen und maskierten Gruppen.<\/span><\/p>\n<h3><span class=\"font-377884\">L\u00f6tschentaler Fasnacht (Wallis)<\/span><\/h3>\n<p><span class=\"font-377884\">Die <strong>Tsch\u00e4gg\u00e4tt\u00e4<\/strong> (ein Begriff, der mit &#8222;Hexe&#8220; \u00fcbersetzt werden kann) sind typische Fasnachtsfiguren aus dem L\u00f6tschental (Wallis).<\/span><\/p>\n<p><span class=\"font-377884\">Die so genannten Tsch\u00e4gg\u00e4tt\u00e4 haben ihren Auftritt zwischen Maria Lichtmess (dem katholischen Lichtmessfest) und dem <em>Gigiszischtag<\/em>.<\/span><\/p>\n<figure id=\"attachment_227103\" aria-describedby=\"caption-attachment-227103\" style=\"width: 1024px\" class=\"wp-caption aligncenter\"><a href=\"https:\/\/swissfederalism.ch\/de\/tschaggata-photo-by-david-yela-cc-by-sa-4-0-via-wikimedia-commons-2\/\" rel=\"attachment wp-att-227103\"><img decoding=\"async\" class=\"size-full wp-image-227103\" src=\"https:\/\/swissfederalism.ch\/wp-content\/uploads\/2023\/02\/Tschaggata-Photo-by-David-Yela-CC-BY-SA-4.0-via-Wikimedia-Commons.jpg\" alt=\"Tsch\u00e4gg\u00e4t\u00e4 Photo by David Yela, CC BY-SA 4.0 via Wikimedia Commons\" width=\"1024\" height=\"819\" srcset=\"https:\/\/swissfederalism.ch\/wp-content\/uploads\/2023\/02\/Tschaggata-Photo-by-David-Yela-CC-BY-SA-4.0-via-Wikimedia-Commons.jpg 1024w, https:\/\/swissfederalism.ch\/wp-content\/uploads\/2023\/02\/Tschaggata-Photo-by-David-Yela-CC-BY-SA-4.0-via-Wikimedia-Commons-300x240.jpg 300w, https:\/\/swissfederalism.ch\/wp-content\/uploads\/2023\/02\/Tschaggata-Photo-by-David-Yela-CC-BY-SA-4.0-via-Wikimedia-Commons-768x614.jpg 768w, https:\/\/swissfederalism.ch\/wp-content\/uploads\/2023\/02\/Tschaggata-Photo-by-David-Yela-CC-BY-SA-4.0-via-Wikimedia-Commons-350x280.jpg 350w\" sizes=\"(max-width: 1024px) 100vw, 1024px\" \/><\/a><figcaption id=\"caption-attachment-227103\" class=\"wp-caption-text\"><span class=\"font-377884\">Tsch\u00e4gg\u00e4t\u00e4 Photo by David Yela, CC BY-SA 4.0 via Wikimedia Commons<\/span><\/figcaption><\/figure>\n<p><span class=\"font-377884\">Fr\u00fcher trugen nur alleinstehende M\u00e4nner diese Masken aus Kiefernholz, Ziegen- oder Schafsfellen und altmodischer umgekehrter Kleidung und Kuhglocken, die &#8222;<em>Tsch\u00e4gg\u00e4tta<\/em>&#8220; genannt wurden. Heute nehmen jedoch auch verheiratete M\u00e4nner daran teil, und die \u00f6rtlichen Fremdenverkehrs\u00e4mter werben f\u00fcr diese Tradition, um Besucher von au\u00dferhalb anzulocken. Jeder, der ihnen begegnet, wird von diesen Gestalten verfolgt und &#8222;heimgesucht&#8220;, die ihre mit Schnee oder Ru\u00df getr\u00e4nkten Handschuhe in die Gesichter der Ungl\u00fccklichen (haupts\u00e4chlich Frauen und Kinder) reiben.<\/span><\/p>\n<p><span class=\"font-377884\">Diese uralte Tradition birgt eine Vielzahl von Mythen und Geschichten. W\u00e4hrend der Prozession kann man diese Figuren mit ihren handgefertigten Masken bewundern, von denen jede ihre eigene Geschichte zu erz\u00e4hlen hat.<\/span><\/p>\n<p><span class=\"font-377884\">Die alten Masken k\u00f6nnen auch im Museum L\u00f6tschental bewundert werden.<\/span><\/p>\n<\/div>\n","protected":false},"excerpt":{"rendered":"<p>Karneval wird auf vielf\u00e4ltige Weise gefeiert: Karnevalsumz\u00fcge, Musik, Masken und Karnevalskost\u00fcme spielen eine wichtige Rolle.<\/p>\n","protected":false},"author":9,"featured_media":227098,"comment_status":"open","ping_status":"closed","sticky":false,"template":"","format":"standard","meta":{"footnotes":""},"categories":[309,313,295,2324,319,1345,211],"tags":[1579,540,1582,442,1473],"class_list":["post-227142","post","type-post","status-publish","format-standard","has-post-thumbnail","hentry","category-highlights","category-kultur","category-schweiz","category-tourismus","category-veranstaltungen","category-kuriositaeten","category-zeitschrift","tag-immaterielles-kulturerbe-der-unesco","tag-kultur","tag-schweiz","tag-tourismus","tag-traditionen"],"_links":{"self":[{"href":"https:\/\/swissfederalism.ch\/de\/wp-json\/wp\/v2\/posts\/227142","targetHints":{"allow":["GET"]}}],"collection":[{"href":"https:\/\/swissfederalism.ch\/de\/wp-json\/wp\/v2\/posts"}],"about":[{"href":"https:\/\/swissfederalism.ch\/de\/wp-json\/wp\/v2\/types\/post"}],"author":[{"embeddable":true,"href":"https:\/\/swissfederalism.ch\/de\/wp-json\/wp\/v2\/users\/9"}],"replies":[{"embeddable":true,"href":"https:\/\/swissfederalism.ch\/de\/wp-json\/wp\/v2\/comments?post=227142"}],"version-history":[{"count":3,"href":"https:\/\/swissfederalism.ch\/de\/wp-json\/wp\/v2\/posts\/227142\/revisions"}],"predecessor-version":[{"id":227145,"href":"https:\/\/swissfederalism.ch\/de\/wp-json\/wp\/v2\/posts\/227142\/revisions\/227145"}],"wp:featuredmedia":[{"embeddable":true,"href":"https:\/\/swissfederalism.ch\/de\/wp-json\/wp\/v2\/media\/227098"}],"wp:attachment":[{"href":"https:\/\/swissfederalism.ch\/de\/wp-json\/wp\/v2\/media?parent=227142"}],"wp:term":[{"taxonomy":"category","embeddable":true,"href":"https:\/\/swissfederalism.ch\/de\/wp-json\/wp\/v2\/categories?post=227142"},{"taxonomy":"post_tag","embeddable":true,"href":"https:\/\/swissfederalism.ch\/de\/wp-json\/wp\/v2\/tags?post=227142"}],"curies":[{"name":"wp","href":"https:\/\/api.w.org\/{rel}","templated":true}]}}