{"id":226286,"date":"2022-12-27T19:52:19","date_gmt":"2022-12-27T19:52:19","guid":{"rendered":"https:\/\/swissfederalism.ch\/diamante-digital-dream-made-in-italy\/"},"modified":"2022-12-28T12:28:40","modified_gmt":"2022-12-28T12:28:40","slug":"diamante-italiendigitale-traum-made-in-italy","status":"publish","type":"post","link":"https:\/\/swissfederalism.ch\/de\/diamante-italiendigitale-traum-made-in-italy\/","title":{"rendered":"Ein Diamant f\u00fcr Italien: der digitale Traum von Adriano Ippoliti f\u00fcr Made in Italy ist Realit\u00e4t geworden"},"content":{"rendered":"<h1><span class=\"font-762333\">Ein Diamant f\u00fcr Italien: der digitale Traum von Adriano Ippoliti f\u00fcr Made in Italy ist Realit\u00e4t geworden<\/span><\/h1>\n<h3><span class=\"font-762333\"><em>Der in den Abruzzen ans\u00e4ssige Gr\u00fcnder und Sch\u00f6pfer des digitalen Fernsehens: &#8222;Eine Plattform, die auch ein Informations-\u00d6kosystem f\u00fcr Unternehmen und das Gebiet darstellt. Ziel 2023: Ausbildung von Jugendlichen in Schulen&#8220;.<\/em><\/span><\/h3>\n<figure id=\"attachment_226261\" aria-describedby=\"caption-attachment-226261\" style=\"width: 840px\" class=\"wp-caption aligncenter\"><a href=\"https:\/\/swissfederalism.ch\/de\/diamante-1-2\/\" rel=\"attachment wp-att-226261\"><img decoding=\"async\" class=\"size-large wp-image-226261\" src=\"https:\/\/swissfederalism.ch\/wp-content\/uploads\/2022\/12\/Diamante-1-1024x555.jpg\" alt=\"Adriano Ippoliti Fondatore di Diamante TV\" width=\"840\" height=\"455\" srcset=\"https:\/\/swissfederalism.ch\/wp-content\/uploads\/2022\/12\/Diamante-1-1024x555.jpg 1024w, https:\/\/swissfederalism.ch\/wp-content\/uploads\/2022\/12\/Diamante-1-300x162.jpg 300w, https:\/\/swissfederalism.ch\/wp-content\/uploads\/2022\/12\/Diamante-1-768x416.jpg 768w, https:\/\/swissfederalism.ch\/wp-content\/uploads\/2022\/12\/Diamante-1-1536x832.jpg 1536w, https:\/\/swissfederalism.ch\/wp-content\/uploads\/2022\/12\/Diamante-1-350x190.jpg 350w, https:\/\/swissfederalism.ch\/wp-content\/uploads\/2022\/12\/Diamante-1.jpg 1590w\" sizes=\"(max-width: 840px) 100vw, 840px\" \/><\/a><figcaption id=\"caption-attachment-226261\" class=\"wp-caption-text\"><span class=\"font-762333\">Adriano Ippoliti Gr\u00fcnder und Gesch\u00e4ftsf\u00fchrer von Diamante TV<\/span><\/figcaption><\/figure>\n<p><span class=\"font-762333\">Ein Diamant f\u00fcr Italien und f\u00fcr die Italiener, wo auch immer sie leben oder sind. Im Herzen des Val Vibrata, in der Region Abruzzen, die so viele ihrer Kinder in die Welt geschickt hat, schl\u00e4gt das Herz von <a href=\"https:\/\/www.diamante.live\/\"><strong>Diamante TV<\/strong><\/a>, einem Projekt, das in der Zeit verwurzelt ist und auf das Jahr 2009 zur\u00fcckgeht. In 15 Jahren hat es sich konsolidiert und mit Ressourcen, Werkzeugen und Potenzial bereichert, um ein sehr einfaches Ziel zu verfolgen: das gr\u00f6\u00dfte Schaufenster der Italiener in der Welt zu werden. Um Projekte zu verwirklichen, muss man die F\u00e4higkeit haben, zu tr\u00e4umen und sie sich vorzustellen, und <strong>Adriano Ippoliti<\/strong>, der Gr\u00fcnder, das Herz und die Seele der Plattform, die zum Kreuzungspunkt der Italiener zwischen Italien und dem Rest der Welt werden soll, geh\u00f6rt zu der Kategorie von Menschen, die gerne tr\u00e4umen und ihre Tr\u00e4ume mit Mut und Engagement befeuern. Es bedurfte einer gro\u00dfen Vision, um eine Br\u00fccke zwischen Italien, der gro\u00dfen Sch\u00f6nheit aus Kunst, Kultur und Erbe, und seinen vielen, vielen Kindern, die seit Generationen \u00fcber die f\u00fcnf Kontinente verstreut sind, zu schlagen, wobei die unersch\u00f6pfliche Mine des Made in Italy als Motor und Mine dient. Das Projekt von Ippoliti, der k\u00fcrzlich in Z\u00fcrich f\u00fcr sein Engagement und seine Arbeit zur F\u00f6rderung italienischer Marken geehrt wurde und dessen B\u00fcros von Colonnella in den Abruzzen bis nach Z\u00fcrich, Madrid, Montreal, Miami, Buenos Aires und Melbourne verstreut sind, ist eine Sprache, die mit der Vergangenheit spricht, um die Tradition und die Urspr\u00fcnge unseres Landes und seine vielen Vorz\u00fcge wiederzugewinnen, und die in die Zukunft weist, um junge Menschen aus dem Ausland einzubeziehen und zu gewinnen, die den Wunsch und den Wunsch haben, den umgekehrten Weg zu dem ihrer V\u00e4ter und Gro\u00dfv\u00e4ter zu gehen, hin zu dem Land, das ihnen ihre Herkunft, ihr Herz und ihre Seele gegeben hat.<\/span><\/p>\n<p><span class=\"font-762333\"><em>&#8222;Wir wollen eine Br\u00fccke der Kommunikation zwischen Italien und den Italienern sein, ein Projekt, das auf Digitaltechnik und Streaming basiert und alle anspricht, die unser Land lieben. Deshalb wurde unsere Plattform so konzipiert und aufgebaut, dass sie zu 100 Prozent mehrsprachig ist, offen f\u00fcr alle Sprachen und Kulturen, die sich mit der unseren kreuzen und vermischen. Unser Fernsehen und unsere Inhalte sind keine Unterhaltungsprogramme, sie haben weder das Wesen noch die Ziele. Es ist Bildung und F\u00f6rderung des italienischen Territoriums, der Kultur und des Erbes durch modernes, breit gef\u00e4chertes und breit angelegtes Marketing.&#8220;<\/em><\/span><\/p>\n<p><span class=\"font-762333\"><a href=\"https:\/\/swissfederalism.ch\/de\/italienische-exzellenzen-ausgestellt-in-zuerich-ein-grosser-erfolg\/\"><strong>Italienische Exzellenzen ausgestellt in Z\u00fcrich: ein gro\u00dfer Erfolg!<\/strong><\/a><\/span><\/p>\n<p><span class=\"font-762333\">Adriano Ippoliti ist ein moderner Unternehmer, der buchst\u00e4blich ein Selfmademan ist. Er begann in der Schweiz, als er noch ein kleiner Junge war, und wie so viele andere Italiener, die ausgewandert waren, um ihr Gl\u00fcck jenseits der Grenze zu suchen, hat er durch hundert Berufe und tausend Erfahrungen die F\u00e4higkeit entwickelt, sich eine digitale und wertvolle Br\u00fccke zwischen Italien und seinen Millionen von Kindern vorzustellen, die \u00fcberall verstreut leben. Ein anderes Italien mit Hunderten von Millionen Einwohnern: eine andere Art, unser Land zu betrachten, das mit all seinen &#8222;italienischen&#8220; Mitgliedern fast drei Viertel der Bev\u00f6lkerung von ganz Europa ausmachen w\u00fcrde.<\/span><\/p>\n<p><em><span class=\"font-762333\">&#8222;Man sch\u00e4tzt, dass es in der Welt etwa 250 Millionen Italiener gibt, ein fundamentales Kapital f\u00fcr die Zukunft unseres Landes. Ein so gro\u00dfer Schatz an potenziellen Kunden, die nicht nur aus touristischen Gr\u00fcnden in das Mutterland zur\u00fcckkehren, sondern gerade, um mit seinen Ressourcen und Unternehmen zu interagieren. Man kann sagen, dass Diamante TV ein \u00d6kosystem ist, das durch den elektronischen Handel mit Produkten und den Tourismus im B2B-Bereich den Archipel der Kleinstunternehmen, die das R\u00fcckgrat des italienischen Produktionsgef\u00fcges bilden, b\u00fcndeln und vorantreiben kann. Die St\u00e4rke Italiens liegt in der kleinen Produktion, denn von den 8.000 Gemeinden haben 5.000 weniger als 5.000 Einwohner: Die gro\u00dfe italienische St\u00e4rke ist die St\u00e4rke der Kleinen, die tr\u00e4umen und gro\u00df denken und ihre Qualit\u00e4ten und F\u00e4higkeiten einsetzen, die \u00fcberall auf der Welt anerkannt sind&#8220;.<\/span><\/em><\/p>\n<p>&nbsp;<\/p>\n<figure id=\"attachment_226265\" aria-describedby=\"caption-attachment-226265\" style=\"width: 840px\" class=\"wp-caption aligncenter\"><a href=\"https:\/\/swissfederalism.ch\/de\/diamante-2\/\" rel=\"attachment wp-att-226265\"><img decoding=\"async\" class=\"size-large wp-image-226265\" src=\"https:\/\/swissfederalism.ch\/wp-content\/uploads\/2022\/12\/Diamante-1024x569.jpg\" alt=\"La piattaforma di Diamante TV \" width=\"840\" height=\"467\" srcset=\"https:\/\/swissfederalism.ch\/wp-content\/uploads\/2022\/12\/Diamante-1024x569.jpg 1024w, https:\/\/swissfederalism.ch\/wp-content\/uploads\/2022\/12\/Diamante-300x167.jpg 300w, https:\/\/swissfederalism.ch\/wp-content\/uploads\/2022\/12\/Diamante-768x427.jpg 768w, https:\/\/swissfederalism.ch\/wp-content\/uploads\/2022\/12\/Diamante-1536x854.jpg 1536w, https:\/\/swissfederalism.ch\/wp-content\/uploads\/2022\/12\/Diamante-350x195.jpg 350w, https:\/\/swissfederalism.ch\/wp-content\/uploads\/2022\/12\/Diamante.jpg 1628w\" sizes=\"(max-width: 840px) 100vw, 840px\" \/><\/a><figcaption id=\"caption-attachment-226265\" class=\"wp-caption-text\"><span class=\"font-762333\">Die Plattform von Diamante TV<\/span><\/figcaption><\/figure>\n<h3><span class=\"font-762333\">Die Herausforderung ist abgesteckt, und die Ziele eines Projekts, das aus der Ferne begonnen und in aller Ruhe, aber unerbittlich vorangetrieben wurde, sind f\u00fcr das kommende Jahr bereits umrissen.<\/span><\/h3>\n<p><span class=\"font-762333\"><em>&#8222;Schulen und Unternehmen in der Region werden im Jahr 2023 das Herzst\u00fcck unserer Plattform sein, wenn es darum geht, sie bekannt zu machen und zu informieren. Wir werden uns an junge Menschen und Unternehmer wenden, um ein digitales Gesch\u00e4ftsmodell zu vermitteln und zu verankern, das Technologie, Know-how und Tradition miteinander verbindet. Wir wollen unserem Handwerk helfen, mit dem Tempo des modernen Marktes und seiner Wettbewerbsf\u00e4higkeit Schritt zu halten, und jungen Menschen auf dem Weg des Wachstums helfen, der sie dazu bringt, sich zu entscheiden, zu bleiben und nicht auszuwandern, um ihren Beitrag f\u00fcr dieses Land zu leisten. In unserem Land fehlt es in den Schulen v\u00f6llig an einer Kultur des Unternehmertums, an einer Kultur des pers\u00f6nlichen Wachstums, die den jungen Menschen hilft, die richtigen oder falschen Entscheidungen zu treffen, die es ihnen erm\u00f6glichen, ihre Tr\u00e4ume zu verfolgen, ohne sich von der Gesellschaft, in der sie leben, gedem\u00fctigt oder verh\u00f6hnt zu f\u00fchlen. Alle gro\u00dfen Marken waren in ihren Anf\u00e4ngen Handwerker, und wenn wir uns daran erinnern, wie sie gro\u00df geworden sind, so wie dieses Land gro\u00df geworden ist, dann ist das ein notwendiger Weg, um unsere Vergangenheit wiederzuerlangen und eine solide Grundlage f\u00fcr die Zukunft zu schaffen.&#8220;<\/em><\/span><\/p>\n<h3><span class=\"font-762333\">In Ihrem Fall ist die Privatwirtschaft damit besch\u00e4ftigt, historische L\u00fccken zu schlie\u00dfen, die die Politik weitgehend nicht geschlossen hat. In vielen F\u00e4llen hat sie sie sogar noch verschlimmert.<\/span><\/h3>\n<p><span class=\"font-762333\"><em>&#8222;Italien lebt st\u00e4ndig in einer Glasglocke, die die Gesellschaft nicht sch\u00fctzt, sondern weiter schw\u00e4cht. Wir leben in einem Land, in dem immer viel, sogar zu viel, \u00fcber Innovation, Exzellenz, Kunst, Kultur und Tourismus geredet wird, aber die Wahrheit ist, dass das italienische System nie ein konstruktives Interesse an einer nachhaltigen Unternehmensentwicklung gezeigt und nie richtig in das Humankapital investiert hat. Es mangelt an einer langfristigen Vision, an F\u00fchrung und an Verhaltensweisen, die f\u00fcr die neuen Generationen beispielgebend sind. Die Politik hat in all den Jahren nicht den Mut gehabt, eine tiefgreifende Vision und einen Horizont zu haben, sondern hat kurzfristige und kurzatmige Operationen bevorzugt, die Projekte und Menschen verbrannt haben, anstatt sie zu f\u00f6rdern.&#8220;<\/em><\/span><\/p>\n<h3><span class=\"font-762333\">Die Skizze Ihrer Einrichtung scheint auf alten Wurzeln, bew\u00e4hrten Traditionen und einem der Zukunft zugewandten Blick aufgebaut zu sein.<\/span><\/h3>\n<p><span class=\"font-762333\">&#8222;Wir sind ein sehr flexibles, innovatives Unternehmen, das jeden Tag experimentiert und sich st\u00e4ndig weiterentwickelt. Wir brechen die Form der Industrie, indem wir Modelle und Strategien, die zu verschiedenen Industrien geh\u00f6rten, kontextualisieren. Was heute in der digitalen Verlags- und audiovisuellen Welt passiert, haben wir bereits erlebt und das erlaubt uns, kontinuierlich voraus zu spielen. Jahrelang haben wir in der Anonymit\u00e4t gearbeitet, w\u00e4hrend wir jetzt die Aufmerksamkeit von privaten Investoren und Investmentfonds auf uns ziehen. Das freut uns sehr und best\u00e4tigt uns, dass wir auf dem richtigen Weg sind. Was uns also auszeichnet, ist definitiv das Know-how, das Managementteam und die Art und Weise, wie wir an den Markt herangehen. Wir schaffen ein neues unternehmerisches \u00d6kosystem, das es uns schlie\u00dflich erm\u00f6glichen wird, von Kunst, Kultur, Unterhaltung, Tourismus und vielem mehr zu leben und einzelne Sektoren weltweit zu skalieren.&#8220;<\/span><\/p>\n<figure id=\"attachment_226269\" aria-describedby=\"caption-attachment-226269\" style=\"width: 840px\" class=\"wp-caption aligncenter\"><a href=\"https:\/\/swissfederalism.ch\/de\/diamante-3-2\/\" rel=\"attachment wp-att-226269\"><img decoding=\"async\" class=\"size-large wp-image-226269\" src=\"https:\/\/swissfederalism.ch\/wp-content\/uploads\/2022\/12\/Diamante-3-1024x260.jpg\" alt=\"Il logo di Diamante TV\" width=\"840\" height=\"213\" srcset=\"https:\/\/swissfederalism.ch\/wp-content\/uploads\/2022\/12\/Diamante-3-1024x260.jpg 1024w, https:\/\/swissfederalism.ch\/wp-content\/uploads\/2022\/12\/Diamante-3-300x76.jpg 300w, https:\/\/swissfederalism.ch\/wp-content\/uploads\/2022\/12\/Diamante-3-768x195.jpg 768w, https:\/\/swissfederalism.ch\/wp-content\/uploads\/2022\/12\/Diamante-3-350x89.jpg 350w, https:\/\/swissfederalism.ch\/wp-content\/uploads\/2022\/12\/Diamante-3.jpg 1534w\" sizes=\"(max-width: 840px) 100vw, 840px\" \/><\/a><figcaption id=\"caption-attachment-226269\" class=\"wp-caption-text\"><span class=\"font-762333\">Das Logo von Diamante TV<\/span><\/figcaption><\/figure>\n<h2><span class=\"font-762333\">ZAHLEN<\/span><\/h2>\n<p><span class=\"font-762333\"><strong>6 Millionen<\/strong> mit Staatsb\u00fcrgerschaft<\/span><\/p>\n<p><span class=\"font-762333\"><strong>50 Millionen<\/strong> ohne Staatsangeh\u00f6rigkeit<\/span><\/p>\n<p><span class=\"font-762333\"><strong>250 Millionen<\/strong> Menschen mit italienischer Abstammung in zweiter, dritter und vierter Generation<\/span><\/p>\n<p><span class=\"font-762333\"><strong>25 Experten<\/strong> und sechs B\u00fcros auf 3 Kontinenten<\/span><\/p>\n<p><span class=\"font-762333\"><strong>147 L\u00e4nder i<\/strong>m Netzwerk des Netzwerks<\/span><\/p>\n<p><span class=\"font-762333\"><strong>25 Millionen<\/strong> Menschen als Zuschauer in der Welt<\/span><\/p>\n<p><span class=\"font-762333\"><strong>Diamante TV Links:<\/strong>\u00a0 <a href=\"https:\/\/www.diamante.live\/\">https:\/\/www.diamante.live\/<\/a><\/span><\/p>\n","protected":false},"excerpt":{"rendered":"<p>Der in den Abruzzen ans\u00e4ssige Gr\u00fcnder und Sch\u00f6pfer des digitalen Fernsehens: &#8222;Eine Plattform, die auch ein Informations-\u00d6kosystem f\u00fcr Unternehmen und das Gebiet darstellt. Ziel 2023: Ausbildung von Jugendlichen in Schulen&#8220;.<\/p>\n","protected":false},"author":15,"featured_media":226272,"comment_status":"open","ping_status":"closed","sticky":false,"template":"","format":"standard","meta":{"footnotes":""},"categories":[278,309,643,290,2104,211],"tags":[1851,2006,863,1648,900,2284,671,2115,1251],"class_list":["post-226286","post","type-post","status-publish","format-standard","has-post-thumbnail","hentry","category-europa-de","category-highlights","category-interviews","category-italien","category-italienische-kultur","category-zeitschrift","tag-auslandsitaliener-de","tag-digitalisierung","tag-gesellschaften","tag-innovation-de","tag-italienisch","tag-italienische-sprache","tag-kommunikation","tag-made-in-italy-de","tag-technologie"],"_links":{"self":[{"href":"https:\/\/swissfederalism.ch\/de\/wp-json\/wp\/v2\/posts\/226286","targetHints":{"allow":["GET"]}}],"collection":[{"href":"https:\/\/swissfederalism.ch\/de\/wp-json\/wp\/v2\/posts"}],"about":[{"href":"https:\/\/swissfederalism.ch\/de\/wp-json\/wp\/v2\/types\/post"}],"author":[{"embeddable":true,"href":"https:\/\/swissfederalism.ch\/de\/wp-json\/wp\/v2\/users\/15"}],"replies":[{"embeddable":true,"href":"https:\/\/swissfederalism.ch\/de\/wp-json\/wp\/v2\/comments?post=226286"}],"version-history":[{"count":4,"href":"https:\/\/swissfederalism.ch\/de\/wp-json\/wp\/v2\/posts\/226286\/revisions"}],"predecessor-version":[{"id":226305,"href":"https:\/\/swissfederalism.ch\/de\/wp-json\/wp\/v2\/posts\/226286\/revisions\/226305"}],"wp:featuredmedia":[{"embeddable":true,"href":"https:\/\/swissfederalism.ch\/de\/wp-json\/wp\/v2\/media\/226272"}],"wp:attachment":[{"href":"https:\/\/swissfederalism.ch\/de\/wp-json\/wp\/v2\/media?parent=226286"}],"wp:term":[{"taxonomy":"category","embeddable":true,"href":"https:\/\/swissfederalism.ch\/de\/wp-json\/wp\/v2\/categories?post=226286"},{"taxonomy":"post_tag","embeddable":true,"href":"https:\/\/swissfederalism.ch\/de\/wp-json\/wp\/v2\/tags?post=226286"}],"curies":[{"name":"wp","href":"https:\/\/api.w.org\/{rel}","templated":true}]}}