{"id":225609,"date":"2022-11-25T19:34:01","date_gmt":"2022-11-25T19:34:01","guid":{"rendered":"https:\/\/swissfederalism.ch\/motorway-vignette-2023\/"},"modified":"2022-11-25T19:48:37","modified_gmt":"2022-11-25T19:48:37","slug":"autobahnvignette-2023","status":"publish","type":"post","link":"https:\/\/swissfederalism.ch\/de\/autobahnvignette-2023\/","title":{"rendered":"Die Schweizer Autobahnvignette 2023 ist gelb"},"content":{"rendered":"<h1><span class=\"font-377884\">Die Schweizer Autobahnvignette 2023 ist gelb<\/span><\/h1>\n<h3><span class=\"font-377884\"><em>Ab dem 1. Dezember 2022 ist die neue Autobahnvignette mit gelbem Hintergrund und roter Jahreszahl auf der einen und weisser R\u00fcckseite auf der anderen Seite erh\u00e4ltlich, ebenfalls zum Preis von 40 Franken.<\/em><\/span><\/h3>\n<figure id=\"attachment_225598\" aria-describedby=\"caption-attachment-225598\" style=\"width: 840px\" class=\"wp-caption aligncenter\"><a href=\"https:\/\/swissfederalism.ch\/vignetta-2023\/attachment\/74079\/\" rel=\"attachment wp-att-225598\"><img decoding=\"async\" class=\"size-large wp-image-225598\" src=\"https:\/\/swissfederalism.ch\/wp-content\/uploads\/2022\/11\/74079-1024x722.jpg\" alt=\"Vignetta autostradale svizzera 2023\" width=\"840\" height=\"592\" srcset=\"https:\/\/swissfederalism.ch\/wp-content\/uploads\/2022\/11\/74079-1024x722.jpg 1024w, https:\/\/swissfederalism.ch\/wp-content\/uploads\/2022\/11\/74079-300x211.jpg 300w, https:\/\/swissfederalism.ch\/wp-content\/uploads\/2022\/11\/74079-768x541.jpg 768w, https:\/\/swissfederalism.ch\/wp-content\/uploads\/2022\/11\/74079-1536x1083.jpg 1536w, https:\/\/swissfederalism.ch\/wp-content\/uploads\/2022\/11\/74079-2048x1444.jpg 2048w, https:\/\/swissfederalism.ch\/wp-content\/uploads\/2022\/11\/74079-350x247.jpg 350w, https:\/\/swissfederalism.ch\/wp-content\/uploads\/2022\/11\/74079-scaled.jpg 2560w\" sizes=\"(max-width: 840px) 100vw, 840px\" \/><\/a><figcaption id=\"caption-attachment-225598\" class=\"wp-caption-text\"><\/span> <span class=\"font-377884\">Schweizer Autobahnvignette 2023<\/span><\/figcaption><\/figure>\n<p><span class=\"font-377884\">Die Plakette, die <strong>vom 1. Dezember 2022 bis zum 31. Januar 2024<\/strong> g\u00fcltig ist, kann wie \u00fcblich an Tankstellen, Werkst\u00e4tten sowie an Post-, Zoll- und Stra\u00dfenverkehrsschaltern erworben werden. Autofahrer m\u00fcssen abgelaufene Plaketten von der Windschutzscheibe abl\u00f6sen, damit sie die Sicht nicht behindern.<\/span><\/p>\n<h2><span class=\"font-377884\">Ein bisschen Geschichte<\/span><\/h2>\n<p><span class=\"font-377884\">Seit 1985 gibt es eine Abgabe f\u00fcr die Benutzung von Schweizer Autobahnen oder Halbautobahnen f\u00fcr Autos, Motorr\u00e4der, Anh\u00e4nger, Wohnwagen, Lieferwagen oder Wohnmobile (bis zu 3,5 Tonnen), die in Form einer Autobahnvignette erhoben wird und 40 Franken pro Jahr kostet. Sie ist vom 1. Dezember des Vorjahres bis zum 31. Januar des auf den Druck folgenden Jahres g\u00fcltig.<\/span><\/p>\n<p><span class=\"font-377884\"><strong><a href=\"https:\/\/swissfederalism.ch\/de\/koennen-elektrofahrzeuge-gerechte-energiewende-ermoeglichen\/\">K\u00f6nnen Elektrofahrzeuge eine gerechte Energiewende erm\u00f6glichen?<\/a><\/strong><\/span><\/p>\n<h2><span class=\"font-377884\">An der Windschutzscheibe zu befestigen<\/span><\/h2>\n<p><span class=\"font-377884\">Die Plakette ist nur g\u00fcltig, wenn sie direkt und ohne Verwendung anderer Materialien an der vorgeschriebenen Stelle auf das Fahrzeug geklebt wird: bei Kraftfahrzeugen an der Innenseite der Windschutzscheibe, bei Anh\u00e4ngern und Motorr\u00e4dern an einem leicht zug\u00e4nglichen, nicht auswechselbaren Teil. Es ist verboten, die Plakette zu entfernen und sie dann an demselben oder einem anderen Fahrzeug wieder anzubringen.\u00a0<\/span><\/p>\n<h2><span class=\"font-377884\">Einf\u00fchrung der elektronischen Vignette im Jahr 2023<\/span><\/h2>\n<p><span class=\"font-377884\">Die elektronische Plakette wird im Laufe des Jahres 2023 eingef\u00fchrt, allerdings erst nach dem n\u00e4chsten 31. Januar. Der Bundesrat wird \u00fcber den Termin voraussichtlich im ersten Quartal 2023 entscheiden. Die Einf\u00fchrung der elektronischen Marke im Laufe des Jahres hat den Vorteil, dass die Systeme schrittweise optimiert werden k\u00f6nnen, so dass der Eidgen\u00f6ssische Zoll- und Grenzschutzdienst (EZV) die Erfahrungen direkt in den Verkauf der Marke 2024 einfliessen lassen kann.<\/span><\/p>\n<p><span class=\"font-377884\">Der elektronische Aufkleber, der \u00fcber ein UDSC-Webportal erworben werden kann, wird den derzeitigen Klebeaufkleber nicht ersetzen, sondern beide Varianten werden parallel betrieben.<\/span><\/p>\n<h2><span class=\"font-377884\">Bu\u00dfgeld bei Fehlen einer g\u00fcltigen Vignette<\/span><\/h2>\n<p><span class=\"font-377884\">Wer vors\u00e4tzlich oder fahrl\u00e4ssig eine Nationalstrasse mit einem mautpflichtigen Fahrzeug ohne g\u00fcltige Vignette oder unter Verletzung der geltenden Vorschriften benutzt, wird mit einer Busse von 200 Franken bestraft, zu der noch 40 Franken f\u00fcr den Kauf der Vignette hinzukommen.<\/span><\/p>\n<p><span class=\"font-377884\">Quelle: admin<\/span><\/p>\n","protected":false},"excerpt":{"rendered":"<p>Ab dem 1. Dezember 2022 ist die neue Autobahnvignette mit gelbem Hintergrund und roter Jahreszahl auf der einen und weisser R\u00fcckseite auf der anderen Seite erh\u00e4ltlich, ebenfalls zum Preis von 40 Franken.<\/p>\n","protected":false},"author":9,"featured_media":225601,"comment_status":"open","ping_status":"closed","sticky":false,"template":"","format":"standard","meta":{"footnotes":""},"categories":[309,295,211],"tags":[809,1582,414],"class_list":["post-225609","post","type-post","status-publish","format-standard","has-post-thumbnail","hentry","category-highlights","category-schweiz","category-zeitschrift","tag-fahrzeug","tag-schweiz","tag-steuern"],"_links":{"self":[{"href":"https:\/\/swissfederalism.ch\/de\/wp-json\/wp\/v2\/posts\/225609","targetHints":{"allow":["GET"]}}],"collection":[{"href":"https:\/\/swissfederalism.ch\/de\/wp-json\/wp\/v2\/posts"}],"about":[{"href":"https:\/\/swissfederalism.ch\/de\/wp-json\/wp\/v2\/types\/post"}],"author":[{"embeddable":true,"href":"https:\/\/swissfederalism.ch\/de\/wp-json\/wp\/v2\/users\/9"}],"replies":[{"embeddable":true,"href":"https:\/\/swissfederalism.ch\/de\/wp-json\/wp\/v2\/comments?post=225609"}],"version-history":[{"count":2,"href":"https:\/\/swissfederalism.ch\/de\/wp-json\/wp\/v2\/posts\/225609\/revisions"}],"predecessor-version":[{"id":225611,"href":"https:\/\/swissfederalism.ch\/de\/wp-json\/wp\/v2\/posts\/225609\/revisions\/225611"}],"wp:featuredmedia":[{"embeddable":true,"href":"https:\/\/swissfederalism.ch\/de\/wp-json\/wp\/v2\/media\/225601"}],"wp:attachment":[{"href":"https:\/\/swissfederalism.ch\/de\/wp-json\/wp\/v2\/media?parent=225609"}],"wp:term":[{"taxonomy":"category","embeddable":true,"href":"https:\/\/swissfederalism.ch\/de\/wp-json\/wp\/v2\/categories?post=225609"},{"taxonomy":"post_tag","embeddable":true,"href":"https:\/\/swissfederalism.ch\/de\/wp-json\/wp\/v2\/tags?post=225609"}],"curies":[{"name":"wp","href":"https:\/\/api.w.org\/{rel}","templated":true}]}}