{"id":224750,"date":"2022-10-12T16:00:17","date_gmt":"2022-10-12T16:00:17","guid":{"rendered":"https:\/\/swissfederalism.ch\/530-years-ago-the-discovery-of-america\/"},"modified":"2022-10-12T16:37:02","modified_gmt":"2022-10-12T16:37:02","slug":"vor-530-jahren-wurde-amerika-entdeckt","status":"publish","type":"post","link":"https:\/\/swissfederalism.ch\/de\/vor-530-jahren-wurde-amerika-entdeckt\/","title":{"rendered":"Vor 530 Jahren wurde Amerika entdeckt"},"content":{"rendered":"<h1><span class=\"font-377884\">Vor 530 Jahren wurde Amerika entdeckt<\/span><\/h1>\n<h3><span class=\"font-377884\"><em>Es war der 12. Oktober 1492, als Christoph Kolumbus erstmals auf dem amerikanischen Kontinent landete und damit das Ende des Mittelalters und den Beginn der Neuzeit einl\u00e4utete.<\/em><\/span><\/h3>\n<figure id=\"attachment_224718\" aria-describedby=\"caption-attachment-224718\" style=\"width: 840px\" class=\"wp-caption aligncenter\"><a href=\"https:\/\/swissfederalism.ch\/de\/viajes_de_colon_en-phirosiberiaderivative-work-phirosiberia-cc-by-sa-3-0-via-wikimedia-commons-2\/\" rel=\"attachment wp-att-224718\"><img decoding=\"async\" class=\"Mappa dei viaggi di Cristoforo Colombo in America Photo by Viajes_de_colon.svg: Phirosiberia derivative work: Phirosiberia, CC BY-SA 3.0, via Wikimedia Commons wp-image-224718 size-large\" title=\"Mappa dei viaggi di Cristoforo Colombo in America Photo by Viajes_de_colon.svg: Phirosiberia derivative work: Phirosiberia, CC BY-SA 3.0, via Wikimedia Commons\" src=\"https:\/\/swissfederalism.ch\/wp-content\/uploads\/2022\/10\/Viajes_de_colon_en-Phirosiberiaderivative-work-Phirosiberia-CC-BY-SA-3.0-via-Wikimedia-Commons-1024x686.png\" alt=\"Viajes_de_colon.svg: Phirosiberia derivative work: Phirosiberia, CC BY-SA 3.0, via Wikimedia Commons\" width=\"840\" height=\"563\" srcset=\"https:\/\/swissfederalism.ch\/wp-content\/uploads\/2022\/10\/Viajes_de_colon_en-Phirosiberiaderivative-work-Phirosiberia-CC-BY-SA-3.0-via-Wikimedia-Commons-1024x686.png 1024w, https:\/\/swissfederalism.ch\/wp-content\/uploads\/2022\/10\/Viajes_de_colon_en-Phirosiberiaderivative-work-Phirosiberia-CC-BY-SA-3.0-via-Wikimedia-Commons-300x201.png 300w, https:\/\/swissfederalism.ch\/wp-content\/uploads\/2022\/10\/Viajes_de_colon_en-Phirosiberiaderivative-work-Phirosiberia-CC-BY-SA-3.0-via-Wikimedia-Commons-768x514.png 768w, https:\/\/swissfederalism.ch\/wp-content\/uploads\/2022\/10\/Viajes_de_colon_en-Phirosiberiaderivative-work-Phirosiberia-CC-BY-SA-3.0-via-Wikimedia-Commons-1536x1029.png 1536w, https:\/\/swissfederalism.ch\/wp-content\/uploads\/2022\/10\/Viajes_de_colon_en-Phirosiberiaderivative-work-Phirosiberia-CC-BY-SA-3.0-via-Wikimedia-Commons.png 1920w\" sizes=\"(max-width: 840px) 100vw, 840px\" \/><\/a><figcaption id=\"caption-attachment-224718\" class=\"wp-caption-text\"><span class=\"font-377884\">Map of Christopher Columbus&#8216; voyages to America Photo by <a href=\"https:\/\/commons.wikimedia.org\/wiki\/File:Viajes_de_colon_en.svg\">Viajes_de_colon.svg: Phirosiberia derivative work: Phirosiberia<\/a>, <a href=\"https:\/\/creativecommons.org\/licenses\/by-sa\/3.0\">CC BY-SA 3.0<\/a>, via Wikimedia Commons<\/span><\/figcaption><\/figure>\n<p><span class=\"font-377884\">Die Entdeckung Amerikas geschah &#8222;<em>zuf\u00e4llig<\/em>&#8222;, denn <strong>Christoph Kolumbus<\/strong> hatte sich auf den Weg nach <strong>Indien<\/strong> gemacht, um Afrika zu umsegeln und zu beweisen, dass die Erde tats\u00e4chlich rund ist: Bei seiner Ankunft in Amerika glaubte er tats\u00e4chlich, auf einer Insel des japanischen Archipels angekommen zu sein.<\/span><\/p>\n<p><span class=\"font-377884\">Am 3. August 1492 stach Kolumbus mit den drei ber\u00fchmten Karavellen<strong> Ni\u00f1a, Pinta<\/strong> und <strong>Santa Maria<\/strong> und einer spanischen Besatzung von Palos (Spanien) aus in See und landete in Guanahani, das er auf den Namen San Salvador taufte und im Namen der spanischen Herrscher in Besitz nahm.<\/span><\/p>\n<p><span class=\"font-377884\">Es war der <strong>12. Oktober 1492<\/strong>, der offizielle <strong>Tag der Entdeckung Amerikas<\/strong>, der auch das <strong>Ende des Mittelalters und den Beginn der Neuzeit<\/strong> markierte.<\/span><\/p>\n<p><span class=\"font-377884\">Zun\u00e4chst widmeten sich Spanien und Portugal der <strong>Kolonisierung Amerikas<\/strong>, ohne sich der Tatsache bewusst zu sein, dass sie sich auf einem &#8222;neuen&#8220; Kontinent befanden. Damals wurden die Erkundungen von vielen &#8222;<em>Conquistadores<\/em>&#8220; durchgef\u00fchrt, und erst zu Beginn des 16. Jahrhunderts erkannte der aus Florenz stammende <strong>Amerigo Vespucci,<\/strong> dass die von Kolumbus entdeckten Gebiete nicht zum eurasischen Kontinent geh\u00f6rten.<\/span><\/p>\n<p><span class=\"font-377884\">Mit der Entdeckung des neuen Kontinents kamen auch neue Produkte wie <strong>Mais, Kartoffeln, Kakao, Tomaten<\/strong> und <strong>Tabak<\/strong> nach Europa.<\/span><\/p>\n<p>&nbsp;<\/p>\n<figure id=\"attachment_224722\" aria-describedby=\"caption-attachment-224722\" style=\"width: 512px\" class=\"wp-caption aligncenter\"><a href=\"https:\/\/swissfederalism.ch\/de\/ridolfo_del_ghirlandaio_-_ritratto_di_cristoforo_colombo-ridolfo-del-ghirlandaio-public-domain-via-wikimedia-commons-2\/\" rel=\"attachment wp-att-224722\"><img decoding=\"async\" class=\"size-full wp-image-224722\" src=\"https:\/\/swissfederalism.ch\/wp-content\/uploads\/2022\/10\/Ridolfo_del_Ghirlandaio_-_Ritratto_di_Cristoforo_Colombo-Ridolfo-del-Ghirlandaio-Public-domain-via-Wikimedia-Commons.jpg\" alt=\"Ritratto di Cristoforo Colombo Photo by Ridolfo del Ghirlandaio , Public domain, via Wikimedia Commons\" width=\"512\" height=\"603\" srcset=\"https:\/\/swissfederalism.ch\/wp-content\/uploads\/2022\/10\/Ridolfo_del_Ghirlandaio_-_Ritratto_di_Cristoforo_Colombo-Ridolfo-del-Ghirlandaio-Public-domain-via-Wikimedia-Commons.jpg 512w, https:\/\/swissfederalism.ch\/wp-content\/uploads\/2022\/10\/Ridolfo_del_Ghirlandaio_-_Ritratto_di_Cristoforo_Colombo-Ridolfo-del-Ghirlandaio-Public-domain-via-Wikimedia-Commons-255x300.jpg 255w\" sizes=\"(max-width: 512px) 100vw, 512px\" \/><\/a><figcaption id=\"caption-attachment-224722\" class=\"wp-caption-text\"><span class=\"font-377884\">Portrait of Christopher Columbus Photo by <a href=\"https:\/\/commons.wikimedia.org\/wiki\/File:Ridolfo_del_Ghirlandaio_-_Ritratto_di_Cristoforo_Colombo_(1520)FXD.jpg\">Ridolfo del Ghirlandaio <\/a>, Public domain, via Wikimedia Commons<\/span><\/figcaption><\/figure>\n<h2><span class=\"font-377884\">Kurzbiographie von Christoph Kolumbus<\/span><\/h2>\n<p><span class=\"font-377884\"><strong>Christoph Kolumbus<\/strong>, in spanischsprachigen L\u00e4ndern als <em>Crist\u00f3bal Col\u00f3n<\/em>, in portugiesischsprachigen L\u00e4ndern als <em>Crist\u00f3v\u00e3o Colombo<\/em> und in italienischsprachigen L\u00e4ndern als <em>Cristoforo Colombo<\/em> bekannt, wurde 1451 in <strong>Genua<\/strong> in der damaligen Republik Genua (heute Italien) geboren und starb am 20. Mai 1506 in <strong>Valladolid<\/strong>, Spanien. Seit 1899 ruhen seine Gebeine in der<strong> Kathedrale von Sevilla.<\/strong><\/span><\/p>\n<p><span class=\"font-377884\">Er war eine der bedeutendsten Pers\u00f6nlichkeiten der Geschichte, die zur Entdeckung neuer, bis dahin unbekannter geografischer Gebiete f\u00fchrte, insbesondere des <strong>amerikanischen Kontinents<\/strong>.<\/span><\/p>\n<p><span class=\"font-377884\">\u00dcber das fr\u00fche Leben von Christoph Kolumbus, dem Sohn von Domenico Colombo und Susanna Fontanarossa, zwei genuesischen Kaufleuten, ist nur wenig bekannt: Er begann schon in <strong>jungen Jahren zu segeln<\/strong> und besuchte zahlreiche L\u00e4nder wie Chios, eine Insel in der \u00c4g\u00e4is, die damals von Genua beherrscht wurde, Bristol in England, Galway in Irland, wo er offenbar die St. Nicholas Collegiate Church besuchte, und Island.<\/span><\/p>\n<p><span class=\"font-377884\">Im Herbst 1477 segelte er auf einem portugiesischen Schiff von Galway, Irland, nach <strong>Lissabon<\/strong>, wo er mit seinem Bruder Bartholom\u00e4us, einem Kartographen, zusammenkam. Dort blieb er mehrere Jahre, vertiefte seine Lekt\u00fcre und das Zeichnen von Karten und studierte die Werke zahlreicher Geographen, wobei er sich von der neuen Theorie \u00fcberzeugte, die im Umlauf war, n\u00e4mlich dass die Erde rund und nicht flach war. W\u00e4hrend dieser Zeit begann er, die Idee zu kultivieren, die Indischen Inseln auf dem Seeweg nach Westen zu erreichen.<\/span><\/p>\n<p><span class=\"font-377884\">Um seine Theorie zu best\u00e4tigen, wandte er sich an mehrere europ\u00e4ische F\u00fcrstenh\u00f6fe, um seine Reise zu finanzieren, und erst 1492 nahmen die<strong> spanischen Herrscher<\/strong> Ferdinand und Isabella seinen Vorschlag an.<\/span><\/p>\n<p><span class=\"font-377884\"><strong><a href=\"https:\/\/swissfederalism.ch\/de\/ende-aera-elisabeth-ii-vereinigten-koenigreichs\/\">Das Ende der \u00c4ra von Elisabeth II. des Vereinigten K\u00f6nigreichs<\/a><\/strong><\/span><\/p>\n<p><span class=\"font-377884\"><a href=\"https:\/\/swissfederalism.ch\/de\/michail-gorbatschow-und-ein-stueck-geschichte-verschwindet\/\"><strong>Michail Gorbatschow und ein St\u00fcck Geschichte verschwindet<\/strong><\/a><\/span><\/p>\n<p>&nbsp;<\/p>\n<figure id=\"attachment_224726\" aria-describedby=\"caption-attachment-224726\" style=\"width: 840px\" class=\"wp-caption aligncenter\"><a href=\"https:\/\/swissfederalism.ch\/de\/statua-dedicata-a-cristoforo-colombo-a-madeira-foto-di-andrew-da-pixabay-2\/\" rel=\"attachment wp-att-224726\"><img decoding=\"async\" class=\"size-large wp-image-224726\" src=\"https:\/\/swissfederalism.ch\/wp-content\/uploads\/2022\/10\/Statua-dedicata-a-Cristoforo-Colombo-a-Madeira-Foto-di-Andrew-da-Pixabay-1024x683.jpg\" alt=\"Statua dedicata a Cristoforo Colombo a Madeira Photo by Andrew on Pixabay\" width=\"840\" height=\"560\" srcset=\"https:\/\/swissfederalism.ch\/wp-content\/uploads\/2022\/10\/Statua-dedicata-a-Cristoforo-Colombo-a-Madeira-Foto-di-Andrew-da-Pixabay-1024x683.jpg 1024w, https:\/\/swissfederalism.ch\/wp-content\/uploads\/2022\/10\/Statua-dedicata-a-Cristoforo-Colombo-a-Madeira-Foto-di-Andrew-da-Pixabay-300x200.jpg 300w, https:\/\/swissfederalism.ch\/wp-content\/uploads\/2022\/10\/Statua-dedicata-a-Cristoforo-Colombo-a-Madeira-Foto-di-Andrew-da-Pixabay-768x512.jpg 768w, https:\/\/swissfederalism.ch\/wp-content\/uploads\/2022\/10\/Statua-dedicata-a-Cristoforo-Colombo-a-Madeira-Foto-di-Andrew-da-Pixabay-1536x1024.jpg 1536w, https:\/\/swissfederalism.ch\/wp-content\/uploads\/2022\/10\/Statua-dedicata-a-Cristoforo-Colombo-a-Madeira-Foto-di-Andrew-da-Pixabay.jpg 1920w\" sizes=\"(max-width: 840px) 100vw, 840px\" \/><\/a><figcaption id=\"caption-attachment-224726\" class=\"wp-caption-text\"><span class=\"font-377884\">Statue dedicated to Christopher Columbus in Madeira Photo by Andrew on Pixabay<\/span><\/figcaption><\/figure>\n<h2><span class=\"font-377884\">Feier des Jahrestages<\/span><\/h2>\n<p><span class=\"font-377884\">Der &#8222;Columbus Day&#8220; ist einer der wichtigsten amerikanischen Feiertage und auch einer der am meisten gefeierten in der Welt.<\/span><\/p>\n<p><span class=\"font-377884\">In den <strong>Vereinigten Staaten<\/strong> wird der Kolumbus-Tag gefeiert, um der Ankunft von Christoph Kolumbus in der Neuen Welt am 12. Oktober 1492 zu gedenken. Es war<em> Pr\u00e4sident Franklin Delano Roosevelt,<\/em> der den Kolumbus-Tag als nationalen Feiertag in den Vereinigten Staaten von Amerika einf\u00fchrte.<\/span><\/p>\n<p><span class=\"font-377884\">In <strong>Lateinamerika<\/strong> wird der 12. Oktober wie der Christoph-Kolumbus-Tag begangen, allerdings mit unterschiedlichen Nuancen: In <em>Argentinien, Chile<\/em> oder <em>Mexiko<\/em> ist es der <strong>D\u00eda de la Raza<\/strong>, der an die erste Begegnung zwischen Europ\u00e4ern und amerikanischen Ureinwohnern erinnert, w\u00e4hrend in <em>Venezuela<\/em> und <em>Nicaragua<\/em> der <strong>D\u00eda de la Resistencia Ind\u00edgena<\/strong> gefeiert wird, der die Traditionen und die Kultur der Ureinwohner aufwerten und an den Widerstand der Eingeborenen gegen die Konquistadoren erinnern soll.<\/span><\/p>\n<p><span class=\"font-377884\">Am 12. Oktober wird in <em>Spanien<\/em> der <strong>D\u00eda de la Hispanidad<\/strong> gefeiert: Der H\u00f6hepunkt des Feiertags wird in Madrid um 11:00 Uhr auf der Plaza de Cuzco in Anwesenheit des spanischen K\u00f6nigshauses begangen, wo die ber\u00fchmte Milit\u00e4rparade und eine Flugschau von enormer Faszination zu sehen sind. Dieser Feiertag ist von nationalem Stolz gepr\u00e4gt und symbolisiert die kulturelle und sprachliche Expansion des Landes au\u00dferhalb des europ\u00e4ischen Kontinents.<\/span><\/p>\n<p><span class=\"font-377884\">In <em>Italien<\/em> ist der 12. Oktober der <strong>Nationalfeiertag von Christoph Kolumbus<\/strong>, ein Jahrestag, der erst seit 2004 eingef\u00fchrt wurde, um die historische Leistung der Entdeckung Amerikas zu feiern. An diesem Tag wird auch der &#8222;Chocoday&#8220; oder das Fest der Schokolade gefeiert, da der urspr\u00fcnglich aus Amerika stammende Kakao erst nach dieser Entdeckung nach Europa kam.<\/span><\/p>\n<p>&nbsp;<\/p>\n<figure id=\"attachment_224737\" aria-describedby=\"caption-attachment-224737\" style=\"width: 478px\" class=\"wp-caption aligncenter\"><a href=\"https:\/\/swissfederalism.ch\/de\/amerigo-vespucci-2\/\" rel=\"attachment wp-att-224737\"><img decoding=\"async\" class=\"size-large wp-image-224737\" src=\"https:\/\/swissfederalism.ch\/wp-content\/uploads\/2022\/10\/amerigo-vespucci-478x1024.jpg\" alt=\"Statua di Amerigo Vespucci a Firenze Photo by WikimediaImages on Pixabay\" width=\"478\" height=\"1024\" srcset=\"https:\/\/swissfederalism.ch\/wp-content\/uploads\/2022\/10\/amerigo-vespucci-478x1024.jpg 478w, https:\/\/swissfederalism.ch\/wp-content\/uploads\/2022\/10\/amerigo-vespucci-140x300.jpg 140w, https:\/\/swissfederalism.ch\/wp-content\/uploads\/2022\/10\/amerigo-vespucci-768x1644.jpg 768w, https:\/\/swissfederalism.ch\/wp-content\/uploads\/2022\/10\/amerigo-vespucci-718x1536.jpg 718w, https:\/\/swissfederalism.ch\/wp-content\/uploads\/2022\/10\/amerigo-vespucci.jpg 897w\" sizes=\"(max-width: 478px) 100vw, 478px\" \/><\/a><figcaption id=\"caption-attachment-224737\" class=\"wp-caption-text\"><span class=\"font-377884\">Statue of Amerigo Vespucci in Florence Photo by WikimediaImages on Pixabay<\/span><\/figcaption><\/figure>\n<h2><span class=\"font-377884\">Der Begriff Amerika<\/span><\/h2>\n<p><span class=\"font-377884\">Amerika ist nach dem Entdecker <strong>Amerigo Vespucci<\/strong> benannt, der am 9. M\u00e4rz 1454 in <strong>Florenz<\/strong> in der damaligen florentinischen Republik (heute Italien) geboren wurde und am 22. Februar 1512 in <strong>Sevilla<\/strong> in Spanien starb. Er war der erste, der erkannte, dass er nicht im Fernen Osten angekommen war, sondern ein v\u00f6llig neues Gebiet ber\u00fchrt hatte, das er &#8222;<em>Neue Welt&#8220;<\/em> nannte.<\/span><\/p>\n<p><span class=\"font-377884\">Die Verbreitung von Briefen, in denen Vespucci dieses Gebiet ausf\u00fchrlich beschrieb, veranlasste den deutschen Kartographen <strong>Martin Waldseem\u00fcller<\/strong>, den Kontinent &#8222;<strong>Amerika<\/strong>&#8220; zu nennen<\/span><\/p>\n<p>&nbsp;<\/p>\n","protected":false},"excerpt":{"rendered":"<p>Es war der 12. Oktober 1492, als Christoph Kolumbus erstmals auf dem amerikanischen Kontinent landete und damit das Ende des Mittelalters und den Beginn der Neuzeit einl\u00e4utete.<\/p>\n","protected":false},"author":9,"featured_media":224721,"comment_status":"open","ping_status":"closed","sticky":false,"template":"","format":"standard","meta":{"footnotes":""},"categories":[2273,278,990,304,309,313,211],"tags":[652,2279,1783,2278,2222],"class_list":["post-224750","post","type-post","status-publish","format-standard","has-post-thumbnail","hentry","category-amerika","category-europa-de","category-geopolitik","category-geschichte","category-highlights","category-kultur","category-zeitschrift","tag-amerika","tag-aera","tag-geschichte","tag-historische-ereignisse","tag-spanien"],"_links":{"self":[{"href":"https:\/\/swissfederalism.ch\/de\/wp-json\/wp\/v2\/posts\/224750","targetHints":{"allow":["GET"]}}],"collection":[{"href":"https:\/\/swissfederalism.ch\/de\/wp-json\/wp\/v2\/posts"}],"about":[{"href":"https:\/\/swissfederalism.ch\/de\/wp-json\/wp\/v2\/types\/post"}],"author":[{"embeddable":true,"href":"https:\/\/swissfederalism.ch\/de\/wp-json\/wp\/v2\/users\/9"}],"replies":[{"embeddable":true,"href":"https:\/\/swissfederalism.ch\/de\/wp-json\/wp\/v2\/comments?post=224750"}],"version-history":[{"count":2,"href":"https:\/\/swissfederalism.ch\/de\/wp-json\/wp\/v2\/posts\/224750\/revisions"}],"predecessor-version":[{"id":224752,"href":"https:\/\/swissfederalism.ch\/de\/wp-json\/wp\/v2\/posts\/224750\/revisions\/224752"}],"wp:featuredmedia":[{"embeddable":true,"href":"https:\/\/swissfederalism.ch\/de\/wp-json\/wp\/v2\/media\/224721"}],"wp:attachment":[{"href":"https:\/\/swissfederalism.ch\/de\/wp-json\/wp\/v2\/media?parent=224750"}],"wp:term":[{"taxonomy":"category","embeddable":true,"href":"https:\/\/swissfederalism.ch\/de\/wp-json\/wp\/v2\/categories?post=224750"},{"taxonomy":"post_tag","embeddable":true,"href":"https:\/\/swissfederalism.ch\/de\/wp-json\/wp\/v2\/tags?post=224750"}],"curies":[{"name":"wp","href":"https:\/\/api.w.org\/{rel}","templated":true}]}}