{"id":224516,"date":"2022-10-03T08:14:44","date_gmt":"2022-10-03T08:14:44","guid":{"rendered":"https:\/\/swissfederalism.ch\/piu-acqua-per-la-produzione-di-energia-elettrica\/"},"modified":"2022-10-03T08:21:56","modified_gmt":"2022-10-03T08:21:56","slug":"mehr-wasser-fuer-stromproduktion","status":"publish","type":"post","link":"https:\/\/swissfederalism.ch\/de\/mehr-wasser-fuer-stromproduktion\/","title":{"rendered":"Mehr Wasser f\u00fcr Stromproduktion"},"content":{"rendered":"<div class=\"contentHead\">\n<h1><span class=\"font-377884\">Mehr Wasser f\u00fcr Stromproduktion<\/span><\/h1>\n<\/div>\n<div class=\"mod mod-nsbnewsdetails\">\n<h3><em><span class=\"font-377884\">An seiner Sitzung vom 30. September 2022 hat der Bundesrat eine weitere Massnahme zur St\u00e4rkung der Stromversorgungssicherheit gutgeheissen, die eine Erh\u00f6hung der Stromproduktion um bis zu 150 GWh w\u00e4hrend maximal sieben Monaten erlaubt.\u00a0<\/span><\/em><\/h3>\n<figure id=\"attachment_132359\" aria-describedby=\"caption-attachment-132359\" style=\"width: 840px\" class=\"wp-caption aligncenter\"><a href=\"https:\/\/swissfederalism.ch\/de\/wasserkraft-in-der-schweiz\/hydropower-plant-g94c74e01f_1920-2\/\" rel=\"attachment wp-att-132359\"><img decoding=\"async\" class=\"size-large wp-image-132359\" src=\"https:\/\/swissfederalism.ch\/wp-content\/uploads\/2022\/05\/hydropower-plant-g94c74e01f_1920-1024x683.jpg\" alt=\"Una centrale idroelettrica\" width=\"840\" height=\"560\" srcset=\"https:\/\/swissfederalism.ch\/wp-content\/uploads\/2022\/05\/hydropower-plant-g94c74e01f_1920-1024x683.jpg 1024w, https:\/\/swissfederalism.ch\/wp-content\/uploads\/2022\/05\/hydropower-plant-g94c74e01f_1920-300x200.jpg 300w, https:\/\/swissfederalism.ch\/wp-content\/uploads\/2022\/05\/hydropower-plant-g94c74e01f_1920-768x512.jpg 768w, https:\/\/swissfederalism.ch\/wp-content\/uploads\/2022\/05\/hydropower-plant-g94c74e01f_1920-1536x1024.jpg 1536w, https:\/\/swissfederalism.ch\/wp-content\/uploads\/2022\/05\/hydropower-plant-g94c74e01f_1920.jpg 1920w\" sizes=\"(max-width: 840px) 100vw, 840px\" \/><\/a><figcaption id=\"caption-attachment-132359\" class=\"wp-caption-text\"><\/span> <span class=\"font-377884\">Ein Wasserkraftwerk<\/span><\/figcaption><\/figure>\n<p><span class=\"font-377884\">Die Verordnung tritt am 1. Oktober 2022 in Kraft und betrifft Wasserkraftwerke, die hohe \u00f6kologische Anforderungen erf\u00fcllen und mehr Wasser f\u00fcr die Stromerzeugung nutzen k\u00f6nnen.<\/span><\/p>\n<p><span class=\"font-377884\">In den letzten Monaten hat der Bundesrat verschiedene Massnahmen eingeleitet, um das Risiko eines Energieengpasses in diesem Winter zu minimieren. Er hat eine Wasserkraftreserve f\u00fcr den kommenden Winter beschlossen, er hat den Einsatz von Reservekraftwerken erm\u00f6glicht, die Beschaffung zus\u00e4tzlicher Gasreserven angeordnet und eine Sparkampagne eingeleitet. An der Sitzung vom 30. September 2022 hat er erg\u00e4nzend entschieden, dass bestimmte Wasserkraftwerke w\u00e4hrend sieben Monaten \u2013 zwischen dem<strong> 1. Oktober 2022 und dem 30. April 2023<\/strong> \u2013 mehr Wasser f\u00fcr die Stromproduktion zur Verf\u00fcgung haben sollen. Daf\u00fcr k\u00f6nnen sie die Restwasserabgabe tempor\u00e4r reduzieren.<\/span><\/p>\n<p><span class=\"font-377884\">Anwenden sollen die Regelung Wasserkraftwerke, die nach 1992 eine neue Nutzungskonzession erhalten haben und aus \u00f6kologischen Gr\u00fcnden h\u00f6here Restwassermengen abgeben als die gesetzlich minimal erforderlichen Mengen. Von den insgesamt rund 1500 Wasserkraftwerken in der Schweiz betrifft die Regelung damit rund 45 Anlagen. Der Bundesrat rechnet dank dieser Massnahme mit einer Zunahme der Stromproduktion von maximal 150 GWh. Dies entspricht etwa der j\u00e4hrlichen Stromproduktion eines Aare-Flusskraftwerks, respektive 30 % der vom Bundesrat beschlossenen Wasserkraftreserve f\u00fcr den kommenden Winter in den Schweizer Stauseen.<\/span><\/p>\n<p><span class=\"font-377884\"><a href=\"https:\/\/swissfederalism.ch\/de\/wasserkraft-in-der-schweiz\/\"><strong>Wasserkraft in der Schweiz<\/strong><\/a><\/span>&nbsp;<\/p>\n<figure id=\"attachment_132363\" aria-describedby=\"caption-attachment-132363\" style=\"width: 840px\" class=\"wp-caption aligncenter\"><a href=\"https:\/\/swissfederalism.ch\/de\/wasserkraft-in-der-schweiz\/reservoir-ga44c0de3d_1920-2\/\" rel=\"attachment wp-att-132363\"><img decoding=\"async\" class=\"size-large wp-image-132363\" src=\"https:\/\/swissfederalism.ch\/wp-content\/uploads\/2022\/05\/reservoir-ga44c0de3d_1920-1024x576.jpg\" alt=\"Il serbatorio di una diga di montagna\" width=\"840\" height=\"473\" srcset=\"https:\/\/swissfederalism.ch\/wp-content\/uploads\/2022\/05\/reservoir-ga44c0de3d_1920-1024x576.jpg 1024w, https:\/\/swissfederalism.ch\/wp-content\/uploads\/2022\/05\/reservoir-ga44c0de3d_1920-300x169.jpg 300w, https:\/\/swissfederalism.ch\/wp-content\/uploads\/2022\/05\/reservoir-ga44c0de3d_1920-768x432.jpg 768w, https:\/\/swissfederalism.ch\/wp-content\/uploads\/2022\/05\/reservoir-ga44c0de3d_1920-1536x864.jpg 1536w, https:\/\/swissfederalism.ch\/wp-content\/uploads\/2022\/05\/reservoir-ga44c0de3d_1920.jpg 1920w\" sizes=\"(max-width: 840px) 100vw, 840px\" \/><\/a><figcaption id=\"caption-attachment-132363\" class=\"wp-caption-text\"><\/span> <span class=\"font-377884\">Der Stausee einer Bergstaumauer<\/span><\/figcaption><\/figure>\n<h2><span class=\"font-377884\">Auswirkungen auf die Umwelt<\/span><\/h2>\n<p><span class=\"font-377884\">Das Gew\u00e4sserschutzgesetz legt f\u00fcr Wasserkraftwerke die minimal notwendige Restwassermenge basierend auf hydrologischen Parametern fest. Diese Mindestrestwassermenge wird gem\u00e4ss Gesetz in verschiedenen Konstellationen erh\u00f6ht. Mit der heute vom Bundesrat verabschiedeten Verordnung wird die Restwassermenge der 45 Kraftwerke, die heute h\u00f6here Anforderungen erf\u00fcllen, f\u00fcr sieben Monate auf die minimal notwendige Mindestrestwassermenge reduziert.<\/span><\/p>\n<p><span class=\"font-377884\">Da die Restwasserreduktion zeitlich auf sieben Monate beschr\u00e4nkt ist, stuft der Bundesrat die Auswirkungen auf die Umwelt als vertretbar und im Vergleich zum volkswirtschaftlichen Nutzen als verh\u00e4ltnism\u00e4ssig ein. Es ist insbesondere mit einer tempor\u00e4ren Einschr\u00e4nkung der Fischwanderung zu rechnen. Das kann die Fortpflanzung des Fischbestandes 2023 erschweren. Erst bei einer langfristigen Anwendung der Regelung w\u00e4ren irreversible Auswirkungen auf Biodiversit\u00e4t, Wasserversorgung oder Wasserqualit\u00e4t zu erwarten.<\/span><\/p>\n<p><span class=\"font-377884\">Zust\u00e4ndig f\u00fcr die Umsetzung der Verordnung sind die Kantone, bei Grenzkraftwerken das Bundesamt f\u00fcr Energie BFE. Der Bundesrat empfiehlt den Kantonen ausserdem, dass sie erg\u00e4nzende Massnahmen zur Steigerung der Stromproduktion pr\u00fcfen, die in ihrem Zust\u00e4ndigkeitsbereich liegen. Zu den empfohlenen Massnahmen geh\u00f6ren die tempor\u00e4re Erh\u00f6hung der Staukote bei Flusskraftwerken, sofern damit keine anderweitigen Sch\u00e4den entstehen, sowie die befristete Bewilligung eines optimierten Kraftwerkeinsatzes, der \u00fcber die Konzession hinausgeht.<\/span><\/p>\n<\/div>\n","protected":false},"excerpt":{"rendered":"<p>An seiner Sitzung vom 30. September 2022 hat der Bundesrat eine weitere Massnahme zur St\u00e4rkung der Stromversorgungssicherheit gutgeheissen, die eine Erh\u00f6hung der Stromproduktion um bis zu 150 GWh w\u00e4hrend maximal sieben Monaten erlaubt.\u00a0<\/p>\n","protected":false},"author":9,"featured_media":132362,"comment_status":"open","ping_status":"closed","sticky":false,"template":"","format":"standard","meta":{"footnotes":""},"categories":[309,295,1699,211],"tags":[1329,496,686,817,1979],"class_list":["post-224516","post","type-post","status-publish","format-standard","has-post-thumbnail","hentry","category-highlights","category-schweiz","category-umwelt","category-zeitschrift","tag-energie","tag-kantone","tag-schweiz-2","tag-umwelt-2","tag-wasser"],"_links":{"self":[{"href":"https:\/\/swissfederalism.ch\/de\/wp-json\/wp\/v2\/posts\/224516","targetHints":{"allow":["GET"]}}],"collection":[{"href":"https:\/\/swissfederalism.ch\/de\/wp-json\/wp\/v2\/posts"}],"about":[{"href":"https:\/\/swissfederalism.ch\/de\/wp-json\/wp\/v2\/types\/post"}],"author":[{"embeddable":true,"href":"https:\/\/swissfederalism.ch\/de\/wp-json\/wp\/v2\/users\/9"}],"replies":[{"embeddable":true,"href":"https:\/\/swissfederalism.ch\/de\/wp-json\/wp\/v2\/comments?post=224516"}],"version-history":[{"count":2,"href":"https:\/\/swissfederalism.ch\/de\/wp-json\/wp\/v2\/posts\/224516\/revisions"}],"predecessor-version":[{"id":224518,"href":"https:\/\/swissfederalism.ch\/de\/wp-json\/wp\/v2\/posts\/224516\/revisions\/224518"}],"wp:featuredmedia":[{"embeddable":true,"href":"https:\/\/swissfederalism.ch\/de\/wp-json\/wp\/v2\/media\/132362"}],"wp:attachment":[{"href":"https:\/\/swissfederalism.ch\/de\/wp-json\/wp\/v2\/media?parent=224516"}],"wp:term":[{"taxonomy":"category","embeddable":true,"href":"https:\/\/swissfederalism.ch\/de\/wp-json\/wp\/v2\/categories?post=224516"},{"taxonomy":"post_tag","embeddable":true,"href":"https:\/\/swissfederalism.ch\/de\/wp-json\/wp\/v2\/tags?post=224516"}],"curies":[{"name":"wp","href":"https:\/\/api.w.org\/{rel}","templated":true}]}}