{"id":224387,"date":"2022-09-26T19:39:30","date_gmt":"2022-09-26T19:39:30","guid":{"rendered":"https:\/\/swissfederalism.ch\/end-era-elizabeth-ii-united-kingdom\/"},"modified":"2022-09-28T16:31:31","modified_gmt":"2022-09-28T16:31:31","slug":"ende-aera-elisabeth-ii-vereinigten-koenigreichs","status":"publish","type":"post","link":"https:\/\/swissfederalism.ch\/de\/ende-aera-elisabeth-ii-vereinigten-koenigreichs\/","title":{"rendered":"Das Ende der \u00c4ra von Elisabeth II. des Vereinigten K\u00f6nigreichs"},"content":{"rendered":"<h1><span class=\"font-377884\">Das Ende der \u00c4ra von Elisabeth II. des Vereinigten K\u00f6nigreichs<\/span><\/h1>\n<h3><span class=\"font-377884\"><em>Kurz nach <a href=\"https:\/\/swissfederalism.ch\/de\/michail-gorbatschow-und-ein-stueck-geschichte-verschwindet\/\">Michail Gorbatschow,<\/a> dem letzten Pr\u00e4sidenten der ehemaligen Sowjetunion, ist auch K\u00f6nigin Elisabeth II. des Vereinigten K\u00f6nigreichs im Alter von 96 Jahren und nach 70 Jahren Regentschaft von uns gegangen.<\/em><\/span><\/h3>\n<figure id=\"attachment_224345\" aria-describedby=\"caption-attachment-224345\" style=\"width: 740px\" class=\"wp-caption aligncenter\"><a href=\"https:\/\/swissfederalism.ch\/de\/queen-ge91b3aea6_1920-2\/\" rel=\"attachment wp-att-224345\"><img decoding=\"async\" class=\"size-large wp-image-224346\" src=\"https:\/\/swissfederalism.ch\/wp-content\/uploads\/2022\/09\/queen-ge91b3aea6_1920-740x1024.jpg\" alt=\"Queen Elisabeth II Photo by WikiImages on Pixabay\" width=\"740\" height=\"1024\" srcset=\"https:\/\/swissfederalism.ch\/wp-content\/uploads\/2022\/09\/queen-ge91b3aea6_1920-740x1024.jpg 740w, https:\/\/swissfederalism.ch\/wp-content\/uploads\/2022\/09\/queen-ge91b3aea6_1920-217x300.jpg 217w, https:\/\/swissfederalism.ch\/wp-content\/uploads\/2022\/09\/queen-ge91b3aea6_1920-768x1063.jpg 768w, https:\/\/swissfederalism.ch\/wp-content\/uploads\/2022\/09\/queen-ge91b3aea6_1920-1110x1536.jpg 1110w, https:\/\/swissfederalism.ch\/wp-content\/uploads\/2022\/09\/queen-ge91b3aea6_1920.jpg 1387w\" sizes=\"(max-width: 740px) 100vw, 740px\" \/><\/a><figcaption id=\"caption-attachment-224345\" class=\"wp-caption-text\"><span class=\"font-377884\">K\u00f6nigin Elisabeth II Photo by WikiImages on Pixabay<\/span><\/figcaption><\/figure>\n<p><span class=\"font-377884\">K\u00f6nigin Elisabeth II. war 70 Jahre lang britische K\u00f6nigin und starb am 8. September 2022 im Alter von 96 Jahren auf ihrem schottischen Landsitz, Schloss Balmoral. Nur zwei K\u00f6nige haben l\u00e4nger regiert: <strong>Ludwig XIV. von Frankreich<\/strong> (\u00fcber 72 Jahre zwischen 1643 und 1715) und <strong>Bhumibol Adulyadej von Thailand<\/strong> (70 Jahre und vier Monate, bis zu seinem Tod im Oktober 2016).<\/span><\/p>\n<p><span class=\"font-377884\">Sie bestieg den britischen Thron am 6. Februar 1952 im Alter von 25 Jahren nach dem pl\u00f6tzlichen Tod ihres Vaters und wurde Staatsoberhaupt von Gro\u00dfbritannien und Nordirland sowie von mehr als einem Dutzend weiterer Staaten, darunter Kanada, Neuseeland und Australien, aber auch Staatsoberhaupt von 15 der 54 Commonwealth-Staaten, die als Commonwealth-K\u00f6nigreiche bekannt sind: Antigua und Barbuda, Australien, Bahamas, Belize, Kanada, Grenada, Jamaika, Neuseeland, Papua-Neuguinea, St. Kitts und Nevis, St. Lucia, St. Vincent und die Grenadinen, Salomonen und Tuvalu. Die Anzahl der K\u00f6nigreiche schwankte im Laufe der Zeit, da einige Territorien unabh\u00e4ngig wurden und einige K\u00f6nigreiche zu Republiken wurden.<\/span><\/p>\n<p><span class=\"font-377884\">Elizabeth regierte als konstitutionelle Monarchin w\u00e4hrend gro\u00dfer politischer Ver\u00e4nderungen, wie den <strong>Troubles in Nordirland, der Dekolonisierung Afrikas, der Globalisierung, dem Kalten Krieg, der Zugeh\u00f6rigkeit des Vereinigten K\u00f6nigreichs zu den Europ\u00e4ischen Gemeinschaften und seinem Austritt aus der Europ\u00e4ischen Union.<\/strong><\/span><\/p>\n<p><span class=\"font-377884\"><strong><a href=\"https:\/\/swissfederalism.ch\/de\/michail-gorbatschow-und-ein-stueck-geschichte-verschwindet\/\">Michail Gorbatschow und ein St\u00fcck Geschichte verschwindet<\/a><\/strong><\/span><\/p>\n<h2><span class=\"font-377884\">Biographie in K\u00fcrze<\/span><\/h2>\n<p><span class=\"font-377884\">Elizabeth II. wurde am 21. April 1926 als <strong>Elizabeth Alexandra Mary<\/strong> in Mayfair, London, als erste Tochter des Herzogs und der Herzogin von York geboren und war vom 6. Februar 1952 bis zu ihrem Tod am 8. September 2022 K\u00f6nigin des Vereinigten K\u00f6nigreichs und der anderen Commonwealth-K\u00f6nigreiche. W\u00e4hrend ihres Lebens war sie K\u00f6nigin von 32 verschiedenen souver\u00e4nen Staaten und zum Zeitpunkt ihres Todes Monarchin von 15. Ihre Regierungszeit, die 70 Jahre und 214 Tage dauerte, ist die l\u00e4ngste eines britischen Monarchen und die l\u00e4ngste eines weiblichen Staatsoberhauptes in der Geschichte.<\/span><\/p>\n<h2><span class=\"font-377884\">Sie sollte nicht K\u00f6nigin werden<\/span><\/h2>\n<p><span class=\"font-377884\">Die \u00e4lteste Tochter von Prinz Albert, Herzog von York, der sp\u00e4ter als <strong>George VI.<\/strong> K\u00f6nig werden sollte, und seiner Frau <strong>Elizabeth Bowes-Lyon<\/strong>, Herzogin von York und sp\u00e4tere K\u00f6nigingemahlin, wurde 1936 Thronfolgerin, als ihr Onkel <strong>Edward VIII.<\/strong>, der mit den h\u00f6fischen Umgangsformen und Pflichten bereits \u00fcberfordert war, abdankte, um die Amerikanerin Wallis Simpson zu heiraten, die nicht adelig und mehrfach geschieden war und somit \u00fcberhaupt nicht mit der Krone und den religi\u00f6sen Vorschriften \u00fcbereinstimmte (der K\u00f6nig oder die K\u00f6nigin ist auch das oberste Oberhaupt der Kirche von England).<\/span><\/p>\n<p>&nbsp;<\/p>\n<p>&nbsp;<\/p>\n<figure id=\"attachment_224273\" aria-describedby=\"caption-attachment-224273\" style=\"width: 256px\" class=\"wp-caption aligncenter\"><a href=\"https:\/\/swissfederalism.ch\/de\/256px-elizabeth_ii__philip_after_coronation-unknownunknown-public-domain-via-wikimedia-commons-2\/\" rel=\"attachment wp-att-224273\"><img decoding=\"async\" class=\"size-full wp-image-224274\" src=\"https:\/\/swissfederalism.ch\/wp-content\/uploads\/2022\/09\/256px-Elizabeth_II__Philip_after_Coronation-UnknownUnknown-Public-domain-via-Wikimedia-Commons.jpg\" alt=\"Elizabeth II &amp; Philip after Coronation UnknownUnknown, Public domain, via Wikimedia Commons\" width=\"256\" height=\"347\" srcset=\"https:\/\/swissfederalism.ch\/wp-content\/uploads\/2022\/09\/256px-Elizabeth_II__Philip_after_Coronation-UnknownUnknown-Public-domain-via-Wikimedia-Commons.jpg 256w, https:\/\/swissfederalism.ch\/wp-content\/uploads\/2022\/09\/256px-Elizabeth_II__Philip_after_Coronation-UnknownUnknown-Public-domain-via-Wikimedia-Commons-221x300.jpg 221w\" sizes=\"(max-width: 256px) 100vw, 256px\" \/><\/a><figcaption id=\"caption-attachment-224273\" class=\"wp-caption-text\"><span class=\"font-377884\">Elizabeth II. und Philip nach der Kr\u00f6nung UnknownUnknown, Public domain, via Wikimedia Commons<\/span><\/figcaption><\/figure>\n<h2>Heirat und Nachkommenschaft<\/h2>\n<p>Elisabeth II. lernte ihren zuk\u00fcnftigen Ehemann, <strong>Prinz Philip von Griechenland und D\u00e4nemark<\/strong>, 1934 als ihren Cousin dritten Grades kennen und begann mit ihm einen Briefwechsel, der mehrere Jahre dauerte, bis 1947, dem Jahr ihres 21. Geburtstags, als die Verlobung bekannt gegeben und die Hochzeit am 20. November 1947 in der Westminster Abbey gefeiert wurde.<\/p>\n<p>Um Elizabeth zu heiraten, musste Philip auf seine fr\u00fcheren Adelstitel verzichten und vom orthodoxen Christentum zum Anglikanismus konvertieren. Kurz vor der Hochzeit wurde er zum Herzog von Edinburgh ernannt und erhielt den Titel &#8222;<em>Seine K\u00f6nigliche Hoheit&#8220;.<\/em><\/p>\n<p>&nbsp;<\/p>\n<p>&nbsp;<\/p>\n<figure id=\"attachment_224277\" aria-describedby=\"caption-attachment-224277\" style=\"width: 1024px\" class=\"wp-caption aligncenter\"><a href=\"https:\/\/swissfederalism.ch\/de\/prince_charles_christening_family_portrait-anefo-public-domain-via-wikimedia-commons-2\/\" rel=\"attachment wp-att-224277\"><img decoding=\"async\" class=\"size-full wp-image-224278\" src=\"https:\/\/swissfederalism.ch\/wp-content\/uploads\/2022\/09\/Prince_Charles_Christening_Family_Portrait-Anefo-Public-domain-via-Wikimedia-Commons.jpg\" alt=\"Prince Charles Christening Family Portrait Anefo, Public domain, via Wikimedia Commons\" width=\"1024\" height=\"850\" srcset=\"https:\/\/swissfederalism.ch\/wp-content\/uploads\/2022\/09\/Prince_Charles_Christening_Family_Portrait-Anefo-Public-domain-via-Wikimedia-Commons.jpg 1024w, https:\/\/swissfederalism.ch\/wp-content\/uploads\/2022\/09\/Prince_Charles_Christening_Family_Portrait-Anefo-Public-domain-via-Wikimedia-Commons-300x249.jpg 300w, https:\/\/swissfederalism.ch\/wp-content\/uploads\/2022\/09\/Prince_Charles_Christening_Family_Portrait-Anefo-Public-domain-via-Wikimedia-Commons-768x638.jpg 768w\" sizes=\"(max-width: 1024px) 100vw, 1024px\" \/><\/a><figcaption id=\"caption-attachment-224277\" class=\"wp-caption-text\"><span class=\"font-377884\">K\u00f6nig Georg VI., Elizabeth, die ihren \u00e4ltesten Sohn Charles an dessen Tauftag im Arm h\u00e4lt, Prinz Philip und Queen Consort Elizabeth Photo by Portrait Anefo, Public domain, via Wikimedia Commons<\/span><\/figcaption><\/figure>\n<p>Am 14. November 1948 wurde ihr erster Sohn <strong>Charles, Prinz von Wales<\/strong>, geboren, 1950 ihr zweiter Sohn <strong>Anne, britische Prinzessin,<\/strong> 1960 ihr dritter Sohn <strong>Andrew, Herzog von York,<\/strong> und schlie\u00dflich 1964<strong> Edward, Graf von Wessex.<\/strong><\/p>\n<p>Zum Zeitpunkt seines Todes hinterlie\u00df er acht Enkelkinder und 12 Urenkelkinder.<\/p>\n<h2>Commonwealth<\/h2>\n<p>Das Commonwealth ist ein freiwilliger Zusammenschluss von <strong>56 Nationen<\/strong>, von denen die meisten zu irgendeinem Zeitpunkt in der Geschichte von Gro\u00dfbritannien regiert wurden.<\/p>\n<p><span class=\"ILfuVd\" lang=\"de\"><span class=\"hgKElc\"> Auf deutsch bedeutet Commonwealth so viel wie <b>&#8222;Staatenbund&#8220; oder &#8222;Gemeinwesen&#8220;<\/b>.<\/span><\/span><\/p>\n<p>Die Wurzeln des Commonwealth gehen auf die Balfour-Erkl\u00e4rung von 1926 zur\u00fcck, in der die &#8222;Dominions&#8220; (Australien, Neuseeland, Kanada, Neufundland, S\u00fcdafrika und der irische Freistaat) als &#8222;autonome Gemeinschaften innerhalb des britischen Empire&#8220; anerkannt wurden. Doch erst die Londoner Erkl\u00e4rung von 1949, die im Zuge der indischen Unabh\u00e4ngigkeit ver\u00f6ffentlicht wurde, ebnete den Weg f\u00fcr das moderne Commonwealth, das auch als &#8222;Nachfolger&#8220; des britischen Empire bezeichnet werden kann.<\/p>\n<p>Heute kann jedes Land dem modernen Commonwealth beitreten. Die letzten beiden L\u00e4nder, die dem Commonwealth beitraten, waren <strong>Gabun<\/strong> und <strong>Togo<\/strong> im Jahr 2022.<\/p>\n<h2>Das Leben von K\u00f6nigin Elizabeth II. im Laufe der Jahre<\/h2>\n<h3>Vor ihrer Thronbesteigung<\/h3>\n<p>1939, dem Jahr des Ausbruchs des <strong>Zweiten Weltkriegs<\/strong>, war Elizabeth 13 Jahre alt. Die k\u00f6nigliche Familie sollte ins Ausland evakuiert werden, aber sie weigerte sich, das Land zu verlassen, und verbrachte ihre Zeit zwischen ihrer Residenz Balmoral in Schottland und Schloss Windsor vor den Toren Londons.<\/p>\n<p>Im Jahr 1940, als sie gerade 14 Jahre alt war, machte sie ihre <strong>erste Radiosendung<\/strong>, in der sie die Kinder Gro\u00dfbritanniens, die aus ihren H\u00e4usern und Familien evakuiert worden waren, beruhigte, indem sie ihnen sagte, <em>&#8222;Am Ende wird alles gut werden, denn Gott wird sich um uns k\u00fcmmern und uns Sieg und Frieden schenken&#8220;.<\/em><\/p>\n<p>&nbsp;<\/p>\n<figure id=\"attachment_224297\" aria-describedby=\"caption-attachment-224297\" style=\"width: 840px\" class=\"wp-caption aligncenter\"><a href=\"https:\/\/swissfederalism.ch\/de\/hrh_princess_elizabeth_in_the_auxiliary_territorial_service_april_1945_tr2832-this-is-photograph-tr-2832-from-the-collections-of-the-imperial-war-museums-2\/\" rel=\"attachment wp-att-224297\"><img decoding=\"async\" class=\"size-large wp-image-224298\" src=\"https:\/\/swissfederalism.ch\/wp-content\/uploads\/2022\/09\/Hrh_Princess_Elizabeth_in_the_Auxiliary_Territorial_Service_April_1945_TR2832-This-is-photograph-TR-2832-from-the-collections-of-the-Imperial-War-Museums.-1024x753.jpg\" alt=\"Hrh Princess Elizabeth in the Auxiliary Territorial Service, April 1945 Photo by TR 2832 from the collections of the Imperial War Museums Public Domain \" width=\"840\" height=\"618\" srcset=\"https:\/\/swissfederalism.ch\/wp-content\/uploads\/2022\/09\/Hrh_Princess_Elizabeth_in_the_Auxiliary_Territorial_Service_April_1945_TR2832-This-is-photograph-TR-2832-from-the-collections-of-the-Imperial-War-Museums.-1024x753.jpg 1024w, https:\/\/swissfederalism.ch\/wp-content\/uploads\/2022\/09\/Hrh_Princess_Elizabeth_in_the_Auxiliary_Territorial_Service_April_1945_TR2832-This-is-photograph-TR-2832-from-the-collections-of-the-Imperial-War-Museums.-300x221.jpg 300w, https:\/\/swissfederalism.ch\/wp-content\/uploads\/2022\/09\/Hrh_Princess_Elizabeth_in_the_Auxiliary_Territorial_Service_April_1945_TR2832-This-is-photograph-TR-2832-from-the-collections-of-the-Imperial-War-Museums.-768x565.jpg 768w, https:\/\/swissfederalism.ch\/wp-content\/uploads\/2022\/09\/Hrh_Princess_Elizabeth_in_the_Auxiliary_Territorial_Service_April_1945_TR2832-This-is-photograph-TR-2832-from-the-collections-of-the-Imperial-War-Museums..jpg 1280w\" sizes=\"(max-width: 840px) 100vw, 840px\" \/><\/a><figcaption id=\"caption-attachment-224297\" class=\"wp-caption-text\"><span class=\"font-377884\">Hrh Princess Elizabeth in the Auxiliary Territorial Service, April 1945 Photo by TR 2832 from the collections of the Imperial War Museums Public Domain<\/span><\/figcaption><\/figure>\n<p>1945 \u00fcberzeugte Elizabeth ihren Vater, ihr zu erlauben, dem <strong>Auxiliary Territorial Service (ATS)<\/strong> beizutreten, wo sie eine Ausbildung als Fahrerin und Mechanikerin absolvierte und f\u00fcnf Monate sp\u00e4ter zum Junior Commander bef\u00f6rdert wurde. Nach Kriegsende durften sie und ihre Schwester Margaret sich am Tag des Sieges in Europa anonym unter die B\u00fcrger mischen und mit ihnen feiern, was der Herrscherin f\u00fcr immer im Herzen und in Erinnerung bleiben wird.<\/p>\n<h3>1950er, 1960er und 1970er Jahre<\/h3>\n<p>Nach dem Tod ihres Vaters Georg VI. im Jahr 1952 wurde sie <strong>K\u00f6nigin des Vereinigten K\u00f6nigreichs<\/strong> und <strong>Staatsoberhaupt<\/strong> mehrerer anderer Commonwealth-Staaten.<\/p>\n<p>Im Jahr 1957 trat sie zum ersten Mal von ihrer Residenz aus <strong>im Fernsehen<\/strong> auf, um die Weihnachtsbotschaft zu verk\u00fcnden.<\/p>\n<p>In den 1960er und 1970er Jahren war sie Zeugin des <strong>Dekolonisierungsprozesses<\/strong> in Afrika und der Karibik, bei dem mehr als 20 Staaten ihre Unabh\u00e4ngigkeit vom Vereinigten K\u00f6nigreich erlangten.<\/p>\n<p>1965 besuchte die K\u00f6nigin <strong>West-Berlin<\/strong> auf dem H\u00f6hepunkt des <strong>Kalten Krieges<\/strong>: Es war der erste Besuch eines britischen Monarchen in Deutschland seit mehr als einem halben Jahrhundert.<\/p>\n<p>1969 waren <strong>Neil Armstrong<\/strong> und <strong>Buzz Aldrin<\/strong> die <strong>ersten Menschen, die den Mond betraten<\/strong>. Zweiundsiebzig Staatsoberh\u00e4upter aus aller Welt \u00fcbergaben den beiden Astronauten eine Botschaft an den Planeten, darunter auch eine von K\u00f6nigin Elisabeth II. mit folgendem Wortlaut: <em>&#8222;Im Namen des britischen Volkes zolle ich den F\u00e4higkeiten und dem Mut Tribut, die den Menschen auf den Mond gebracht haben. M\u00f6ge diese Leistung das Wissen und das Wohlergehen der Menschheit vermehren&#8220;.<\/em> Nach dieser Mission wurden Neil Armstrong und Buzz Aldrin von der K\u00f6nigin und ihrer Familie im Buckingham Palace empfangen.<\/p>\n<p>1972 besuchte Elisabeth II. zusammen mit ihrem Ehemann Prinz Philip und ihrer Tochter Prinzessin Anne erstmals <strong>Thailand<\/strong>.<\/p>\n<p>1973 trat Gro\u00dfbritannien der <strong>Europ\u00e4ischen Wirtschaftsgemeinschaft EWG<\/strong> bei.<\/p>\n<p>1975 besuchte die K\u00f6nigin zusammen mit ihrem Ehemann Prinz Philip <strong>Japan<\/strong> und war damit die <strong>erste britische Monarchin<\/strong>, die dieses Land besuchte.<\/p>\n<h3>1980s<\/h3>\n<p>Diese Jahre waren recht ereignisreich f\u00fcr K\u00f6nigin Elisabeth II., die 1981 w\u00e4hrend der Veranstaltung &#8222;Trooping the Colour&#8220; einem <strong>Attentat zum Opfer<\/strong> fiel, als sechs Sch\u00fcsse aus n\u00e4chster N\u00e4he auf sie abgefeuert wurden, w\u00e4hrend sie durch die Mall ritt. Sp\u00e4ter stellte sich heraus, dass es sich um Platzpatronen handelte, die von einem 17-j\u00e4hrigen Jugendlichen abgefeuert wurden, der sp\u00e4ter zu f\u00fcnf Jahren Gef\u00e4ngnis verurteilt wurde. Im selben Jahr wurde er in Dunedin, Neuseeland, ein zweites Mal angegriffen: Diesmal wurden die Sch\u00fcsse mit einem 22er Langwaffengewehr aus dem f\u00fcnften Stock eines Geb\u00e4udes abgefeuert, das auf die von der K\u00f6nigin befahrene Stra\u00dfe blickte.<\/p>\n<p>1980 stattete K\u00f6nigin Elisabeth II. zusammen mit ihrem Ehemann Prinz Philip der <strong>Schweiz<\/strong> einen offiziellen Besuch ab: Es war der einzige offizielle Besuch eines Mitglieds des britischen K\u00f6nigshauses in der Schweiz.<\/p>\n<p>&nbsp;<\/p>\n<p>&nbsp;<\/p>\n<p><iframe title=\"Elisabeth II en Suisse \/ Queen Elizabeth II in Switzerland (1980)\" width=\"840\" height=\"630\" src=\"https:\/\/www.youtube.com\/embed\/z6ex-LswjGc?feature=oembed&#038;width=840&#038;height=1000&#038;discover=1\" frameborder=\"0\" allow=\"accelerometer; autoplay; clipboard-write; encrypted-media; gyroscope; picture-in-picture\" allowfullscreen><\/iframe><\/p>\n<p><span class=\"font-377884\">Im Jahr 1981 wurde in der St. Paul&#8217;s Cathedral in London die <strong>Hochzeit<\/strong> des ersten Sohnes und <strong>Thronfolgers Prinz Charles<\/strong> mit <strong>Lady Diana Spencer<\/strong> gefeiert. Die als &#8222;M\u00e4rchenhochzeit&#8220; bezeichnete Hochzeit war die erste echte Medienhochzeit, die weltweit im Fernsehen \u00fcbertragen und von mehr als 700 Millionen Menschen gesehen wurde.<\/span><\/p>\n<p><span class=\"font-377884\">Im Jahr 1982 fand der <strong>Falklandkrieg<\/strong> statt, an dem auch der dritte Sohn der K\u00f6nigin, Prinz Andrew, teilnahm.<\/span><\/p>\n<p><span class=\"font-377884\">Ebenfalls 1982 fand K\u00f6nigin Elisabeth II. eines Morgens einen <strong>Fremden an ihrem Bett sitzend<\/strong> vor, als sie aufwachte. Dem Eindringling, der sp\u00e4ter als Michael Fagan identifiziert wurde, war es gelungen, die Sicherheitsvorkehrungen zu umgehen, ungest\u00f6rt in den Buckingham-Palast einzudringen und die Privatgem\u00e4cher der K\u00f6nigin zu erreichen. Dieser Vorfall erwies sich als der schwerwiegendste Einbruch in den Palast und als eine der gr\u00f6\u00dften Schwachstellen der Sicherheitsdienste.<\/span><\/p>\n<p>&nbsp;<\/p>\n<figure id=\"attachment_224281\" aria-describedby=\"caption-attachment-224281\" style=\"width: 686px\" class=\"wp-caption aligncenter\"><a href=\"https:\/\/swissfederalism.ch\/de\/president-ronald-reagan-queen-elizabeth-ii-during-arrival-ceremony-for-queen-elizabeth-ii-of-united-kingdom-at-santa-barbara-airport-in-santa-barbara-california-2\/\" rel=\"attachment wp-att-224281\"><img decoding=\"async\" class=\"size-large wp-image-224282\" src=\"https:\/\/swissfederalism.ch\/wp-content\/uploads\/2022\/09\/President-Ronald-Reagan-Queen-Elizabeth-Ii-During-Arrival-Ceremony-for-Queen-Elizabeth-Ii-of-United-Kingdom-at-Santa-Barbara-Airport-in-Santa-Barbara-California-686x1024.jpg\" alt=\"3\/1\/1983 President Reagan Queen Elizabeth II during Arrival Ceremony for Queen Elizabeth II of United Kingdom at Santa Barbara airport in Santa Barbara California\" width=\"686\" height=\"1024\" srcset=\"https:\/\/swissfederalism.ch\/wp-content\/uploads\/2022\/09\/President-Ronald-Reagan-Queen-Elizabeth-Ii-During-Arrival-Ceremony-for-Queen-Elizabeth-Ii-of-United-Kingdom-at-Santa-Barbara-Airport-in-Santa-Barbara-California-686x1024.jpg 686w, https:\/\/swissfederalism.ch\/wp-content\/uploads\/2022\/09\/President-Ronald-Reagan-Queen-Elizabeth-Ii-During-Arrival-Ceremony-for-Queen-Elizabeth-Ii-of-United-Kingdom-at-Santa-Barbara-Airport-in-Santa-Barbara-California-201x300.jpg 201w, https:\/\/swissfederalism.ch\/wp-content\/uploads\/2022\/09\/President-Ronald-Reagan-Queen-Elizabeth-Ii-During-Arrival-Ceremony-for-Queen-Elizabeth-Ii-of-United-Kingdom-at-Santa-Barbara-Airport-in-Santa-Barbara-California-768x1146.jpg 768w, https:\/\/swissfederalism.ch\/wp-content\/uploads\/2022\/09\/President-Ronald-Reagan-Queen-Elizabeth-Ii-During-Arrival-Ceremony-for-Queen-Elizabeth-Ii-of-United-Kingdom-at-Santa-Barbara-Airport-in-Santa-Barbara-California.jpg 1024w\" sizes=\"(max-width: 686px) 100vw, 686px\" \/><\/a><figcaption id=\"caption-attachment-224281\" class=\"wp-caption-text\"><span class=\"font-377884\">Queen Elisabeth II and the US president Ronald Reagan Series: Reagan White House Photographs, 1\/20\/1981 &#8211; 1\/20\/1989 Collection: White House Photographic Collection, 1\/20\/1981 &#8211; 1\/20\/1989, Public domain, via Wikimedia Commons<\/span><\/figcaption><\/figure>\n<p><span class=\"font-377884\">In diesen Jahren entwickelte sich ein Band der Freundschaft zwischen der britischen Herrscherin und dem<strong> US-Pr\u00e4sidenten Ronald Reagan<\/strong>, der 1982 auf Schloss Windsor zu Gast war, w\u00e4hrend die K\u00f6nigin im folgenden Jahr bei einem seiner Besuche in den Vereinigten Staaten Gast der Reagans auf dem Anwesen Rancho del Cielo in Kalifornien war, das dem US-Pr\u00e4sidenten geh\u00f6rte. Die Invasion der USA in Grenada, einem Commonwealth-Staat, der von den USA beschuldigt wurde, Verbindungen zur UdSSR zu unterhalten, f\u00fchrte jedoch zu Spannungen.<\/span><\/p>\n<p><iframe title=\"1989: Mikhail Gorbachev and the Queen at Windsor Castle\" width=\"840\" height=\"473\" src=\"https:\/\/www.youtube.com\/embed\/174MHYEDM_E?feature=oembed&#038;width=840&#038;height=1000&#038;discover=1\" frameborder=\"0\" allow=\"accelerometer; autoplay; clipboard-write; encrypted-media; gyroscope; picture-in-picture\" allowfullscreen><\/iframe><\/p>\n<p><span class=\"font-377884\">1989 empfing sie auf Schloss Windsor mit allen Ehren den damaligen <strong>Pr\u00e4sidenten der UdSSR<\/strong>, <strong>Michail Gorbatschow<\/strong>, der zu einem Staatsbesuch ins Vereinigte K\u00f6nigreich gekommen war.<\/span><\/p>\n<p><span class=\"font-377884\">In den sp\u00e4ten 1980er Jahren wurde Elisabeth II. immer h\u00e4ufiger Ziel britischer Satire, in der ihre Figur ins L\u00e4cherliche gezogen wurde.<\/span><\/p>\n<h3><span class=\"font-377884\">1990s<\/span><\/h3>\n<p><span class=\"font-377884\">Diese Jahre waren besonders hart f\u00fcr die K\u00f6nigin, die mehrere <strong>Skandale und famili\u00e4re Schicksalsschl\u00e4ge<\/strong> verkraften musste, wie die <strong>Trennung ihres dritten Sohnes Prinz Andrew<\/strong> von seiner Frau Sarah Ferguson und die <strong>Scheidung ihrer zweiten Tochter Prinzessin Anne<\/strong> von ihrem Ehemann Captain Mark Philips.<\/span><\/p>\n<p><span class=\"font-377884\">Im Dezember 1992 <strong>trennten sich der erste Sohn und Thronfolger Prinz Charles und seine Frau Diana Spencer<\/strong> formell: Die Presse widmete dem Thema damals viel Raum, indem sie Verrat und Krisen innerhalb der k\u00f6niglichen Familie publik machte. K\u00f6nigin Elisabeth II. stimmte 1995 nach R\u00fccksprache mit Premierminister John Major, dem Erzbischof von Canterbury, George Carey, und ihrem Privatsekret\u00e4r Robert Fellowes der Scheidung von Charles und Diana zu.<\/span><\/p>\n<p><span class=\"font-377884\">Ebenfalls 1992 k\u00fcndigte der britische Premierminister<strong> John Major<\/strong> eine Reform der k\u00f6niglichen Finanzen an, die dazu f\u00fchren sollte, dass <strong>die K\u00f6nigin ab 1993 Steuern zahlen musste<\/strong>, und ein Brand besch\u00e4digte einen Teil von Schloss Windsor schwer.<\/span><\/p>\n<p><span class=\"font-377884\">Im August 1997 <strong>starb ihre ehemalige Schwiegertochter Prinzessin Diana<\/strong> bei einem Autounfall in Paris, zusammen mit ihrem Partner Dodi Al-Fayed und dem Autofahrer Henri Paul. Die k\u00f6nigliche Familie zeigte sich f\u00fcnf Tage lang nicht in der \u00d6ffentlichkeit und hisste auch nicht die Flagge auf Halbmast als Zeichen der Trauer im Buckingham-Palast, was einen \u00f6ffentlichen Aufschrei ausl\u00f6ste, der Elisabeth II. sogar dazu zwang, eine Fernsehbotschaft an die Nation zu senden, in der sie Diana lobte. Da die Prinzessin bereits von Charles geschieden war, wurde zun\u00e4chst ein privates Begr\u00e4bnis arrangiert, doch die Reaktion des britischen Volkes, das die Prinzessin innig liebte, veranlasste das K\u00f6nigshaus, eine \u00f6ffentliche Trauerfeier zu veranstalten, an der Tausende von Menschen teilnahmen, die sich um die Absperrungen entlang der Stra\u00dfen von London dr\u00e4ngten. Die gesamte k\u00f6nigliche Familie wartete in Trauerkleidung darauf, dass der Sarg vor dem Buckingham-Palast vorbeigef\u00fchrt wurde, und Elisabeth II. verneigte sich aus Respekt. Die Beerdigung fand in der Westminster Abbey im Beisein der gesamten k\u00f6niglichen Familie statt und wurde weltweit live im Fernsehen \u00fcbertragen und von mehr als zwei Milliarden Menschen verfolgt, was sie zu einem der meistgesehenen Fernsehereignisse der Geschichte machte.<\/span><\/p>\n<p><iframe title=\"Unusual gesture by Queen Elizabeth 2 at Princess Diana&#039;s funeral\" width=\"840\" height=\"473\" src=\"https:\/\/www.youtube.com\/embed\/2OD4IytPA24?feature=oembed&#038;width=840&#038;height=1000&#038;discover=1\" frameborder=\"0\" allow=\"accelerometer; autoplay; clipboard-write; encrypted-media; gyroscope; picture-in-picture\" allowfullscreen><\/iframe><\/p>\n<p>In den 1990er Jahren sah sich die Monarchie zunehmend Angriffen und Kritik seitens der Presse und der \u00d6ffentlichkeit ausgesetzt.<\/p>\n<h3>Das neue Jahrtausend<\/h3>\n<p>K\u00f6nigin Elizabeth II. feierte 2002 ihr <strong>Goldenes Thronjubil\u00e4um,<\/strong> d. h. den 50. Jahrestag ihrer Thronbesteigung, und unternahm im selben Jahr eine ausgedehnte Reise in die L\u00e4nder des Commonwealth. Im selben Jahr musste Elizabeth II. zwei schwere famili\u00e4re Schicksalsschl\u00e4ge verkraften, n\u00e4mlich den <strong>Tod ihrer Schwester Prinzessin Margaret<\/strong> und der <strong>K\u00f6niginmutter Elizabeth Bowes-Lyon,<\/strong> die innerhalb kurzer Zeit aufeinander folgten<\/p>\n<p>Im Jahr 2005 <strong>heiratete der Thronfolger Prinz Charles<\/strong> seine historische, zun\u00e4chst Geliebte, dann Verlobte <strong>Camilla Rosemary Parker-Bowles (geborene Shand),<\/strong> die seit den 1970er Jahren, noch vor seiner fr\u00fcheren Ehe mit Lady Diana Spencer, dem Leben von Elizabeths \u00e4ltestem Sohn zugetan war.\u00a0 Diese Ehe war recht schwierig zu arrangieren, da eine Reihe von b\u00fcrokratischen und dynastischen Fragen zu kl\u00e4ren waren, da es sich um die erste zivile Heirat eines Thronfolgers handelte (er war bereits Witwer, sie aber geschieden), und die Zustimmung nicht nur von Elisabeth II. eingeholt werden musste (die sie anscheinend nur widerwillig erteilte), die auch Oberhaupt der Kirche von England war, sondern auch vom Parlament und der Kirche von England selbst, deren oberster Gouverneur Charles nach seiner Thronbesteigung werden sollte. Sie und Prinz Philip nahmen nicht an der zivilen Zeremonie teil, sondern nahmen an einer religi\u00f6sen Segnung teil und gaben einen Empfang zu ihren Ehren auf Schloss Windsor.<\/p>\n<p>Im Jahr 2007 feierte Elisabeth II. als <strong>erste britische Monarchin<\/strong> ihren <strong>60. Hochzeitstag (Diamantene Hochzeit)<\/strong> und wurde damit zur \u00e4ltesten britischen Monarchin aller Zeiten.<\/p>\n<p>Im Jahr 2010 gab Elisabeth II. gem\u00e4\u00df dem Royal Marriages Act von 1772 ihre offizielle Zustimmung zur <strong>Heirat ihres Enkels Prinz William Arthur Philip Louis,<\/strong> \u00e4ltester Sohn von Prinz Charles und seiner verstorbenen Ex-Frau Diana, Prinzessin von Wales, der zweiten britischen Thronfolgerin, mit der &#8222;b\u00fcrgerlichen &#8220; <strong>Catherine Elizabeth Middleton,<\/strong> besser bekannt als <strong>Kate Middleton.<\/strong> Das M\u00e4dchen, das nicht aus dem Adel stammt, heiratet als erste einen zuk\u00fcnftigen K\u00f6nig, was die Zustimmung der englischen Bev\u00f6lkerung erh\u00f6ht und die Monarchie moderner und volksn\u00e4her macht. Die Hochzeit wurde dann am 29. April 2011 gefeiert und von sch\u00e4tzungsweise 2 Milliarden Menschen weltweit verfolgt.<\/p>\n<p><iframe title=\"William and Kate Kiss on the Balcony - The Royal Wedding - BBC\" width=\"840\" height=\"473\" src=\"https:\/\/www.youtube.com\/embed\/c38lPvrPuT4?feature=oembed&#038;width=840&#038;height=1000&#038;discover=1\" frameborder=\"0\" allow=\"accelerometer; autoplay; clipboard-write; encrypted-media; gyroscope; picture-in-picture\" allowfullscreen><\/iframe><\/p>\n<p>Im Jahr 2011 war sie die <strong>erste britische Souver\u00e4nin<\/strong>, die auf Einladung der damaligen Pr\u00e4sidentin <strong>Mary McAleese<\/strong> zu einem Staatsbesuch in die<strong> Republik Irland<\/strong> reiste.<\/p>\n<p>Im Jahr 2012 feierte sie das <strong>Diamantene Thronjubil\u00e4um, d. h. den 60. Jahrestag<\/strong> ihrer Thronbesteigung, der im gesamten Vereinigten K\u00f6nigreich und im Commonwealth gefeiert wurde, sowie den <strong>65. Jahrestag ihrer Hochzeit<\/strong> mit ihrem Ehemann Prinz Philip.<\/p>\n<figure id=\"attachment_224305\" aria-describedby=\"caption-attachment-224305\" style=\"width: 1024px\" class=\"wp-caption aligncenter\"><a href=\"https:\/\/swissfederalism.ch\/de\/royal-family-on-the-balcony-photo-by-carfax2-cc-by-sa-3-0-via-wikimedia-common-2\/\" rel=\"attachment wp-att-224305\"><img decoding=\"async\" class=\"size-full wp-image-224306\" src=\"https:\/\/swissfederalism.ch\/wp-content\/uploads\/2022\/09\/Royal-family-on-the-balcony-Photo-by-Carfax2-CC-BY-SA-3.0-via-Wikimedia-Common.jpg\" alt=\"Royal family on the balcony Photo by Carfax2, CC BY-SA 3.0 via Wikimedia Common\" width=\"1024\" height=\"683\" srcset=\"https:\/\/swissfederalism.ch\/wp-content\/uploads\/2022\/09\/Royal-family-on-the-balcony-Photo-by-Carfax2-CC-BY-SA-3.0-via-Wikimedia-Common.jpg 1024w, https:\/\/swissfederalism.ch\/wp-content\/uploads\/2022\/09\/Royal-family-on-the-balcony-Photo-by-Carfax2-CC-BY-SA-3.0-via-Wikimedia-Common-300x200.jpg 300w, https:\/\/swissfederalism.ch\/wp-content\/uploads\/2022\/09\/Royal-family-on-the-balcony-Photo-by-Carfax2-CC-BY-SA-3.0-via-Wikimedia-Common-768x512.jpg 768w\" sizes=\"(max-width: 1024px) 100vw, 1024px\" \/><\/a><figcaption id=\"caption-attachment-224305\" class=\"wp-caption-text\"><span class=\"font-377884\">The Queen and the Royal family on the balcony Photo by Carfax2, CC BY-SA 3.0 via Wikimedia Common<\/span><\/figcaption><\/figure>\n<p><span class=\"font-377884\">Bei den <strong>Olympischen Spielen 2012<\/strong> in London stellte sich die Monarchin f\u00fcr einen <strong>kurzen Film<\/strong> f\u00fcr die Er\u00f6ffnungsfeier im Wembley-Stadion zur Verf\u00fcgung. Darin ist der ber\u00fchmte<strong> James Bond<\/strong>, gespielt von <strong>Daniel Craig,<\/strong> zu sehen, wie er den Buckingham-Palast betritt, um die Monarchin aus ihrem Arbeitszimmer abzuholen und mit dem Hubschrauber zum Stadion zu fliegen, wo sie mit dem Fallschirm abspringen (das Video wurde mit Stunt-Doubles gedreht) und dann auf der Trib\u00fcne erscheinen. Mit der Er\u00f6ffnung der XXX. Olympiade in London war er das erste Staatsoberhaupt, das zwei Ausgaben der Spiele in zwei verschiedenen L\u00e4ndern er\u00f6ffnete (die ersten waren die Spiele der XXI. Olympiade in Montr\u00e9al 1976).<\/span><\/p>\n<p><iframe title=\"Performance from Queen Elizabeth II and James Bond for the opening of the Olympic Games London 2012\ud83d\udda4\" width=\"840\" height=\"473\" src=\"https:\/\/www.youtube.com\/embed\/Sk3c2RQocew?feature=oembed&#038;width=840&#038;height=1000&#038;discover=1\" frameborder=\"0\" allow=\"accelerometer; autoplay; clipboard-write; encrypted-media; gyroscope; picture-in-picture\" allowfullscreen><\/iframe><\/p>\n<p><span class=\"font-377884\">Im Jahr 2015 wurde die Regierungszeit von Elizabeth II. zur <strong>l\u00e4ngsten in der britischen Geschichte<\/strong> und zur dienst\u00e4ltesten Monarchin der Welt.<\/span><\/p>\n<p><span class=\"font-377884\">2017 feierte Elizabeth II. als erste britische Monarchin ein <strong>Saphir-Jubil\u00e4um, d. h. den 65. Jahrestag<\/strong> ihrer Thronbesteigung. Im selben Jahr feierte sie ihren<strong> 70. Hochzeitstag<\/strong> mit Prinz Philip.<\/span><\/p>\n<p><span class=\"font-377884\">Im Jahr 2019 entzog sie ihrem dritten <strong>Sohn Prinz Andrew<\/strong> den Titel &#8222;K\u00f6nigliche Hoheit&#8220;, Patronate, seine Ehren\u00e4mter im Milit\u00e4r und nahm ihn von allen \u00f6ffentlichen und institutionellen Verpflichtungen aus, nachdem er aufgrund von Skandalen und umstrittenen Gesch\u00e4ften mit seinem Freund Jeffrey Epstein, der wegen Sexualverbrechen verurteilt wurde, einen Mediensturm ausgel\u00f6st hatte. Im Einvernehmen mit dem Rest der Familie sorgte er auch daf\u00fcr, dass sein Sohn sich in dem Prozess, in den er als <strong>einfacher B\u00fcrger<\/strong> verwickelt ist, selbst verteidigt.<\/span><\/p>\n<p><span class=\"font-377884\">Im Jahr 2020 zogen K\u00f6nigin Elisabeth II. und Prinz Philip nach Schloss Windsor, um eine m\u00f6gliche Ansteckung nach dem Ausbruch der weltweiten <strong>COVID-19-Pandemie<\/strong> abzuwenden. Nach sieben Monaten, in denen sie wegen der Pandemie nur virtuelle Anh\u00f6rungen abhielt, kehrte die K\u00f6nigin am 15. Oktober 2020 in die \u00d6ffentlichkeit zur\u00fcck, um das Defense Science and Technology Laboratory in Wiltshire zu besuchen.<\/span><\/p>\n<p><span class=\"font-377884\">Im Jahr 2021 wurde sie nach 73 Ehejahren Witwe von <strong>Prinz Philip, der im Alter von 99 Jahren verstarb.<\/strong> Aufgrund der damals im Vereinigten K\u00f6nigreich geltenden Covid-19-Beschr\u00e4nkungen sa\u00df die K\u00f6nigin bei der Beerdigung von Philip allein, eine Geste, die bei Menschen in aller Welt Sympathie und Emotionen hervorrief.<\/span><\/p>\n<p><iframe title=\"The Duke of Edinburgh Laid to Rest in Touching Funeral Service Inside St George&#039;s Chapel\" width=\"840\" height=\"473\" src=\"https:\/\/www.youtube.com\/embed\/jNAnLgClOlA?feature=oembed&#038;width=840&#038;height=1000&#038;discover=1\" frameborder=\"0\" allow=\"accelerometer; autoplay; clipboard-write; encrypted-media; gyroscope; picture-in-picture\" allowfullscreen><\/iframe><\/p>\n<p><span class=\"font-377884\">Im Jahr 2021 empfing die K\u00f6nigin den <strong>US-Pr\u00e4sidenten Joe Biden<\/strong> und seine Gattin zu einem offiziellen Besuch auf Schloss Windsor. Im selben Jahr begann die K\u00f6nigin, bei \u00f6ffentlichen Veranstaltungen einen Gehstock zu benutzen, lehnte jedoch den &#8222;<em>The Oldie of the Year Award<\/em>&#8220; des britischen Monatsmagazins The Oldie mit der Begr\u00fcndung ab, dass &#8222;<strong><em>man alt ist, wenn man sich alt f\u00fchlt<\/em><\/strong>&#8222;.<\/span><\/p>\n<p><span class=\"font-377884\">Im Jahr 2022 war die K\u00f6nigin sehr besorgt \u00fcber die <strong>russisch-ukrainische diplomatische Krise<\/strong> und wurde vom damaligen Premierminister Boris Johnson st\u00e4ndig \u00fcber die Situation informiert.<\/span><\/p>\n<p><span class=\"font-377884\">Im Jahr 2022 gab der Palast ohne offizielle Mitteilung die Entscheidung der K\u00f6nigin bekannt, den <strong>Buckingham Palace nicht mehr als offizielle Residenz zu nutzen<\/strong> und dauerhaft nach Windsor Schloss zu ziehen.<\/span><\/p>\n<p><span class=\"font-377884\">Am 17. Mai 2022 nahm sie in Begleitung ihres Sohnes Edward, Graf von Wessex, an der Er\u00f6ffnung der neuen Londoner U-Bahn-Linie, der &#8222;<strong>Elizabeth Line<\/strong>&#8222;, teil.<\/span><\/p>\n<p><iframe title=\"Queen Spreads the Smiles in Surprise Appearance to Open the Elizabeth Line\" width=\"840\" height=\"473\" src=\"https:\/\/www.youtube.com\/embed\/Gba6lSLKYt4?feature=oembed&#038;width=840&#038;height=1000&#038;discover=1\" frameborder=\"0\" allow=\"accelerometer; autoplay; clipboard-write; encrypted-media; gyroscope; picture-in-picture\" allowfullscreen><\/iframe><\/p>\n<p><span class=\"font-377884\">Am 2. Juni 2022 begannen die offiziellen Feierlichkeiten zum<strong> Platin-Jubil\u00e4um<\/strong> mit der Trooping the Colour-Parade, bei der alle Mitglieder der k\u00f6niglichen Familie offizielle Aufgaben im Namen der K\u00f6nigin wahrnahmen; die Monarchin war beim Salut an die Menge vom Balkon des Buckingham Palace am Ende der Parade anwesend. Zur Feier dieses Ereignisses lie\u00df sich Elisabeth II. einen <strong>kurzen Film drehen<\/strong>, in dem sie beim Tee im Buckingham-Palast mit <strong>Paddington<\/strong> zu sehen ist, dem ber\u00fchmten Teddyb\u00e4r, einer Figur aus der englischen Kinderliteratur, der ihr mit seiner traditionellen Ironie und Komik seine Aufwartung macht und ihr alles Gute f\u00fcr den Feiertag w\u00fcnscht. Der Film zeigt auch, wie die Herrscherin ein Sandwich aus ihrer Handtasche zieht und der Teddyb\u00e4r es mit den Worten &#8222;<em>Thank You Ma&#8217;am, for everything<\/em>&#8220; abschlie\u00dft.<\/span><\/p>\n<p><iframe title=\"\ud83e\udd6a \ud83d\udc5c Ma\u2019amalade sandwich Your Majesty?\" width=\"840\" height=\"473\" src=\"https:\/\/www.youtube.com\/embed\/7UfiCa244XE?feature=oembed&#038;width=840&#038;height=1000&#038;discover=1\" frameborder=\"0\" allow=\"accelerometer; autoplay; clipboard-write; encrypted-media; gyroscope; picture-in-picture\" allowfullscreen><\/iframe><\/p>\n<h2><span class=\"font-377884\">Britische Minister und die &#8222;Gro\u00dfen der Welt&#8220;<\/span><\/h2>\n<p><span class=\"font-377884\">Die Rolle von Elisabeth II. bestand darin, dass sie ein Staatsoberhaupt war, das \u00fcber der Partei stand: Sie regierte, aber sie regierte nicht wirklich. W\u00e4hrend ihrer langen Regierungszeit traf sie zahlreiche Staatsoberh\u00e4upter und historische Pers\u00f6nlichkeiten.<\/span><\/p>\n<p><span class=\"font-377884\">Unter ihr waren <strong>15 britische Premierminister<\/strong> t\u00e4tig, angefangen bei <strong>Winston Churchill<\/strong> (1952-1955), <strong>Anthony Eden<\/strong> (1955-1957), <strong>Harold Macmillan<\/strong> (1957-1963), <strong>Alec Douglas-Home<\/strong> (1963-1965), <strong>Harold Wilson<\/strong> (1964-1970 und 1974-1976), <strong>Edward Heath<\/strong> (1970-1974), <strong>James Callaghan<\/strong> (1976-1979), <strong>Margaret Thatcher<\/strong> (1979-1990), <strong>John Major<\/strong> (1990-1997), <strong>Tony Blair<\/strong> (1997-2007), <strong>Gordon Brown (<\/strong>2007-2010), <strong>David Cameron<\/strong> (2010-2016), <strong>Theresa May<\/strong> (2016-2019), <strong>Boris Johnson<\/strong> (2019-2022), <strong>Liz Truss<\/strong> (2022 im Amt)<\/span><\/p>\n<p><span class=\"font-377884\">Er hat <strong>13<\/strong> der letzten 14 <strong>US-Pr\u00e4sidenten<\/strong> getroffen, von <strong>Harry S. Truman<\/strong> bis <strong>Joe Biden:<\/strong> der einzige US-Pr\u00e4sident, den er nicht getroffen hat, war <strong>Lyndon Johnson<\/strong>.<\/span><\/p>\n<figure id=\"attachment_224285\" aria-describedby=\"caption-attachment-224285\" style=\"width: 515px\" class=\"wp-caption aligncenter\"><a href=\"https:\/\/swissfederalism.ch\/de\/first_family_and_elizabeth_ii_2007_outside-white-house-photo-by-eric-draper-public-domain-via-wikimedia-commons-2\/\" rel=\"attachment wp-att-224285\"><img decoding=\"async\" class=\"wp-image-224286 size-full\" src=\"https:\/\/swissfederalism.ch\/wp-content\/uploads\/2022\/09\/First_family_and_Elizabeth_II_2007_outside-White-House-photo-by-Eric-Draper-Public-domain-via-Wikimedia-Commons.jpg\" alt=\"First family and Elizabeth II 2007 (outside) White House photo by Eric Draper, Public domain, via Wikimedia Commons\" width=\"515\" height=\"500\" srcset=\"https:\/\/swissfederalism.ch\/wp-content\/uploads\/2022\/09\/First_family_and_Elizabeth_II_2007_outside-White-House-photo-by-Eric-Draper-Public-domain-via-Wikimedia-Commons.jpg 515w, https:\/\/swissfederalism.ch\/wp-content\/uploads\/2022\/09\/First_family_and_Elizabeth_II_2007_outside-White-House-photo-by-Eric-Draper-Public-domain-via-Wikimedia-Commons-300x291.jpg 300w, https:\/\/swissfederalism.ch\/wp-content\/uploads\/2022\/09\/First_family_and_Elizabeth_II_2007_outside-White-House-photo-by-Eric-Draper-Public-domain-via-Wikimedia-Commons-45x45.jpg 45w\" sizes=\"(max-width: 515px) 100vw, 515px\" \/><\/a><figcaption id=\"caption-attachment-224285\" class=\"wp-caption-text\"><span class=\"font-377884\">First family George Walker Bush and wife Laura with Elizabeth II and Prince Philip 2007 (outside) White House photo by Eric Draper, Public domain, via Wikimedia Commons<\/span><\/figcaption><\/figure>\n<p><span class=\"font-377884\">W\u00e4hrend ihrer Regierungszeit begegnete sie <strong>vier P\u00e4psten<\/strong>, angefangen bei <strong>Johannes XXIII.<\/strong> \u00fcber <strong>Johannes Paul II.<\/strong> und <strong>Benedikt XVI.<\/strong> bis hin zu <strong>Papst Franziskus.<\/strong> Im Jahr 1951 begegnete sie<strong> Papst Pius XII<\/strong>, als sie noch Prinzessin von Wales war.<\/span><\/p>\n<p><iframe title=\"Queen Elizabeth and the Popes - EWTN News InDepth\" width=\"840\" height=\"473\" src=\"https:\/\/www.youtube.com\/embed\/HefLq55XU4c?feature=oembed&#038;width=840&#038;height=1000&#038;discover=1\" frameborder=\"0\" allow=\"accelerometer; autoplay; clipboard-write; encrypted-media; gyroscope; picture-in-picture\" allowfullscreen><\/iframe><\/p>\n<p><span class=\"font-377884\">Elizabeth besuchte Italien erstmals 1951, als sie noch Prinzessin war, zusammen mit ihrem Ehemann Prinz Philip und begegnete dem damaligen Pr\u00e4sidenten der Italienischen Republik<strong> Luigi Einaudi<\/strong> und Premierminister <strong>Alcide De Gasperi<\/strong>. Sie kehrte 1961 zur\u00fcck und traf den damaligen Pr\u00e4sidenten <strong>Gronchi<\/strong>, 1980 Sandro Pertini, 2000 <strong>Carlo Azeglio Ciampi,<\/strong> 2006 und 2014 <strong>Giorgio Napolitano<\/strong>, w\u00e4hrend sie 1990 <strong>Francesco Cossiga<\/strong> und 2015 <strong>Sergio Mattarella<\/strong> im Buckimgham-Palast empfing.<\/span><\/p>\n<p><iframe title=\"Queen Elizabeth II speaks with Italian President Francesco Cossiga\" width=\"840\" height=\"473\" src=\"https:\/\/www.youtube.com\/embed\/-I-GGee_DLc?feature=oembed&#038;width=840&#038;height=1000&#038;discover=1\" frameborder=\"0\" allow=\"accelerometer; autoplay; clipboard-write; encrypted-media; gyroscope; picture-in-picture\" allowfullscreen><\/iframe><\/p>\n<p>&nbsp;<\/p>\n<p><span class=\"font-377884\">1956 empfing K\u00f6nigin Elisabeth II. den sowjetischen Staatschef <strong>Nikita Chruschtschow,<\/strong> 1989 empfing sie <strong>Michail Gorbatschow<\/strong>, den Protagonisten der Aufl\u00f6sung der Sowjetunion und der Gr\u00fcndung der Russischen F\u00f6deration, der am 30. August 2022 kurz vor der K\u00f6nigin in Moskau verstarb, in Audienz. 1994 war sie die <strong>erste britische Monarchin in der Geschichte,<\/strong> die Russland auf Einladung des damaligen Pr\u00e4sidenten <strong>Boris Jelzin<\/strong> besuchte. 2003 traf sie den russischen Pr\u00e4sidenten <strong>Wladimir Putin<\/strong> bei einem Staatsbesuch in Gro\u00dfbritannien.<\/span><\/p>\n<p><iframe title=\"Russia - Elizabeth II Dinner At The Kremlin\" width=\"840\" height=\"473\" src=\"https:\/\/www.youtube.com\/embed\/iYzRJT_wr9M?start=57&#038;feature=oembed\" frameborder=\"0\" allow=\"accelerometer; autoplay; clipboard-write; encrypted-media; gyroscope; picture-in-picture\" allowfullscreen><\/iframe><\/p>\n<p><span class=\"font-377884\">1971 empfing er den <strong>japanischen Kaiser Hirohito<\/strong> und war damit der erste amtierende Kaiser, der au\u00dferhalb Japans reiste.<\/span><\/p>\n<p><iframe title=\"Queen Meets Emperor Hirohito In London\" width=\"840\" height=\"473\" src=\"https:\/\/www.youtube.com\/embed\/RF4JeyZbabQ?feature=oembed&#038;width=840&#038;height=1000&#038;discover=1\" frameborder=\"0\" allow=\"accelerometer; autoplay; clipboard-write; encrypted-media; gyroscope; picture-in-picture\" allowfullscreen><\/iframe><\/p>\n<p><span class=\"font-377884\">1972 besuchte K\u00f6nigin Elisabeth II. das ehemalige <strong>Jugoslawien<\/strong> und war damit die<strong> erste britische Monarchin,<\/strong> die ein kommunistisches Land besuchte. W\u00e4hrend ihrer Reise wurde sie auf dem Belgrader Flughafen vom damaligen Pr\u00e4sidenten <strong>Josip Broz Tito<\/strong> empfangen und von einer Tausenden von Menschen begr\u00fc\u00dft.<\/span><\/p>\n<figure id=\"attachment_224301\" aria-describedby=\"caption-attachment-224301\" style=\"width: 828px\" class=\"wp-caption aligncenter\"><a href=\"https:\/\/swissfederalism.ch\/de\/la-regina-britannica-elisabetta-ii-e-josip-broz-tito-1972-a-belgrado-foto-stevan-kragujevic-per-gentile-concessione-dellartista-tanja-kragujevic-cc-by-sa-3-0-rs-via-wikimedia-commons-2\/\" rel=\"attachment wp-att-224301\"><img decoding=\"async\" class=\"size-large wp-image-224302\" src=\"https:\/\/swissfederalism.ch\/wp-content\/uploads\/2022\/09\/La-regina-britannica-Elisabetta-II-e-Josip-Broz-Tito-1972-a-Belgrado.Foto-Stevan-Kragujevic-per-gentile-concessione-dellartista-Tanja-Kragujevic-CC-BY-SA-3.0-RS-via-Wikimedia-Commons-828x1024.jpg\" alt=\"La regina britannica Elisabetta II e Josip Broz Tito, 1972, a Belgrado.Foto Stevan Kragujevi\u0107 (per gentile concessione dell'artista Tanja Kragujevi\u0107) CC BY-SA 3.0 RS, via Wikimedia Commons\" width=\"828\" height=\"1024\" srcset=\"https:\/\/swissfederalism.ch\/wp-content\/uploads\/2022\/09\/La-regina-britannica-Elisabetta-II-e-Josip-Broz-Tito-1972-a-Belgrado.Foto-Stevan-Kragujevic-per-gentile-concessione-dellartista-Tanja-Kragujevic-CC-BY-SA-3.0-RS-via-Wikimedia-Commons-828x1024.jpg 828w, https:\/\/swissfederalism.ch\/wp-content\/uploads\/2022\/09\/La-regina-britannica-Elisabetta-II-e-Josip-Broz-Tito-1972-a-Belgrado.Foto-Stevan-Kragujevic-per-gentile-concessione-dellartista-Tanja-Kragujevic-CC-BY-SA-3.0-RS-via-Wikimedia-Commons-242x300.jpg 242w, https:\/\/swissfederalism.ch\/wp-content\/uploads\/2022\/09\/La-regina-britannica-Elisabetta-II-e-Josip-Broz-Tito-1972-a-Belgrado.Foto-Stevan-Kragujevic-per-gentile-concessione-dellartista-Tanja-Kragujevic-CC-BY-SA-3.0-RS-via-Wikimedia-Commons-768x950.jpg 768w, https:\/\/swissfederalism.ch\/wp-content\/uploads\/2022\/09\/La-regina-britannica-Elisabetta-II-e-Josip-Broz-Tito-1972-a-Belgrado.Foto-Stevan-Kragujevic-per-gentile-concessione-dellartista-Tanja-Kragujevic-CC-BY-SA-3.0-RS-via-Wikimedia-Commons.jpg 1024w\" sizes=\"(max-width: 828px) 100vw, 828px\" \/><\/a><figcaption id=\"caption-attachment-224301\" class=\"wp-caption-text\"><span class=\"font-377884\">British Queen Elizabeth II and Josip Broz Tito, 1972, in Belgrade.Photo Stevan Kragujevi\u0107 (courtesy of the artistTanja Kragujevi\u0107) <a href=\"https:\/\/commons.wikimedia.org\/wiki\/File:Stevan_Kragujevic,_Elizabeth_II_i_Josip_Broz_Tito,1972,_u_Beogradu.jpg\">Stevan Kragujevi\u0107 <\/a>, <a href=\"https:\/\/creativecommons.org\/licenses\/by-sa\/3.0\/rs\/deed.en\">CC BY-SA 3.0 RS<\/a><br \/><\/span><\/figcaption><\/figure>\n<p><span class=\"font-377884\">1978 empfing K\u00f6nigin Elisabeth II. den rum\u00e4nischen Diktator<strong> Nicolae Ceausescu<\/strong> und seine Frau auf Einladung des damaligen Au\u00dfenministers David Owen in Gro\u00dfbritannien, wobei es hei\u00dft, sie seien etwas zur\u00fcckhaltend gewesen.<\/span><\/p>\n<p><span class=\"font-377884\">1980 traf Elisabeth II. bei ihrem einzigen Staatsbesuch im Alpenland den damaligen Pr\u00e4sidenten der <strong>Helvetischen Eidgenossenschaft Georges-Andr\u00e9 Chevallaz<\/strong>. Sp\u00e4ter traf sie in London mit anderen Pr\u00e4sidenten der Eidgenossenschaft zusammen: <strong>Flavio Cotti, Samuel Schmid, Eveline Widmer-Schlumpf<\/strong> und<strong> Ignazio Cassis.<\/strong><\/span><\/p>\n<p><span class=\"font-377884\">1983 traf K\u00f6nigin Elisabeth II. mit<strong> Mutter Teresa von Kalkutta<\/strong> (1910-1997) zusammen und verlieh ihr die Ehrenmitgliedschaft im Verdienstorden des Vereinigten K\u00f6nigreichs.<\/span><\/p>\n<p><span class=\"font-377884\">1986 traf K\u00f6nigin Elisabeth II. w\u00e4hrend eines sechst\u00e4gigen Staatsbesuchs in China mit dem chinesischen kommunistischen F\u00fchrer <strong>Deng Xiaoping<\/strong> zusammen und war damit die <strong>erste britische Monarchin,<\/strong> die das Land besuchte. Es war eine der wichtigsten Reisen, die sie je unternommen hatte, und zwar zu einem entscheidenden Zeitpunkt in der Diplomatie w\u00e4hrend der Verhandlungen zwischen dem Vereinigten K\u00f6nigreich und der Volksrepublik China \u00fcber die R\u00fcckgabe von Hongkong. Die 99-j\u00e4hrige Pacht von Hongkong war 1898 nach der Unterzeichnung des Pekinger Abkommens vereinbart worden, und im Dezember 1984 hatten die Premierminister Zhao Ziyang und Margaret Thatcher die Gemeinsame Chinesisch-Britische Erkl\u00e4rung unterzeichnet, nach der die Chinesen am 1. Juli 1997 die Souver\u00e4nit\u00e4t \u00fcber das Gebiet wiedererlangen w\u00fcrden. Dieser Besuch ebnete den Weg f\u00fcr weitere Treffen zwischen den Staats- und Regierungschefs beider L\u00e4nder, die ihre Partnerschaft in den folgenden Jahren st\u00e4rkten. Im Jahr 1998 empfing sie den chinesischen Premierminister <strong>Zhu Rongji<\/strong> auf Schloss Windsor, 1999 den chinesischen Pr\u00e4sidenten Jiang Zemin im Buckingham Palace (er war der erste chinesische Pr\u00e4sident, der Gro\u00dfbritannien einen Staatsbesuch abstattete) und 2005 auf ihre Einladung hin den chinesischen Pr\u00e4sidenten Hu Jintao. Im Jahr 2015 empfing K\u00f6nigin Elisabeth II. den chinesischen Pr\u00e4sidenten <strong>Xi Jinping<\/strong> im Buckingham-Palast. Dieser Besuch wurde als Beginn einer &#8222;goldenen \u00c4ra&#8220; in den Beziehungen zwischen China und Gro\u00dfbritannien interpretiert, die sich durch eine dauerhafte, umfassende und f\u00fcr beide Seiten vorteilhafte Zusammenarbeit auszeichnet.<\/span><\/p>\n<p><span class=\"font-377884\">1995 unternahm K\u00f6nigin Elizabeth II. eine Reise nach S\u00fcdafrika, die nach den Jahrzehnten der Apartheid von gro\u00dfer symbolischer Bedeutung war und bei der sie mit<strong> Pr\u00e4sident Nelson Mandela<\/strong> zusammentraf, dem ersten nicht-wei\u00dfen s\u00fcdafrikanischen Pr\u00e4sidenten, der dieses Amt innehatte.<\/span><\/p>\n<p><iframe title=\"The Queen visits Cape Town, 1995\" width=\"840\" height=\"473\" src=\"https:\/\/www.youtube.com\/embed\/F-wsVTRt0Rs?feature=oembed&#038;width=840&#038;height=1000&#038;discover=1\" frameborder=\"0\" allow=\"accelerometer; autoplay; clipboard-write; encrypted-media; gyroscope; picture-in-picture\" allowfullscreen><\/iframe><\/p>\n<p><span class=\"font-377884\">Im Jahr 2012 tauschte K\u00f6nigin Elisabeth II. in Belfast einen historischen H\u00e4ndedruck mit <strong>Martin McGuinness<\/strong> aus, dem ehemaligen Kommandeur der Irisch-Republikanischen Armee und der Nummer zwei der Sinn-Fein-Partei, die ihre Souver\u00e4nit\u00e4t \u00fcber Nordirland nicht anerkennt &#8211; eine Geste, die noch wenige Jahre zuvor unvorstellbar gewesen w\u00e4re. Die IRA hatte 1979 auch<em> Lord Louis Mountbatten<\/em>, ihren entfernten Verwandten und Onkel ihres Ehemanns Prinz Philip, ermordet. Der H\u00e4ndedruck fand 14 Jahre nach dem Karfreitagsabkommen statt, das drei Jahrzehnte des Konflikts beendete.<\/span><\/p>\n<p><iframe title=\"The Queen shakes hands with Martin McGuinness\" width=\"840\" height=\"473\" src=\"https:\/\/www.youtube.com\/embed\/MsiNA9aR4TU?feature=oembed&#038;width=840&#038;height=1000&#038;discover=1\" frameborder=\"0\" allow=\"accelerometer; autoplay; clipboard-write; encrypted-media; gyroscope; picture-in-picture\" allowfullscreen><\/iframe><\/p>\n<h2><span class=\"font-377884\">Pers\u00f6nlichkeiten, die sie getroffen hat<\/span><\/h2>\n<p><span class=\"font-377884\">Die Monarchin hat auch einige der gr\u00f6\u00dften K\u00fcnstler des 20. und 21. Jahrhunderts getroffen, wie die Operns\u00e4ngerin <strong>Maria Callas<\/strong>, die Schauspieler <strong>Charlie Chaplin, Elizabeth Taylor, Laurence Olivier, Vivien Leigh, Marilyn Monroe<\/strong> und <strong>Brigitte Bardot,<\/strong> den T\u00e4nzer <strong>Rudolf Nurejew<\/strong>, die S\u00e4nger <strong>Frank Sinatra, Elton John, Madonna, Michael Jackson, Lady Gaga, Paul McCartney, Eric Clapton, die Spice Girls, Bono von U2<\/strong> und die britische Krimiautorin <strong>Agatha Christie.<\/strong><\/span><\/p>\n<p><span class=\"font-377884\">Zu den vielen Personen, denen die K\u00f6nigin Ehrungen zuteil werden lie\u00df, geh\u00f6ren <strong>Steven Spielberg<\/strong>, der zum Ritter des Britischen Empire ernannt wurde, <strong>Angelina Jolie<\/strong>, der sie den Titel einer Ehrendame des Ordens von St. Michael und St. George verlieh, <strong>Angela Lansbury,<\/strong> bekannt als Jessica Fletcher in &#8220; Mord ist ihr Hobby&#8220;, die zum Commander des Ordens des Britischen Empire ernannt wurde, und der Fu\u00dfballer <strong>David Beckham,<\/strong> der zum Officer des Ordens des Britischen Empire ernannt wurde.<\/span><\/p>\n<h2><span class=\"font-377884\">Beerdigung<\/span><\/h2>\n<p><span class=\"font-377884\">Die Trauerfeier von K\u00f6nigin Elizabeth II. fand am 19. September 2022 in der Westminster Abbey in London statt. Neben der <strong>k\u00f6niglichen Familie<\/strong> nahmen <strong>fast alle Staatsoberh\u00e4upter<\/strong> und <strong>gekr\u00f6nten H\u00e4upter der Welt<\/strong> daran teil, und etwa <strong>1 Million Menschen<\/strong> kamen in die Stadt, um der Beerdigung beizuwohnen.<\/span><\/p>\n<p><span class=\"font-377884\">Die Beerdigung von Elisabeth II. war auch die <strong>erste Beerdigung eines britischen Monarchen<\/strong>, die im Fernsehen \u00fcbertragen wurde und von mehr als 26 Millionen Menschen verfolgt wurde.<\/span><\/p>\n<p><span class=\"font-377884\">Ihre lange Regierungszeit, die sich \u00fcber <strong>zwei Jahrhunderte<\/strong> erstreckte und in der sie zahlreiche Errungenschaften erzielte, machte sie zu einer der beliebtesten Pers\u00f6nlichkeiten der Welt.<\/span><\/p>\n<p><span class=\"font-377884\">Nach zehnt\u00e4giger Staatstrauer wurde die K\u00f6nigin neben ihrem Ehemann Prinz Philip und ihren Eltern K\u00f6nig Georg VI. und Elizabeth Bowes-Lyon in der <strong>King George VI Memorial Chapel<\/strong> auf dem Gel\u00e4nde von <strong>Schloss Windsor<\/strong> beigesetzt, womit die &#8222;elisabethanische&#8220; \u00c4ra endg\u00fcltig endete und die Regierung von <strong>Karl III.<\/strong> begann.<\/span><\/p>\n<p><iframe title=\"Queen Elizabeth II&#039;s funeral in less than five minutes\" width=\"840\" height=\"473\" src=\"https:\/\/www.youtube.com\/embed\/GPpRHrJv-gY?feature=oembed&#038;width=840&#038;height=1000&#038;discover=1\" frameborder=\"0\" allow=\"accelerometer; autoplay; clipboard-write; encrypted-media; gyroscope; picture-in-picture\" allowfullscreen><\/iframe><\/p>\n<h2><span class=\"font-377884\">Thronfolge<\/span><\/h2>\n<p><span class=\"font-377884\">Auf Elisabeth II. folgt ihr 73-j\u00e4hriger Sohn Charles mit dem Namen &#8222;<strong>Charles III<\/strong>.&#8220;, w\u00e4hrend <strong>Prinz William,<\/strong> der 40-j\u00e4hrige Enkel der K\u00f6nigin, zum Thronfolger wird und der 9-j\u00e4hrige <strong>Prinz George<\/strong> nun der zweite in der Thronfolge sein wird.<\/span><\/p>\n<p>&nbsp;<\/p>\n<p>&nbsp;<\/p>\n<p>&nbsp;<\/p>\n","protected":false},"excerpt":{"rendered":"<p>Kurz nach Michail Gorbatschow, dem letzten Pr\u00e4sidenten der ehemaligen Sowjetunion, ist auch K\u00f6nigin Elisabeth II. des Vereinigten K\u00f6nigreichs im Alter von 96 Jahren und nach 70 Jahren Regentschaft von uns gegangen.<\/p>\n","protected":false},"author":9,"featured_media":224364,"comment_status":"open","ping_status":"closed","sticky":false,"template":"","format":"standard","meta":{"footnotes":""},"categories":[278,304,309,793,211],"tags":[2249,1783,2248,1101],"class_list":["post-224387","post","type-post","status-publish","format-standard","has-post-thumbnail","hentry","category-europa-de","category-geschichte","category-highlights","category-vereinigten-koenigreich-von-grossbritannien-und-nordirland","category-zeitschrift","tag-commonwealth-de","tag-geschichte","tag-koenigin-elisabeth-ii","tag-vereinigtes-koenigreich"],"_links":{"self":[{"href":"https:\/\/swissfederalism.ch\/de\/wp-json\/wp\/v2\/posts\/224387","targetHints":{"allow":["GET"]}}],"collection":[{"href":"https:\/\/swissfederalism.ch\/de\/wp-json\/wp\/v2\/posts"}],"about":[{"href":"https:\/\/swissfederalism.ch\/de\/wp-json\/wp\/v2\/types\/post"}],"author":[{"embeddable":true,"href":"https:\/\/swissfederalism.ch\/de\/wp-json\/wp\/v2\/users\/9"}],"replies":[{"embeddable":true,"href":"https:\/\/swissfederalism.ch\/de\/wp-json\/wp\/v2\/comments?post=224387"}],"version-history":[{"count":2,"href":"https:\/\/swissfederalism.ch\/de\/wp-json\/wp\/v2\/posts\/224387\/revisions"}],"predecessor-version":[{"id":224393,"href":"https:\/\/swissfederalism.ch\/de\/wp-json\/wp\/v2\/posts\/224387\/revisions\/224393"}],"wp:featuredmedia":[{"embeddable":true,"href":"https:\/\/swissfederalism.ch\/de\/wp-json\/wp\/v2\/media\/224364"}],"wp:attachment":[{"href":"https:\/\/swissfederalism.ch\/de\/wp-json\/wp\/v2\/media?parent=224387"}],"wp:term":[{"taxonomy":"category","embeddable":true,"href":"https:\/\/swissfederalism.ch\/de\/wp-json\/wp\/v2\/categories?post=224387"},{"taxonomy":"post_tag","embeddable":true,"href":"https:\/\/swissfederalism.ch\/de\/wp-json\/wp\/v2\/tags?post=224387"}],"curies":[{"name":"wp","href":"https:\/\/api.w.org\/{rel}","templated":true}]}}