{"id":134106,"date":"2022-07-13T12:27:17","date_gmt":"2022-07-13T12:27:17","guid":{"rendered":"https:\/\/swissfederalism.ch\/germany-9-euro-ticket\/"},"modified":"2022-07-13T12:43:16","modified_gmt":"2022-07-13T12:43:16","slug":"deutschland-9-euro-tickets","status":"publish","type":"post","link":"https:\/\/swissfederalism.ch\/de\/deutschland-9-euro-tickets\/","title":{"rendered":"Deutschland: Gro\u00dfer Erfolg des 9-Euro-Monats-Tickets f\u00fcr Z\u00fcge, Stra\u00dfenbahnen und Busse"},"content":{"rendered":"<h1><span class=\"font-377884\">Deutschland: Gro\u00dfer Erfolg des 9-Euro-Monats-Tickets f\u00fcr Z\u00fcge, Stra\u00dfenbahnen und Busse<\/span><\/h1>\n<h3><span class=\"font-377884\"><em>Im Juni wurden 21 Millionen Fahrkarten verkauft, und der Stra\u00dfenverkehr in den St\u00e4dten wurde erheblich eingeschr\u00e4nkt.<\/em><\/span><\/h3>\n<figure id=\"attachment_134082\" aria-describedby=\"caption-attachment-134082\" style=\"width: 840px\" class=\"wp-caption aligncenter\"><a href=\"https:\/\/swissfederalism.ch\/de\/schwebebahn-wuppertal-photo-by-christian-walther-on-pixabay-2\/\" rel=\"attachment wp-att-134082\"><img decoding=\"async\" class=\"size-large wp-image-134083\" src=\"https:\/\/swissfederalism.ch\/wp-content\/uploads\/2022\/07\/Schwebebahn-Wuppertal-Photo-by-Christian-Walther-on-Pixabay-1024x683.jpg\" alt=\"Schwebebahn Wuppertal Photo by Christian Walther on Pixabay\" width=\"840\" height=\"560\" srcset=\"https:\/\/swissfederalism.ch\/wp-content\/uploads\/2022\/07\/Schwebebahn-Wuppertal-Photo-by-Christian-Walther-on-Pixabay-1024x683.jpg 1024w, https:\/\/swissfederalism.ch\/wp-content\/uploads\/2022\/07\/Schwebebahn-Wuppertal-Photo-by-Christian-Walther-on-Pixabay-300x200.jpg 300w, https:\/\/swissfederalism.ch\/wp-content\/uploads\/2022\/07\/Schwebebahn-Wuppertal-Photo-by-Christian-Walther-on-Pixabay-768x512.jpg 768w, https:\/\/swissfederalism.ch\/wp-content\/uploads\/2022\/07\/Schwebebahn-Wuppertal-Photo-by-Christian-Walther-on-Pixabay-1536x1024.jpg 1536w, https:\/\/swissfederalism.ch\/wp-content\/uploads\/2022\/07\/Schwebebahn-Wuppertal-Photo-by-Christian-Walther-on-Pixabay.jpg 1920w\" sizes=\"(max-width: 840px) 100vw, 840px\" \/><\/a><figcaption id=\"caption-attachment-134082\" class=\"wp-caption-text\"><span class=\"font-377884\">Schwebebahn Wuppertal Photo by Christian Walther on Pixabay<\/span><\/figcaption><\/figure>\n<p><span class=\"font-377884\">In Deutschland kann man in den Sommermonaten<strong> Juni, Juli<\/strong> und <strong>August 2022<\/strong> f\u00fcr 9 Euro pro Monat einen ganzen Monat lang mit Z\u00fcgen des Nah- und Regionalverkehrs, einschlie\u00dflich Linienbussen, Stra\u00dfenbahnen, S-Bahnen und Regionalz\u00fcgen (2. Klasse), Regionalexpressz\u00fcgen und einzelnen F\u00e4hren des HVV in Hamburg und der BVG in Berlin im gesamten Bundesgebiet fahren.\u00a0Dies gilt unabh\u00e4ngig vom Verkehrsunternehmen, vom Verkehrsverbund und vom Tarif auf der Fahrkarte. Ein 9-Euro-Ticket, das beispielsweise in M\u00fcnchen gekauft wurde, kann auch f\u00fcr Fahrten in und um Frankfurt genutzt werden.<\/span><\/p>\n<p><span class=\"font-377884\">Das Ticket gilt <strong>nicht<\/strong> in Fernverkehrsz\u00fcgen (wie <strong>IC, EC<\/strong> oder <strong>ICE<\/strong>) oder Fernbussen. Wenn Ihr Regionalzug jedoch mehr als 20 Minuten Versp\u00e4tung hat, k\u00f6nnen Sie einen Fernzug nehmen, wenn Sie im Voraus eine Fernverkehrsfahrkarte kaufen. Nach Beendigung Ihrer Reise erstattet das Servicecenter Fahrgastrechte auf Antrag Ihre Fernverkehrsfahrkarte.\u00a0<\/span><\/p>\n<p><span class=\"font-377884\"><strong><a href=\"https:\/\/swissfederalism.ch\/de\/exportboom-schweizer-schienenfahrzeuge\/\">Exportboom f\u00fcr Schweizer Schienenfahrzeuge<\/a><\/strong><\/span><\/p>\n<p><span class=\"font-377884\"><strong><a href=\"https:\/\/swissfederalism.ch\/de\/bayern-bekommt-ersten-wasserstoffzug\/\">Bayern bekommt ersten Wasserstoffzug<\/a><\/strong><\/span><\/p>\n<h2><span class=\"font-377884\">G\u00fcltigkeit im Ausland<\/span><\/h2>\n<p><span class=\"font-377884\">Einige grenznahe St\u00e4dte k\u00f6nnen mit dem 9-Euro-Ticket erreicht werden, z. B. <strong>Salzburg<\/strong> und <strong>Kufstein<\/strong> in \u00d6sterreich, <strong>Basel<\/strong> und <strong>Schaffhausen<\/strong> in der Schweiz oder <strong>\u015awinouj\u015bcie<\/strong> in Polen.<\/span><\/p>\n<figure id=\"attachment_134096\" aria-describedby=\"caption-attachment-134096\" style=\"width: 840px\" class=\"wp-caption aligncenter\"><a href=\"https:\/\/swissfederalism.ch\/de\/deutsche-autobahn-photo-by-alexas_fotos-on-pixabay-2\/\" rel=\"attachment wp-att-134096\"><img decoding=\"async\" class=\"size-large wp-image-134097\" src=\"https:\/\/swissfederalism.ch\/wp-content\/uploads\/2022\/07\/Deutsche-Autobahn-Photo-by-Alexas_Fotos-on-Pixabay-1024x666.jpg\" alt=\"Deutsche Autobahn Photo by Alexas_Fotos on Pixabay\" width=\"840\" height=\"546\" srcset=\"https:\/\/swissfederalism.ch\/wp-content\/uploads\/2022\/07\/Deutsche-Autobahn-Photo-by-Alexas_Fotos-on-Pixabay-1024x666.jpg 1024w, https:\/\/swissfederalism.ch\/wp-content\/uploads\/2022\/07\/Deutsche-Autobahn-Photo-by-Alexas_Fotos-on-Pixabay-300x195.jpg 300w, https:\/\/swissfederalism.ch\/wp-content\/uploads\/2022\/07\/Deutsche-Autobahn-Photo-by-Alexas_Fotos-on-Pixabay-768x500.jpg 768w, https:\/\/swissfederalism.ch\/wp-content\/uploads\/2022\/07\/Deutsche-Autobahn-Photo-by-Alexas_Fotos-on-Pixabay-1536x999.jpg 1536w, https:\/\/swissfederalism.ch\/wp-content\/uploads\/2022\/07\/Deutsche-Autobahn-Photo-by-Alexas_Fotos-on-Pixabay.jpg 1920w\" sizes=\"(max-width: 840px) 100vw, 840px\" \/><\/a><figcaption id=\"caption-attachment-134096\" class=\"wp-caption-text\"><span class=\"font-377884\">Deutsche Autobahn Photo by Alexas_Fotos on Pixabay<\/span><\/figcaption><\/figure>\n<h2><span class=\"font-377884\">Erleichterung auf den Stra\u00dfen w\u00e4hrend der Hauptverkehrszeiten<\/span><\/h2>\n<p><span class=\"font-377884\">Das Neun-Euro-Ticket scheint zu den Hauptverkehrszeiten f\u00fcr Entlastung auf den Stra\u00dfen zu sorgen. Eine Analyse des Verkehrsdatenspezialisten Tomtom im Auftrag der Deutschen Presse-Agentur zeigt, dass die Staus in 23 der 26 untersuchten St\u00e4dte im Vergleich zum Zeitraum vor der Einf\u00fchrung des Systems zur\u00fcckgegangen sind. Die Daten &#8222;<em><strong>legen nahe, dass dieser R\u00fcckgang mit der Einf\u00fchrung des Neun-Euro-Tickets zusammenh\u00e4ngt<\/strong><\/em>&#8222;, sagte Ralf-Peter Sch\u00e4fer, Verkehrsexperte bei Tomtom. &#8222;<em>In fast allen untersuchten St\u00e4dten verloren Pendler im Juni weniger Zeit auf dem Weg zur Arbeit und nach Hause als im Mai.<\/em>&#8222;<\/span><\/p>\n<p><span class=\"font-377884\">Konkret verglichen die Experten das Stauaufkommen w\u00e4hrend der werkt\u00e4glichen Spitzenstunden in den Wochen 20 und 25. Die Zeitr\u00e4ume wurden so gew\u00e4hlt, dass die Auswirkungen von Ferien und Feiertagen nicht ber\u00fccksichtigt wurden. Das Ergebnis ist eindeutig: &#8222;<em>In den ersten Tagen nach Einf\u00fchrung des Neun-Euro-Tickets zeigten die Daten von Tomtom noch keinen Effekt der Ma\u00dfnahme auf den Autoverkehr. Inzwischen ist aber in fast allen untersuchten deutschen St\u00e4dten ein positiver Effekt auf den Verkehrsfluss zu beobachten&#8220;<\/em>, so Sch\u00e4fer.<\/span><\/p>\n<p><span class=\"font-377884\">&#8222;<em>Der R\u00fcckgang der Zeitverluste ist von Stadt zu Stadt unterschiedlich<\/em>&#8222;, erkl\u00e4rte der Experte. Besonders ausgepr\u00e4gt war die Verbesserung der Stausituation in Hamburg und Wiesbaden. Hier sank das Stauaufkommen um 14 bzw. 13 Punkte. Das bedeutet, dass Autofahrer f\u00fcr eine Strecke, die ohne Stau 30 Minuten dauern w\u00fcrde, in Hamburg durchschnittlich 4,2 Minuten und in Wiesbaden 3,9 Minuten weniger Zeit verloren haben. Nur leichte Verschlechterungen stellte Tomtom in Kiel und N\u00fcrnberg fest. In Karlsruhe blieb das Stauaufkommen unver\u00e4ndert.<\/span><\/p>\n<p><span class=\"font-377884\"><strong><a href=\"https:\/\/swissfederalism.ch\/de\/auf-dem-weg-zum-klimaneutralen-strassenverkehr\/\">Auf dem Weg zum klimaneutralen Strassenverkehr<\/a><\/strong><\/span><\/p>\n<figure id=\"attachment_134086\" aria-describedby=\"caption-attachment-134086\" style=\"width: 840px\" class=\"wp-caption aligncenter\"><a href=\"https:\/\/swissfederalism.ch\/de\/regional-express-photo-by-erich-westendarp-on-pixabay-2\/\" rel=\"attachment wp-att-134086\"><img decoding=\"async\" class=\"size-large wp-image-134087\" src=\"https:\/\/swissfederalism.ch\/wp-content\/uploads\/2022\/07\/Regional-Express-Photo-by-Erich-Westendarp-on-Pixabay-1024x694.jpg\" alt=\"Regional Express Photo by Erich Westendarp on Pixabay\" width=\"840\" height=\"569\" srcset=\"https:\/\/swissfederalism.ch\/wp-content\/uploads\/2022\/07\/Regional-Express-Photo-by-Erich-Westendarp-on-Pixabay-1024x694.jpg 1024w, https:\/\/swissfederalism.ch\/wp-content\/uploads\/2022\/07\/Regional-Express-Photo-by-Erich-Westendarp-on-Pixabay-300x203.jpg 300w, https:\/\/swissfederalism.ch\/wp-content\/uploads\/2022\/07\/Regional-Express-Photo-by-Erich-Westendarp-on-Pixabay-768x520.jpg 768w, https:\/\/swissfederalism.ch\/wp-content\/uploads\/2022\/07\/Regional-Express-Photo-by-Erich-Westendarp-on-Pixabay-1536x1041.jpg 1536w, https:\/\/swissfederalism.ch\/wp-content\/uploads\/2022\/07\/Regional-Express-Photo-by-Erich-Westendarp-on-Pixabay.jpg 1920w\" sizes=\"(max-width: 840px) 100vw, 840px\" \/><\/a><figcaption id=\"caption-attachment-134086\" class=\"wp-caption-text\"><span class=\"font-377884\">Regional Express Photo by Erich Westendarp on Pixabay<\/span><\/figcaption><\/figure>\n<h2><span class=\"font-377884\">21 Millionen Fahrkarten verkauft<\/span><\/h2>\n<p><span class=\"font-377884\">Nach Angaben des Verbandes Deutscher Verkehrsunternehmen (VDV) wurden im Juni, dem ersten Monat des Neun-Euro-Tickets, bundesweit rund 21 Millionen Sondertickets verkauft. &#8222;Zusammen mit den rund zehn Millionen Abonnenten, die das erm\u00e4\u00dfigte Ticket automatisch erhalten, ist die bisher von der Branche kalkulierte Zahl von 30 Millionen Fahrscheinen pro Monat nicht nur erreicht, sondern sogar leicht \u00fcberschritten&#8220;, teilte VDV-Pr\u00e4sident Ingo Wortmann mit. Die Zahlen beziehen sich ausschlie\u00dflich auf den Monat Juni 2022.<\/span><\/p>\n<p>&nbsp;<\/p>\n","protected":false},"excerpt":{"rendered":"<p>In Deutschland k\u00f6nnen Sie in den Sommermonaten Juni, Juli und August 2022 f\u00fcr 9 Euro pro Monat einen ganzen Monat lang mit Z\u00fcgen des Nah- und Regionalverkehrs, einschlie\u00dflich Linienbussen, Stra\u00dfenbahnen, S-Bahnen und Regionalz\u00fcgen (2. Klasse), Regionalexpressz\u00fcgen und einzelnen F\u00e4hren des HVV in Hamburg und der BVG in Berlin durch das Land fahren. <\/p>\n","protected":false},"author":9,"featured_media":134089,"comment_status":"open","ping_status":"closed","sticky":false,"template":"","format":"standard","meta":{"footnotes":""},"categories":[286,278,309,307,1699,211],"tags":[960,844,967,817,1200],"class_list":["post-134106","post","type-post","status-publish","format-standard","has-post-thumbnail","hentry","category-deutschland","category-europa-de","category-highlights","category-politik","category-umwelt","category-zeitschrift","tag-deutschland-2","tag-eisenbahn-2","tag-transport","tag-umwelt-2","tag-zug"],"_links":{"self":[{"href":"https:\/\/swissfederalism.ch\/de\/wp-json\/wp\/v2\/posts\/134106","targetHints":{"allow":["GET"]}}],"collection":[{"href":"https:\/\/swissfederalism.ch\/de\/wp-json\/wp\/v2\/posts"}],"about":[{"href":"https:\/\/swissfederalism.ch\/de\/wp-json\/wp\/v2\/types\/post"}],"author":[{"embeddable":true,"href":"https:\/\/swissfederalism.ch\/de\/wp-json\/wp\/v2\/users\/9"}],"replies":[{"embeddable":true,"href":"https:\/\/swissfederalism.ch\/de\/wp-json\/wp\/v2\/comments?post=134106"}],"version-history":[{"count":2,"href":"https:\/\/swissfederalism.ch\/de\/wp-json\/wp\/v2\/posts\/134106\/revisions"}],"predecessor-version":[{"id":134108,"href":"https:\/\/swissfederalism.ch\/de\/wp-json\/wp\/v2\/posts\/134106\/revisions\/134108"}],"wp:featuredmedia":[{"embeddable":true,"href":"https:\/\/swissfederalism.ch\/de\/wp-json\/wp\/v2\/media\/134089"}],"wp:attachment":[{"href":"https:\/\/swissfederalism.ch\/de\/wp-json\/wp\/v2\/media?parent=134106"}],"wp:term":[{"taxonomy":"category","embeddable":true,"href":"https:\/\/swissfederalism.ch\/de\/wp-json\/wp\/v2\/categories?post=134106"},{"taxonomy":"post_tag","embeddable":true,"href":"https:\/\/swissfederalism.ch\/de\/wp-json\/wp\/v2\/tags?post=134106"}],"curies":[{"name":"wp","href":"https:\/\/api.w.org\/{rel}","templated":true}]}}