{"id":132589,"date":"2022-05-15T17:40:20","date_gmt":"2022-05-15T17:40:20","guid":{"rendered":"https:\/\/swissfederalism.ch\/new-coin-celebrate-centenary-10-franc-vreneli\/"},"modified":"2022-05-15T17:52:47","modified_gmt":"2022-05-15T17:52:47","slug":"neue-muenze-hundertjaehrigen-jubilaeum-10-franken-vreneli","status":"publish","type":"post","link":"https:\/\/swissfederalism.ch\/de\/neue-muenze-hundertjaehrigen-jubilaeum-10-franken-vreneli\/","title":{"rendered":"Eine neue M\u00fcnze zum hundertj\u00e4hrigen Jubil\u00e4um des \u00ab10-Franken-Vreneli\u00bb"},"content":{"rendered":"<h1><span class=\"font-377884\">Eine neue M\u00fcnze zum hundertj\u00e4hrigen Jubil\u00e4um des \u00ab10-Franken-Vreneli\u00bb<\/span><\/h1>\n<h3><span class=\"font-377884\"><em>Mit der M\u00fcnze &#8222;100 Jahre seit der letzten Pr\u00e4gung des 10-Franken-Vreneli&#8220;, die ab dem 11. Mai 2022 im Handel ist, erinnert die Swissmint an die letzte Pr\u00e4gung von Gold-Vreneli.<\/em><\/span><\/h3>\n<figure id=\"attachment_132578\" aria-describedby=\"caption-attachment-132578\" style=\"width: 707px\" class=\"wp-caption aligncenter\"><a href=\"https:\/\/swissfederalism.ch\/de\/10-francs-vreneli-2\/\" rel=\"attachment wp-att-132578\"><img decoding=\"async\" class=\"size-full wp-image-132579\" src=\"https:\/\/swissfederalism.ch\/wp-content\/uploads\/2022\/05\/10-francs-Vreneli.jpg\" alt=\"10 francs Vreneli \u00a9Swissmint\" width=\"707\" height=\"319\" srcset=\"https:\/\/swissfederalism.ch\/wp-content\/uploads\/2022\/05\/10-francs-Vreneli.jpg 707w, https:\/\/swissfederalism.ch\/wp-content\/uploads\/2022\/05\/10-francs-Vreneli-300x135.jpg 300w\" sizes=\"(max-width: 707px) 100vw, 707px\" \/><\/a><figcaption id=\"caption-attachment-132578\" class=\"wp-caption-text\"><span class=\"font-377884\">10 francs Vreneli \u00a9Swissmint<\/span><\/figcaption><\/figure>\n<h2><span class=\"font-377884\">50-Franken-Goldm\u00fcnze zum Thema &lt;100 Jahre seit der letzten Pr\u00e4gung des 10-Franken-Vreneli&gt;<\/span><\/h2>\n<p><span class=\"font-377884\">Die 10-Franken-Vreneli-Goldm\u00fcnze, auf der eine nach links blickende Frauenb\u00fcste abgebildet ist, deren Haare zu einem Zopf gebunden sind und die ein mit Edelweiss besetztes Tuch auf den Schultern tr\u00e4gt, wurde zuletzt 1922 gepr\u00e4gt. Sie ist die kleine Schwester der legend\u00e4ren 20-Franken-Vreneli-Goldm\u00fcnze und wurde zwischen 1911 und 1922 in der Eidgen\u00f6ssischen M\u00fcnzst\u00e4tte in Bern hergestellt. Aufgrund der geringen Dicke des verwendeten M\u00fcnzrohlings und der Gestaltung des Reliefs auf der Vorderseite der M\u00fcnze musste die R\u00fcckseite der 10-Franken-Vreneli-M\u00fcnze jedoch ver\u00e4ndert werden. Auf dem oberen Teil ist das Schweizerkreuz mit Strahlen zu sehen, in der Mitte sind der Nennwert und die Jahreszahl angegeben. Auf dem unteren Teil sind Zweige mit Rhododendron- und Enzianbl\u00fcten abgebildet. Unten befindet sich das M\u00fcnzzeichen &#8222;B&#8220;, das auf Bern verweist. Das Gewicht der M\u00fcnze betr\u00e4gt rund 3,226 Gramm Gold bei einem Feingehalt von 900 Tausendsteln. Der Durchmesser betr\u00e4gt 19 Millimeter. Zwischen 1911 und 1922 wurden insgesamt 2,65 Millionen M\u00fcnzen gepr\u00e4gt.<\/span><\/p>\n<p><span class=\"font-377884\">Mit der Ausgabe der 50-Franken-Goldm\u00fcnze gedenkt die Swissmint des 100-j\u00e4hrigen Jubil\u00e4ums der letzten Pr\u00e4gung der 10-Franken-Vreneli-Goldm\u00fcnze im Jahr 1922. Aus diesem Anlass ist auf der Vorderseite der M\u00fcnze die Zahl 100 mit sich \u00fcberschneidenden Nullen abgebildet. In der zweiten Null befindet sich ein vergr\u00f6\u00dferter Ausschnitt des urspr\u00fcnglichen Vreneli, der das Brustbild einer nach links blickenden Frau zeigt. Am unteren Rand der M\u00fcnze befinden sich, durch einen Balken getrennt, die Jahreszahlen 1911 und 1922, die auf den Ausgabezeitraum des 10-Franken-Vreneli aus Gold hinweisen. Die R\u00fcckseite der Originalm\u00fcnze wurde mit zwei leichten \u00c4nderungen \u00fcbernommen: Der neue Nennwert betr\u00e4gt 50 Franken, und das Pr\u00e4gejahr ist 2022.<\/span><\/p>\n<p><span class=\"font-377884\">Die neue Sonderm\u00fcnze der <strong>Swissmint<\/strong> ist ab dem 11. Mai 2022 in einer limitierten Auflage unter <a href=\"http:\/\/www.swissmintshop.ch\"><strong>www.swissmintshop.ch<\/strong><\/a> sowie in einigen Numismatikgesch\u00e4ften und Banken erh\u00e4ltlich.<\/span><\/p>\n<p class=\"nsbtextkasten\"><span class=\"font-377884\"><b><a href=\"https:\/\/swissfederalism.ch\/wp-content\/uploads\/2022\/05\/2022-vreneli-flyer-i.pdf\" rel=\"attachment wp-att-132574\">2022-vreneli-flyer-italiano<\/a><\/b><\/span><\/p>\n<p class=\"nsbtextkasten\"><span class=\"font-377884\"><b><a href=\"https:\/\/swissfederalism.ch\/wp-content\/uploads\/2022\/05\/2022-vreneli-flyer-f.pdf\" rel=\"attachment wp-att-132570\">2022-vreneli-flyer-francais<\/a><\/b><\/span><\/p>\n<p class=\"nsbtextkasten\"><span class=\"font-377884\"><b><a href=\"https:\/\/swissfederalism.ch\/wp-content\/uploads\/2022\/05\/2022-vreneli-flyer-d.pdf\" rel=\"attachment wp-att-132566\">2022-vreneli-flyer-deutsch<\/a><\/b><\/span><\/p>\n<p class=\"nsbtextkasten\"><span class=\"font-377884\"><b><a href=\"https:\/\/swissfederalism.ch\/wp-content\/uploads\/2022\/05\/2022-vreneli-flyer-e.pdf\" rel=\"attachment wp-att-132562\">2022-vreneli-flyer-english<\/a><\/b><\/span><\/p>\n<h2><span class=\"font-377884\">Beschreibung der M\u00fcnzqualit\u00e4t<\/span><\/h2>\n<p><span class=\"font-377884\">&#8222;Spiegelgrund&#8220;: Pr\u00e4gung von h\u00f6chster Qualit\u00e4t, die Pr\u00e4gung wird nur f\u00fcr etwa 500 M\u00fcnzen verwendet und jedes St\u00fcck wird einzeln bearbeitet. In einem aufwendigen Verfahren werden die Rohlinge weiter poliert und oberfl\u00e4chenbehandelt. Die M\u00fcnzen werden einzeln in Klarsichtkapseln verpackt und in einem Etui mit nummeriertem Echtheitszertifikat verkauft.<\/span><\/p>\n<h2><span class=\"font-377884\">Eidgen\u00f6ssische M\u00fcnzst\u00e4tte Swissmint<\/span><\/h2>\n<p><span class=\"font-377884\">Die Eidgen\u00f6ssische M\u00fcnzst\u00e4tte Swissmint pr\u00e4gt Schweizer Umlaufm\u00fcnzen f\u00fcr den t\u00e4glichen Zahlungsverkehr. F\u00fcr den numismatischen Markt gibt die M\u00fcnzst\u00e4tte zudem regelm\u00e4ssig Sonderm\u00fcnzen und Umlaufm\u00fcnzen in Sonderqualit\u00e4t heraus. Die Sonderm\u00fcnzen, Bimetall, Silber oder Gold, haben einen staatlich garantierten Nennwert und werden in verschiedenen Qualit\u00e4ten gepr\u00e4gt.<\/span><\/p>\n<p>&nbsp;<\/p>\n<p>Quelle: <a href=\"https:\/\/www.admin.ch\/gov\/it\/pagina-iniziale\/documentazione\/comunicati-stampa.msg-id-88663.html\"><strong>https:\/\/www.admin.ch<\/strong><\/a><\/p>\n","protected":false},"excerpt":{"rendered":"<p>Mit der M\u00fcnze &#8222;100 Jahre seit der letzten Pr\u00e4gung des 10-Franken-Vreneli&#8220;, die ab dem 11. Mai 2022 im Handel ist, erinnert die Swissmint an die letzte Pr\u00e4gung von Gold-Vreneli.<\/p>\n","protected":false},"author":3,"featured_media":132581,"comment_status":"open","ping_status":"closed","sticky":false,"template":"","format":"standard","meta":{"footnotes":""},"categories":[987,309,295,211],"tags":[1954,686,780],"class_list":["post-132589","post","type-post","status-publish","format-standard","has-post-thumbnail","hentry","category-finanzen","category-highlights","category-schweiz","category-zeitschrift","tag-eidgenoessische-muenzstaette","tag-schweiz-2","tag-schweizer-franken-2"],"_links":{"self":[{"href":"https:\/\/swissfederalism.ch\/de\/wp-json\/wp\/v2\/posts\/132589","targetHints":{"allow":["GET"]}}],"collection":[{"href":"https:\/\/swissfederalism.ch\/de\/wp-json\/wp\/v2\/posts"}],"about":[{"href":"https:\/\/swissfederalism.ch\/de\/wp-json\/wp\/v2\/types\/post"}],"author":[{"embeddable":true,"href":"https:\/\/swissfederalism.ch\/de\/wp-json\/wp\/v2\/users\/3"}],"replies":[{"embeddable":true,"href":"https:\/\/swissfederalism.ch\/de\/wp-json\/wp\/v2\/comments?post=132589"}],"version-history":[{"count":2,"href":"https:\/\/swissfederalism.ch\/de\/wp-json\/wp\/v2\/posts\/132589\/revisions"}],"predecessor-version":[{"id":132591,"href":"https:\/\/swissfederalism.ch\/de\/wp-json\/wp\/v2\/posts\/132589\/revisions\/132591"}],"wp:featuredmedia":[{"embeddable":true,"href":"https:\/\/swissfederalism.ch\/de\/wp-json\/wp\/v2\/media\/132581"}],"wp:attachment":[{"href":"https:\/\/swissfederalism.ch\/de\/wp-json\/wp\/v2\/media?parent=132589"}],"wp:term":[{"taxonomy":"category","embeddable":true,"href":"https:\/\/swissfederalism.ch\/de\/wp-json\/wp\/v2\/categories?post=132589"},{"taxonomy":"post_tag","embeddable":true,"href":"https:\/\/swissfederalism.ch\/de\/wp-json\/wp\/v2\/tags?post=132589"}],"curies":[{"name":"wp","href":"https:\/\/api.w.org\/{rel}","templated":true}]}}