{"id":131980,"date":"2022-04-23T20:33:14","date_gmt":"2022-04-23T20:33:14","guid":{"rendered":"https:\/\/swissfederalism.ch\/sechselauten-zurichs-spring-festival\/"},"modified":"2022-04-23T20:47:53","modified_gmt":"2022-04-23T20:47:53","slug":"sechselaeuten-das-zuercher-fruehlingsfest","status":"publish","type":"post","link":"https:\/\/swissfederalism.ch\/de\/sechselaeuten-das-zuercher-fruehlingsfest\/","title":{"rendered":"Sechsel\u00e4uten &#8211; das Z\u00fcrcher Fr\u00fchlingsfest"},"content":{"rendered":"<header class=\"section-title\">\n<div class=\"section-title-block\">\n<h2 class=\"title is-h3\"><span class=\"font-377884\">Sechsel\u00e4uten &#8211; das Z\u00fcrcher Fr\u00fchlingsfest<\/span><\/h2>\n<\/div>\n<\/header>\n<div>\n<div class=\"block-wysiwyg\">\n<div class=\"content\">\n<h3><span class=\"font-377884\"><em>Das Sechsel\u00e4uten (z\u00fcrcherisch: S\u00e4chsil\u00fc\u00fcte) ist ein Fest mit 100-j\u00e4hriger Tradition zum Fr\u00fchlingsanfang in Z\u00fcrich, das jedes Jahr Mitte bis Ende April stattfindet. Neben den Zunftmitgliedern in historischen Kost\u00fcmen gibt es Spielmannsz\u00fcge, Pferde, Blumen, Fahnen und den &#8222;B\u00f6\u00f6gg&#8220;.<\/em><\/span><\/h3>\n<figure id=\"attachment_131954\" aria-describedby=\"caption-attachment-131954\" style=\"width: 840px\" class=\"wp-caption aligncenter\"><a href=\"https:\/\/swissfederalism.ch\/de\/pferd-2\/\" rel=\"attachment wp-att-131954\"><img decoding=\"async\" class=\"size-large wp-image-131955\" src=\"https:\/\/swissfederalism.ch\/wp-content\/uploads\/2022\/04\/ZT_7265-\u00a9Zurich-Tourism-1024x683.jpg\" alt=\"\" width=\"840\" height=\"560\" srcset=\"https:\/\/swissfederalism.ch\/wp-content\/uploads\/2022\/04\/ZT_7265-\u00a9Zurich-Tourism-1024x683.jpg 1024w, https:\/\/swissfederalism.ch\/wp-content\/uploads\/2022\/04\/ZT_7265-\u00a9Zurich-Tourism-300x200.jpg 300w, https:\/\/swissfederalism.ch\/wp-content\/uploads\/2022\/04\/ZT_7265-\u00a9Zurich-Tourism-768x512.jpg 768w, https:\/\/swissfederalism.ch\/wp-content\/uploads\/2022\/04\/ZT_7265-\u00a9Zurich-Tourism-1536x1024.jpg 1536w, https:\/\/swissfederalism.ch\/wp-content\/uploads\/2022\/04\/ZT_7265-\u00a9Zurich-Tourism-2048x1365.jpg 2048w, https:\/\/swissfederalism.ch\/wp-content\/uploads\/2022\/04\/ZT_7265-\u00a9Zurich-Tourism-scaled.jpg 2560w\" sizes=\"(max-width: 840px) 100vw, 840px\" \/><\/a><figcaption id=\"caption-attachment-131954\" class=\"wp-caption-text\"><\/span> <span class=\"font-377884\">Sechsel\u00e4uten \u00a9Z\u00fcrich Tourism<\/span><\/figcaption><\/figure>\n<p><span class=\"font-377884\">Am Montagnachmittag findet der Festumzug der Gesellschaft f\u00fcr die Constaffel und der 25 Z\u00fcrcher Z\u00fcnfte statt. Rund 3&#8217;500 Zunftmitglieder in ihren Trachten, Kleidern und Uniformen, ihre Ehreng\u00e4ste, \u00fcber 350 Reiterinnen und Reiter, rund 50 ausschliesslich mit Pferden bespannte Kutschen und rund 30 Musikgruppen marschieren im Gegenmarsch durch die Bahnhofstrasse und das Limmatquai zum Sechsel\u00e4utenplatz beim Bellevue. Die Reihenfolge der Umz\u00fcge wird jedes Jahr im November von Delegierten des Zentralausschusses der Z\u00fcrcher Korporationen (ZZZ) festgelegt. Die Z\u00fcnfte &#8222;zum Weggen&#8220;, &#8222;zum K\u00e4mbel&#8220; und &#8222;Wiedikon&#8220; werden aufgrund ihrer grossen Reitergruppen in einem festgelegten Rotationsmodus an erster bzw. letzter Stelle des Zuges platziert. Angef\u00fchrt wird der Umzug der Z\u00fcnfte von der Stadtpolizei Z\u00fcrich, der ZZZ und den Bannern der gastgebenden Gemeinden und Kantone. Die Zunftmitglieder und Ehreng\u00e4ste werden von den Zuschauern mit Blumen und K\u00fcssen bedacht.<\/span><\/p>\n<figure id=\"attachment_131946\" aria-describedby=\"caption-attachment-131946\" style=\"width: 840px\" class=\"wp-caption aligncenter\"><a href=\"https:\/\/swissfederalism.ch\/de\/schweiz-zuerich-tourismus-2\/\" rel=\"attachment wp-att-131946\"><img decoding=\"async\" class=\"size-large wp-image-131947\" src=\"https:\/\/swissfederalism.ch\/wp-content\/uploads\/2022\/04\/ZT_15034-\u00a9Zurich-Tourism-1024x683.jpg\" alt=\"\" width=\"840\" height=\"560\" srcset=\"https:\/\/swissfederalism.ch\/wp-content\/uploads\/2022\/04\/ZT_15034-\u00a9Zurich-Tourism-1024x683.jpg 1024w, https:\/\/swissfederalism.ch\/wp-content\/uploads\/2022\/04\/ZT_15034-\u00a9Zurich-Tourism-300x200.jpg 300w, https:\/\/swissfederalism.ch\/wp-content\/uploads\/2022\/04\/ZT_15034-\u00a9Zurich-Tourism-768x512.jpg 768w, https:\/\/swissfederalism.ch\/wp-content\/uploads\/2022\/04\/ZT_15034-\u00a9Zurich-Tourism-1536x1024.jpg 1536w, https:\/\/swissfederalism.ch\/wp-content\/uploads\/2022\/04\/ZT_15034-\u00a9Zurich-Tourism-2048x1365.jpg 2048w, https:\/\/swissfederalism.ch\/wp-content\/uploads\/2022\/04\/ZT_15034-\u00a9Zurich-Tourism-scaled.jpg 2560w\" sizes=\"(max-width: 840px) 100vw, 840px\" \/><\/a><figcaption id=\"caption-attachment-131946\" class=\"wp-caption-text\"><span class=\"font-377884\">Sechselaeuten \u00a9Z\u00fcrich Tourism<\/span><\/figcaption><\/figure>\n<p><span class=\"font-377884\">Das heutige Sechsel\u00e4uten l\u00e4sst sich auf drei verschiedene Wurzeln zur\u00fcckf\u00fchren:<\/span><\/p>\n<ol>\n<li><span class=\"font-377884\">Die erste Wurzel geht auf die Z\u00fcrcher Z\u00fcnfte zur\u00fcck, die als politische, milit\u00e4rische, soziale und wirtschaftliche Institutionen die Geschicke der Stadt seit \u00fcber 450 Jahren lenken und bestimmen. Sie sind die Tr\u00e4ger des Z\u00fcrcher Fr\u00fchlingsfestes. Die alte Gewerbeordnung der Z\u00fcnfte bestimmte die Arbeitszeiten der Handwerker.<\/span><\/li>\n<li><span class=\"font-377884\">Die zweite Wurzel des Sechsel\u00e4utens h\u00e4ngt damit zusammen, dass im Sommer die &#8222;Sechs-Uhr-Glocke&#8220; das Ende der Arbeitszeit anzeigte, w\u00e4hrend im Winter wegen der Lichtverh\u00e4ltnisse nur bis f\u00fcnf Uhr gearbeitet werden konnte.<\/span><\/li>\n<li><span class=\"font-377884\">Die dritte Wurzel ist ein heidnischer Brauch, n\u00e4mlich das Verbrennen des Winters als Symbol f\u00fcr den Beginn der w\u00e4rmeren Jahreszeiten.<\/span><\/li>\n<\/ol>\n<h2><span class=\"font-377884\">Geschichte des Festes<\/span><\/h2>\n<p><span class=\"font-377884\">Im 16. Jahrhundert verf\u00fcgte der Z\u00fcrcher Rat, der damals ausschliesslich aus Zunftmitgliedern bestand, dass der Arbeitsschluss im Sommer eine Stunde sp\u00e4ter erfolgen sollte als im Winter.<\/span><\/p>\n<p><span class=\"font-377884\">Am ersten Montag nach der Tagundnachtgleiche l\u00e4utete die zweitgr\u00f6sste Kirchenglocke des Grossm\u00fcnsters p\u00fcnktlich um 18 Uhr den Fr\u00fchlingsanfang ein. Von diesem Tag an wurde bis zum Sp\u00e4therbst eine Stunde l\u00e4nger gearbeitet. Seither wird die &#8222;S\u00e4chsil\u00fc\u00fcte&#8220; (Sechs-Uhr-L\u00e4uten) immer gefeiert.<\/span><\/p>\n<div class=\"section-title-block\">\n<figure id=\"attachment_131966\" aria-describedby=\"caption-attachment-131966\" style=\"width: 840px\" class=\"wp-caption aligncenter\"><a href=\"https:\/\/swissfederalism.ch\/de\/zurich-grossmunster-2\/\" rel=\"attachment wp-att-131966\"><img decoding=\"async\" class=\"size-large wp-image-131967\" src=\"https:\/\/swissfederalism.ch\/wp-content\/uploads\/2022\/04\/Zurich-Grossmunster-1024x683.jpg\" alt=\"L'antico duomo Grossm\u00fcnster di Zurigo\" width=\"840\" height=\"560\" srcset=\"https:\/\/swissfederalism.ch\/wp-content\/uploads\/2022\/04\/Zurich-Grossmunster-1024x683.jpg 1024w, https:\/\/swissfederalism.ch\/wp-content\/uploads\/2022\/04\/Zurich-Grossmunster-300x200.jpg 300w, https:\/\/swissfederalism.ch\/wp-content\/uploads\/2022\/04\/Zurich-Grossmunster-768x512.jpg 768w, https:\/\/swissfederalism.ch\/wp-content\/uploads\/2022\/04\/Zurich-Grossmunster-1536x1024.jpg 1536w, https:\/\/swissfederalism.ch\/wp-content\/uploads\/2022\/04\/Zurich-Grossmunster.jpg 1920w\" sizes=\"(max-width: 840px) 100vw, 840px\" \/><\/a><figcaption id=\"caption-attachment-131966\" class=\"wp-caption-text\"><span class=\"font-377884\">The former Grossm\u00fcnster cathedral in Zurich\u00a0<\/span><\/figcaption><\/figure>\n<\/div>\n<div class=\"block-wysiwyg\">\n<header class=\"section-title\">\n<div class=\"section-title-block\">\n<h2><span class=\"font-377884\">Der B\u00f6\u00f6gg<\/span><\/h2>\n<p><span class=\"font-377884\">Der eigentliche Star des Festes ist der &#8222;<em>B\u00f6\u00f6gg<\/em>&#8222;, was soviel bedeutet wie &#8222;<em>Masken- und Kapuzenfigur<\/em>&#8220; (vgl. &#8222;Fasnachts-B\u00f6gg&#8220;): Er ist ein k\u00fcnstlicher Schneemann, der mit Holzwolle und Feuerwerksk\u00f6rpern gef\u00fcllt ist und den Winter symbolisiert. Wenn die Kirche im Grossm\u00fcnster um sechs Uhr l\u00e4utet, wird sie in Brand gesetzt, und es heisst, je fr\u00fcher der Kopf voller Feuerwerksk\u00f6rper explodiert, desto sch\u00f6ner wird der Sommer. Eine Dauer von 5 bis 12 Minuten deutet auf einen sonnigen und warmen Sommer hin. Au\u00dferhalb dieses Zeitrahmens sind die Sommermonate eher regnerisch.<\/span><\/p>\n<p><span class=\"font-377884\">Am Montag der Veranstaltung wird das Feuerwerk um Punkt 18 Uhr auf dem Sechsel\u00e4utenplatz gez\u00fcndet. Als Symbol f\u00fcr den Winter soll das Feuer den Fr\u00fchling willkommen hei\u00dfen.\u00a0<\/span><\/p>\n<\/div>\n<\/header>\n<\/div>\n<div class=\"block-wysiwyg\">\n<div class=\"block-wysiwyg\">\n<header class=\"section-title\">\n<div class=\"section-title-block\">\n<figure id=\"attachment_131970\" aria-describedby=\"caption-attachment-131970\" style=\"width: 683px\" class=\"wp-caption aligncenter\"><a href=\"https:\/\/swissfederalism.ch\/de\/boogg-2\/\" rel=\"attachment wp-att-131970\"><img decoding=\"async\" class=\"size-large wp-image-131971\" src=\"https:\/\/swissfederalism.ch\/wp-content\/uploads\/2022\/04\/Boogg-683x1024.jpg\" alt=\"\" width=\"683\" height=\"1024\" srcset=\"https:\/\/swissfederalism.ch\/wp-content\/uploads\/2022\/04\/Boogg-683x1024.jpg 683w, https:\/\/swissfederalism.ch\/wp-content\/uploads\/2022\/04\/Boogg-200x300.jpg 200w, https:\/\/swissfederalism.ch\/wp-content\/uploads\/2022\/04\/Boogg-768x1152.jpg 768w, https:\/\/swissfederalism.ch\/wp-content\/uploads\/2022\/04\/Boogg-1024x1536.jpg 1024w, https:\/\/swissfederalism.ch\/wp-content\/uploads\/2022\/04\/Boogg.jpg 1280w\" sizes=\"(max-width: 683px) 100vw, 683px\" \/><\/a><figcaption id=\"caption-attachment-131970\" class=\"wp-caption-text\"><span class=\"font-377884\">B\u00f6\u00f6gg<\/span><\/figcaption><\/figure>\n<h3 class=\"title is-h3\"><span class=\"font-377884\">Zwischenf\u00e4lle und besondere Ereignisse:<\/span><\/h3>\n<ul>\n<li class=\"title is-h3\"><span class=\"font-377884\">1921 z\u00fcndete ein Junge, vermutlich von Kommunisten angestiftet, bereits um 13.30 Uhr den B\u00f6\u00f6gg an.<\/span><\/li>\n<li class=\"title is-h3\"><span class=\"font-377884\">1944 fand das Sechsel\u00e4uten im Hafen von Enge statt, da auf der Sechsel\u00e4utenwiese Gem\u00fcse angepflanzt worden war. Bei dieser Ausgabe fiel der &#8222;B\u00f6\u00f6gg&#8220; in den Z\u00fcrichsee.<\/span><\/li>\n<li class=\"title is-h3\"><span class=\"font-377884\">In den Jahren 1950, 1960, 1993 und 1994 fiel der &#8222;B\u00f6\u00f6gg&#8220; vom Scheiterhaufen, bevor sein Kopf explodierte.<\/span><\/li>\n<li class=\"title is-h3\"><span class=\"font-377884\">Im Jahr 2006 wurde der &#8222;B\u00f6\u00f6gg&#8220; von der Gruppe &#8222;1. Mai &#8211; Strasse frei&#8220; gestohlen, tauchte am 1. Mai-Fest auf dem Helvetiaplatz wieder auf und wurde nach einem zweiten Verschwinden im Keller eines Schulhauses gefunden. Dank einem Ersatz-B\u00f6\u00f6gg, der seinen Kopf zur Verf\u00fcgung stellte, wurde das Sechsel\u00e4uten trotzdem durchgef\u00fchrt.<\/span><\/li>\n<li class=\"title is-h3\"><span class=\"font-377884\">Im Jahr 2020 wurde das Sechsel\u00e4uten wegen des Coronavirus nicht durchgef\u00fchrt.<\/span><\/li>\n<li class=\"title is-h3\"><span class=\"font-377884\">2021 wurde der B\u00f6\u00f6gg zum ersten Mal in seiner Geschichte nicht in Z\u00fcrich verbrannt. Um Versammlungen zu vermeiden, wurde er in der Sch\u00f6llenenschlucht im Kanton Uri angez\u00fcndet.<\/span><\/li>\n<\/ul>\n<\/div>\n<\/header>\n<\/div>\n<\/div>\n<\/div>\n<\/div>\n<\/div>\n<figure id=\"attachment_131950\" aria-describedby=\"caption-attachment-131950\" style=\"width: 840px\" class=\"wp-caption aligncenter\"><a href=\"https:\/\/swissfederalism.ch\/de\/parade-umzug-zunft-2\/\" rel=\"attachment wp-att-131950\"><img decoding=\"async\" class=\"size-large wp-image-131951\" src=\"https:\/\/swissfederalism.ch\/wp-content\/uploads\/2022\/04\/ZT_7275-\u00a9Zurich-Tourism-1024x708.jpg\" alt=\"\" width=\"840\" height=\"581\" srcset=\"https:\/\/swissfederalism.ch\/wp-content\/uploads\/2022\/04\/ZT_7275-\u00a9Zurich-Tourism-1024x708.jpg 1024w, https:\/\/swissfederalism.ch\/wp-content\/uploads\/2022\/04\/ZT_7275-\u00a9Zurich-Tourism-300x207.jpg 300w, https:\/\/swissfederalism.ch\/wp-content\/uploads\/2022\/04\/ZT_7275-\u00a9Zurich-Tourism-768x531.jpg 768w, https:\/\/swissfederalism.ch\/wp-content\/uploads\/2022\/04\/ZT_7275-\u00a9Zurich-Tourism-1536x1062.jpg 1536w, https:\/\/swissfederalism.ch\/wp-content\/uploads\/2022\/04\/ZT_7275-\u00a9Zurich-Tourism-2048x1415.jpg 2048w, https:\/\/swissfederalism.ch\/wp-content\/uploads\/2022\/04\/ZT_7275-\u00a9Zurich-Tourism-scaled.jpg 2560w\" sizes=\"(max-width: 840px) 100vw, 840px\" \/><\/a><figcaption id=\"caption-attachment-131950\" class=\"wp-caption-text\"><span class=\"font-377884\">Sechselaeuten \u00a9Z\u00fcrich Tourism<\/span><\/figcaption><\/figure>\n<h2><span class=\"font-377884\">Gastkanton<\/span><\/h2>\n<p><span class=\"font-377884\">Seit 1991 l\u00e4dt der Zentralvorstand der Z\u00fcrcher Z\u00fcnfte anl\u00e4sslich des 700-Jahr-Jubil\u00e4ums der Schweizerischen Eidgenossenschaft jedes Jahr einen Kanton als Gast am Sechsel\u00e4uten ein. Der Gastkanton pr\u00e4sentiert sich im Lindenhof mit einer Ausstellung, einem bunten Unterhaltungsprogramm und kulinarischen Spezialit\u00e4ten. Am Kinderumzug und am Umzug der Z\u00fcnfte zum Lagerfeuer nimmt der Gastkanton mit einer eigenen Delegation und traditionellen und typischen Umzugsgegenst\u00e4nden teil.<\/span><\/p>\n<p><span class=\"font-377884\">Dieses Jahr ist der Kanton Uri Gastgeber des Sechsel\u00e4utens in Z\u00fcrich. W\u00e4hrend dieses Anlasses hat der Kanton die M\u00f6glichkeit, ein St\u00fcck Uri nach Z\u00fcrich zu bringen und sich w\u00e4hrend vier Tagen in Z\u00fcrich zu pr\u00e4sentieren und dabei nicht nur kulturelle, sondern auch kulinarische Spezialit\u00e4ten anzubieten.<\/span><\/p>\n<figure id=\"attachment_131962\" aria-describedby=\"caption-attachment-131962\" style=\"width: 840px\" class=\"wp-caption aligncenter\"><a href=\"https:\/\/swissfederalism.ch\/de\/sechselaeuten_2017-2\/\" rel=\"attachment wp-att-131962\"><img decoding=\"async\" class=\"size-large wp-image-131963\" src=\"https:\/\/swissfederalism.ch\/wp-content\/uploads\/2022\/04\/Sechselauten-\u00a9Zurich-Tourism-1024x683.jpg\" alt=\"\" width=\"840\" height=\"560\" srcset=\"https:\/\/swissfederalism.ch\/wp-content\/uploads\/2022\/04\/Sechselauten-\u00a9Zurich-Tourism-1024x683.jpg 1024w, https:\/\/swissfederalism.ch\/wp-content\/uploads\/2022\/04\/Sechselauten-\u00a9Zurich-Tourism-300x200.jpg 300w, https:\/\/swissfederalism.ch\/wp-content\/uploads\/2022\/04\/Sechselauten-\u00a9Zurich-Tourism-768x512.jpg 768w, https:\/\/swissfederalism.ch\/wp-content\/uploads\/2022\/04\/Sechselauten-\u00a9Zurich-Tourism-1536x1024.jpg 1536w, https:\/\/swissfederalism.ch\/wp-content\/uploads\/2022\/04\/Sechselauten-\u00a9Zurich-Tourism-2048x1365.jpg 2048w, https:\/\/swissfederalism.ch\/wp-content\/uploads\/2022\/04\/Sechselauten-\u00a9Zurich-Tourism-scaled.jpg 2560w\" sizes=\"(max-width: 840px) 100vw, 840px\" \/><\/a><figcaption id=\"caption-attachment-131962\" class=\"wp-caption-text\"><span class=\"font-377884\">Sechselaeuten \u00a9Z\u00fcrich Tourism<\/span><\/figcaption><\/figure>\n","protected":false},"excerpt":{"rendered":"<p>Das Sechsel\u00e4uten (z\u00fcrcherisch: S\u00e4chsil\u00fc\u00fcte) ist ein Fest mit 100-j\u00e4hriger Tradition zum Fr\u00fchlingsanfang in Z\u00fcrich, das jedes Jahr Mitte bis Ende April stattfindet. Neben den Zunftmitgliedern in historischen Kost\u00fcmen gibt es Spielmannsz\u00fcge, Pferde, Blumen, Fahnen und den &#8222;B\u00f6\u00f6gg&#8220;.<\/p>\n","protected":false},"author":9,"featured_media":131957,"comment_status":"open","ping_status":"closed","sticky":false,"template":"","format":"standard","meta":{"footnotes":""},"categories":[304,309,325,295,319,1345,211],"tags":[1864,686,1473,420],"class_list":["post-131980","post","type-post","status-publish","format-standard","has-post-thumbnail","hentry","category-geschichte","category-highlights","category-kanton-zurich","category-schweiz","category-veranstaltungen","category-kuriositaeten","category-zeitschrift","tag-fruehlingsfest","tag-schweiz-2","tag-traditionen","tag-zuerich"],"_links":{"self":[{"href":"https:\/\/swissfederalism.ch\/de\/wp-json\/wp\/v2\/posts\/131980","targetHints":{"allow":["GET"]}}],"collection":[{"href":"https:\/\/swissfederalism.ch\/de\/wp-json\/wp\/v2\/posts"}],"about":[{"href":"https:\/\/swissfederalism.ch\/de\/wp-json\/wp\/v2\/types\/post"}],"author":[{"embeddable":true,"href":"https:\/\/swissfederalism.ch\/de\/wp-json\/wp\/v2\/users\/9"}],"replies":[{"embeddable":true,"href":"https:\/\/swissfederalism.ch\/de\/wp-json\/wp\/v2\/comments?post=131980"}],"version-history":[{"count":2,"href":"https:\/\/swissfederalism.ch\/de\/wp-json\/wp\/v2\/posts\/131980\/revisions"}],"predecessor-version":[{"id":131982,"href":"https:\/\/swissfederalism.ch\/de\/wp-json\/wp\/v2\/posts\/131980\/revisions\/131982"}],"wp:featuredmedia":[{"embeddable":true,"href":"https:\/\/swissfederalism.ch\/de\/wp-json\/wp\/v2\/media\/131957"}],"wp:attachment":[{"href":"https:\/\/swissfederalism.ch\/de\/wp-json\/wp\/v2\/media?parent=131980"}],"wp:term":[{"taxonomy":"category","embeddable":true,"href":"https:\/\/swissfederalism.ch\/de\/wp-json\/wp\/v2\/categories?post=131980"},{"taxonomy":"post_tag","embeddable":true,"href":"https:\/\/swissfederalism.ch\/de\/wp-json\/wp\/v2\/tags?post=131980"}],"curies":[{"name":"wp","href":"https:\/\/api.w.org\/{rel}","templated":true}]}}