{"id":130723,"date":"2022-03-13T09:40:13","date_gmt":"2022-03-13T09:40:13","guid":{"rendered":"https:\/\/swissfederalism.ch\/fallout-shelters-emergency-management-switzerland\/"},"modified":"2022-03-13T10:11:44","modified_gmt":"2022-03-13T10:11:44","slug":"luftschutzraeume-notfallmanagement-schweiz","status":"publish","type":"post","link":"https:\/\/swissfederalism.ch\/de\/luftschutzraeume-notfallmanagement-schweiz\/","title":{"rendered":"Luftschutzr\u00e4ume und Notfallmanagement in der Schweiz"},"content":{"rendered":"<h1>Luftschutzr\u00e4ume und Notfallmanagement in der Schweiz<\/h1>\n<h3><em>Die Schweiz ist das einzige Land der Welt, das \u00fcber Schutzr\u00e4ume verf\u00fcgt, die im Ernstfall die gesamte Bev\u00f6lkerung aufnehmen k\u00f6nnen<\/em><\/h3>\n<figure id=\"attachment_130707\" aria-describedby=\"caption-attachment-130707\" style=\"width: 238px\" class=\"wp-caption aligncenter\"><img decoding=\"async\" class=\"wp-image-130708 size-medium\" src=\"https:\/\/swissfederalism.ch\/wp-content\/uploads\/2022\/03\/Luftschutzraum-238x300.jpg\" alt=\"Un rifugio atomico privato\" width=\"238\" height=\"300\" srcset=\"https:\/\/swissfederalism.ch\/wp-content\/uploads\/2022\/03\/Luftschutzraum-238x300.jpg 238w, https:\/\/swissfederalism.ch\/wp-content\/uploads\/2022\/03\/Luftschutzraum-813x1024.jpg 813w, https:\/\/swissfederalism.ch\/wp-content\/uploads\/2022\/03\/Luftschutzraum-768x967.jpg 768w, https:\/\/swissfederalism.ch\/wp-content\/uploads\/2022\/03\/Luftschutzraum-1219x1536.jpg 1219w, https:\/\/swissfederalism.ch\/wp-content\/uploads\/2022\/03\/Luftschutzraum-1626x2048.jpg 1626w, https:\/\/swissfederalism.ch\/wp-content\/uploads\/2022\/03\/Luftschutzraum-scaled.jpg 2032w\" sizes=\"(max-width: 238px) 100vw, 238px\" \/><figcaption id=\"caption-attachment-130707\" class=\"wp-caption-text\">Ein privater Luftschutzraum<\/figcaption><\/figure>\n<p>Der Bau von Luftschutzbunkern begann mit der Verbreitung von Atomwaffen. Vor allem w\u00e4hrend des Kalten Krieges wurde ihr Bau in vielen L\u00e4ndern, darunter auch in der Schweizerischen Eidgenossenschaft, zur Pflicht.<\/p>\n<p>Dieser Raum wird normalerweise als Keller, Hobbyraum, Taverne, Sauna oder Lagerraum genutzt, ist aber mit einer dicken Panzert\u00fcr mit einem Bel\u00fcftungssystem ausgestattet, das durch einen Gasfilter erg\u00e4nzt wird und in der Lage ist, die Bewohner des Hauses oder der Wohnung unterzubringen und sogar im Falle eines Atomangriffs zu sch\u00fctzen.<\/p>\n<p>Der Zivilschutz sorgt durch regelm\u00e4\u00dfige \u00dcberwachungskampagnen daf\u00fcr, dass die Bunker in gutem Zustand gehalten werden. Die privaten Bunker m\u00fcssen \u00fcber eine funktionierende Bel\u00fcftung und Betten verf\u00fcgen und im Ernstfall innerhalb von h\u00f6chstens f\u00fcnf Tagen einsatzbereit sein.<\/p>\n<figure id=\"attachment_130642\" aria-describedby=\"caption-attachment-130642\" style=\"width: 300px\" class=\"wp-caption aligncenter\"><img decoding=\"async\" class=\"wp-image-130643 size-medium\" src=\"https:\/\/swissfederalism.ch\/wp-content\/uploads\/2022\/03\/Controllo-periodico-rifugio-antiatomico-300x200.jpg\" alt=\"Controllo periodico rifugio antiatomico\" width=\"300\" height=\"200\" srcset=\"https:\/\/swissfederalism.ch\/wp-content\/uploads\/2022\/03\/Controllo-periodico-rifugio-antiatomico-300x200.jpg 300w, https:\/\/swissfederalism.ch\/wp-content\/uploads\/2022\/03\/Controllo-periodico-rifugio-antiatomico-1024x683.jpg 1024w, https:\/\/swissfederalism.ch\/wp-content\/uploads\/2022\/03\/Controllo-periodico-rifugio-antiatomico-768x512.jpg 768w, https:\/\/swissfederalism.ch\/wp-content\/uploads\/2022\/03\/Controllo-periodico-rifugio-antiatomico-1536x1024.jpg 1536w, https:\/\/swissfederalism.ch\/wp-content\/uploads\/2022\/03\/Controllo-periodico-rifugio-antiatomico.jpg 1800w\" sizes=\"(max-width: 300px) 100vw, 300px\" \/><figcaption id=\"caption-attachment-130642\" class=\"wp-caption-text\">Regelm\u00e4\u00dfige Inspektion des Luftschutzraums \u00a9<a href=\"https:\/\/www.mediathek.admin.ch\/\">mediathek.admin.ch\/<\/a><\/figcaption><\/figure>\n<p>Unerlaubte bauliche Ver\u00e4nderungen oder Renovationen sind strengstens verboten, und bei Zuwiderhandlungen sind Bussen bis zu 5&#8217;000 Franken und die Einleitung eines Missbrauchsverfahrens vorgesehen. Die M\u00f6glichkeit, einen Schutzraum zu schlie\u00dfen, wird nur aus unvermeidlichen Gr\u00fcnden einger\u00e4umt, z. B. f\u00fcr den Bau eines Aufzugs oder eines Heizkessels.<\/p>\n<p>Das Bundesgesetz \u00fcber den Schutz der Bev\u00f6lkerung und den Katastrophenschutz schreibt vor, dass jeder Einwohner \u00fcber einen Schutzraum verf\u00fcgen muss. Aus diesem Grund sind die seit den 1960er Jahren errichteten Geb\u00e4ude mit einem Schutzraum ausgestattet.<\/p>\n<p>Heute gibt es in der Schweiz rund 360000 Bunker in H\u00e4usern, Instituten, Spit\u00e4lern, dazu kommen rund 5000 \u00f6ffentliche Bunker, mit einem Deckungsgrad, der sogar 100% der Bev\u00f6lkerung \u00fcbersteigt.<\/p>\n<p>Im Jahr 2012 schreibt das Bundesgesetz vor, dass Schutzr\u00e4ume nur in Neubauten mit mehr als 38 Zimmern oder in Gemeinden, in denen es nicht gen\u00fcgend Schutzr\u00e4ume gibt, gebaut werden d\u00fcrfen. Deshalb bauen Privatpersonen heute nur noch selten neue Bunker und ziehen es vor, f\u00fcr jeden nicht gebauten oder verdr\u00e4ngten Platz eine j\u00e4hrliche Geb\u00fchr an den Kanton zu zahlen und so Raum f\u00fcr pers\u00f6nliche Bed\u00fcrfnisse zu &#8222;gewinnen&#8220;. Im Gegenzug wurden mehr \u00f6ffentliche Notunterk\u00fcnfte gebaut.<\/p>\n<figure id=\"attachment_130638\" aria-describedby=\"caption-attachment-130638\" style=\"width: 300px\" class=\"wp-caption aligncenter\"><img decoding=\"async\" class=\"wp-image-130639 size-medium\" src=\"https:\/\/swissfederalism.ch\/wp-content\/uploads\/2022\/03\/Controllo-filtro-aria-rifugio-antiatomico-300x200.jpg\" alt=\"Controllo periodico filtro aria rifugio antiatomico\" width=\"300\" height=\"200\" srcset=\"https:\/\/swissfederalism.ch\/wp-content\/uploads\/2022\/03\/Controllo-filtro-aria-rifugio-antiatomico-300x200.jpg 300w, https:\/\/swissfederalism.ch\/wp-content\/uploads\/2022\/03\/Controllo-filtro-aria-rifugio-antiatomico-1024x683.jpg 1024w, https:\/\/swissfederalism.ch\/wp-content\/uploads\/2022\/03\/Controllo-filtro-aria-rifugio-antiatomico-768x512.jpg 768w, https:\/\/swissfederalism.ch\/wp-content\/uploads\/2022\/03\/Controllo-filtro-aria-rifugio-antiatomico-1536x1024.jpg 1536w, https:\/\/swissfederalism.ch\/wp-content\/uploads\/2022\/03\/Controllo-filtro-aria-rifugio-antiatomico.jpg 1800w\" sizes=\"(max-width: 300px) 100vw, 300px\" \/><figcaption id=\"caption-attachment-130638\" class=\"wp-caption-text\">Regelm\u00e4\u00dfige \u00dcberpr\u00fcfung des Luftfilters im Luftschutzraum \u00a9<a href=\"https:\/\/www.mediathek.admin.ch\/\">mediathek.admin.ch\/<\/a><\/figcaption><\/figure>\n<h2>Atomschutzbunker in der Welt<\/h2>\n<p>In Europa sind nur Schweden, das etwa 80% der Bev\u00f6lkerung aufnehmen kann, und Finnland, das etwa 70% abdecken kann, angemessen organisiert.<\/p>\n<p>Die anderen europ\u00e4ischen L\u00e4nder sind in dieser Hinsicht \u00fcberhaupt nicht bereit: \u00d6sterreich beispielsweise kann h\u00f6chstens 30% der Bev\u00f6lkerung aufnehmen, und die meisten Notunterk\u00fcnfte sind nicht mit einem Bel\u00fcftungssystem ausgestattet, w\u00e4hrend Deutschland nur 3% der Bev\u00f6lkerung aufnehmen kann.<\/p>\n<p>In China, S\u00fcdkorea und Singapur sind derartige Bauten weit verbreitet, doch \u00fcbersteigt der Versorgungsgrad nie 50%.<\/p>\n<p>Israel verf\u00fcgt \u00fcber Schutzr\u00e4ume, die nicht vollst\u00e4ndig wasserdicht sind und nur zwei Drittel der Bev\u00f6lkerung aufnehmen k\u00f6nnen.<\/p>\n<h2>Sonnenberg-Autobahntunnel<\/h2>\n<p>In Luzern befand sich das gr\u00f6\u00dfte Zivilschutzbauwerk der Welt, in dem bis zu 20.000 Menschen Schutz finden konnten: der Sonnenbergtunnel.<\/p>\n<p>Dieses Bauwerk wurde 1976 er\u00f6ffnet und beherbergte in den sieben Stockwerken \u00fcber dem Tunnel auch ein Spital, einen Operationssaal und ein Radiostudio. Er wurde 2006 abgebaut, wobei eine Fl\u00e4che f\u00fcr etwa 2.000 Personen erhalten blieb.<\/p>\n<p>Die 1,5 Meter dicken und 350.000 Kilo schweren T\u00fcren dieses Bunkers hielten einer Explosion einer 1-Megatonnen-Atombombe im Umkreis von einem Kilometer stand.<\/p>\n<p>Dieser Tunnel wurde 1999 benutzt, um einige Bewohner des vom Hochwasser betroffenen Goms (Kanton Wallis) unterzubringen.<\/p>\n<h2>Abschaffung der Pflicht zum Bau von Schutzr\u00e4umen<\/h2>\n<p>In der Schweiz reichte der damalige Nationalrat Pierre Kohler 2005 eine parlamentarische Initiative ein, die die Abschaffung der Pflicht zum Bau von Schutzr\u00e4umen in Privath\u00e4usern forderte, wobei er auf die Nutzlosigkeit der Schutzr\u00e4ume und die Tatsache hinwies, dass sie den Baupreis der H\u00e4user \u00fcberm\u00e4\u00dfig belasten.<\/p>\n<p>Die Regierung kam jedoch zu dem Schluss, dass sie nicht nur im Falle eines bewaffneten Konflikts, sondern auch bei terroristischen Angriffen mit Atomwaffen, chemischen Unf\u00e4llen oder Naturkatastrophen n\u00fctzlich sind.<\/p>\n<p>Norwegen hingegen hat die Bunkerpflicht 1998 abgeschafft.<\/p>\n<h2>Sirenen und Alertswiss App<\/h2>\n<p>In der Schweizerischen Eidgenossenschaft sind insgesamt rund 7200 feste und mobile Sirenen aufgestellt.<br \/>\nJeden ersten Mittwoch im Februar findet in der ganzen Schweiz der j\u00e4hrliche Sirenentest statt. Dabei werden sowohl die Sirenen f\u00fcr den allgemeinen Alarm als auch jene f\u00fcr den Wasseralarm getestet.<\/p>\n<figure id=\"attachment_130646\" aria-describedby=\"caption-attachment-130646\" style=\"width: 300px\" class=\"wp-caption aligncenter\"><img decoding=\"async\" class=\"size-medium wp-image-130647\" src=\"https:\/\/swissfederalism.ch\/wp-content\/uploads\/2022\/03\/Sirena-allarme-Svizzera-300x200.jpg\" alt=\"Sirena allarme Svizzera\" width=\"300\" height=\"200\" srcset=\"https:\/\/swissfederalism.ch\/wp-content\/uploads\/2022\/03\/Sirena-allarme-Svizzera-300x200.jpg 300w, https:\/\/swissfederalism.ch\/wp-content\/uploads\/2022\/03\/Sirena-allarme-Svizzera-1024x682.jpg 1024w, https:\/\/swissfederalism.ch\/wp-content\/uploads\/2022\/03\/Sirena-allarme-Svizzera-768x511.jpg 768w, https:\/\/swissfederalism.ch\/wp-content\/uploads\/2022\/03\/Sirena-allarme-Svizzera-1536x1022.jpg 1536w, https:\/\/swissfederalism.ch\/wp-content\/uploads\/2022\/03\/Sirena-allarme-Svizzera.jpg 1803w\" sizes=\"(max-width: 300px) 100vw, 300px\" \/><figcaption id=\"caption-attachment-130646\" class=\"wp-caption-text\">Alarmsirene Schweiz \u00a9<a href=\"https:\/\/www.mediathek.admin.ch\/\">mediathek.admin.ch\/<\/a><\/figcaption><\/figure>\n<p>Neben dem Alarmsystem \u00fcber Sirenen und Radioinformationen gibt es die Dienste von <em>Alertswiss<\/em>.<\/p>\n<p>Auf der Website von <a href=\"https:\/\/www.alert.swiss\/it\/home.html\"><strong>alertswiss<\/strong><\/a> finden Sie alle relevanten Informationen \u00fcber die Vorbereitungen und das richtige Verhalten bei Katastrophen und in Notsituationen.<\/p>\n<p>Die B\u00fcrgerinnen und B\u00fcrger sind zudem angehalten, die neuen Alarmierungs- und Informationskan\u00e4le zu nutzen und die kostenlose Alertswiss-App auf ihrem Smartphone zu installieren. Die App ist f\u00fcr Android- und iOS-Systeme verf\u00fcgbar und kann im <a href=\"https:\/\/play.google.com\/store\/apps\/details?id=ch.admin.babs.alertswiss\">Google<\/a> <a class=\"icon icon--after icon--external\" href=\"https:\/\/play.google.com\/store\/apps\/details?id=ch.admin.babs.alertswiss\" target=\"_blank\" rel=\"noopener\">Play Store<\/a> und im <a href=\"https:\/\/apps.apple.com\/ch\/app\/alertswiss\/id957339177\">Apple&#8217;s App Store<\/a> heruntergeladen werden.<\/p>\n<p>Mit dieser App k\u00f6nnen Sie Alarme, Warnungen und Informationen zu einer Vielzahl von Gefahren direkt auf Ihr Smartphone erhalten.<\/p>\n<h2>Jodtabletten<\/h2>\n<figure id=\"attachment_130651\" aria-describedby=\"caption-attachment-130651\" style=\"width: 300px\" class=\"wp-caption aligncenter\"><img decoding=\"async\" class=\"size-medium wp-image-130652\" src=\"https:\/\/swissfederalism.ch\/wp-content\/uploads\/2022\/03\/Compresse-Iodio-300x200.jpg\" alt=\"Compresse\" width=\"300\" height=\"200\" srcset=\"https:\/\/swissfederalism.ch\/wp-content\/uploads\/2022\/03\/Compresse-Iodio-300x200.jpg 300w, https:\/\/swissfederalism.ch\/wp-content\/uploads\/2022\/03\/Compresse-Iodio-1024x683.jpg 1024w, https:\/\/swissfederalism.ch\/wp-content\/uploads\/2022\/03\/Compresse-Iodio-768x512.jpg 768w, https:\/\/swissfederalism.ch\/wp-content\/uploads\/2022\/03\/Compresse-Iodio-1536x1024.jpg 1536w, https:\/\/swissfederalism.ch\/wp-content\/uploads\/2022\/03\/Compresse-Iodio.jpg 1920w\" sizes=\"(max-width: 300px) 100vw, 300px\" \/><figcaption id=\"caption-attachment-130651\" class=\"wp-caption-text\">Jodtabletten<\/figcaption><\/figure>\n<p>In der Schweiz werden an Standorten im Umkreis von 50 km um ein Kernkraftwerk vorsorglich Jodtabletten an die Bev\u00f6lkerung verteilt, um zu verhindern, dass sich radioaktives Jod in der Schilddr\u00fcse anreichert und Schilddr\u00fcsenkrebs verursacht.<\/p>\n<p>F\u00fcr Standorte, die weiter als 50 km entfernt sind, legen die Kantone Vorr\u00e4te an, um sie im Bedarfsfall an die Bev\u00f6lkerung zu verteilen.<\/p>\n","protected":false},"excerpt":{"rendered":"<p>Der Bau von Luftschutzbunkern begann mit der Verbreitung von Atomwaffen. Vor allem w\u00e4hrend des Kalten Krieges wurde ihr Bau in vielen L\u00e4ndern, darunter auch in der Schweizerischen Eidgenossenschaft, zur Pflicht<\/p>\n","protected":false},"author":9,"featured_media":130649,"comment_status":"open","ping_status":"closed","sticky":false,"template":"","format":"standard","meta":{"footnotes":""},"categories":[278,309,307,295,211],"tags":[1433,1432,668,1434],"class_list":["post-130723","post","type-post","status-publish","format-standard","has-post-thumbnail","hentry","category-europa-de","category-highlights","category-politik","category-schweiz","category-zeitschrift","tag-alarmsirenen","tag-luftschutzraeume","tag-sicherheit","tag-zivilschutz"],"_links":{"self":[{"href":"https:\/\/swissfederalism.ch\/de\/wp-json\/wp\/v2\/posts\/130723","targetHints":{"allow":["GET"]}}],"collection":[{"href":"https:\/\/swissfederalism.ch\/de\/wp-json\/wp\/v2\/posts"}],"about":[{"href":"https:\/\/swissfederalism.ch\/de\/wp-json\/wp\/v2\/types\/post"}],"author":[{"embeddable":true,"href":"https:\/\/swissfederalism.ch\/de\/wp-json\/wp\/v2\/users\/9"}],"replies":[{"embeddable":true,"href":"https:\/\/swissfederalism.ch\/de\/wp-json\/wp\/v2\/comments?post=130723"}],"version-history":[{"count":2,"href":"https:\/\/swissfederalism.ch\/de\/wp-json\/wp\/v2\/posts\/130723\/revisions"}],"predecessor-version":[{"id":130725,"href":"https:\/\/swissfederalism.ch\/de\/wp-json\/wp\/v2\/posts\/130723\/revisions\/130725"}],"wp:featuredmedia":[{"embeddable":true,"href":"https:\/\/swissfederalism.ch\/de\/wp-json\/wp\/v2\/media\/130649"}],"wp:attachment":[{"href":"https:\/\/swissfederalism.ch\/de\/wp-json\/wp\/v2\/media?parent=130723"}],"wp:term":[{"taxonomy":"category","embeddable":true,"href":"https:\/\/swissfederalism.ch\/de\/wp-json\/wp\/v2\/categories?post=130723"},{"taxonomy":"post_tag","embeddable":true,"href":"https:\/\/swissfederalism.ch\/de\/wp-json\/wp\/v2\/tags?post=130723"}],"curies":[{"name":"wp","href":"https:\/\/api.w.org\/{rel}","templated":true}]}}