{"id":130509,"date":"2022-02-28T14:07:30","date_gmt":"2022-02-28T14:07:30","guid":{"rendered":"https:\/\/swissfederalism.ch\/rapperswil-hurden-wooden-bridge\/"},"modified":"2022-02-28T14:29:31","modified_gmt":"2022-02-28T14:29:31","slug":"holzbruecke-rapperswil-hurden","status":"publish","type":"post","link":"https:\/\/swissfederalism.ch\/de\/holzbruecke-rapperswil-hurden\/","title":{"rendered":"Holzbr\u00fccke Rapperswil-Hurden"},"content":{"rendered":"<h1>Holzbr\u00fccke Rapperswil-Hurden<\/h1>\n<figure id=\"attachment_130486\" aria-describedby=\"caption-attachment-130486\" style=\"width: 768px\" class=\"wp-caption aligncenter\"><img decoding=\"async\" class=\"wp-image-130486 size-large\" src=\"https:\/\/swissfederalism.ch\/wp-content\/uploads\/2022\/02\/rapperswil-Holzbrucke-768x1024.jpg\" alt=\"Holzbr\u00fccke Rapperswil-Hurden \" width=\"768\" height=\"1024\" srcset=\"https:\/\/swissfederalism.ch\/wp-content\/uploads\/2022\/02\/rapperswil-Holzbrucke-768x1024.jpg 768w, https:\/\/swissfederalism.ch\/wp-content\/uploads\/2022\/02\/rapperswil-Holzbrucke-225x300.jpg 225w, https:\/\/swissfederalism.ch\/wp-content\/uploads\/2022\/02\/rapperswil-Holzbrucke-1152x1536.jpg 1152w, https:\/\/swissfederalism.ch\/wp-content\/uploads\/2022\/02\/rapperswil-Holzbrucke.jpg 1440w\" sizes=\"(max-width: 768px) 100vw, 768px\" \/><figcaption id=\"caption-attachment-130486\" class=\"wp-caption-text\">Holzbr\u00fccke Rapperswil-Hurden<\/figcaption><\/figure>\n<p>Die Holzbr\u00fccke ist eine Fussg\u00e4ngerbr\u00fccke zwischen Rapperswil (Kanton St. Gallen) und Hurden (Kanton Schwyz) in der N\u00e4he des sogenannten Seedamms (k\u00fcnstlicher Damm an der engsten Stelle des Z\u00fcrichsees, zwischen Pf\u00e4ffikon SZ und Rapperswil SG) am Z\u00fcrcher Obersee in der Schweiz.<\/p>\n<p>Die 2001 er\u00f6ffnete neue Holzbr\u00fccke ist sowohl international als auch historisch von Bedeutung.<\/p>\n<p>Die engste Stelle des Z\u00fcrichsees wurde bereits vor der Bronzezeit mit einer Br\u00fccke \u00fcberspannt. Die mittelalterliche Holzbr\u00fccke wurde von 1358 bis 1360 gebaut, w\u00e4hrend die letzte 1878 beim Bau des Seedamms abgerissen wurde. Die Br\u00fccke hat eine L\u00e4nge von 841 Metern und ist damit die l\u00e4ngste Holzbr\u00fccke der Schweiz.<\/p>\n<h2>Heilig H\u00fcsli-Kapelle<\/h2>\n<p>Nach dem Bau des Seedamms im Jahr 1878 blieb von der mittelalterlichen Holzbr\u00fccke nur noch die Kapelle &#8222;Heilig H\u00fcsli&#8220; aus dem Jahr 1551 \u00fcbrig. Sie lag isoliert im See und war bis zum Wiederaufbau der alten Holzbr\u00fccke im Jahr 2001 f\u00fcr Besucher nicht zug\u00e4nglich.<\/p>\n<p>Die Kapelle wurde erstmals 1485 n. Chr. als Bethaus oder Pilgerkapelle erw\u00e4hnt.<\/p>\n<figure id=\"attachment_130500\" aria-describedby=\"caption-attachment-130500\" style=\"width: 300px\" class=\"wp-caption alignnone\"><img decoding=\"async\" class=\"size-medium wp-image-130501\" src=\"https:\/\/swissfederalism.ch\/wp-content\/uploads\/2022\/02\/rapperswil-Heilig-Husli-1-300x225.jpg\" alt=\"Rapperswil - Heilig H\u00fcsli\" width=\"300\" height=\"225\" srcset=\"https:\/\/swissfederalism.ch\/wp-content\/uploads\/2022\/02\/rapperswil-Heilig-Husli-1-300x225.jpg 300w, https:\/\/swissfederalism.ch\/wp-content\/uploads\/2022\/02\/rapperswil-Heilig-Husli-1-1024x768.jpg 1024w, https:\/\/swissfederalism.ch\/wp-content\/uploads\/2022\/02\/rapperswil-Heilig-Husli-1-768x576.jpg 768w, https:\/\/swissfederalism.ch\/wp-content\/uploads\/2022\/02\/rapperswil-Heilig-Husli-1-1536x1152.jpg 1536w, https:\/\/swissfederalism.ch\/wp-content\/uploads\/2022\/02\/rapperswil-Heilig-Husli-1.jpg 1920w\" sizes=\"(max-width: 300px) 100vw, 300px\" \/><figcaption id=\"caption-attachment-130500\" class=\"wp-caption-text\">Rapperswil &#8211; Br\u00fcckenkapelle Heilig H\u00fcsli<\/figcaption><\/figure>\n<h2>Jakobsweg<\/h2>\n<p>Wie in den vergangenen Jahren ist die neue Br\u00fccke wieder Teil des Jakobsweges, der Ost- und Mitteleuropa mit dem Pilgerort Santiago de Compostela in Nordspanien verbindet.<\/p>\n<h2>UNESCO-Welterbe<\/h2>\n<p>Als eine der pr\u00e4historischen See\u00fcberquerungen wurde sie am 27. Juni 2011 in die Liste des UNESCO-Welterbes aufgenommen.<\/p>\n<h2>Panorama<\/h2>\n<p>Von der Br\u00fccke geniesst man ein atemberaubendes Panorama, das vom S\u00e4ntis (2502m) \u00fcber den Speer (1951m) bis zu den Glarner Alpen, dem Etzel (1098m) und den Bergketten entlang des Z\u00fcrichsees und des Z\u00fcrcher Oberlandes reicht.<\/p>\n<p><img decoding=\"async\" class=\"aligncenter wp-image-130490 size-large\" src=\"https:\/\/swissfederalism.ch\/wp-content\/uploads\/2022\/02\/IMG_20220227_162900-1024x768.jpg\" alt=\"\" width=\"840\" height=\"630\" srcset=\"https:\/\/swissfederalism.ch\/wp-content\/uploads\/2022\/02\/IMG_20220227_162900-1024x768.jpg 1024w, https:\/\/swissfederalism.ch\/wp-content\/uploads\/2022\/02\/IMG_20220227_162900-300x225.jpg 300w, https:\/\/swissfederalism.ch\/wp-content\/uploads\/2022\/02\/IMG_20220227_162900-768x576.jpg 768w, https:\/\/swissfederalism.ch\/wp-content\/uploads\/2022\/02\/IMG_20220227_162900-1536x1152.jpg 1536w, https:\/\/swissfederalism.ch\/wp-content\/uploads\/2022\/02\/IMG_20220227_162900-2048x1536.jpg 2048w, https:\/\/swissfederalism.ch\/wp-content\/uploads\/2022\/02\/IMG_20220227_162900-scaled.jpg 2560w\" sizes=\"(max-width: 840px) 100vw, 840px\" \/><\/p>\n<figure id=\"attachment_130494\" aria-describedby=\"caption-attachment-130494\" style=\"width: 840px\" class=\"wp-caption aligncenter\"><img decoding=\"async\" class=\"wp-image-130494 size-large\" src=\"https:\/\/swissfederalism.ch\/wp-content\/uploads\/2022\/02\/IMG_20220227_163616-1024x768.jpg\" alt=\"Panorama ab der Rapperswiler Holzbr\u00fccke\" width=\"840\" height=\"630\" srcset=\"https:\/\/swissfederalism.ch\/wp-content\/uploads\/2022\/02\/IMG_20220227_163616-1024x768.jpg 1024w, https:\/\/swissfederalism.ch\/wp-content\/uploads\/2022\/02\/IMG_20220227_163616-300x225.jpg 300w, https:\/\/swissfederalism.ch\/wp-content\/uploads\/2022\/02\/IMG_20220227_163616-768x576.jpg 768w, https:\/\/swissfederalism.ch\/wp-content\/uploads\/2022\/02\/IMG_20220227_163616-1536x1152.jpg 1536w, https:\/\/swissfederalism.ch\/wp-content\/uploads\/2022\/02\/IMG_20220227_163616-2048x1536.jpg 2048w, https:\/\/swissfederalism.ch\/wp-content\/uploads\/2022\/02\/IMG_20220227_163616-scaled.jpg 2560w\" sizes=\"(max-width: 840px) 100vw, 840px\" \/><figcaption id=\"caption-attachment-130494\" class=\"wp-caption-text\">Panorama von der Holzbr\u00fccke Rapperswil-Hurden<\/figcaption><\/figure>\n<p>&nbsp;<\/p>\n<h2>Naturschutzgebiet<\/h2>\n<p>Dieses Gebiet gilt als Naturschutzgebiet und ist eines der wichtigsten Brutgebiete von Wasserv\u00f6geln. Aus diesem Grund ist das Angeln von der Holzbr\u00fccke aus verboten, ebenso wie das Schwimmen und das Anlegen von Booten in diesem Gebiet.<\/p>\n<p>&nbsp;<\/p>\n<p>&nbsp;<\/p>\n","protected":false},"excerpt":{"rendered":"<p>Die Holzbr\u00fccke ist eine Fussg\u00e4ngerbr\u00fccke zwischen Rapperswil (Kanton St. Gallen) und Hurden (Kanton Schwyz) in der N\u00e4he des sogenannten Seedamms (k\u00fcnstlicher Damm an der engsten Stelle des Z\u00fcrichsees, zwischen Pf\u00e4ffikon SZ und Rapperswil SG) am Z\u00fcrcher Obersee in der Schweiz.<\/p>\n","protected":false},"author":3,"featured_media":130485,"comment_status":"open","ping_status":"closed","sticky":false,"template":"","format":"standard","meta":{"footnotes":""},"categories":[304,309,352,345,295,1345],"tags":[1356,1357,1358,1355,686,889,475],"class_list":["post-130509","post","type-post","status-publish","format-standard","has-post-thumbnail","hentry","category-geschichte","category-highlights","category-kanton-sankt-gallen","category-kanton-schwyz","category-schweiz","category-kuriositaeten","tag-holzbrucke-en-de","tag-jakobsweg-en-de","tag-lago-di-zurigo-en-de","tag-rapperswil-jona-en-de","tag-schweiz-2","tag-schweiz-3","tag-st-gallen"],"_links":{"self":[{"href":"https:\/\/swissfederalism.ch\/de\/wp-json\/wp\/v2\/posts\/130509","targetHints":{"allow":["GET"]}}],"collection":[{"href":"https:\/\/swissfederalism.ch\/de\/wp-json\/wp\/v2\/posts"}],"about":[{"href":"https:\/\/swissfederalism.ch\/de\/wp-json\/wp\/v2\/types\/post"}],"author":[{"embeddable":true,"href":"https:\/\/swissfederalism.ch\/de\/wp-json\/wp\/v2\/users\/3"}],"replies":[{"embeddable":true,"href":"https:\/\/swissfederalism.ch\/de\/wp-json\/wp\/v2\/comments?post=130509"}],"version-history":[{"count":2,"href":"https:\/\/swissfederalism.ch\/de\/wp-json\/wp\/v2\/posts\/130509\/revisions"}],"predecessor-version":[{"id":130511,"href":"https:\/\/swissfederalism.ch\/de\/wp-json\/wp\/v2\/posts\/130509\/revisions\/130511"}],"wp:featuredmedia":[{"embeddable":true,"href":"https:\/\/swissfederalism.ch\/de\/wp-json\/wp\/v2\/media\/130485"}],"wp:attachment":[{"href":"https:\/\/swissfederalism.ch\/de\/wp-json\/wp\/v2\/media?parent=130509"}],"wp:term":[{"taxonomy":"category","embeddable":true,"href":"https:\/\/swissfederalism.ch\/de\/wp-json\/wp\/v2\/categories?post=130509"},{"taxonomy":"post_tag","embeddable":true,"href":"https:\/\/swissfederalism.ch\/de\/wp-json\/wp\/v2\/tags?post=130509"}],"curies":[{"name":"wp","href":"https:\/\/api.w.org\/{rel}","templated":true}]}}