{"id":124860,"date":"2021-07-21T14:11:27","date_gmt":"2021-07-21T14:11:27","guid":{"rendered":"https:\/\/swissfederalism.ch\/edu-court-more-margin-of-appreciation-for-member-states\/"},"modified":"2021-08-11T15:43:10","modified_gmt":"2021-08-11T15:43:10","slug":"edu-gerichtshof-mehr-ermessensspielraum-fuer-die-mitgliedstaaten","status":"publish","type":"post","link":"https:\/\/swissfederalism.ch\/de\/edu-gerichtshof-mehr-ermessensspielraum-fuer-die-mitgliedstaaten\/","title":{"rendered":"EDU-Gerichtshof: mehr Ermessensspielraum f\u00fcr die Mitgliedstaaten"},"content":{"rendered":"<h1>EDU-Gerichtshof: mehr Ermessensspielraum f\u00fcr die Mitgliedstaaten<\/h1>\n<h3><em>Eine \u00c4nderung der Konvention zum Schutze der Menschenrechte und Grundfreiheiten wird die Justiz in dreierlei Hinsicht vereinfachen<\/em><\/h3>\n<p>Am 1. August 2021 wird das Protokoll Nr. 15 zur \u00c4nderung der Konvention zum Schutze der Menschenrechte und Grundfreiheiten (EMRK) in Kraft treten.<br \/>\nDas Protokoll st\u00e4rkt das Subsidiarit\u00e4tsprinzip sowie den Ermessensspielraum der Vertragsstaaten und verbessert so die Funktionsweise des Europ\u00e4ischen Gerichtshofs f\u00fcr Menschenrechte (EGMR).<br \/>\nDas Protokoll Nr. 15 zur EMRK ist Teil der langj\u00e4hrigen Bem\u00fchungen, das Funktionieren der \u00fcberlasteten EMRK zu sichern und zu verbessern.<br \/>\nDas Protokoll erw\u00e4hnt ausdr\u00fccklich den Grundsatz der Subsidiarit\u00e4t und verweist auf den Ermessensspielraum der Vertragsstaaten.<br \/>\nNach dem Subsidiarit\u00e4tsprinzip ist es in erster Linie Aufgabe der Vertragsstaaten, die EMRK umzusetzen und durchzusetzen, wobei ihnen ein gewisser Ermessensspielraum zusteht.<br \/>\nDer Europ\u00e4ische Gerichtshof f\u00fcr Menschenrechte greift nur als letztes Mittel ein und sch\u00fctzt Personen, deren Rechte und Freiheiten auf nationaler Ebene nicht geachtet wurden.<\/p>\n<p>&nbsp;<\/p>\n<p><strong><a title=\"A Strasburgo la Svizzera \u00e8 per la protezione dei giornalisti\" href=\"https:\/\/swissfederalism.ch\/de\/in-strassburg-ist-die-schweiz-fuer-den-schutz-von-journalisten\/\" target=\"_blank\" rel=\"noopener\">In Stra\u00dfburg setzt sich die Schweiz f\u00fcr den Schutz von Journalisten ein<\/a><\/strong><\/p>\n<figure id=\"attachment_124339\" aria-describedby=\"caption-attachment-124339\" style=\"width: 840px\" class=\"wp-caption aligncenter\"><img decoding=\"async\" class=\"wp-image-124339 size-large\" src=\"https:\/\/swissfederalism.ch\/wp-content\/uploads\/2021\/07\/La-Corte-Europea-dei-Diritti-dellUomo-e-delle-Liberta-Fondamentali-di-Strasburgo-1-1024x683.jpeg\" alt=\"La Corte Europea dei Diritti dell'Uomo e delle Libert\u00e0 Fondamentali di Strasburgo\" width=\"840\" height=\"560\" srcset=\"https:\/\/swissfederalism.ch\/wp-content\/uploads\/2021\/07\/La-Corte-Europea-dei-Diritti-dellUomo-e-delle-Liberta-Fondamentali-di-Strasburgo-1-1024x683.jpeg 1024w, https:\/\/swissfederalism.ch\/wp-content\/uploads\/2021\/07\/La-Corte-Europea-dei-Diritti-dellUomo-e-delle-Liberta-Fondamentali-di-Strasburgo-1-300x200.jpeg 300w, https:\/\/swissfederalism.ch\/wp-content\/uploads\/2021\/07\/La-Corte-Europea-dei-Diritti-dellUomo-e-delle-Liberta-Fondamentali-di-Strasburgo-1-768x512.jpeg 768w, https:\/\/swissfederalism.ch\/wp-content\/uploads\/2021\/07\/La-Corte-Europea-dei-Diritti-dellUomo-e-delle-Liberta-Fondamentali-di-Strasburgo-1-1536x1024.jpeg 1536w, https:\/\/swissfederalism.ch\/wp-content\/uploads\/2021\/07\/La-Corte-Europea-dei-Diritti-dellUomo-e-delle-Liberta-Fondamentali-di-Strasburgo-1.jpeg 1920w\" sizes=\"(max-width: 840px) 100vw, 840px\" \/><figcaption id=\"caption-attachment-124339\" class=\"wp-caption-text\">Der Europ\u00e4ische Gerichtshof f\u00fcr Menschenrechte und Grundfreiheiten in Stra\u00dfburg<\/figcaption><\/figure>\n<h4>Verk\u00fcrzung der Beschwerdefrist von sechs auf nur noch vier Monate<\/h4>\n<p>Die anderen \u00c4nderungen der EMRK betreffen die Organisation und das Verfahren des EDU-Gerichts.<br \/>\nDie Frist f\u00fcr die Anrufung des EDU-Gerichtshofs wird von sechs auf vier Monate ab dem Datum der endg\u00fcltigen innerstaatlichen Entscheidung verk\u00fcrzt. Diese \u00c4nderung wird jedoch erst am 1. Februar 2022 in Kraft treten.<br \/>\nDie Parteien haben nicht mehr das Recht, gegen die \u00dcbertragung der Zust\u00e4ndigkeit einer Rechtssache an die Gro\u00dfe Kammer Einspruch zu erheben, k\u00f6nnen aber angeh\u00f6rt werden.<br \/>\nAu\u00dferdem k\u00f6nnen sich k\u00fcnftig nur noch Personen unter 65 Jahren um das Amt eines Richters am EDU-Gericht bewerben.<\/p>\n<p><strong><a title=\"Il Liechtenstein verso la presidenza del Consiglio d\u2019Europa\" href=\"https:\/\/swissfederalism.ch\/de\/liechtenstein-auf-dem-weg-zur-praesidentschaft-des-europarates\/\" target=\"_blank\" rel=\"noopener\">Liechtenstein auf dem Weg zur Pr\u00e4sidentschaft des Europarates<\/a><\/strong><\/p>\n<figure id=\"attachment_124351\" aria-describedby=\"caption-attachment-124351\" style=\"width: 840px\" class=\"wp-caption aligncenter\"><img decoding=\"async\" class=\"wp-image-124351 size-large\" src=\"https:\/\/swissfederalism.ch\/wp-content\/uploads\/2021\/07\/La-Corte-Europea-dei-Diritti-dellUomo-e-delle-Liberta-Fondamentali-di-Strasburgo-4-1024x683.jpeg\" alt=\"La Corte Europea dei Diritti dell'Uomo e delle Libert\u00e0 Fondamentali di Strasburgo\" width=\"840\" height=\"560\" srcset=\"https:\/\/swissfederalism.ch\/wp-content\/uploads\/2021\/07\/La-Corte-Europea-dei-Diritti-dellUomo-e-delle-Liberta-Fondamentali-di-Strasburgo-4-1024x683.jpeg 1024w, https:\/\/swissfederalism.ch\/wp-content\/uploads\/2021\/07\/La-Corte-Europea-dei-Diritti-dellUomo-e-delle-Liberta-Fondamentali-di-Strasburgo-4-300x200.jpeg 300w, https:\/\/swissfederalism.ch\/wp-content\/uploads\/2021\/07\/La-Corte-Europea-dei-Diritti-dellUomo-e-delle-Liberta-Fondamentali-di-Strasburgo-4-768x512.jpeg 768w, https:\/\/swissfederalism.ch\/wp-content\/uploads\/2021\/07\/La-Corte-Europea-dei-Diritti-dellUomo-e-delle-Liberta-Fondamentali-di-Strasburgo-4-1536x1024.jpeg 1536w, https:\/\/swissfederalism.ch\/wp-content\/uploads\/2021\/07\/La-Corte-Europea-dei-Diritti-dellUomo-e-delle-Liberta-Fondamentali-di-Strasburgo-4.jpeg 1920w\" sizes=\"(max-width: 840px) 100vw, 840px\" \/><figcaption id=\"caption-attachment-124351\" class=\"wp-caption-text\">Der Europ\u00e4ische Gerichtshof f\u00fcr Menschenrechte und Grundfreiheiten in Stra\u00dfburg<\/figcaption><\/figure>\n<h4>Richter, die immer mindestens neun Jahre ununterbrochen im Amt sind<\/h4>\n<p>Andererseits k\u00f6nnen sie ihr Amt auch nach Vollendung des 70. Lebensjahres aus\u00fcben, sofern sie die maximale Amtszeit von neun Jahren noch nicht erreicht haben.<br \/>\nSchlie\u00dflich kann das EDU-Gericht eine Beschwerde f\u00fcr unzul\u00e4ssig erkl\u00e4ren, wenn der Beschwerdef\u00fchrer keinen erheblichen Schaden erlitten hat. Das Zul\u00e4ssigkeitskriterium gilt bereits heute, kann aber k\u00fcnftig auch auf F\u00e4lle angewandt werden, die noch nicht vor einem nationalen Gericht verhandelt wurden. Diese \u00c4nderungen treten am 1. August 2021 in Kraft.<\/p>\n<p><strong><a title=\"Attivo il Comitato Europeo per la prevenzione della tortura\" href=\"https:\/\/swissfederalism.ch\/de\/aktiv-das-europaeische-komitee-zur-verhuetung-von-folter\/\" target=\"_blank\" rel=\"noopener\">Aktiv im Europ\u00e4ischen Ausschuss zur Verh\u00fctung von Folter<\/a><\/strong><\/p>\n<figure id=\"attachment_124343\" aria-describedby=\"caption-attachment-124343\" style=\"width: 840px\" class=\"wp-caption aligncenter\"><img decoding=\"async\" class=\"wp-image-124343 size-large\" src=\"https:\/\/swissfederalism.ch\/wp-content\/uploads\/2021\/07\/La-Corte-Europea-dei-Diritti-dellUomo-e-delle-Liberta-Fondamentali-di-Strasburgo-2-1024x683.jpeg\" alt=\"La Corte Europea dei Diritti dell'Uomo e delle Libert\u00e0 Fondamentali di Strasburgo\" width=\"840\" height=\"560\" srcset=\"https:\/\/swissfederalism.ch\/wp-content\/uploads\/2021\/07\/La-Corte-Europea-dei-Diritti-dellUomo-e-delle-Liberta-Fondamentali-di-Strasburgo-2-1024x683.jpeg 1024w, https:\/\/swissfederalism.ch\/wp-content\/uploads\/2021\/07\/La-Corte-Europea-dei-Diritti-dellUomo-e-delle-Liberta-Fondamentali-di-Strasburgo-2-300x200.jpeg 300w, https:\/\/swissfederalism.ch\/wp-content\/uploads\/2021\/07\/La-Corte-Europea-dei-Diritti-dellUomo-e-delle-Liberta-Fondamentali-di-Strasburgo-2-768x512.jpeg 768w, https:\/\/swissfederalism.ch\/wp-content\/uploads\/2021\/07\/La-Corte-Europea-dei-Diritti-dellUomo-e-delle-Liberta-Fondamentali-di-Strasburgo-2-1536x1024.jpeg 1536w, https:\/\/swissfederalism.ch\/wp-content\/uploads\/2021\/07\/La-Corte-Europea-dei-Diritti-dellUomo-e-delle-Liberta-Fondamentali-di-Strasburgo-2.jpeg 1920w\" sizes=\"(max-width: 840px) 100vw, 840px\" \/><figcaption id=\"caption-attachment-124343\" class=\"wp-caption-text\">Der Europ\u00e4ische Gerichtshof f\u00fcr Menschenrechte und Grundfreiheiten in Stra\u00dfburg<\/figcaption><\/figure>\n<h4>Die entscheidende Ratifizierung durch Italien fand am 21. April dieses Jahres statt<\/h4>\n<p>Das Protokoll Nr. 15 wurde am 24. Juni 2013 zur Unterzeichnung durch die Vertragsstaaten aufgelegt. Sein Inkrafttreten setzt die Ratifizierung durch alle 47 Vertragsstaaten der EMRK voraus.<br \/>\nDiese Bedingung wurde erf\u00fcllt, nachdem Italien das Protokoll am 21. April 2021 ratifiziert hat. Die Schweiz ratifizierte das Protokoll am 15. Juli 2016.<\/p>\n<p><strong><a title=\"Consiglio d\u2019Europa: chi rappresenter\u00e0 i territori svizzeri\" href=\"https:\/\/swissfederalism.ch\/de\/der-europarat-wer-wird-die-schweizer-territorien-vertreten\/\" target=\"_blank\" rel=\"noopener\">Der Europarat: Wer wird die Schweizer Gebiete vertreten?<\/a><\/strong><\/p>\n<figure id=\"attachment_87953\" aria-describedby=\"caption-attachment-87953\" style=\"width: 840px\" class=\"wp-caption aligncenter\"><img decoding=\"async\" class=\"wp-image-87953 size-large\" src=\"https:\/\/swissfederalism.ch\/wp-content\/uploads\/2021\/02\/La-sede-del-Consiglio-dEuropa-a-Strasburgo-in-Francia-1024x683.jpeg\" alt=\"a sede del Consiglio d'Europa a Strasburgo in Francia\" width=\"840\" height=\"560\" srcset=\"https:\/\/swissfederalism.ch\/wp-content\/uploads\/2021\/02\/La-sede-del-Consiglio-dEuropa-a-Strasburgo-in-Francia-1024x683.jpeg 1024w, https:\/\/swissfederalism.ch\/wp-content\/uploads\/2021\/02\/La-sede-del-Consiglio-dEuropa-a-Strasburgo-in-Francia-300x200.jpeg 300w, https:\/\/swissfederalism.ch\/wp-content\/uploads\/2021\/02\/La-sede-del-Consiglio-dEuropa-a-Strasburgo-in-Francia-768x512.jpeg 768w, https:\/\/swissfederalism.ch\/wp-content\/uploads\/2021\/02\/La-sede-del-Consiglio-dEuropa-a-Strasburgo-in-Francia-1536x1024.jpeg 1536w, https:\/\/swissfederalism.ch\/wp-content\/uploads\/2021\/02\/La-sede-del-Consiglio-dEuropa-a-Strasburgo-in-Francia.jpeg 1920w\" sizes=\"(max-width: 840px) 100vw, 840px\" \/><figcaption id=\"caption-attachment-87953\" class=\"wp-caption-text\">Der Sitz des Europarates in Stra\u00dfburg, Frankreich<\/figcaption><\/figure>\n","protected":false},"excerpt":{"rendered":"<p>Durch eine \u00c4nderung der Konvention zum Schutze der Menschenrechte und Grundfreiheiten wird der Mechanismus der Rechtsprechung in dreierlei Hinsicht gestrafft<\/p>\n","protected":false},"author":2,"featured_media":124350,"comment_status":"open","ping_status":"closed","sticky":false,"template":"","format":"standard","meta":{"footnotes":""},"categories":[278,990,309,290,295,211],"tags":[407,400,961,889],"class_list":["post-124860","post","type-post","status-publish","format-standard","has-post-thumbnail","hentry","category-europa-de","category-geopolitik","category-highlights","category-italien","category-schweiz","category-zeitschrift","tag-europa-de","tag-geschichte-europas","tag-justiz","tag-schweiz-3"],"_links":{"self":[{"href":"https:\/\/swissfederalism.ch\/de\/wp-json\/wp\/v2\/posts\/124860","targetHints":{"allow":["GET"]}}],"collection":[{"href":"https:\/\/swissfederalism.ch\/de\/wp-json\/wp\/v2\/posts"}],"about":[{"href":"https:\/\/swissfederalism.ch\/de\/wp-json\/wp\/v2\/types\/post"}],"author":[{"embeddable":true,"href":"https:\/\/swissfederalism.ch\/de\/wp-json\/wp\/v2\/users\/2"}],"replies":[{"embeddable":true,"href":"https:\/\/swissfederalism.ch\/de\/wp-json\/wp\/v2\/comments?post=124860"}],"version-history":[{"count":2,"href":"https:\/\/swissfederalism.ch\/de\/wp-json\/wp\/v2\/posts\/124860\/revisions"}],"predecessor-version":[{"id":124862,"href":"https:\/\/swissfederalism.ch\/de\/wp-json\/wp\/v2\/posts\/124860\/revisions\/124862"}],"wp:featuredmedia":[{"embeddable":true,"href":"https:\/\/swissfederalism.ch\/de\/wp-json\/wp\/v2\/media\/124350"}],"wp:attachment":[{"href":"https:\/\/swissfederalism.ch\/de\/wp-json\/wp\/v2\/media?parent=124860"}],"wp:term":[{"taxonomy":"category","embeddable":true,"href":"https:\/\/swissfederalism.ch\/de\/wp-json\/wp\/v2\/categories?post=124860"},{"taxonomy":"post_tag","embeddable":true,"href":"https:\/\/swissfederalism.ch\/de\/wp-json\/wp\/v2\/tags?post=124860"}],"curies":[{"name":"wp","href":"https:\/\/api.w.org\/{rel}","templated":true}]}}