{"id":109235,"date":"2021-06-18T09:06:14","date_gmt":"2021-06-18T09:06:14","guid":{"rendered":"https:\/\/swissfederalism.ch\/alberto-nicolini-the-city-of-pico-is-always-up-to-the-task\/"},"modified":"2021-06-24T09:41:03","modified_gmt":"2021-06-24T09:41:03","slug":"alberto-nicolini-die-stadt-pico-ist-der-aufgabe-immer-gewachsen","status":"publish","type":"post","link":"https:\/\/swissfederalism.ch\/de\/alberto-nicolini-die-stadt-pico-ist-der-aufgabe-immer-gewachsen\/","title":{"rendered":"Alberto Nicolini: &#8222;Die Stadt Pico ist der Aufgabe immer gewachsen&#8220;"},"content":{"rendered":"<h1>Alberto Nicolini: &#8222;Die Stadt Pico ist der Aufgabe immer gewachsen&#8220;<\/h1>\n<h3><em>Der Herausgeber von distrettobiomedicale.it und Mitorganisator von &#8222;Innovabiomed&#8220; in den Geheimnissen eines geschichtstr\u00e4chtigen und an gro\u00dfen Innovationen reichen Gebiets<\/em><\/h3>\n<p>In Mirandola, wo die Emilia ihre Hand nach Venetien und der Lombardei ausstreckt, wo die Familie Pico vierhundert Jahre lang \u00fcber ein Taschentuch Land herrschte, das als souver\u00e4ner Staat errichtet wurde, als Puffer zwischen dem Mantua der Gonzagas und dem Modena und Ferrara der Familie Este, und wo man auf ein verheerendes Erdbeben mit einer Steigerung des Exportwertes und des territorialen Bruttoinlandsprodukts reagierte, gibt es einen Mann, der eine mutige und wichtige Initiative ergriffen hat.<br \/>\nAlberto Nicolini, Mirandola DOC, geboren 1957, Gr\u00fcnder von Radio Pico vor f\u00fcnfundvierzig Jahren, ist in der Tat der Herausgeber und F\u00f6rderer des Portals distrettobiomedicale.it, dessen Zweck die Aufwertung des wichtigsten kontinentalen Distrikts der Produktion und Forschung von Ger\u00e4ten im biomedizinischen Bereich ist, der Hauptantagonist der \u00e4hnlichen Cluster von Minneapolis und Los Angeles, die zu erreichen, jedoch einen Ozean \u00fcberqueren muss.<\/p>\n<p><a href=\"https:\/\/swissfederalism.ch\/de\/innovabiomed-20-happenings-100-referenten-viel-networking\/\"><strong>&#8222;Innovabiomed&#8220;: 20 Happenings, 100 Referenten, viel Networking<\/strong><\/a><br \/>\n<a href=\"https:\/\/swissfederalism.ch\/en\/mirandolas-biomedical-world-excellence-of-europe\/\"><strong>&#8222;Mirandolas biomedizinische? Europas Weltspitze&#8220;<\/strong><\/a><br \/>\n<a href=\"https:\/\/swissfederalism.ch\/de\/die-biomedizinische-ausstellung-innovabiomed-in-verona-am-2-und-3-juli\/\"><strong>In Verona findet am 2. und 3. Juli die Biomedical von &#8222;Innovabiomed&#8220; statt<\/strong><\/a><\/p>\n<p>Buchhalter seit 1976, zwei Jahre sp\u00e4ter Freiberufler, Unternehmer und Vorstandsmitglied mehrerer Unternehmen seit 1986 (darunter ein Multi-Utility in der Emilia und mehrere, wichtige Fertigungsindustrien), Doktor in Wirtschaftswissenschaften und Business Management im Jahr 2015, Alberto Nicolini ist derzeit der kontrollierende Aktion\u00e4r einer Gruppe, die aus vier Unternehmen besteht und insgesamt f\u00fcnfundzwanzig Mitarbeiter besch\u00e4ftigt.<br \/>\nDie T\u00e4tigkeitsbereiche umfassen das Verlagswesen (drei Radiosender und die erw\u00e4hnten Fachpublikationen im biomedizinischen Bereich), Kommunikationsdienstleistungen, Pressestelle und Veranstaltungsorganisation sowie Networking-Aktivit\u00e4ten in der Europ\u00e4ischen Union, mit besonderem Schwerpunkt in den Marktgebieten Modena, Reggio nell&#8217;Emilia, Bologna, Ferrara, Mantova, Brescia, Verona, Vicenza, Padua, Rovigo und Trento, dort, wo in Italien das Unternehmertum sowohl Gesetz als auch Brauch ist.<br \/>\nWir haben ihn am Vorabend der zweiten Ausgabe von &#8222;Innovabiomed&#8220; interviewt, dem Netzwerkplatz f\u00fcr biomedizinische Innovation, der am 2. und 3. Juli im Kongresszentrum Palexpo in Verona zu Gast sein wird und der 2018 im selben Proscenium scaligero deb\u00fctierte&#8230;<\/p>\n<p><strong><a href=\"https:\/\/swissfederalism.ch\/de\/schweiz-liechtensteiner-pakt-fuer-wissenschaftliche-innovation\/\" data-title=\"\u00c8 patto Svizzera-Liechtenstein sull\u2019innovazione scientifica\">Schweiz-Liechtensteiner Pakt f\u00fcr wissenschaftliche Innovation<\/a><\/strong><br \/>\n<strong><a title=\"Berna, Zurigo e Argovia puntano sulla innovazione\u2026 fiscale\" href=\"https:\/\/swissfederalism.ch\/de\/bern-zuerich-und-aargau-setzen-auf-steuerliche-innovation\/\">Bern, Z\u00fcrich und Aargau setzen auf steuerliche Innovation<\/a><\/strong><\/p>\n<figure id=\"attachment_105357\" aria-describedby=\"caption-attachment-105357\" style=\"width: 781px\" class=\"wp-caption aligncenter\"><img decoding=\"async\" class=\"wp-image-105357 size-large\" src=\"https:\/\/swissfederalism.ch\/wp-content\/uploads\/2021\/06\/Pico1-781x1024.jpg\" alt=\"Il filosofo Giovanni Pico, appartenente alla famiglia degli allora conti della Mirandola, era considerato il proprio maestro da Ulrico Zwingli, padre sprituale della Svizzera moderna\" width=\"781\" height=\"1024\" srcset=\"https:\/\/swissfederalism.ch\/wp-content\/uploads\/2021\/06\/Pico1-781x1024.jpg 781w, https:\/\/swissfederalism.ch\/wp-content\/uploads\/2021\/06\/Pico1-229x300.jpg 229w, https:\/\/swissfederalism.ch\/wp-content\/uploads\/2021\/06\/Pico1-768x1007.jpg 768w, https:\/\/swissfederalism.ch\/wp-content\/uploads\/2021\/06\/Pico1-1172x1536.jpg 1172w, https:\/\/swissfederalism.ch\/wp-content\/uploads\/2021\/06\/Pico1.jpg 1447w\" sizes=\"(max-width: 781px) 100vw, 781px\" \/><figcaption id=\"caption-attachment-105357\" class=\"wp-caption-text\">Der Philosoph Giovanni Pico, der der Familie der Grafen von Mirandola angeh\u00f6rte, wurde von Ulrich Zwingli, dem geistigen Vater der modernen Schweiz, als sein Lehrer angesehen<\/figcaption><\/figure>\n<p><strong>Sie waren der Sch\u00f6pfer des Internetportals distrettobiomedicale.it und haben damit einen Aggregator f\u00fcr thematische Nachrichten \u00fcber den Industriecluster Mirandola geschaffen, den es vorher nicht gab. Was hat Sie dazu veranlasst, was ist seine Geschichte und welche langfristigen Ziele haben Sie?<\/strong><br \/>\n<em>&#8222;Im Jahr 2011 traf ich eine Delegation von F\u00fchrungskr\u00e4ften des russischen Milit\u00e4rgesundheitswesens und wurde als Herausgeber von &#8218;La Plastica della Vita&#8216;, dem Fachmagazin f\u00fcr den biomedizinischen Distrikt von Mirandola, vorgestellt. Als sie mich ganz nat\u00fcrlich und spontan fragten, was der biomedizinische Distrikt von Mirandola sei, wurde mir klar, dass eine kurze Antwort notwendigerweise einschr\u00e4nkend ist und dass es keine vollst\u00e4ndige Darstellung unserer industriellen Realit\u00e4t gibt. Ich sprach dar\u00fcber mit Dr. Mario Veronesi, der mir bei der Zeitung half, die den gleichen Namen trug wie sein Buch &#8222;La Plastica della Vita&#8220; (Das Plastik des Lebens), und schlug die Idee eines Webportals vor. Die Idee wurde mit einer grausamen Bemerkung im Dialekt abgeschossen, die ich Ihnen erspare. Ich gab nicht auf, und sobald er sah, dass das Projekt Gestalt annahm, erkannte er seine N\u00fctzlichkeit und wurde zu einem Bef\u00fcrworter, bis zu dem Punkt, dass er in Unternehmen herumging, um daf\u00fcr zu werben, wie man an den Fotos sehen kann, die wir in der Galerie der Website ver\u00f6ffentlichen. Jahre sp\u00e4ter sind die Ziele immer noch aktuell: Fachwissen und Investitionen anziehen, den Wert des biomedizinischen Distrikts Mirandola durch Neuigkeiten und M\u00f6glichkeiten der multidisziplin\u00e4ren Zusammenarbeit pr\u00e4sentieren, mit besonderem Augenmerk auf die Innovation&#8220;.<\/em><\/p>\n<p><strong>Bologna wird Elektro- und Elektronikschrott neues Leben einhauchen<\/strong><\/p>\n<figure id=\"attachment_103829\" aria-describedby=\"caption-attachment-103829\" style=\"width: 840px\" class=\"wp-caption aligncenter\"><img decoding=\"async\" class=\"wp-image-103829 size-large\" src=\"https:\/\/swissfederalism.ch\/wp-content\/uploads\/2021\/05\/Ledizione-2018-del-network-place-Innovabiomed-a-Verona-2-1024x683.jpeg\" alt=\"L'edizione 2018 del network place &quot;Innovabiomed&quot; a Verona\" width=\"840\" height=\"560\" srcset=\"https:\/\/swissfederalism.ch\/wp-content\/uploads\/2021\/05\/Ledizione-2018-del-network-place-Innovabiomed-a-Verona-2-1024x683.jpeg 1024w, https:\/\/swissfederalism.ch\/wp-content\/uploads\/2021\/05\/Ledizione-2018-del-network-place-Innovabiomed-a-Verona-2-300x200.jpeg 300w, https:\/\/swissfederalism.ch\/wp-content\/uploads\/2021\/05\/Ledizione-2018-del-network-place-Innovabiomed-a-Verona-2-768x512.jpeg 768w, https:\/\/swissfederalism.ch\/wp-content\/uploads\/2021\/05\/Ledizione-2018-del-network-place-Innovabiomed-a-Verona-2-1536x1024.jpeg 1536w, https:\/\/swissfederalism.ch\/wp-content\/uploads\/2021\/05\/Ledizione-2018-del-network-place-Innovabiomed-a-Verona-2.jpeg 1920w\" sizes=\"(max-width: 840px) 100vw, 840px\" \/><figcaption id=\"caption-attachment-103829\" class=\"wp-caption-text\">Die Ausgabe 2018 des Netzwerkplatzes &#8222;Innovabiomed&#8220; in Verona<\/figcaption><\/figure>\n<p><strong>Die Organisation eines Netzwerkplatzes in der Branche stellt f\u00fcr einen Unternehmer, der sich zuvor dem Verlagswesen und der Unternehmensberatung gewidmet hat, einen erheblichen Sprung in Qualit\u00e4t und Quantit\u00e4t dar. Was genau ist &#8222;Innovabiomed&#8220;, welche Perspektiven hat sie und warum haben Sie Verona als Standort gew\u00e4hlt?<\/strong><br \/>\n<em>&#8222;Die Idee einer Veranstaltung, die sich der Innovation f\u00fcr den biomedizinischen Sektor widmet, entstand aus der Zusammenarbeit mit der Medtech Italy, einer Messe, die 2013 und 2014 in Modena stattfand. Die deutschen Organisatoren hatten uns f\u00fcr die Kommunikation und das Presseb\u00fcro ausgew\u00e4hlt, aber als sie den Besitzer wechselten, wurde die Medtech Italy in die Medtech Europe in Stuttgart eingegliedert und somit w\u00e4re die Arbeit, die zwei Jahre lang mit der Veranstaltung in Modena geleistet wurde, verloren gegangen. Ich suchte nach den Managern von Democenter Modena, einer \u00f6ffentlichen Einrichtung, die mit Medtech Italy zusammengearbeitet hatte, und traf mich mit ihnen in der Technopole von Mirandola, um die Entwicklung eines gemeinsamen Projekts vorzuschlagen, aber das kam nicht zustande. Einige Monate sp\u00e4ter nahmen Marco Gibertoni (Mirandolas Manager in diesem Sektor) und Dr. Carlo Adami (ein Arzt aus Verona) Kontakt mit uns auf, um uns ihr Projekt vorzustellen, das bereits von Veronafiere genehmigt worden war und aus dem sp\u00e4ter &#8218;Innovabiomed&#8216;, die Netzwerkstelle f\u00fcr den biomedizinischen Sektor, werden sollte. Innovabiomed&#8216; widmet sich dem Treffen und der Konfrontation zwischen Experten in der Produktion von medizinischen Ger\u00e4ten, Fachleuten und Forschern im biomedizinischen Sektor, um verschiedene Disziplinen, F\u00e4higkeiten und Professionalit\u00e4t zu verbinden und so zum Wachstum eines Sektors beizutragen, der f\u00fcr das Land, also Italien, und f\u00fcr die Europ\u00e4ische Union von gr\u00f6\u00dfter Bedeutung ist&#8220;.<\/em><\/p>\n<p><a href=\"https:\/\/swissfederalism.ch\/de\/die-schweiz-wird-einen-ad-hoc-botschafter-fuer-die-wissenschaft\/\"><strong>Die Schweiz hat einen Ad-hoc-Botschafter f\u00fcr&#8230; Wissenschaft<\/strong><\/a><br \/>\n<a href=\"https:\/\/swissfederalism.ch\/de\/bundesrat-billigt-schweizer-green-fintech-netzwerk\/\"><strong>Ja des Bundesrates zum Schweizer &#8222;Green Fintech&#8220;-Netzwerk<\/strong><\/a><\/p>\n<p><iframe title=\"Conferenza Stampa Presentazione INNOVABIOMED 2021\" width=\"840\" height=\"473\" src=\"https:\/\/www.youtube.com\/embed\/2RvmHnILU4c?feature=oembed&#038;width=840&#038;height=1000&#038;discover=1\" frameborder=\"0\" allow=\"accelerometer; autoplay; clipboard-write; encrypted-media; gyroscope; picture-in-picture\" allowfullscreen><\/iframe><\/p>\n<p><strong>Das biomedizinische Viertel von Mirandola ist eine europ\u00e4ische Spitzenleistung in Analogie zu Los Angeles und Minneapolis, die allerdings auf der anderen Seite des Atlantiks liegen. Was sind seine St\u00e4rken, Schw\u00e4chen und was fehlt, um es weiter zu verbessern?<\/strong><br \/>\n<em>&#8222;Die wichtigsten St\u00e4rken sind meiner Meinung nach drei: 1) die enge Zusammenarbeit mit \u00c4rzten und Forschern; 2) der sehr hohe Standard an Fachwissen, der auf allen Ebenen im Produktionszyklus von Einwegger\u00e4ten und biomedizinischen Ausr\u00fcstungen verbreitet ist, wo gro\u00dfe Teams von Spezialisten in den Fabriken arbeiten, die heute multinationalen Unternehmen geh\u00f6ren, aber von Dr. Mario Veronesi, seinen Mitarbeitern und der ersten Generation von Managern, die zwischen den 70er und 90er Jahren gebildet wurden, gegr\u00fcndet wurden; 3) der gleiche Standard an Fachwissen, der bei den hochspezialisierten Zulieferern in der Region verbreitet ist, unverzichtbare Partner f\u00fcr Produkt- und Prozessinnovationen. Methode&#8216; beizubehalten und die kleinen und mittleren Unternehmen zu ermutigen, sich Europa und der Welt zu \u00f6ffnen, indem sie sich verpflichten, der Gesch\u00e4ftst\u00e4tigkeit in dem sehr heiklen historischen Moment des unvermeidlichen Generationswechsels innerhalb und au\u00dferhalb des famili\u00e4ren Umfelds Kontinuit\u00e4t zu verleihen&#8220;, um sich weiter zu verbessern.<\/em><\/p>\n<p><strong>Venetien ist Kandidat f\u00fcr den Sitz der EU-Beh\u00f6rde f\u00fcr die Bek\u00e4mpfung des Koronavirus<\/strong><\/p>\n<figure id=\"attachment_105346\" aria-describedby=\"caption-attachment-105346\" style=\"width: 840px\" class=\"wp-caption aligncenter\"><img decoding=\"async\" class=\"wp-image-105346 size-large\" src=\"https:\/\/swissfederalism.ch\/wp-content\/uploads\/2021\/06\/Nicolini-640x439@2x-1024x683.jpeg\" alt=\"Alberto Nicolini, co-organizzatore dell\u2019evento Innovabiomed ed editore di distrettobiomedicale.it, con il dottor Mario Veronesi, fondatore del pi\u00f9 importante cluster dell'industria e della ricerca biomedica in Europa\" width=\"840\" height=\"560\" srcset=\"https:\/\/swissfederalism.ch\/wp-content\/uploads\/2021\/06\/Nicolini-640x439@2x-1024x683.jpeg 1024w, https:\/\/swissfederalism.ch\/wp-content\/uploads\/2021\/06\/Nicolini-640x439@2x-300x200.jpeg 300w, https:\/\/swissfederalism.ch\/wp-content\/uploads\/2021\/06\/Nicolini-640x439@2x-768x512.jpeg 768w, https:\/\/swissfederalism.ch\/wp-content\/uploads\/2021\/06\/Nicolini-640x439@2x-1536x1024.jpeg 1536w, https:\/\/swissfederalism.ch\/wp-content\/uploads\/2021\/06\/Nicolini-640x439@2x.jpeg 1920w\" sizes=\"(max-width: 840px) 100vw, 840px\" \/><figcaption id=\"caption-attachment-105346\" class=\"wp-caption-text\">Alberto Nicolini, Mitorganisator der Innovabiomed-Veranstaltung und Herausgeber von distrettobiomedicale.it, mit Dr. Mario Veronesi, Gr\u00fcnder des wichtigsten Clusters f\u00fcr biomedizinische Industrie und Forschung in Europa<\/figcaption><\/figure>\n<p><strong>Sie sagen, Sie wurden von Mario Veronesi inspiriert, dem Vater des biomedizinischen Clusters sowie einem echten Seriengr\u00fcnder neuer Unternehmen. Was ist in Mirandola von seiner Lehre, allgemein im kollektiven Ged\u00e4chtnis geblieben, und was ist Ihre pers\u00f6nliche Inspirationsquelle?<\/strong><br \/>\n<em>&#8222;Die &#8218;Methode&#8216;, die ich bereits erw\u00e4hnt habe. Dr. Veronesi hat sich immer daf\u00fcr entschieden, Teams aus Spezialisten in ihren jeweiligen Fachgebieten zu bilden, und als ein Journalist ihn fragte, warum er seine Unternehmen immer in Mirandola gegr\u00fcndet habe, antwortete er: &#8218;Ich mag die Menschen in diesem Land. w\u00f6rtlich sogar in seiner Ungrammatik. Dann muss ich, um den Boden unter den F\u00fc\u00dfen zu behalten, hin und wieder schmunzeln, wenn ich daran denke, wie &#8218;farbig&#8216; die Kommentare des Doktors zu Dingen gewesen w\u00e4ren, die im Distrikt und vor allem bei mir passieren, wie dieses Interview&#8220;.<\/em><\/p>\n<blockquote class=\"twitter-tweet\">\n<p dir=\"ltr\" lang=\"it\">Si parla ancora di <a href=\"https:\/\/twitter.com\/hashtag\/Innovabiomed2018?src=hash&amp;ref_src=twsrc%5Etfw\">#Innovabiomed2018<\/a>. <a href=\"https:\/\/twitter.com\/hashtag\/RassegnaStampa?src=hash&amp;ref_src=twsrc%5Etfw\">#RassegnaStampa<\/a> <a href=\"https:\/\/twitter.com\/hashtag\/VeronaSette?src=hash&amp;ref_src=twsrc%5Etfw\">#VeronaSette<\/a> <a href=\"https:\/\/twitter.com\/pressVRfiere?ref_src=twsrc%5Etfw\">@pressVRfiere<\/a> <a href=\"https:\/\/t.co\/XcW8aF4SCa\">pic.twitter.com\/XcW8aF4SCa<\/a><\/p>\n<p>\u2014 Innovabiomed Official (@Innovabiomed) <a href=\"https:\/\/twitter.com\/Innovabiomed\/status\/961879520981766144?ref_src=twsrc%5Etfw\">February 9, 2018<\/a><\/p><\/blockquote>\n<p><script async src=\"https:\/\/platform.twitter.com\/widgets.js\" charset=\"utf-8\"><\/script><\/p>\n<p><strong>Ihre Gruppe hat in Partnerschaft mit anderen europ\u00e4ischen Realit\u00e4ten, die von der Technischen Universit\u00e4t Athen koordiniert werden, das Gemeinschaftsprojekt &#8222;ImPURE&#8220; gewonnen, das f\u00fcr den biomedizinischen Stadtteil Mirandola von gro\u00dfer Bedeutung ist. K\u00f6nnen Sie erkl\u00e4ren, worum es sich dabei handelt, welche Rolle Ihr Portal spielt und welche Ziele es verfolgt?<\/strong><br \/>\n<em>&#8222;Das Projekt imPURE ist eines der dreiundzwanzig Projekte, die im Rahmen des EU-Programms Horizon 2020 ausgew\u00e4hlt und finanziert wurden, um die Probleme anzugehen, die mit der Ausbreitung der COVID-19-Pandemie entstanden sind; insbesondere beinhaltet das Projekt die Schaffung einer Plattform f\u00fcr die Lieferkette, in die Unternehmen eingef\u00fcgt werden, die auf die verschiedenen Phasen der Produktion von biomedizinischen Ger\u00e4ten und Anlagen spezialisiert sind. Unserem Portal distrettobiomedicale.it wurde die Rolle des Netzwerkers zuerkannt, gerade wegen der Beziehungen und Kontakte, die in all den Jahren in der Branche entstanden sind. Nachdem wir dieses Projekt, das im Mai 2022 ausl\u00e4uft, erfolgreich abgeschlossen haben, werden wir versuchen, diese Erfahrung und die erworbenen Beziehungen zu nutzen, um andere zu entwickeln, wobei die Gesundheit immer im Mittelpunkt steht&#8220;.<\/em><\/p>\n<p><a href=\"https:\/\/swissfederalism.ch\/de\/andreas-voigt-in-appenzell-das-beste-aus-der-emilia-und-deutschland\/\"><strong>Andreas Voigt: &#8222;In Appenzell das Beste aus der Emilia und Deutschland&#8220;<\/strong><\/a><\/p>\n<p><iframe style=\"border: none; overflow: hidden;\" src=\"https:\/\/www.facebook.com\/plugins\/post.php?href=https%3A%2F%2Fwww.facebook.com%2Fdistrettobiomedicale%2Fposts%2F4037734353014254&amp;show_text=true&amp;width=500\" width=\"500\" height=\"363\" frameborder=\"0\" scrolling=\"no\" allowfullscreen=\"allowfullscreen\"><\/iframe><\/p>\n<p><strong>Was erwarten Sie von Ihren Mitarbeitern und welche Verhaltensweisen st\u00f6ren Sie am meisten bei anderen, besonders im Arbeits- oder Gesch\u00e4ftsumfeld?<\/strong><br \/>\n<em>&#8222;Ich denke, dass Ehrlichkeit, Engagement zur Verbesserung der eigenen F\u00e4higkeiten und Teamgeist notwendige Eigenschaften im Leben eines jeden Menschen sind, also auch bei der Arbeit. Die Haltungen, die mich am meisten st\u00f6ren, sind die derjenigen, die glauben machen wollen, dass sie etwas sind, was sie nicht sind, mit der Arroganz der Mittelm\u00e4\u00dfigen&#8220;.<\/em><\/p>\n<p><a href=\"https:\/\/swissfederalism.ch\/de\/die-schweizer-exportindustrie-setzt-auf-innovation\/\"><strong>So setzt die Schweizer Exportindustrie auf Innovation<\/strong><\/a><br \/>\n<a href=\"https:\/\/swissfederalism.ch\/de\/mehr-flexibilitaet-bei-der-foerderung-von-schweizer-innovationen\/\"><strong>Mehr Flexibilit\u00e4t bei der F\u00f6rderung von Schweizer Innovationen<\/strong><\/a><\/p>\n<figure id=\"attachment_105342\" aria-describedby=\"caption-attachment-105342\" style=\"width: 680px\" class=\"wp-caption aligncenter\"><img decoding=\"async\" class=\"wp-image-105342 size-large\" src=\"https:\/\/swissfederalism.ch\/wp-content\/uploads\/2021\/06\/Capannone_-_Mirandola_-_Province_of_Modena_-_2012_Northern_Italy_earthquake-680x1024.jpg\" alt=\"Un capannone danneggiato a Mirandola durante il sisma che colp\u00ec Emilia-Romagna, Veneto e Lombardia nel maggio-giugno 2012\" width=\"680\" height=\"1024\" srcset=\"https:\/\/swissfederalism.ch\/wp-content\/uploads\/2021\/06\/Capannone_-_Mirandola_-_Province_of_Modena_-_2012_Northern_Italy_earthquake-680x1024.jpg 680w, https:\/\/swissfederalism.ch\/wp-content\/uploads\/2021\/06\/Capannone_-_Mirandola_-_Province_of_Modena_-_2012_Northern_Italy_earthquake-199x300.jpg 199w, https:\/\/swissfederalism.ch\/wp-content\/uploads\/2021\/06\/Capannone_-_Mirandola_-_Province_of_Modena_-_2012_Northern_Italy_earthquake-768x1157.jpg 768w, https:\/\/swissfederalism.ch\/wp-content\/uploads\/2021\/06\/Capannone_-_Mirandola_-_Province_of_Modena_-_2012_Northern_Italy_earthquake-1020x1536.jpg 1020w, https:\/\/swissfederalism.ch\/wp-content\/uploads\/2021\/06\/Capannone_-_Mirandola_-_Province_of_Modena_-_2012_Northern_Italy_earthquake.jpg 1360w\" sizes=\"(max-width: 680px) 100vw, 680px\" \/><figcaption id=\"caption-attachment-105342\" class=\"wp-caption-text\">Ein Lagerhaus in Mirandola, das w\u00e4hrend des Erdbebens besch\u00e4digt wurde, das die Emilia-Romagna, Venetien und die Lombardei im Mai-Juni 2012 heimsuchte<\/figcaption><\/figure>\n<p><strong>Gibt es etwas, das Sie der lokalen, modenesischen und emilianischen herrschenden Klasse der Vergangenheit vorwerfen, in Bezug auf das Gebiet, in dem Sie leben? Und was fordert er von der aktuellen Politik?<\/strong><br \/>\n<em>&#8222;Unser Territorium wurde jahrzehntelang von den politischen F\u00fchrern der Provinz und der Region an den Rand gedr\u00e4ngt. Dann, wegen des Erdbebens 2012, erkannten sie die Wichtigkeit unserer Unternehmen und unserer F\u00e4higkeiten und sie versuchten, das wieder gutzumachen, obwohl wir nach neun Jahren immer noch keine ad\u00e4quate Infrastruktur haben und wir haben keine Ahnung, wann und ob wir sie jemals haben werden. Wir waren f\u00fcnfzig Jahre lang vor dem Erdbeben gut im Auskommen, und mein Eindruck ist, dass wir das auch weiterhin tun m\u00fcssen, trotz der Versprechungen. Wir sind trotz der Handicaps wettbewerbsf\u00e4hig und das kann in den regionalen Gebietsbilanzen ein Grund sein, weiter aufzuschieben&#8220;.<\/em><\/p>\n<p><a href=\"https:\/\/swissfederalism.ch\/de\/bologna-wird-der-dreh-und-angelpunkt-des-europaeischen-systems-fuer-ki-und-big-data-sein\/\"><strong>Bologna wird zum Dreh- und Angelpunkt des europ\u00e4ischen Systems f\u00fcr KI und Big Data<\/strong><\/a><\/p>\n<figure id=\"attachment_105353\" aria-describedby=\"caption-attachment-105353\" style=\"width: 840px\" class=\"wp-caption aligncenter\"><img decoding=\"async\" class=\"wp-image-105353 size-large\" src=\"https:\/\/swissfederalism.ch\/wp-content\/uploads\/2021\/06\/Mirandole_dans_la_Lombardie-1024x883.jpg\" alt=\"Le splendide mura fortificate di Mirandola nel 1704\" width=\"840\" height=\"724\" srcset=\"https:\/\/swissfederalism.ch\/wp-content\/uploads\/2021\/06\/Mirandole_dans_la_Lombardie-1024x883.jpg 1024w, https:\/\/swissfederalism.ch\/wp-content\/uploads\/2021\/06\/Mirandole_dans_la_Lombardie-300x259.jpg 300w, https:\/\/swissfederalism.ch\/wp-content\/uploads\/2021\/06\/Mirandole_dans_la_Lombardie-768x662.jpg 768w, https:\/\/swissfederalism.ch\/wp-content\/uploads\/2021\/06\/Mirandole_dans_la_Lombardie.jpg 1113w\" sizes=\"(max-width: 840px) 100vw, 840px\" \/><figcaption id=\"caption-attachment-105353\" class=\"wp-caption-text\">Die pr\u00e4chtigen Festungsmauern von Mirandola im Jahr 1704<\/figcaption><\/figure>\n<p><strong>Die Stra\u00dfen- und Bahninfrastrukturen rund um Mirandola werden oft kritisiert, vor allem im Hinblick auf die industrielle Entwicklung seit den 1960er Jahren. Wenn es stimmt, dass die Isolation es der Stadt erlaubte, als unabh\u00e4ngiger Staat vierhundert Jahre lang unter der Herrschaft der Familie Pico zu widerstehen, was w\u00fcrden Sie konkret tun, um die Stadt, die Sie geboren hat, und das Gebiet &#8222;des Ex-Herzogtums&#8220; wiederzubeleben?<\/strong><br \/>\n<em>&#8222;Wir k\u00f6nnen uns nicht beklagen, wenn wir selbst nicht in der Lage waren, politische Vertreter zu stellen, die in der Lage waren, angemessene Ergebnisse zu erzielen. Es scheint, dass der biomedizinische Bezirk Mirandola ein Wert ist, der nur uns B\u00fcrgern des &#8222;n\u00f6rdlichen Gebiets&#8220; der Provinz Modena geh\u00f6rt. Unserer Meinung nach ist es ein Wert Italiens und Europas und sollte auch als solcher eingefordert werden. Unser Herzogtum ist eine sch\u00f6ne Seite der Geschichte, auf die wir stolz sein sollten. Von unserem Pico della Mirandola, einem der gr\u00f6\u00dften Philosophen der Renaissance, m\u00f6chte ich diesen Satz in Erinnerung rufen: &#8222;Der Mensch ist das w\u00fcrdigste aller Lebewesen, denn er kann w\u00e4hlen, was er werden will. Er ist der Einzige auf der Erde, der kein bereits vorgezeichnetes Schicksal hat; er ist der Einzige, der die M\u00f6glichkeit in der Hand hat, sein Leben selbst zu gestalten&#8220;. Dieser Satz wurde von Sergio Marchionne (italienisch-kanadischer, aber Schweizer Staatsb\u00fcrger) in einer Rede zitiert, die er am 5. November 2010 in Mirandola hielt. Wir m\u00f6chten daran erinnern, dass der Radiosender, der vor genau f\u00fcnfundvierzig Jahren in Mirandola geboren wurde, Radio Pico hei\u00dft und weiterhin ein wesentlicher Bestandteil der Unternehmensgruppe ist, f\u00fcr die ich verantwortlich bin&#8220;.<\/em><\/p>\n<p><a href=\"https:\/\/swissfederalism.ch\/de\/26-milliarden-wert-aus-dem-zurich-innovation-park\/\"><strong>2,6 Milliarden Wert aus dem Innovationspark Z\u00fcrich<\/strong><\/a><\/p>\n<p><strong><a href=\"https:\/\/swissfederalism.ch\/wp-content\/uploads\/2021\/02\/BAK_Economics_Economic_Footprint_Switzerland_Innovation_Park_Zuerich.pdf\">Der Bericht &#8218;Economic Footprint Switzerland Innovation Park Zurich&#8216; BAK Economics\u00a0<\/a><\/strong><\/p>\n<figure id=\"attachment_105164\" aria-describedby=\"caption-attachment-105164\" style=\"width: 683px\" class=\"wp-caption aligncenter\"><img decoding=\"async\" class=\"wp-image-105164 size-large\" src=\"https:\/\/swissfederalism.ch\/wp-content\/uploads\/2021\/06\/Alberto_Nicolini-Foto-Ennevi-683x1024.jpg\" alt=\"Alberto Nicolini, co-organizzatore dell\u2019evento Innovabiomed (Foto Ennevi)\" width=\"683\" height=\"1024\" srcset=\"https:\/\/swissfederalism.ch\/wp-content\/uploads\/2021\/06\/Alberto_Nicolini-Foto-Ennevi-683x1024.jpg 683w, https:\/\/swissfederalism.ch\/wp-content\/uploads\/2021\/06\/Alberto_Nicolini-Foto-Ennevi-200x300.jpg 200w, https:\/\/swissfederalism.ch\/wp-content\/uploads\/2021\/06\/Alberto_Nicolini-Foto-Ennevi-768x1152.jpg 768w, https:\/\/swissfederalism.ch\/wp-content\/uploads\/2021\/06\/Alberto_Nicolini-Foto-Ennevi-1024x1536.jpg 1024w, https:\/\/swissfederalism.ch\/wp-content\/uploads\/2021\/06\/Alberto_Nicolini-Foto-Ennevi-1365x2048.jpg 1365w, https:\/\/swissfederalism.ch\/wp-content\/uploads\/2021\/06\/Alberto_Nicolini-Foto-Ennevi-scaled.jpg 1707w\" sizes=\"(max-width: 683px) 100vw, 683px\" \/><figcaption id=\"caption-attachment-105164\" class=\"wp-caption-text\">Alberto Nicolini, Mitorganisator der Innovabiomed-Veranstaltung und Herausgeber von distrettobiomedicale.it (Foto Ennevi).<\/figcaption><\/figure>\n<p><strong>Was denken Sie \u00fcber die Schweiz und wie gestaltet sich Ihre aktuelle Zusammenarbeit mit dem Mail\u00e4nder Generalkonsulat der Eidgenossenschaft? Sehen Sie pers\u00f6nliche oder gesch\u00e4ftliche M\u00f6glichkeiten in der Schweiz voraus?<\/strong><br \/>\n<em>&#8222;Die Schweiz ist ein Modell des F\u00f6deralismus, das funktioniert, und es ist schade, dass wir in unseren Medien nicht viel dar\u00fcber h\u00f6ren. Mit dem Konsulat von Mailand und insbesondere mit dem Swiss Business Hub haben wir genau aus diesem Grund interessante Kooperationsbeziehungen. Wir geben den Initiativen im biomedizinischen Sektor, die von Zeit zu Zeit in Italien vorgestellt werden, Sichtbarkeit und versuchen so, dem mangelnden Interesse der nationalen Presse an der Schweizerischen Eidgenossenschaft entgegenzuwirken&#8220;.<\/em><\/p>\n<p><a href=\"https:\/\/swissfederalism.ch\/de\/821-milliarden-chf-an-gesundheitsausgaben-in-der-schweiz\/\"><strong>In der Schweiz 82,1 Milliarden Franken an Gesundheitsausgaben<\/strong><\/a><\/p>\n<figure id=\"attachment_105204\" aria-describedby=\"caption-attachment-105204\" style=\"width: 840px\" class=\"wp-caption aligncenter\"><img decoding=\"async\" class=\"wp-image-105204 size-large\" src=\"https:\/\/swissfederalism.ch\/wp-content\/uploads\/2021\/06\/La-conferenza-stampa-di-presentazione-di-Innovabiomed-a-Verona-1024x683.jpeg\" alt=\"La conferenza stampa di presentazione di Innovabiomed a Verona\" width=\"840\" height=\"560\" srcset=\"https:\/\/swissfederalism.ch\/wp-content\/uploads\/2021\/06\/La-conferenza-stampa-di-presentazione-di-Innovabiomed-a-Verona-1024x683.jpeg 1024w, https:\/\/swissfederalism.ch\/wp-content\/uploads\/2021\/06\/La-conferenza-stampa-di-presentazione-di-Innovabiomed-a-Verona-300x200.jpeg 300w, https:\/\/swissfederalism.ch\/wp-content\/uploads\/2021\/06\/La-conferenza-stampa-di-presentazione-di-Innovabiomed-a-Verona-768x512.jpeg 768w, https:\/\/swissfederalism.ch\/wp-content\/uploads\/2021\/06\/La-conferenza-stampa-di-presentazione-di-Innovabiomed-a-Verona-1536x1024.jpeg 1536w, https:\/\/swissfederalism.ch\/wp-content\/uploads\/2021\/06\/La-conferenza-stampa-di-presentazione-di-Innovabiomed-a-Verona.jpeg 1920w\" sizes=\"(max-width: 840px) 100vw, 840px\" \/><figcaption id=\"caption-attachment-105204\" class=\"wp-caption-text\">Die Pressekonferenz zur Pr\u00e4sentation von Innovabiomed in Verona<\/figcaption><\/figure>\n<p><strong>Inwieweit ist die Schweiz in der Region Mirandola pr\u00e4sent, abgesehen von der j\u00fcngsten Investition der Tessiner Medacta in das Start-up Aferetica, das sich auf die Reinigung von Transplantationsorganen spezialisiert hat?<\/strong><br \/>\n<em>&#8222;Abgesehen von dem von Ihnen erw\u00e4hnten Fall, habe ich von einigen nicht-allt\u00e4glichen Kooperationen in verschiedenen klinischen Bereichen geh\u00f6rt. Es gab zum Beispiel wissenschaftliche Kongresse in Asien, bei denen ein bedeutendes Schweizer Unternehmen und ein mittelst\u00e4ndisches Unternehmen aus dem Landkreis mit gro\u00dfem Erfolg gemeinsam auftraten. Aus offensichtlichen Gr\u00fcnden der Vertraulichkeit kann ich nicht mehr sagen, aber ich glaube, dass es in Zukunft interessante strategische Entwicklungen geben kann. In dieser Hinsicht sind Momente der Begegnung immer sinnvoller, und hier kommen wir wieder auf die Bedeutung unseres &#8222;Netzwerkplatzes&#8220; Innovabiomed zur\u00fcck. Lassen Sie uns in einem Jahr wieder zusammenkommen, um dar\u00fcber zu sprechen, und Sie werden sehen, dass der Bezirk der kleinen Stadt Pico und der europ\u00e4ische Netzwerkplatz &#8218;Innovabiomed&#8216; die Erwartungen erf\u00fcllt haben werden&#8230;&#8220;.<\/em><\/p>\n<p><a href=\"https:\/\/swissfederalism.ch\/de\/nicola-zanni-in-zug-bekommt-man-alles-wenn-man-will-und-hart-arbeitet\/\"><strong>Nicola Zanni: &#8222;Wenn man in Zug will und hart arbeitet, bekommt man alles&#8220;<\/strong><\/a><\/p>\n<p><iframe title=\"WEBINAR \u201cOLTRE L\u2019EMERGENZA\u201d\" width=\"840\" height=\"473\" src=\"https:\/\/www.youtube.com\/embed\/_UQe1SFyIto?feature=oembed&#038;width=840&#038;height=1000&#038;discover=1\" frameborder=\"0\" allow=\"accelerometer; autoplay; clipboard-write; encrypted-media; gyroscope; picture-in-picture\" allowfullscreen><\/iframe><\/p>\n<figure id=\"attachment_103837\" aria-describedby=\"caption-attachment-103837\" style=\"width: 840px\" class=\"wp-caption aligncenter\"><img decoding=\"async\" class=\"wp-image-103837 size-large\" src=\"https:\/\/swissfederalism.ch\/wp-content\/uploads\/2021\/05\/Ledizione-2018-del-network-place-Innovabiomed-a-Verona-4-1024x683.jpeg\" alt=\"L'edizione 2018 del network place &quot;Innovabiomed&quot; a Verona\" width=\"840\" height=\"560\" srcset=\"https:\/\/swissfederalism.ch\/wp-content\/uploads\/2021\/05\/Ledizione-2018-del-network-place-Innovabiomed-a-Verona-4-1024x683.jpeg 1024w, https:\/\/swissfederalism.ch\/wp-content\/uploads\/2021\/05\/Ledizione-2018-del-network-place-Innovabiomed-a-Verona-4-300x200.jpeg 300w, https:\/\/swissfederalism.ch\/wp-content\/uploads\/2021\/05\/Ledizione-2018-del-network-place-Innovabiomed-a-Verona-4-768x512.jpeg 768w, https:\/\/swissfederalism.ch\/wp-content\/uploads\/2021\/05\/Ledizione-2018-del-network-place-Innovabiomed-a-Verona-4-1536x1024.jpeg 1536w, https:\/\/swissfederalism.ch\/wp-content\/uploads\/2021\/05\/Ledizione-2018-del-network-place-Innovabiomed-a-Verona-4.jpeg 1920w\" sizes=\"(max-width: 840px) 100vw, 840px\" \/><figcaption id=\"caption-attachment-103837\" class=\"wp-caption-text\">Die Ausgabe 2018 des Netzwerkplatzes &#8222;Innovabiomed&#8220; in Verona<\/figcaption><\/figure>\n","protected":false},"excerpt":{"rendered":"<p>Der Herausgeber von distrettobiomedicale.it und Mitorganisator von &#8222;Innovabiomed&#8220; in den Geheimnissen eines geschichtstr\u00e4chtigen wie auch an gro\u00dfen Innovationen reichen Gebiets<\/p>\n","protected":false},"author":2,"featured_media":105341,"comment_status":"open","ping_status":"closed","sticky":false,"template":"","format":"standard","meta":{"footnotes":""},"categories":[304,309,290,311,211],"tags":[870,583,507,863,521,1047,661,671,743,540,454,864,508,409],"class_list":["post-109235","post","type-post","status-publish","format-standard","has-post-thumbnail","hentry","category-geschichte","category-highlights","category-italien","category-wirtschaft","category-zeitschrift","tag-burocrazia-de","tag-einkommen","tag-emilia-romagna-de","tag-gesellschaften","tag-gesundheit","tag-gesundheitswesen","tag-italien","tag-kommunikation","tag-kultur-2","tag-kultur","tag-tech-de","tag-unternehmen","tag-venetien","tag-wissenschaft"],"_links":{"self":[{"href":"https:\/\/swissfederalism.ch\/de\/wp-json\/wp\/v2\/posts\/109235","targetHints":{"allow":["GET"]}}],"collection":[{"href":"https:\/\/swissfederalism.ch\/de\/wp-json\/wp\/v2\/posts"}],"about":[{"href":"https:\/\/swissfederalism.ch\/de\/wp-json\/wp\/v2\/types\/post"}],"author":[{"embeddable":true,"href":"https:\/\/swissfederalism.ch\/de\/wp-json\/wp\/v2\/users\/2"}],"replies":[{"embeddable":true,"href":"https:\/\/swissfederalism.ch\/de\/wp-json\/wp\/v2\/comments?post=109235"}],"version-history":[{"count":2,"href":"https:\/\/swissfederalism.ch\/de\/wp-json\/wp\/v2\/posts\/109235\/revisions"}],"predecessor-version":[{"id":109237,"href":"https:\/\/swissfederalism.ch\/de\/wp-json\/wp\/v2\/posts\/109235\/revisions\/109237"}],"wp:featuredmedia":[{"embeddable":true,"href":"https:\/\/swissfederalism.ch\/de\/wp-json\/wp\/v2\/media\/105341"}],"wp:attachment":[{"href":"https:\/\/swissfederalism.ch\/de\/wp-json\/wp\/v2\/media?parent=109235"}],"wp:term":[{"taxonomy":"category","embeddable":true,"href":"https:\/\/swissfederalism.ch\/de\/wp-json\/wp\/v2\/categories?post=109235"},{"taxonomy":"post_tag","embeddable":true,"href":"https:\/\/swissfederalism.ch\/de\/wp-json\/wp\/v2\/tags?post=109235"}],"curies":[{"name":"wp","href":"https:\/\/api.w.org\/{rel}","templated":true}]}}