{"id":109132,"date":"2021-06-13T00:03:49","date_gmt":"2021-06-13T00:03:49","guid":{"rendered":"https:\/\/swissfederalism.ch\/in-strasbourg-switzerland-is-for-the-protection-of-journalists\/"},"modified":"2021-06-23T08:58:57","modified_gmt":"2021-06-23T08:58:57","slug":"in-strassburg-ist-die-schweiz-fuer-den-schutz-von-journalisten","status":"publish","type":"post","link":"https:\/\/swissfederalism.ch\/de\/in-strassburg-ist-die-schweiz-fuer-den-schutz-von-journalisten\/","title":{"rendered":"In Stra\u00dfburg ist die Schweiz f\u00fcr den Schutz von Journalisten"},"content":{"rendered":"<h1>In Stra\u00dfburg ist die Schweiz f\u00fcr den Schutz von Journalisten<\/h1>\n<h3><em>Bundesr\u00e4tin Simonetta Sommaruga informierte die Minister des Europarates \u00fcber einen nationalen Aktionsplan zum Schutz der Medienarbeit<\/em><\/h3>\n<p>Bundesr\u00e4tin Simonetta Sommaruga ist besorgt \u00fcber die sich verschlechternden Arbeitsbedingungen f\u00fcr Journalisten.<br \/>\nAnl\u00e4sslich der Virtuellen Ministerkonferenz des Europarates zu Medien und Informationsgesellschaft am 11. Juni 2021 betonte die Ministerin die Bereitschaft der Schweiz, dieser Entwicklung Einhalt zu gebieten und Massnahmen zur St\u00e4rkung der Meinungs- und Medienfreiheit in Europa zu unterst\u00fctzen.<br \/>\n&#8222;Angriffe auf Medienschaffende und Straflosigkeit f\u00fcr solche Verbrechen sollten als Angriffe auf die Demokratie selbst betrachtet werden&#8220;, sagte die Bundesr\u00e4tin in ihrer Ansprache.<\/p>\n<p><strong><a title=\"Ignazio Cassis al Consiglio d\u2019Europa per i diritti digitali\" href=\"https:\/\/swissfederalism.ch\/de\/ignazio-cassis-beim-europarat-fuer-digitale-rechte\/\" target=\"_blank\" rel=\"noopener\">Ignazio Cassis beim Europarat f\u00fcr digitale Rechte<\/a><\/strong><\/p>\n<p><iframe title=\"La Suisse s\u2019engage en faveur de la protection des professionnels des m\u00e9dias\" width=\"840\" height=\"473\" src=\"https:\/\/www.youtube.com\/embed\/XqfA43C36cI?feature=oembed&#038;width=840&#038;height=1000&#038;discover=1\" frameborder=\"0\" allow=\"accelerometer; autoplay; clipboard-write; encrypted-media; gyroscope; picture-in-picture\" allowfullscreen><\/iframe><\/p>\n<h4>Central role of the media in a democratic society<\/h4>\n<p>Simonetta Sommaruga emphasized the central role played by journalists in a true democratic society, criticizing the worsening of their situation during the pandemic in Europe.<br \/>\nIn line with the recommendations of the Council of Europe, she announced Switzerland&#8217;s intention to develop a national action plan for the protection of journalists.<br \/>\nHe also paid tribute to the important work of the Council of Europe in favor of freedom of expression and media in the digital age.<br \/>\nDuring the conference, titled &#8222;Artificial Intelligence &#8211; Intelligent Politics,&#8220; ministers from the 47 member states of the Council of Europe discussed changes in the media landscape due to digitization.<\/p>\n<p><strong><a title=\"Dibattiti su Web e digitalizzazione al prossimo \u201cSwiss IGF\u201d\" href=\"https:\/\/swissfederalism.ch\/de\/debatten-ueber-das-web-und-die-digitalisierung-auf-dem-naechsten-swiss-igf\/\" target=\"_blank\" rel=\"noopener\">Debatten \u00fcber das Web und die Digitalisierung auf dem n\u00e4chsten &#8222;Swiss IGF&#8220;<\/a><\/strong><\/p>\n<figure id=\"attachment_96307\" aria-describedby=\"caption-attachment-96307\" style=\"width: 840px\" class=\"wp-caption aligncenter\"><img decoding=\"async\" class=\"wp-image-96307 size-large\" src=\"https:\/\/swissfederalism.ch\/wp-content\/uploads\/2020\/11\/newsfeed-1024x683.jpg\" alt=\"Un giornale posato su un computer portatile, sorgente di Internet e notizie elettroniche online\" width=\"840\" height=\"560\" srcset=\"https:\/\/swissfederalism.ch\/wp-content\/uploads\/2020\/11\/newsfeed-1024x683.jpg 1024w, https:\/\/swissfederalism.ch\/wp-content\/uploads\/2020\/11\/newsfeed-300x200.jpg 300w, https:\/\/swissfederalism.ch\/wp-content\/uploads\/2020\/11\/newsfeed-768x512.jpg 768w, https:\/\/swissfederalism.ch\/wp-content\/uploads\/2020\/11\/newsfeed-1536x1024.jpg 1536w, https:\/\/swissfederalism.ch\/wp-content\/uploads\/2020\/11\/newsfeed.jpg 1920w\" sizes=\"(max-width: 840px) 100vw, 840px\" \/><figcaption id=\"caption-attachment-96307\" class=\"wp-caption-text\">Eine Zeitung, die auf einem Laptop liegt, Internetquelle und elektronische Nachrichten online<\/figcaption><\/figure>\n<h4>Eine Erkl\u00e4rung und vier Resolutionen zum Thema Internet und KI<\/h4>\n<p>Zum Abschluss der Beratungen verabschiedeten die Minister eine Deklaration und vier Resolutionen zum Einsatz von k\u00fcnstlicher Intelligenz und zur Schl\u00fcsselrolle von Internetvermittlern im Medienbereich, zur Sicherheit von Journalisten und zu den Auswirkungen der Pandemie COVID-19 auf die Meinungsfreiheit.<br \/>\nDie Ministerkonferenz wurde vom Steering Committee on Media and Information Society (CDMSI) des Europarats organisiert, in dem die Schweiz durch das Bundesamt f\u00fcr Kommunikation vertreten ist.<br \/>\nDie Schweiz ist bekanntlich 1963 dem Europarat beigetreten, vierzehn Jahre nach dessen Gr\u00fcndung.<br \/>\nDer Europarat ist eine paneurop\u00e4ische Organisation, in der 47 Staaten Mitglied sind.<\/p>\n<p><strong><a title=\"L\u2019agenzia di promozione Innosuisse ha un bilancio positivo\" href=\"https:\/\/swissfederalism.ch\/de\/die-promotionsagentur-innosuisse-hat-eine-positive-bilanz\/\" target=\"_blank\" rel=\"noopener\">Die Promotionsagentur Innosuisse hat eine positive Bilanz<\/a><\/strong><\/p>\n<figure id=\"attachment_105154\" aria-describedby=\"caption-attachment-105154\" style=\"width: 840px\" class=\"wp-caption aligncenter\"><img decoding=\"async\" class=\"wp-image-105154 size-large\" src=\"https:\/\/swissfederalism.ch\/wp-content\/uploads\/2021\/06\/Simonetta-Sommaruga-1024x683.jpeg\" alt=\"La Consigliera Federale della Svizzera Simonetta Sommaruga\" width=\"840\" height=\"560\" srcset=\"https:\/\/swissfederalism.ch\/wp-content\/uploads\/2021\/06\/Simonetta-Sommaruga-1024x683.jpeg 1024w, https:\/\/swissfederalism.ch\/wp-content\/uploads\/2021\/06\/Simonetta-Sommaruga-300x200.jpeg 300w, https:\/\/swissfederalism.ch\/wp-content\/uploads\/2021\/06\/Simonetta-Sommaruga-768x512.jpeg 768w, https:\/\/swissfederalism.ch\/wp-content\/uploads\/2021\/06\/Simonetta-Sommaruga-1536x1024.jpeg 1536w, https:\/\/swissfederalism.ch\/wp-content\/uploads\/2021\/06\/Simonetta-Sommaruga.jpeg 1920w\" sizes=\"(max-width: 840px) 100vw, 840px\" \/><figcaption id=\"caption-attachment-105154\" class=\"wp-caption-text\">Bundesr\u00e4tin der Schweiz Simonetta Sommaruga<\/figcaption><\/figure>\n","protected":false},"excerpt":{"rendered":"<p>Bundesr\u00e4tin Simonetta Sommaruga informierte die Minister des Europarates \u00fcber einen nationalen Aktionsplan zum Schutz der Medienarbeit<\/p>\n","protected":false},"author":7,"featured_media":105153,"comment_status":"open","ping_status":"closed","sticky":false,"template":"","format":"standard","meta":{"footnotes":""},"categories":[278,309,307,295,211],"tags":[1050,671,1057,668,454],"class_list":["post-109132","post","type-post","status-publish","format-standard","has-post-thumbnail","hentry","category-europa-de","category-highlights","category-politik","category-schweiz","category-zeitschrift","tag-diplomatie","tag-kommunikation","tag-media-en-de","tag-sicherheit","tag-tech-de"],"_links":{"self":[{"href":"https:\/\/swissfederalism.ch\/de\/wp-json\/wp\/v2\/posts\/109132","targetHints":{"allow":["GET"]}}],"collection":[{"href":"https:\/\/swissfederalism.ch\/de\/wp-json\/wp\/v2\/posts"}],"about":[{"href":"https:\/\/swissfederalism.ch\/de\/wp-json\/wp\/v2\/types\/post"}],"author":[{"embeddable":true,"href":"https:\/\/swissfederalism.ch\/de\/wp-json\/wp\/v2\/users\/7"}],"replies":[{"embeddable":true,"href":"https:\/\/swissfederalism.ch\/de\/wp-json\/wp\/v2\/comments?post=109132"}],"version-history":[{"count":2,"href":"https:\/\/swissfederalism.ch\/de\/wp-json\/wp\/v2\/posts\/109132\/revisions"}],"predecessor-version":[{"id":109134,"href":"https:\/\/swissfederalism.ch\/de\/wp-json\/wp\/v2\/posts\/109132\/revisions\/109134"}],"wp:featuredmedia":[{"embeddable":true,"href":"https:\/\/swissfederalism.ch\/de\/wp-json\/wp\/v2\/media\/105153"}],"wp:attachment":[{"href":"https:\/\/swissfederalism.ch\/de\/wp-json\/wp\/v2\/media?parent=109132"}],"wp:term":[{"taxonomy":"category","embeddable":true,"href":"https:\/\/swissfederalism.ch\/de\/wp-json\/wp\/v2\/categories?post=109132"},{"taxonomy":"post_tag","embeddable":true,"href":"https:\/\/swissfederalism.ch\/de\/wp-json\/wp\/v2\/tags?post=109132"}],"curies":[{"name":"wp","href":"https:\/\/api.w.org\/{rel}","templated":true}]}}